{"id":228153,"date":"2025-12-09T09:58:17","date_gmt":"2025-12-09T14:58:17","guid":{"rendered":"https:\/\/www.cuballama.com\/noticias\/?p=228153"},"modified":"2025-12-09T09:58:19","modified_gmt":"2025-12-09T14:58:19","slug":"flor-de-cuba-regresa-a-vivir-a-miami-yo-no-vine-a-este-pais-a-hacer-amigos","status":"publish","type":"post","link":"https:\/\/www.cuballama.com\/noticias\/flor-de-cuba-regresa-a-vivir-a-miami-yo-no-vine-a-este-pais-a-hacer-amigos\/","title":{"rendered":"Flor de Cuba regresa a vivir a Miami: \u201cYo no vine a este pa\u00eds a hacer amigos\u201d"},"content":{"rendered":"\n<p>El mapa personal de Flor de Cuba volvi\u00f3 a moverse. Tras varios a\u00f1os instalada en Kentucky, la creadora de contenido decidi\u00f3 cerrar esa etapa y comenzar otra en Miami, una ciudad que, seg\u00fan cont\u00f3 a sus seguidores, la recibe con ilusi\u00f3n, cansancio y un desorden monumental t\u00edpico de quien acaba de aterrizar en un nuevo hogar.<\/p>\n\n\n\n<p>La influencer comparti\u00f3 un video que resume ese primer impacto de llegada. Sale con la mirada ojerosa, pero con la chispa que la caracteriza, explicando que casi no hab\u00eda dormido entre el tramo por carretera y el vuelo. \u201cEl que ha vivido una mudanza sabe todo lo que lleva y todo el cansancio y agotamiento\u201d, brome\u00f3, dejando claro que el humor nunca la abandona, ni siquiera en medio del caos.<\/p>\n\n\n\n<p>Apenas puso un pie en la llamada Ciudad del Sol, tuvo que lanzarse a comprar lo indispensable. Aunque la casa est\u00e1 amueblada, faltaban utensilios b\u00e1sicos, y ella misma lo describi\u00f3 con una frase bien gr\u00e1fica: \u201cTengo la casa virada para atr\u00e1s\u201d. En el video se ven cajas abiertas por todas partes, bolsitas improvisadas y esa mezcla de entusiasmo y agotamiento que acompa\u00f1a los comienzos.<\/p>\n\n\n\n<figure class=\"wp-block-embed is-type-video is-provider-tiktok wp-block-embed-tiktok\"><div class=\"wp-block-embed__wrapper\">\n<blockquote class=\"tiktok-embed\" cite=\"https:\/\/www.tiktok.com\/@una_flor_oficial\/video\/7580567732387663117\" data-video-id=\"7580567732387663117\" data-embed-from=\"oembed\" style=\"max-width:605px; min-width:325px;\"> <section> <a target=\"_blank\" title=\"@una_flor_oficial\" href=\"https:\/\/www.tiktok.com\/@una_flor_oficial?refer=embed\">@una_flor_oficial<\/a> <p>Hola Miami \ud83d\udc4b Quien quiere house tour? <a title=\"miamigirl\" target=\"_blank\" href=\"https:\/\/www.tiktok.com\/tag\/miamigirl?refer=embed\">#miamigirl<\/a> <a title=\"cubanosenmiami\" target=\"_blank\" href=\"https:\/\/www.tiktok.com\/tag\/cubanosenmiami?refer=embed\">#cubanosenmiami<\/a> <a title=\"newhome\" target=\"_blank\" href=\"https:\/\/www.tiktok.com\/tag\/newhome?refer=embed\">#newhome<\/a> <a title=\"housetour\" target=\"_blank\" href=\"https:\/\/www.tiktok.com\/tag\/housetour?refer=embed\">#housetour<\/a> <a title=\"laflordecuba\" target=\"_blank\" href=\"https:\/\/www.tiktok.com\/tag\/laflordecuba?refer=embed\">#laflordecuba<\/a> <\/p> <a target=\"_blank\" title=\"\u266c sonido original - La Flor de Cuba \ud83c\udde8\ud83c\uddfa\" href=\"https:\/\/www.tiktok.com\/music\/sonido-original-7580567952106326798?refer=embed\">\u266c sonido original &#8211; La Flor de Cuba \ud83c\udde8\ud83c\uddfa<\/a> <\/section> <\/blockquote> <script async src=\"https:\/\/www.tiktok.com\/embed.js\"><\/script>\n<\/div><\/figure>\n\n\n\n<p>Pero detr\u00e1s de la mudanza hay emociones m\u00e1s densas. Flor habl\u00f3 desde un lugar muy \u00edntimo sobre lo que signific\u00f3 dejar Kentucky, donde dio sus primeros pasos como empresaria en Estados Unidos y donde, como dijo, naci\u00f3 otra versi\u00f3n de s\u00ed misma. \u201cLlor\u00e9 cuando iba a venir, por todo lo que crec\u00ed en Kentucky, por todo lo que dej\u00e9, las amistades, la Flor que naci\u00f3 all\u00ed\u201d, confes\u00f3.<\/p>\n\n\n\n<p>Sin embargo, la creadora tiene claro por qu\u00e9 hace lo que hace. \u201cYo vine a este pa\u00eds no a hacer amigos, sino a superarme, porque tengo mis hijos en Cuba que necesitan de una madre exitosa y una familia que depende de m\u00ed\u201d. All\u00ed est\u00e1 el centro emocional de toda su ruta: la maternidad a distancia, ese motor que la empuja, como a tantas madres cubanas en el exterior.<\/p>\n\n\n\n<p><strong>Lea m\u00e1s: <a href=\"https:\/\/www.cuballama.com\/noticias\/llegue-a-este-pais-con-200-dolares-flor-de-cuba-genera-1-millon-de-dolares-con-tiktok-shop-y-rompe-a-llorar-de-felicidad\/\" target=\"_blank\" rel=\"noreferrer noopener\">\u201cLlegu\u00e9 a este pa\u00eds con 200 d\u00f3lares\u201d: Flor de Cuba genera 1 mill\u00f3n de d\u00f3lares con TikTok Shop y rompe a llorar de felicidad<\/a><\/strong><\/p>\n\n\n\n<p>La decisi\u00f3n de mudarse a Miami no fue improvisada. Flor revel\u00f3 que tiene ofertas de trabajo \u201cmuy importantes\u201d que no piensa dejar pasar. El sur de la Florida, con su efervescencia de creadores, negocios digitales y oportunidades para latinos, aparece como el escenario l\u00f3gico para su crecimiento profesional.<\/p>\n\n\n\n<figure class=\"wp-block-embed is-type-video is-provider-tiktok wp-block-embed-tiktok\"><div class=\"wp-block-embed__wrapper\">\n<blockquote class=\"tiktok-embed\" cite=\"https:\/\/www.tiktok.com\/@una_flor_oficial\/video\/7580989755706412302\" data-video-id=\"7580989755706412302\" data-embed-from=\"oembed\" style=\"max-width:605px; min-width:325px;\"> <section> <a target=\"_blank\" title=\"@una_flor_oficial\" href=\"https:\/\/www.tiktok.com\/@una_flor_oficial?refer=embed\">@una_flor_oficial<\/a> <p>Un d\u00eda en mi vida como creadora de contenido trabajando desde casa \ud83e\uddd1\u200d\ud83d\udcbb desde Miami \ud83c\uddfa\ud83c\uddf8  <a title=\"onedayinmylife\" target=\"_blank\" href=\"https:\/\/www.tiktok.com\/tag\/onedayinmylife?refer=embed\">#onedayinmylife<\/a> <a title=\"vlog\" target=\"_blank\" href=\"https:\/\/www.tiktok.com\/tag\/vlog?refer=embed\">#vlog<\/a> <a title=\"vloglife\" target=\"_blank\" href=\"https:\/\/www.tiktok.com\/tag\/vloglife?refer=embed\">#vloglife<\/a> <a title=\"miamilife\" target=\"_blank\" href=\"https:\/\/www.tiktok.com\/tag\/miamilife?refer=embed\">#miamilife<\/a> <a title=\"laflordecuba\" target=\"_blank\" href=\"https:\/\/www.tiktok.com\/tag\/laflordecuba?refer=embed\">#laflordecuba<\/a> <\/p> <a target=\"_blank\" title=\"\u266c sonido original - La Flor de Cuba \ud83c\udde8\ud83c\uddfa\" href=\"https:\/\/www.tiktok.com\/music\/sonido-original-7580989868953193229?refer=embed\">\u266c sonido original &#8211; La Flor de Cuba \ud83c\udde8\ud83c\uddfa<\/a> <\/section> <\/blockquote> <script async src=\"https:\/\/www.tiktok.com\/embed.js\"><\/script>\n<\/div><\/figure>\n\n\n\n<p>La noticia de su llegada activ\u00f3 de inmediato a su comunidad digital. Cientos de seguidores la recibieron con mensajes de cari\u00f1o, palabras de aliento y aplausos a su perseverancia. Muchos le dieron la bienvenida a la ciudad, record\u00e1ndole que en Miami abundan las historias de reinicio, y que la suya apenas comienza a escribir un nuevo cap\u00edtulo.<\/p>\n\n\n\n<p>Por ahora, Flor sigue desempacando, acomodando y peleando con el cansancio. Queda por ver c\u00f3mo se reconfigura su contenido, su vida y su identidad en esta nueva ciudad donde tantos cubanos han reinventado sus sue\u00f1os.<\/p>\n","protected":false},"excerpt":{"rendered":"<p>Tras varios a\u00f1os instalada en Kentucky, la creadora de contenido decidi\u00f3 cerrar esa etapa y comenzar otra en Miami<\/p>\n","protected":false},"author":27,"featured_media":228177,"comment_status":"open","ping_status":"closed","sticky":false,"template":"","format":"standard","meta":{"_acf_changed":false,"footnotes":""},"categories":[443],"tags":[11050,28773,14245],"class_list":{"0":"post-228153","1":"post","2":"type-post","3":"status-publish","4":"format-standard","5":"has-post-thumbnail","7":"category-farandula","8":"tag-cubanos-en-miami","9":"tag-flor-de-cuba","10":"tag-influencer-cubana"},"acf":[],"yoast_head":"<!-- This site is optimized with the Yoast SEO plugin v27.4 - https:\/\/yoast.com\/product\/yoast-seo-wordpress\/ -->\n<title>Flor de Cuba regresa a vivir a Miami: \u201cYo no vine a este pa\u00eds a hacer amigos\u201d - Cuballama Noticias<\/title>\n<meta name=\"description\" content=\"Tras varios a\u00f1os instalada en Kentucky, la creadora de contenido Flor de Cuba decidi\u00f3 cerrar esa etapa y comenzar otra en Miami\" \/>\n<meta name=\"robots\" content=\"index, follow, max-snippet:-1, max-image-preview:large, max-video-preview:-1\" \/>\n<link rel=\"canonical\" href=\"https:\/\/www.cuballama.com\/noticias\/flor-de-cuba-regresa-a-vivir-a-miami-yo-no-vine-a-este-pais-a-hacer-amigos\/\" \/>\n<meta property=\"og:locale\" content=\"es_ES\" \/>\n<meta property=\"og:type\" content=\"article\" \/>\n<meta property=\"og:title\" content=\"Flor de Cuba regresa a vivir a Miami: \u201cYo no vine a este pa\u00eds a hacer amigos\u201d - Cuballama Noticias\" \/>\n<meta property=\"og:description\" content=\"Tras varios a\u00f1os instalada en Kentucky, la creadora de contenido Flor de Cuba decidi\u00f3 cerrar esa etapa y comenzar otra en Miami\" \/>\n<meta property=\"og:url\" content=\"https:\/\/www.cuballama.com\/noticias\/flor-de-cuba-regresa-a-vivir-a-miami-yo-no-vine-a-este-pais-a-hacer-amigos\/\" \/>\n<meta property=\"og:site_name\" content=\"Cuballama Noticias\" \/>\n<meta property=\"article:publisher\" content=\"https:\/\/www.facebook.com\/CubaLlama\" \/>\n<meta property=\"article:published_time\" content=\"2025-12-09T14:58:17+00:00\" \/>\n<meta property=\"article:modified_time\" content=\"2025-12-09T14:58:19+00:00\" \/>\n<meta property=\"og:image\" content=\"https:\/\/cdn1.mediawpaccore.net\/wp-content\/uploads\/2025\/12\/09095351\/Captura-de-pantalla-2025-12-09-a-las-15.53.35.png\" \/>\n\t<meta property=\"og:image:width\" content=\"1344\" \/>\n\t<meta property=\"og:image:height\" content=\"854\" \/>\n\t<meta property=\"og:image:type\" content=\"image\/png\" \/>\n<meta name=\"author\" content=\"Rafa\" \/>\n<meta name=\"twitter:card\" content=\"summary_large_image\" \/>\n<meta name=\"twitter:creator\" content=\"@cuballama\" \/>\n<meta name=\"twitter:site\" content=\"@cuballama\" \/>\n<meta name=\"twitter:label1\" content=\"Escrito por\" \/>\n\t<meta name=\"twitter:data1\" content=\"Rafa\" \/>\n\t<meta name=\"twitter:label2\" content=\"Tiempo de lectura\" \/>\n\t<meta name=\"twitter:data2\" content=\"3 minutos\" \/>\n<script type=\"application\/ld+json\" class=\"yoast-schema-graph\">{\"@context\":\"https:\\\/\\\/schema.org\",\"@graph\":[{\"@type\":\"Article\",\"@id\":\"https:\\\/\\\/www.cuballama.com\\\/noticias\\\/flor-de-cuba-regresa-a-vivir-a-miami-yo-no-vine-a-este-pais-a-hacer-amigos\\\/#article\",\"isPartOf\":{\"@id\":\"https:\\\/\\\/www.cuballama.com\\\/noticias\\\/flor-de-cuba-regresa-a-vivir-a-miami-yo-no-vine-a-este-pais-a-hacer-amigos\\\/\"},\"author\":{\"name\":\"Rafa\",\"@id\":\"https:\\\/\\\/www.cuballama.com\\\/noticias\\\/#\\\/schema\\\/person\\\/0f97914526a658755f00e59ec2a832f2\"},\"headline\":\"Flor de Cuba regresa a vivir a Miami: \u201cYo no vine a este pa\u00eds a hacer amigos\u201d\",\"datePublished\":\"2025-12-09T14:58:17+00:00\",\"dateModified\":\"2025-12-09T14:58:19+00:00\",\"mainEntityOfPage\":{\"@id\":\"https:\\\/\\\/www.cuballama.com\\\/noticias\\\/flor-de-cuba-regresa-a-vivir-a-miami-yo-no-vine-a-este-pais-a-hacer-amigos\\\/\"},\"wordCount\":549,\"commentCount\":0,\"publisher\":{\"@id\":\"https:\\\/\\\/www.cuballama.com\\\/noticias\\\/#organization\"},\"image\":{\"@id\":\"https:\\\/\\\/www.cuballama.com\\\/noticias\\\/flor-de-cuba-regresa-a-vivir-a-miami-yo-no-vine-a-este-pais-a-hacer-amigos\\\/#primaryimage\"},\"thumbnailUrl\":\"https:\\\/\\\/cdn1.mediawpaccore.net\\\/wp-content\\\/uploads\\\/2025\\\/12\\\/09095351\\\/Captura-de-pantalla-2025-12-09-a-las-15.53.35.png\",\"keywords\":[\"cubanos en Miami\",\"Flor de Cuba\",\"influencer cubana\"],\"articleSection\":[\"Far\u00e1ndula\"],\"inLanguage\":\"es\",\"potentialAction\":[{\"@type\":\"CommentAction\",\"name\":\"Comment\",\"target\":[\"https:\\\/\\\/www.cuballama.com\\\/noticias\\\/flor-de-cuba-regresa-a-vivir-a-miami-yo-no-vine-a-este-pais-a-hacer-amigos\\\/#respond\"]}]},{\"@type\":\"WebPage\",\"@id\":\"https:\\\/\\\/www.cuballama.com\\\/noticias\\\/flor-de-cuba-regresa-a-vivir-a-miami-yo-no-vine-a-este-pais-a-hacer-amigos\\\/\",\"url\":\"https:\\\/\\\/www.cuballama.com\\\/noticias\\\/flor-de-cuba-regresa-a-vivir-a-miami-yo-no-vine-a-este-pais-a-hacer-amigos\\\/\",\"name\":\"Flor de Cuba regresa a vivir a Miami: \u201cYo no vine a este pa\u00eds a hacer amigos\u201d - Cuballama Noticias\",\"isPartOf\":{\"@id\":\"https:\\\/\\\/www.cuballama.com\\\/noticias\\\/#website\"},\"primaryImageOfPage\":{\"@id\":\"https:\\\/\\\/www.cuballama.com\\\/noticias\\\/flor-de-cuba-regresa-a-vivir-a-miami-yo-no-vine-a-este-pais-a-hacer-amigos\\\/#primaryimage\"},\"image\":{\"@id\":\"https:\\\/\\\/www.cuballama.com\\\/noticias\\\/flor-de-cuba-regresa-a-vivir-a-miami-yo-no-vine-a-este-pais-a-hacer-amigos\\\/#primaryimage\"},\"thumbnailUrl\":\"https:\\\/\\\/cdn1.mediawpaccore.net\\\/wp-content\\\/uploads\\\/2025\\\/12\\\/09095351\\\/Captura-de-pantalla-2025-12-09-a-las-15.53.35.png\",\"datePublished\":\"2025-12-09T14:58:17+00:00\",\"dateModified\":\"2025-12-09T14:58:19+00:00\",\"description\":\"Tras varios a\u00f1os instalada en Kentucky, la creadora de contenido Flor de Cuba decidi\u00f3 cerrar esa etapa y comenzar otra en Miami\",\"breadcrumb\":{\"@id\":\"https:\\\/\\\/www.cuballama.com\\\/noticias\\\/flor-de-cuba-regresa-a-vivir-a-miami-yo-no-vine-a-este-pais-a-hacer-amigos\\\/#breadcrumb\"},\"inLanguage\":\"es\",\"potentialAction\":[{\"@type\":\"ReadAction\",\"target\":[\"https:\\\/\\\/www.cuballama.com\\\/noticias\\\/flor-de-cuba-regresa-a-vivir-a-miami-yo-no-vine-a-este-pais-a-hacer-amigos\\\/\"]}]},{\"@type\":\"ImageObject\",\"inLanguage\":\"es\",\"@id\":\"https:\\\/\\\/www.cuballama.com\\\/noticias\\\/flor-de-cuba-regresa-a-vivir-a-miami-yo-no-vine-a-este-pais-a-hacer-amigos\\\/#primaryimage\",\"url\":\"https:\\\/\\\/cdn1.mediawpaccore.net\\\/wp-content\\\/uploads\\\/2025\\\/12\\\/09095351\\\/Captura-de-pantalla-2025-12-09-a-las-15.53.35.png\",\"contentUrl\":\"https:\\\/\\\/cdn1.mediawpaccore.net\\\/wp-content\\\/uploads\\\/2025\\\/12\\\/09095351\\\/Captura-de-pantalla-2025-12-09-a-las-15.53.35.png\",\"width\":1344,\"height\":854,\"caption\":\"Foto: Instagram\"},{\"@type\":\"BreadcrumbList\",\"@id\":\"https:\\\/\\\/www.cuballama.com\\\/noticias\\\/flor-de-cuba-regresa-a-vivir-a-miami-yo-no-vine-a-este-pais-a-hacer-amigos\\\/#breadcrumb\",\"itemListElement\":[{\"@type\":\"ListItem\",\"position\":1,\"name\":\"Home\",\"item\":\"https:\\\/\\\/www.cuballama.com\\\/noticias\\\/\"},{\"@type\":\"ListItem\",\"position\":2,\"name\":\"Flor de Cuba regresa a vivir a Miami: \u201cYo no vine a este pa\u00eds a hacer amigos\u201d\"}]},{\"@type\":\"WebSite\",\"@id\":\"https:\\\/\\\/www.cuballama.com\\\/noticias\\\/#website\",\"url\":\"https:\\\/\\\/www.cuballama.com\\\/noticias\\\/\",\"name\":\"Cuballama Noticias\",\"description\":\"Medio digital sobre Cuba y el mundo\",\"publisher\":{\"@id\":\"https:\\\/\\\/www.cuballama.com\\\/noticias\\\/#organization\"},\"potentialAction\":[{\"@type\":\"SearchAction\",\"target\":{\"@type\":\"EntryPoint\",\"urlTemplate\":\"https:\\\/\\\/www.cuballama.com\\\/noticias\\\/?s={search_term_string}\"},\"query-input\":{\"@type\":\"PropertyValueSpecification\",\"valueRequired\":true,\"valueName\":\"search_term_string\"}}],\"inLanguage\":\"es\"},{\"@type\":\"Organization\",\"@id\":\"https:\\\/\\\/www.cuballama.com\\\/noticias\\\/#organization\",\"name\":\"Cuballama\",\"url\":\"https:\\\/\\\/www.cuballama.com\\\/noticias\\\/\",\"logo\":{\"@type\":\"ImageObject\",\"inLanguage\":\"es\",\"@id\":\"https:\\\/\\\/www.cuballama.com\\\/noticias\\\/#\\\/schema\\\/logo\\\/image\\\/\",\"url\":\"https:\\\/\\\/cdn1.mediawpaccore.net\\\/wp-content\\\/uploads\\\/2021\\\/12\\\/28171206\\\/cbll-logo-color-sm.png\",\"contentUrl\":\"https:\\\/\\\/cdn1.mediawpaccore.net\\\/wp-content\\\/uploads\\\/2021\\\/12\\\/28171206\\\/cbll-logo-color-sm.png\",\"width\":600,\"height\":133,\"caption\":\"Cuballama\"},\"image\":{\"@id\":\"https:\\\/\\\/www.cuballama.com\\\/noticias\\\/#\\\/schema\\\/logo\\\/image\\\/\"},\"sameAs\":[\"https:\\\/\\\/www.facebook.com\\\/CubaLlama\",\"https:\\\/\\\/x.com\\\/cuballama\",\"https:\\\/\\\/www.instagram.com\\\/stories\\\/cuballama_oficial\\\/\",\"https:\\\/\\\/www.youtube.com\\\/channel\\\/UCKkFE-d_axENGZcrc4as0IA\"]},{\"@type\":\"Person\",\"@id\":\"https:\\\/\\\/www.cuballama.com\\\/noticias\\\/#\\\/schema\\\/person\\\/0f97914526a658755f00e59ec2a832f2\",\"name\":\"Rafa\",\"url\":\"https:\\\/\\\/www.cuballama.com\\\/noticias\\\/author\\\/rafa\\\/\"}]}<\/script>\n<!-- \/ Yoast SEO plugin. -->","yoast_head_json":{"title":"Flor de Cuba regresa a vivir a Miami: \u201cYo no vine a este pa\u00eds a hacer amigos\u201d - Cuballama Noticias","description":"Tras varios a\u00f1os instalada en Kentucky, la creadora de contenido Flor de Cuba decidi\u00f3 cerrar esa etapa y comenzar otra en Miami","robots":{"index":"index","follow":"follow","max-snippet":"max-snippet:-1","max-image-preview":"max-image-preview:large","max-video-preview":"max-video-preview:-1"},"canonical":"https:\/\/www.cuballama.com\/noticias\/flor-de-cuba-regresa-a-vivir-a-miami-yo-no-vine-a-este-pais-a-hacer-amigos\/","og_locale":"es_ES","og_type":"article","og_title":"Flor de Cuba regresa a vivir a Miami: \u201cYo no vine a este pa\u00eds a hacer amigos\u201d - Cuballama Noticias","og_description":"Tras varios a\u00f1os instalada en Kentucky, la creadora de contenido Flor de Cuba decidi\u00f3 cerrar esa etapa y comenzar otra en Miami","og_url":"https:\/\/www.cuballama.com\/noticias\/flor-de-cuba-regresa-a-vivir-a-miami-yo-no-vine-a-este-pais-a-hacer-amigos\/","og_site_name":"Cuballama Noticias","article_publisher":"https:\/\/www.facebook.com\/CubaLlama","article_published_time":"2025-12-09T14:58:17+00:00","article_modified_time":"2025-12-09T14:58:19+00:00","og_image":[{"width":1344,"height":854,"url":"https:\/\/cdn1.mediawpaccore.net\/wp-content\/uploads\/2025\/12\/09095351\/Captura-de-pantalla-2025-12-09-a-las-15.53.35.png","type":"image\/png"}],"author":"Rafa","twitter_card":"summary_large_image","twitter_creator":"@cuballama","twitter_site":"@cuballama","twitter_misc":{"Escrito por":"Rafa","Tiempo de lectura":"3 minutos"},"schema":{"@context":"https:\/\/schema.org","@graph":[{"@type":"Article","@id":"https:\/\/www.cuballama.com\/noticias\/flor-de-cuba-regresa-a-vivir-a-miami-yo-no-vine-a-este-pais-a-hacer-amigos\/#article","isPartOf":{"@id":"https:\/\/www.cuballama.com\/noticias\/flor-de-cuba-regresa-a-vivir-a-miami-yo-no-vine-a-este-pais-a-hacer-amigos\/"},"author":{"name":"Rafa","@id":"https:\/\/www.cuballama.com\/noticias\/#\/schema\/person\/0f97914526a658755f00e59ec2a832f2"},"headline":"Flor de Cuba regresa a vivir a Miami: \u201cYo no vine a este pa\u00eds a hacer amigos\u201d","datePublished":"2025-12-09T14:58:17+00:00","dateModified":"2025-12-09T14:58:19+00:00","mainEntityOfPage":{"@id":"https:\/\/www.cuballama.com\/noticias\/flor-de-cuba-regresa-a-vivir-a-miami-yo-no-vine-a-este-pais-a-hacer-amigos\/"},"wordCount":549,"commentCount":0,"publisher":{"@id":"https:\/\/www.cuballama.com\/noticias\/#organization"},"image":{"@id":"https:\/\/www.cuballama.com\/noticias\/flor-de-cuba-regresa-a-vivir-a-miami-yo-no-vine-a-este-pais-a-hacer-amigos\/#primaryimage"},"thumbnailUrl":"https:\/\/cdn1.mediawpaccore.net\/wp-content\/uploads\/2025\/12\/09095351\/Captura-de-pantalla-2025-12-09-a-las-15.53.35.png","keywords":["cubanos en Miami","Flor de Cuba","influencer cubana"],"articleSection":["Far\u00e1ndula"],"inLanguage":"es","potentialAction":[{"@type":"CommentAction","name":"Comment","target":["https:\/\/www.cuballama.com\/noticias\/flor-de-cuba-regresa-a-vivir-a-miami-yo-no-vine-a-este-pais-a-hacer-amigos\/#respond"]}]},{"@type":"WebPage","@id":"https:\/\/www.cuballama.com\/noticias\/flor-de-cuba-regresa-a-vivir-a-miami-yo-no-vine-a-este-pais-a-hacer-amigos\/","url":"https:\/\/www.cuballama.com\/noticias\/flor-de-cuba-regresa-a-vivir-a-miami-yo-no-vine-a-este-pais-a-hacer-amigos\/","name":"Flor de Cuba regresa a vivir a Miami: \u201cYo no vine a este pa\u00eds a hacer amigos\u201d - Cuballama Noticias","isPartOf":{"@id":"https:\/\/www.cuballama.com\/noticias\/#website"},"primaryImageOfPage":{"@id":"https:\/\/www.cuballama.com\/noticias\/flor-de-cuba-regresa-a-vivir-a-miami-yo-no-vine-a-este-pais-a-hacer-amigos\/#primaryimage"},"image":{"@id":"https:\/\/www.cuballama.com\/noticias\/flor-de-cuba-regresa-a-vivir-a-miami-yo-no-vine-a-este-pais-a-hacer-amigos\/#primaryimage"},"thumbnailUrl":"https:\/\/cdn1.mediawpaccore.net\/wp-content\/uploads\/2025\/12\/09095351\/Captura-de-pantalla-2025-12-09-a-las-15.53.35.png","datePublished":"2025-12-09T14:58:17+00:00","dateModified":"2025-12-09T14:58:19+00:00","description":"Tras varios a\u00f1os instalada en Kentucky, la creadora de contenido Flor de Cuba decidi\u00f3 cerrar esa etapa y comenzar otra en Miami","breadcrumb":{"@id":"https:\/\/www.cuballama.com\/noticias\/flor-de-cuba-regresa-a-vivir-a-miami-yo-no-vine-a-este-pais-a-hacer-amigos\/#breadcrumb"},"inLanguage":"es","potentialAction":[{"@type":"ReadAction","target":["https:\/\/www.cuballama.com\/noticias\/flor-de-cuba-regresa-a-vivir-a-miami-yo-no-vine-a-este-pais-a-hacer-amigos\/"]}]},{"@type":"ImageObject","inLanguage":"es","@id":"https:\/\/www.cuballama.com\/noticias\/flor-de-cuba-regresa-a-vivir-a-miami-yo-no-vine-a-este-pais-a-hacer-amigos\/#primaryimage","url":"https:\/\/cdn1.mediawpaccore.net\/wp-content\/uploads\/2025\/12\/09095351\/Captura-de-pantalla-2025-12-09-a-las-15.53.35.png","contentUrl":"https:\/\/cdn1.mediawpaccore.net\/wp-content\/uploads\/2025\/12\/09095351\/Captura-de-pantalla-2025-12-09-a-las-15.53.35.png","width":1344,"height":854,"caption":"Foto: Instagram"},{"@type":"BreadcrumbList","@id":"https:\/\/www.cuballama.com\/noticias\/flor-de-cuba-regresa-a-vivir-a-miami-yo-no-vine-a-este-pais-a-hacer-amigos\/#breadcrumb","itemListElement":[{"@type":"ListItem","position":1,"name":"Home","item":"https:\/\/www.cuballama.com\/noticias\/"},{"@type":"ListItem","position":2,"name":"Flor de Cuba regresa a vivir a Miami: \u201cYo no vine a este pa\u00eds a hacer amigos\u201d"}]},{"@type":"WebSite","@id":"https:\/\/www.cuballama.com\/noticias\/#website","url":"https:\/\/www.cuballama.com\/noticias\/","name":"Cuballama Noticias","description":"Medio digital sobre Cuba y el mundo","publisher":{"@id":"https:\/\/www.cuballama.com\/noticias\/#organization"},"potentialAction":[{"@type":"SearchAction","target":{"@type":"EntryPoint","urlTemplate":"https:\/\/www.cuballama.com\/noticias\/?s={search_term_string}"},"query-input":{"@type":"PropertyValueSpecification","valueRequired":true,"valueName":"search_term_string"}}],"inLanguage":"es"},{"@type":"Organization","@id":"https:\/\/www.cuballama.com\/noticias\/#organization","name":"Cuballama","url":"https:\/\/www.cuballama.com\/noticias\/","logo":{"@type":"ImageObject","inLanguage":"es","@id":"https:\/\/www.cuballama.com\/noticias\/#\/schema\/logo\/image\/","url":"https:\/\/cdn1.mediawpaccore.net\/wp-content\/uploads\/2021\/12\/28171206\/cbll-logo-color-sm.png","contentUrl":"https:\/\/cdn1.mediawpaccore.net\/wp-content\/uploads\/2021\/12\/28171206\/cbll-logo-color-sm.png","width":600,"height":133,"caption":"Cuballama"},"image":{"@id":"https:\/\/www.cuballama.com\/noticias\/#\/schema\/logo\/image\/"},"sameAs":["https:\/\/www.facebook.com\/CubaLlama","https:\/\/x.com\/cuballama","https:\/\/www.instagram.com\/stories\/cuballama_oficial\/","https:\/\/www.youtube.com\/channel\/UCKkFE-d_axENGZcrc4as0IA"]},{"@type":"Person","@id":"https:\/\/www.cuballama.com\/noticias\/#\/schema\/person\/0f97914526a658755f00e59ec2a832f2","name":"Rafa","url":"https:\/\/www.cuballama.com\/noticias\/author\/rafa\/"}]}},"_links":{"self":[{"href":"https:\/\/www.cuballama.com\/noticias\/wp-json\/wp\/v2\/posts\/228153","targetHints":{"allow":["GET"]}}],"collection":[{"href":"https:\/\/www.cuballama.com\/noticias\/wp-json\/wp\/v2\/posts"}],"about":[{"href":"https:\/\/www.cuballama.com\/noticias\/wp-json\/wp\/v2\/types\/post"}],"author":[{"embeddable":true,"href":"https:\/\/www.cuballama.com\/noticias\/wp-json\/wp\/v2\/users\/27"}],"replies":[{"embeddable":true,"href":"https:\/\/www.cuballama.com\/noticias\/wp-json\/wp\/v2\/comments?post=228153"}],"version-history":[{"count":1,"href":"https:\/\/www.cuballama.com\/noticias\/wp-json\/wp\/v2\/posts\/228153\/revisions"}],"predecessor-version":[{"id":228178,"href":"https:\/\/www.cuballama.com\/noticias\/wp-json\/wp\/v2\/posts\/228153\/revisions\/228178"}],"wp:featuredmedia":[{"embeddable":true,"href":"https:\/\/www.cuballama.com\/noticias\/wp-json\/wp\/v2\/media\/228177"}],"wp:attachment":[{"href":"https:\/\/www.cuballama.com\/noticias\/wp-json\/wp\/v2\/media?parent=228153"}],"wp:term":[{"taxonomy":"category","embeddable":true,"href":"https:\/\/www.cuballama.com\/noticias\/wp-json\/wp\/v2\/categories?post=228153"},{"taxonomy":"post_tag","embeddable":true,"href":"https:\/\/www.cuballama.com\/noticias\/wp-json\/wp\/v2\/tags?post=228153"}],"curies":[{"name":"wp","href":"https:\/\/api.w.org\/{rel}","templated":true}]}}