{"id":228103,"date":"2025-12-10T08:15:59","date_gmt":"2025-12-10T13:15:59","guid":{"rendered":"https:\/\/www.cuballama.com\/noticias\/?p=228103"},"modified":"2025-12-10T08:16:08","modified_gmt":"2025-12-10T13:16:08","slug":"cubano-exsargento-de-las-far-condenado-en-iowa-por-liderar-una-red-de-fraudes-al-ppp","status":"publish","type":"post","link":"https:\/\/www.cuballama.com\/noticias\/cubano-exsargento-de-las-far-condenado-en-iowa-por-liderar-una-red-de-fraudes-al-ppp\/","title":{"rendered":"Cubano exsargento de las FAR condenado en Iowa por liderar una red de fraudes al PPP"},"content":{"rendered":"\n<h2 class=\"wp-block-heading\">Yovany Ciero es uno de al menos seis imputados en la misma conspiraci\u00f3n y el quinto en recibir sentencia. Entre los coacusados ya condenados figuran los tambi\u00e9n cubanos Dinneris Matos Delgado, Ada Irma Rodr\u00edguez Fontaine, Yordanis P\u00e9rez Vel\u00e1zquez y Maikel S\u00e1nchez Garc\u00eda, todos con v\u00ednculos previos con la planta de Algona y con Cuba, que recibieron penas de entre 5 y 11 meses de prisi\u00f3n y \u00f3rdenes de restituci\u00f3n que van de los 61 000 a casi 139 000 d\u00f3lares<\/h2>\n\n\n\n<p>Casi dos d\u00e9cadas despu\u00e9s de cruzar la frontera con M\u00e9xico tras ver denegada su visa para entrar a Estados Unidos, el cubano Yovany Ciero enfrenta ahora otra frontera, esta vez carcelaria. Un tribunal federal del norte de Iowa lo conden\u00f3 a cuatro a\u00f1os de prisi\u00f3n por organizar y beneficiarse de un esquema masivo de fraude al programa de pr\u00e9stamos PPP, creado para sostener peque\u00f1as empresas durante la pandemia.<\/p>\n\n\n\n<p>Seg\u00fan el <a href=\"https:\/\/www.justice.gov\/usao-ndia\/pr\/former-cuban-military-sergeant-sentenced-federal-prison-pandemic-benefits-fraud\" target=\"_blank\" rel=\"noreferrer noopener nofollow\">comunicado emitido por la Fiscal\u00eda del Distrito Norte de Iowa<\/a>, Ciero, de 48 a\u00f1os y residente en Mason City, trabajaba en 2020 en una planta empacadora de carne en Algona cuando comenz\u00f3 a reclutar a otros trabajadores, en su mayor\u00eda inmigrantes cubanos, para presentar solicitudes falsas al Programa de Protecci\u00f3n de N\u00f3minas. La mec\u00e1nica era simple y efectiva: cada solicitante afirmaba, bajo pena de perjurio, ser trabajador por cuenta propia y haber generado alrededor de 100 000 d\u00f3lares en ingresos en 2019, cuando en realidad eran asalariados de la planta o de otros empleos.<\/p>\n\n\n\n<p><a href=\"https:\/\/www.justice.gov\/usao-ndia\/pr\/former-algona-meatpacking-plant-worker-convicted-pandemic-benefits-fraud\" target=\"_blank\" rel=\"noreferrer noopener nofollow\">En mayo de 2025<\/a>, un jurado lo declar\u00f3 culpable de tres cargos de fraude electr\u00f3nico, 23 de lavado de dinero, uno de transacci\u00f3n monetaria con bienes de origen il\u00edcito y otro de conspiraci\u00f3n para lavar dinero. La sentencia, dictada el 3 de diciembre de 2025, recoge adem\u00e1s que Ciero cobraba honorarios de unos 3 000 d\u00f3lares por cada pr\u00e9stamo aprobado a sus compatriotas, mientras el grupo de solicitantes lleg\u00f3 a presentar m\u00e1s de 4 millones de d\u00f3lares en solicitudes fraudulentas, causando p\u00e9rdidas superiores a los 2,4 millones al gobierno federal. <\/p>\n\n\n\n<p>El caso de Iowa no fue un esfuerzo aislado. Ciero es uno de al menos seis imputados en la misma conspiraci\u00f3n y el quinto en recibir sentencia. Entre los coacusados ya condenados figuran los tambi\u00e9n cubanos Dinneris Matos Delgado, Ada Irma Rodr\u00edguez Fontaine, Yordanis P\u00e9rez Vel\u00e1zquez y Maikel S\u00e1nchez Garc\u00eda, todos con v\u00ednculos previos con la planta de Algona y con Cuba, que recibieron penas de entre 5 y 11 meses de prisi\u00f3n y \u00f3rdenes de restituci\u00f3n que van de los 61 000 a casi 139 000 d\u00f3lares, se\u00f1ala <a href=\"https:\/\/www.ktiv.com\/2025\/12\/08\/former-worker-northern-iowa-packing-plant-sentenced-fraudulent-paycheck-protection-loans\/?utm_source=chatgpt.com\" target=\"_blank\" rel=\"noreferrer noopener\">KITV<\/a>.<\/p>\n\n\n\n<p>A escala nacional, el Departamento de Justicia ha convertido el fraude a los programas de ayuda por la COVID-19 en una prioridad. Desde 2021, las autoridades federales han imputado a miles de personas y recuperado miles de millones de d\u00f3lares en casos que van desde peque\u00f1os negocios ficticios hasta esquemas de decenas de millones, como el de la empresa Blueacorn, cuyos fundadores acaban de recibir una condena de 10 a\u00f1os en otro sonado caso de abuso del PPP.<\/p>\n\n\n\n<p>El perfil de Ciero, oriundo del municipio de Puerto Padre en la provincia de Las Tunas, a\u00f1ade una dimensi\u00f3n inc\u00f3moda: exsargento del ej\u00e9rcito cubano, residente en Estados Unidos desde hace casi veinte a\u00f1os, convertido en promotor de un fraude colectivo que involucr\u00f3 a m\u00e1s de cien compatriotas emigrados. Su historia rompe con la narrativa del inmigrante trabajador \u00fanicamente v\u00edctima del sistema, y coloca a una red de cubanos en el centro de un caso de corrupci\u00f3n econ\u00f3mica en plena crisis sanitaria. <\/p>\n\n\n\n<p>El tribunal orden\u00f3 adem\u00e1s la confiscaci\u00f3n de bienes y el pago de restituci\u00f3n, y Ciero deber\u00e1 cumplir un periodo de supervisi\u00f3n tras la c\u00e1rcel. Mientras tanto, el mensaje que busca enviar la Fiscal\u00eda es claro: los fondos de emergencia creados para sostener a negocios reales no estaban pensados para convertirse en oportunidad de enriquecimiento r\u00e1pido para quienes presentaron empresas y ganancias inexistentes. Para las comunidades migrantes, el caso deja tambi\u00e9n una advertencia: participar en esquemas \u201cf\u00e1ciles\u201d de papeleo puede tener consecuencias penales duraderas y agravar, de paso, la percepci\u00f3n p\u00fablica sobre los propios inmigrantes.<\/p>\n","protected":false},"excerpt":{"rendered":"<p>El cubano Yovany Ciero, exsargento de las Fuerzas Armadas, fue sentenciado a cuatro a\u00f1os de prisi\u00f3n por encabezar un esquema que permiti\u00f3 a m\u00e1s de cien inmigrantes, en su mayor\u00eda cubanos, obtener pr\u00e9stamos fraudulentos del programa de protecci\u00f3n de n\u00f3minas (PPP) durante la pandemia. El caso se inserta en la ofensiva federal contra los fraudes a fondos de ayuda por la COVID-19.<\/p>\n","protected":false},"author":13,"featured_media":228109,"comment_status":"open","ping_status":"closed","sticky":false,"template":"","format":"standard","meta":{"_acf_changed":false,"footnotes":""},"categories":[18,953],"tags":[28088,28325,29448,24278,736,2669,15462,29449,1458,29447],"class_list":{"0":"post-228103","1":"post","2":"type-post","3":"status-publish","4":"format-standard","5":"has-post-thumbnail","7":"category-noticias","8":"category-usa","9":"tag-cubanos-en-iowa","10":"tag-doj","11":"tag-fraude-al-ppp","12":"tag-fraude-financiero","13":"tag-inmigrantes-cubanos","14":"tag-lavado-de-dinero","15":"tag-pandemia-de-covid-19","16":"tag-plantas-carnicas","17":"tag-programas-de-ayuda","18":"tag-yovany-ciero"},"acf":[],"yoast_head":"<!-- This site is optimized with the Yoast SEO plugin v27.5 - https:\/\/yoast.com\/product\/yoast-seo-wordpress\/ -->\n<title>Cubano exsargento de las FAR condenado en Iowa por liderar una red de fraudes al PPP - Cuballama Noticias<\/title>\n<meta name=\"description\" content=\"El exsargento cubano Yovany Ciero es condenado en Iowa por liderar un fraude al PPP con m\u00e1s de cien inmigrantes, casi todos cubanos.\" \/>\n<meta name=\"robots\" content=\"index, follow, max-snippet:-1, max-image-preview:large, max-video-preview:-1\" \/>\n<link rel=\"canonical\" href=\"https:\/\/www.cuballama.com\/noticias\/cubano-exsargento-de-las-far-condenado-en-iowa-por-liderar-una-red-de-fraudes-al-ppp\/\" \/>\n<meta property=\"og:locale\" content=\"es_ES\" \/>\n<meta property=\"og:type\" content=\"article\" \/>\n<meta property=\"og:title\" content=\"Cubano exsargento de las FAR condenado en Iowa por liderar una red de fraudes al PPP - Cuballama Noticias\" \/>\n<meta property=\"og:description\" content=\"El exsargento cubano Yovany Ciero es condenado en Iowa por liderar un fraude al PPP con m\u00e1s de cien inmigrantes, casi todos cubanos.\" \/>\n<meta property=\"og:url\" content=\"https:\/\/www.cuballama.com\/noticias\/cubano-exsargento-de-las-far-condenado-en-iowa-por-liderar-una-red-de-fraudes-al-ppp\/\" \/>\n<meta property=\"og:site_name\" content=\"Cuballama Noticias\" \/>\n<meta property=\"article:publisher\" content=\"https:\/\/www.facebook.com\/CubaLlama\" \/>\n<meta property=\"article:published_time\" content=\"2025-12-10T13:15:59+00:00\" \/>\n<meta property=\"article:modified_time\" content=\"2025-12-10T13:16:08+00:00\" \/>\n<meta property=\"og:image\" content=\"https:\/\/cdn1.mediawpaccore.net\/wp-content\/uploads\/2025\/12\/09043530\/image-23.png\" \/>\n\t<meta property=\"og:image:width\" content=\"1572\" \/>\n\t<meta property=\"og:image:height\" content=\"840\" \/>\n\t<meta property=\"og:image:type\" content=\"image\/png\" \/>\n<meta name=\"author\" content=\"Roberto A.\" \/>\n<meta name=\"twitter:card\" content=\"summary_large_image\" \/>\n<meta name=\"twitter:creator\" content=\"@cuballama\" \/>\n<meta name=\"twitter:site\" content=\"@cuballama\" \/>\n<meta name=\"twitter:label1\" content=\"Escrito por\" \/>\n\t<meta name=\"twitter:data1\" content=\"Roberto A.\" \/>\n\t<meta name=\"twitter:label2\" content=\"Tiempo de lectura\" \/>\n\t<meta name=\"twitter:data2\" content=\"4 minutos\" \/>\n<script type=\"application\/ld+json\" class=\"yoast-schema-graph\">{\"@context\":\"https:\\\/\\\/schema.org\",\"@graph\":[{\"@type\":\"Article\",\"@id\":\"https:\\\/\\\/www.cuballama.com\\\/noticias\\\/cubano-exsargento-de-las-far-condenado-en-iowa-por-liderar-una-red-de-fraudes-al-ppp\\\/#article\",\"isPartOf\":{\"@id\":\"https:\\\/\\\/www.cuballama.com\\\/noticias\\\/cubano-exsargento-de-las-far-condenado-en-iowa-por-liderar-una-red-de-fraudes-al-ppp\\\/\"},\"author\":{\"name\":\"Roberto A.\",\"@id\":\"https:\\\/\\\/www.cuballama.com\\\/noticias\\\/#\\\/schema\\\/person\\\/a58502ed4146c8e9f83872e897c76cd2\"},\"headline\":\"Cubano exsargento de las FAR condenado en Iowa por liderar una red de fraudes al PPP\",\"datePublished\":\"2025-12-10T13:15:59+00:00\",\"dateModified\":\"2025-12-10T13:16:08+00:00\",\"mainEntityOfPage\":{\"@id\":\"https:\\\/\\\/www.cuballama.com\\\/noticias\\\/cubano-exsargento-de-las-far-condenado-en-iowa-por-liderar-una-red-de-fraudes-al-ppp\\\/\"},\"wordCount\":737,\"commentCount\":0,\"publisher\":{\"@id\":\"https:\\\/\\\/www.cuballama.com\\\/noticias\\\/#organization\"},\"image\":{\"@id\":\"https:\\\/\\\/www.cuballama.com\\\/noticias\\\/cubano-exsargento-de-las-far-condenado-en-iowa-por-liderar-una-red-de-fraudes-al-ppp\\\/#primaryimage\"},\"thumbnailUrl\":\"https:\\\/\\\/cdn1.mediawpaccore.net\\\/wp-content\\\/uploads\\\/2025\\\/12\\\/09043530\\\/image-23.png\",\"keywords\":[\"cubanos en iowa\",\"doj\",\"fraude al PPP\",\"fraude financiero\",\"Inmigrantes cubanos\",\"lavado de dinero\",\"pandemia de COVID-19\",\"plantas c\u00e1rnicas\",\"programas de ayuda\",\"Yovany Ciero\"],\"articleSection\":[\"Noticias\",\"USA\"],\"inLanguage\":\"es\",\"potentialAction\":[{\"@type\":\"CommentAction\",\"name\":\"Comment\",\"target\":[\"https:\\\/\\\/www.cuballama.com\\\/noticias\\\/cubano-exsargento-de-las-far-condenado-en-iowa-por-liderar-una-red-de-fraudes-al-ppp\\\/#respond\"]}]},{\"@type\":\"WebPage\",\"@id\":\"https:\\\/\\\/www.cuballama.com\\\/noticias\\\/cubano-exsargento-de-las-far-condenado-en-iowa-por-liderar-una-red-de-fraudes-al-ppp\\\/\",\"url\":\"https:\\\/\\\/www.cuballama.com\\\/noticias\\\/cubano-exsargento-de-las-far-condenado-en-iowa-por-liderar-una-red-de-fraudes-al-ppp\\\/\",\"name\":\"Cubano exsargento de las FAR condenado en Iowa por liderar una red de fraudes al PPP - Cuballama Noticias\",\"isPartOf\":{\"@id\":\"https:\\\/\\\/www.cuballama.com\\\/noticias\\\/#website\"},\"primaryImageOfPage\":{\"@id\":\"https:\\\/\\\/www.cuballama.com\\\/noticias\\\/cubano-exsargento-de-las-far-condenado-en-iowa-por-liderar-una-red-de-fraudes-al-ppp\\\/#primaryimage\"},\"image\":{\"@id\":\"https:\\\/\\\/www.cuballama.com\\\/noticias\\\/cubano-exsargento-de-las-far-condenado-en-iowa-por-liderar-una-red-de-fraudes-al-ppp\\\/#primaryimage\"},\"thumbnailUrl\":\"https:\\\/\\\/cdn1.mediawpaccore.net\\\/wp-content\\\/uploads\\\/2025\\\/12\\\/09043530\\\/image-23.png\",\"datePublished\":\"2025-12-10T13:15:59+00:00\",\"dateModified\":\"2025-12-10T13:16:08+00:00\",\"description\":\"El exsargento cubano Yovany Ciero es condenado en Iowa por liderar un fraude al PPP con m\u00e1s de cien inmigrantes, casi todos cubanos.\",\"breadcrumb\":{\"@id\":\"https:\\\/\\\/www.cuballama.com\\\/noticias\\\/cubano-exsargento-de-las-far-condenado-en-iowa-por-liderar-una-red-de-fraudes-al-ppp\\\/#breadcrumb\"},\"inLanguage\":\"es\",\"potentialAction\":[{\"@type\":\"ReadAction\",\"target\":[\"https:\\\/\\\/www.cuballama.com\\\/noticias\\\/cubano-exsargento-de-las-far-condenado-en-iowa-por-liderar-una-red-de-fraudes-al-ppp\\\/\"]}]},{\"@type\":\"ImageObject\",\"inLanguage\":\"es\",\"@id\":\"https:\\\/\\\/www.cuballama.com\\\/noticias\\\/cubano-exsargento-de-las-far-condenado-en-iowa-por-liderar-una-red-de-fraudes-al-ppp\\\/#primaryimage\",\"url\":\"https:\\\/\\\/cdn1.mediawpaccore.net\\\/wp-content\\\/uploads\\\/2025\\\/12\\\/09043530\\\/image-23.png\",\"contentUrl\":\"https:\\\/\\\/cdn1.mediawpaccore.net\\\/wp-content\\\/uploads\\\/2025\\\/12\\\/09043530\\\/image-23.png\",\"width\":1572,\"height\":840,\"caption\":\"En mayo de 2025, un jurado declar\u00f3 culpable a este cubano de tres cargos de fraude electr\u00f3nico, 23 de lavado de dinero, uno de transacci\u00f3n monetaria con bienes de origen il\u00edcito y otro de conspiraci\u00f3n para lavar dinero.\"},{\"@type\":\"BreadcrumbList\",\"@id\":\"https:\\\/\\\/www.cuballama.com\\\/noticias\\\/cubano-exsargento-de-las-far-condenado-en-iowa-por-liderar-una-red-de-fraudes-al-ppp\\\/#breadcrumb\",\"itemListElement\":[{\"@type\":\"ListItem\",\"position\":1,\"name\":\"Home\",\"item\":\"https:\\\/\\\/www.cuballama.com\\\/noticias\\\/\"},{\"@type\":\"ListItem\",\"position\":2,\"name\":\"Cubano exsargento de las FAR condenado en Iowa por liderar una red de fraudes al PPP\"}]},{\"@type\":\"WebSite\",\"@id\":\"https:\\\/\\\/www.cuballama.com\\\/noticias\\\/#website\",\"url\":\"https:\\\/\\\/www.cuballama.com\\\/noticias\\\/\",\"name\":\"Cuballama Noticias\",\"description\":\"Medio digital sobre Cuba y el mundo\",\"publisher\":{\"@id\":\"https:\\\/\\\/www.cuballama.com\\\/noticias\\\/#organization\"},\"potentialAction\":[{\"@type\":\"SearchAction\",\"target\":{\"@type\":\"EntryPoint\",\"urlTemplate\":\"https:\\\/\\\/www.cuballama.com\\\/noticias\\\/?s={search_term_string}\"},\"query-input\":{\"@type\":\"PropertyValueSpecification\",\"valueRequired\":true,\"valueName\":\"search_term_string\"}}],\"inLanguage\":\"es\"},{\"@type\":\"Organization\",\"@id\":\"https:\\\/\\\/www.cuballama.com\\\/noticias\\\/#organization\",\"name\":\"Cuballama\",\"url\":\"https:\\\/\\\/www.cuballama.com\\\/noticias\\\/\",\"logo\":{\"@type\":\"ImageObject\",\"inLanguage\":\"es\",\"@id\":\"https:\\\/\\\/www.cuballama.com\\\/noticias\\\/#\\\/schema\\\/logo\\\/image\\\/\",\"url\":\"https:\\\/\\\/cdn1.mediawpaccore.net\\\/wp-content\\\/uploads\\\/2021\\\/12\\\/28171206\\\/cbll-logo-color-sm.png\",\"contentUrl\":\"https:\\\/\\\/cdn1.mediawpaccore.net\\\/wp-content\\\/uploads\\\/2021\\\/12\\\/28171206\\\/cbll-logo-color-sm.png\",\"width\":600,\"height\":133,\"caption\":\"Cuballama\"},\"image\":{\"@id\":\"https:\\\/\\\/www.cuballama.com\\\/noticias\\\/#\\\/schema\\\/logo\\\/image\\\/\"},\"sameAs\":[\"https:\\\/\\\/www.facebook.com\\\/CubaLlama\",\"https:\\\/\\\/x.com\\\/cuballama\",\"https:\\\/\\\/www.instagram.com\\\/stories\\\/cuballama_oficial\\\/\",\"https:\\\/\\\/www.youtube.com\\\/channel\\\/UCKkFE-d_axENGZcrc4as0IA\"]},{\"@type\":\"Person\",\"@id\":\"https:\\\/\\\/www.cuballama.com\\\/noticias\\\/#\\\/schema\\\/person\\\/a58502ed4146c8e9f83872e897c76cd2\",\"name\":\"Roberto A.\",\"description\":\"Roberto A. Periodista por decisi\u00f3n propia. Interesado en cualquier tema que me apasione y cada vez m\u00e1s comprometido con la verdad y la objetividad period\u00edstica. Graduado en La Habana hace ya muchos a\u00f1os, luego de una accidentada y polvorienta b\u00fasqueda de informaci\u00f3n sobre un tema in\u00e9dito. La Tesis, por cierto, desapareci\u00f3 de la biblioteca y no se conservan copias de la misma.\",\"url\":\"https:\\\/\\\/www.cuballama.com\\\/noticias\\\/author\\\/roberto\\\/\"}]}<\/script>\n<!-- \/ Yoast SEO plugin. -->","yoast_head_json":{"title":"Cubano exsargento de las FAR condenado en Iowa por liderar una red de fraudes al PPP - Cuballama Noticias","description":"El exsargento cubano Yovany Ciero es condenado en Iowa por liderar un fraude al PPP con m\u00e1s de cien inmigrantes, casi todos cubanos.","robots":{"index":"index","follow":"follow","max-snippet":"max-snippet:-1","max-image-preview":"max-image-preview:large","max-video-preview":"max-video-preview:-1"},"canonical":"https:\/\/www.cuballama.com\/noticias\/cubano-exsargento-de-las-far-condenado-en-iowa-por-liderar-una-red-de-fraudes-al-ppp\/","og_locale":"es_ES","og_type":"article","og_title":"Cubano exsargento de las FAR condenado en Iowa por liderar una red de fraudes al PPP - Cuballama Noticias","og_description":"El exsargento cubano Yovany Ciero es condenado en Iowa por liderar un fraude al PPP con m\u00e1s de cien inmigrantes, casi todos cubanos.","og_url":"https:\/\/www.cuballama.com\/noticias\/cubano-exsargento-de-las-far-condenado-en-iowa-por-liderar-una-red-de-fraudes-al-ppp\/","og_site_name":"Cuballama Noticias","article_publisher":"https:\/\/www.facebook.com\/CubaLlama","article_published_time":"2025-12-10T13:15:59+00:00","article_modified_time":"2025-12-10T13:16:08+00:00","og_image":[{"width":1572,"height":840,"url":"https:\/\/cdn1.mediawpaccore.net\/wp-content\/uploads\/2025\/12\/09043530\/image-23.png","type":"image\/png"}],"author":"Roberto A.","twitter_card":"summary_large_image","twitter_creator":"@cuballama","twitter_site":"@cuballama","twitter_misc":{"Escrito por":"Roberto A.","Tiempo de lectura":"4 minutos"},"schema":{"@context":"https:\/\/schema.org","@graph":[{"@type":"Article","@id":"https:\/\/www.cuballama.com\/noticias\/cubano-exsargento-de-las-far-condenado-en-iowa-por-liderar-una-red-de-fraudes-al-ppp\/#article","isPartOf":{"@id":"https:\/\/www.cuballama.com\/noticias\/cubano-exsargento-de-las-far-condenado-en-iowa-por-liderar-una-red-de-fraudes-al-ppp\/"},"author":{"name":"Roberto A.","@id":"https:\/\/www.cuballama.com\/noticias\/#\/schema\/person\/a58502ed4146c8e9f83872e897c76cd2"},"headline":"Cubano exsargento de las FAR condenado en Iowa por liderar una red de fraudes al PPP","datePublished":"2025-12-10T13:15:59+00:00","dateModified":"2025-12-10T13:16:08+00:00","mainEntityOfPage":{"@id":"https:\/\/www.cuballama.com\/noticias\/cubano-exsargento-de-las-far-condenado-en-iowa-por-liderar-una-red-de-fraudes-al-ppp\/"},"wordCount":737,"commentCount":0,"publisher":{"@id":"https:\/\/www.cuballama.com\/noticias\/#organization"},"image":{"@id":"https:\/\/www.cuballama.com\/noticias\/cubano-exsargento-de-las-far-condenado-en-iowa-por-liderar-una-red-de-fraudes-al-ppp\/#primaryimage"},"thumbnailUrl":"https:\/\/cdn1.mediawpaccore.net\/wp-content\/uploads\/2025\/12\/09043530\/image-23.png","keywords":["cubanos en iowa","doj","fraude al PPP","fraude financiero","Inmigrantes cubanos","lavado de dinero","pandemia de COVID-19","plantas c\u00e1rnicas","programas de ayuda","Yovany Ciero"],"articleSection":["Noticias","USA"],"inLanguage":"es","potentialAction":[{"@type":"CommentAction","name":"Comment","target":["https:\/\/www.cuballama.com\/noticias\/cubano-exsargento-de-las-far-condenado-en-iowa-por-liderar-una-red-de-fraudes-al-ppp\/#respond"]}]},{"@type":"WebPage","@id":"https:\/\/www.cuballama.com\/noticias\/cubano-exsargento-de-las-far-condenado-en-iowa-por-liderar-una-red-de-fraudes-al-ppp\/","url":"https:\/\/www.cuballama.com\/noticias\/cubano-exsargento-de-las-far-condenado-en-iowa-por-liderar-una-red-de-fraudes-al-ppp\/","name":"Cubano exsargento de las FAR condenado en Iowa por liderar una red de fraudes al PPP - Cuballama Noticias","isPartOf":{"@id":"https:\/\/www.cuballama.com\/noticias\/#website"},"primaryImageOfPage":{"@id":"https:\/\/www.cuballama.com\/noticias\/cubano-exsargento-de-las-far-condenado-en-iowa-por-liderar-una-red-de-fraudes-al-ppp\/#primaryimage"},"image":{"@id":"https:\/\/www.cuballama.com\/noticias\/cubano-exsargento-de-las-far-condenado-en-iowa-por-liderar-una-red-de-fraudes-al-ppp\/#primaryimage"},"thumbnailUrl":"https:\/\/cdn1.mediawpaccore.net\/wp-content\/uploads\/2025\/12\/09043530\/image-23.png","datePublished":"2025-12-10T13:15:59+00:00","dateModified":"2025-12-10T13:16:08+00:00","description":"El exsargento cubano Yovany Ciero es condenado en Iowa por liderar un fraude al PPP con m\u00e1s de cien inmigrantes, casi todos cubanos.","breadcrumb":{"@id":"https:\/\/www.cuballama.com\/noticias\/cubano-exsargento-de-las-far-condenado-en-iowa-por-liderar-una-red-de-fraudes-al-ppp\/#breadcrumb"},"inLanguage":"es","potentialAction":[{"@type":"ReadAction","target":["https:\/\/www.cuballama.com\/noticias\/cubano-exsargento-de-las-far-condenado-en-iowa-por-liderar-una-red-de-fraudes-al-ppp\/"]}]},{"@type":"ImageObject","inLanguage":"es","@id":"https:\/\/www.cuballama.com\/noticias\/cubano-exsargento-de-las-far-condenado-en-iowa-por-liderar-una-red-de-fraudes-al-ppp\/#primaryimage","url":"https:\/\/cdn1.mediawpaccore.net\/wp-content\/uploads\/2025\/12\/09043530\/image-23.png","contentUrl":"https:\/\/cdn1.mediawpaccore.net\/wp-content\/uploads\/2025\/12\/09043530\/image-23.png","width":1572,"height":840,"caption":"En mayo de 2025, un jurado declar\u00f3 culpable a este cubano de tres cargos de fraude electr\u00f3nico, 23 de lavado de dinero, uno de transacci\u00f3n monetaria con bienes de origen il\u00edcito y otro de conspiraci\u00f3n para lavar dinero."},{"@type":"BreadcrumbList","@id":"https:\/\/www.cuballama.com\/noticias\/cubano-exsargento-de-las-far-condenado-en-iowa-por-liderar-una-red-de-fraudes-al-ppp\/#breadcrumb","itemListElement":[{"@type":"ListItem","position":1,"name":"Home","item":"https:\/\/www.cuballama.com\/noticias\/"},{"@type":"ListItem","position":2,"name":"Cubano exsargento de las FAR condenado en Iowa por liderar una red de fraudes al PPP"}]},{"@type":"WebSite","@id":"https:\/\/www.cuballama.com\/noticias\/#website","url":"https:\/\/www.cuballama.com\/noticias\/","name":"Cuballama Noticias","description":"Medio digital sobre Cuba y el mundo","publisher":{"@id":"https:\/\/www.cuballama.com\/noticias\/#organization"},"potentialAction":[{"@type":"SearchAction","target":{"@type":"EntryPoint","urlTemplate":"https:\/\/www.cuballama.com\/noticias\/?s={search_term_string}"},"query-input":{"@type":"PropertyValueSpecification","valueRequired":true,"valueName":"search_term_string"}}],"inLanguage":"es"},{"@type":"Organization","@id":"https:\/\/www.cuballama.com\/noticias\/#organization","name":"Cuballama","url":"https:\/\/www.cuballama.com\/noticias\/","logo":{"@type":"ImageObject","inLanguage":"es","@id":"https:\/\/www.cuballama.com\/noticias\/#\/schema\/logo\/image\/","url":"https:\/\/cdn1.mediawpaccore.net\/wp-content\/uploads\/2021\/12\/28171206\/cbll-logo-color-sm.png","contentUrl":"https:\/\/cdn1.mediawpaccore.net\/wp-content\/uploads\/2021\/12\/28171206\/cbll-logo-color-sm.png","width":600,"height":133,"caption":"Cuballama"},"image":{"@id":"https:\/\/www.cuballama.com\/noticias\/#\/schema\/logo\/image\/"},"sameAs":["https:\/\/www.facebook.com\/CubaLlama","https:\/\/x.com\/cuballama","https:\/\/www.instagram.com\/stories\/cuballama_oficial\/","https:\/\/www.youtube.com\/channel\/UCKkFE-d_axENGZcrc4as0IA"]},{"@type":"Person","@id":"https:\/\/www.cuballama.com\/noticias\/#\/schema\/person\/a58502ed4146c8e9f83872e897c76cd2","name":"Roberto A.","description":"Roberto A. Periodista por decisi\u00f3n propia. Interesado en cualquier tema que me apasione y cada vez m\u00e1s comprometido con la verdad y la objetividad period\u00edstica. Graduado en La Habana hace ya muchos a\u00f1os, luego de una accidentada y polvorienta b\u00fasqueda de informaci\u00f3n sobre un tema in\u00e9dito. La Tesis, por cierto, desapareci\u00f3 de la biblioteca y no se conservan copias de la misma.","url":"https:\/\/www.cuballama.com\/noticias\/author\/roberto\/"}]}},"_links":{"self":[{"href":"https:\/\/www.cuballama.com\/noticias\/wp-json\/wp\/v2\/posts\/228103","targetHints":{"allow":["GET"]}}],"collection":[{"href":"https:\/\/www.cuballama.com\/noticias\/wp-json\/wp\/v2\/posts"}],"about":[{"href":"https:\/\/www.cuballama.com\/noticias\/wp-json\/wp\/v2\/types\/post"}],"author":[{"embeddable":true,"href":"https:\/\/www.cuballama.com\/noticias\/wp-json\/wp\/v2\/users\/13"}],"replies":[{"embeddable":true,"href":"https:\/\/www.cuballama.com\/noticias\/wp-json\/wp\/v2\/comments?post=228103"}],"version-history":[{"count":6,"href":"https:\/\/www.cuballama.com\/noticias\/wp-json\/wp\/v2\/posts\/228103\/revisions"}],"predecessor-version":[{"id":228115,"href":"https:\/\/www.cuballama.com\/noticias\/wp-json\/wp\/v2\/posts\/228103\/revisions\/228115"}],"wp:featuredmedia":[{"embeddable":true,"href":"https:\/\/www.cuballama.com\/noticias\/wp-json\/wp\/v2\/media\/228109"}],"wp:attachment":[{"href":"https:\/\/www.cuballama.com\/noticias\/wp-json\/wp\/v2\/media?parent=228103"}],"wp:term":[{"taxonomy":"category","embeddable":true,"href":"https:\/\/www.cuballama.com\/noticias\/wp-json\/wp\/v2\/categories?post=228103"},{"taxonomy":"post_tag","embeddable":true,"href":"https:\/\/www.cuballama.com\/noticias\/wp-json\/wp\/v2\/tags?post=228103"}],"curies":[{"name":"wp","href":"https:\/\/api.w.org\/{rel}","templated":true}]}}