{"id":228089,"date":"2025-12-10T08:14:14","date_gmt":"2025-12-10T13:14:14","guid":{"rendered":"https:\/\/www.cuballama.com\/noticias\/?p=228089"},"modified":"2025-12-10T08:14:20","modified_gmt":"2025-12-10T13:14:20","slug":"se-reporta-que-otras-dos-cubanas-perdieron-la-vida-en-las-ultimas-horas","status":"publish","type":"post","link":"https:\/\/www.cuballama.com\/noticias\/se-reporta-que-otras-dos-cubanas-perdieron-la-vida-en-las-ultimas-horas\/","title":{"rendered":"Se reporta que otras dos cubanas perdieron la vida en las \u00faltimas horas"},"content":{"rendered":"\n<p>La noticia del <strong><a href=\"https:\/\/www.cuballama.com\/noticias\/cubana-de-17-anos-muere-apunalada-por-su-novio-en-matanzas\/\" target=\"_blank\" rel=\"noreferrer noopener\">feminicidio de la adolescente <em>Heidi Garc\u00eda Orozco<\/em> en Jovellanos, Matanzas<\/a><\/strong>, lleg\u00f3 casi al mismo tiempo que la confirmaci\u00f3n del <strong><a href=\"https:\/\/www.cuballama.com\/noticias\/reportan-un-nuevo-feminicidio-en-mayabeque-cuba\/\" target=\"_blank\" rel=\"noreferrer noopener\">asesinato de <em>Estefany Reyes G\u00f3mez<\/em> en Madruga, Mayabeque.<\/a><\/strong> Dos nombres, dos municipios, dos historias marcadas por la violencia machista en entornos que se supon\u00edan seguros: la casa de familia, la pareja, la rutina de un d\u00eda cualquiera. Pero mientras el pa\u00eds diger\u00eda esos dos cr\u00edmenes, otras dos cubanas perd\u00edan la vida en circunstancias igualmente violentas, y una menor en Ciego de \u00c1vila sobreviv\u00eda de milagro a una golpiza que, de no haberse denunciado, pudo terminar en otro feminicidio.<\/p>\n\n\n\n<p>Durante las mismas horas en que se discut\u00edan estos dos casos fatales, otro crimen estremec\u00eda a la ciudad de Baracoa, en Guant\u00e1namo. All\u00ed, <em>Yinet Laba\u00f1ino<\/em> y su esposo, un hombre de la tercera edad, fueron asesinados en su vivienda. <\/p>\n\n\n\n<p>Testimonios recogidos por <a href=\"https:\/\/www.facebook.com\/Deuntijeretazo\/posts\/pfbid02uF4JxsZiac1cqxVAK5ByZRvP2E6oCmY3PWQZQZX6Ybs78NeXkZBv69obghjkxMLHl\" target=\"_blank\" rel=\"noreferrer noopener nofollow\">p\u00e1ginas informativas<\/a> se\u00f1alan como presunto agresor al amante de Yinet, quien habr\u00eda llegado hasta la casa y perpetrado el doble asesinato antes de ser detenido por las autoridades. A la v\u00edctima le sobreviven un hijo peque\u00f1o y una hija adolescente, que enfrentan ahora una p\u00e9rdida doble y brutal.<\/p>\n\n\n\n<iframe loading=\"lazy\" src=\"https:\/\/www.facebook.com\/plugins\/post.php?href=https%3A%2F%2Fwww.facebook.com%2FDeuntijeretazo%2Fposts%2Fpfbid02uF4JxsZiac1cqxVAK5ByZRvP2E6oCmY3PWQZQZX6Ybs78NeXkZBv69obghjkxMLHl&#038;show_text=true&#038;width=500\" width=\"500\" height=\"767\" style=\"border:none;overflow:hidden\" scrolling=\"no\" frameborder=\"0\" allowfullscreen=\"true\" allow=\"autoplay; clipboard-write; encrypted-media; picture-in-picture; web-share\"><\/iframe>\n\n\n\n<p>La muerte de Yinet puso en primer plano otra tensi\u00f3n: el l\u00edmite entre el derecho a informar y el respeto a la intimidad de las v\u00edctimas y sus familias. Mientras algunos vecinos y amistades dejaban mensajes de despedida recordando a la mujer como maestra y amiga, otros criticaban la exposici\u00f3n p\u00fablica de detalles personales y las especulaciones sobre su vida privada. En los comentarios se cruzan la exigencia de justicia, el reclamo de respeto al dolor ajeno y la constataci\u00f3n de que las redes sociales son hoy el espacio donde estos cr\u00edmenes se conocen, se discuten y, muchas veces, son la \u00fanica v\u00eda para exigir una respuesta.<\/p>\n\n\n\n<p>La muerte de mujeres cubanas no se limita solo al espacio geogr\u00e1fico que abarca la isla en el mapa caribe\u00f1o. En Chicago, Estados Unidos, fue hallada sin vida <em>Claudia Camila Matos<\/em>, de 21 a\u00f1os, oriunda de Moa, Holgu\u00edn. Hab\u00eda sido reportada como desaparecida durante 48 horas y fue encontrada con una lesi\u00f3n grave en la cabeza. <\/p>\n\n\n\n<iframe loading=\"lazy\" src=\"https:\/\/www.facebook.com\/plugins\/post.php?href=https%3A%2F%2Fwww.facebook.com%2Fpermalink.php%3Fstory_fbid%3Dpfbid02WbG2PYTrTMCVwMZMb8BGhLYzqcsVawCkdJPVqC5VVUQeLzADwfZ16teS85j4RQKEl%26id%3D61559784217848&#038;show_text=true&#038;width=500\" width=\"500\" height=\"793\" style=\"border:none;overflow:hidden\" scrolling=\"no\" frameborder=\"0\" allowfullscreen=\"true\" allow=\"autoplay; clipboard-write; encrypted-media; picture-in-picture; web-share\"><\/iframe>\n\n\n\n<p>La familia, ahora, intenta reunir 18 000 d\u00f3lares mediante una campa\u00f1a en GoFundMe para repatriar el cuerpo a Cuba, donde su madre y el resto de sus seres queridos esperan poder despedirla. <\/p>\n\n\n\n<div class=\"gfm-embed\" data-url=\"https:\/\/www.gofundme.com\/f\/claudia-camila\/widget\/large?sharesheet=undefined&#038;attribution_id=sl:9fb7c52b-fffb-4cbe-ba43-0e3b9e86933d\"><\/div><script defer src=\"https:\/\/www.gofundme.com\/static\/js\/embed.js\"><\/script>\n\n\n\n<p>En redes circula la imagen de un hombre con antecedentes por violencia dom\u00e9stica, se\u00f1alado de forma extraoficial como posible implicado, pero hasta el momento no existe confirmaci\u00f3n oficial que lo vincule al caso, por lo que se insiste en la necesidad de no difundir acusaciones no verificadas mientras avanza la investigaci\u00f3n.<\/p>\n\n\n\n<blockquote class=\"instagram-media\" data-instgrm-captioned data-instgrm-permalink=\"https:\/\/www.instagram.com\/p\/DSByicok6TA\/?utm_source=ig_embed&amp;utm_campaign=loading\" data-instgrm-version=\"14\" style=\" background:#FFF; border:0; border-radius:3px; box-shadow:0 0 1px 0 rgba(0,0,0,0.5),0 1px 10px 0 rgba(0,0,0,0.15); margin: 1px; max-width:540px; min-width:326px; padding:0; width:99.375%; width:-webkit-calc(100% - 2px); width:calc(100% - 2px);\"><div style=\"padding:16px;\"> <a href=\"https:\/\/www.instagram.com\/p\/DSByicok6TA\/?utm_source=ig_embed&amp;utm_campaign=loading\" style=\" background:#FFFFFF; line-height:0; padding:0 0; text-align:center; text-decoration:none; width:100%;\" target=\"_blank\"> <div style=\" display: flex; flex-direction: row; align-items: center;\"> <div style=\"background-color: #F4F4F4; border-radius: 50%; flex-grow: 0; height: 40px; margin-right: 14px; width: 40px;\"><\/div> <div style=\"display: flex; flex-direction: column; flex-grow: 1; justify-content: center;\"> <div style=\" background-color: #F4F4F4; border-radius: 4px; flex-grow: 0; height: 14px; margin-bottom: 6px; width: 100px;\"><\/div> <div style=\" background-color: #F4F4F4; border-radius: 4px; flex-grow: 0; height: 14px; width: 60px;\"><\/div><\/div><\/div><div style=\"padding: 19% 0;\"><\/div> <div style=\"display:block; height:50px; margin:0 auto 12px; width:50px;\"><svg width=\"50px\" height=\"50px\" viewBox=\"0 0 60 60\" version=\"1.1\" xmlns=\"https:\/\/www.w3.org\/2000\/svg\" xmlns:xlink=\"https:\/\/www.w3.org\/1999\/xlink\"><g stroke=\"none\" stroke-width=\"1\" fill=\"none\" fill-rule=\"evenodd\"><g transform=\"translate(-511.000000, -20.000000)\" fill=\"#000000\"><g><path d=\"M556.869,30.41 C554.814,30.41 553.148,32.076 553.148,34.131 C553.148,36.186 554.814,37.852 556.869,37.852 C558.924,37.852 560.59,36.186 560.59,34.131 C560.59,32.076 558.924,30.41 556.869,30.41 M541,60.657 C535.114,60.657 530.342,55.887 530.342,50 C530.342,44.114 535.114,39.342 541,39.342 C546.887,39.342 551.658,44.114 551.658,50 C551.658,55.887 546.887,60.657 541,60.657 M541,33.886 C532.1,33.886 524.886,41.1 524.886,50 C524.886,58.899 532.1,66.113 541,66.113 C549.9,66.113 557.115,58.899 557.115,50 C557.115,41.1 549.9,33.886 541,33.886 M565.378,62.101 C565.244,65.022 564.756,66.606 564.346,67.663 C563.803,69.06 563.154,70.057 562.106,71.106 C561.058,72.155 560.06,72.803 558.662,73.347 C557.607,73.757 556.021,74.244 553.102,74.378 C549.944,74.521 548.997,74.552 541,74.552 C533.003,74.552 532.056,74.521 528.898,74.378 C525.979,74.244 524.393,73.757 523.338,73.347 C521.94,72.803 520.942,72.155 519.894,71.106 C518.846,70.057 518.197,69.06 517.654,67.663 C517.244,66.606 516.755,65.022 516.623,62.101 C516.479,58.943 516.448,57.996 516.448,50 C516.448,42.003 516.479,41.056 516.623,37.899 C516.755,34.978 517.244,33.391 517.654,32.338 C518.197,30.938 518.846,29.942 519.894,28.894 C520.942,27.846 521.94,27.196 523.338,26.654 C524.393,26.244 525.979,25.756 528.898,25.623 C532.057,25.479 533.004,25.448 541,25.448 C548.997,25.448 549.943,25.479 553.102,25.623 C556.021,25.756 557.607,26.244 558.662,26.654 C560.06,27.196 561.058,27.846 562.106,28.894 C563.154,29.942 563.803,30.938 564.346,32.338 C564.756,33.391 565.244,34.978 565.378,37.899 C565.522,41.056 565.552,42.003 565.552,50 C565.552,57.996 565.522,58.943 565.378,62.101 M570.82,37.631 C570.674,34.438 570.167,32.258 569.425,30.349 C568.659,28.377 567.633,26.702 565.965,25.035 C564.297,23.368 562.623,22.342 560.652,21.575 C558.743,20.834 556.562,20.326 553.369,20.18 C550.169,20.033 549.148,20 541,20 C532.853,20 531.831,20.033 528.631,20.18 C525.438,20.326 523.257,20.834 521.349,21.575 C519.376,22.342 517.703,23.368 516.035,25.035 C514.368,26.702 513.342,28.377 512.574,30.349 C511.834,32.258 511.326,34.438 511.181,37.631 C511.035,40.831 511,41.851 511,50 C511,58.147 511.035,59.17 511.181,62.369 C511.326,65.562 511.834,67.743 512.574,69.651 C513.342,71.625 514.368,73.296 516.035,74.965 C517.703,76.634 519.376,77.658 521.349,78.425 C523.257,79.167 525.438,79.673 528.631,79.82 C531.831,79.965 532.853,80.001 541,80.001 C549.148,80.001 550.169,79.965 553.369,79.82 C556.562,79.673 558.743,79.167 560.652,78.425 C562.623,77.658 564.297,76.634 565.965,74.965 C567.633,73.296 568.659,71.625 569.425,69.651 C570.167,67.743 570.674,65.562 570.82,62.369 C570.966,59.17 571,58.147 571,50 C571,41.851 570.966,40.831 570.82,37.631\"><\/path><\/g><\/g><\/g><\/svg><\/div><div style=\"padding-top: 8px;\"> <div style=\" color:#3897f0; font-family:Arial,sans-serif; font-size:14px; font-style:normal; font-weight:550; line-height:18px;\">View this post on Instagram<\/div><\/div><div style=\"padding: 12.5% 0;\"><\/div> <div style=\"display: flex; flex-direction: row; margin-bottom: 14px; align-items: center;\"><div> <div style=\"background-color: #F4F4F4; border-radius: 50%; height: 12.5px; width: 12.5px; transform: translateX(0px) translateY(7px);\"><\/div> <div style=\"background-color: #F4F4F4; height: 12.5px; transform: rotate(-45deg) translateX(3px) translateY(1px); width: 12.5px; flex-grow: 0; margin-right: 14px; margin-left: 2px;\"><\/div> <div style=\"background-color: #F4F4F4; border-radius: 50%; height: 12.5px; width: 12.5px; transform: translateX(9px) translateY(-18px);\"><\/div><\/div><div style=\"margin-left: 8px;\"> <div style=\" background-color: #F4F4F4; border-radius: 50%; flex-grow: 0; height: 20px; width: 20px;\"><\/div> <div style=\" width: 0; height: 0; border-top: 2px solid transparent; border-left: 6px solid #f4f4f4; border-bottom: 2px solid transparent; transform: translateX(16px) translateY(-4px) rotate(30deg)\"><\/div><\/div><div style=\"margin-left: auto;\"> <div style=\" width: 0px; border-top: 8px solid #F4F4F4; border-right: 8px solid transparent; transform: translateY(16px);\"><\/div> <div style=\" background-color: #F4F4F4; flex-grow: 0; height: 12px; width: 16px; transform: translateY(-4px);\"><\/div> <div style=\" width: 0; height: 0; border-top: 8px solid #F4F4F4; border-left: 8px solid transparent; transform: translateY(-4px) translateX(8px);\"><\/div><\/div><\/div> <div style=\"display: flex; flex-direction: column; flex-grow: 1; justify-content: center; margin-bottom: 24px;\"> <div style=\" background-color: #F4F4F4; border-radius: 4px; flex-grow: 0; height: 14px; margin-bottom: 6px; width: 224px;\"><\/div> <div style=\" background-color: #F4F4F4; border-radius: 4px; flex-grow: 0; height: 14px; width: 144px;\"><\/div><\/div><\/a><p style=\" color:#c9c8cd; font-family:Arial,sans-serif; font-size:14px; line-height:17px; margin-bottom:0; margin-top:8px; overflow:hidden; padding:8px 0 7px; text-align:center; text-overflow:ellipsis; white-space:nowrap;\"><a href=\"https:\/\/www.instagram.com\/p\/DSByicok6TA\/?utm_source=ig_embed&amp;utm_campaign=loading\" style=\" color:#c9c8cd; font-family:Arial,sans-serif; font-size:14px; font-style:normal; font-weight:normal; line-height:17px; text-decoration:none;\" target=\"_blank\">A post shared by Niover Licea (@nioreportandouncrimen)<\/a><\/p><\/div><\/blockquote>\n<script async src=\"\/\/www.instagram.com\/embed.js\"><\/script>\n\n\n\n<p>En contraste con estos desenlaces fatales, un caso en Ciego de \u00c1vila muestra lo que puede ocurrir cuando una comunidad decide no callar a tiempo. <\/p>\n\n\n\n<p>En la localidad de Lango L\u00f3pez, una adolescente de 15 a\u00f1os fue brutalmente golpeada por un hombre adulto. Las im\u00e1genes y testimonios sobre el ataque circularon masivamente en redes sociales y provocaron una indignaci\u00f3n inmediata. D\u00edas despu\u00e9s, <a href=\"https:\/\/www.facebook.com\/michaela.bremer.9\/posts\/pfbid0pnn26nWtRHmkMqdpWAok5orbU8W7LrhFKqEb8KLuojBKJNM4wY3BaN83xnCn3NSNl\" target=\"_blank\" rel=\"noreferrer noopener\">activistas como Irma Lidia Broek confirmaron que el agresor hab\u00eda sido detenido<\/a>, pese a que su padre, oficial de la Polic\u00eda, habr\u00eda intentado encubrirlo. El caso est\u00e1 siendo tratado como abuso infantil y violencia de g\u00e9nero, y se ha convertido en ejemplo de c\u00f3mo la presi\u00f3n social puede forzar una reacci\u00f3n institucional m\u00e1s r\u00e1pida y evitar que un episodio de maltrato escale hasta un feminicidio.<\/p>\n\n\n\n<iframe loading=\"lazy\" src=\"https:\/\/www.facebook.com\/plugins\/post.php?href=https%3A%2F%2Fwww.facebook.com%2Fmichaela.bremer.9%2Fposts%2Fpfbid0pnn26nWtRHmkMqdpWAok5orbU8W7LrhFKqEb8KLuojBKJNM4wY3BaN83xnCn3NSNl&#038;show_text=true&#038;width=500\" width=\"500\" height=\"842\" style=\"border:none;overflow:hidden\" scrolling=\"no\" frameborder=\"0\" allowfullscreen=\"true\" allow=\"autoplay; clipboard-write; encrypted-media; picture-in-picture; web-share\"><\/iframe>\n\n\n\n<p>Tomados en conjunto, estos hechos no son cuatro o cinco sucesos aislados, sino diferentes puntos de una misma l\u00ednea de continuidad: la violencia machista que atraviesa la vida de las mujeres cubanas en la isla y en la di\u00e1spora. Mientras los observatorios independientes contabilizan al menos 43 feminicidios en lo que va de 2025, adem\u00e1s de intentos de feminicidio y otros asesinatos por motivos de g\u00e9nero, el feminicidio sigue sin estar tipificado como delito espec\u00edfico en el C\u00f3digo Penal cubano, y los medios oficiales rara vez utilizan esa palabra para nombrar los cr\u00edmenes. <\/p>\n\n\n\n<figure class=\"wp-block-image size-large\"><img loading=\"lazy\" decoding=\"async\" width=\"1024\" height=\"539\" src=\"https:\/\/cdn1.mediawpaccore.net\/wp-content\/uploads\/2025\/12\/09035907\/image-22-1024x539.png\" alt=\"\" class=\"wp-image-228095\" srcset=\"https:\/\/cdn1.mediawpaccore.net\/wp-content\/uploads\/2025\/12\/09035907\/image-22-1024x539.png 1024w, https:\/\/cdn1.mediawpaccore.net\/wp-content\/uploads\/2025\/12\/09035907\/image-22-300x158.png 300w, https:\/\/cdn1.mediawpaccore.net\/wp-content\/uploads\/2025\/12\/09035907\/image-22-768x404.png 768w, https:\/\/cdn1.mediawpaccore.net\/wp-content\/uploads\/2025\/12\/09035907\/image-22-1536x808.png 1536w, https:\/\/cdn1.mediawpaccore.net\/wp-content\/uploads\/2025\/12\/09035907\/image-22-799x420.png 799w, https:\/\/cdn1.mediawpaccore.net\/wp-content\/uploads\/2025\/12\/09035907\/image-22-150x79.png 150w, https:\/\/cdn1.mediawpaccore.net\/wp-content\/uploads\/2025\/12\/09035907\/image-22-696x366.png 696w, https:\/\/cdn1.mediawpaccore.net\/wp-content\/uploads\/2025\/12\/09035907\/image-22-1068x562.png 1068w, https:\/\/cdn1.mediawpaccore.net\/wp-content\/uploads\/2025\/12\/09035907\/image-22-1920x1010.png 1920w, https:\/\/cdn1.mediawpaccore.net\/wp-content\/uploads\/2025\/12\/09035907\/image-22.png 1970w\" sizes=\"auto, (max-width: 1024px) 100vw, 1024px\" \/><\/figure>\n\n\n\n<p>En Jovellanos, Mayabeque, Baracoa, Moa o Chicago, y en una comunidad rural de Ciego de \u00c1vila donde una ni\u00f1a se salv\u00f3 a fuerza de gritos en Facebook, se repite la misma pregunta que atraviesa barrios y pantallas: cu\u00e1ntas mujeres m\u00e1s deber\u00e1n morir \u2013o quedar al borde de la muerte\u2013 antes de que el Estado reconozca la magnitud de la emergencia y establezca pol\u00edticas reales de prevenci\u00f3n, protecci\u00f3n y reparaci\u00f3n. Mientras esa respuesta no llegue, ser\u00e1n las familias, las amistades, las p\u00e1ginas comunitarias y los observatorios independientes quienes sigan poniendo nombre y rostro a cada nueva v\u00edctima.<\/p>\n","protected":false},"excerpt":{"rendered":"<p>En Jovellanos, Mayabeque, Baracoa, Moa o Chicago, y en una comunidad rural de Ciego de \u00c1vila donde una ni\u00f1a se salv\u00f3 a fuerza de gritos en Facebook, se repite la misma pregunta que atraviesa barrios y pantallas: cu\u00e1ntas mujeres m\u00e1s deber\u00e1n morir \u2013o quedar al borde de la muerte\u2013 antes de que el Estado reconozca la magnitud de la emergencia y establezca pol\u00edticas reales de prevenci\u00f3n, protecci\u00f3n y reparaci\u00f3n. <\/p>\n","protected":false},"author":13,"featured_media":228095,"comment_status":"open","ping_status":"closed","sticky":false,"template":"","format":"standard","meta":{"_acf_changed":false,"footnotes":""},"categories":[18,955],"tags":[1701,815,29441,13618,29424,13335,29442,23901,16048,5861,2917,29444,421,17069,29443],"class_list":{"0":"post-228089","1":"post","2":"type-post","3":"status-publish","4":"format-standard","5":"has-post-thumbnail","7":"category-noticias","8":"category-noticias-de-cuba","9":"tag-baracoa","10":"tag-chicago","11":"tag-claudia-camila-matos","12":"tag-cuba-hoy","13":"tag-estefany-reyes-gomez","14":"tag-feminicidios-en-cuba","15":"tag-heidi-garcia-orozco","16":"tag-impunidad","17":"tag-jovellanos","18":"tag-mayabeque","19":"tag-moa","20":"tag-observatorios-feministas","21":"tag-violencia-de-genero","22":"tag-violencia-machista","23":"tag-yinet-labanino"},"acf":[],"yoast_head":"<!-- This site is optimized with the Yoast SEO plugin v27.5 - https:\/\/yoast.com\/product\/yoast-seo-wordpress\/ -->\n<title>Se reporta que otras dos cubanas perdieron la vida en las \u00faltimas horas - Cuballama Noticias<\/title>\n<meta name=\"description\" content=\"Reportaje sobre cuatro cubanas asesinadas y una menor agredida, casos que evidencian la creciente violencia de g\u00e9nero dentro y fuera de Cuba.\" \/>\n<meta name=\"robots\" content=\"index, follow, max-snippet:-1, max-image-preview:large, max-video-preview:-1\" \/>\n<link rel=\"canonical\" href=\"https:\/\/www.cuballama.com\/noticias\/se-reporta-que-otras-dos-cubanas-perdieron-la-vida-en-las-ultimas-horas\/\" \/>\n<meta property=\"og:locale\" content=\"es_ES\" \/>\n<meta property=\"og:type\" content=\"article\" \/>\n<meta property=\"og:title\" content=\"Se reporta que otras dos cubanas perdieron la vida en las \u00faltimas horas - Cuballama Noticias\" \/>\n<meta property=\"og:description\" content=\"Reportaje sobre cuatro cubanas asesinadas y una menor agredida, casos que evidencian la creciente violencia de g\u00e9nero dentro y fuera de Cuba.\" \/>\n<meta property=\"og:url\" content=\"https:\/\/www.cuballama.com\/noticias\/se-reporta-que-otras-dos-cubanas-perdieron-la-vida-en-las-ultimas-horas\/\" \/>\n<meta property=\"og:site_name\" content=\"Cuballama Noticias\" \/>\n<meta property=\"article:publisher\" content=\"https:\/\/www.facebook.com\/CubaLlama\" \/>\n<meta property=\"article:published_time\" content=\"2025-12-10T13:14:14+00:00\" \/>\n<meta property=\"article:modified_time\" content=\"2025-12-10T13:14:20+00:00\" \/>\n<meta property=\"og:image\" content=\"https:\/\/cdn1.mediawpaccore.net\/wp-content\/uploads\/2025\/12\/09035907\/image-22.png\" \/>\n\t<meta property=\"og:image:width\" content=\"1970\" \/>\n\t<meta property=\"og:image:height\" content=\"1036\" \/>\n\t<meta property=\"og:image:type\" content=\"image\/png\" \/>\n<meta name=\"author\" content=\"Roberto A.\" \/>\n<meta name=\"twitter:card\" content=\"summary_large_image\" \/>\n<meta name=\"twitter:creator\" content=\"@cuballama\" \/>\n<meta name=\"twitter:site\" content=\"@cuballama\" \/>\n<meta name=\"twitter:label1\" content=\"Escrito por\" \/>\n\t<meta name=\"twitter:data1\" content=\"Roberto A.\" \/>\n\t<meta name=\"twitter:label2\" content=\"Tiempo de lectura\" \/>\n\t<meta name=\"twitter:data2\" content=\"4 minutos\" \/>\n<script type=\"application\/ld+json\" class=\"yoast-schema-graph\">{\"@context\":\"https:\\\/\\\/schema.org\",\"@graph\":[{\"@type\":\"Article\",\"@id\":\"https:\\\/\\\/www.cuballama.com\\\/noticias\\\/se-reporta-que-otras-dos-cubanas-perdieron-la-vida-en-las-ultimas-horas\\\/#article\",\"isPartOf\":{\"@id\":\"https:\\\/\\\/www.cuballama.com\\\/noticias\\\/se-reporta-que-otras-dos-cubanas-perdieron-la-vida-en-las-ultimas-horas\\\/\"},\"author\":{\"name\":\"Roberto A.\",\"@id\":\"https:\\\/\\\/www.cuballama.com\\\/noticias\\\/#\\\/schema\\\/person\\\/a58502ed4146c8e9f83872e897c76cd2\"},\"headline\":\"Se reporta que otras dos cubanas perdieron la vida en las \u00faltimas horas\",\"datePublished\":\"2025-12-10T13:14:14+00:00\",\"dateModified\":\"2025-12-10T13:14:20+00:00\",\"mainEntityOfPage\":{\"@id\":\"https:\\\/\\\/www.cuballama.com\\\/noticias\\\/se-reporta-que-otras-dos-cubanas-perdieron-la-vida-en-las-ultimas-horas\\\/\"},\"wordCount\":843,\"commentCount\":0,\"publisher\":{\"@id\":\"https:\\\/\\\/www.cuballama.com\\\/noticias\\\/#organization\"},\"image\":{\"@id\":\"https:\\\/\\\/www.cuballama.com\\\/noticias\\\/se-reporta-que-otras-dos-cubanas-perdieron-la-vida-en-las-ultimas-horas\\\/#primaryimage\"},\"thumbnailUrl\":\"https:\\\/\\\/cdn1.mediawpaccore.net\\\/wp-content\\\/uploads\\\/2025\\\/12\\\/09035907\\\/image-22.png\",\"keywords\":[\"Baracoa\",\"Chicago\",\"Claudia Camila Matos\",\"Cuba hoy\",\"Estefany Reyes G\u00f3mez\",\"feminicidios en Cuba\",\"Heidi Garc\u00eda Orozco\",\"Impunidad\",\"Jovellanos\",\"Mayabeque\",\"Moa\",\"observatorios feministas\",\"Violencia de G\u00e9nero\",\"Violencia Machista\",\"Yinet Laba\u00f1ino\"],\"articleSection\":[\"Noticias\",\"Noticias de Cuba\"],\"inLanguage\":\"es\",\"potentialAction\":[{\"@type\":\"CommentAction\",\"name\":\"Comment\",\"target\":[\"https:\\\/\\\/www.cuballama.com\\\/noticias\\\/se-reporta-que-otras-dos-cubanas-perdieron-la-vida-en-las-ultimas-horas\\\/#respond\"]}]},{\"@type\":\"WebPage\",\"@id\":\"https:\\\/\\\/www.cuballama.com\\\/noticias\\\/se-reporta-que-otras-dos-cubanas-perdieron-la-vida-en-las-ultimas-horas\\\/\",\"url\":\"https:\\\/\\\/www.cuballama.com\\\/noticias\\\/se-reporta-que-otras-dos-cubanas-perdieron-la-vida-en-las-ultimas-horas\\\/\",\"name\":\"Se reporta que otras dos cubanas perdieron la vida en las \u00faltimas horas - Cuballama Noticias\",\"isPartOf\":{\"@id\":\"https:\\\/\\\/www.cuballama.com\\\/noticias\\\/#website\"},\"primaryImageOfPage\":{\"@id\":\"https:\\\/\\\/www.cuballama.com\\\/noticias\\\/se-reporta-que-otras-dos-cubanas-perdieron-la-vida-en-las-ultimas-horas\\\/#primaryimage\"},\"image\":{\"@id\":\"https:\\\/\\\/www.cuballama.com\\\/noticias\\\/se-reporta-que-otras-dos-cubanas-perdieron-la-vida-en-las-ultimas-horas\\\/#primaryimage\"},\"thumbnailUrl\":\"https:\\\/\\\/cdn1.mediawpaccore.net\\\/wp-content\\\/uploads\\\/2025\\\/12\\\/09035907\\\/image-22.png\",\"datePublished\":\"2025-12-10T13:14:14+00:00\",\"dateModified\":\"2025-12-10T13:14:20+00:00\",\"description\":\"Reportaje sobre cuatro cubanas asesinadas y una menor agredida, casos que evidencian la creciente violencia de g\u00e9nero dentro y fuera de Cuba.\",\"breadcrumb\":{\"@id\":\"https:\\\/\\\/www.cuballama.com\\\/noticias\\\/se-reporta-que-otras-dos-cubanas-perdieron-la-vida-en-las-ultimas-horas\\\/#breadcrumb\"},\"inLanguage\":\"es\",\"potentialAction\":[{\"@type\":\"ReadAction\",\"target\":[\"https:\\\/\\\/www.cuballama.com\\\/noticias\\\/se-reporta-que-otras-dos-cubanas-perdieron-la-vida-en-las-ultimas-horas\\\/\"]}]},{\"@type\":\"ImageObject\",\"inLanguage\":\"es\",\"@id\":\"https:\\\/\\\/www.cuballama.com\\\/noticias\\\/se-reporta-que-otras-dos-cubanas-perdieron-la-vida-en-las-ultimas-horas\\\/#primaryimage\",\"url\":\"https:\\\/\\\/cdn1.mediawpaccore.net\\\/wp-content\\\/uploads\\\/2025\\\/12\\\/09035907\\\/image-22.png\",\"contentUrl\":\"https:\\\/\\\/cdn1.mediawpaccore.net\\\/wp-content\\\/uploads\\\/2025\\\/12\\\/09035907\\\/image-22.png\",\"width\":1970,\"height\":1036,\"caption\":\"Yinet Laba\u00f1ino (izq) fue asesinada dentro de su casa. Claudia Camila Matos (der) fue reportada como desaparecida y hallada con un golpe en la cabeza, seg\u00fan reportes en redes sociales que citan una investigaci\u00f3n criminal en curso. Foto: Cortes\u00eda de Niover Licea\"},{\"@type\":\"BreadcrumbList\",\"@id\":\"https:\\\/\\\/www.cuballama.com\\\/noticias\\\/se-reporta-que-otras-dos-cubanas-perdieron-la-vida-en-las-ultimas-horas\\\/#breadcrumb\",\"itemListElement\":[{\"@type\":\"ListItem\",\"position\":1,\"name\":\"Home\",\"item\":\"https:\\\/\\\/www.cuballama.com\\\/noticias\\\/\"},{\"@type\":\"ListItem\",\"position\":2,\"name\":\"Se reporta que otras dos cubanas perdieron la vida en las \u00faltimas horas\"}]},{\"@type\":\"WebSite\",\"@id\":\"https:\\\/\\\/www.cuballama.com\\\/noticias\\\/#website\",\"url\":\"https:\\\/\\\/www.cuballama.com\\\/noticias\\\/\",\"name\":\"Cuballama Noticias\",\"description\":\"Medio digital sobre Cuba y el mundo\",\"publisher\":{\"@id\":\"https:\\\/\\\/www.cuballama.com\\\/noticias\\\/#organization\"},\"potentialAction\":[{\"@type\":\"SearchAction\",\"target\":{\"@type\":\"EntryPoint\",\"urlTemplate\":\"https:\\\/\\\/www.cuballama.com\\\/noticias\\\/?s={search_term_string}\"},\"query-input\":{\"@type\":\"PropertyValueSpecification\",\"valueRequired\":true,\"valueName\":\"search_term_string\"}}],\"inLanguage\":\"es\"},{\"@type\":\"Organization\",\"@id\":\"https:\\\/\\\/www.cuballama.com\\\/noticias\\\/#organization\",\"name\":\"Cuballama\",\"url\":\"https:\\\/\\\/www.cuballama.com\\\/noticias\\\/\",\"logo\":{\"@type\":\"ImageObject\",\"inLanguage\":\"es\",\"@id\":\"https:\\\/\\\/www.cuballama.com\\\/noticias\\\/#\\\/schema\\\/logo\\\/image\\\/\",\"url\":\"https:\\\/\\\/cdn1.mediawpaccore.net\\\/wp-content\\\/uploads\\\/2021\\\/12\\\/28171206\\\/cbll-logo-color-sm.png\",\"contentUrl\":\"https:\\\/\\\/cdn1.mediawpaccore.net\\\/wp-content\\\/uploads\\\/2021\\\/12\\\/28171206\\\/cbll-logo-color-sm.png\",\"width\":600,\"height\":133,\"caption\":\"Cuballama\"},\"image\":{\"@id\":\"https:\\\/\\\/www.cuballama.com\\\/noticias\\\/#\\\/schema\\\/logo\\\/image\\\/\"},\"sameAs\":[\"https:\\\/\\\/www.facebook.com\\\/CubaLlama\",\"https:\\\/\\\/x.com\\\/cuballama\",\"https:\\\/\\\/www.instagram.com\\\/stories\\\/cuballama_oficial\\\/\",\"https:\\\/\\\/www.youtube.com\\\/channel\\\/UCKkFE-d_axENGZcrc4as0IA\"]},{\"@type\":\"Person\",\"@id\":\"https:\\\/\\\/www.cuballama.com\\\/noticias\\\/#\\\/schema\\\/person\\\/a58502ed4146c8e9f83872e897c76cd2\",\"name\":\"Roberto A.\",\"description\":\"Roberto A. Periodista por decisi\u00f3n propia. Interesado en cualquier tema que me apasione y cada vez m\u00e1s comprometido con la verdad y la objetividad period\u00edstica. Graduado en La Habana hace ya muchos a\u00f1os, luego de una accidentada y polvorienta b\u00fasqueda de informaci\u00f3n sobre un tema in\u00e9dito. La Tesis, por cierto, desapareci\u00f3 de la biblioteca y no se conservan copias de la misma.\",\"url\":\"https:\\\/\\\/www.cuballama.com\\\/noticias\\\/author\\\/roberto\\\/\"}]}<\/script>\n<!-- \/ Yoast SEO plugin. -->","yoast_head_json":{"title":"Se reporta que otras dos cubanas perdieron la vida en las \u00faltimas horas - Cuballama Noticias","description":"Reportaje sobre cuatro cubanas asesinadas y una menor agredida, casos que evidencian la creciente violencia de g\u00e9nero dentro y fuera de Cuba.","robots":{"index":"index","follow":"follow","max-snippet":"max-snippet:-1","max-image-preview":"max-image-preview:large","max-video-preview":"max-video-preview:-1"},"canonical":"https:\/\/www.cuballama.com\/noticias\/se-reporta-que-otras-dos-cubanas-perdieron-la-vida-en-las-ultimas-horas\/","og_locale":"es_ES","og_type":"article","og_title":"Se reporta que otras dos cubanas perdieron la vida en las \u00faltimas horas - Cuballama Noticias","og_description":"Reportaje sobre cuatro cubanas asesinadas y una menor agredida, casos que evidencian la creciente violencia de g\u00e9nero dentro y fuera de Cuba.","og_url":"https:\/\/www.cuballama.com\/noticias\/se-reporta-que-otras-dos-cubanas-perdieron-la-vida-en-las-ultimas-horas\/","og_site_name":"Cuballama Noticias","article_publisher":"https:\/\/www.facebook.com\/CubaLlama","article_published_time":"2025-12-10T13:14:14+00:00","article_modified_time":"2025-12-10T13:14:20+00:00","og_image":[{"width":1970,"height":1036,"url":"https:\/\/cdn1.mediawpaccore.net\/wp-content\/uploads\/2025\/12\/09035907\/image-22.png","type":"image\/png"}],"author":"Roberto A.","twitter_card":"summary_large_image","twitter_creator":"@cuballama","twitter_site":"@cuballama","twitter_misc":{"Escrito por":"Roberto A.","Tiempo de lectura":"4 minutos"},"schema":{"@context":"https:\/\/schema.org","@graph":[{"@type":"Article","@id":"https:\/\/www.cuballama.com\/noticias\/se-reporta-que-otras-dos-cubanas-perdieron-la-vida-en-las-ultimas-horas\/#article","isPartOf":{"@id":"https:\/\/www.cuballama.com\/noticias\/se-reporta-que-otras-dos-cubanas-perdieron-la-vida-en-las-ultimas-horas\/"},"author":{"name":"Roberto A.","@id":"https:\/\/www.cuballama.com\/noticias\/#\/schema\/person\/a58502ed4146c8e9f83872e897c76cd2"},"headline":"Se reporta que otras dos cubanas perdieron la vida en las \u00faltimas horas","datePublished":"2025-12-10T13:14:14+00:00","dateModified":"2025-12-10T13:14:20+00:00","mainEntityOfPage":{"@id":"https:\/\/www.cuballama.com\/noticias\/se-reporta-que-otras-dos-cubanas-perdieron-la-vida-en-las-ultimas-horas\/"},"wordCount":843,"commentCount":0,"publisher":{"@id":"https:\/\/www.cuballama.com\/noticias\/#organization"},"image":{"@id":"https:\/\/www.cuballama.com\/noticias\/se-reporta-que-otras-dos-cubanas-perdieron-la-vida-en-las-ultimas-horas\/#primaryimage"},"thumbnailUrl":"https:\/\/cdn1.mediawpaccore.net\/wp-content\/uploads\/2025\/12\/09035907\/image-22.png","keywords":["Baracoa","Chicago","Claudia Camila Matos","Cuba hoy","Estefany Reyes G\u00f3mez","feminicidios en Cuba","Heidi Garc\u00eda Orozco","Impunidad","Jovellanos","Mayabeque","Moa","observatorios feministas","Violencia de G\u00e9nero","Violencia Machista","Yinet Laba\u00f1ino"],"articleSection":["Noticias","Noticias de Cuba"],"inLanguage":"es","potentialAction":[{"@type":"CommentAction","name":"Comment","target":["https:\/\/www.cuballama.com\/noticias\/se-reporta-que-otras-dos-cubanas-perdieron-la-vida-en-las-ultimas-horas\/#respond"]}]},{"@type":"WebPage","@id":"https:\/\/www.cuballama.com\/noticias\/se-reporta-que-otras-dos-cubanas-perdieron-la-vida-en-las-ultimas-horas\/","url":"https:\/\/www.cuballama.com\/noticias\/se-reporta-que-otras-dos-cubanas-perdieron-la-vida-en-las-ultimas-horas\/","name":"Se reporta que otras dos cubanas perdieron la vida en las \u00faltimas horas - Cuballama Noticias","isPartOf":{"@id":"https:\/\/www.cuballama.com\/noticias\/#website"},"primaryImageOfPage":{"@id":"https:\/\/www.cuballama.com\/noticias\/se-reporta-que-otras-dos-cubanas-perdieron-la-vida-en-las-ultimas-horas\/#primaryimage"},"image":{"@id":"https:\/\/www.cuballama.com\/noticias\/se-reporta-que-otras-dos-cubanas-perdieron-la-vida-en-las-ultimas-horas\/#primaryimage"},"thumbnailUrl":"https:\/\/cdn1.mediawpaccore.net\/wp-content\/uploads\/2025\/12\/09035907\/image-22.png","datePublished":"2025-12-10T13:14:14+00:00","dateModified":"2025-12-10T13:14:20+00:00","description":"Reportaje sobre cuatro cubanas asesinadas y una menor agredida, casos que evidencian la creciente violencia de g\u00e9nero dentro y fuera de Cuba.","breadcrumb":{"@id":"https:\/\/www.cuballama.com\/noticias\/se-reporta-que-otras-dos-cubanas-perdieron-la-vida-en-las-ultimas-horas\/#breadcrumb"},"inLanguage":"es","potentialAction":[{"@type":"ReadAction","target":["https:\/\/www.cuballama.com\/noticias\/se-reporta-que-otras-dos-cubanas-perdieron-la-vida-en-las-ultimas-horas\/"]}]},{"@type":"ImageObject","inLanguage":"es","@id":"https:\/\/www.cuballama.com\/noticias\/se-reporta-que-otras-dos-cubanas-perdieron-la-vida-en-las-ultimas-horas\/#primaryimage","url":"https:\/\/cdn1.mediawpaccore.net\/wp-content\/uploads\/2025\/12\/09035907\/image-22.png","contentUrl":"https:\/\/cdn1.mediawpaccore.net\/wp-content\/uploads\/2025\/12\/09035907\/image-22.png","width":1970,"height":1036,"caption":"Yinet Laba\u00f1ino (izq) fue asesinada dentro de su casa. Claudia Camila Matos (der) fue reportada como desaparecida y hallada con un golpe en la cabeza, seg\u00fan reportes en redes sociales que citan una investigaci\u00f3n criminal en curso. Foto: Cortes\u00eda de Niover Licea"},{"@type":"BreadcrumbList","@id":"https:\/\/www.cuballama.com\/noticias\/se-reporta-que-otras-dos-cubanas-perdieron-la-vida-en-las-ultimas-horas\/#breadcrumb","itemListElement":[{"@type":"ListItem","position":1,"name":"Home","item":"https:\/\/www.cuballama.com\/noticias\/"},{"@type":"ListItem","position":2,"name":"Se reporta que otras dos cubanas perdieron la vida en las \u00faltimas horas"}]},{"@type":"WebSite","@id":"https:\/\/www.cuballama.com\/noticias\/#website","url":"https:\/\/www.cuballama.com\/noticias\/","name":"Cuballama Noticias","description":"Medio digital sobre Cuba y el mundo","publisher":{"@id":"https:\/\/www.cuballama.com\/noticias\/#organization"},"potentialAction":[{"@type":"SearchAction","target":{"@type":"EntryPoint","urlTemplate":"https:\/\/www.cuballama.com\/noticias\/?s={search_term_string}"},"query-input":{"@type":"PropertyValueSpecification","valueRequired":true,"valueName":"search_term_string"}}],"inLanguage":"es"},{"@type":"Organization","@id":"https:\/\/www.cuballama.com\/noticias\/#organization","name":"Cuballama","url":"https:\/\/www.cuballama.com\/noticias\/","logo":{"@type":"ImageObject","inLanguage":"es","@id":"https:\/\/www.cuballama.com\/noticias\/#\/schema\/logo\/image\/","url":"https:\/\/cdn1.mediawpaccore.net\/wp-content\/uploads\/2021\/12\/28171206\/cbll-logo-color-sm.png","contentUrl":"https:\/\/cdn1.mediawpaccore.net\/wp-content\/uploads\/2021\/12\/28171206\/cbll-logo-color-sm.png","width":600,"height":133,"caption":"Cuballama"},"image":{"@id":"https:\/\/www.cuballama.com\/noticias\/#\/schema\/logo\/image\/"},"sameAs":["https:\/\/www.facebook.com\/CubaLlama","https:\/\/x.com\/cuballama","https:\/\/www.instagram.com\/stories\/cuballama_oficial\/","https:\/\/www.youtube.com\/channel\/UCKkFE-d_axENGZcrc4as0IA"]},{"@type":"Person","@id":"https:\/\/www.cuballama.com\/noticias\/#\/schema\/person\/a58502ed4146c8e9f83872e897c76cd2","name":"Roberto A.","description":"Roberto A. Periodista por decisi\u00f3n propia. Interesado en cualquier tema que me apasione y cada vez m\u00e1s comprometido con la verdad y la objetividad period\u00edstica. Graduado en La Habana hace ya muchos a\u00f1os, luego de una accidentada y polvorienta b\u00fasqueda de informaci\u00f3n sobre un tema in\u00e9dito. La Tesis, por cierto, desapareci\u00f3 de la biblioteca y no se conservan copias de la misma.","url":"https:\/\/www.cuballama.com\/noticias\/author\/roberto\/"}]}},"_links":{"self":[{"href":"https:\/\/www.cuballama.com\/noticias\/wp-json\/wp\/v2\/posts\/228089","targetHints":{"allow":["GET"]}}],"collection":[{"href":"https:\/\/www.cuballama.com\/noticias\/wp-json\/wp\/v2\/posts"}],"about":[{"href":"https:\/\/www.cuballama.com\/noticias\/wp-json\/wp\/v2\/types\/post"}],"author":[{"embeddable":true,"href":"https:\/\/www.cuballama.com\/noticias\/wp-json\/wp\/v2\/users\/13"}],"replies":[{"embeddable":true,"href":"https:\/\/www.cuballama.com\/noticias\/wp-json\/wp\/v2\/comments?post=228089"}],"version-history":[{"count":8,"href":"https:\/\/www.cuballama.com\/noticias\/wp-json\/wp\/v2\/posts\/228089\/revisions"}],"predecessor-version":[{"id":228295,"href":"https:\/\/www.cuballama.com\/noticias\/wp-json\/wp\/v2\/posts\/228089\/revisions\/228295"}],"wp:featuredmedia":[{"embeddable":true,"href":"https:\/\/www.cuballama.com\/noticias\/wp-json\/wp\/v2\/media\/228095"}],"wp:attachment":[{"href":"https:\/\/www.cuballama.com\/noticias\/wp-json\/wp\/v2\/media?parent=228089"}],"wp:term":[{"taxonomy":"category","embeddable":true,"href":"https:\/\/www.cuballama.com\/noticias\/wp-json\/wp\/v2\/categories?post=228089"},{"taxonomy":"post_tag","embeddable":true,"href":"https:\/\/www.cuballama.com\/noticias\/wp-json\/wp\/v2\/tags?post=228089"}],"curies":[{"name":"wp","href":"https:\/\/api.w.org\/{rel}","templated":true}]}}