{"id":228079,"date":"2025-12-09T07:00:00","date_gmt":"2025-12-09T12:00:00","guid":{"rendered":"https:\/\/www.cuballama.com\/noticias\/?p=228079"},"modified":"2025-12-08T22:25:06","modified_gmt":"2025-12-09T03:25:06","slug":"identifican-a-asesino-de-cubana-de-17-anos-en-matanzas-se-hacia-el-buena-persona","status":"publish","type":"post","link":"https:\/\/www.cuballama.com\/noticias\/identifican-a-asesino-de-cubana-de-17-anos-en-matanzas-se-hacia-el-buena-persona\/","title":{"rendered":"Identifican a asesino de cubana de 17 a\u00f1os en Matanzas: \u201cSe hac\u00eda el buena persona\u201d"},"content":{"rendered":"\n<p>El cubano Naviel Nu\u00f1ez ha sido identificado como el responsable del asesinato de la joven <a href=\"https:\/\/www.cuballama.com\/noticias\/cubana-de-17-anos-muere-apunalada-por-su-novio-en-matanzas\/\" target=\"_blank\" rel=\"noreferrer noopener\">Heidi Garc\u00eda Orozco<\/a>, de apenas 17 a\u00f1os, el pasado viernes en el municipio de Jovellanos, Matanzas.<\/p>\n\n\n\n<p>Seg\u00fan testimonios de personas cercanas al entorno familiar, citadas por la p\u00e1gina de <em>La Tijera<\/em>, Nu\u00f1ez, que era el novio de la v\u00edctima, se desempe\u00f1aba como agente de la Polic\u00eda en Varadero.<\/p>\n\n\n\n<p>\u201cSe hac\u00eda la buena persona, pero no lo era. Era un estafador y ahora adem\u00e1s un asesino\u201d, se\u00f1al\u00f3 a una fuente que pidi\u00f3 permanecer en el anonimato.<\/p>\n\n\n\n<p>De acuerdo con vecinos de la zona de Alcanc\u00eda, donde ocurri\u00f3 la tragedia, a varios casos de estafa en la localidad, entre ellos, la compra de una motocicleta que nunca termin\u00f3 de pagar, lo que hizo que su propietario tuviera que acudir ante la Polic\u00eda para poder recuperarla.<\/p>\n\n\n\n<iframe loading=\"lazy\" src=\"https:\/\/www.facebook.com\/plugins\/post.php?href=https%3A%2F%2Fwww.facebook.com%2FDeuntijeretazo%2Fposts%2Fpfbid02srtzYsx3KZhirgMqxe36KXFDb9wSqqhgtLT6ZhKBAe3AWhEt3EeHp88iKKvhFMrKl&#038;show_text=true&#038;width=500\" width=\"500\" height=\"766\" style=\"border:none;overflow:hidden\" scrolling=\"no\" frameborder=\"0\" allowfullscreen=\"true\" allow=\"autoplay; clipboard-write; encrypted-media; picture-in-picture; web-share\"><\/iframe>\n\n\n\n<p>Otra denuncia revela que \u201crecientemente le fue entregado un bicitaxi el\u00e9ctrico para su explotaci\u00f3n, el cual posteriormente afirm\u00f3 que hab\u00eda sido robado en un supuesto asalto que nunca ocurri\u00f3\u201d.&nbsp;<\/p>\n\n\n\n<p><em>La Tijera<\/em> detall\u00f3 que el agresor podr\u00eda recibir una condena de hasta 15 a\u00f1os de prisi\u00f3n, de la cual podr\u00eda cumplir solo cinco por \u201cbuena conducta\u201d.<\/p>\n\n\n\n<p>Garc\u00eda Orozco muri\u00f3<a href=\"https:\/\/www.cuballama.com\/noticias\/adolescente-muere-apunalada-por-su-novio-en-santiago-de-cuba\/?srsltid=AfmBOor1Ww7cBrnwmTcai2WefqzRSfLRcWq1u0sEFKiXHgo6OmPVoXrW\" target=\"_blank\" rel=\"noreferrer noopener\"> apu\u00f1alada<\/a> alrededor de las dos de la tarde dentro de su propia casa y cuando a\u00fan llevaba puesto el uniforme del Instituto Preuniversitario Urbano Pedro Pablo Rivera Cu\u00e9, donde estudiaba.<\/p>\n\n\n\n<p>Aunque Nu\u00f1ez se dio a la fuga, horas m\u00e1s tarde fue encontrado por su padre, quien lo entreg\u00f3 a la Polic\u00eda.<\/p>\n\n\n\n<p>El de Garc\u00eda Orozco es el feminicidio n\u00famero 43 en lo que va de a\u00f1o, seg\u00fan el recuento del Observatorio de G\u00e9nero Alas Tensas y la plataforma Yo S\u00ed Te Creo en Cuba.<\/p>\n\n\n\n<p>Seg\u00fan datos de ambas plataformas, 17 de los 56 feminicidios verificados en la isla en 2024 se cometieron contra adolescentes y mujeres entre 15 y 30 a\u00f1os.<\/p>\n\n\n\n<p>Asimismo, el 55,4% de los feminicidios contabilizados el a\u00f1o pasado ocurri\u00f3 en espacios \u00edntimos y dom\u00e9sticos, vivienda de la v\u00edctima o vivienda compartida con el agresor.<\/p>\n\n\n\n<p><\/p>\n","protected":false},"excerpt":{"rendered":"<p>Seg\u00fan testimonios de personas cercanas al entorno familiar, el agresor se desempe\u00f1aba como agente de la Polic\u00eda en Varadero.<\/p>\n","protected":false},"author":30,"featured_media":228082,"comment_status":"open","ping_status":"closed","sticky":false,"template":"","format":"standard","meta":{"_acf_changed":false,"footnotes":""},"categories":[18,955],"tags":[25092,22112,941,10655,13356],"class_list":{"0":"post-228079","1":"post","2":"type-post","3":"status-publish","4":"format-standard","5":"has-post-thumbnail","7":"category-noticias","8":"category-noticias-de-cuba","9":"tag-adolescente-cubana","10":"tag-cubana-asesinada","11":"tag-destacado","12":"tag-feminicidio-en-cuba","13":"tag-feminicidio-en-matanzas"},"acf":[],"yoast_head":"<!-- This site is optimized with the Yoast SEO plugin v27.5 - https:\/\/yoast.com\/product\/yoast-seo-wordpress\/ -->\n<title>Identifican a asesino de cubana de 17 a\u00f1os en Matanzas: \u201cSe hac\u00eda el buena persona\u201d - Cuballama Noticias<\/title>\n<meta name=\"description\" content=\"El cubano Naviel Nu\u00f1ez ha sido identificado como el asesino de su novia, la joven Heidi Garc\u00eda Orozco, de apenas 17 a\u00f1os.\" \/>\n<meta name=\"robots\" content=\"index, follow, max-snippet:-1, max-image-preview:large, max-video-preview:-1\" \/>\n<link rel=\"canonical\" href=\"https:\/\/www.cuballama.com\/noticias\/identifican-a-asesino-de-cubana-de-17-anos-en-matanzas-se-hacia-el-buena-persona\/\" \/>\n<meta property=\"og:locale\" content=\"es_ES\" \/>\n<meta property=\"og:type\" content=\"article\" \/>\n<meta property=\"og:title\" content=\"Identifican a asesino de cubana de 17 a\u00f1os en Matanzas: \u201cSe hac\u00eda el buena persona\u201d - Cuballama Noticias\" \/>\n<meta property=\"og:description\" content=\"El cubano Naviel Nu\u00f1ez ha sido identificado como el asesino de su novia, la joven Heidi Garc\u00eda Orozco, de apenas 17 a\u00f1os.\" \/>\n<meta property=\"og:url\" content=\"https:\/\/www.cuballama.com\/noticias\/identifican-a-asesino-de-cubana-de-17-anos-en-matanzas-se-hacia-el-buena-persona\/\" \/>\n<meta property=\"og:site_name\" content=\"Cuballama Noticias\" \/>\n<meta property=\"article:publisher\" content=\"https:\/\/www.facebook.com\/CubaLlama\" \/>\n<meta property=\"article:published_time\" content=\"2025-12-09T12:00:00+00:00\" \/>\n<meta property=\"og:image\" content=\"https:\/\/cdn1.mediawpaccore.net\/wp-content\/uploads\/2025\/12\/08215323\/596134432_1440926604296688_8428133060264298132_n1.jpg\" \/>\n\t<meta property=\"og:image:width\" content=\"1200\" \/>\n\t<meta property=\"og:image:height\" content=\"630\" \/>\n\t<meta property=\"og:image:type\" content=\"image\/jpeg\" \/>\n<meta name=\"author\" content=\"Kathy\" \/>\n<meta name=\"twitter:card\" content=\"summary_large_image\" \/>\n<meta name=\"twitter:creator\" content=\"@cuballama\" \/>\n<meta name=\"twitter:site\" content=\"@cuballama\" \/>\n<meta name=\"twitter:label1\" content=\"Escrito por\" \/>\n\t<meta name=\"twitter:data1\" content=\"Kathy\" \/>\n\t<meta name=\"twitter:label2\" content=\"Tiempo de lectura\" \/>\n\t<meta name=\"twitter:data2\" content=\"2 minutos\" \/>\n<script type=\"application\/ld+json\" class=\"yoast-schema-graph\">{\"@context\":\"https:\\\/\\\/schema.org\",\"@graph\":[{\"@type\":\"Article\",\"@id\":\"https:\\\/\\\/www.cuballama.com\\\/noticias\\\/identifican-a-asesino-de-cubana-de-17-anos-en-matanzas-se-hacia-el-buena-persona\\\/#article\",\"isPartOf\":{\"@id\":\"https:\\\/\\\/www.cuballama.com\\\/noticias\\\/identifican-a-asesino-de-cubana-de-17-anos-en-matanzas-se-hacia-el-buena-persona\\\/\"},\"author\":{\"name\":\"Kathy\",\"@id\":\"https:\\\/\\\/www.cuballama.com\\\/noticias\\\/#\\\/schema\\\/person\\\/86cd3e3f4974437f031211213bf892d5\"},\"headline\":\"Identifican a asesino de cubana de 17 a\u00f1os en Matanzas: \u201cSe hac\u00eda el buena persona\u201d\",\"datePublished\":\"2025-12-09T12:00:00+00:00\",\"mainEntityOfPage\":{\"@id\":\"https:\\\/\\\/www.cuballama.com\\\/noticias\\\/identifican-a-asesino-de-cubana-de-17-anos-en-matanzas-se-hacia-el-buena-persona\\\/\"},\"wordCount\":378,\"commentCount\":0,\"publisher\":{\"@id\":\"https:\\\/\\\/www.cuballama.com\\\/noticias\\\/#organization\"},\"image\":{\"@id\":\"https:\\\/\\\/www.cuballama.com\\\/noticias\\\/identifican-a-asesino-de-cubana-de-17-anos-en-matanzas-se-hacia-el-buena-persona\\\/#primaryimage\"},\"thumbnailUrl\":\"https:\\\/\\\/cdn1.mediawpaccore.net\\\/wp-content\\\/uploads\\\/2025\\\/12\\\/08215323\\\/596134432_1440926604296688_8428133060264298132_n1.jpg\",\"keywords\":[\"adolescente cubana\",\"cubana asesinada\",\"destacado\",\"feminicidio en Cuba\",\"feminicidio en Matanzas\"],\"articleSection\":[\"Noticias\",\"Noticias de Cuba\"],\"inLanguage\":\"es\",\"potentialAction\":[{\"@type\":\"CommentAction\",\"name\":\"Comment\",\"target\":[\"https:\\\/\\\/www.cuballama.com\\\/noticias\\\/identifican-a-asesino-de-cubana-de-17-anos-en-matanzas-se-hacia-el-buena-persona\\\/#respond\"]}]},{\"@type\":\"WebPage\",\"@id\":\"https:\\\/\\\/www.cuballama.com\\\/noticias\\\/identifican-a-asesino-de-cubana-de-17-anos-en-matanzas-se-hacia-el-buena-persona\\\/\",\"url\":\"https:\\\/\\\/www.cuballama.com\\\/noticias\\\/identifican-a-asesino-de-cubana-de-17-anos-en-matanzas-se-hacia-el-buena-persona\\\/\",\"name\":\"Identifican a asesino de cubana de 17 a\u00f1os en Matanzas: \u201cSe hac\u00eda el buena persona\u201d - Cuballama Noticias\",\"isPartOf\":{\"@id\":\"https:\\\/\\\/www.cuballama.com\\\/noticias\\\/#website\"},\"primaryImageOfPage\":{\"@id\":\"https:\\\/\\\/www.cuballama.com\\\/noticias\\\/identifican-a-asesino-de-cubana-de-17-anos-en-matanzas-se-hacia-el-buena-persona\\\/#primaryimage\"},\"image\":{\"@id\":\"https:\\\/\\\/www.cuballama.com\\\/noticias\\\/identifican-a-asesino-de-cubana-de-17-anos-en-matanzas-se-hacia-el-buena-persona\\\/#primaryimage\"},\"thumbnailUrl\":\"https:\\\/\\\/cdn1.mediawpaccore.net\\\/wp-content\\\/uploads\\\/2025\\\/12\\\/08215323\\\/596134432_1440926604296688_8428133060264298132_n1.jpg\",\"datePublished\":\"2025-12-09T12:00:00+00:00\",\"description\":\"El cubano Naviel Nu\u00f1ez ha sido identificado como el asesino de su novia, la joven Heidi Garc\u00eda Orozco, de apenas 17 a\u00f1os.\",\"breadcrumb\":{\"@id\":\"https:\\\/\\\/www.cuballama.com\\\/noticias\\\/identifican-a-asesino-de-cubana-de-17-anos-en-matanzas-se-hacia-el-buena-persona\\\/#breadcrumb\"},\"inLanguage\":\"es\",\"potentialAction\":[{\"@type\":\"ReadAction\",\"target\":[\"https:\\\/\\\/www.cuballama.com\\\/noticias\\\/identifican-a-asesino-de-cubana-de-17-anos-en-matanzas-se-hacia-el-buena-persona\\\/\"]}]},{\"@type\":\"ImageObject\",\"inLanguage\":\"es\",\"@id\":\"https:\\\/\\\/www.cuballama.com\\\/noticias\\\/identifican-a-asesino-de-cubana-de-17-anos-en-matanzas-se-hacia-el-buena-persona\\\/#primaryimage\",\"url\":\"https:\\\/\\\/cdn1.mediawpaccore.net\\\/wp-content\\\/uploads\\\/2025\\\/12\\\/08215323\\\/596134432_1440926604296688_8428133060264298132_n1.jpg\",\"contentUrl\":\"https:\\\/\\\/cdn1.mediawpaccore.net\\\/wp-content\\\/uploads\\\/2025\\\/12\\\/08215323\\\/596134432_1440926604296688_8428133060264298132_n1.jpg\",\"width\":1200,\"height\":630,\"caption\":\"Naviel Nu\u00f1ez. Foto: Facebook\\\/La Tijera.\"},{\"@type\":\"BreadcrumbList\",\"@id\":\"https:\\\/\\\/www.cuballama.com\\\/noticias\\\/identifican-a-asesino-de-cubana-de-17-anos-en-matanzas-se-hacia-el-buena-persona\\\/#breadcrumb\",\"itemListElement\":[{\"@type\":\"ListItem\",\"position\":1,\"name\":\"Home\",\"item\":\"https:\\\/\\\/www.cuballama.com\\\/noticias\\\/\"},{\"@type\":\"ListItem\",\"position\":2,\"name\":\"Identifican a asesino de cubana de 17 a\u00f1os en Matanzas: \u201cSe hac\u00eda el buena persona\u201d\"}]},{\"@type\":\"WebSite\",\"@id\":\"https:\\\/\\\/www.cuballama.com\\\/noticias\\\/#website\",\"url\":\"https:\\\/\\\/www.cuballama.com\\\/noticias\\\/\",\"name\":\"Cuballama Noticias\",\"description\":\"Medio digital sobre Cuba y el mundo\",\"publisher\":{\"@id\":\"https:\\\/\\\/www.cuballama.com\\\/noticias\\\/#organization\"},\"potentialAction\":[{\"@type\":\"SearchAction\",\"target\":{\"@type\":\"EntryPoint\",\"urlTemplate\":\"https:\\\/\\\/www.cuballama.com\\\/noticias\\\/?s={search_term_string}\"},\"query-input\":{\"@type\":\"PropertyValueSpecification\",\"valueRequired\":true,\"valueName\":\"search_term_string\"}}],\"inLanguage\":\"es\"},{\"@type\":\"Organization\",\"@id\":\"https:\\\/\\\/www.cuballama.com\\\/noticias\\\/#organization\",\"name\":\"Cuballama\",\"url\":\"https:\\\/\\\/www.cuballama.com\\\/noticias\\\/\",\"logo\":{\"@type\":\"ImageObject\",\"inLanguage\":\"es\",\"@id\":\"https:\\\/\\\/www.cuballama.com\\\/noticias\\\/#\\\/schema\\\/logo\\\/image\\\/\",\"url\":\"https:\\\/\\\/cdn1.mediawpaccore.net\\\/wp-content\\\/uploads\\\/2021\\\/12\\\/28171206\\\/cbll-logo-color-sm.png\",\"contentUrl\":\"https:\\\/\\\/cdn1.mediawpaccore.net\\\/wp-content\\\/uploads\\\/2021\\\/12\\\/28171206\\\/cbll-logo-color-sm.png\",\"width\":600,\"height\":133,\"caption\":\"Cuballama\"},\"image\":{\"@id\":\"https:\\\/\\\/www.cuballama.com\\\/noticias\\\/#\\\/schema\\\/logo\\\/image\\\/\"},\"sameAs\":[\"https:\\\/\\\/www.facebook.com\\\/CubaLlama\",\"https:\\\/\\\/x.com\\\/cuballama\",\"https:\\\/\\\/www.instagram.com\\\/stories\\\/cuballama_oficial\\\/\",\"https:\\\/\\\/www.youtube.com\\\/channel\\\/UCKkFE-d_axENGZcrc4as0IA\"]},{\"@type\":\"Person\",\"@id\":\"https:\\\/\\\/www.cuballama.com\\\/noticias\\\/#\\\/schema\\\/person\\\/86cd3e3f4974437f031211213bf892d5\",\"name\":\"Kathy\",\"url\":\"https:\\\/\\\/www.cuballama.com\\\/noticias\\\/author\\\/kathy\\\/\"}]}<\/script>\n<!-- \/ Yoast SEO plugin. -->","yoast_head_json":{"title":"Identifican a asesino de cubana de 17 a\u00f1os en Matanzas: \u201cSe hac\u00eda el buena persona\u201d - Cuballama Noticias","description":"El cubano Naviel Nu\u00f1ez ha sido identificado como el asesino de su novia, la joven Heidi Garc\u00eda Orozco, de apenas 17 a\u00f1os.","robots":{"index":"index","follow":"follow","max-snippet":"max-snippet:-1","max-image-preview":"max-image-preview:large","max-video-preview":"max-video-preview:-1"},"canonical":"https:\/\/www.cuballama.com\/noticias\/identifican-a-asesino-de-cubana-de-17-anos-en-matanzas-se-hacia-el-buena-persona\/","og_locale":"es_ES","og_type":"article","og_title":"Identifican a asesino de cubana de 17 a\u00f1os en Matanzas: \u201cSe hac\u00eda el buena persona\u201d - Cuballama Noticias","og_description":"El cubano Naviel Nu\u00f1ez ha sido identificado como el asesino de su novia, la joven Heidi Garc\u00eda Orozco, de apenas 17 a\u00f1os.","og_url":"https:\/\/www.cuballama.com\/noticias\/identifican-a-asesino-de-cubana-de-17-anos-en-matanzas-se-hacia-el-buena-persona\/","og_site_name":"Cuballama Noticias","article_publisher":"https:\/\/www.facebook.com\/CubaLlama","article_published_time":"2025-12-09T12:00:00+00:00","og_image":[{"width":1200,"height":630,"url":"https:\/\/cdn1.mediawpaccore.net\/wp-content\/uploads\/2025\/12\/08215323\/596134432_1440926604296688_8428133060264298132_n1.jpg","type":"image\/jpeg"}],"author":"Kathy","twitter_card":"summary_large_image","twitter_creator":"@cuballama","twitter_site":"@cuballama","twitter_misc":{"Escrito por":"Kathy","Tiempo de lectura":"2 minutos"},"schema":{"@context":"https:\/\/schema.org","@graph":[{"@type":"Article","@id":"https:\/\/www.cuballama.com\/noticias\/identifican-a-asesino-de-cubana-de-17-anos-en-matanzas-se-hacia-el-buena-persona\/#article","isPartOf":{"@id":"https:\/\/www.cuballama.com\/noticias\/identifican-a-asesino-de-cubana-de-17-anos-en-matanzas-se-hacia-el-buena-persona\/"},"author":{"name":"Kathy","@id":"https:\/\/www.cuballama.com\/noticias\/#\/schema\/person\/86cd3e3f4974437f031211213bf892d5"},"headline":"Identifican a asesino de cubana de 17 a\u00f1os en Matanzas: \u201cSe hac\u00eda el buena persona\u201d","datePublished":"2025-12-09T12:00:00+00:00","mainEntityOfPage":{"@id":"https:\/\/www.cuballama.com\/noticias\/identifican-a-asesino-de-cubana-de-17-anos-en-matanzas-se-hacia-el-buena-persona\/"},"wordCount":378,"commentCount":0,"publisher":{"@id":"https:\/\/www.cuballama.com\/noticias\/#organization"},"image":{"@id":"https:\/\/www.cuballama.com\/noticias\/identifican-a-asesino-de-cubana-de-17-anos-en-matanzas-se-hacia-el-buena-persona\/#primaryimage"},"thumbnailUrl":"https:\/\/cdn1.mediawpaccore.net\/wp-content\/uploads\/2025\/12\/08215323\/596134432_1440926604296688_8428133060264298132_n1.jpg","keywords":["adolescente cubana","cubana asesinada","destacado","feminicidio en Cuba","feminicidio en Matanzas"],"articleSection":["Noticias","Noticias de Cuba"],"inLanguage":"es","potentialAction":[{"@type":"CommentAction","name":"Comment","target":["https:\/\/www.cuballama.com\/noticias\/identifican-a-asesino-de-cubana-de-17-anos-en-matanzas-se-hacia-el-buena-persona\/#respond"]}]},{"@type":"WebPage","@id":"https:\/\/www.cuballama.com\/noticias\/identifican-a-asesino-de-cubana-de-17-anos-en-matanzas-se-hacia-el-buena-persona\/","url":"https:\/\/www.cuballama.com\/noticias\/identifican-a-asesino-de-cubana-de-17-anos-en-matanzas-se-hacia-el-buena-persona\/","name":"Identifican a asesino de cubana de 17 a\u00f1os en Matanzas: \u201cSe hac\u00eda el buena persona\u201d - Cuballama Noticias","isPartOf":{"@id":"https:\/\/www.cuballama.com\/noticias\/#website"},"primaryImageOfPage":{"@id":"https:\/\/www.cuballama.com\/noticias\/identifican-a-asesino-de-cubana-de-17-anos-en-matanzas-se-hacia-el-buena-persona\/#primaryimage"},"image":{"@id":"https:\/\/www.cuballama.com\/noticias\/identifican-a-asesino-de-cubana-de-17-anos-en-matanzas-se-hacia-el-buena-persona\/#primaryimage"},"thumbnailUrl":"https:\/\/cdn1.mediawpaccore.net\/wp-content\/uploads\/2025\/12\/08215323\/596134432_1440926604296688_8428133060264298132_n1.jpg","datePublished":"2025-12-09T12:00:00+00:00","description":"El cubano Naviel Nu\u00f1ez ha sido identificado como el asesino de su novia, la joven Heidi Garc\u00eda Orozco, de apenas 17 a\u00f1os.","breadcrumb":{"@id":"https:\/\/www.cuballama.com\/noticias\/identifican-a-asesino-de-cubana-de-17-anos-en-matanzas-se-hacia-el-buena-persona\/#breadcrumb"},"inLanguage":"es","potentialAction":[{"@type":"ReadAction","target":["https:\/\/www.cuballama.com\/noticias\/identifican-a-asesino-de-cubana-de-17-anos-en-matanzas-se-hacia-el-buena-persona\/"]}]},{"@type":"ImageObject","inLanguage":"es","@id":"https:\/\/www.cuballama.com\/noticias\/identifican-a-asesino-de-cubana-de-17-anos-en-matanzas-se-hacia-el-buena-persona\/#primaryimage","url":"https:\/\/cdn1.mediawpaccore.net\/wp-content\/uploads\/2025\/12\/08215323\/596134432_1440926604296688_8428133060264298132_n1.jpg","contentUrl":"https:\/\/cdn1.mediawpaccore.net\/wp-content\/uploads\/2025\/12\/08215323\/596134432_1440926604296688_8428133060264298132_n1.jpg","width":1200,"height":630,"caption":"Naviel Nu\u00f1ez. Foto: Facebook\/La Tijera."},{"@type":"BreadcrumbList","@id":"https:\/\/www.cuballama.com\/noticias\/identifican-a-asesino-de-cubana-de-17-anos-en-matanzas-se-hacia-el-buena-persona\/#breadcrumb","itemListElement":[{"@type":"ListItem","position":1,"name":"Home","item":"https:\/\/www.cuballama.com\/noticias\/"},{"@type":"ListItem","position":2,"name":"Identifican a asesino de cubana de 17 a\u00f1os en Matanzas: \u201cSe hac\u00eda el buena persona\u201d"}]},{"@type":"WebSite","@id":"https:\/\/www.cuballama.com\/noticias\/#website","url":"https:\/\/www.cuballama.com\/noticias\/","name":"Cuballama Noticias","description":"Medio digital sobre Cuba y el mundo","publisher":{"@id":"https:\/\/www.cuballama.com\/noticias\/#organization"},"potentialAction":[{"@type":"SearchAction","target":{"@type":"EntryPoint","urlTemplate":"https:\/\/www.cuballama.com\/noticias\/?s={search_term_string}"},"query-input":{"@type":"PropertyValueSpecification","valueRequired":true,"valueName":"search_term_string"}}],"inLanguage":"es"},{"@type":"Organization","@id":"https:\/\/www.cuballama.com\/noticias\/#organization","name":"Cuballama","url":"https:\/\/www.cuballama.com\/noticias\/","logo":{"@type":"ImageObject","inLanguage":"es","@id":"https:\/\/www.cuballama.com\/noticias\/#\/schema\/logo\/image\/","url":"https:\/\/cdn1.mediawpaccore.net\/wp-content\/uploads\/2021\/12\/28171206\/cbll-logo-color-sm.png","contentUrl":"https:\/\/cdn1.mediawpaccore.net\/wp-content\/uploads\/2021\/12\/28171206\/cbll-logo-color-sm.png","width":600,"height":133,"caption":"Cuballama"},"image":{"@id":"https:\/\/www.cuballama.com\/noticias\/#\/schema\/logo\/image\/"},"sameAs":["https:\/\/www.facebook.com\/CubaLlama","https:\/\/x.com\/cuballama","https:\/\/www.instagram.com\/stories\/cuballama_oficial\/","https:\/\/www.youtube.com\/channel\/UCKkFE-d_axENGZcrc4as0IA"]},{"@type":"Person","@id":"https:\/\/www.cuballama.com\/noticias\/#\/schema\/person\/86cd3e3f4974437f031211213bf892d5","name":"Kathy","url":"https:\/\/www.cuballama.com\/noticias\/author\/kathy\/"}]}},"_links":{"self":[{"href":"https:\/\/www.cuballama.com\/noticias\/wp-json\/wp\/v2\/posts\/228079","targetHints":{"allow":["GET"]}}],"collection":[{"href":"https:\/\/www.cuballama.com\/noticias\/wp-json\/wp\/v2\/posts"}],"about":[{"href":"https:\/\/www.cuballama.com\/noticias\/wp-json\/wp\/v2\/types\/post"}],"author":[{"embeddable":true,"href":"https:\/\/www.cuballama.com\/noticias\/wp-json\/wp\/v2\/users\/30"}],"replies":[{"embeddable":true,"href":"https:\/\/www.cuballama.com\/noticias\/wp-json\/wp\/v2\/comments?post=228079"}],"version-history":[{"count":6,"href":"https:\/\/www.cuballama.com\/noticias\/wp-json\/wp\/v2\/posts\/228079\/revisions"}],"predecessor-version":[{"id":228088,"href":"https:\/\/www.cuballama.com\/noticias\/wp-json\/wp\/v2\/posts\/228079\/revisions\/228088"}],"wp:featuredmedia":[{"embeddable":true,"href":"https:\/\/www.cuballama.com\/noticias\/wp-json\/wp\/v2\/media\/228082"}],"wp:attachment":[{"href":"https:\/\/www.cuballama.com\/noticias\/wp-json\/wp\/v2\/media?parent=228079"}],"wp:term":[{"taxonomy":"category","embeddable":true,"href":"https:\/\/www.cuballama.com\/noticias\/wp-json\/wp\/v2\/categories?post=228079"},{"taxonomy":"post_tag","embeddable":true,"href":"https:\/\/www.cuballama.com\/noticias\/wp-json\/wp\/v2\/tags?post=228079"}],"curies":[{"name":"wp","href":"https:\/\/api.w.org\/{rel}","templated":true}]}}