{"id":228052,"date":"2025-12-08T16:55:32","date_gmt":"2025-12-08T21:55:32","guid":{"rendered":"https:\/\/www.cuballama.com\/noticias\/?p=228052"},"modified":"2025-12-08T17:03:40","modified_gmt":"2025-12-08T22:03:40","slug":"cubana-de-17-anos-muere-apunalada-por-su-novio-en-matanzas","status":"publish","type":"post","link":"https:\/\/www.cuballama.com\/noticias\/cubana-de-17-anos-muere-apunalada-por-su-novio-en-matanzas\/","title":{"rendered":"Cubana de 17 a\u00f1os muere apu\u00f1alada por su novio en Matanzas"},"content":{"rendered":"\n<p>La cubana Heidi Garc\u00eda Orozco, de 17 a\u00f1os, muri\u00f3 <a href=\"https:\/\/www.cuballama.com\/noticias\/adolescente-muere-apunalada-por-su-novio-en-santiago-de-cuba\/?srsltid=AfmBOor1Ww7cBrnwmTcai2WefqzRSfLRcWq1u0sEFKiXHgo6OmPVoXrW\" target=\"_blank\" rel=\"noreferrer noopener\">apu\u00f1alada por su novio<\/a> alrededor de las dos de la tarde del pasado 5 de diciembre, en el asentamiento rural Finca Alcanc\u00eda, en el municipio matancero de Jovellanos.<\/p>\n\n\n\n<p>La adolescente vest\u00eda el uniforme del Instituto Preuniversitario Urbano Pedro Pablo Rivera Cu\u00e9, donde estudiaba, cuando fue agredida por su pareja en su domicilio, detall\u00f3 <em>Mart\u00ed Noticias<\/em>.<\/p>\n\n\n\n<p>El atacante se dio a la fuga, pero horas m\u00e1s tarde fue encontrado por su padre, quien lo entreg\u00f3 a la polic\u00eda, puntualiz\u00f3 la misma fuente sobre un feminicidio que ha sido confirmado por el Observatorio de G\u00e9nero Alas Tensas (OGAT) y la plataforma Yo S\u00ed Te Creo en Cuba.<\/p>\n\n\n\n<p>El de la joven Garc\u00eda Orozco es el feminicidio n\u00famero 43 que se registra en lo que va de 2025.&nbsp;<\/p>\n\n\n\n<iframe loading=\"lazy\" src=\"https:\/\/www.facebook.com\/plugins\/post.php?href=https%3A%2F%2Fwww.facebook.com%2FyositecreoCuba%2Fposts%2Fpfbid02Re37cXWaqyBPXwFkmE1mfSH3nEBUasausKL2DRsJwyxznAaZW3DNYpiaUPiqoSNbl&#038;show_text=true&#038;width=500\" width=\"500\" height=\"737\" style=\"border:none;overflow:hidden\" scrolling=\"no\" frameborder=\"0\" allowfullscreen=\"true\" allow=\"autoplay; clipboard-write; encrypted-media; picture-in-picture; web-share\"><\/iframe>\n\n\n\n<p>\u201cLa comunidad y la familia, especialmente su madre, se encuentran profundamente afectadas por la p\u00e9rdida de una adolescente que era muy querida en su entorno, en un contexto en el que los observatorios tambi\u00e9n han registrado 16 intentos de feminicidio en el mismo periodo\u201d, declar\u00f3 la directora del OGAT, Ileana \u00c1lvarez.<\/p>\n\n\n\n<p>Se trata de un caso que evidencia patrones documentados por estas plataformas, como el hecho de que en 2024 el 76,8% de los feminicidios se cometi\u00f3 contra mujeres entre 15 y 45 a\u00f1os de edad y que, en el tramo entre 15 y 30 a\u00f1os, se documentaron 17 de los 56 feminicidios verificados.<\/p>\n\n\n\n<p>\u201cEl hogar contin\u00faa siendo el entorno m\u00e1s peligroso para muchas mujeres\u201d, se\u00f1al\u00f3 \u00c1lvarez sobre c\u00f3mo el asesinato de Garc\u00eda Orozco reproduce un patr\u00f3n de feminicidio \u00edntimo sobre mujeres j\u00f3venes en un contexto de desprotecci\u00f3n estructural. <\/p>\n\n\n\n<p>\u201cEl 55,4% de los feminicidios que verificamos en 2024 ocurri\u00f3 en espacios \u00edntimos y dom\u00e9sticos, vivienda de la v\u00edctima o vivienda compartida con el agresor\u201d, destac\u00f3 a<em> Mart\u00ed Noticias<\/em>.<\/p>\n","protected":false},"excerpt":{"rendered":"<p>La adolescente vest\u00eda su uniforme escolar cuando fue atacada por su pareja.<\/p>\n","protected":false},"author":30,"featured_media":228054,"comment_status":"open","ping_status":"closed","sticky":false,"template":"","format":"standard","meta":{"_acf_changed":false,"footnotes":""},"categories":[18,955],"tags":[25092,22112,941,10655,13356],"class_list":{"0":"post-228052","1":"post","2":"type-post","3":"status-publish","4":"format-standard","5":"has-post-thumbnail","7":"category-noticias","8":"category-noticias-de-cuba","9":"tag-adolescente-cubana","10":"tag-cubana-asesinada","11":"tag-destacado","12":"tag-feminicidio-en-cuba","13":"tag-feminicidio-en-matanzas"},"acf":[],"yoast_head":"<!-- This site is optimized with the Yoast SEO plugin v27.5 - https:\/\/yoast.com\/product\/yoast-seo-wordpress\/ -->\n<title>Cubana de 17 a\u00f1os muere apu\u00f1alada por su novio en Matanzas - Cuballama Noticias<\/title>\n<meta name=\"description\" content=\"La adolescente cubana Heidi Garc\u00eda Orozco, de 17 a\u00f1os, muri\u00f3 apu\u00f1alada por su novio el pasado 5 de diciembre en Matanzas.\" \/>\n<meta name=\"robots\" content=\"index, follow, max-snippet:-1, max-image-preview:large, max-video-preview:-1\" \/>\n<link rel=\"canonical\" href=\"https:\/\/www.cuballama.com\/noticias\/cubana-de-17-anos-muere-apunalada-por-su-novio-en-matanzas\/\" \/>\n<meta property=\"og:locale\" content=\"es_ES\" \/>\n<meta property=\"og:type\" content=\"article\" \/>\n<meta property=\"og:title\" content=\"Cubana de 17 a\u00f1os muere apu\u00f1alada por su novio en Matanzas - Cuballama Noticias\" \/>\n<meta property=\"og:description\" content=\"La adolescente cubana Heidi Garc\u00eda Orozco, de 17 a\u00f1os, muri\u00f3 apu\u00f1alada por su novio el pasado 5 de diciembre en Matanzas.\" \/>\n<meta property=\"og:url\" content=\"https:\/\/www.cuballama.com\/noticias\/cubana-de-17-anos-muere-apunalada-por-su-novio-en-matanzas\/\" \/>\n<meta property=\"og:site_name\" content=\"Cuballama Noticias\" \/>\n<meta property=\"article:publisher\" content=\"https:\/\/www.facebook.com\/CubaLlama\" \/>\n<meta property=\"article:published_time\" content=\"2025-12-08T21:55:32+00:00\" \/>\n<meta property=\"article:modified_time\" content=\"2025-12-08T22:03:40+00:00\" \/>\n<meta property=\"og:image\" content=\"https:\/\/cdn1.mediawpaccore.net\/wp-content\/uploads\/2025\/12\/08164053\/596309692_1440872494302099_4785161647311249868_n1.jpg\" \/>\n\t<meta property=\"og:image:width\" content=\"1200\" \/>\n\t<meta property=\"og:image:height\" content=\"630\" \/>\n\t<meta property=\"og:image:type\" content=\"image\/jpeg\" \/>\n<meta name=\"author\" content=\"Kathy\" \/>\n<meta name=\"twitter:card\" content=\"summary_large_image\" \/>\n<meta name=\"twitter:creator\" content=\"@cuballama\" \/>\n<meta name=\"twitter:site\" content=\"@cuballama\" \/>\n<meta name=\"twitter:label1\" content=\"Escrito por\" \/>\n\t<meta name=\"twitter:data1\" content=\"Kathy\" \/>\n\t<meta name=\"twitter:label2\" content=\"Tiempo de lectura\" \/>\n\t<meta name=\"twitter:data2\" content=\"2 minutos\" \/>\n<script type=\"application\/ld+json\" class=\"yoast-schema-graph\">{\"@context\":\"https:\\\/\\\/schema.org\",\"@graph\":[{\"@type\":\"Article\",\"@id\":\"https:\\\/\\\/www.cuballama.com\\\/noticias\\\/cubana-de-17-anos-muere-apunalada-por-su-novio-en-matanzas\\\/#article\",\"isPartOf\":{\"@id\":\"https:\\\/\\\/www.cuballama.com\\\/noticias\\\/cubana-de-17-anos-muere-apunalada-por-su-novio-en-matanzas\\\/\"},\"author\":{\"name\":\"Kathy\",\"@id\":\"https:\\\/\\\/www.cuballama.com\\\/noticias\\\/#\\\/schema\\\/person\\\/86cd3e3f4974437f031211213bf892d5\"},\"headline\":\"Cubana de 17 a\u00f1os muere apu\u00f1alada por su novio en Matanzas\",\"datePublished\":\"2025-12-08T21:55:32+00:00\",\"dateModified\":\"2025-12-08T22:03:40+00:00\",\"mainEntityOfPage\":{\"@id\":\"https:\\\/\\\/www.cuballama.com\\\/noticias\\\/cubana-de-17-anos-muere-apunalada-por-su-novio-en-matanzas\\\/\"},\"wordCount\":324,\"commentCount\":0,\"publisher\":{\"@id\":\"https:\\\/\\\/www.cuballama.com\\\/noticias\\\/#organization\"},\"image\":{\"@id\":\"https:\\\/\\\/www.cuballama.com\\\/noticias\\\/cubana-de-17-anos-muere-apunalada-por-su-novio-en-matanzas\\\/#primaryimage\"},\"thumbnailUrl\":\"https:\\\/\\\/cdn1.mediawpaccore.net\\\/wp-content\\\/uploads\\\/2025\\\/12\\\/08164053\\\/596309692_1440872494302099_4785161647311249868_n1.jpg\",\"keywords\":[\"adolescente cubana\",\"cubana asesinada\",\"destacado\",\"feminicidio en Cuba\",\"feminicidio en Matanzas\"],\"articleSection\":[\"Noticias\",\"Noticias de Cuba\"],\"inLanguage\":\"es\",\"potentialAction\":[{\"@type\":\"CommentAction\",\"name\":\"Comment\",\"target\":[\"https:\\\/\\\/www.cuballama.com\\\/noticias\\\/cubana-de-17-anos-muere-apunalada-por-su-novio-en-matanzas\\\/#respond\"]}]},{\"@type\":\"WebPage\",\"@id\":\"https:\\\/\\\/www.cuballama.com\\\/noticias\\\/cubana-de-17-anos-muere-apunalada-por-su-novio-en-matanzas\\\/\",\"url\":\"https:\\\/\\\/www.cuballama.com\\\/noticias\\\/cubana-de-17-anos-muere-apunalada-por-su-novio-en-matanzas\\\/\",\"name\":\"Cubana de 17 a\u00f1os muere apu\u00f1alada por su novio en Matanzas - Cuballama Noticias\",\"isPartOf\":{\"@id\":\"https:\\\/\\\/www.cuballama.com\\\/noticias\\\/#website\"},\"primaryImageOfPage\":{\"@id\":\"https:\\\/\\\/www.cuballama.com\\\/noticias\\\/cubana-de-17-anos-muere-apunalada-por-su-novio-en-matanzas\\\/#primaryimage\"},\"image\":{\"@id\":\"https:\\\/\\\/www.cuballama.com\\\/noticias\\\/cubana-de-17-anos-muere-apunalada-por-su-novio-en-matanzas\\\/#primaryimage\"},\"thumbnailUrl\":\"https:\\\/\\\/cdn1.mediawpaccore.net\\\/wp-content\\\/uploads\\\/2025\\\/12\\\/08164053\\\/596309692_1440872494302099_4785161647311249868_n1.jpg\",\"datePublished\":\"2025-12-08T21:55:32+00:00\",\"dateModified\":\"2025-12-08T22:03:40+00:00\",\"description\":\"La adolescente cubana Heidi Garc\u00eda Orozco, de 17 a\u00f1os, muri\u00f3 apu\u00f1alada por su novio el pasado 5 de diciembre en Matanzas.\",\"breadcrumb\":{\"@id\":\"https:\\\/\\\/www.cuballama.com\\\/noticias\\\/cubana-de-17-anos-muere-apunalada-por-su-novio-en-matanzas\\\/#breadcrumb\"},\"inLanguage\":\"es\",\"potentialAction\":[{\"@type\":\"ReadAction\",\"target\":[\"https:\\\/\\\/www.cuballama.com\\\/noticias\\\/cubana-de-17-anos-muere-apunalada-por-su-novio-en-matanzas\\\/\"]}]},{\"@type\":\"ImageObject\",\"inLanguage\":\"es\",\"@id\":\"https:\\\/\\\/www.cuballama.com\\\/noticias\\\/cubana-de-17-anos-muere-apunalada-por-su-novio-en-matanzas\\\/#primaryimage\",\"url\":\"https:\\\/\\\/cdn1.mediawpaccore.net\\\/wp-content\\\/uploads\\\/2025\\\/12\\\/08164053\\\/596309692_1440872494302099_4785161647311249868_n1.jpg\",\"contentUrl\":\"https:\\\/\\\/cdn1.mediawpaccore.net\\\/wp-content\\\/uploads\\\/2025\\\/12\\\/08164053\\\/596309692_1440872494302099_4785161647311249868_n1.jpg\",\"width\":1200,\"height\":630,\"caption\":\"Heidi Garc\u00eda Orozco. Foto: Facebook\\\/La Tijera.\"},{\"@type\":\"BreadcrumbList\",\"@id\":\"https:\\\/\\\/www.cuballama.com\\\/noticias\\\/cubana-de-17-anos-muere-apunalada-por-su-novio-en-matanzas\\\/#breadcrumb\",\"itemListElement\":[{\"@type\":\"ListItem\",\"position\":1,\"name\":\"Home\",\"item\":\"https:\\\/\\\/www.cuballama.com\\\/noticias\\\/\"},{\"@type\":\"ListItem\",\"position\":2,\"name\":\"Cubana de 17 a\u00f1os muere apu\u00f1alada por su novio en Matanzas\"}]},{\"@type\":\"WebSite\",\"@id\":\"https:\\\/\\\/www.cuballama.com\\\/noticias\\\/#website\",\"url\":\"https:\\\/\\\/www.cuballama.com\\\/noticias\\\/\",\"name\":\"Cuballama Noticias\",\"description\":\"Medio digital sobre Cuba y el mundo\",\"publisher\":{\"@id\":\"https:\\\/\\\/www.cuballama.com\\\/noticias\\\/#organization\"},\"potentialAction\":[{\"@type\":\"SearchAction\",\"target\":{\"@type\":\"EntryPoint\",\"urlTemplate\":\"https:\\\/\\\/www.cuballama.com\\\/noticias\\\/?s={search_term_string}\"},\"query-input\":{\"@type\":\"PropertyValueSpecification\",\"valueRequired\":true,\"valueName\":\"search_term_string\"}}],\"inLanguage\":\"es\"},{\"@type\":\"Organization\",\"@id\":\"https:\\\/\\\/www.cuballama.com\\\/noticias\\\/#organization\",\"name\":\"Cuballama\",\"url\":\"https:\\\/\\\/www.cuballama.com\\\/noticias\\\/\",\"logo\":{\"@type\":\"ImageObject\",\"inLanguage\":\"es\",\"@id\":\"https:\\\/\\\/www.cuballama.com\\\/noticias\\\/#\\\/schema\\\/logo\\\/image\\\/\",\"url\":\"https:\\\/\\\/cdn1.mediawpaccore.net\\\/wp-content\\\/uploads\\\/2021\\\/12\\\/28171206\\\/cbll-logo-color-sm.png\",\"contentUrl\":\"https:\\\/\\\/cdn1.mediawpaccore.net\\\/wp-content\\\/uploads\\\/2021\\\/12\\\/28171206\\\/cbll-logo-color-sm.png\",\"width\":600,\"height\":133,\"caption\":\"Cuballama\"},\"image\":{\"@id\":\"https:\\\/\\\/www.cuballama.com\\\/noticias\\\/#\\\/schema\\\/logo\\\/image\\\/\"},\"sameAs\":[\"https:\\\/\\\/www.facebook.com\\\/CubaLlama\",\"https:\\\/\\\/x.com\\\/cuballama\",\"https:\\\/\\\/www.instagram.com\\\/stories\\\/cuballama_oficial\\\/\",\"https:\\\/\\\/www.youtube.com\\\/channel\\\/UCKkFE-d_axENGZcrc4as0IA\"]},{\"@type\":\"Person\",\"@id\":\"https:\\\/\\\/www.cuballama.com\\\/noticias\\\/#\\\/schema\\\/person\\\/86cd3e3f4974437f031211213bf892d5\",\"name\":\"Kathy\",\"url\":\"https:\\\/\\\/www.cuballama.com\\\/noticias\\\/author\\\/kathy\\\/\"}]}<\/script>\n<!-- \/ Yoast SEO plugin. -->","yoast_head_json":{"title":"Cubana de 17 a\u00f1os muere apu\u00f1alada por su novio en Matanzas - Cuballama Noticias","description":"La adolescente cubana Heidi Garc\u00eda Orozco, de 17 a\u00f1os, muri\u00f3 apu\u00f1alada por su novio el pasado 5 de diciembre en Matanzas.","robots":{"index":"index","follow":"follow","max-snippet":"max-snippet:-1","max-image-preview":"max-image-preview:large","max-video-preview":"max-video-preview:-1"},"canonical":"https:\/\/www.cuballama.com\/noticias\/cubana-de-17-anos-muere-apunalada-por-su-novio-en-matanzas\/","og_locale":"es_ES","og_type":"article","og_title":"Cubana de 17 a\u00f1os muere apu\u00f1alada por su novio en Matanzas - Cuballama Noticias","og_description":"La adolescente cubana Heidi Garc\u00eda Orozco, de 17 a\u00f1os, muri\u00f3 apu\u00f1alada por su novio el pasado 5 de diciembre en Matanzas.","og_url":"https:\/\/www.cuballama.com\/noticias\/cubana-de-17-anos-muere-apunalada-por-su-novio-en-matanzas\/","og_site_name":"Cuballama Noticias","article_publisher":"https:\/\/www.facebook.com\/CubaLlama","article_published_time":"2025-12-08T21:55:32+00:00","article_modified_time":"2025-12-08T22:03:40+00:00","og_image":[{"width":1200,"height":630,"url":"https:\/\/cdn1.mediawpaccore.net\/wp-content\/uploads\/2025\/12\/08164053\/596309692_1440872494302099_4785161647311249868_n1.jpg","type":"image\/jpeg"}],"author":"Kathy","twitter_card":"summary_large_image","twitter_creator":"@cuballama","twitter_site":"@cuballama","twitter_misc":{"Escrito por":"Kathy","Tiempo de lectura":"2 minutos"},"schema":{"@context":"https:\/\/schema.org","@graph":[{"@type":"Article","@id":"https:\/\/www.cuballama.com\/noticias\/cubana-de-17-anos-muere-apunalada-por-su-novio-en-matanzas\/#article","isPartOf":{"@id":"https:\/\/www.cuballama.com\/noticias\/cubana-de-17-anos-muere-apunalada-por-su-novio-en-matanzas\/"},"author":{"name":"Kathy","@id":"https:\/\/www.cuballama.com\/noticias\/#\/schema\/person\/86cd3e3f4974437f031211213bf892d5"},"headline":"Cubana de 17 a\u00f1os muere apu\u00f1alada por su novio en Matanzas","datePublished":"2025-12-08T21:55:32+00:00","dateModified":"2025-12-08T22:03:40+00:00","mainEntityOfPage":{"@id":"https:\/\/www.cuballama.com\/noticias\/cubana-de-17-anos-muere-apunalada-por-su-novio-en-matanzas\/"},"wordCount":324,"commentCount":0,"publisher":{"@id":"https:\/\/www.cuballama.com\/noticias\/#organization"},"image":{"@id":"https:\/\/www.cuballama.com\/noticias\/cubana-de-17-anos-muere-apunalada-por-su-novio-en-matanzas\/#primaryimage"},"thumbnailUrl":"https:\/\/cdn1.mediawpaccore.net\/wp-content\/uploads\/2025\/12\/08164053\/596309692_1440872494302099_4785161647311249868_n1.jpg","keywords":["adolescente cubana","cubana asesinada","destacado","feminicidio en Cuba","feminicidio en Matanzas"],"articleSection":["Noticias","Noticias de Cuba"],"inLanguage":"es","potentialAction":[{"@type":"CommentAction","name":"Comment","target":["https:\/\/www.cuballama.com\/noticias\/cubana-de-17-anos-muere-apunalada-por-su-novio-en-matanzas\/#respond"]}]},{"@type":"WebPage","@id":"https:\/\/www.cuballama.com\/noticias\/cubana-de-17-anos-muere-apunalada-por-su-novio-en-matanzas\/","url":"https:\/\/www.cuballama.com\/noticias\/cubana-de-17-anos-muere-apunalada-por-su-novio-en-matanzas\/","name":"Cubana de 17 a\u00f1os muere apu\u00f1alada por su novio en Matanzas - Cuballama Noticias","isPartOf":{"@id":"https:\/\/www.cuballama.com\/noticias\/#website"},"primaryImageOfPage":{"@id":"https:\/\/www.cuballama.com\/noticias\/cubana-de-17-anos-muere-apunalada-por-su-novio-en-matanzas\/#primaryimage"},"image":{"@id":"https:\/\/www.cuballama.com\/noticias\/cubana-de-17-anos-muere-apunalada-por-su-novio-en-matanzas\/#primaryimage"},"thumbnailUrl":"https:\/\/cdn1.mediawpaccore.net\/wp-content\/uploads\/2025\/12\/08164053\/596309692_1440872494302099_4785161647311249868_n1.jpg","datePublished":"2025-12-08T21:55:32+00:00","dateModified":"2025-12-08T22:03:40+00:00","description":"La adolescente cubana Heidi Garc\u00eda Orozco, de 17 a\u00f1os, muri\u00f3 apu\u00f1alada por su novio el pasado 5 de diciembre en Matanzas.","breadcrumb":{"@id":"https:\/\/www.cuballama.com\/noticias\/cubana-de-17-anos-muere-apunalada-por-su-novio-en-matanzas\/#breadcrumb"},"inLanguage":"es","potentialAction":[{"@type":"ReadAction","target":["https:\/\/www.cuballama.com\/noticias\/cubana-de-17-anos-muere-apunalada-por-su-novio-en-matanzas\/"]}]},{"@type":"ImageObject","inLanguage":"es","@id":"https:\/\/www.cuballama.com\/noticias\/cubana-de-17-anos-muere-apunalada-por-su-novio-en-matanzas\/#primaryimage","url":"https:\/\/cdn1.mediawpaccore.net\/wp-content\/uploads\/2025\/12\/08164053\/596309692_1440872494302099_4785161647311249868_n1.jpg","contentUrl":"https:\/\/cdn1.mediawpaccore.net\/wp-content\/uploads\/2025\/12\/08164053\/596309692_1440872494302099_4785161647311249868_n1.jpg","width":1200,"height":630,"caption":"Heidi Garc\u00eda Orozco. Foto: Facebook\/La Tijera."},{"@type":"BreadcrumbList","@id":"https:\/\/www.cuballama.com\/noticias\/cubana-de-17-anos-muere-apunalada-por-su-novio-en-matanzas\/#breadcrumb","itemListElement":[{"@type":"ListItem","position":1,"name":"Home","item":"https:\/\/www.cuballama.com\/noticias\/"},{"@type":"ListItem","position":2,"name":"Cubana de 17 a\u00f1os muere apu\u00f1alada por su novio en Matanzas"}]},{"@type":"WebSite","@id":"https:\/\/www.cuballama.com\/noticias\/#website","url":"https:\/\/www.cuballama.com\/noticias\/","name":"Cuballama Noticias","description":"Medio digital sobre Cuba y el mundo","publisher":{"@id":"https:\/\/www.cuballama.com\/noticias\/#organization"},"potentialAction":[{"@type":"SearchAction","target":{"@type":"EntryPoint","urlTemplate":"https:\/\/www.cuballama.com\/noticias\/?s={search_term_string}"},"query-input":{"@type":"PropertyValueSpecification","valueRequired":true,"valueName":"search_term_string"}}],"inLanguage":"es"},{"@type":"Organization","@id":"https:\/\/www.cuballama.com\/noticias\/#organization","name":"Cuballama","url":"https:\/\/www.cuballama.com\/noticias\/","logo":{"@type":"ImageObject","inLanguage":"es","@id":"https:\/\/www.cuballama.com\/noticias\/#\/schema\/logo\/image\/","url":"https:\/\/cdn1.mediawpaccore.net\/wp-content\/uploads\/2021\/12\/28171206\/cbll-logo-color-sm.png","contentUrl":"https:\/\/cdn1.mediawpaccore.net\/wp-content\/uploads\/2021\/12\/28171206\/cbll-logo-color-sm.png","width":600,"height":133,"caption":"Cuballama"},"image":{"@id":"https:\/\/www.cuballama.com\/noticias\/#\/schema\/logo\/image\/"},"sameAs":["https:\/\/www.facebook.com\/CubaLlama","https:\/\/x.com\/cuballama","https:\/\/www.instagram.com\/stories\/cuballama_oficial\/","https:\/\/www.youtube.com\/channel\/UCKkFE-d_axENGZcrc4as0IA"]},{"@type":"Person","@id":"https:\/\/www.cuballama.com\/noticias\/#\/schema\/person\/86cd3e3f4974437f031211213bf892d5","name":"Kathy","url":"https:\/\/www.cuballama.com\/noticias\/author\/kathy\/"}]}},"_links":{"self":[{"href":"https:\/\/www.cuballama.com\/noticias\/wp-json\/wp\/v2\/posts\/228052","targetHints":{"allow":["GET"]}}],"collection":[{"href":"https:\/\/www.cuballama.com\/noticias\/wp-json\/wp\/v2\/posts"}],"about":[{"href":"https:\/\/www.cuballama.com\/noticias\/wp-json\/wp\/v2\/types\/post"}],"author":[{"embeddable":true,"href":"https:\/\/www.cuballama.com\/noticias\/wp-json\/wp\/v2\/users\/30"}],"replies":[{"embeddable":true,"href":"https:\/\/www.cuballama.com\/noticias\/wp-json\/wp\/v2\/comments?post=228052"}],"version-history":[{"count":9,"href":"https:\/\/www.cuballama.com\/noticias\/wp-json\/wp\/v2\/posts\/228052\/revisions"}],"predecessor-version":[{"id":228065,"href":"https:\/\/www.cuballama.com\/noticias\/wp-json\/wp\/v2\/posts\/228052\/revisions\/228065"}],"wp:featuredmedia":[{"embeddable":true,"href":"https:\/\/www.cuballama.com\/noticias\/wp-json\/wp\/v2\/media\/228054"}],"wp:attachment":[{"href":"https:\/\/www.cuballama.com\/noticias\/wp-json\/wp\/v2\/media?parent=228052"}],"wp:term":[{"taxonomy":"category","embeddable":true,"href":"https:\/\/www.cuballama.com\/noticias\/wp-json\/wp\/v2\/categories?post=228052"},{"taxonomy":"post_tag","embeddable":true,"href":"https:\/\/www.cuballama.com\/noticias\/wp-json\/wp\/v2\/tags?post=228052"}],"curies":[{"name":"wp","href":"https:\/\/api.w.org\/{rel}","templated":true}]}}