{"id":227994,"date":"2025-12-08T13:20:44","date_gmt":"2025-12-08T18:20:44","guid":{"rendered":"https:\/\/www.cuballama.com\/noticias\/?p=227994"},"modified":"2025-12-08T13:20:47","modified_gmt":"2025-12-08T18:20:47","slug":"cubano-con-historial-violento-detenido-por-ice-en-boston-massachusetts","status":"publish","type":"post","link":"https:\/\/www.cuballama.com\/noticias\/cubano-con-historial-violento-detenido-por-ice-en-boston-massachusetts\/","title":{"rendered":"Cubano con historial violento detenido por ICE en Boston, Massachusetts"},"content":{"rendered":"\n<p>La detenci\u00f3n en Boston, Massachusetts de Jorge Garc\u00eda Hern\u00e1ndez, un cubano de 32 a\u00f1os con amplio historial delictivo, ilustra la ofensiva migratoria del gobierno de Donald Trump contra los llamados \u201ccriminales ilegales peligrosos\u201d. Agentes de ICE Boston lo arrestaron el 3 de diciembre en Fall River, se\u00f1al\u00e1ndolo como infractor habitual y extranjero en situaci\u00f3n irregular, con antecedentes por violaci\u00f3n de un menor de 16 a\u00f1os, agresi\u00f3n con lesiones y posesi\u00f3n y distribuci\u00f3n de sustancias controladas en los alrededores de una escuela, indica <a href=\"https:\/\/www.newbedfordguide.com\/ice-busts-6-dangerous-illegal-aliens-massachusetts-child-rapists-drug-traffickers-nabbed\/2025\/12\/07\" target=\"_blank\" rel=\"noreferrer noopener nofollow\">New Bedford Guide<\/a>. <\/p>\n\n\n\n<p>Seg\u00fan comunicados de ICE y reportes de prensa locales, Garc\u00eda Hern\u00e1ndez arrastra causas en tribunales de Massachusetts y hab\u00eda pasado por el sistema penal estatal antes de quedar bajo el radar de las autoridades migratorias. Ahora permanece bajo custodia federal mientras se inician los procedimientos de expulsi\u00f3n, en un contexto en el que la Casa Blanca busca exhibir mano dura frente a la criminalidad asociada a la inmigraci\u00f3n, se\u00f1ala <a href=\"https:\/\/fallriverreporter.com\/immigration-customs-and-enforcement-announces-7-arrests-made-in-massachusetts-on-various-charges-including-child-rape-drug-distribution\/\" target=\"_blank\" rel=\"noreferrer noopener nofollow\">Fall River Reporter<\/a>. <\/p>\n\n\n\n<p>El caso del cubano forma parte de una operaci\u00f3n reciente de ICE Boston en la que tambi\u00e9n fueron detenidos inmigrantes de Camboya, Rep\u00fablica Dominicana, El Salvador, M\u00e9xico y Cabo Verde, con acusaciones o condenas por delitos graves como violaci\u00f3n de menores, robo a mano armada, agresiones y narcotr\u00e1fico. La agencia sostiene que su prioridad es sacar de las comunidades a \u201clo peor de lo peor\u201d, un discurso alineado con la estrategia de \u201cworst first\u201d de esta segunda presidencia de Trump, centrada en arrestos de alto impacto medi\u00e1tico y operaciones como Patriot 2.0 en el \u00e1rea de Boston.<\/p>\n\n\n\n<figure class=\"wp-block-embed is-type-rich is-provider-twitter wp-block-embed-twitter\"><div class=\"wp-block-embed__wrapper\">\n<blockquote class=\"twitter-tweet\" data-width=\"550\" data-dnt=\"true\"><p lang=\"en\" dir=\"ltr\">On Dec. 3, Officers with ICE Boston arrested Jorge Garcia-Hernandez, an illegal alien and habitual criminal offender from Cuba. His criminal charges include rape of a child under 16, assault &amp; battery, and possession\/distribution of a controlled substance on school property. <a href=\"https:\/\/t.co\/w9eGB0RUcr\">pic.twitter.com\/w9eGB0RUcr<\/a><\/p>&mdash; ICE Boston (@EROBoston) <a href=\"https:\/\/twitter.com\/EROBoston\/status\/1996582265388781962?ref_src=twsrc%5Etfw\">December 4, 2025<\/a><\/blockquote><script async src=\"https:\/\/platform.twitter.com\/widgets.js\" charset=\"utf-8\"><\/script>\n<\/div><\/figure>\n\n\n\n<p>La realidad sobre el terreno, sin embargo, es m\u00e1s compleja. Massachusetts mantiene pol\u00edticas de \u201cciudad santuario\u201d y parte de las autoridades locales denuncia que las operaciones de ICE son una puesta en escena pol\u00edtica que alimenta el miedo entre las comunidades migrantes, incluso entre quienes no tienen antecedentes penales. La reciente Patriot 2.0 ya desat\u00f3 cr\u00edticas por detenciones cerca de iglesias y espacios comunitarios, mientras la Casa Blanca acusa a l\u00edderes estatales y municipales de obstaculizar la aplicaci\u00f3n de la ley.<\/p>\n\n\n\n<p>En el caso espec\u00edfico de los cubanos, la ecuaci\u00f3n se complica a\u00fan m\u00e1s. Washington lleva a\u00f1os intentando deportar a nacionales con condenas penales cumplidas en prisiones estadounidenses, pero La Habana se resiste a aceptar a quienes salieron de la isla antes de los acuerdos migratorios de 2017. Eso ha dejado a decenas de cubanos en un limbo: encerrados en centros de detenci\u00f3n o bajo orden de supervisi\u00f3n, sin posibilidad clara de regreso ni de regularizarse. El expediente de Jorge Garc\u00eda Hern\u00e1ndez se inserta en esa zona gris, donde se cruzan seguridad p\u00fablica, c\u00e1lculo pol\u00edtico y las viejas grietas de la relaci\u00f3n entre Estados Unidos y Cuba.<br><\/p>\n\n\n\n<p><\/p>\n","protected":false},"excerpt":{"rendered":"<p>La detenci\u00f3n en Fall River del cubano Jorge Garc\u00eda Hern\u00e1ndez, se\u00f1alado por ICE como infractor habitual con condenas por delitos sexuales y de drogas, se cruza con la ofensiva migratoria de la administraci\u00f3n Trump y con el bloqueo de La Habana a la devoluci\u00f3n de ciertos nacionales.<\/p>\n","protected":false},"author":13,"featured_media":228013,"comment_status":"open","ping_status":"closed","sticky":false,"template":"","format":"standard","meta":{"_acf_changed":false,"footnotes":""},"categories":[18,953],"tags":[29432,13451,29434,700,2978,24840,3129,29433],"class_list":{"0":"post-227994","1":"post","2":"type-post","3":"status-publish","4":"format-standard","5":"has-post-thumbnail","7":"category-noticias","8":"category-usa","9":"tag-criminalidad-y-migracion","10":"tag-cubanos-en-estados-unidos","11":"tag-deportaciones-a-cuba","12":"tag-donald-trump","13":"tag-ice","14":"tag-inmigracion-estados-unidos","15":"tag-massachusetts","16":"tag-violencia-sexual"},"acf":[],"yoast_head":"<!-- This site is optimized with the Yoast SEO plugin v27.5 - https:\/\/yoast.com\/product\/yoast-seo-wordpress\/ -->\n<title>Cubano con historial violento detenido por ICE en Boston, Massachusetts - Cuballama Noticias<\/title>\n<meta name=\"description\" content=\"ICE detiene en Boston a Jorge Garc\u00eda Hern\u00e1ndez, cubano con condenas por delitos sexuales y drogas, en medio de nuevas tensiones migratorias.\" \/>\n<meta name=\"robots\" content=\"index, follow, max-snippet:-1, max-image-preview:large, max-video-preview:-1\" \/>\n<link rel=\"canonical\" href=\"https:\/\/www.cuballama.com\/noticias\/cubano-con-historial-violento-detenido-por-ice-en-boston-massachusetts\/\" \/>\n<meta property=\"og:locale\" content=\"es_ES\" \/>\n<meta property=\"og:type\" content=\"article\" \/>\n<meta property=\"og:title\" content=\"Cubano con historial violento detenido por ICE en Boston, Massachusetts - Cuballama Noticias\" \/>\n<meta property=\"og:description\" content=\"ICE detiene en Boston a Jorge Garc\u00eda Hern\u00e1ndez, cubano con condenas por delitos sexuales y drogas, en medio de nuevas tensiones migratorias.\" \/>\n<meta property=\"og:url\" content=\"https:\/\/www.cuballama.com\/noticias\/cubano-con-historial-violento-detenido-por-ice-en-boston-massachusetts\/\" \/>\n<meta property=\"og:site_name\" content=\"Cuballama Noticias\" \/>\n<meta property=\"article:publisher\" content=\"https:\/\/www.facebook.com\/CubaLlama\" \/>\n<meta property=\"article:published_time\" content=\"2025-12-08T18:20:44+00:00\" \/>\n<meta property=\"article:modified_time\" content=\"2025-12-08T18:20:47+00:00\" \/>\n<meta property=\"og:image\" content=\"https:\/\/cdn1.mediawpaccore.net\/wp-content\/uploads\/2025\/12\/08092106\/image-20.png\" \/>\n\t<meta property=\"og:image:width\" content=\"1974\" \/>\n\t<meta property=\"og:image:height\" content=\"1036\" \/>\n\t<meta property=\"og:image:type\" content=\"image\/png\" \/>\n<meta name=\"author\" content=\"Roberto A.\" \/>\n<meta name=\"twitter:card\" content=\"summary_large_image\" \/>\n<meta name=\"twitter:creator\" content=\"@cuballama\" \/>\n<meta name=\"twitter:site\" content=\"@cuballama\" \/>\n<meta name=\"twitter:label1\" content=\"Escrito por\" \/>\n\t<meta name=\"twitter:data1\" content=\"Roberto A.\" \/>\n\t<meta name=\"twitter:label2\" content=\"Tiempo de lectura\" \/>\n\t<meta name=\"twitter:data2\" content=\"3 minutos\" \/>\n<script type=\"application\/ld+json\" class=\"yoast-schema-graph\">{\"@context\":\"https:\\\/\\\/schema.org\",\"@graph\":[{\"@type\":\"Article\",\"@id\":\"https:\\\/\\\/www.cuballama.com\\\/noticias\\\/cubano-con-historial-violento-detenido-por-ice-en-boston-massachusetts\\\/#article\",\"isPartOf\":{\"@id\":\"https:\\\/\\\/www.cuballama.com\\\/noticias\\\/cubano-con-historial-violento-detenido-por-ice-en-boston-massachusetts\\\/\"},\"author\":{\"name\":\"Roberto A.\",\"@id\":\"https:\\\/\\\/www.cuballama.com\\\/noticias\\\/#\\\/schema\\\/person\\\/a58502ed4146c8e9f83872e897c76cd2\"},\"headline\":\"Cubano con historial violento detenido por ICE en Boston, Massachusetts\",\"datePublished\":\"2025-12-08T18:20:44+00:00\",\"dateModified\":\"2025-12-08T18:20:47+00:00\",\"mainEntityOfPage\":{\"@id\":\"https:\\\/\\\/www.cuballama.com\\\/noticias\\\/cubano-con-historial-violento-detenido-por-ice-en-boston-massachusetts\\\/\"},\"wordCount\":495,\"commentCount\":0,\"publisher\":{\"@id\":\"https:\\\/\\\/www.cuballama.com\\\/noticias\\\/#organization\"},\"image\":{\"@id\":\"https:\\\/\\\/www.cuballama.com\\\/noticias\\\/cubano-con-historial-violento-detenido-por-ice-en-boston-massachusetts\\\/#primaryimage\"},\"thumbnailUrl\":\"https:\\\/\\\/cdn1.mediawpaccore.net\\\/wp-content\\\/uploads\\\/2025\\\/12\\\/08092106\\\/image-20.png\",\"keywords\":[\"criminalidad y migraci\u00f3n\",\"cubanos en Estados Unidos\",\"deportaciones a Cuba\",\"Donald Trump\",\"ICE\",\"inmigraci\u00f3n Estados Unidos\",\"Massachusetts\",\"violencia sexual\"],\"articleSection\":[\"Noticias\",\"USA\"],\"inLanguage\":\"es\",\"potentialAction\":[{\"@type\":\"CommentAction\",\"name\":\"Comment\",\"target\":[\"https:\\\/\\\/www.cuballama.com\\\/noticias\\\/cubano-con-historial-violento-detenido-por-ice-en-boston-massachusetts\\\/#respond\"]}]},{\"@type\":\"WebPage\",\"@id\":\"https:\\\/\\\/www.cuballama.com\\\/noticias\\\/cubano-con-historial-violento-detenido-por-ice-en-boston-massachusetts\\\/\",\"url\":\"https:\\\/\\\/www.cuballama.com\\\/noticias\\\/cubano-con-historial-violento-detenido-por-ice-en-boston-massachusetts\\\/\",\"name\":\"Cubano con historial violento detenido por ICE en Boston, Massachusetts - Cuballama Noticias\",\"isPartOf\":{\"@id\":\"https:\\\/\\\/www.cuballama.com\\\/noticias\\\/#website\"},\"primaryImageOfPage\":{\"@id\":\"https:\\\/\\\/www.cuballama.com\\\/noticias\\\/cubano-con-historial-violento-detenido-por-ice-en-boston-massachusetts\\\/#primaryimage\"},\"image\":{\"@id\":\"https:\\\/\\\/www.cuballama.com\\\/noticias\\\/cubano-con-historial-violento-detenido-por-ice-en-boston-massachusetts\\\/#primaryimage\"},\"thumbnailUrl\":\"https:\\\/\\\/cdn1.mediawpaccore.net\\\/wp-content\\\/uploads\\\/2025\\\/12\\\/08092106\\\/image-20.png\",\"datePublished\":\"2025-12-08T18:20:44+00:00\",\"dateModified\":\"2025-12-08T18:20:47+00:00\",\"description\":\"ICE detiene en Boston a Jorge Garc\u00eda Hern\u00e1ndez, cubano con condenas por delitos sexuales y drogas, en medio de nuevas tensiones migratorias.\",\"breadcrumb\":{\"@id\":\"https:\\\/\\\/www.cuballama.com\\\/noticias\\\/cubano-con-historial-violento-detenido-por-ice-en-boston-massachusetts\\\/#breadcrumb\"},\"inLanguage\":\"es\",\"potentialAction\":[{\"@type\":\"ReadAction\",\"target\":[\"https:\\\/\\\/www.cuballama.com\\\/noticias\\\/cubano-con-historial-violento-detenido-por-ice-en-boston-massachusetts\\\/\"]}]},{\"@type\":\"ImageObject\",\"inLanguage\":\"es\",\"@id\":\"https:\\\/\\\/www.cuballama.com\\\/noticias\\\/cubano-con-historial-violento-detenido-por-ice-en-boston-massachusetts\\\/#primaryimage\",\"url\":\"https:\\\/\\\/cdn1.mediawpaccore.net\\\/wp-content\\\/uploads\\\/2025\\\/12\\\/08092106\\\/image-20.png\",\"contentUrl\":\"https:\\\/\\\/cdn1.mediawpaccore.net\\\/wp-content\\\/uploads\\\/2025\\\/12\\\/08092106\\\/image-20.png\",\"width\":1974,\"height\":1036,\"caption\":\"Jorge Garc\u00eda Hern\u00e1ndez, un cubano de 32 a\u00f1os con amplio historial delictivo. Foto v\u00eda ICE Boston\"},{\"@type\":\"BreadcrumbList\",\"@id\":\"https:\\\/\\\/www.cuballama.com\\\/noticias\\\/cubano-con-historial-violento-detenido-por-ice-en-boston-massachusetts\\\/#breadcrumb\",\"itemListElement\":[{\"@type\":\"ListItem\",\"position\":1,\"name\":\"Home\",\"item\":\"https:\\\/\\\/www.cuballama.com\\\/noticias\\\/\"},{\"@type\":\"ListItem\",\"position\":2,\"name\":\"Cubano con historial violento detenido por ICE en Boston, Massachusetts\"}]},{\"@type\":\"WebSite\",\"@id\":\"https:\\\/\\\/www.cuballama.com\\\/noticias\\\/#website\",\"url\":\"https:\\\/\\\/www.cuballama.com\\\/noticias\\\/\",\"name\":\"Cuballama Noticias\",\"description\":\"Medio digital sobre Cuba y el mundo\",\"publisher\":{\"@id\":\"https:\\\/\\\/www.cuballama.com\\\/noticias\\\/#organization\"},\"potentialAction\":[{\"@type\":\"SearchAction\",\"target\":{\"@type\":\"EntryPoint\",\"urlTemplate\":\"https:\\\/\\\/www.cuballama.com\\\/noticias\\\/?s={search_term_string}\"},\"query-input\":{\"@type\":\"PropertyValueSpecification\",\"valueRequired\":true,\"valueName\":\"search_term_string\"}}],\"inLanguage\":\"es\"},{\"@type\":\"Organization\",\"@id\":\"https:\\\/\\\/www.cuballama.com\\\/noticias\\\/#organization\",\"name\":\"Cuballama\",\"url\":\"https:\\\/\\\/www.cuballama.com\\\/noticias\\\/\",\"logo\":{\"@type\":\"ImageObject\",\"inLanguage\":\"es\",\"@id\":\"https:\\\/\\\/www.cuballama.com\\\/noticias\\\/#\\\/schema\\\/logo\\\/image\\\/\",\"url\":\"https:\\\/\\\/cdn1.mediawpaccore.net\\\/wp-content\\\/uploads\\\/2021\\\/12\\\/28171206\\\/cbll-logo-color-sm.png\",\"contentUrl\":\"https:\\\/\\\/cdn1.mediawpaccore.net\\\/wp-content\\\/uploads\\\/2021\\\/12\\\/28171206\\\/cbll-logo-color-sm.png\",\"width\":600,\"height\":133,\"caption\":\"Cuballama\"},\"image\":{\"@id\":\"https:\\\/\\\/www.cuballama.com\\\/noticias\\\/#\\\/schema\\\/logo\\\/image\\\/\"},\"sameAs\":[\"https:\\\/\\\/www.facebook.com\\\/CubaLlama\",\"https:\\\/\\\/x.com\\\/cuballama\",\"https:\\\/\\\/www.instagram.com\\\/stories\\\/cuballama_oficial\\\/\",\"https:\\\/\\\/www.youtube.com\\\/channel\\\/UCKkFE-d_axENGZcrc4as0IA\"]},{\"@type\":\"Person\",\"@id\":\"https:\\\/\\\/www.cuballama.com\\\/noticias\\\/#\\\/schema\\\/person\\\/a58502ed4146c8e9f83872e897c76cd2\",\"name\":\"Roberto A.\",\"description\":\"Roberto A. Periodista por decisi\u00f3n propia. Interesado en cualquier tema que me apasione y cada vez m\u00e1s comprometido con la verdad y la objetividad period\u00edstica. Graduado en La Habana hace ya muchos a\u00f1os, luego de una accidentada y polvorienta b\u00fasqueda de informaci\u00f3n sobre un tema in\u00e9dito. La Tesis, por cierto, desapareci\u00f3 de la biblioteca y no se conservan copias de la misma.\",\"url\":\"https:\\\/\\\/www.cuballama.com\\\/noticias\\\/author\\\/roberto\\\/\"}]}<\/script>\n<!-- \/ Yoast SEO plugin. -->","yoast_head_json":{"title":"Cubano con historial violento detenido por ICE en Boston, Massachusetts - Cuballama Noticias","description":"ICE detiene en Boston a Jorge Garc\u00eda Hern\u00e1ndez, cubano con condenas por delitos sexuales y drogas, en medio de nuevas tensiones migratorias.","robots":{"index":"index","follow":"follow","max-snippet":"max-snippet:-1","max-image-preview":"max-image-preview:large","max-video-preview":"max-video-preview:-1"},"canonical":"https:\/\/www.cuballama.com\/noticias\/cubano-con-historial-violento-detenido-por-ice-en-boston-massachusetts\/","og_locale":"es_ES","og_type":"article","og_title":"Cubano con historial violento detenido por ICE en Boston, Massachusetts - Cuballama Noticias","og_description":"ICE detiene en Boston a Jorge Garc\u00eda Hern\u00e1ndez, cubano con condenas por delitos sexuales y drogas, en medio de nuevas tensiones migratorias.","og_url":"https:\/\/www.cuballama.com\/noticias\/cubano-con-historial-violento-detenido-por-ice-en-boston-massachusetts\/","og_site_name":"Cuballama Noticias","article_publisher":"https:\/\/www.facebook.com\/CubaLlama","article_published_time":"2025-12-08T18:20:44+00:00","article_modified_time":"2025-12-08T18:20:47+00:00","og_image":[{"width":1974,"height":1036,"url":"https:\/\/cdn1.mediawpaccore.net\/wp-content\/uploads\/2025\/12\/08092106\/image-20.png","type":"image\/png"}],"author":"Roberto A.","twitter_card":"summary_large_image","twitter_creator":"@cuballama","twitter_site":"@cuballama","twitter_misc":{"Escrito por":"Roberto A.","Tiempo de lectura":"3 minutos"},"schema":{"@context":"https:\/\/schema.org","@graph":[{"@type":"Article","@id":"https:\/\/www.cuballama.com\/noticias\/cubano-con-historial-violento-detenido-por-ice-en-boston-massachusetts\/#article","isPartOf":{"@id":"https:\/\/www.cuballama.com\/noticias\/cubano-con-historial-violento-detenido-por-ice-en-boston-massachusetts\/"},"author":{"name":"Roberto A.","@id":"https:\/\/www.cuballama.com\/noticias\/#\/schema\/person\/a58502ed4146c8e9f83872e897c76cd2"},"headline":"Cubano con historial violento detenido por ICE en Boston, Massachusetts","datePublished":"2025-12-08T18:20:44+00:00","dateModified":"2025-12-08T18:20:47+00:00","mainEntityOfPage":{"@id":"https:\/\/www.cuballama.com\/noticias\/cubano-con-historial-violento-detenido-por-ice-en-boston-massachusetts\/"},"wordCount":495,"commentCount":0,"publisher":{"@id":"https:\/\/www.cuballama.com\/noticias\/#organization"},"image":{"@id":"https:\/\/www.cuballama.com\/noticias\/cubano-con-historial-violento-detenido-por-ice-en-boston-massachusetts\/#primaryimage"},"thumbnailUrl":"https:\/\/cdn1.mediawpaccore.net\/wp-content\/uploads\/2025\/12\/08092106\/image-20.png","keywords":["criminalidad y migraci\u00f3n","cubanos en Estados Unidos","deportaciones a Cuba","Donald Trump","ICE","inmigraci\u00f3n Estados Unidos","Massachusetts","violencia sexual"],"articleSection":["Noticias","USA"],"inLanguage":"es","potentialAction":[{"@type":"CommentAction","name":"Comment","target":["https:\/\/www.cuballama.com\/noticias\/cubano-con-historial-violento-detenido-por-ice-en-boston-massachusetts\/#respond"]}]},{"@type":"WebPage","@id":"https:\/\/www.cuballama.com\/noticias\/cubano-con-historial-violento-detenido-por-ice-en-boston-massachusetts\/","url":"https:\/\/www.cuballama.com\/noticias\/cubano-con-historial-violento-detenido-por-ice-en-boston-massachusetts\/","name":"Cubano con historial violento detenido por ICE en Boston, Massachusetts - Cuballama Noticias","isPartOf":{"@id":"https:\/\/www.cuballama.com\/noticias\/#website"},"primaryImageOfPage":{"@id":"https:\/\/www.cuballama.com\/noticias\/cubano-con-historial-violento-detenido-por-ice-en-boston-massachusetts\/#primaryimage"},"image":{"@id":"https:\/\/www.cuballama.com\/noticias\/cubano-con-historial-violento-detenido-por-ice-en-boston-massachusetts\/#primaryimage"},"thumbnailUrl":"https:\/\/cdn1.mediawpaccore.net\/wp-content\/uploads\/2025\/12\/08092106\/image-20.png","datePublished":"2025-12-08T18:20:44+00:00","dateModified":"2025-12-08T18:20:47+00:00","description":"ICE detiene en Boston a Jorge Garc\u00eda Hern\u00e1ndez, cubano con condenas por delitos sexuales y drogas, en medio de nuevas tensiones migratorias.","breadcrumb":{"@id":"https:\/\/www.cuballama.com\/noticias\/cubano-con-historial-violento-detenido-por-ice-en-boston-massachusetts\/#breadcrumb"},"inLanguage":"es","potentialAction":[{"@type":"ReadAction","target":["https:\/\/www.cuballama.com\/noticias\/cubano-con-historial-violento-detenido-por-ice-en-boston-massachusetts\/"]}]},{"@type":"ImageObject","inLanguage":"es","@id":"https:\/\/www.cuballama.com\/noticias\/cubano-con-historial-violento-detenido-por-ice-en-boston-massachusetts\/#primaryimage","url":"https:\/\/cdn1.mediawpaccore.net\/wp-content\/uploads\/2025\/12\/08092106\/image-20.png","contentUrl":"https:\/\/cdn1.mediawpaccore.net\/wp-content\/uploads\/2025\/12\/08092106\/image-20.png","width":1974,"height":1036,"caption":"Jorge Garc\u00eda Hern\u00e1ndez, un cubano de 32 a\u00f1os con amplio historial delictivo. Foto v\u00eda ICE Boston"},{"@type":"BreadcrumbList","@id":"https:\/\/www.cuballama.com\/noticias\/cubano-con-historial-violento-detenido-por-ice-en-boston-massachusetts\/#breadcrumb","itemListElement":[{"@type":"ListItem","position":1,"name":"Home","item":"https:\/\/www.cuballama.com\/noticias\/"},{"@type":"ListItem","position":2,"name":"Cubano con historial violento detenido por ICE en Boston, Massachusetts"}]},{"@type":"WebSite","@id":"https:\/\/www.cuballama.com\/noticias\/#website","url":"https:\/\/www.cuballama.com\/noticias\/","name":"Cuballama Noticias","description":"Medio digital sobre Cuba y el mundo","publisher":{"@id":"https:\/\/www.cuballama.com\/noticias\/#organization"},"potentialAction":[{"@type":"SearchAction","target":{"@type":"EntryPoint","urlTemplate":"https:\/\/www.cuballama.com\/noticias\/?s={search_term_string}"},"query-input":{"@type":"PropertyValueSpecification","valueRequired":true,"valueName":"search_term_string"}}],"inLanguage":"es"},{"@type":"Organization","@id":"https:\/\/www.cuballama.com\/noticias\/#organization","name":"Cuballama","url":"https:\/\/www.cuballama.com\/noticias\/","logo":{"@type":"ImageObject","inLanguage":"es","@id":"https:\/\/www.cuballama.com\/noticias\/#\/schema\/logo\/image\/","url":"https:\/\/cdn1.mediawpaccore.net\/wp-content\/uploads\/2021\/12\/28171206\/cbll-logo-color-sm.png","contentUrl":"https:\/\/cdn1.mediawpaccore.net\/wp-content\/uploads\/2021\/12\/28171206\/cbll-logo-color-sm.png","width":600,"height":133,"caption":"Cuballama"},"image":{"@id":"https:\/\/www.cuballama.com\/noticias\/#\/schema\/logo\/image\/"},"sameAs":["https:\/\/www.facebook.com\/CubaLlama","https:\/\/x.com\/cuballama","https:\/\/www.instagram.com\/stories\/cuballama_oficial\/","https:\/\/www.youtube.com\/channel\/UCKkFE-d_axENGZcrc4as0IA"]},{"@type":"Person","@id":"https:\/\/www.cuballama.com\/noticias\/#\/schema\/person\/a58502ed4146c8e9f83872e897c76cd2","name":"Roberto A.","description":"Roberto A. Periodista por decisi\u00f3n propia. Interesado en cualquier tema que me apasione y cada vez m\u00e1s comprometido con la verdad y la objetividad period\u00edstica. Graduado en La Habana hace ya muchos a\u00f1os, luego de una accidentada y polvorienta b\u00fasqueda de informaci\u00f3n sobre un tema in\u00e9dito. La Tesis, por cierto, desapareci\u00f3 de la biblioteca y no se conservan copias de la misma.","url":"https:\/\/www.cuballama.com\/noticias\/author\/roberto\/"}]}},"_links":{"self":[{"href":"https:\/\/www.cuballama.com\/noticias\/wp-json\/wp\/v2\/posts\/227994","targetHints":{"allow":["GET"]}}],"collection":[{"href":"https:\/\/www.cuballama.com\/noticias\/wp-json\/wp\/v2\/posts"}],"about":[{"href":"https:\/\/www.cuballama.com\/noticias\/wp-json\/wp\/v2\/types\/post"}],"author":[{"embeddable":true,"href":"https:\/\/www.cuballama.com\/noticias\/wp-json\/wp\/v2\/users\/13"}],"replies":[{"embeddable":true,"href":"https:\/\/www.cuballama.com\/noticias\/wp-json\/wp\/v2\/comments?post=227994"}],"version-history":[{"count":6,"href":"https:\/\/www.cuballama.com\/noticias\/wp-json\/wp\/v2\/posts\/227994\/revisions"}],"predecessor-version":[{"id":228017,"href":"https:\/\/www.cuballama.com\/noticias\/wp-json\/wp\/v2\/posts\/227994\/revisions\/228017"}],"wp:featuredmedia":[{"embeddable":true,"href":"https:\/\/www.cuballama.com\/noticias\/wp-json\/wp\/v2\/media\/228013"}],"wp:attachment":[{"href":"https:\/\/www.cuballama.com\/noticias\/wp-json\/wp\/v2\/media?parent=227994"}],"wp:term":[{"taxonomy":"category","embeddable":true,"href":"https:\/\/www.cuballama.com\/noticias\/wp-json\/wp\/v2\/categories?post=227994"},{"taxonomy":"post_tag","embeddable":true,"href":"https:\/\/www.cuballama.com\/noticias\/wp-json\/wp\/v2\/tags?post=227994"}],"curies":[{"name":"wp","href":"https:\/\/api.w.org\/{rel}","templated":true}]}}