{"id":227986,"date":"2025-12-08T08:55:17","date_gmt":"2025-12-08T13:55:17","guid":{"rendered":"https:\/\/www.cuballama.com\/noticias\/?p=227986"},"modified":"2025-12-08T08:55:20","modified_gmt":"2025-12-08T13:55:20","slug":"reportan-un-nuevo-feminicidio-en-mayabeque-cuba","status":"publish","type":"post","link":"https:\/\/www.cuballama.com\/noticias\/reportan-un-nuevo-feminicidio-en-mayabeque-cuba\/","title":{"rendered":"Reportan un nuevo feminicidio en Mayabeque, Cuba"},"content":{"rendered":"\n<p>Un nuevo feminicidio estremeci\u00f3 este domingo 7 de diciembre al municipio de Madruga, en la provincia de Mayabeque. En el barrio El Matadero, la joven cubana de 26 a\u00f1os Estefany Reyes G\u00f3mez fue asesinada dentro de su vivienda, en un hecho que vecinos describen como un episodio de extrema violencia machista. El caso se conoci\u00f3 a trav\u00e9s de la p\u00e1gina <em><a href=\"https:\/\/www.facebook.com\/permalink.php?story_fbid=pfbid037RY7TTfaXSauBcmwCDTp57V71YsK9N95ztMkgYysd6r5uYc2v7YHYmGJFGxbNffgl&amp;id=61559784217848\" target=\"_blank\" rel=\"noreferrer noopener nofollow\">Nio reportando un crimen<\/a><\/em>, que difundi\u00f3 la alerta inicial y las primeras im\u00e1genes del presunto agresor.  <\/p>\n\n\n\n<p>De acuerdo con esos reportes, el principal sospechoso es su esposo, identificado como Yunior, quien habr\u00eda salido recientemente de prisi\u00f3n. Testimonios recogidos por la propia p\u00e1gina se\u00f1alan que el ataque ocurri\u00f3 mientras la madre de Estefany se encontraba en la misma casa, pero con la m\u00fasica alta, lo que habr\u00eda impedido que escuchara lo que pasaba en la habitaci\u00f3n donde se produjo el crimen.<\/p>\n\n\n\n<p>En las primeras horas, algunos reportes comunitarios calificaron el hecho como un \u201ccrimen pasional\u201d, pero esa expresi\u00f3n fue r\u00e1pidamente rechazada por varias mujeres en los comentarios, que exigieron nombrar lo ocurrido como lo que es: un feminicidio. \u201cNo es crimen pasional, es feminicidio\u201d, reclam\u00f3 una usuaria, resumiendo el hartazgo de muchas cubanas ante un lenguaje que, consideran, suaviza la responsabilidad del agresor y borra la dimensi\u00f3n estructural de la violencia de g\u00e9nero en la isla.<\/p>\n\n\n\n<iframe loading=\"lazy\" src=\"https:\/\/www.facebook.com\/plugins\/post.php?href=https%3A%2F%2Fwww.facebook.com%2Fpermalink.php%3Fstory_fbid%3Dpfbid037RY7TTfaXSauBcmwCDTp57V71YsK9N95ztMkgYysd6r5uYc2v7YHYmGJFGxbNffgl%26id%3D61559784217848&#038;show_text=true&#038;width=500\" width=\"500\" height=\"793\" style=\"border:none;overflow:hidden\" scrolling=\"no\" frameborder=\"0\" allowfullscreen=\"true\" allow=\"autoplay; clipboard-write; encrypted-media; picture-in-picture; web-share\"><\/iframe>\n\n\n\n<p>La publicaci\u00f3n gener\u00f3 adem\u00e1s una cadena de reacciones que apuntan hacia el sistema penal cubano. Varias personas denunciaron que los hombres con antecedentes violentos \u201centran y salen\u201d de prisi\u00f3n con facilidad, beneficiados por rebajas de condena, y advirtieron que muchos agresores ya hab\u00edan maltratado antes a sus parejas. Otros comentarios insistieron en la necesidad de penas m\u00e1s severas, incluida la pena de muerte, mientras no existan respuestas efectivas de prevenci\u00f3n y protecci\u00f3n.<\/p>\n\n\n\n<p>Este caso se suma a un panorama ya alarmante. Las plataformas feministas independientes Yo S\u00ed Te Creo en Cuba y el Observatorio de G\u00e9nero de Alas Tensas han confirmado decenas de feminicidios en lo que va de 2025 y desde hace meses reclaman que se declare un \u201cestado de emergencia por violencia de g\u00e9nero\u201d en el pa\u00eds.<\/p>\n\n\n\n<p>En Cuba, el feminicidio no est\u00e1 tipificado como delito espec\u00edfico en el C\u00f3digo Penal, y los medios estatales apenas utilizan esa palabra para nombrar los asesinatos de mujeres a manos de sus parejas o exparejas. Mientras la familia de Estefany Reyes G\u00f3mez enfrenta el duelo y la comunidad de Madruga demanda justicia, el caso vuelve a colocar en primer plano la pregunta que recorre redes y barrios: cu\u00e1ntas mujeres m\u00e1s deber\u00e1n morir antes de que el Estado reconozca la magnitud de la emergencia y act\u00fae en consecuencia.<\/p>\n","protected":false},"excerpt":{"rendered":"<p>El asesinato de Estefany Reyes G\u00f3mez, de 26 a\u00f1os, en su casa de Madruga, Mayabeque, conmocion\u00f3 este domingo a la comunidad y reaviv\u00f3 el reclamo urgente de reconocer y enfrentar la violencia de g\u00e9nero en Cuba.<\/p>\n","protected":false},"author":13,"featured_media":228002,"comment_status":"open","ping_status":"closed","sticky":false,"template":"","format":"standard","meta":{"_acf_changed":false,"footnotes":""},"categories":[18,955],"tags":[11,29424,9701,800,11645,5861,24796,421,17069],"class_list":{"0":"post-227986","1":"post","2":"type-post","3":"status-publish","4":"format-standard","5":"has-post-thumbnail","7":"category-noticias","8":"category-noticias-de-cuba","9":"tag-cuba","10":"tag-estefany-reyes-gomez","11":"tag-feminicidio","12":"tag-justicia","13":"tag-madruga","14":"tag-mayabeque","15":"tag-seguridad-ciudadana","16":"tag-violencia-de-genero","17":"tag-violencia-machista"},"acf":[],"yoast_head":"<!-- This site is optimized with the Yoast SEO plugin v27.5 - https:\/\/yoast.com\/product\/yoast-seo-wordpress\/ -->\n<title>Reportan un nuevo feminicidio en Mayabeque, Cuba - Cuballama Noticias<\/title>\n<meta name=\"description\" content=\"Feminicidio en Madruga: una joven de 26 a\u00f1os es asesinada presuntamente por su esposo reci\u00e9n excarcelado, desatando indignaci\u00f3n ciudadana.\" \/>\n<meta name=\"robots\" content=\"index, follow, max-snippet:-1, max-image-preview:large, max-video-preview:-1\" \/>\n<link rel=\"canonical\" href=\"https:\/\/www.cuballama.com\/noticias\/reportan-un-nuevo-feminicidio-en-mayabeque-cuba\/\" \/>\n<meta property=\"og:locale\" content=\"es_ES\" \/>\n<meta property=\"og:type\" content=\"article\" \/>\n<meta property=\"og:title\" content=\"Reportan un nuevo feminicidio en Mayabeque, Cuba - Cuballama Noticias\" \/>\n<meta property=\"og:description\" content=\"Feminicidio en Madruga: una joven de 26 a\u00f1os es asesinada presuntamente por su esposo reci\u00e9n excarcelado, desatando indignaci\u00f3n ciudadana.\" \/>\n<meta property=\"og:url\" content=\"https:\/\/www.cuballama.com\/noticias\/reportan-un-nuevo-feminicidio-en-mayabeque-cuba\/\" \/>\n<meta property=\"og:site_name\" content=\"Cuballama Noticias\" \/>\n<meta property=\"article:publisher\" content=\"https:\/\/www.facebook.com\/CubaLlama\" \/>\n<meta property=\"article:published_time\" content=\"2025-12-08T13:55:17+00:00\" \/>\n<meta property=\"article:modified_time\" content=\"2025-12-08T13:55:20+00:00\" \/>\n<meta property=\"og:image\" content=\"https:\/\/cdn1.mediawpaccore.net\/wp-content\/uploads\/2025\/12\/08081710\/image-18.png\" \/>\n\t<meta property=\"og:image:width\" content=\"1970\" \/>\n\t<meta property=\"og:image:height\" content=\"1034\" \/>\n\t<meta property=\"og:image:type\" content=\"image\/png\" \/>\n<meta name=\"author\" content=\"Roberto A.\" \/>\n<meta name=\"twitter:card\" content=\"summary_large_image\" \/>\n<meta name=\"twitter:creator\" content=\"@cuballama\" \/>\n<meta name=\"twitter:site\" content=\"@cuballama\" \/>\n<meta name=\"twitter:label1\" content=\"Escrito por\" \/>\n\t<meta name=\"twitter:data1\" content=\"Roberto A.\" \/>\n\t<meta name=\"twitter:label2\" content=\"Tiempo de lectura\" \/>\n\t<meta name=\"twitter:data2\" content=\"3 minutos\" \/>\n<script type=\"application\/ld+json\" class=\"yoast-schema-graph\">{\"@context\":\"https:\\\/\\\/schema.org\",\"@graph\":[{\"@type\":\"Article\",\"@id\":\"https:\\\/\\\/www.cuballama.com\\\/noticias\\\/reportan-un-nuevo-feminicidio-en-mayabeque-cuba\\\/#article\",\"isPartOf\":{\"@id\":\"https:\\\/\\\/www.cuballama.com\\\/noticias\\\/reportan-un-nuevo-feminicidio-en-mayabeque-cuba\\\/\"},\"author\":{\"name\":\"Roberto A.\",\"@id\":\"https:\\\/\\\/www.cuballama.com\\\/noticias\\\/#\\\/schema\\\/person\\\/a58502ed4146c8e9f83872e897c76cd2\"},\"headline\":\"Reportan un nuevo feminicidio en Mayabeque, Cuba\",\"datePublished\":\"2025-12-08T13:55:17+00:00\",\"dateModified\":\"2025-12-08T13:55:20+00:00\",\"mainEntityOfPage\":{\"@id\":\"https:\\\/\\\/www.cuballama.com\\\/noticias\\\/reportan-un-nuevo-feminicidio-en-mayabeque-cuba\\\/\"},\"wordCount\":468,\"commentCount\":0,\"publisher\":{\"@id\":\"https:\\\/\\\/www.cuballama.com\\\/noticias\\\/#organization\"},\"image\":{\"@id\":\"https:\\\/\\\/www.cuballama.com\\\/noticias\\\/reportan-un-nuevo-feminicidio-en-mayabeque-cuba\\\/#primaryimage\"},\"thumbnailUrl\":\"https:\\\/\\\/cdn1.mediawpaccore.net\\\/wp-content\\\/uploads\\\/2025\\\/12\\\/08081710\\\/image-18.png\",\"keywords\":[\"Cuba\",\"Estefany Reyes G\u00f3mez\",\"feminicidio\",\"Justicia\",\"Madruga\",\"Mayabeque\",\"seguridad ciudadana\",\"Violencia de G\u00e9nero\",\"Violencia Machista\"],\"articleSection\":[\"Noticias\",\"Noticias de Cuba\"],\"inLanguage\":\"es\",\"potentialAction\":[{\"@type\":\"CommentAction\",\"name\":\"Comment\",\"target\":[\"https:\\\/\\\/www.cuballama.com\\\/noticias\\\/reportan-un-nuevo-feminicidio-en-mayabeque-cuba\\\/#respond\"]}]},{\"@type\":\"WebPage\",\"@id\":\"https:\\\/\\\/www.cuballama.com\\\/noticias\\\/reportan-un-nuevo-feminicidio-en-mayabeque-cuba\\\/\",\"url\":\"https:\\\/\\\/www.cuballama.com\\\/noticias\\\/reportan-un-nuevo-feminicidio-en-mayabeque-cuba\\\/\",\"name\":\"Reportan un nuevo feminicidio en Mayabeque, Cuba - Cuballama Noticias\",\"isPartOf\":{\"@id\":\"https:\\\/\\\/www.cuballama.com\\\/noticias\\\/#website\"},\"primaryImageOfPage\":{\"@id\":\"https:\\\/\\\/www.cuballama.com\\\/noticias\\\/reportan-un-nuevo-feminicidio-en-mayabeque-cuba\\\/#primaryimage\"},\"image\":{\"@id\":\"https:\\\/\\\/www.cuballama.com\\\/noticias\\\/reportan-un-nuevo-feminicidio-en-mayabeque-cuba\\\/#primaryimage\"},\"thumbnailUrl\":\"https:\\\/\\\/cdn1.mediawpaccore.net\\\/wp-content\\\/uploads\\\/2025\\\/12\\\/08081710\\\/image-18.png\",\"datePublished\":\"2025-12-08T13:55:17+00:00\",\"dateModified\":\"2025-12-08T13:55:20+00:00\",\"description\":\"Feminicidio en Madruga: una joven de 26 a\u00f1os es asesinada presuntamente por su esposo reci\u00e9n excarcelado, desatando indignaci\u00f3n ciudadana.\",\"breadcrumb\":{\"@id\":\"https:\\\/\\\/www.cuballama.com\\\/noticias\\\/reportan-un-nuevo-feminicidio-en-mayabeque-cuba\\\/#breadcrumb\"},\"inLanguage\":\"es\",\"potentialAction\":[{\"@type\":\"ReadAction\",\"target\":[\"https:\\\/\\\/www.cuballama.com\\\/noticias\\\/reportan-un-nuevo-feminicidio-en-mayabeque-cuba\\\/\"]}]},{\"@type\":\"ImageObject\",\"inLanguage\":\"es\",\"@id\":\"https:\\\/\\\/www.cuballama.com\\\/noticias\\\/reportan-un-nuevo-feminicidio-en-mayabeque-cuba\\\/#primaryimage\",\"url\":\"https:\\\/\\\/cdn1.mediawpaccore.net\\\/wp-content\\\/uploads\\\/2025\\\/12\\\/08081710\\\/image-18.png\",\"contentUrl\":\"https:\\\/\\\/cdn1.mediawpaccore.net\\\/wp-content\\\/uploads\\\/2025\\\/12\\\/08081710\\\/image-18.png\",\"width\":1970,\"height\":1034,\"caption\":\"La v\u00edctima, a la izquierda, fue identificada como Estefany Reyes G\u00f3mez. A su lado, el presunto asesino, identificado como \\\"Yunior\\\". Foto: Cortes\u00eda de Niover Licea\"},{\"@type\":\"BreadcrumbList\",\"@id\":\"https:\\\/\\\/www.cuballama.com\\\/noticias\\\/reportan-un-nuevo-feminicidio-en-mayabeque-cuba\\\/#breadcrumb\",\"itemListElement\":[{\"@type\":\"ListItem\",\"position\":1,\"name\":\"Home\",\"item\":\"https:\\\/\\\/www.cuballama.com\\\/noticias\\\/\"},{\"@type\":\"ListItem\",\"position\":2,\"name\":\"Reportan un nuevo feminicidio en Mayabeque, Cuba\"}]},{\"@type\":\"WebSite\",\"@id\":\"https:\\\/\\\/www.cuballama.com\\\/noticias\\\/#website\",\"url\":\"https:\\\/\\\/www.cuballama.com\\\/noticias\\\/\",\"name\":\"Cuballama Noticias\",\"description\":\"Medio digital sobre Cuba y el mundo\",\"publisher\":{\"@id\":\"https:\\\/\\\/www.cuballama.com\\\/noticias\\\/#organization\"},\"potentialAction\":[{\"@type\":\"SearchAction\",\"target\":{\"@type\":\"EntryPoint\",\"urlTemplate\":\"https:\\\/\\\/www.cuballama.com\\\/noticias\\\/?s={search_term_string}\"},\"query-input\":{\"@type\":\"PropertyValueSpecification\",\"valueRequired\":true,\"valueName\":\"search_term_string\"}}],\"inLanguage\":\"es\"},{\"@type\":\"Organization\",\"@id\":\"https:\\\/\\\/www.cuballama.com\\\/noticias\\\/#organization\",\"name\":\"Cuballama\",\"url\":\"https:\\\/\\\/www.cuballama.com\\\/noticias\\\/\",\"logo\":{\"@type\":\"ImageObject\",\"inLanguage\":\"es\",\"@id\":\"https:\\\/\\\/www.cuballama.com\\\/noticias\\\/#\\\/schema\\\/logo\\\/image\\\/\",\"url\":\"https:\\\/\\\/cdn1.mediawpaccore.net\\\/wp-content\\\/uploads\\\/2021\\\/12\\\/28171206\\\/cbll-logo-color-sm.png\",\"contentUrl\":\"https:\\\/\\\/cdn1.mediawpaccore.net\\\/wp-content\\\/uploads\\\/2021\\\/12\\\/28171206\\\/cbll-logo-color-sm.png\",\"width\":600,\"height\":133,\"caption\":\"Cuballama\"},\"image\":{\"@id\":\"https:\\\/\\\/www.cuballama.com\\\/noticias\\\/#\\\/schema\\\/logo\\\/image\\\/\"},\"sameAs\":[\"https:\\\/\\\/www.facebook.com\\\/CubaLlama\",\"https:\\\/\\\/x.com\\\/cuballama\",\"https:\\\/\\\/www.instagram.com\\\/stories\\\/cuballama_oficial\\\/\",\"https:\\\/\\\/www.youtube.com\\\/channel\\\/UCKkFE-d_axENGZcrc4as0IA\"]},{\"@type\":\"Person\",\"@id\":\"https:\\\/\\\/www.cuballama.com\\\/noticias\\\/#\\\/schema\\\/person\\\/a58502ed4146c8e9f83872e897c76cd2\",\"name\":\"Roberto A.\",\"description\":\"Roberto A. Periodista por decisi\u00f3n propia. Interesado en cualquier tema que me apasione y cada vez m\u00e1s comprometido con la verdad y la objetividad period\u00edstica. Graduado en La Habana hace ya muchos a\u00f1os, luego de una accidentada y polvorienta b\u00fasqueda de informaci\u00f3n sobre un tema in\u00e9dito. La Tesis, por cierto, desapareci\u00f3 de la biblioteca y no se conservan copias de la misma.\",\"url\":\"https:\\\/\\\/www.cuballama.com\\\/noticias\\\/author\\\/roberto\\\/\"}]}<\/script>\n<!-- \/ Yoast SEO plugin. -->","yoast_head_json":{"title":"Reportan un nuevo feminicidio en Mayabeque, Cuba - Cuballama Noticias","description":"Feminicidio en Madruga: una joven de 26 a\u00f1os es asesinada presuntamente por su esposo reci\u00e9n excarcelado, desatando indignaci\u00f3n ciudadana.","robots":{"index":"index","follow":"follow","max-snippet":"max-snippet:-1","max-image-preview":"max-image-preview:large","max-video-preview":"max-video-preview:-1"},"canonical":"https:\/\/www.cuballama.com\/noticias\/reportan-un-nuevo-feminicidio-en-mayabeque-cuba\/","og_locale":"es_ES","og_type":"article","og_title":"Reportan un nuevo feminicidio en Mayabeque, Cuba - Cuballama Noticias","og_description":"Feminicidio en Madruga: una joven de 26 a\u00f1os es asesinada presuntamente por su esposo reci\u00e9n excarcelado, desatando indignaci\u00f3n ciudadana.","og_url":"https:\/\/www.cuballama.com\/noticias\/reportan-un-nuevo-feminicidio-en-mayabeque-cuba\/","og_site_name":"Cuballama Noticias","article_publisher":"https:\/\/www.facebook.com\/CubaLlama","article_published_time":"2025-12-08T13:55:17+00:00","article_modified_time":"2025-12-08T13:55:20+00:00","og_image":[{"width":1970,"height":1034,"url":"https:\/\/cdn1.mediawpaccore.net\/wp-content\/uploads\/2025\/12\/08081710\/image-18.png","type":"image\/png"}],"author":"Roberto A.","twitter_card":"summary_large_image","twitter_creator":"@cuballama","twitter_site":"@cuballama","twitter_misc":{"Escrito por":"Roberto A.","Tiempo de lectura":"3 minutos"},"schema":{"@context":"https:\/\/schema.org","@graph":[{"@type":"Article","@id":"https:\/\/www.cuballama.com\/noticias\/reportan-un-nuevo-feminicidio-en-mayabeque-cuba\/#article","isPartOf":{"@id":"https:\/\/www.cuballama.com\/noticias\/reportan-un-nuevo-feminicidio-en-mayabeque-cuba\/"},"author":{"name":"Roberto A.","@id":"https:\/\/www.cuballama.com\/noticias\/#\/schema\/person\/a58502ed4146c8e9f83872e897c76cd2"},"headline":"Reportan un nuevo feminicidio en Mayabeque, Cuba","datePublished":"2025-12-08T13:55:17+00:00","dateModified":"2025-12-08T13:55:20+00:00","mainEntityOfPage":{"@id":"https:\/\/www.cuballama.com\/noticias\/reportan-un-nuevo-feminicidio-en-mayabeque-cuba\/"},"wordCount":468,"commentCount":0,"publisher":{"@id":"https:\/\/www.cuballama.com\/noticias\/#organization"},"image":{"@id":"https:\/\/www.cuballama.com\/noticias\/reportan-un-nuevo-feminicidio-en-mayabeque-cuba\/#primaryimage"},"thumbnailUrl":"https:\/\/cdn1.mediawpaccore.net\/wp-content\/uploads\/2025\/12\/08081710\/image-18.png","keywords":["Cuba","Estefany Reyes G\u00f3mez","feminicidio","Justicia","Madruga","Mayabeque","seguridad ciudadana","Violencia de G\u00e9nero","Violencia Machista"],"articleSection":["Noticias","Noticias de Cuba"],"inLanguage":"es","potentialAction":[{"@type":"CommentAction","name":"Comment","target":["https:\/\/www.cuballama.com\/noticias\/reportan-un-nuevo-feminicidio-en-mayabeque-cuba\/#respond"]}]},{"@type":"WebPage","@id":"https:\/\/www.cuballama.com\/noticias\/reportan-un-nuevo-feminicidio-en-mayabeque-cuba\/","url":"https:\/\/www.cuballama.com\/noticias\/reportan-un-nuevo-feminicidio-en-mayabeque-cuba\/","name":"Reportan un nuevo feminicidio en Mayabeque, Cuba - Cuballama Noticias","isPartOf":{"@id":"https:\/\/www.cuballama.com\/noticias\/#website"},"primaryImageOfPage":{"@id":"https:\/\/www.cuballama.com\/noticias\/reportan-un-nuevo-feminicidio-en-mayabeque-cuba\/#primaryimage"},"image":{"@id":"https:\/\/www.cuballama.com\/noticias\/reportan-un-nuevo-feminicidio-en-mayabeque-cuba\/#primaryimage"},"thumbnailUrl":"https:\/\/cdn1.mediawpaccore.net\/wp-content\/uploads\/2025\/12\/08081710\/image-18.png","datePublished":"2025-12-08T13:55:17+00:00","dateModified":"2025-12-08T13:55:20+00:00","description":"Feminicidio en Madruga: una joven de 26 a\u00f1os es asesinada presuntamente por su esposo reci\u00e9n excarcelado, desatando indignaci\u00f3n ciudadana.","breadcrumb":{"@id":"https:\/\/www.cuballama.com\/noticias\/reportan-un-nuevo-feminicidio-en-mayabeque-cuba\/#breadcrumb"},"inLanguage":"es","potentialAction":[{"@type":"ReadAction","target":["https:\/\/www.cuballama.com\/noticias\/reportan-un-nuevo-feminicidio-en-mayabeque-cuba\/"]}]},{"@type":"ImageObject","inLanguage":"es","@id":"https:\/\/www.cuballama.com\/noticias\/reportan-un-nuevo-feminicidio-en-mayabeque-cuba\/#primaryimage","url":"https:\/\/cdn1.mediawpaccore.net\/wp-content\/uploads\/2025\/12\/08081710\/image-18.png","contentUrl":"https:\/\/cdn1.mediawpaccore.net\/wp-content\/uploads\/2025\/12\/08081710\/image-18.png","width":1970,"height":1034,"caption":"La v\u00edctima, a la izquierda, fue identificada como Estefany Reyes G\u00f3mez. A su lado, el presunto asesino, identificado como \"Yunior\". Foto: Cortes\u00eda de Niover Licea"},{"@type":"BreadcrumbList","@id":"https:\/\/www.cuballama.com\/noticias\/reportan-un-nuevo-feminicidio-en-mayabeque-cuba\/#breadcrumb","itemListElement":[{"@type":"ListItem","position":1,"name":"Home","item":"https:\/\/www.cuballama.com\/noticias\/"},{"@type":"ListItem","position":2,"name":"Reportan un nuevo feminicidio en Mayabeque, Cuba"}]},{"@type":"WebSite","@id":"https:\/\/www.cuballama.com\/noticias\/#website","url":"https:\/\/www.cuballama.com\/noticias\/","name":"Cuballama Noticias","description":"Medio digital sobre Cuba y el mundo","publisher":{"@id":"https:\/\/www.cuballama.com\/noticias\/#organization"},"potentialAction":[{"@type":"SearchAction","target":{"@type":"EntryPoint","urlTemplate":"https:\/\/www.cuballama.com\/noticias\/?s={search_term_string}"},"query-input":{"@type":"PropertyValueSpecification","valueRequired":true,"valueName":"search_term_string"}}],"inLanguage":"es"},{"@type":"Organization","@id":"https:\/\/www.cuballama.com\/noticias\/#organization","name":"Cuballama","url":"https:\/\/www.cuballama.com\/noticias\/","logo":{"@type":"ImageObject","inLanguage":"es","@id":"https:\/\/www.cuballama.com\/noticias\/#\/schema\/logo\/image\/","url":"https:\/\/cdn1.mediawpaccore.net\/wp-content\/uploads\/2021\/12\/28171206\/cbll-logo-color-sm.png","contentUrl":"https:\/\/cdn1.mediawpaccore.net\/wp-content\/uploads\/2021\/12\/28171206\/cbll-logo-color-sm.png","width":600,"height":133,"caption":"Cuballama"},"image":{"@id":"https:\/\/www.cuballama.com\/noticias\/#\/schema\/logo\/image\/"},"sameAs":["https:\/\/www.facebook.com\/CubaLlama","https:\/\/x.com\/cuballama","https:\/\/www.instagram.com\/stories\/cuballama_oficial\/","https:\/\/www.youtube.com\/channel\/UCKkFE-d_axENGZcrc4as0IA"]},{"@type":"Person","@id":"https:\/\/www.cuballama.com\/noticias\/#\/schema\/person\/a58502ed4146c8e9f83872e897c76cd2","name":"Roberto A.","description":"Roberto A. Periodista por decisi\u00f3n propia. Interesado en cualquier tema que me apasione y cada vez m\u00e1s comprometido con la verdad y la objetividad period\u00edstica. Graduado en La Habana hace ya muchos a\u00f1os, luego de una accidentada y polvorienta b\u00fasqueda de informaci\u00f3n sobre un tema in\u00e9dito. La Tesis, por cierto, desapareci\u00f3 de la biblioteca y no se conservan copias de la misma.","url":"https:\/\/www.cuballama.com\/noticias\/author\/roberto\/"}]}},"_links":{"self":[{"href":"https:\/\/www.cuballama.com\/noticias\/wp-json\/wp\/v2\/posts\/227986","targetHints":{"allow":["GET"]}}],"collection":[{"href":"https:\/\/www.cuballama.com\/noticias\/wp-json\/wp\/v2\/posts"}],"about":[{"href":"https:\/\/www.cuballama.com\/noticias\/wp-json\/wp\/v2\/types\/post"}],"author":[{"embeddable":true,"href":"https:\/\/www.cuballama.com\/noticias\/wp-json\/wp\/v2\/users\/13"}],"replies":[{"embeddable":true,"href":"https:\/\/www.cuballama.com\/noticias\/wp-json\/wp\/v2\/comments?post=227986"}],"version-history":[{"count":4,"href":"https:\/\/www.cuballama.com\/noticias\/wp-json\/wp\/v2\/posts\/227986\/revisions"}],"predecessor-version":[{"id":228003,"href":"https:\/\/www.cuballama.com\/noticias\/wp-json\/wp\/v2\/posts\/227986\/revisions\/228003"}],"wp:featuredmedia":[{"embeddable":true,"href":"https:\/\/www.cuballama.com\/noticias\/wp-json\/wp\/v2\/media\/228002"}],"wp:attachment":[{"href":"https:\/\/www.cuballama.com\/noticias\/wp-json\/wp\/v2\/media?parent=227986"}],"wp:term":[{"taxonomy":"category","embeddable":true,"href":"https:\/\/www.cuballama.com\/noticias\/wp-json\/wp\/v2\/categories?post=227986"},{"taxonomy":"post_tag","embeddable":true,"href":"https:\/\/www.cuballama.com\/noticias\/wp-json\/wp\/v2\/tags?post=227986"}],"curies":[{"name":"wp","href":"https:\/\/api.w.org\/{rel}","templated":true}]}}