{"id":227811,"date":"2025-12-07T10:37:07","date_gmt":"2025-12-07T15:37:07","guid":{"rendered":"https:\/\/www.cuballama.com\/noticias\/?p=227811"},"modified":"2025-12-07T10:37:10","modified_gmt":"2025-12-07T15:37:10","slug":"elogian-a-oficial-de-transito-por-frustrar-una-agresion-con-arma-blanca-en-centro-habana","status":"publish","type":"post","link":"https:\/\/www.cuballama.com\/noticias\/elogian-a-oficial-de-transito-por-frustrar-una-agresion-con-arma-blanca-en-centro-habana\/","title":{"rendered":"Elogian a oficial de tr\u00e1nsito por frustrar una agresi\u00f3n con arma blanca en Centro Habana"},"content":{"rendered":"\n<p>El pasado 27 de noviembre, en la intersecci\u00f3n de San Rafael y Gervasio, en el Consejo Popular Dragones del municipio de Centro Habana, un altercado entre dos ciudadanos termin\u00f3 con la intervenci\u00f3n directa de un oficial de tr\u00e1nsito que pasaba por el lugar. Seg\u00fan la informaci\u00f3n difundida por la Polic\u00eda Nacional Revolucionaria, uno de los implicados intent\u00f3 agredir al otro con un arma blanca conocida popularmente como mocha, en un conflicto originado por problemas personales entre ambos. <\/p>\n\n\n\n<p>El mayor Alain Blanch, que circulaba por la zona en su motocicleta, se percat\u00f3 del momento exacto en que uno de los individuos intentaba lanzar la agresi\u00f3n. Su intervenci\u00f3n fue inmediata. De acuerdo con el reporte, logr\u00f3 neutralizar al agresor sin que se produjeran lesiones de gravedad, evitando que el encuentro derivara en un hecho mayor.<\/p>\n\n\n\n<p>Tras ser detenido en el lugar, el individuo fue trasladado a la unidad policial de Zanja, donde qued\u00f3 bajo custodia. Las autoridades informaron que enfrenta cargos relacionados con el intento de agresi\u00f3n.<\/p>\n\n\n\n<p>La nota oficial subraya que el incidente ocurri\u00f3 en cuesti\u00f3n de segundos y que la reacci\u00f3n del mayor Blanch impidi\u00f3 que la confrontaci\u00f3n derivara en un episodio m\u00e1s grave. No se ofrecieron detalles sobre el estado del ciudadano que fue blanco del intento de agresi\u00f3n, aunque las autoridades se\u00f1alaron que no sufri\u00f3 heridas debido a la r\u00e1pida contenci\u00f3n del atacante.<\/p>\n\n\n\n<figure class=\"wp-block-image size-large\"><img loading=\"lazy\" decoding=\"async\" width=\"473\" height=\"1024\" src=\"https:\/\/cdn1.mediawpaccore.net\/wp-content\/uploads\/2025\/12\/05052840\/WhatsApp-Image-2025-12-05-at-11.02.14-AM-473x1024.jpeg\" alt=\"\" class=\"wp-image-227813\" srcset=\"https:\/\/cdn1.mediawpaccore.net\/wp-content\/uploads\/2025\/12\/05052840\/WhatsApp-Image-2025-12-05-at-11.02.14-AM-473x1024.jpeg 473w, https:\/\/cdn1.mediawpaccore.net\/wp-content\/uploads\/2025\/12\/05052840\/WhatsApp-Image-2025-12-05-at-11.02.14-AM-138x300.jpeg 138w, https:\/\/cdn1.mediawpaccore.net\/wp-content\/uploads\/2025\/12\/05052840\/WhatsApp-Image-2025-12-05-at-11.02.14-AM-768x1664.jpeg 768w, https:\/\/cdn1.mediawpaccore.net\/wp-content\/uploads\/2025\/12\/05052840\/WhatsApp-Image-2025-12-05-at-11.02.14-AM-709x1536.jpeg 709w, https:\/\/cdn1.mediawpaccore.net\/wp-content\/uploads\/2025\/12\/05052840\/WhatsApp-Image-2025-12-05-at-11.02.14-AM-194x420.jpeg 194w, https:\/\/cdn1.mediawpaccore.net\/wp-content\/uploads\/2025\/12\/05052840\/WhatsApp-Image-2025-12-05-at-11.02.14-AM-150x325.jpeg 150w, https:\/\/cdn1.mediawpaccore.net\/wp-content\/uploads\/2025\/12\/05052840\/WhatsApp-Image-2025-12-05-at-11.02.14-AM-300x650.jpeg 300w, https:\/\/cdn1.mediawpaccore.net\/wp-content\/uploads\/2025\/12\/05052840\/WhatsApp-Image-2025-12-05-at-11.02.14-AM-696x1508.jpeg 696w, https:\/\/cdn1.mediawpaccore.net\/wp-content\/uploads\/2025\/12\/05052840\/WhatsApp-Image-2025-12-05-at-11.02.14-AM.jpeg 945w\" sizes=\"auto, (max-width: 473px) 100vw, 473px\" \/><\/figure>\n\n\n\n<p>El hecho se desarroll\u00f3 en un punto de alta circulaci\u00f3n peatonal y comercial, donde la presencia constante de transe\u00fantes suele amplificar cualquier altercado. Testimonios recogidos por las autoridades permitieron reconstruir parcialmente la secuencia de los hechos, mientras se espera por la conclusi\u00f3n de las diligencias para determinar si exist\u00edan antecedentes de enfrentamientos entre los implicados.<\/p>\n\n\n\n<p>El detenido permanece en proceso de instrucci\u00f3n penal y podr\u00eda enfrentar sanciones por portar y utilizar un arma blanca en un intento de agresi\u00f3n. Las autoridades recordaron que este tipo de objetos, com\u00fanmente empleados en ri\u00f1as personales, forman parte de los decomisos habituales en zonas urbanas del pa\u00eds.<\/p>\n\n\n\n<p>La PNR destac\u00f3 que el episodio ser\u00e1 incluido en los partes de incidencia correspondientes y que la documentaci\u00f3n del caso avanzar\u00e1 conforme a los protocolos establecidos. En su comunicado, insisti\u00f3 en la importancia de la actuaci\u00f3n del oficial y en el seguimiento judicial que corresponde a hechos de este tipo cuando se produce la captura inmediata del presunto agresor.<\/p>\n","protected":false},"excerpt":{"rendered":"<p>Un ciudadano intent\u00f3 agredir a otro con un arma blanca en Centro Habana, pero la respuesta de un oficial que pasaba por la zona impidi\u00f3 que el incidente escalara. El detenido fue trasladado a la unidad de Zanja, donde enfrenta cargos.<\/p>\n","protected":false},"author":13,"featured_media":227812,"comment_status":"open","ping_status":"closed","sticky":false,"template":"","format":"standard","meta":{"_acf_changed":false,"footnotes":""},"categories":[18,955],"tags":[16405,8667,5587,722,384],"class_list":{"0":"post-227811","1":"post","2":"type-post","3":"status-publish","4":"format-standard","5":"has-post-thumbnail","7":"category-noticias","8":"category-noticias-de-cuba","9":"tag-agresion","10":"tag-arma-blanca","11":"tag-centro-habana","12":"tag-pnr","13":"tag-sucesos"},"acf":[],"yoast_head":"<!-- This site is optimized with the Yoast SEO plugin v27.4 - https:\/\/yoast.com\/product\/yoast-seo-wordpress\/ -->\n<title>Elogian a oficial de tr\u00e1nsito por frustrar una agresi\u00f3n con arma blanca en Centro Habana - Cuballama Noticias<\/title>\n<meta name=\"description\" content=\"La intervenci\u00f3n inmediata de un oficial evit\u00f3 que una disputa personal derivara en un hecho de sangre en la esquina de San Rafael y Gervasio\" \/>\n<meta name=\"robots\" content=\"index, follow, max-snippet:-1, max-image-preview:large, max-video-preview:-1\" \/>\n<link rel=\"canonical\" href=\"https:\/\/www.cuballama.com\/noticias\/elogian-a-oficial-de-transito-por-frustrar-una-agresion-con-arma-blanca-en-centro-habana\/\" \/>\n<meta property=\"og:locale\" content=\"es_ES\" \/>\n<meta property=\"og:type\" content=\"article\" \/>\n<meta property=\"og:title\" content=\"Elogian a oficial de tr\u00e1nsito por frustrar una agresi\u00f3n con arma blanca en Centro Habana - Cuballama Noticias\" \/>\n<meta property=\"og:description\" content=\"La intervenci\u00f3n inmediata de un oficial evit\u00f3 que una disputa personal derivara en un hecho de sangre en la esquina de San Rafael y Gervasio\" \/>\n<meta property=\"og:url\" content=\"https:\/\/www.cuballama.com\/noticias\/elogian-a-oficial-de-transito-por-frustrar-una-agresion-con-arma-blanca-en-centro-habana\/\" \/>\n<meta property=\"og:site_name\" content=\"Cuballama Noticias\" \/>\n<meta property=\"article:publisher\" content=\"https:\/\/www.facebook.com\/CubaLlama\" \/>\n<meta property=\"article:published_time\" content=\"2025-12-07T15:37:07+00:00\" \/>\n<meta property=\"article:modified_time\" content=\"2025-12-07T15:37:10+00:00\" \/>\n<meta property=\"og:image\" content=\"https:\/\/cdn1.mediawpaccore.net\/wp-content\/uploads\/2025\/12\/05052652\/image-10.png\" \/>\n\t<meta property=\"og:image:width\" content=\"1972\" \/>\n\t<meta property=\"og:image:height\" content=\"1036\" \/>\n\t<meta property=\"og:image:type\" content=\"image\/png\" \/>\n<meta name=\"author\" content=\"Roberto A.\" \/>\n<meta name=\"twitter:card\" content=\"summary_large_image\" \/>\n<meta name=\"twitter:creator\" content=\"@cuballama\" \/>\n<meta name=\"twitter:site\" content=\"@cuballama\" \/>\n<meta name=\"twitter:label1\" content=\"Escrito por\" \/>\n\t<meta name=\"twitter:data1\" content=\"Roberto A.\" \/>\n\t<meta name=\"twitter:label2\" content=\"Tiempo de lectura\" \/>\n\t<meta name=\"twitter:data2\" content=\"3 minutos\" \/>\n<script type=\"application\/ld+json\" class=\"yoast-schema-graph\">{\"@context\":\"https:\\\/\\\/schema.org\",\"@graph\":[{\"@type\":\"Article\",\"@id\":\"https:\\\/\\\/www.cuballama.com\\\/noticias\\\/elogian-a-oficial-de-transito-por-frustrar-una-agresion-con-arma-blanca-en-centro-habana\\\/#article\",\"isPartOf\":{\"@id\":\"https:\\\/\\\/www.cuballama.com\\\/noticias\\\/elogian-a-oficial-de-transito-por-frustrar-una-agresion-con-arma-blanca-en-centro-habana\\\/\"},\"author\":{\"name\":\"Roberto A.\",\"@id\":\"https:\\\/\\\/www.cuballama.com\\\/noticias\\\/#\\\/schema\\\/person\\\/a58502ed4146c8e9f83872e897c76cd2\"},\"headline\":\"Elogian a oficial de tr\u00e1nsito por frustrar una agresi\u00f3n con arma blanca en Centro Habana\",\"datePublished\":\"2025-12-07T15:37:07+00:00\",\"dateModified\":\"2025-12-07T15:37:10+00:00\",\"mainEntityOfPage\":{\"@id\":\"https:\\\/\\\/www.cuballama.com\\\/noticias\\\/elogian-a-oficial-de-transito-por-frustrar-una-agresion-con-arma-blanca-en-centro-habana\\\/\"},\"wordCount\":432,\"commentCount\":0,\"publisher\":{\"@id\":\"https:\\\/\\\/www.cuballama.com\\\/noticias\\\/#organization\"},\"image\":{\"@id\":\"https:\\\/\\\/www.cuballama.com\\\/noticias\\\/elogian-a-oficial-de-transito-por-frustrar-una-agresion-con-arma-blanca-en-centro-habana\\\/#primaryimage\"},\"thumbnailUrl\":\"https:\\\/\\\/cdn1.mediawpaccore.net\\\/wp-content\\\/uploads\\\/2025\\\/12\\\/05052652\\\/image-10.png\",\"keywords\":[\"Agresi\u00f3n\",\"arma blanca\",\"Centro Habana\",\"PNR\",\"Sucesos\"],\"articleSection\":[\"Noticias\",\"Noticias de Cuba\"],\"inLanguage\":\"es\",\"potentialAction\":[{\"@type\":\"CommentAction\",\"name\":\"Comment\",\"target\":[\"https:\\\/\\\/www.cuballama.com\\\/noticias\\\/elogian-a-oficial-de-transito-por-frustrar-una-agresion-con-arma-blanca-en-centro-habana\\\/#respond\"]}]},{\"@type\":\"WebPage\",\"@id\":\"https:\\\/\\\/www.cuballama.com\\\/noticias\\\/elogian-a-oficial-de-transito-por-frustrar-una-agresion-con-arma-blanca-en-centro-habana\\\/\",\"url\":\"https:\\\/\\\/www.cuballama.com\\\/noticias\\\/elogian-a-oficial-de-transito-por-frustrar-una-agresion-con-arma-blanca-en-centro-habana\\\/\",\"name\":\"Elogian a oficial de tr\u00e1nsito por frustrar una agresi\u00f3n con arma blanca en Centro Habana - Cuballama Noticias\",\"isPartOf\":{\"@id\":\"https:\\\/\\\/www.cuballama.com\\\/noticias\\\/#website\"},\"primaryImageOfPage\":{\"@id\":\"https:\\\/\\\/www.cuballama.com\\\/noticias\\\/elogian-a-oficial-de-transito-por-frustrar-una-agresion-con-arma-blanca-en-centro-habana\\\/#primaryimage\"},\"image\":{\"@id\":\"https:\\\/\\\/www.cuballama.com\\\/noticias\\\/elogian-a-oficial-de-transito-por-frustrar-una-agresion-con-arma-blanca-en-centro-habana\\\/#primaryimage\"},\"thumbnailUrl\":\"https:\\\/\\\/cdn1.mediawpaccore.net\\\/wp-content\\\/uploads\\\/2025\\\/12\\\/05052652\\\/image-10.png\",\"datePublished\":\"2025-12-07T15:37:07+00:00\",\"dateModified\":\"2025-12-07T15:37:10+00:00\",\"description\":\"La intervenci\u00f3n inmediata de un oficial evit\u00f3 que una disputa personal derivara en un hecho de sangre en la esquina de San Rafael y Gervasio\",\"breadcrumb\":{\"@id\":\"https:\\\/\\\/www.cuballama.com\\\/noticias\\\/elogian-a-oficial-de-transito-por-frustrar-una-agresion-con-arma-blanca-en-centro-habana\\\/#breadcrumb\"},\"inLanguage\":\"es\",\"potentialAction\":[{\"@type\":\"ReadAction\",\"target\":[\"https:\\\/\\\/www.cuballama.com\\\/noticias\\\/elogian-a-oficial-de-transito-por-frustrar-una-agresion-con-arma-blanca-en-centro-habana\\\/\"]}]},{\"@type\":\"ImageObject\",\"inLanguage\":\"es\",\"@id\":\"https:\\\/\\\/www.cuballama.com\\\/noticias\\\/elogian-a-oficial-de-transito-por-frustrar-una-agresion-con-arma-blanca-en-centro-habana\\\/#primaryimage\",\"url\":\"https:\\\/\\\/cdn1.mediawpaccore.net\\\/wp-content\\\/uploads\\\/2025\\\/12\\\/05052652\\\/image-10.png\",\"contentUrl\":\"https:\\\/\\\/cdn1.mediawpaccore.net\\\/wp-content\\\/uploads\\\/2025\\\/12\\\/05052652\\\/image-10.png\",\"width\":1972,\"height\":1036,\"caption\":\"El mayor Alain Blanch, que circulaba por la zona en su motocicleta, se percat\u00f3 del momento exacto en que uno de los individuos intentaba lanzar la agresi\u00f3n, e intervino para evitar males mayores. Foto: V\u00eda Carlos Serpa Maceira\"},{\"@type\":\"BreadcrumbList\",\"@id\":\"https:\\\/\\\/www.cuballama.com\\\/noticias\\\/elogian-a-oficial-de-transito-por-frustrar-una-agresion-con-arma-blanca-en-centro-habana\\\/#breadcrumb\",\"itemListElement\":[{\"@type\":\"ListItem\",\"position\":1,\"name\":\"Home\",\"item\":\"https:\\\/\\\/www.cuballama.com\\\/noticias\\\/\"},{\"@type\":\"ListItem\",\"position\":2,\"name\":\"Elogian a oficial de tr\u00e1nsito por frustrar una agresi\u00f3n con arma blanca en Centro Habana\"}]},{\"@type\":\"WebSite\",\"@id\":\"https:\\\/\\\/www.cuballama.com\\\/noticias\\\/#website\",\"url\":\"https:\\\/\\\/www.cuballama.com\\\/noticias\\\/\",\"name\":\"Cuballama Noticias\",\"description\":\"Medio digital sobre Cuba y el mundo\",\"publisher\":{\"@id\":\"https:\\\/\\\/www.cuballama.com\\\/noticias\\\/#organization\"},\"potentialAction\":[{\"@type\":\"SearchAction\",\"target\":{\"@type\":\"EntryPoint\",\"urlTemplate\":\"https:\\\/\\\/www.cuballama.com\\\/noticias\\\/?s={search_term_string}\"},\"query-input\":{\"@type\":\"PropertyValueSpecification\",\"valueRequired\":true,\"valueName\":\"search_term_string\"}}],\"inLanguage\":\"es\"},{\"@type\":\"Organization\",\"@id\":\"https:\\\/\\\/www.cuballama.com\\\/noticias\\\/#organization\",\"name\":\"Cuballama\",\"url\":\"https:\\\/\\\/www.cuballama.com\\\/noticias\\\/\",\"logo\":{\"@type\":\"ImageObject\",\"inLanguage\":\"es\",\"@id\":\"https:\\\/\\\/www.cuballama.com\\\/noticias\\\/#\\\/schema\\\/logo\\\/image\\\/\",\"url\":\"https:\\\/\\\/cdn1.mediawpaccore.net\\\/wp-content\\\/uploads\\\/2021\\\/12\\\/28171206\\\/cbll-logo-color-sm.png\",\"contentUrl\":\"https:\\\/\\\/cdn1.mediawpaccore.net\\\/wp-content\\\/uploads\\\/2021\\\/12\\\/28171206\\\/cbll-logo-color-sm.png\",\"width\":600,\"height\":133,\"caption\":\"Cuballama\"},\"image\":{\"@id\":\"https:\\\/\\\/www.cuballama.com\\\/noticias\\\/#\\\/schema\\\/logo\\\/image\\\/\"},\"sameAs\":[\"https:\\\/\\\/www.facebook.com\\\/CubaLlama\",\"https:\\\/\\\/x.com\\\/cuballama\",\"https:\\\/\\\/www.instagram.com\\\/stories\\\/cuballama_oficial\\\/\",\"https:\\\/\\\/www.youtube.com\\\/channel\\\/UCKkFE-d_axENGZcrc4as0IA\"]},{\"@type\":\"Person\",\"@id\":\"https:\\\/\\\/www.cuballama.com\\\/noticias\\\/#\\\/schema\\\/person\\\/a58502ed4146c8e9f83872e897c76cd2\",\"name\":\"Roberto A.\",\"description\":\"Roberto A. Periodista por decisi\u00f3n propia. Interesado en cualquier tema que me apasione y cada vez m\u00e1s comprometido con la verdad y la objetividad period\u00edstica. Graduado en La Habana hace ya muchos a\u00f1os, luego de una accidentada y polvorienta b\u00fasqueda de informaci\u00f3n sobre un tema in\u00e9dito. La Tesis, por cierto, desapareci\u00f3 de la biblioteca y no se conservan copias de la misma.\",\"url\":\"https:\\\/\\\/www.cuballama.com\\\/noticias\\\/author\\\/roberto\\\/\"}]}<\/script>\n<!-- \/ Yoast SEO plugin. -->","yoast_head_json":{"title":"Elogian a oficial de tr\u00e1nsito por frustrar una agresi\u00f3n con arma blanca en Centro Habana - Cuballama Noticias","description":"La intervenci\u00f3n inmediata de un oficial evit\u00f3 que una disputa personal derivara en un hecho de sangre en la esquina de San Rafael y Gervasio","robots":{"index":"index","follow":"follow","max-snippet":"max-snippet:-1","max-image-preview":"max-image-preview:large","max-video-preview":"max-video-preview:-1"},"canonical":"https:\/\/www.cuballama.com\/noticias\/elogian-a-oficial-de-transito-por-frustrar-una-agresion-con-arma-blanca-en-centro-habana\/","og_locale":"es_ES","og_type":"article","og_title":"Elogian a oficial de tr\u00e1nsito por frustrar una agresi\u00f3n con arma blanca en Centro Habana - Cuballama Noticias","og_description":"La intervenci\u00f3n inmediata de un oficial evit\u00f3 que una disputa personal derivara en un hecho de sangre en la esquina de San Rafael y Gervasio","og_url":"https:\/\/www.cuballama.com\/noticias\/elogian-a-oficial-de-transito-por-frustrar-una-agresion-con-arma-blanca-en-centro-habana\/","og_site_name":"Cuballama Noticias","article_publisher":"https:\/\/www.facebook.com\/CubaLlama","article_published_time":"2025-12-07T15:37:07+00:00","article_modified_time":"2025-12-07T15:37:10+00:00","og_image":[{"width":1972,"height":1036,"url":"https:\/\/cdn1.mediawpaccore.net\/wp-content\/uploads\/2025\/12\/05052652\/image-10.png","type":"image\/png"}],"author":"Roberto A.","twitter_card":"summary_large_image","twitter_creator":"@cuballama","twitter_site":"@cuballama","twitter_misc":{"Escrito por":"Roberto A.","Tiempo de lectura":"3 minutos"},"schema":{"@context":"https:\/\/schema.org","@graph":[{"@type":"Article","@id":"https:\/\/www.cuballama.com\/noticias\/elogian-a-oficial-de-transito-por-frustrar-una-agresion-con-arma-blanca-en-centro-habana\/#article","isPartOf":{"@id":"https:\/\/www.cuballama.com\/noticias\/elogian-a-oficial-de-transito-por-frustrar-una-agresion-con-arma-blanca-en-centro-habana\/"},"author":{"name":"Roberto A.","@id":"https:\/\/www.cuballama.com\/noticias\/#\/schema\/person\/a58502ed4146c8e9f83872e897c76cd2"},"headline":"Elogian a oficial de tr\u00e1nsito por frustrar una agresi\u00f3n con arma blanca en Centro Habana","datePublished":"2025-12-07T15:37:07+00:00","dateModified":"2025-12-07T15:37:10+00:00","mainEntityOfPage":{"@id":"https:\/\/www.cuballama.com\/noticias\/elogian-a-oficial-de-transito-por-frustrar-una-agresion-con-arma-blanca-en-centro-habana\/"},"wordCount":432,"commentCount":0,"publisher":{"@id":"https:\/\/www.cuballama.com\/noticias\/#organization"},"image":{"@id":"https:\/\/www.cuballama.com\/noticias\/elogian-a-oficial-de-transito-por-frustrar-una-agresion-con-arma-blanca-en-centro-habana\/#primaryimage"},"thumbnailUrl":"https:\/\/cdn1.mediawpaccore.net\/wp-content\/uploads\/2025\/12\/05052652\/image-10.png","keywords":["Agresi\u00f3n","arma blanca","Centro Habana","PNR","Sucesos"],"articleSection":["Noticias","Noticias de Cuba"],"inLanguage":"es","potentialAction":[{"@type":"CommentAction","name":"Comment","target":["https:\/\/www.cuballama.com\/noticias\/elogian-a-oficial-de-transito-por-frustrar-una-agresion-con-arma-blanca-en-centro-habana\/#respond"]}]},{"@type":"WebPage","@id":"https:\/\/www.cuballama.com\/noticias\/elogian-a-oficial-de-transito-por-frustrar-una-agresion-con-arma-blanca-en-centro-habana\/","url":"https:\/\/www.cuballama.com\/noticias\/elogian-a-oficial-de-transito-por-frustrar-una-agresion-con-arma-blanca-en-centro-habana\/","name":"Elogian a oficial de tr\u00e1nsito por frustrar una agresi\u00f3n con arma blanca en Centro Habana - Cuballama Noticias","isPartOf":{"@id":"https:\/\/www.cuballama.com\/noticias\/#website"},"primaryImageOfPage":{"@id":"https:\/\/www.cuballama.com\/noticias\/elogian-a-oficial-de-transito-por-frustrar-una-agresion-con-arma-blanca-en-centro-habana\/#primaryimage"},"image":{"@id":"https:\/\/www.cuballama.com\/noticias\/elogian-a-oficial-de-transito-por-frustrar-una-agresion-con-arma-blanca-en-centro-habana\/#primaryimage"},"thumbnailUrl":"https:\/\/cdn1.mediawpaccore.net\/wp-content\/uploads\/2025\/12\/05052652\/image-10.png","datePublished":"2025-12-07T15:37:07+00:00","dateModified":"2025-12-07T15:37:10+00:00","description":"La intervenci\u00f3n inmediata de un oficial evit\u00f3 que una disputa personal derivara en un hecho de sangre en la esquina de San Rafael y Gervasio","breadcrumb":{"@id":"https:\/\/www.cuballama.com\/noticias\/elogian-a-oficial-de-transito-por-frustrar-una-agresion-con-arma-blanca-en-centro-habana\/#breadcrumb"},"inLanguage":"es","potentialAction":[{"@type":"ReadAction","target":["https:\/\/www.cuballama.com\/noticias\/elogian-a-oficial-de-transito-por-frustrar-una-agresion-con-arma-blanca-en-centro-habana\/"]}]},{"@type":"ImageObject","inLanguage":"es","@id":"https:\/\/www.cuballama.com\/noticias\/elogian-a-oficial-de-transito-por-frustrar-una-agresion-con-arma-blanca-en-centro-habana\/#primaryimage","url":"https:\/\/cdn1.mediawpaccore.net\/wp-content\/uploads\/2025\/12\/05052652\/image-10.png","contentUrl":"https:\/\/cdn1.mediawpaccore.net\/wp-content\/uploads\/2025\/12\/05052652\/image-10.png","width":1972,"height":1036,"caption":"El mayor Alain Blanch, que circulaba por la zona en su motocicleta, se percat\u00f3 del momento exacto en que uno de los individuos intentaba lanzar la agresi\u00f3n, e intervino para evitar males mayores. Foto: V\u00eda Carlos Serpa Maceira"},{"@type":"BreadcrumbList","@id":"https:\/\/www.cuballama.com\/noticias\/elogian-a-oficial-de-transito-por-frustrar-una-agresion-con-arma-blanca-en-centro-habana\/#breadcrumb","itemListElement":[{"@type":"ListItem","position":1,"name":"Home","item":"https:\/\/www.cuballama.com\/noticias\/"},{"@type":"ListItem","position":2,"name":"Elogian a oficial de tr\u00e1nsito por frustrar una agresi\u00f3n con arma blanca en Centro Habana"}]},{"@type":"WebSite","@id":"https:\/\/www.cuballama.com\/noticias\/#website","url":"https:\/\/www.cuballama.com\/noticias\/","name":"Cuballama Noticias","description":"Medio digital sobre Cuba y el mundo","publisher":{"@id":"https:\/\/www.cuballama.com\/noticias\/#organization"},"potentialAction":[{"@type":"SearchAction","target":{"@type":"EntryPoint","urlTemplate":"https:\/\/www.cuballama.com\/noticias\/?s={search_term_string}"},"query-input":{"@type":"PropertyValueSpecification","valueRequired":true,"valueName":"search_term_string"}}],"inLanguage":"es"},{"@type":"Organization","@id":"https:\/\/www.cuballama.com\/noticias\/#organization","name":"Cuballama","url":"https:\/\/www.cuballama.com\/noticias\/","logo":{"@type":"ImageObject","inLanguage":"es","@id":"https:\/\/www.cuballama.com\/noticias\/#\/schema\/logo\/image\/","url":"https:\/\/cdn1.mediawpaccore.net\/wp-content\/uploads\/2021\/12\/28171206\/cbll-logo-color-sm.png","contentUrl":"https:\/\/cdn1.mediawpaccore.net\/wp-content\/uploads\/2021\/12\/28171206\/cbll-logo-color-sm.png","width":600,"height":133,"caption":"Cuballama"},"image":{"@id":"https:\/\/www.cuballama.com\/noticias\/#\/schema\/logo\/image\/"},"sameAs":["https:\/\/www.facebook.com\/CubaLlama","https:\/\/x.com\/cuballama","https:\/\/www.instagram.com\/stories\/cuballama_oficial\/","https:\/\/www.youtube.com\/channel\/UCKkFE-d_axENGZcrc4as0IA"]},{"@type":"Person","@id":"https:\/\/www.cuballama.com\/noticias\/#\/schema\/person\/a58502ed4146c8e9f83872e897c76cd2","name":"Roberto A.","description":"Roberto A. Periodista por decisi\u00f3n propia. Interesado en cualquier tema que me apasione y cada vez m\u00e1s comprometido con la verdad y la objetividad period\u00edstica. Graduado en La Habana hace ya muchos a\u00f1os, luego de una accidentada y polvorienta b\u00fasqueda de informaci\u00f3n sobre un tema in\u00e9dito. La Tesis, por cierto, desapareci\u00f3 de la biblioteca y no se conservan copias de la misma.","url":"https:\/\/www.cuballama.com\/noticias\/author\/roberto\/"}]}},"_links":{"self":[{"href":"https:\/\/www.cuballama.com\/noticias\/wp-json\/wp\/v2\/posts\/227811","targetHints":{"allow":["GET"]}}],"collection":[{"href":"https:\/\/www.cuballama.com\/noticias\/wp-json\/wp\/v2\/posts"}],"about":[{"href":"https:\/\/www.cuballama.com\/noticias\/wp-json\/wp\/v2\/types\/post"}],"author":[{"embeddable":true,"href":"https:\/\/www.cuballama.com\/noticias\/wp-json\/wp\/v2\/users\/13"}],"replies":[{"embeddable":true,"href":"https:\/\/www.cuballama.com\/noticias\/wp-json\/wp\/v2\/comments?post=227811"}],"version-history":[{"count":2,"href":"https:\/\/www.cuballama.com\/noticias\/wp-json\/wp\/v2\/posts\/227811\/revisions"}],"predecessor-version":[{"id":227815,"href":"https:\/\/www.cuballama.com\/noticias\/wp-json\/wp\/v2\/posts\/227811\/revisions\/227815"}],"wp:featuredmedia":[{"embeddable":true,"href":"https:\/\/www.cuballama.com\/noticias\/wp-json\/wp\/v2\/media\/227812"}],"wp:attachment":[{"href":"https:\/\/www.cuballama.com\/noticias\/wp-json\/wp\/v2\/media?parent=227811"}],"wp:term":[{"taxonomy":"category","embeddable":true,"href":"https:\/\/www.cuballama.com\/noticias\/wp-json\/wp\/v2\/categories?post=227811"},{"taxonomy":"post_tag","embeddable":true,"href":"https:\/\/www.cuballama.com\/noticias\/wp-json\/wp\/v2\/tags?post=227811"}],"curies":[{"name":"wp","href":"https:\/\/api.w.org\/{rel}","templated":true}]}}