{"id":227652,"date":"2025-12-04T23:14:55","date_gmt":"2025-12-05T04:14:55","guid":{"rendered":"https:\/\/www.cuballama.com\/noticias\/?p=227652"},"modified":"2025-12-04T23:15:01","modified_gmt":"2025-12-05T04:15:01","slug":"recomiendan-no-viajar-con-gafas-ray-ban-meta-turistas-denuncian-decomisos-en-aeropuertos-de-cuba","status":"publish","type":"post","link":"https:\/\/www.cuballama.com\/noticias\/recomiendan-no-viajar-con-gafas-ray-ban-meta-turistas-denuncian-decomisos-en-aeropuertos-de-cuba\/","title":{"rendered":"Recomiendan no viajar con gafas Ray-Ban Meta: turistas denuncian decomisos en aeropuertos de Cuba"},"content":{"rendered":"\n<h2 class=\"wp-block-heading\">Al parecer no quieren que los turistas vean bien cu\u00e1l es la realidad en Cuba.<\/h2>\n\n\n\n<p>Un aviso inesperado comenz\u00f3 a circular esta semana entre viajeros habituales a Cuba: las gafas Ray-Ban Meta \u2014las populares lentes inteligentes con c\u00e1mara integrada\u2014 est\u00e1n siendo decomisadas por la Aduana cubana a su llegada al pa\u00eds. El caso m\u00e1s reciente ocurri\u00f3 el 29 de noviembre en el aeropuerto de Cayo Coco, cuando un turista canadiense relat\u00f3 que sus lentes fueron retenidas inmediatamente despu\u00e9s de pasar por el control de seguridad, pese a haber ingresado al pa\u00eds con ellas en visitas anteriores. <\/p>\n\n\n\n<p>John Drummond, viajero frecuente, cont\u00f3 en un grupo de Facebook especializado en viajes a Cuba que llevaba las gafas sobre la frente al cruzar el esc\u00e1ner cuando varios agentes lo apartaron y rodearon. <\/p>\n\n\n\n<p><em>\u201cSupuestamente me las devolver\u00e1n el d\u00eda de salida\u2026 dedos cruzados\u201d<\/em>, escribi\u00f3, visiblemente molesto. Seg\u00fan su testimonio, la reacci\u00f3n de los agentes pas\u00f3 del desconcierto a la firmeza al identificar el modelo de lentes, un dispositivo capaz de grabar de forma discreta.<\/p>\n\n\n\n<figure class=\"wp-block-image size-large\"><img loading=\"lazy\" decoding=\"async\" width=\"1024\" height=\"963\" src=\"https:\/\/cdn1.mediawpaccore.net\/wp-content\/uploads\/2025\/12\/04055913\/image-8-1024x963.png\" alt=\"\" class=\"wp-image-227653\" srcset=\"https:\/\/cdn1.mediawpaccore.net\/wp-content\/uploads\/2025\/12\/04055913\/image-8-1024x963.png 1024w, https:\/\/cdn1.mediawpaccore.net\/wp-content\/uploads\/2025\/12\/04055913\/image-8-300x282.png 300w, https:\/\/cdn1.mediawpaccore.net\/wp-content\/uploads\/2025\/12\/04055913\/image-8-768x722.png 768w, https:\/\/cdn1.mediawpaccore.net\/wp-content\/uploads\/2025\/12\/04055913\/image-8-447x420.png 447w, https:\/\/cdn1.mediawpaccore.net\/wp-content\/uploads\/2025\/12\/04055913\/image-8-150x141.png 150w, https:\/\/cdn1.mediawpaccore.net\/wp-content\/uploads\/2025\/12\/04055913\/image-8-696x654.png 696w, https:\/\/cdn1.mediawpaccore.net\/wp-content\/uploads\/2025\/12\/04055913\/image-8-1068x1004.png 1068w, https:\/\/cdn1.mediawpaccore.net\/wp-content\/uploads\/2025\/12\/04055913\/image-8.png 1370w\" sizes=\"auto, (max-width: 1024px) 100vw, 1024px\" \/><\/figure>\n\n\n\n<p>Otros usuarios confirmaron la historia. Tony Tracy, conocedor de regulaciones tecnol\u00f3gicas en Cuba, explic\u00f3 que desde 2019 existe un decreto que proh\u00edbe la entrada de \u201cequipos con capacidad de vigilancia encubierta\u201d, categor\u00eda en la que entran los smart glasses y c\u00e1maras integradas en objetos personales. Aunque c\u00e1maras convencionales y tel\u00e9fonos m\u00f3viles est\u00e1n permitidos, dispositivos de grabaci\u00f3n no visibles entran en una zona especialmente sensible para las autoridades cubanas.<\/p>\n\n\n\n<p>Viajeros de Canad\u00e1 y Europa a\u00f1adieron que en ocasiones los agentes guardan estos art\u00edculos en casilleros con un recibo de recogida para la salida del pa\u00eds. Algunos reportaron haber pagado entre 5 y 10 d\u00f3lares canadienses para recuperarlos. Otros tuvieron experiencias m\u00e1s tensas:<em> \u201cEn el coraz\u00f3n de alguno habr\u00e1 quien rece para que llegues tarde y no alcances a recogerlas\u201d,<\/em> escribi\u00f3 con iron\u00eda un cubano radicado en Canad\u00e1, describiendo la mezcla de burocracia y oportunismo que algunos asocian a estos decomisos.<\/p>\n\n\n\n<p>Tambi\u00e9n se reportaron casos de turistas a quienes se les confiscaron gafas guardadas en el equipaje de mano. La regla, seg\u00fan los administradores del grupo, parece clara: si el dispositivo tiene c\u00e1mara integrada, ser\u00e1 retenido.<\/p>\n\n\n\n<p>La recomendaci\u00f3n de los viajeros m\u00e1s experimentados es sencilla: <strong>no llevar gafas inteligentes a Cuba<\/strong>. Al menos por ahora, la Aduana no est\u00e1 dispuesta a dejar pasar nada que pueda grabar sin ser visible.<\/p>\n","protected":false},"excerpt":{"rendered":"<p>Turistas que viajan a Cuba denuncian que la Aduana est\u00e1 confiscando gafas Ray-Ban Meta y otros lentes inteligentes con c\u00e1mara integrada. Aunque prometen devolverlos a la salida, varios viajeros reportan tensiones, pagos adicionales y largas esperas. Desde 2019, Cuba proh\u00edbe dispositivos de grabaci\u00f3n encubierta, una medida que toma por sorpresa a visitantes desprevenidos.<\/p>\n","protected":false},"author":13,"featured_media":227655,"comment_status":"open","ping_status":"closed","sticky":false,"template":"","format":"standard","meta":{"_acf_changed":false,"footnotes":""},"categories":[18,955],"tags":[595,2564,11,29398,29397,287,219,2567,21422],"class_list":{"0":"post-227652","1":"post","2":"type-post","3":"status-publish","4":"format-standard","5":"has-post-thumbnail","7":"category-noticias","8":"category-noticias-de-cuba","9":"tag-aduana","10":"tag-aeropuertos","11":"tag-cuba","12":"tag-dispositivos-inteligentes","13":"tag-ray-ban-meta","14":"tag-tecnologia","15":"tag-turismo","16":"tag-viajeros","17":"tag-vigilancia"},"acf":[],"yoast_head":"<!-- This site is optimized with the Yoast SEO plugin v27.4 - https:\/\/yoast.com\/product\/yoast-seo-wordpress\/ -->\n<title>Recomiendan no viajar con gafas Ray-Ban Meta: turistas denuncian decomisos en aeropuertos de Cuba - Cuballama Noticias<\/title>\n<meta name=\"description\" content=\"Turistas denuncian que Cuba confisca gafas Ray-Ban Meta por su c\u00e1mara integrada; aduana promete devoluci\u00f3n, pero exige pagos y demoras.\" \/>\n<meta name=\"robots\" content=\"index, follow, max-snippet:-1, max-image-preview:large, max-video-preview:-1\" \/>\n<link rel=\"canonical\" href=\"https:\/\/www.cuballama.com\/noticias\/recomiendan-no-viajar-con-gafas-ray-ban-meta-turistas-denuncian-decomisos-en-aeropuertos-de-cuba\/\" \/>\n<meta property=\"og:locale\" content=\"es_ES\" \/>\n<meta property=\"og:type\" content=\"article\" \/>\n<meta property=\"og:title\" content=\"Recomiendan no viajar con gafas Ray-Ban Meta: turistas denuncian decomisos en aeropuertos de Cuba - Cuballama Noticias\" \/>\n<meta property=\"og:description\" content=\"Turistas denuncian que Cuba confisca gafas Ray-Ban Meta por su c\u00e1mara integrada; aduana promete devoluci\u00f3n, pero exige pagos y demoras.\" \/>\n<meta property=\"og:url\" content=\"https:\/\/www.cuballama.com\/noticias\/recomiendan-no-viajar-con-gafas-ray-ban-meta-turistas-denuncian-decomisos-en-aeropuertos-de-cuba\/\" \/>\n<meta property=\"og:site_name\" content=\"Cuballama Noticias\" \/>\n<meta property=\"article:publisher\" content=\"https:\/\/www.facebook.com\/CubaLlama\" \/>\n<meta property=\"article:published_time\" content=\"2025-12-05T04:14:55+00:00\" \/>\n<meta property=\"article:modified_time\" content=\"2025-12-05T04:15:01+00:00\" \/>\n<meta property=\"og:image\" content=\"https:\/\/cdn1.mediawpaccore.net\/wp-content\/uploads\/2025\/12\/04060945\/image-9-1024x540.png\" \/>\n\t<meta property=\"og:image:width\" content=\"1024\" \/>\n\t<meta property=\"og:image:height\" content=\"540\" \/>\n\t<meta property=\"og:image:type\" content=\"image\/png\" \/>\n<meta name=\"author\" content=\"Roberto A.\" \/>\n<meta name=\"twitter:card\" content=\"summary_large_image\" \/>\n<meta name=\"twitter:creator\" content=\"@cuballama\" \/>\n<meta name=\"twitter:site\" content=\"@cuballama\" \/>\n<meta name=\"twitter:label1\" content=\"Escrito por\" \/>\n\t<meta name=\"twitter:data1\" content=\"Roberto A.\" \/>\n\t<meta name=\"twitter:label2\" content=\"Tiempo de lectura\" \/>\n\t<meta name=\"twitter:data2\" content=\"3 minutos\" \/>\n<script type=\"application\/ld+json\" class=\"yoast-schema-graph\">{\"@context\":\"https:\\\/\\\/schema.org\",\"@graph\":[{\"@type\":\"Article\",\"@id\":\"https:\\\/\\\/www.cuballama.com\\\/noticias\\\/recomiendan-no-viajar-con-gafas-ray-ban-meta-turistas-denuncian-decomisos-en-aeropuertos-de-cuba\\\/#article\",\"isPartOf\":{\"@id\":\"https:\\\/\\\/www.cuballama.com\\\/noticias\\\/recomiendan-no-viajar-con-gafas-ray-ban-meta-turistas-denuncian-decomisos-en-aeropuertos-de-cuba\\\/\"},\"author\":{\"name\":\"Roberto A.\",\"@id\":\"https:\\\/\\\/www.cuballama.com\\\/noticias\\\/#\\\/schema\\\/person\\\/a58502ed4146c8e9f83872e897c76cd2\"},\"headline\":\"Recomiendan no viajar con gafas Ray-Ban Meta: turistas denuncian decomisos en aeropuertos de Cuba\",\"datePublished\":\"2025-12-05T04:14:55+00:00\",\"dateModified\":\"2025-12-05T04:15:01+00:00\",\"mainEntityOfPage\":{\"@id\":\"https:\\\/\\\/www.cuballama.com\\\/noticias\\\/recomiendan-no-viajar-con-gafas-ray-ban-meta-turistas-denuncian-decomisos-en-aeropuertos-de-cuba\\\/\"},\"wordCount\":431,\"commentCount\":0,\"publisher\":{\"@id\":\"https:\\\/\\\/www.cuballama.com\\\/noticias\\\/#organization\"},\"image\":{\"@id\":\"https:\\\/\\\/www.cuballama.com\\\/noticias\\\/recomiendan-no-viajar-con-gafas-ray-ban-meta-turistas-denuncian-decomisos-en-aeropuertos-de-cuba\\\/#primaryimage\"},\"thumbnailUrl\":\"https:\\\/\\\/cdn1.mediawpaccore.net\\\/wp-content\\\/uploads\\\/2025\\\/12\\\/04060945\\\/image-9.png\",\"keywords\":[\"Aduana\",\"Aeropuertos\",\"Cuba\",\"dispositivos inteligentes\",\"Ray-Ban Meta\",\"Tecnolog\u00eda\",\"turismo\",\"Viajeros\",\"Vigilancia\"],\"articleSection\":[\"Noticias\",\"Noticias de Cuba\"],\"inLanguage\":\"es\",\"potentialAction\":[{\"@type\":\"CommentAction\",\"name\":\"Comment\",\"target\":[\"https:\\\/\\\/www.cuballama.com\\\/noticias\\\/recomiendan-no-viajar-con-gafas-ray-ban-meta-turistas-denuncian-decomisos-en-aeropuertos-de-cuba\\\/#respond\"]}]},{\"@type\":\"WebPage\",\"@id\":\"https:\\\/\\\/www.cuballama.com\\\/noticias\\\/recomiendan-no-viajar-con-gafas-ray-ban-meta-turistas-denuncian-decomisos-en-aeropuertos-de-cuba\\\/\",\"url\":\"https:\\\/\\\/www.cuballama.com\\\/noticias\\\/recomiendan-no-viajar-con-gafas-ray-ban-meta-turistas-denuncian-decomisos-en-aeropuertos-de-cuba\\\/\",\"name\":\"Recomiendan no viajar con gafas Ray-Ban Meta: turistas denuncian decomisos en aeropuertos de Cuba - Cuballama Noticias\",\"isPartOf\":{\"@id\":\"https:\\\/\\\/www.cuballama.com\\\/noticias\\\/#website\"},\"primaryImageOfPage\":{\"@id\":\"https:\\\/\\\/www.cuballama.com\\\/noticias\\\/recomiendan-no-viajar-con-gafas-ray-ban-meta-turistas-denuncian-decomisos-en-aeropuertos-de-cuba\\\/#primaryimage\"},\"image\":{\"@id\":\"https:\\\/\\\/www.cuballama.com\\\/noticias\\\/recomiendan-no-viajar-con-gafas-ray-ban-meta-turistas-denuncian-decomisos-en-aeropuertos-de-cuba\\\/#primaryimage\"},\"thumbnailUrl\":\"https:\\\/\\\/cdn1.mediawpaccore.net\\\/wp-content\\\/uploads\\\/2025\\\/12\\\/04060945\\\/image-9.png\",\"datePublished\":\"2025-12-05T04:14:55+00:00\",\"dateModified\":\"2025-12-05T04:15:01+00:00\",\"description\":\"Turistas denuncian que Cuba confisca gafas Ray-Ban Meta por su c\u00e1mara integrada; aduana promete devoluci\u00f3n, pero exige pagos y demoras.\",\"breadcrumb\":{\"@id\":\"https:\\\/\\\/www.cuballama.com\\\/noticias\\\/recomiendan-no-viajar-con-gafas-ray-ban-meta-turistas-denuncian-decomisos-en-aeropuertos-de-cuba\\\/#breadcrumb\"},\"inLanguage\":\"es\",\"potentialAction\":[{\"@type\":\"ReadAction\",\"target\":[\"https:\\\/\\\/www.cuballama.com\\\/noticias\\\/recomiendan-no-viajar-con-gafas-ray-ban-meta-turistas-denuncian-decomisos-en-aeropuertos-de-cuba\\\/\"]}]},{\"@type\":\"ImageObject\",\"inLanguage\":\"es\",\"@id\":\"https:\\\/\\\/www.cuballama.com\\\/noticias\\\/recomiendan-no-viajar-con-gafas-ray-ban-meta-turistas-denuncian-decomisos-en-aeropuertos-de-cuba\\\/#primaryimage\",\"url\":\"https:\\\/\\\/cdn1.mediawpaccore.net\\\/wp-content\\\/uploads\\\/2025\\\/12\\\/04060945\\\/image-9.png\",\"contentUrl\":\"https:\\\/\\\/cdn1.mediawpaccore.net\\\/wp-content\\\/uploads\\\/2025\\\/12\\\/04060945\\\/image-9.png\",\"width\":1970,\"height\":1038,\"caption\":\"Foto Generada por la IA.\"},{\"@type\":\"BreadcrumbList\",\"@id\":\"https:\\\/\\\/www.cuballama.com\\\/noticias\\\/recomiendan-no-viajar-con-gafas-ray-ban-meta-turistas-denuncian-decomisos-en-aeropuertos-de-cuba\\\/#breadcrumb\",\"itemListElement\":[{\"@type\":\"ListItem\",\"position\":1,\"name\":\"Home\",\"item\":\"https:\\\/\\\/www.cuballama.com\\\/noticias\\\/\"},{\"@type\":\"ListItem\",\"position\":2,\"name\":\"Recomiendan no viajar con gafas Ray-Ban Meta: turistas denuncian decomisos en aeropuertos de Cuba\"}]},{\"@type\":\"WebSite\",\"@id\":\"https:\\\/\\\/www.cuballama.com\\\/noticias\\\/#website\",\"url\":\"https:\\\/\\\/www.cuballama.com\\\/noticias\\\/\",\"name\":\"Cuballama Noticias\",\"description\":\"Medio digital sobre Cuba y el mundo\",\"publisher\":{\"@id\":\"https:\\\/\\\/www.cuballama.com\\\/noticias\\\/#organization\"},\"potentialAction\":[{\"@type\":\"SearchAction\",\"target\":{\"@type\":\"EntryPoint\",\"urlTemplate\":\"https:\\\/\\\/www.cuballama.com\\\/noticias\\\/?s={search_term_string}\"},\"query-input\":{\"@type\":\"PropertyValueSpecification\",\"valueRequired\":true,\"valueName\":\"search_term_string\"}}],\"inLanguage\":\"es\"},{\"@type\":\"Organization\",\"@id\":\"https:\\\/\\\/www.cuballama.com\\\/noticias\\\/#organization\",\"name\":\"Cuballama\",\"url\":\"https:\\\/\\\/www.cuballama.com\\\/noticias\\\/\",\"logo\":{\"@type\":\"ImageObject\",\"inLanguage\":\"es\",\"@id\":\"https:\\\/\\\/www.cuballama.com\\\/noticias\\\/#\\\/schema\\\/logo\\\/image\\\/\",\"url\":\"https:\\\/\\\/cdn1.mediawpaccore.net\\\/wp-content\\\/uploads\\\/2021\\\/12\\\/28171206\\\/cbll-logo-color-sm.png\",\"contentUrl\":\"https:\\\/\\\/cdn1.mediawpaccore.net\\\/wp-content\\\/uploads\\\/2021\\\/12\\\/28171206\\\/cbll-logo-color-sm.png\",\"width\":600,\"height\":133,\"caption\":\"Cuballama\"},\"image\":{\"@id\":\"https:\\\/\\\/www.cuballama.com\\\/noticias\\\/#\\\/schema\\\/logo\\\/image\\\/\"},\"sameAs\":[\"https:\\\/\\\/www.facebook.com\\\/CubaLlama\",\"https:\\\/\\\/x.com\\\/cuballama\",\"https:\\\/\\\/www.instagram.com\\\/stories\\\/cuballama_oficial\\\/\",\"https:\\\/\\\/www.youtube.com\\\/channel\\\/UCKkFE-d_axENGZcrc4as0IA\"]},{\"@type\":\"Person\",\"@id\":\"https:\\\/\\\/www.cuballama.com\\\/noticias\\\/#\\\/schema\\\/person\\\/a58502ed4146c8e9f83872e897c76cd2\",\"name\":\"Roberto A.\",\"description\":\"Roberto A. Periodista por decisi\u00f3n propia. Interesado en cualquier tema que me apasione y cada vez m\u00e1s comprometido con la verdad y la objetividad period\u00edstica. Graduado en La Habana hace ya muchos a\u00f1os, luego de una accidentada y polvorienta b\u00fasqueda de informaci\u00f3n sobre un tema in\u00e9dito. La Tesis, por cierto, desapareci\u00f3 de la biblioteca y no se conservan copias de la misma.\",\"url\":\"https:\\\/\\\/www.cuballama.com\\\/noticias\\\/author\\\/roberto\\\/\"}]}<\/script>\n<!-- \/ Yoast SEO plugin. -->","yoast_head_json":{"title":"Recomiendan no viajar con gafas Ray-Ban Meta: turistas denuncian decomisos en aeropuertos de Cuba - Cuballama Noticias","description":"Turistas denuncian que Cuba confisca gafas Ray-Ban Meta por su c\u00e1mara integrada; aduana promete devoluci\u00f3n, pero exige pagos y demoras.","robots":{"index":"index","follow":"follow","max-snippet":"max-snippet:-1","max-image-preview":"max-image-preview:large","max-video-preview":"max-video-preview:-1"},"canonical":"https:\/\/www.cuballama.com\/noticias\/recomiendan-no-viajar-con-gafas-ray-ban-meta-turistas-denuncian-decomisos-en-aeropuertos-de-cuba\/","og_locale":"es_ES","og_type":"article","og_title":"Recomiendan no viajar con gafas Ray-Ban Meta: turistas denuncian decomisos en aeropuertos de Cuba - Cuballama Noticias","og_description":"Turistas denuncian que Cuba confisca gafas Ray-Ban Meta por su c\u00e1mara integrada; aduana promete devoluci\u00f3n, pero exige pagos y demoras.","og_url":"https:\/\/www.cuballama.com\/noticias\/recomiendan-no-viajar-con-gafas-ray-ban-meta-turistas-denuncian-decomisos-en-aeropuertos-de-cuba\/","og_site_name":"Cuballama Noticias","article_publisher":"https:\/\/www.facebook.com\/CubaLlama","article_published_time":"2025-12-05T04:14:55+00:00","article_modified_time":"2025-12-05T04:15:01+00:00","og_image":[{"width":1024,"height":540,"url":"https:\/\/cdn1.mediawpaccore.net\/wp-content\/uploads\/2025\/12\/04060945\/image-9-1024x540.png","type":"image\/png"}],"author":"Roberto A.","twitter_card":"summary_large_image","twitter_creator":"@cuballama","twitter_site":"@cuballama","twitter_misc":{"Escrito por":"Roberto A.","Tiempo de lectura":"3 minutos"},"schema":{"@context":"https:\/\/schema.org","@graph":[{"@type":"Article","@id":"https:\/\/www.cuballama.com\/noticias\/recomiendan-no-viajar-con-gafas-ray-ban-meta-turistas-denuncian-decomisos-en-aeropuertos-de-cuba\/#article","isPartOf":{"@id":"https:\/\/www.cuballama.com\/noticias\/recomiendan-no-viajar-con-gafas-ray-ban-meta-turistas-denuncian-decomisos-en-aeropuertos-de-cuba\/"},"author":{"name":"Roberto A.","@id":"https:\/\/www.cuballama.com\/noticias\/#\/schema\/person\/a58502ed4146c8e9f83872e897c76cd2"},"headline":"Recomiendan no viajar con gafas Ray-Ban Meta: turistas denuncian decomisos en aeropuertos de Cuba","datePublished":"2025-12-05T04:14:55+00:00","dateModified":"2025-12-05T04:15:01+00:00","mainEntityOfPage":{"@id":"https:\/\/www.cuballama.com\/noticias\/recomiendan-no-viajar-con-gafas-ray-ban-meta-turistas-denuncian-decomisos-en-aeropuertos-de-cuba\/"},"wordCount":431,"commentCount":0,"publisher":{"@id":"https:\/\/www.cuballama.com\/noticias\/#organization"},"image":{"@id":"https:\/\/www.cuballama.com\/noticias\/recomiendan-no-viajar-con-gafas-ray-ban-meta-turistas-denuncian-decomisos-en-aeropuertos-de-cuba\/#primaryimage"},"thumbnailUrl":"https:\/\/cdn1.mediawpaccore.net\/wp-content\/uploads\/2025\/12\/04060945\/image-9.png","keywords":["Aduana","Aeropuertos","Cuba","dispositivos inteligentes","Ray-Ban Meta","Tecnolog\u00eda","turismo","Viajeros","Vigilancia"],"articleSection":["Noticias","Noticias de Cuba"],"inLanguage":"es","potentialAction":[{"@type":"CommentAction","name":"Comment","target":["https:\/\/www.cuballama.com\/noticias\/recomiendan-no-viajar-con-gafas-ray-ban-meta-turistas-denuncian-decomisos-en-aeropuertos-de-cuba\/#respond"]}]},{"@type":"WebPage","@id":"https:\/\/www.cuballama.com\/noticias\/recomiendan-no-viajar-con-gafas-ray-ban-meta-turistas-denuncian-decomisos-en-aeropuertos-de-cuba\/","url":"https:\/\/www.cuballama.com\/noticias\/recomiendan-no-viajar-con-gafas-ray-ban-meta-turistas-denuncian-decomisos-en-aeropuertos-de-cuba\/","name":"Recomiendan no viajar con gafas Ray-Ban Meta: turistas denuncian decomisos en aeropuertos de Cuba - Cuballama Noticias","isPartOf":{"@id":"https:\/\/www.cuballama.com\/noticias\/#website"},"primaryImageOfPage":{"@id":"https:\/\/www.cuballama.com\/noticias\/recomiendan-no-viajar-con-gafas-ray-ban-meta-turistas-denuncian-decomisos-en-aeropuertos-de-cuba\/#primaryimage"},"image":{"@id":"https:\/\/www.cuballama.com\/noticias\/recomiendan-no-viajar-con-gafas-ray-ban-meta-turistas-denuncian-decomisos-en-aeropuertos-de-cuba\/#primaryimage"},"thumbnailUrl":"https:\/\/cdn1.mediawpaccore.net\/wp-content\/uploads\/2025\/12\/04060945\/image-9.png","datePublished":"2025-12-05T04:14:55+00:00","dateModified":"2025-12-05T04:15:01+00:00","description":"Turistas denuncian que Cuba confisca gafas Ray-Ban Meta por su c\u00e1mara integrada; aduana promete devoluci\u00f3n, pero exige pagos y demoras.","breadcrumb":{"@id":"https:\/\/www.cuballama.com\/noticias\/recomiendan-no-viajar-con-gafas-ray-ban-meta-turistas-denuncian-decomisos-en-aeropuertos-de-cuba\/#breadcrumb"},"inLanguage":"es","potentialAction":[{"@type":"ReadAction","target":["https:\/\/www.cuballama.com\/noticias\/recomiendan-no-viajar-con-gafas-ray-ban-meta-turistas-denuncian-decomisos-en-aeropuertos-de-cuba\/"]}]},{"@type":"ImageObject","inLanguage":"es","@id":"https:\/\/www.cuballama.com\/noticias\/recomiendan-no-viajar-con-gafas-ray-ban-meta-turistas-denuncian-decomisos-en-aeropuertos-de-cuba\/#primaryimage","url":"https:\/\/cdn1.mediawpaccore.net\/wp-content\/uploads\/2025\/12\/04060945\/image-9.png","contentUrl":"https:\/\/cdn1.mediawpaccore.net\/wp-content\/uploads\/2025\/12\/04060945\/image-9.png","width":1970,"height":1038,"caption":"Foto Generada por la IA."},{"@type":"BreadcrumbList","@id":"https:\/\/www.cuballama.com\/noticias\/recomiendan-no-viajar-con-gafas-ray-ban-meta-turistas-denuncian-decomisos-en-aeropuertos-de-cuba\/#breadcrumb","itemListElement":[{"@type":"ListItem","position":1,"name":"Home","item":"https:\/\/www.cuballama.com\/noticias\/"},{"@type":"ListItem","position":2,"name":"Recomiendan no viajar con gafas Ray-Ban Meta: turistas denuncian decomisos en aeropuertos de Cuba"}]},{"@type":"WebSite","@id":"https:\/\/www.cuballama.com\/noticias\/#website","url":"https:\/\/www.cuballama.com\/noticias\/","name":"Cuballama Noticias","description":"Medio digital sobre Cuba y el mundo","publisher":{"@id":"https:\/\/www.cuballama.com\/noticias\/#organization"},"potentialAction":[{"@type":"SearchAction","target":{"@type":"EntryPoint","urlTemplate":"https:\/\/www.cuballama.com\/noticias\/?s={search_term_string}"},"query-input":{"@type":"PropertyValueSpecification","valueRequired":true,"valueName":"search_term_string"}}],"inLanguage":"es"},{"@type":"Organization","@id":"https:\/\/www.cuballama.com\/noticias\/#organization","name":"Cuballama","url":"https:\/\/www.cuballama.com\/noticias\/","logo":{"@type":"ImageObject","inLanguage":"es","@id":"https:\/\/www.cuballama.com\/noticias\/#\/schema\/logo\/image\/","url":"https:\/\/cdn1.mediawpaccore.net\/wp-content\/uploads\/2021\/12\/28171206\/cbll-logo-color-sm.png","contentUrl":"https:\/\/cdn1.mediawpaccore.net\/wp-content\/uploads\/2021\/12\/28171206\/cbll-logo-color-sm.png","width":600,"height":133,"caption":"Cuballama"},"image":{"@id":"https:\/\/www.cuballama.com\/noticias\/#\/schema\/logo\/image\/"},"sameAs":["https:\/\/www.facebook.com\/CubaLlama","https:\/\/x.com\/cuballama","https:\/\/www.instagram.com\/stories\/cuballama_oficial\/","https:\/\/www.youtube.com\/channel\/UCKkFE-d_axENGZcrc4as0IA"]},{"@type":"Person","@id":"https:\/\/www.cuballama.com\/noticias\/#\/schema\/person\/a58502ed4146c8e9f83872e897c76cd2","name":"Roberto A.","description":"Roberto A. Periodista por decisi\u00f3n propia. Interesado en cualquier tema que me apasione y cada vez m\u00e1s comprometido con la verdad y la objetividad period\u00edstica. Graduado en La Habana hace ya muchos a\u00f1os, luego de una accidentada y polvorienta b\u00fasqueda de informaci\u00f3n sobre un tema in\u00e9dito. La Tesis, por cierto, desapareci\u00f3 de la biblioteca y no se conservan copias de la misma.","url":"https:\/\/www.cuballama.com\/noticias\/author\/roberto\/"}]}},"_links":{"self":[{"href":"https:\/\/www.cuballama.com\/noticias\/wp-json\/wp\/v2\/posts\/227652","targetHints":{"allow":["GET"]}}],"collection":[{"href":"https:\/\/www.cuballama.com\/noticias\/wp-json\/wp\/v2\/posts"}],"about":[{"href":"https:\/\/www.cuballama.com\/noticias\/wp-json\/wp\/v2\/types\/post"}],"author":[{"embeddable":true,"href":"https:\/\/www.cuballama.com\/noticias\/wp-json\/wp\/v2\/users\/13"}],"replies":[{"embeddable":true,"href":"https:\/\/www.cuballama.com\/noticias\/wp-json\/wp\/v2\/comments?post=227652"}],"version-history":[{"count":2,"href":"https:\/\/www.cuballama.com\/noticias\/wp-json\/wp\/v2\/posts\/227652\/revisions"}],"predecessor-version":[{"id":227656,"href":"https:\/\/www.cuballama.com\/noticias\/wp-json\/wp\/v2\/posts\/227652\/revisions\/227656"}],"wp:featuredmedia":[{"embeddable":true,"href":"https:\/\/www.cuballama.com\/noticias\/wp-json\/wp\/v2\/media\/227655"}],"wp:attachment":[{"href":"https:\/\/www.cuballama.com\/noticias\/wp-json\/wp\/v2\/media?parent=227652"}],"wp:term":[{"taxonomy":"category","embeddable":true,"href":"https:\/\/www.cuballama.com\/noticias\/wp-json\/wp\/v2\/categories?post=227652"},{"taxonomy":"post_tag","embeddable":true,"href":"https:\/\/www.cuballama.com\/noticias\/wp-json\/wp\/v2\/tags?post=227652"}],"curies":[{"name":"wp","href":"https:\/\/api.w.org\/{rel}","templated":true}]}}