{"id":227588,"date":"2025-12-08T07:51:55","date_gmt":"2025-12-08T12:51:55","guid":{"rendered":"https:\/\/www.cuballama.com\/noticias\/?p=227588"},"modified":"2025-12-08T07:51:58","modified_gmt":"2025-12-08T12:51:58","slug":"escala-crisis-sanitaria-en-cuba","status":"publish","type":"post","link":"https:\/\/www.cuballama.com\/noticias\/escala-crisis-sanitaria-en-cuba\/","title":{"rendered":"Escala crisis sanitaria en Cuba"},"content":{"rendered":"\n<p>La crisis sanitaria que atraviesa Cuba ha dejado de ser un problema epidemiol\u00f3gico para convertirse en un retrato completo del derrumbe de un pa\u00eds. El Gobierno insiste en que la epidemia de dengue y chikungunya ha causado m\u00e1s de 40 muertes \u2014la mayor\u00eda de ellas en menores de edad\u2014, pero la cifra, ya de por s\u00ed alarmante, representa apenas una fracci\u00f3n de lo que realmente ocurre. Informes independientes hablan hoy de al menos <strong>87 fallecidos<\/strong> entre octubre y noviembre, m\u00e1s del doble de lo que reconoce el MINSAP, en una emergencia donde los mosquitos son solo una pieza del desastre.<\/p>\n\n\n\n<p>El <em>Cuban Observatory of Conflicts<\/em> (OCC) y la <em>Foundation for Human Rights in Cuba<\/em> documentaron, con nombres, edades y municipios, decenas de casos que el Gobierno no contabiliza: ni\u00f1os de 1 a 10 a\u00f1os, adolescentes y ancianos de hasta 90. Murieron sin acceso a sueros, sin antibi\u00f3ticos, sin personal m\u00e9dico disponible y, en muchos casos, tras ser devueltos a sus casas pese a llegar graves a los hospitales. En Santiago de Cuba, Holgu\u00edn y Villa Clara, familiares relatan escenas que desmienten cualquier discurso oficial: salas sin climatizaci\u00f3n, mosquitos dentro de los hospitales, pacientes en pasillos y doctores exhaustos ante un volumen de enfermos que supera cualquier capacidad.<\/p>\n\n\n\n<p>Caminar por esas provincias es recorrer un mapa donde se intersectan todas las fallas de un pa\u00eds colapsado. El <strong>hambre<\/strong> \u2014esa palabra que el Gobierno evita incluso pronunciar\u2014 es ya un factor determinante. La mayor\u00eda de los fallecidos menores de edad, explica el OCC, sufr\u00eda anemia, d\u00e9ficit vitam\u00ednicos y desnutrici\u00f3n. Llegaban debilitados, sin reservas inmunol\u00f3gicas para resistir una fiebre prolongada. En barrios de Centro Habana, Camag\u00fcey o San Miguel del Padr\u00f3n, madres cuentan que su hijo enferm\u00f3 despu\u00e9s de semanas con una sola comida diaria y dificultades para encontrar leche o prote\u00ednas.<\/p>\n\n\n\n<p>A la malnutrici\u00f3n se suma la otra crisis silenciosa: <strong>el agua<\/strong>. Zonas enteras pasan 10, 15 o 20 d\u00edas sin servicio. La gente almacena agua en cualquier recipiente disponible: tanques sin tapa, cubos rotos, botellas cortadas. Son criaderos perfectos para el Aedes aegypti, pero tambi\u00e9n retratos de un pa\u00eds donde la infraestructura hidr\u00e1ulica est\u00e1 destrozada desde hace d\u00e9cadas. El Gobierno culpa al embargo, pero los acueductos siguen sin mantenimiento, las fugas se multiplican y los camiones cisterna llegan cuando pueden.<\/p>\n\n\n\n<p>Y cuando finalmente llega el agua, muchas veces llega <strong>contaminada<\/strong>. En Caibari\u00e9n, donde muri\u00f3 un beb\u00e9 de dos meses el 27 de noviembre, los vecinos aseguran que el agua del acueducto sale turbia desde hace a\u00f1os. En Holgu\u00edn, familias reportan que los pozos comunitarios est\u00e1n mezclados con aguas alba\u00f1ales desde las \u00faltimas lluvias fuertes.<\/p>\n\n\n\n<p>Pero la cadena del desastre no termina ah\u00ed: la falta de electricidad se ha vuelto un aliado involuntario del mosquito. Los <strong>apagones<\/strong>, que ya superan las 12 horas diarias en algunas provincias, obligan a las personas a mantener puertas y ventanas abiertas para ventilarse. En noches sin luz, sin ventiladores y sin repelentes asequibles, la poblaci\u00f3n queda expuesta. Los apagones tambi\u00e9n afectan la conservaci\u00f3n de medicamentos sensibles y el funcionamiento de equipos hospitalarios. Cuando un hospital pierde la electricidad y opera con plantas peque\u00f1as o intermitentes, el diagn\u00f3stico y el tratamiento se vuelven una ruleta rusa.<\/p>\n\n\n\n<p>Los apagones, adem\u00e1s, han provocado otro fen\u00f3meno: la basura. Las ciudades semioscuras han perdido frecuencia de recogida. En La Habana, Matanzas o Pinar del R\u00edo, montones de desechos permanecen d\u00edas o semanas, en plena descomposici\u00f3n, acumulando agua de lluvia y alimentando colonias enteras de mosquitos. La epidemiolog\u00eda no puede controlarse cuando el sistema de servicios urbanos est\u00e1 en ruinas.<\/p>\n\n\n\n<p>El reporte del OCC es contundente: \u201cLa mayor\u00eda de las muertes ocurrieron por falta de atenci\u00f3n m\u00e9dica, medicamentos y condiciones hospitalarias adecuadas\u201d. Y agrega un dato que irrita profundamente a los ciudadanos: mientras decenas mor\u00edan, el Gobierno movilizaba transporte, combustible y recursos para eventos pol\u00edticos, como la conmemoraci\u00f3n del desembarco del Granma.<\/p>\n\n\n\n<p>Familiares de fallecidos denuncian casos que estremecen. \u201cMi sobrino muri\u00f3 por falta de suero y por la indolencia del sistema\u201d, escribi\u00f3 una madre de Caibari\u00e9n. Una joven habanera afirma que su padre pas\u00f3 cinco horas sin ser atendido en un hospital abarrotado porque los m\u00e9dicos \u201cno daban abasto\u201d. En Holgu\u00edn, una adolescente muri\u00f3 mientras esperaba un antibi\u00f3tico que nunca lleg\u00f3.<\/p>\n\n\n\n<p>La poblaci\u00f3n exige una sola cosa: <strong>transparencia<\/strong>. El OCC y la Foundation for Human Rights in Cuba demandan que el MINSAP reconozca las cifras reales y permita una investigaci\u00f3n independiente. \u201cOcultar n\u00fameros no salvar\u00e1 vidas\u201d, advierte el informe.<\/p>\n\n\n\n<p>El Gobierno insiste en que el pa\u00eds enfrenta un brote \u201ccomplejo pero controlado\u201d. Sin embargo, el pa\u00eds vive una suma de crisis que ning\u00fan parte epidemiol\u00f3gico puede maquillar: falta de comida, falta de vitaminas, falta de agua, falta de medicamentos, falta de electricidad, falta de gesti\u00f3n.<\/p>\n\n\n\n<p>Por eso la verdad es simple, dura y urgente: en Cuba no mueren solo por mosquitos. Mueren porque el Estado ya no puede \u2014o no quiere\u2014 sostener la vida.<\/p>\n","protected":false},"excerpt":{"rendered":"<p>La epidemia de dengue y chikungunya en Cuba no explica por s\u00ed sola las al menos 87 muertes registradas entre octubre y noviembre. Detr\u00e1s del colapso sanitario hay una cadena m\u00e1s profunda: hambre, desnutrici\u00f3n infantil, d\u00e9ficit vitam\u00ednico, falta de agua potable, apagones interminables, basura acumulada y hospitales sin recursos. Lejos de los 33 fallecidos que reconoce el Gobierno, la crisis revela un Estado incapaz de sostener la vida.<\/p>\n","protected":false},"author":13,"featured_media":69634,"comment_status":"open","ping_status":"closed","sticky":false,"template":"","format":"standard","meta":{"_acf_changed":false,"footnotes":""},"categories":[18,955,9667],"tags":[5747,1146,25864,11154,11,885,2864,10042,2512,17639],"class_list":{"0":"post-227588","1":"post","2":"type-post","3":"status-publish","4":"format-standard","5":"has-post-thumbnail","7":"category-noticias","8":"category-noticias-de-cuba","9":"category-opinion","10":"tag-agua-potable","11":"tag-apagones","12":"tag-chikungunya","13":"tag-crisis-sanitaria","14":"tag-cuba","15":"tag-dengue","16":"tag-derechos-humanos","17":"tag-desnutricion","18":"tag-minsap","19":"tag-salud-publica"},"acf":[],"yoast_head":"<!-- This site is optimized with the Yoast SEO plugin v27.5 - https:\/\/yoast.com\/product\/yoast-seo-wordpress\/ -->\n<title>Escala crisis sanitaria en Cuba - Cuballama Noticias<\/title>\n<meta name=\"description\" content=\"La crisis en Cuba supera los 87 muertos: no es solo dengue, sino hambre, falta de agua, apagones y un sistema de salud en colapso total.\" \/>\n<meta name=\"robots\" content=\"index, follow, max-snippet:-1, max-image-preview:large, max-video-preview:-1\" \/>\n<link rel=\"canonical\" href=\"https:\/\/www.cuballama.com\/noticias\/escala-crisis-sanitaria-en-cuba\/\" \/>\n<meta property=\"og:locale\" content=\"es_ES\" \/>\n<meta property=\"og:type\" content=\"article\" \/>\n<meta property=\"og:title\" content=\"Escala crisis sanitaria en Cuba - Cuballama Noticias\" \/>\n<meta property=\"og:description\" content=\"La crisis en Cuba supera los 87 muertos: no es solo dengue, sino hambre, falta de agua, apagones y un sistema de salud en colapso total.\" \/>\n<meta property=\"og:url\" content=\"https:\/\/www.cuballama.com\/noticias\/escala-crisis-sanitaria-en-cuba\/\" \/>\n<meta property=\"og:site_name\" content=\"Cuballama Noticias\" \/>\n<meta property=\"article:publisher\" content=\"https:\/\/www.facebook.com\/CubaLlama\" \/>\n<meta property=\"article:published_time\" content=\"2025-12-08T12:51:55+00:00\" \/>\n<meta property=\"article:modified_time\" content=\"2025-12-08T12:51:58+00:00\" \/>\n<meta property=\"og:image\" content=\"https:\/\/cdn1.mediawpaccore.net\/wp-content\/uploads\/2021\/07\/09122803\/Colapsa-el-hospital-Faustino-Perez-de-Matanzas-pacientes-hasta-en-los-pasillos-.jpg\" \/>\n\t<meta property=\"og:image:width\" content=\"700\" \/>\n\t<meta property=\"og:image:height\" content=\"500\" \/>\n\t<meta property=\"og:image:type\" content=\"image\/jpeg\" \/>\n<meta name=\"author\" content=\"Roberto A.\" \/>\n<meta name=\"twitter:card\" content=\"summary_large_image\" \/>\n<meta name=\"twitter:creator\" content=\"@cuballama\" \/>\n<meta name=\"twitter:site\" content=\"@cuballama\" \/>\n<meta name=\"twitter:label1\" content=\"Escrito por\" \/>\n\t<meta name=\"twitter:data1\" content=\"Roberto A.\" \/>\n\t<meta name=\"twitter:label2\" content=\"Tiempo de lectura\" \/>\n\t<meta name=\"twitter:data2\" content=\"4 minutos\" \/>\n<script type=\"application\/ld+json\" class=\"yoast-schema-graph\">{\"@context\":\"https:\\\/\\\/schema.org\",\"@graph\":[{\"@type\":\"Article\",\"@id\":\"https:\\\/\\\/www.cuballama.com\\\/noticias\\\/escala-crisis-sanitaria-en-cuba\\\/#article\",\"isPartOf\":{\"@id\":\"https:\\\/\\\/www.cuballama.com\\\/noticias\\\/escala-crisis-sanitaria-en-cuba\\\/\"},\"author\":{\"name\":\"Roberto A.\",\"@id\":\"https:\\\/\\\/www.cuballama.com\\\/noticias\\\/#\\\/schema\\\/person\\\/a58502ed4146c8e9f83872e897c76cd2\"},\"headline\":\"Escala crisis sanitaria en Cuba\",\"datePublished\":\"2025-12-08T12:51:55+00:00\",\"dateModified\":\"2025-12-08T12:51:58+00:00\",\"mainEntityOfPage\":{\"@id\":\"https:\\\/\\\/www.cuballama.com\\\/noticias\\\/escala-crisis-sanitaria-en-cuba\\\/\"},\"wordCount\":871,\"commentCount\":0,\"publisher\":{\"@id\":\"https:\\\/\\\/www.cuballama.com\\\/noticias\\\/#organization\"},\"image\":{\"@id\":\"https:\\\/\\\/www.cuballama.com\\\/noticias\\\/escala-crisis-sanitaria-en-cuba\\\/#primaryimage\"},\"thumbnailUrl\":\"https:\\\/\\\/cdn1.mediawpaccore.net\\\/wp-content\\\/uploads\\\/2021\\\/07\\\/09122803\\\/Colapsa-el-hospital-Faustino-Perez-de-Matanzas-pacientes-hasta-en-los-pasillos--e1774534334701.jpg\",\"keywords\":[\"agua potable\",\"Apagones\",\"chikungunya\",\"crisis sanitaria\",\"Cuba\",\"dengue\",\"derechos humanos\",\"Desnutrici\u00f3n\",\"MINSAP\",\"salud p\u00fablica\"],\"articleSection\":[\"Noticias\",\"Noticias de Cuba\",\"Opini\u00f3n\"],\"inLanguage\":\"es\",\"potentialAction\":[{\"@type\":\"CommentAction\",\"name\":\"Comment\",\"target\":[\"https:\\\/\\\/www.cuballama.com\\\/noticias\\\/escala-crisis-sanitaria-en-cuba\\\/#respond\"]}]},{\"@type\":\"WebPage\",\"@id\":\"https:\\\/\\\/www.cuballama.com\\\/noticias\\\/escala-crisis-sanitaria-en-cuba\\\/\",\"url\":\"https:\\\/\\\/www.cuballama.com\\\/noticias\\\/escala-crisis-sanitaria-en-cuba\\\/\",\"name\":\"Escala crisis sanitaria en Cuba - Cuballama Noticias\",\"isPartOf\":{\"@id\":\"https:\\\/\\\/www.cuballama.com\\\/noticias\\\/#website\"},\"primaryImageOfPage\":{\"@id\":\"https:\\\/\\\/www.cuballama.com\\\/noticias\\\/escala-crisis-sanitaria-en-cuba\\\/#primaryimage\"},\"image\":{\"@id\":\"https:\\\/\\\/www.cuballama.com\\\/noticias\\\/escala-crisis-sanitaria-en-cuba\\\/#primaryimage\"},\"thumbnailUrl\":\"https:\\\/\\\/cdn1.mediawpaccore.net\\\/wp-content\\\/uploads\\\/2021\\\/07\\\/09122803\\\/Colapsa-el-hospital-Faustino-Perez-de-Matanzas-pacientes-hasta-en-los-pasillos--e1774534334701.jpg\",\"datePublished\":\"2025-12-08T12:51:55+00:00\",\"dateModified\":\"2025-12-08T12:51:58+00:00\",\"description\":\"La crisis en Cuba supera los 87 muertos: no es solo dengue, sino hambre, falta de agua, apagones y un sistema de salud en colapso total.\",\"breadcrumb\":{\"@id\":\"https:\\\/\\\/www.cuballama.com\\\/noticias\\\/escala-crisis-sanitaria-en-cuba\\\/#breadcrumb\"},\"inLanguage\":\"es\",\"potentialAction\":[{\"@type\":\"ReadAction\",\"target\":[\"https:\\\/\\\/www.cuballama.com\\\/noticias\\\/escala-crisis-sanitaria-en-cuba\\\/\"]}]},{\"@type\":\"ImageObject\",\"inLanguage\":\"es\",\"@id\":\"https:\\\/\\\/www.cuballama.com\\\/noticias\\\/escala-crisis-sanitaria-en-cuba\\\/#primaryimage\",\"url\":\"https:\\\/\\\/cdn1.mediawpaccore.net\\\/wp-content\\\/uploads\\\/2021\\\/07\\\/09122803\\\/Colapsa-el-hospital-Faustino-Perez-de-Matanzas-pacientes-hasta-en-los-pasillos--e1774534334701.jpg\",\"contentUrl\":\"https:\\\/\\\/cdn1.mediawpaccore.net\\\/wp-content\\\/uploads\\\/2021\\\/07\\\/09122803\\\/Colapsa-el-hospital-Faustino-Perez-de-Matanzas-pacientes-hasta-en-los-pasillos--e1774534334701.jpg\",\"width\":700,\"height\":400,\"caption\":\"Foto: REFERENCIAL. Ancianos, adultos, se tiran en pasillos y pisos de hospitales y policl\u00ednicos de Matanzas en el 2021, en plena crisis de covid. Foto: Collage Ronni Silva \\\/ Facebook\"},{\"@type\":\"BreadcrumbList\",\"@id\":\"https:\\\/\\\/www.cuballama.com\\\/noticias\\\/escala-crisis-sanitaria-en-cuba\\\/#breadcrumb\",\"itemListElement\":[{\"@type\":\"ListItem\",\"position\":1,\"name\":\"Home\",\"item\":\"https:\\\/\\\/www.cuballama.com\\\/noticias\\\/\"},{\"@type\":\"ListItem\",\"position\":2,\"name\":\"Escala crisis sanitaria en Cuba\"}]},{\"@type\":\"WebSite\",\"@id\":\"https:\\\/\\\/www.cuballama.com\\\/noticias\\\/#website\",\"url\":\"https:\\\/\\\/www.cuballama.com\\\/noticias\\\/\",\"name\":\"Cuballama Noticias\",\"description\":\"Medio digital sobre Cuba y el mundo\",\"publisher\":{\"@id\":\"https:\\\/\\\/www.cuballama.com\\\/noticias\\\/#organization\"},\"potentialAction\":[{\"@type\":\"SearchAction\",\"target\":{\"@type\":\"EntryPoint\",\"urlTemplate\":\"https:\\\/\\\/www.cuballama.com\\\/noticias\\\/?s={search_term_string}\"},\"query-input\":{\"@type\":\"PropertyValueSpecification\",\"valueRequired\":true,\"valueName\":\"search_term_string\"}}],\"inLanguage\":\"es\"},{\"@type\":\"Organization\",\"@id\":\"https:\\\/\\\/www.cuballama.com\\\/noticias\\\/#organization\",\"name\":\"Cuballama\",\"url\":\"https:\\\/\\\/www.cuballama.com\\\/noticias\\\/\",\"logo\":{\"@type\":\"ImageObject\",\"inLanguage\":\"es\",\"@id\":\"https:\\\/\\\/www.cuballama.com\\\/noticias\\\/#\\\/schema\\\/logo\\\/image\\\/\",\"url\":\"https:\\\/\\\/cdn1.mediawpaccore.net\\\/wp-content\\\/uploads\\\/2021\\\/12\\\/28171206\\\/cbll-logo-color-sm.png\",\"contentUrl\":\"https:\\\/\\\/cdn1.mediawpaccore.net\\\/wp-content\\\/uploads\\\/2021\\\/12\\\/28171206\\\/cbll-logo-color-sm.png\",\"width\":600,\"height\":133,\"caption\":\"Cuballama\"},\"image\":{\"@id\":\"https:\\\/\\\/www.cuballama.com\\\/noticias\\\/#\\\/schema\\\/logo\\\/image\\\/\"},\"sameAs\":[\"https:\\\/\\\/www.facebook.com\\\/CubaLlama\",\"https:\\\/\\\/x.com\\\/cuballama\",\"https:\\\/\\\/www.instagram.com\\\/stories\\\/cuballama_oficial\\\/\",\"https:\\\/\\\/www.youtube.com\\\/channel\\\/UCKkFE-d_axENGZcrc4as0IA\"]},{\"@type\":\"Person\",\"@id\":\"https:\\\/\\\/www.cuballama.com\\\/noticias\\\/#\\\/schema\\\/person\\\/a58502ed4146c8e9f83872e897c76cd2\",\"name\":\"Roberto A.\",\"description\":\"Roberto A. Periodista por decisi\u00f3n propia. Interesado en cualquier tema que me apasione y cada vez m\u00e1s comprometido con la verdad y la objetividad period\u00edstica. Graduado en La Habana hace ya muchos a\u00f1os, luego de una accidentada y polvorienta b\u00fasqueda de informaci\u00f3n sobre un tema in\u00e9dito. La Tesis, por cierto, desapareci\u00f3 de la biblioteca y no se conservan copias de la misma.\",\"url\":\"https:\\\/\\\/www.cuballama.com\\\/noticias\\\/author\\\/roberto\\\/\"}]}<\/script>\n<!-- \/ Yoast SEO plugin. -->","yoast_head_json":{"title":"Escala crisis sanitaria en Cuba - Cuballama Noticias","description":"La crisis en Cuba supera los 87 muertos: no es solo dengue, sino hambre, falta de agua, apagones y un sistema de salud en colapso total.","robots":{"index":"index","follow":"follow","max-snippet":"max-snippet:-1","max-image-preview":"max-image-preview:large","max-video-preview":"max-video-preview:-1"},"canonical":"https:\/\/www.cuballama.com\/noticias\/escala-crisis-sanitaria-en-cuba\/","og_locale":"es_ES","og_type":"article","og_title":"Escala crisis sanitaria en Cuba - Cuballama Noticias","og_description":"La crisis en Cuba supera los 87 muertos: no es solo dengue, sino hambre, falta de agua, apagones y un sistema de salud en colapso total.","og_url":"https:\/\/www.cuballama.com\/noticias\/escala-crisis-sanitaria-en-cuba\/","og_site_name":"Cuballama Noticias","article_publisher":"https:\/\/www.facebook.com\/CubaLlama","article_published_time":"2025-12-08T12:51:55+00:00","article_modified_time":"2025-12-08T12:51:58+00:00","og_image":[{"width":700,"height":500,"url":"https:\/\/cdn1.mediawpaccore.net\/wp-content\/uploads\/2021\/07\/09122803\/Colapsa-el-hospital-Faustino-Perez-de-Matanzas-pacientes-hasta-en-los-pasillos-.jpg","type":"image\/jpeg"}],"author":"Roberto A.","twitter_card":"summary_large_image","twitter_creator":"@cuballama","twitter_site":"@cuballama","twitter_misc":{"Escrito por":"Roberto A.","Tiempo de lectura":"4 minutos"},"schema":{"@context":"https:\/\/schema.org","@graph":[{"@type":"Article","@id":"https:\/\/www.cuballama.com\/noticias\/escala-crisis-sanitaria-en-cuba\/#article","isPartOf":{"@id":"https:\/\/www.cuballama.com\/noticias\/escala-crisis-sanitaria-en-cuba\/"},"author":{"name":"Roberto A.","@id":"https:\/\/www.cuballama.com\/noticias\/#\/schema\/person\/a58502ed4146c8e9f83872e897c76cd2"},"headline":"Escala crisis sanitaria en Cuba","datePublished":"2025-12-08T12:51:55+00:00","dateModified":"2025-12-08T12:51:58+00:00","mainEntityOfPage":{"@id":"https:\/\/www.cuballama.com\/noticias\/escala-crisis-sanitaria-en-cuba\/"},"wordCount":871,"commentCount":0,"publisher":{"@id":"https:\/\/www.cuballama.com\/noticias\/#organization"},"image":{"@id":"https:\/\/www.cuballama.com\/noticias\/escala-crisis-sanitaria-en-cuba\/#primaryimage"},"thumbnailUrl":"https:\/\/cdn1.mediawpaccore.net\/wp-content\/uploads\/2021\/07\/09122803\/Colapsa-el-hospital-Faustino-Perez-de-Matanzas-pacientes-hasta-en-los-pasillos--e1774534334701.jpg","keywords":["agua potable","Apagones","chikungunya","crisis sanitaria","Cuba","dengue","derechos humanos","Desnutrici\u00f3n","MINSAP","salud p\u00fablica"],"articleSection":["Noticias","Noticias de Cuba","Opini\u00f3n"],"inLanguage":"es","potentialAction":[{"@type":"CommentAction","name":"Comment","target":["https:\/\/www.cuballama.com\/noticias\/escala-crisis-sanitaria-en-cuba\/#respond"]}]},{"@type":"WebPage","@id":"https:\/\/www.cuballama.com\/noticias\/escala-crisis-sanitaria-en-cuba\/","url":"https:\/\/www.cuballama.com\/noticias\/escala-crisis-sanitaria-en-cuba\/","name":"Escala crisis sanitaria en Cuba - Cuballama Noticias","isPartOf":{"@id":"https:\/\/www.cuballama.com\/noticias\/#website"},"primaryImageOfPage":{"@id":"https:\/\/www.cuballama.com\/noticias\/escala-crisis-sanitaria-en-cuba\/#primaryimage"},"image":{"@id":"https:\/\/www.cuballama.com\/noticias\/escala-crisis-sanitaria-en-cuba\/#primaryimage"},"thumbnailUrl":"https:\/\/cdn1.mediawpaccore.net\/wp-content\/uploads\/2021\/07\/09122803\/Colapsa-el-hospital-Faustino-Perez-de-Matanzas-pacientes-hasta-en-los-pasillos--e1774534334701.jpg","datePublished":"2025-12-08T12:51:55+00:00","dateModified":"2025-12-08T12:51:58+00:00","description":"La crisis en Cuba supera los 87 muertos: no es solo dengue, sino hambre, falta de agua, apagones y un sistema de salud en colapso total.","breadcrumb":{"@id":"https:\/\/www.cuballama.com\/noticias\/escala-crisis-sanitaria-en-cuba\/#breadcrumb"},"inLanguage":"es","potentialAction":[{"@type":"ReadAction","target":["https:\/\/www.cuballama.com\/noticias\/escala-crisis-sanitaria-en-cuba\/"]}]},{"@type":"ImageObject","inLanguage":"es","@id":"https:\/\/www.cuballama.com\/noticias\/escala-crisis-sanitaria-en-cuba\/#primaryimage","url":"https:\/\/cdn1.mediawpaccore.net\/wp-content\/uploads\/2021\/07\/09122803\/Colapsa-el-hospital-Faustino-Perez-de-Matanzas-pacientes-hasta-en-los-pasillos--e1774534334701.jpg","contentUrl":"https:\/\/cdn1.mediawpaccore.net\/wp-content\/uploads\/2021\/07\/09122803\/Colapsa-el-hospital-Faustino-Perez-de-Matanzas-pacientes-hasta-en-los-pasillos--e1774534334701.jpg","width":700,"height":400,"caption":"Foto: REFERENCIAL. Ancianos, adultos, se tiran en pasillos y pisos de hospitales y policl\u00ednicos de Matanzas en el 2021, en plena crisis de covid. Foto: Collage Ronni Silva \/ Facebook"},{"@type":"BreadcrumbList","@id":"https:\/\/www.cuballama.com\/noticias\/escala-crisis-sanitaria-en-cuba\/#breadcrumb","itemListElement":[{"@type":"ListItem","position":1,"name":"Home","item":"https:\/\/www.cuballama.com\/noticias\/"},{"@type":"ListItem","position":2,"name":"Escala crisis sanitaria en Cuba"}]},{"@type":"WebSite","@id":"https:\/\/www.cuballama.com\/noticias\/#website","url":"https:\/\/www.cuballama.com\/noticias\/","name":"Cuballama Noticias","description":"Medio digital sobre Cuba y el mundo","publisher":{"@id":"https:\/\/www.cuballama.com\/noticias\/#organization"},"potentialAction":[{"@type":"SearchAction","target":{"@type":"EntryPoint","urlTemplate":"https:\/\/www.cuballama.com\/noticias\/?s={search_term_string}"},"query-input":{"@type":"PropertyValueSpecification","valueRequired":true,"valueName":"search_term_string"}}],"inLanguage":"es"},{"@type":"Organization","@id":"https:\/\/www.cuballama.com\/noticias\/#organization","name":"Cuballama","url":"https:\/\/www.cuballama.com\/noticias\/","logo":{"@type":"ImageObject","inLanguage":"es","@id":"https:\/\/www.cuballama.com\/noticias\/#\/schema\/logo\/image\/","url":"https:\/\/cdn1.mediawpaccore.net\/wp-content\/uploads\/2021\/12\/28171206\/cbll-logo-color-sm.png","contentUrl":"https:\/\/cdn1.mediawpaccore.net\/wp-content\/uploads\/2021\/12\/28171206\/cbll-logo-color-sm.png","width":600,"height":133,"caption":"Cuballama"},"image":{"@id":"https:\/\/www.cuballama.com\/noticias\/#\/schema\/logo\/image\/"},"sameAs":["https:\/\/www.facebook.com\/CubaLlama","https:\/\/x.com\/cuballama","https:\/\/www.instagram.com\/stories\/cuballama_oficial\/","https:\/\/www.youtube.com\/channel\/UCKkFE-d_axENGZcrc4as0IA"]},{"@type":"Person","@id":"https:\/\/www.cuballama.com\/noticias\/#\/schema\/person\/a58502ed4146c8e9f83872e897c76cd2","name":"Roberto A.","description":"Roberto A. Periodista por decisi\u00f3n propia. Interesado en cualquier tema que me apasione y cada vez m\u00e1s comprometido con la verdad y la objetividad period\u00edstica. Graduado en La Habana hace ya muchos a\u00f1os, luego de una accidentada y polvorienta b\u00fasqueda de informaci\u00f3n sobre un tema in\u00e9dito. La Tesis, por cierto, desapareci\u00f3 de la biblioteca y no se conservan copias de la misma.","url":"https:\/\/www.cuballama.com\/noticias\/author\/roberto\/"}]}},"_links":{"self":[{"href":"https:\/\/www.cuballama.com\/noticias\/wp-json\/wp\/v2\/posts\/227588","targetHints":{"allow":["GET"]}}],"collection":[{"href":"https:\/\/www.cuballama.com\/noticias\/wp-json\/wp\/v2\/posts"}],"about":[{"href":"https:\/\/www.cuballama.com\/noticias\/wp-json\/wp\/v2\/types\/post"}],"author":[{"embeddable":true,"href":"https:\/\/www.cuballama.com\/noticias\/wp-json\/wp\/v2\/users\/13"}],"replies":[{"embeddable":true,"href":"https:\/\/www.cuballama.com\/noticias\/wp-json\/wp\/v2\/comments?post=227588"}],"version-history":[{"count":2,"href":"https:\/\/www.cuballama.com\/noticias\/wp-json\/wp\/v2\/posts\/227588\/revisions"}],"predecessor-version":[{"id":227989,"href":"https:\/\/www.cuballama.com\/noticias\/wp-json\/wp\/v2\/posts\/227588\/revisions\/227989"}],"wp:featuredmedia":[{"embeddable":true,"href":"https:\/\/www.cuballama.com\/noticias\/wp-json\/wp\/v2\/media\/69634"}],"wp:attachment":[{"href":"https:\/\/www.cuballama.com\/noticias\/wp-json\/wp\/v2\/media?parent=227588"}],"wp:term":[{"taxonomy":"category","embeddable":true,"href":"https:\/\/www.cuballama.com\/noticias\/wp-json\/wp\/v2\/categories?post=227588"},{"taxonomy":"post_tag","embeddable":true,"href":"https:\/\/www.cuballama.com\/noticias\/wp-json\/wp\/v2\/tags?post=227588"}],"curies":[{"name":"wp","href":"https:\/\/api.w.org\/{rel}","templated":true}]}}