{"id":227581,"date":"2025-12-03T13:08:37","date_gmt":"2025-12-03T18:08:37","guid":{"rendered":"https:\/\/www.cuballama.com\/noticias\/?p=227581"},"modified":"2025-12-03T13:08:40","modified_gmt":"2025-12-03T18:08:40","slug":"cubano-ingresa-en-lista-de-los-diez-mas-buscados-en-texas-y-es-nombrado-fugitivo-destacado-de-diciembre","status":"publish","type":"post","link":"https:\/\/www.cuballama.com\/noticias\/cubano-ingresa-en-lista-de-los-diez-mas-buscados-en-texas-y-es-nombrado-fugitivo-destacado-de-diciembre\/","title":{"rendered":"Cubano ingresa en lista de los diez m\u00e1s buscados en Texas y es nombrado \u00abFugitivo Destacado de diciembre\u00bb"},"content":{"rendered":"\n<p>El <a href=\"https:\/\/www.dps.texas.gov\/news\/child-predator-cuba-named-featured-fugitive-december\" target=\"_blank\" rel=\"noreferrer noopener nofollow\">Texas Department of Public Safety (DPS)<\/a> ha puesto el foco este mes sobre un fugitivo de origen cubano al que cataloga como \u201cdepredador sexual de menores\u201d. Se trata de William Herrera Zamora, un convicto por delitos sexuales contra ni\u00f1os que figura en la lista de los Texas 10 Most Wanted Criminal Illegal Immigrants y que ha sido nombrado Fugitivo Destacado de diciembre. La recompensa por informaci\u00f3n que conduzca a su captura aument\u00f3 de forma temporal hasta 8 500 d\u00f3lares si el aviso se recibe dentro de este mes, seg\u00fan el bolet\u00edn oficial del DPS.<\/p>\n\n\n\n<p>La alerta, difundida desde Austin y replicada en las cuentas oficiales del organismo en redes sociales, presenta el caso como prioritario dentro de la campa\u00f1a estatal contra agresores sexuales y migrantes con antecedentes criminales que han burlado la acci\u00f3n de la justicia. <\/p>\n\n\n\n<p>Herrera Zamora es descrito como un inmigrante ilegal procedente de Cuba y \u201cdelincuente sexual infantil condenado\u201d, aunque el comunicado no detalla p\u00fablicamente la edad de la v\u00edctima ni la fecha exacta de los hechos por los que fue sentenciado. S\u00ed subraya que se encuentra en condici\u00f3n de pr\u00f3fugo y que puede estar movi\u00e9ndose dentro o fuera de Texas.<\/p>\n\n\n\n<figure class=\"wp-block-embed is-type-rich is-provider-twitter wp-block-embed-twitter\"><div class=\"wp-block-embed__wrapper\">\n<blockquote class=\"twitter-tweet\" data-width=\"550\" data-dnt=\"true\"><p lang=\"es\" dir=\"ltr\">Tiene un tatuaje en la parte superior del brazo izquierdo, una cicatriz en el abdomen y se sabe que usa gafas, detall\u00f3 el DPS. William Herrera Zamora.  <a href=\"https:\/\/t.co\/sQtJ9PzCSk\">https:\/\/t.co\/sQtJ9PzCSk<\/a> <a href=\"https:\/\/twitter.com\/hashtag\/sebusca?src=hash&amp;ref_src=twsrc%5Etfw\">#sebusca<\/a> <a href=\"https:\/\/twitter.com\/hashtag\/wanted?src=hash&amp;ref_src=twsrc%5Etfw\">#wanted<\/a> <a href=\"https:\/\/twitter.com\/hashtag\/recompensa?src=hash&amp;ref_src=twsrc%5Etfw\">#recompensa<\/a><\/p>&mdash; Wanted Se Busca, Policia Interpol Desaparecidos (@wanted_sebusca) <a href=\"https:\/\/twitter.com\/wanted_sebusca\/status\/1996016421906657349?ref_src=twsrc%5Etfw\">December 3, 2025<\/a><\/blockquote><script async src=\"https:\/\/platform.twitter.com\/widgets.js\" charset=\"utf-8\"><\/script>\n<\/div><\/figure>\n\n\n\n<p>El programa Texas 10 Most Wanted combina el trabajo de agentes estatales, alguaciles locales y el apoyo de Texas Crime Stoppers, que gestiona las recompensas y garantiza el anonimato de quienes aporten pistas fiables, una f\u00f3rmula que el propio DPS reivindica como clave en capturas anteriores de agresores sexuales y fugitivos de alta peligrosidad.<\/p>\n\n\n\n<p>El caso de Herrera Zamora llega, adem\u00e1s, apenas unas semanas despu\u00e9s de que el DPS nombrara a otro ciudadano cubano, Ismael Arias, como Fugitivo Destacado de noviembre, tambi\u00e9n por delitos de abuso sexual infantil. La repetici\u00f3n del patr\u00f3n \u2014dos agresores sexuales de origen cubano consecutivos en la vitrina de \u201clos m\u00e1s buscados\u201d\u2014 est\u00e1 destinada a atraer la atenci\u00f3n p\u00fablica y multiplicar la presi\u00f3n sobre cualquier entorno que pudiera estar encubriendo a los pr\u00f3fugos.<\/p>\n\n\n\n<p>El mensaje oficial insiste en que quien conozca el paradero de Herrera Zamora no intente confrontarlo, sino que contacte a las autoridades por los canales establecidos. Mientras tanto, la inclusi\u00f3n del caso en la lista de los 10 m\u00e1s buscados de Texas confirma que, para el estado, se trata de un fugitivo considerado altamente peligroso y una prioridad en la agenda de seguridad p\u00fablica.<br><\/p>\n","protected":false},"excerpt":{"rendered":"<p>El DPS de Texas declar\u00f3 a William Herrera Zamora, un convicto cubano por delitos sexuales contra menores, como Fugitivo Destacado de diciembre y elev\u00f3 a 8 500 d\u00f3lares la recompensa por informaci\u00f3n que permita su captura, en el marco del programa Texas 10 Most Wanted.<\/p>\n","protected":false},"author":13,"featured_media":227584,"comment_status":"open","ping_status":"closed","sticky":false,"template":"","format":"standard","meta":{"_acf_changed":false,"footnotes":""},"categories":[18,953],"tags":[29385,7382,27626,539,29388,29387,29386],"class_list":{"0":"post-227581","1":"post","2":"type-post","3":"status-publish","4":"format-standard","5":"has-post-thumbnail","7":"category-noticias","8":"category-usa","9":"tag-abuso-sexual-infantil","10":"tag-fugitivos","11":"tag-seguridad-publica","12":"tag-texas","13":"tag-texas-crime-stoppers","14":"tag-texas-dps","15":"tag-william-herrera-zamora"},"acf":[],"yoast_head":"<!-- This site is optimized with the Yoast SEO plugin v27.4 - https:\/\/yoast.com\/product\/yoast-seo-wordpress\/ -->\n<title>Cubano ingresa en lista de los diez m\u00e1s buscados en Texas y es nombrado &quot;Fugitivo Destacado de diciembre&quot; - Cuballama Noticias<\/title>\n<meta name=\"description\" content=\"Texas declara a William Herrera Zamora, depredador sexual infantil cubano, Fugitivo Destacado de diciembre y ofrece recompensa de 8 500 usd\" \/>\n<meta name=\"robots\" content=\"index, follow, max-snippet:-1, max-image-preview:large, max-video-preview:-1\" \/>\n<link rel=\"canonical\" href=\"https:\/\/www.cuballama.com\/noticias\/cubano-ingresa-en-lista-de-los-diez-mas-buscados-en-texas-y-es-nombrado-fugitivo-destacado-de-diciembre\/\" \/>\n<meta property=\"og:locale\" content=\"es_ES\" \/>\n<meta property=\"og:type\" content=\"article\" \/>\n<meta property=\"og:title\" content=\"Cubano ingresa en lista de los diez m\u00e1s buscados en Texas y es nombrado &quot;Fugitivo Destacado de diciembre&quot; - Cuballama Noticias\" \/>\n<meta property=\"og:description\" content=\"Texas declara a William Herrera Zamora, depredador sexual infantil cubano, Fugitivo Destacado de diciembre y ofrece recompensa de 8 500 usd\" \/>\n<meta property=\"og:url\" content=\"https:\/\/www.cuballama.com\/noticias\/cubano-ingresa-en-lista-de-los-diez-mas-buscados-en-texas-y-es-nombrado-fugitivo-destacado-de-diciembre\/\" \/>\n<meta property=\"og:site_name\" content=\"Cuballama Noticias\" \/>\n<meta property=\"article:publisher\" content=\"https:\/\/www.facebook.com\/CubaLlama\" \/>\n<meta property=\"article:published_time\" content=\"2025-12-03T18:08:37+00:00\" \/>\n<meta property=\"article:modified_time\" content=\"2025-12-03T18:08:40+00:00\" \/>\n<meta property=\"og:image\" content=\"https:\/\/cdn1.mediawpaccore.net\/wp-content\/uploads\/2025\/12\/03071436\/image-6.png\" \/>\n\t<meta property=\"og:image:width\" content=\"1968\" \/>\n\t<meta property=\"og:image:height\" content=\"1032\" \/>\n\t<meta property=\"og:image:type\" content=\"image\/png\" \/>\n<meta name=\"author\" content=\"Roberto A.\" \/>\n<meta name=\"twitter:card\" content=\"summary_large_image\" \/>\n<meta name=\"twitter:creator\" content=\"@cuballama\" \/>\n<meta name=\"twitter:site\" content=\"@cuballama\" \/>\n<meta name=\"twitter:label1\" content=\"Escrito por\" \/>\n\t<meta name=\"twitter:data1\" content=\"Roberto A.\" \/>\n\t<meta name=\"twitter:label2\" content=\"Tiempo de lectura\" \/>\n\t<meta name=\"twitter:data2\" content=\"2 minutos\" \/>\n<script type=\"application\/ld+json\" class=\"yoast-schema-graph\">{\"@context\":\"https:\\\/\\\/schema.org\",\"@graph\":[{\"@type\":\"Article\",\"@id\":\"https:\\\/\\\/www.cuballama.com\\\/noticias\\\/cubano-ingresa-en-lista-de-los-diez-mas-buscados-en-texas-y-es-nombrado-fugitivo-destacado-de-diciembre\\\/#article\",\"isPartOf\":{\"@id\":\"https:\\\/\\\/www.cuballama.com\\\/noticias\\\/cubano-ingresa-en-lista-de-los-diez-mas-buscados-en-texas-y-es-nombrado-fugitivo-destacado-de-diciembre\\\/\"},\"author\":{\"name\":\"Roberto A.\",\"@id\":\"https:\\\/\\\/www.cuballama.com\\\/noticias\\\/#\\\/schema\\\/person\\\/a58502ed4146c8e9f83872e897c76cd2\"},\"headline\":\"Cubano ingresa en lista de los diez m\u00e1s buscados en Texas y es nombrado \u00abFugitivo Destacado de diciembre\u00bb\",\"datePublished\":\"2025-12-03T18:08:37+00:00\",\"dateModified\":\"2025-12-03T18:08:40+00:00\",\"mainEntityOfPage\":{\"@id\":\"https:\\\/\\\/www.cuballama.com\\\/noticias\\\/cubano-ingresa-en-lista-de-los-diez-mas-buscados-en-texas-y-es-nombrado-fugitivo-destacado-de-diciembre\\\/\"},\"wordCount\":432,\"commentCount\":0,\"publisher\":{\"@id\":\"https:\\\/\\\/www.cuballama.com\\\/noticias\\\/#organization\"},\"image\":{\"@id\":\"https:\\\/\\\/www.cuballama.com\\\/noticias\\\/cubano-ingresa-en-lista-de-los-diez-mas-buscados-en-texas-y-es-nombrado-fugitivo-destacado-de-diciembre\\\/#primaryimage\"},\"thumbnailUrl\":\"https:\\\/\\\/cdn1.mediawpaccore.net\\\/wp-content\\\/uploads\\\/2025\\\/12\\\/03071436\\\/image-6.png\",\"keywords\":[\"abuso sexual infantil\",\"Fugitivos\",\"seguridad p\u00fablica\",\"Texas\",\"Texas Crime Stoppers\",\"Texas DPS\",\"William Herrera Zamora\"],\"articleSection\":[\"Noticias\",\"USA\"],\"inLanguage\":\"es\",\"potentialAction\":[{\"@type\":\"CommentAction\",\"name\":\"Comment\",\"target\":[\"https:\\\/\\\/www.cuballama.com\\\/noticias\\\/cubano-ingresa-en-lista-de-los-diez-mas-buscados-en-texas-y-es-nombrado-fugitivo-destacado-de-diciembre\\\/#respond\"]}]},{\"@type\":\"WebPage\",\"@id\":\"https:\\\/\\\/www.cuballama.com\\\/noticias\\\/cubano-ingresa-en-lista-de-los-diez-mas-buscados-en-texas-y-es-nombrado-fugitivo-destacado-de-diciembre\\\/\",\"url\":\"https:\\\/\\\/www.cuballama.com\\\/noticias\\\/cubano-ingresa-en-lista-de-los-diez-mas-buscados-en-texas-y-es-nombrado-fugitivo-destacado-de-diciembre\\\/\",\"name\":\"Cubano ingresa en lista de los diez m\u00e1s buscados en Texas y es nombrado \\\"Fugitivo Destacado de diciembre\\\" - Cuballama Noticias\",\"isPartOf\":{\"@id\":\"https:\\\/\\\/www.cuballama.com\\\/noticias\\\/#website\"},\"primaryImageOfPage\":{\"@id\":\"https:\\\/\\\/www.cuballama.com\\\/noticias\\\/cubano-ingresa-en-lista-de-los-diez-mas-buscados-en-texas-y-es-nombrado-fugitivo-destacado-de-diciembre\\\/#primaryimage\"},\"image\":{\"@id\":\"https:\\\/\\\/www.cuballama.com\\\/noticias\\\/cubano-ingresa-en-lista-de-los-diez-mas-buscados-en-texas-y-es-nombrado-fugitivo-destacado-de-diciembre\\\/#primaryimage\"},\"thumbnailUrl\":\"https:\\\/\\\/cdn1.mediawpaccore.net\\\/wp-content\\\/uploads\\\/2025\\\/12\\\/03071436\\\/image-6.png\",\"datePublished\":\"2025-12-03T18:08:37+00:00\",\"dateModified\":\"2025-12-03T18:08:40+00:00\",\"description\":\"Texas declara a William Herrera Zamora, depredador sexual infantil cubano, Fugitivo Destacado de diciembre y ofrece recompensa de 8 500 usd\",\"breadcrumb\":{\"@id\":\"https:\\\/\\\/www.cuballama.com\\\/noticias\\\/cubano-ingresa-en-lista-de-los-diez-mas-buscados-en-texas-y-es-nombrado-fugitivo-destacado-de-diciembre\\\/#breadcrumb\"},\"inLanguage\":\"es\",\"potentialAction\":[{\"@type\":\"ReadAction\",\"target\":[\"https:\\\/\\\/www.cuballama.com\\\/noticias\\\/cubano-ingresa-en-lista-de-los-diez-mas-buscados-en-texas-y-es-nombrado-fugitivo-destacado-de-diciembre\\\/\"]}]},{\"@type\":\"ImageObject\",\"inLanguage\":\"es\",\"@id\":\"https:\\\/\\\/www.cuballama.com\\\/noticias\\\/cubano-ingresa-en-lista-de-los-diez-mas-buscados-en-texas-y-es-nombrado-fugitivo-destacado-de-diciembre\\\/#primaryimage\",\"url\":\"https:\\\/\\\/cdn1.mediawpaccore.net\\\/wp-content\\\/uploads\\\/2025\\\/12\\\/03071436\\\/image-6.png\",\"contentUrl\":\"https:\\\/\\\/cdn1.mediawpaccore.net\\\/wp-content\\\/uploads\\\/2025\\\/12\\\/03071436\\\/image-6.png\",\"width\":1968,\"height\":1032,\"caption\":\"Foto: V\u00eda DPS \\\/ Texas\"},{\"@type\":\"BreadcrumbList\",\"@id\":\"https:\\\/\\\/www.cuballama.com\\\/noticias\\\/cubano-ingresa-en-lista-de-los-diez-mas-buscados-en-texas-y-es-nombrado-fugitivo-destacado-de-diciembre\\\/#breadcrumb\",\"itemListElement\":[{\"@type\":\"ListItem\",\"position\":1,\"name\":\"Home\",\"item\":\"https:\\\/\\\/www.cuballama.com\\\/noticias\\\/\"},{\"@type\":\"ListItem\",\"position\":2,\"name\":\"Cubano ingresa en lista de los diez m\u00e1s buscados en Texas y es nombrado \u00abFugitivo Destacado de diciembre\u00bb\"}]},{\"@type\":\"WebSite\",\"@id\":\"https:\\\/\\\/www.cuballama.com\\\/noticias\\\/#website\",\"url\":\"https:\\\/\\\/www.cuballama.com\\\/noticias\\\/\",\"name\":\"Cuballama Noticias\",\"description\":\"Medio digital sobre Cuba y el mundo\",\"publisher\":{\"@id\":\"https:\\\/\\\/www.cuballama.com\\\/noticias\\\/#organization\"},\"potentialAction\":[{\"@type\":\"SearchAction\",\"target\":{\"@type\":\"EntryPoint\",\"urlTemplate\":\"https:\\\/\\\/www.cuballama.com\\\/noticias\\\/?s={search_term_string}\"},\"query-input\":{\"@type\":\"PropertyValueSpecification\",\"valueRequired\":true,\"valueName\":\"search_term_string\"}}],\"inLanguage\":\"es\"},{\"@type\":\"Organization\",\"@id\":\"https:\\\/\\\/www.cuballama.com\\\/noticias\\\/#organization\",\"name\":\"Cuballama\",\"url\":\"https:\\\/\\\/www.cuballama.com\\\/noticias\\\/\",\"logo\":{\"@type\":\"ImageObject\",\"inLanguage\":\"es\",\"@id\":\"https:\\\/\\\/www.cuballama.com\\\/noticias\\\/#\\\/schema\\\/logo\\\/image\\\/\",\"url\":\"https:\\\/\\\/cdn1.mediawpaccore.net\\\/wp-content\\\/uploads\\\/2021\\\/12\\\/28171206\\\/cbll-logo-color-sm.png\",\"contentUrl\":\"https:\\\/\\\/cdn1.mediawpaccore.net\\\/wp-content\\\/uploads\\\/2021\\\/12\\\/28171206\\\/cbll-logo-color-sm.png\",\"width\":600,\"height\":133,\"caption\":\"Cuballama\"},\"image\":{\"@id\":\"https:\\\/\\\/www.cuballama.com\\\/noticias\\\/#\\\/schema\\\/logo\\\/image\\\/\"},\"sameAs\":[\"https:\\\/\\\/www.facebook.com\\\/CubaLlama\",\"https:\\\/\\\/x.com\\\/cuballama\",\"https:\\\/\\\/www.instagram.com\\\/stories\\\/cuballama_oficial\\\/\",\"https:\\\/\\\/www.youtube.com\\\/channel\\\/UCKkFE-d_axENGZcrc4as0IA\"]},{\"@type\":\"Person\",\"@id\":\"https:\\\/\\\/www.cuballama.com\\\/noticias\\\/#\\\/schema\\\/person\\\/a58502ed4146c8e9f83872e897c76cd2\",\"name\":\"Roberto A.\",\"description\":\"Roberto A. Periodista por decisi\u00f3n propia. Interesado en cualquier tema que me apasione y cada vez m\u00e1s comprometido con la verdad y la objetividad period\u00edstica. Graduado en La Habana hace ya muchos a\u00f1os, luego de una accidentada y polvorienta b\u00fasqueda de informaci\u00f3n sobre un tema in\u00e9dito. La Tesis, por cierto, desapareci\u00f3 de la biblioteca y no se conservan copias de la misma.\",\"url\":\"https:\\\/\\\/www.cuballama.com\\\/noticias\\\/author\\\/roberto\\\/\"}]}<\/script>\n<!-- \/ Yoast SEO plugin. -->","yoast_head_json":{"title":"Cubano ingresa en lista de los diez m\u00e1s buscados en Texas y es nombrado \"Fugitivo Destacado de diciembre\" - Cuballama Noticias","description":"Texas declara a William Herrera Zamora, depredador sexual infantil cubano, Fugitivo Destacado de diciembre y ofrece recompensa de 8 500 usd","robots":{"index":"index","follow":"follow","max-snippet":"max-snippet:-1","max-image-preview":"max-image-preview:large","max-video-preview":"max-video-preview:-1"},"canonical":"https:\/\/www.cuballama.com\/noticias\/cubano-ingresa-en-lista-de-los-diez-mas-buscados-en-texas-y-es-nombrado-fugitivo-destacado-de-diciembre\/","og_locale":"es_ES","og_type":"article","og_title":"Cubano ingresa en lista de los diez m\u00e1s buscados en Texas y es nombrado \"Fugitivo Destacado de diciembre\" - Cuballama Noticias","og_description":"Texas declara a William Herrera Zamora, depredador sexual infantil cubano, Fugitivo Destacado de diciembre y ofrece recompensa de 8 500 usd","og_url":"https:\/\/www.cuballama.com\/noticias\/cubano-ingresa-en-lista-de-los-diez-mas-buscados-en-texas-y-es-nombrado-fugitivo-destacado-de-diciembre\/","og_site_name":"Cuballama Noticias","article_publisher":"https:\/\/www.facebook.com\/CubaLlama","article_published_time":"2025-12-03T18:08:37+00:00","article_modified_time":"2025-12-03T18:08:40+00:00","og_image":[{"width":1968,"height":1032,"url":"https:\/\/cdn1.mediawpaccore.net\/wp-content\/uploads\/2025\/12\/03071436\/image-6.png","type":"image\/png"}],"author":"Roberto A.","twitter_card":"summary_large_image","twitter_creator":"@cuballama","twitter_site":"@cuballama","twitter_misc":{"Escrito por":"Roberto A.","Tiempo de lectura":"2 minutos"},"schema":{"@context":"https:\/\/schema.org","@graph":[{"@type":"Article","@id":"https:\/\/www.cuballama.com\/noticias\/cubano-ingresa-en-lista-de-los-diez-mas-buscados-en-texas-y-es-nombrado-fugitivo-destacado-de-diciembre\/#article","isPartOf":{"@id":"https:\/\/www.cuballama.com\/noticias\/cubano-ingresa-en-lista-de-los-diez-mas-buscados-en-texas-y-es-nombrado-fugitivo-destacado-de-diciembre\/"},"author":{"name":"Roberto A.","@id":"https:\/\/www.cuballama.com\/noticias\/#\/schema\/person\/a58502ed4146c8e9f83872e897c76cd2"},"headline":"Cubano ingresa en lista de los diez m\u00e1s buscados en Texas y es nombrado \u00abFugitivo Destacado de diciembre\u00bb","datePublished":"2025-12-03T18:08:37+00:00","dateModified":"2025-12-03T18:08:40+00:00","mainEntityOfPage":{"@id":"https:\/\/www.cuballama.com\/noticias\/cubano-ingresa-en-lista-de-los-diez-mas-buscados-en-texas-y-es-nombrado-fugitivo-destacado-de-diciembre\/"},"wordCount":432,"commentCount":0,"publisher":{"@id":"https:\/\/www.cuballama.com\/noticias\/#organization"},"image":{"@id":"https:\/\/www.cuballama.com\/noticias\/cubano-ingresa-en-lista-de-los-diez-mas-buscados-en-texas-y-es-nombrado-fugitivo-destacado-de-diciembre\/#primaryimage"},"thumbnailUrl":"https:\/\/cdn1.mediawpaccore.net\/wp-content\/uploads\/2025\/12\/03071436\/image-6.png","keywords":["abuso sexual infantil","Fugitivos","seguridad p\u00fablica","Texas","Texas Crime Stoppers","Texas DPS","William Herrera Zamora"],"articleSection":["Noticias","USA"],"inLanguage":"es","potentialAction":[{"@type":"CommentAction","name":"Comment","target":["https:\/\/www.cuballama.com\/noticias\/cubano-ingresa-en-lista-de-los-diez-mas-buscados-en-texas-y-es-nombrado-fugitivo-destacado-de-diciembre\/#respond"]}]},{"@type":"WebPage","@id":"https:\/\/www.cuballama.com\/noticias\/cubano-ingresa-en-lista-de-los-diez-mas-buscados-en-texas-y-es-nombrado-fugitivo-destacado-de-diciembre\/","url":"https:\/\/www.cuballama.com\/noticias\/cubano-ingresa-en-lista-de-los-diez-mas-buscados-en-texas-y-es-nombrado-fugitivo-destacado-de-diciembre\/","name":"Cubano ingresa en lista de los diez m\u00e1s buscados en Texas y es nombrado \"Fugitivo Destacado de diciembre\" - Cuballama Noticias","isPartOf":{"@id":"https:\/\/www.cuballama.com\/noticias\/#website"},"primaryImageOfPage":{"@id":"https:\/\/www.cuballama.com\/noticias\/cubano-ingresa-en-lista-de-los-diez-mas-buscados-en-texas-y-es-nombrado-fugitivo-destacado-de-diciembre\/#primaryimage"},"image":{"@id":"https:\/\/www.cuballama.com\/noticias\/cubano-ingresa-en-lista-de-los-diez-mas-buscados-en-texas-y-es-nombrado-fugitivo-destacado-de-diciembre\/#primaryimage"},"thumbnailUrl":"https:\/\/cdn1.mediawpaccore.net\/wp-content\/uploads\/2025\/12\/03071436\/image-6.png","datePublished":"2025-12-03T18:08:37+00:00","dateModified":"2025-12-03T18:08:40+00:00","description":"Texas declara a William Herrera Zamora, depredador sexual infantil cubano, Fugitivo Destacado de diciembre y ofrece recompensa de 8 500 usd","breadcrumb":{"@id":"https:\/\/www.cuballama.com\/noticias\/cubano-ingresa-en-lista-de-los-diez-mas-buscados-en-texas-y-es-nombrado-fugitivo-destacado-de-diciembre\/#breadcrumb"},"inLanguage":"es","potentialAction":[{"@type":"ReadAction","target":["https:\/\/www.cuballama.com\/noticias\/cubano-ingresa-en-lista-de-los-diez-mas-buscados-en-texas-y-es-nombrado-fugitivo-destacado-de-diciembre\/"]}]},{"@type":"ImageObject","inLanguage":"es","@id":"https:\/\/www.cuballama.com\/noticias\/cubano-ingresa-en-lista-de-los-diez-mas-buscados-en-texas-y-es-nombrado-fugitivo-destacado-de-diciembre\/#primaryimage","url":"https:\/\/cdn1.mediawpaccore.net\/wp-content\/uploads\/2025\/12\/03071436\/image-6.png","contentUrl":"https:\/\/cdn1.mediawpaccore.net\/wp-content\/uploads\/2025\/12\/03071436\/image-6.png","width":1968,"height":1032,"caption":"Foto: V\u00eda DPS \/ Texas"},{"@type":"BreadcrumbList","@id":"https:\/\/www.cuballama.com\/noticias\/cubano-ingresa-en-lista-de-los-diez-mas-buscados-en-texas-y-es-nombrado-fugitivo-destacado-de-diciembre\/#breadcrumb","itemListElement":[{"@type":"ListItem","position":1,"name":"Home","item":"https:\/\/www.cuballama.com\/noticias\/"},{"@type":"ListItem","position":2,"name":"Cubano ingresa en lista de los diez m\u00e1s buscados en Texas y es nombrado \u00abFugitivo Destacado de diciembre\u00bb"}]},{"@type":"WebSite","@id":"https:\/\/www.cuballama.com\/noticias\/#website","url":"https:\/\/www.cuballama.com\/noticias\/","name":"Cuballama Noticias","description":"Medio digital sobre Cuba y el mundo","publisher":{"@id":"https:\/\/www.cuballama.com\/noticias\/#organization"},"potentialAction":[{"@type":"SearchAction","target":{"@type":"EntryPoint","urlTemplate":"https:\/\/www.cuballama.com\/noticias\/?s={search_term_string}"},"query-input":{"@type":"PropertyValueSpecification","valueRequired":true,"valueName":"search_term_string"}}],"inLanguage":"es"},{"@type":"Organization","@id":"https:\/\/www.cuballama.com\/noticias\/#organization","name":"Cuballama","url":"https:\/\/www.cuballama.com\/noticias\/","logo":{"@type":"ImageObject","inLanguage":"es","@id":"https:\/\/www.cuballama.com\/noticias\/#\/schema\/logo\/image\/","url":"https:\/\/cdn1.mediawpaccore.net\/wp-content\/uploads\/2021\/12\/28171206\/cbll-logo-color-sm.png","contentUrl":"https:\/\/cdn1.mediawpaccore.net\/wp-content\/uploads\/2021\/12\/28171206\/cbll-logo-color-sm.png","width":600,"height":133,"caption":"Cuballama"},"image":{"@id":"https:\/\/www.cuballama.com\/noticias\/#\/schema\/logo\/image\/"},"sameAs":["https:\/\/www.facebook.com\/CubaLlama","https:\/\/x.com\/cuballama","https:\/\/www.instagram.com\/stories\/cuballama_oficial\/","https:\/\/www.youtube.com\/channel\/UCKkFE-d_axENGZcrc4as0IA"]},{"@type":"Person","@id":"https:\/\/www.cuballama.com\/noticias\/#\/schema\/person\/a58502ed4146c8e9f83872e897c76cd2","name":"Roberto A.","description":"Roberto A. Periodista por decisi\u00f3n propia. Interesado en cualquier tema que me apasione y cada vez m\u00e1s comprometido con la verdad y la objetividad period\u00edstica. Graduado en La Habana hace ya muchos a\u00f1os, luego de una accidentada y polvorienta b\u00fasqueda de informaci\u00f3n sobre un tema in\u00e9dito. La Tesis, por cierto, desapareci\u00f3 de la biblioteca y no se conservan copias de la misma.","url":"https:\/\/www.cuballama.com\/noticias\/author\/roberto\/"}]}},"_links":{"self":[{"href":"https:\/\/www.cuballama.com\/noticias\/wp-json\/wp\/v2\/posts\/227581","targetHints":{"allow":["GET"]}}],"collection":[{"href":"https:\/\/www.cuballama.com\/noticias\/wp-json\/wp\/v2\/posts"}],"about":[{"href":"https:\/\/www.cuballama.com\/noticias\/wp-json\/wp\/v2\/types\/post"}],"author":[{"embeddable":true,"href":"https:\/\/www.cuballama.com\/noticias\/wp-json\/wp\/v2\/users\/13"}],"replies":[{"embeddable":true,"href":"https:\/\/www.cuballama.com\/noticias\/wp-json\/wp\/v2\/comments?post=227581"}],"version-history":[{"count":2,"href":"https:\/\/www.cuballama.com\/noticias\/wp-json\/wp\/v2\/posts\/227581\/revisions"}],"predecessor-version":[{"id":227585,"href":"https:\/\/www.cuballama.com\/noticias\/wp-json\/wp\/v2\/posts\/227581\/revisions\/227585"}],"wp:featuredmedia":[{"embeddable":true,"href":"https:\/\/www.cuballama.com\/noticias\/wp-json\/wp\/v2\/media\/227584"}],"wp:attachment":[{"href":"https:\/\/www.cuballama.com\/noticias\/wp-json\/wp\/v2\/media?parent=227581"}],"wp:term":[{"taxonomy":"category","embeddable":true,"href":"https:\/\/www.cuballama.com\/noticias\/wp-json\/wp\/v2\/categories?post=227581"},{"taxonomy":"post_tag","embeddable":true,"href":"https:\/\/www.cuballama.com\/noticias\/wp-json\/wp\/v2\/tags?post=227581"}],"curies":[{"name":"wp","href":"https:\/\/api.w.org\/{rel}","templated":true}]}}