{"id":227559,"date":"2025-12-03T07:14:24","date_gmt":"2025-12-03T12:14:24","guid":{"rendered":"https:\/\/www.cuballama.com\/noticias\/?p=227559"},"modified":"2025-12-03T07:14:26","modified_gmt":"2025-12-03T12:14:26","slug":"seidy-la-nina-y-angelina-castro-encienden-las-redes-con-un-beso-inesperado-tras-el-regalo-del-ferrari","status":"publish","type":"post","link":"https:\/\/www.cuballama.com\/noticias\/seidy-la-nina-y-angelina-castro-encienden-las-redes-con-un-beso-inesperado-tras-el-regalo-del-ferrari\/","title":{"rendered":"Seidy La Ni\u00f1a y Angelina Castro encienden las redes con un beso inesperado tras el regalo del Ferrari"},"content":{"rendered":"\n<p>La amistad entre Seidy La Ni\u00f1a y Angelina Castro volvi\u00f3 a convertirse en el tema del momento despu\u00e9s de que ambas protagonizaran uno de los videos m\u00e1s comentados de la semana. La cantante cubana decidi\u00f3 sorprender a su amiga, la actriz de cine para adultos y creadora de contenido, con un lujoso Ferrari amarillo, y la respuesta de Angelina no pudo ser m\u00e1s explosiva: un beso en la boca que dej\u00f3 a Seidy totalmente descolocada.<\/p>\n\n\n\n<p>La escena, registrada por la propia artista, se dispar\u00f3 en Instagram, Facebook y TikTok en cuesti\u00f3n de horas. En el clip, Seidy le pregunta a Angelina si le gusta el nuevo carro que le acaba de regalar; la actriz, sin pensarlo dos veces, se inclina hacia ella y le roba un beso. La expresi\u00f3n de la cantante, mezcla de risa, sorpresa y \u201c\u00bfy ahora qu\u00e9 hago yo con esto?\u201d, termin\u00f3 de ponerle la chispa al momento.<\/p>\n\n\n\n<p>Las reacciones de sus seguidores llegaron como un aguacero tropical. \u201cDios m\u00edo jajajaja Seidy, quedaste en modo: no lo esperaba de ti\u201d, coment\u00f3 una usuaria. Otro seguidor confes\u00f3: \u201cYo gozo con ellas\u201d. No faltaron quienes quedaron atrapados por el gesto espont\u00e1neo: \u201cTu cara del final jajaja\u201d; \u201cEse beso no me lo esperaba\u201d; \u201cEst\u00e1n reventando las redes\u201d; \u201cLas m\u00e1s bellas de Cuba\u201d.<\/p>\n\n\n\n<figure class=\"wp-block-embed is-type-video is-provider-tiktok wp-block-embed-tiktok\"><div class=\"wp-block-embed__wrapper\">\n<blockquote class=\"tiktok-embed\" cite=\"https:\/\/www.tiktok.com\/@seidylanina\/video\/7578627327735729463\" data-video-id=\"7578627327735729463\" data-embed-from=\"oembed\" style=\"max-width:605px; min-width:325px;\"> <section> <a target=\"_blank\" title=\"@seidylanina\" href=\"https:\/\/www.tiktok.com\/@seidylanina?refer=embed\">@seidylanina<\/a> <p>Ella feliz con su regalito \ud83e\udee3 @tiaAngelinaCastro\ud83c\udde8\ud83c\uddfa  <a title=\"seidylanina\" target=\"_blank\" href=\"https:\/\/www.tiktok.com\/tag\/seidylanina?refer=embed\">#seidylanina<\/a> <a title=\"angelinacastro\" target=\"_blank\" href=\"https:\/\/www.tiktok.com\/tag\/angelinacastro?refer=embed\">#angelinacastro<\/a> <\/p> <a target=\"_blank\" title=\"\u266c original sound - Seidy La Ni\u00f1a\" href=\"https:\/\/www.tiktok.com\/music\/original-sound-7578627396947528503?refer=embed\">\u266c original sound &#8211; Seidy La Ni\u00f1a<\/a> <\/section> <\/blockquote> <script async src=\"https:\/\/www.tiktok.com\/embed.js\"><\/script>\n<\/div><\/figure>\n\n\n\n<p>No es la primera vez que ambas juegan con la idea de llevar su complicidad al terreno m\u00e1s sugestivo. En redes suelen bromear con posibles colaboraciones en la conocida \u201cp\u00e1gina azul\u201d, aunque, en la pr\u00e1ctica, su v\u00ednculo se sostiene en la amistad y en la creaci\u00f3n de contenido humor\u00edstico y provocador para sus plataformas. De hecho, uno de sus videos recientes super\u00f3 los dos millones de vistas, confirmando que la f\u00f3rmula entre ellas funciona.<\/p>\n\n\n\n<p><strong>Lea m\u00e1s: <a href=\"https:\/\/www.cuballama.com\/noticias\/seidy-la-nina-dedica-triste-mensaje-a-chocolate-mc-espero-que-nos-sirva-de-ejemplo\/\" target=\"_blank\" rel=\"noreferrer noopener\">Seidy La Ni\u00f1a dedica triste mensaje a Chocolate MC: \u201cEspero que nos sirva de ejemplo\u201d<\/a><\/strong><\/p>\n\n\n\n<p>Sin embargo, esta cercan\u00eda tambi\u00e9n ha colocado a Seidy en el centro de cr\u00edticas y comentarios moralistas. La int\u00e9rprete ha enfrentado estos se\u00f1alamientos con la misma firmeza que muestra en sus canciones: defendiendo el derecho de cada persona a vivir sin ser juzgada por su profesi\u00f3n o su historia. En varias ocasiones ha subrayado que nadie deber\u00eda cargar con el peso de la opini\u00f3n ajena y que, si en alg\u00fan momento decidiera explorar ese mundo profesional, cuenta con el respaldo total de su familia.<\/p>\n\n\n\n<figure class=\"wp-block-embed is-type-video is-provider-tiktok wp-block-embed-tiktok\"><div class=\"wp-block-embed__wrapper\">\n<blockquote class=\"tiktok-embed\" cite=\"https:\/\/www.tiktok.com\/@seidylanina\/video\/7578923789740821815\" data-video-id=\"7578923789740821815\" data-embed-from=\"oembed\" style=\"max-width:605px; min-width:325px;\"> <section> <a target=\"_blank\" title=\"@seidylanina\" href=\"https:\/\/www.tiktok.com\/@seidylanina?refer=embed\">@seidylanina<\/a> <p>No se tiren que hay PIRA\u00d1A \ud83e\udd23\ud83d\ude0e\ud83d\ude0d\ud83d\ude1c <a title=\"seidylanina\" target=\"_blank\" href=\"https:\/\/www.tiktok.com\/tag\/seidylanina?refer=embed\">#seidylanina<\/a> <\/p> <a target=\"_blank\" title=\"\u266c original sound - Seidy La Ni\u00f1a\" href=\"https:\/\/www.tiktok.com\/music\/original-sound-7578924034482653966?refer=embed\">\u266c original sound &#8211; Seidy La Ni\u00f1a<\/a> <\/section> <\/blockquote> <script async src=\"https:\/\/www.tiktok.com\/embed.js\"><\/script>\n<\/div><\/figure>\n\n\n\n<p>El episodio del Ferrari, el mismo donde grabaron su video viral, termin\u00f3 de encender el debate. \u00bfRegalo extravagante? \u00bfEstrategia para redes? \u00bfGesto entre amigas que se quieren y se divierten? Para muchos, lo importante es que ambas supieron convertir un momento espont\u00e1neo en un fen\u00f3meno digital que tiene a medio internet comentando.<\/p>\n\n\n\n<p>Con un beso inesperado, una reacci\u00f3n inolvidable y un carro que brilla casi tanto como ellas, Seidy y Angelina vuelven a colocarse en el centro de la conversaci\u00f3n. Y, como ya es costumbre, lo hacen sin pedir permiso y rompiendo esquemas.<\/p>\n","protected":false},"excerpt":{"rendered":"<p>Esta cercan\u00eda tambi\u00e9n ha colocado a Seidy en el centro de cr\u00edticas y comentarios moralistas<\/p>\n","protected":false},"author":27,"featured_media":227570,"comment_status":"open","ping_status":"closed","sticky":false,"template":"","format":"standard","meta":{"_acf_changed":false,"footnotes":""},"categories":[443],"tags":[16766,11050,14913],"class_list":{"0":"post-227559","1":"post","2":"type-post","3":"status-publish","4":"format-standard","5":"has-post-thumbnail","7":"category-farandula","8":"tag-angelina-castro","9":"tag-cubanos-en-miami","10":"tag-seidy-la-nina"},"acf":[],"yoast_head":"<!-- This site is optimized with the Yoast SEO plugin v27.5 - https:\/\/yoast.com\/product\/yoast-seo-wordpress\/ -->\n<title>Seidy La Ni\u00f1a y Angelina Castro encienden las redes con un beso inesperado tras el regalo del Ferrari - Cuballama Noticias<\/title>\n<meta name=\"description\" content=\"Seidy La ni\u00f1a decidi\u00f3 sorprender a su amiga, la actriz de cine para adultos y creadora de contenido, con un lujoso Ferrari amarillo\" \/>\n<meta name=\"robots\" content=\"index, follow, max-snippet:-1, max-image-preview:large, max-video-preview:-1\" \/>\n<link rel=\"canonical\" href=\"https:\/\/www.cuballama.com\/noticias\/seidy-la-nina-y-angelina-castro-encienden-las-redes-con-un-beso-inesperado-tras-el-regalo-del-ferrari\/\" \/>\n<meta property=\"og:locale\" content=\"es_ES\" \/>\n<meta property=\"og:type\" content=\"article\" \/>\n<meta property=\"og:title\" content=\"Seidy La Ni\u00f1a y Angelina Castro encienden las redes con un beso inesperado tras el regalo del Ferrari - Cuballama Noticias\" \/>\n<meta property=\"og:description\" content=\"Seidy La ni\u00f1a decidi\u00f3 sorprender a su amiga, la actriz de cine para adultos y creadora de contenido, con un lujoso Ferrari amarillo\" \/>\n<meta property=\"og:url\" content=\"https:\/\/www.cuballama.com\/noticias\/seidy-la-nina-y-angelina-castro-encienden-las-redes-con-un-beso-inesperado-tras-el-regalo-del-ferrari\/\" \/>\n<meta property=\"og:site_name\" content=\"Cuballama Noticias\" \/>\n<meta property=\"article:publisher\" content=\"https:\/\/www.facebook.com\/CubaLlama\" \/>\n<meta property=\"article:published_time\" content=\"2025-12-03T12:14:24+00:00\" \/>\n<meta property=\"article:modified_time\" content=\"2025-12-03T12:14:26+00:00\" \/>\n<meta property=\"og:image\" content=\"https:\/\/cdn1.mediawpaccore.net\/wp-content\/uploads\/2025\/12\/03063230\/WhatsApp-Image-2025-12-03-at-12.31.53.jpeg\" \/>\n\t<meta property=\"og:image:width\" content=\"1887\" \/>\n\t<meta property=\"og:image:height\" content=\"1335\" \/>\n\t<meta property=\"og:image:type\" content=\"image\/jpeg\" \/>\n<meta name=\"author\" content=\"Rafa\" \/>\n<meta name=\"twitter:card\" content=\"summary_large_image\" \/>\n<meta name=\"twitter:creator\" content=\"@cuballama\" \/>\n<meta name=\"twitter:site\" content=\"@cuballama\" \/>\n<meta name=\"twitter:label1\" content=\"Escrito por\" \/>\n\t<meta name=\"twitter:data1\" content=\"Rafa\" \/>\n\t<meta name=\"twitter:label2\" content=\"Tiempo de lectura\" \/>\n\t<meta name=\"twitter:data2\" content=\"3 minutos\" \/>\n<script type=\"application\/ld+json\" class=\"yoast-schema-graph\">{\"@context\":\"https:\\\/\\\/schema.org\",\"@graph\":[{\"@type\":\"Article\",\"@id\":\"https:\\\/\\\/www.cuballama.com\\\/noticias\\\/seidy-la-nina-y-angelina-castro-encienden-las-redes-con-un-beso-inesperado-tras-el-regalo-del-ferrari\\\/#article\",\"isPartOf\":{\"@id\":\"https:\\\/\\\/www.cuballama.com\\\/noticias\\\/seidy-la-nina-y-angelina-castro-encienden-las-redes-con-un-beso-inesperado-tras-el-regalo-del-ferrari\\\/\"},\"author\":{\"name\":\"Rafa\",\"@id\":\"https:\\\/\\\/www.cuballama.com\\\/noticias\\\/#\\\/schema\\\/person\\\/0f97914526a658755f00e59ec2a832f2\"},\"headline\":\"Seidy La Ni\u00f1a y Angelina Castro encienden las redes con un beso inesperado tras el regalo del Ferrari\",\"datePublished\":\"2025-12-03T12:14:24+00:00\",\"dateModified\":\"2025-12-03T12:14:26+00:00\",\"mainEntityOfPage\":{\"@id\":\"https:\\\/\\\/www.cuballama.com\\\/noticias\\\/seidy-la-nina-y-angelina-castro-encienden-las-redes-con-un-beso-inesperado-tras-el-regalo-del-ferrari\\\/\"},\"wordCount\":543,\"commentCount\":0,\"publisher\":{\"@id\":\"https:\\\/\\\/www.cuballama.com\\\/noticias\\\/#organization\"},\"image\":{\"@id\":\"https:\\\/\\\/www.cuballama.com\\\/noticias\\\/seidy-la-nina-y-angelina-castro-encienden-las-redes-con-un-beso-inesperado-tras-el-regalo-del-ferrari\\\/#primaryimage\"},\"thumbnailUrl\":\"https:\\\/\\\/cdn1.mediawpaccore.net\\\/wp-content\\\/uploads\\\/2025\\\/12\\\/03063230\\\/WhatsApp-Image-2025-12-03-at-12.31.53.jpeg\",\"keywords\":[\"Angelina Castro\",\"cubanos en Miami\",\"Seidy la ni\u00f1a\"],\"articleSection\":[\"Far\u00e1ndula\"],\"inLanguage\":\"es\",\"potentialAction\":[{\"@type\":\"CommentAction\",\"name\":\"Comment\",\"target\":[\"https:\\\/\\\/www.cuballama.com\\\/noticias\\\/seidy-la-nina-y-angelina-castro-encienden-las-redes-con-un-beso-inesperado-tras-el-regalo-del-ferrari\\\/#respond\"]}]},{\"@type\":\"WebPage\",\"@id\":\"https:\\\/\\\/www.cuballama.com\\\/noticias\\\/seidy-la-nina-y-angelina-castro-encienden-las-redes-con-un-beso-inesperado-tras-el-regalo-del-ferrari\\\/\",\"url\":\"https:\\\/\\\/www.cuballama.com\\\/noticias\\\/seidy-la-nina-y-angelina-castro-encienden-las-redes-con-un-beso-inesperado-tras-el-regalo-del-ferrari\\\/\",\"name\":\"Seidy La Ni\u00f1a y Angelina Castro encienden las redes con un beso inesperado tras el regalo del Ferrari - Cuballama Noticias\",\"isPartOf\":{\"@id\":\"https:\\\/\\\/www.cuballama.com\\\/noticias\\\/#website\"},\"primaryImageOfPage\":{\"@id\":\"https:\\\/\\\/www.cuballama.com\\\/noticias\\\/seidy-la-nina-y-angelina-castro-encienden-las-redes-con-un-beso-inesperado-tras-el-regalo-del-ferrari\\\/#primaryimage\"},\"image\":{\"@id\":\"https:\\\/\\\/www.cuballama.com\\\/noticias\\\/seidy-la-nina-y-angelina-castro-encienden-las-redes-con-un-beso-inesperado-tras-el-regalo-del-ferrari\\\/#primaryimage\"},\"thumbnailUrl\":\"https:\\\/\\\/cdn1.mediawpaccore.net\\\/wp-content\\\/uploads\\\/2025\\\/12\\\/03063230\\\/WhatsApp-Image-2025-12-03-at-12.31.53.jpeg\",\"datePublished\":\"2025-12-03T12:14:24+00:00\",\"dateModified\":\"2025-12-03T12:14:26+00:00\",\"description\":\"Seidy La ni\u00f1a decidi\u00f3 sorprender a su amiga, la actriz de cine para adultos y creadora de contenido, con un lujoso Ferrari amarillo\",\"breadcrumb\":{\"@id\":\"https:\\\/\\\/www.cuballama.com\\\/noticias\\\/seidy-la-nina-y-angelina-castro-encienden-las-redes-con-un-beso-inesperado-tras-el-regalo-del-ferrari\\\/#breadcrumb\"},\"inLanguage\":\"es\",\"potentialAction\":[{\"@type\":\"ReadAction\",\"target\":[\"https:\\\/\\\/www.cuballama.com\\\/noticias\\\/seidy-la-nina-y-angelina-castro-encienden-las-redes-con-un-beso-inesperado-tras-el-regalo-del-ferrari\\\/\"]}]},{\"@type\":\"ImageObject\",\"inLanguage\":\"es\",\"@id\":\"https:\\\/\\\/www.cuballama.com\\\/noticias\\\/seidy-la-nina-y-angelina-castro-encienden-las-redes-con-un-beso-inesperado-tras-el-regalo-del-ferrari\\\/#primaryimage\",\"url\":\"https:\\\/\\\/cdn1.mediawpaccore.net\\\/wp-content\\\/uploads\\\/2025\\\/12\\\/03063230\\\/WhatsApp-Image-2025-12-03-at-12.31.53.jpeg\",\"contentUrl\":\"https:\\\/\\\/cdn1.mediawpaccore.net\\\/wp-content\\\/uploads\\\/2025\\\/12\\\/03063230\\\/WhatsApp-Image-2025-12-03-at-12.31.53.jpeg\",\"width\":1887,\"height\":1335,\"caption\":\"Foto: Seidy La Ni\u00f1a\\\/ Instagram\"},{\"@type\":\"BreadcrumbList\",\"@id\":\"https:\\\/\\\/www.cuballama.com\\\/noticias\\\/seidy-la-nina-y-angelina-castro-encienden-las-redes-con-un-beso-inesperado-tras-el-regalo-del-ferrari\\\/#breadcrumb\",\"itemListElement\":[{\"@type\":\"ListItem\",\"position\":1,\"name\":\"Home\",\"item\":\"https:\\\/\\\/www.cuballama.com\\\/noticias\\\/\"},{\"@type\":\"ListItem\",\"position\":2,\"name\":\"Seidy La Ni\u00f1a y Angelina Castro encienden las redes con un beso inesperado tras el regalo del Ferrari\"}]},{\"@type\":\"WebSite\",\"@id\":\"https:\\\/\\\/www.cuballama.com\\\/noticias\\\/#website\",\"url\":\"https:\\\/\\\/www.cuballama.com\\\/noticias\\\/\",\"name\":\"Cuballama Noticias\",\"description\":\"Medio digital sobre Cuba y el mundo\",\"publisher\":{\"@id\":\"https:\\\/\\\/www.cuballama.com\\\/noticias\\\/#organization\"},\"potentialAction\":[{\"@type\":\"SearchAction\",\"target\":{\"@type\":\"EntryPoint\",\"urlTemplate\":\"https:\\\/\\\/www.cuballama.com\\\/noticias\\\/?s={search_term_string}\"},\"query-input\":{\"@type\":\"PropertyValueSpecification\",\"valueRequired\":true,\"valueName\":\"search_term_string\"}}],\"inLanguage\":\"es\"},{\"@type\":\"Organization\",\"@id\":\"https:\\\/\\\/www.cuballama.com\\\/noticias\\\/#organization\",\"name\":\"Cuballama\",\"url\":\"https:\\\/\\\/www.cuballama.com\\\/noticias\\\/\",\"logo\":{\"@type\":\"ImageObject\",\"inLanguage\":\"es\",\"@id\":\"https:\\\/\\\/www.cuballama.com\\\/noticias\\\/#\\\/schema\\\/logo\\\/image\\\/\",\"url\":\"https:\\\/\\\/cdn1.mediawpaccore.net\\\/wp-content\\\/uploads\\\/2021\\\/12\\\/28171206\\\/cbll-logo-color-sm.png\",\"contentUrl\":\"https:\\\/\\\/cdn1.mediawpaccore.net\\\/wp-content\\\/uploads\\\/2021\\\/12\\\/28171206\\\/cbll-logo-color-sm.png\",\"width\":600,\"height\":133,\"caption\":\"Cuballama\"},\"image\":{\"@id\":\"https:\\\/\\\/www.cuballama.com\\\/noticias\\\/#\\\/schema\\\/logo\\\/image\\\/\"},\"sameAs\":[\"https:\\\/\\\/www.facebook.com\\\/CubaLlama\",\"https:\\\/\\\/x.com\\\/cuballama\",\"https:\\\/\\\/www.instagram.com\\\/stories\\\/cuballama_oficial\\\/\",\"https:\\\/\\\/www.youtube.com\\\/channel\\\/UCKkFE-d_axENGZcrc4as0IA\"]},{\"@type\":\"Person\",\"@id\":\"https:\\\/\\\/www.cuballama.com\\\/noticias\\\/#\\\/schema\\\/person\\\/0f97914526a658755f00e59ec2a832f2\",\"name\":\"Rafa\",\"url\":\"https:\\\/\\\/www.cuballama.com\\\/noticias\\\/author\\\/rafa\\\/\"}]}<\/script>\n<!-- \/ Yoast SEO plugin. -->","yoast_head_json":{"title":"Seidy La Ni\u00f1a y Angelina Castro encienden las redes con un beso inesperado tras el regalo del Ferrari - Cuballama Noticias","description":"Seidy La ni\u00f1a decidi\u00f3 sorprender a su amiga, la actriz de cine para adultos y creadora de contenido, con un lujoso Ferrari amarillo","robots":{"index":"index","follow":"follow","max-snippet":"max-snippet:-1","max-image-preview":"max-image-preview:large","max-video-preview":"max-video-preview:-1"},"canonical":"https:\/\/www.cuballama.com\/noticias\/seidy-la-nina-y-angelina-castro-encienden-las-redes-con-un-beso-inesperado-tras-el-regalo-del-ferrari\/","og_locale":"es_ES","og_type":"article","og_title":"Seidy La Ni\u00f1a y Angelina Castro encienden las redes con un beso inesperado tras el regalo del Ferrari - Cuballama Noticias","og_description":"Seidy La ni\u00f1a decidi\u00f3 sorprender a su amiga, la actriz de cine para adultos y creadora de contenido, con un lujoso Ferrari amarillo","og_url":"https:\/\/www.cuballama.com\/noticias\/seidy-la-nina-y-angelina-castro-encienden-las-redes-con-un-beso-inesperado-tras-el-regalo-del-ferrari\/","og_site_name":"Cuballama Noticias","article_publisher":"https:\/\/www.facebook.com\/CubaLlama","article_published_time":"2025-12-03T12:14:24+00:00","article_modified_time":"2025-12-03T12:14:26+00:00","og_image":[{"width":1887,"height":1335,"url":"https:\/\/cdn1.mediawpaccore.net\/wp-content\/uploads\/2025\/12\/03063230\/WhatsApp-Image-2025-12-03-at-12.31.53.jpeg","type":"image\/jpeg"}],"author":"Rafa","twitter_card":"summary_large_image","twitter_creator":"@cuballama","twitter_site":"@cuballama","twitter_misc":{"Escrito por":"Rafa","Tiempo de lectura":"3 minutos"},"schema":{"@context":"https:\/\/schema.org","@graph":[{"@type":"Article","@id":"https:\/\/www.cuballama.com\/noticias\/seidy-la-nina-y-angelina-castro-encienden-las-redes-con-un-beso-inesperado-tras-el-regalo-del-ferrari\/#article","isPartOf":{"@id":"https:\/\/www.cuballama.com\/noticias\/seidy-la-nina-y-angelina-castro-encienden-las-redes-con-un-beso-inesperado-tras-el-regalo-del-ferrari\/"},"author":{"name":"Rafa","@id":"https:\/\/www.cuballama.com\/noticias\/#\/schema\/person\/0f97914526a658755f00e59ec2a832f2"},"headline":"Seidy La Ni\u00f1a y Angelina Castro encienden las redes con un beso inesperado tras el regalo del Ferrari","datePublished":"2025-12-03T12:14:24+00:00","dateModified":"2025-12-03T12:14:26+00:00","mainEntityOfPage":{"@id":"https:\/\/www.cuballama.com\/noticias\/seidy-la-nina-y-angelina-castro-encienden-las-redes-con-un-beso-inesperado-tras-el-regalo-del-ferrari\/"},"wordCount":543,"commentCount":0,"publisher":{"@id":"https:\/\/www.cuballama.com\/noticias\/#organization"},"image":{"@id":"https:\/\/www.cuballama.com\/noticias\/seidy-la-nina-y-angelina-castro-encienden-las-redes-con-un-beso-inesperado-tras-el-regalo-del-ferrari\/#primaryimage"},"thumbnailUrl":"https:\/\/cdn1.mediawpaccore.net\/wp-content\/uploads\/2025\/12\/03063230\/WhatsApp-Image-2025-12-03-at-12.31.53.jpeg","keywords":["Angelina Castro","cubanos en Miami","Seidy la ni\u00f1a"],"articleSection":["Far\u00e1ndula"],"inLanguage":"es","potentialAction":[{"@type":"CommentAction","name":"Comment","target":["https:\/\/www.cuballama.com\/noticias\/seidy-la-nina-y-angelina-castro-encienden-las-redes-con-un-beso-inesperado-tras-el-regalo-del-ferrari\/#respond"]}]},{"@type":"WebPage","@id":"https:\/\/www.cuballama.com\/noticias\/seidy-la-nina-y-angelina-castro-encienden-las-redes-con-un-beso-inesperado-tras-el-regalo-del-ferrari\/","url":"https:\/\/www.cuballama.com\/noticias\/seidy-la-nina-y-angelina-castro-encienden-las-redes-con-un-beso-inesperado-tras-el-regalo-del-ferrari\/","name":"Seidy La Ni\u00f1a y Angelina Castro encienden las redes con un beso inesperado tras el regalo del Ferrari - Cuballama Noticias","isPartOf":{"@id":"https:\/\/www.cuballama.com\/noticias\/#website"},"primaryImageOfPage":{"@id":"https:\/\/www.cuballama.com\/noticias\/seidy-la-nina-y-angelina-castro-encienden-las-redes-con-un-beso-inesperado-tras-el-regalo-del-ferrari\/#primaryimage"},"image":{"@id":"https:\/\/www.cuballama.com\/noticias\/seidy-la-nina-y-angelina-castro-encienden-las-redes-con-un-beso-inesperado-tras-el-regalo-del-ferrari\/#primaryimage"},"thumbnailUrl":"https:\/\/cdn1.mediawpaccore.net\/wp-content\/uploads\/2025\/12\/03063230\/WhatsApp-Image-2025-12-03-at-12.31.53.jpeg","datePublished":"2025-12-03T12:14:24+00:00","dateModified":"2025-12-03T12:14:26+00:00","description":"Seidy La ni\u00f1a decidi\u00f3 sorprender a su amiga, la actriz de cine para adultos y creadora de contenido, con un lujoso Ferrari amarillo","breadcrumb":{"@id":"https:\/\/www.cuballama.com\/noticias\/seidy-la-nina-y-angelina-castro-encienden-las-redes-con-un-beso-inesperado-tras-el-regalo-del-ferrari\/#breadcrumb"},"inLanguage":"es","potentialAction":[{"@type":"ReadAction","target":["https:\/\/www.cuballama.com\/noticias\/seidy-la-nina-y-angelina-castro-encienden-las-redes-con-un-beso-inesperado-tras-el-regalo-del-ferrari\/"]}]},{"@type":"ImageObject","inLanguage":"es","@id":"https:\/\/www.cuballama.com\/noticias\/seidy-la-nina-y-angelina-castro-encienden-las-redes-con-un-beso-inesperado-tras-el-regalo-del-ferrari\/#primaryimage","url":"https:\/\/cdn1.mediawpaccore.net\/wp-content\/uploads\/2025\/12\/03063230\/WhatsApp-Image-2025-12-03-at-12.31.53.jpeg","contentUrl":"https:\/\/cdn1.mediawpaccore.net\/wp-content\/uploads\/2025\/12\/03063230\/WhatsApp-Image-2025-12-03-at-12.31.53.jpeg","width":1887,"height":1335,"caption":"Foto: Seidy La Ni\u00f1a\/ Instagram"},{"@type":"BreadcrumbList","@id":"https:\/\/www.cuballama.com\/noticias\/seidy-la-nina-y-angelina-castro-encienden-las-redes-con-un-beso-inesperado-tras-el-regalo-del-ferrari\/#breadcrumb","itemListElement":[{"@type":"ListItem","position":1,"name":"Home","item":"https:\/\/www.cuballama.com\/noticias\/"},{"@type":"ListItem","position":2,"name":"Seidy La Ni\u00f1a y Angelina Castro encienden las redes con un beso inesperado tras el regalo del Ferrari"}]},{"@type":"WebSite","@id":"https:\/\/www.cuballama.com\/noticias\/#website","url":"https:\/\/www.cuballama.com\/noticias\/","name":"Cuballama Noticias","description":"Medio digital sobre Cuba y el mundo","publisher":{"@id":"https:\/\/www.cuballama.com\/noticias\/#organization"},"potentialAction":[{"@type":"SearchAction","target":{"@type":"EntryPoint","urlTemplate":"https:\/\/www.cuballama.com\/noticias\/?s={search_term_string}"},"query-input":{"@type":"PropertyValueSpecification","valueRequired":true,"valueName":"search_term_string"}}],"inLanguage":"es"},{"@type":"Organization","@id":"https:\/\/www.cuballama.com\/noticias\/#organization","name":"Cuballama","url":"https:\/\/www.cuballama.com\/noticias\/","logo":{"@type":"ImageObject","inLanguage":"es","@id":"https:\/\/www.cuballama.com\/noticias\/#\/schema\/logo\/image\/","url":"https:\/\/cdn1.mediawpaccore.net\/wp-content\/uploads\/2021\/12\/28171206\/cbll-logo-color-sm.png","contentUrl":"https:\/\/cdn1.mediawpaccore.net\/wp-content\/uploads\/2021\/12\/28171206\/cbll-logo-color-sm.png","width":600,"height":133,"caption":"Cuballama"},"image":{"@id":"https:\/\/www.cuballama.com\/noticias\/#\/schema\/logo\/image\/"},"sameAs":["https:\/\/www.facebook.com\/CubaLlama","https:\/\/x.com\/cuballama","https:\/\/www.instagram.com\/stories\/cuballama_oficial\/","https:\/\/www.youtube.com\/channel\/UCKkFE-d_axENGZcrc4as0IA"]},{"@type":"Person","@id":"https:\/\/www.cuballama.com\/noticias\/#\/schema\/person\/0f97914526a658755f00e59ec2a832f2","name":"Rafa","url":"https:\/\/www.cuballama.com\/noticias\/author\/rafa\/"}]}},"_links":{"self":[{"href":"https:\/\/www.cuballama.com\/noticias\/wp-json\/wp\/v2\/posts\/227559","targetHints":{"allow":["GET"]}}],"collection":[{"href":"https:\/\/www.cuballama.com\/noticias\/wp-json\/wp\/v2\/posts"}],"about":[{"href":"https:\/\/www.cuballama.com\/noticias\/wp-json\/wp\/v2\/types\/post"}],"author":[{"embeddable":true,"href":"https:\/\/www.cuballama.com\/noticias\/wp-json\/wp\/v2\/users\/27"}],"replies":[{"embeddable":true,"href":"https:\/\/www.cuballama.com\/noticias\/wp-json\/wp\/v2\/comments?post=227559"}],"version-history":[{"count":1,"href":"https:\/\/www.cuballama.com\/noticias\/wp-json\/wp\/v2\/posts\/227559\/revisions"}],"predecessor-version":[{"id":227583,"href":"https:\/\/www.cuballama.com\/noticias\/wp-json\/wp\/v2\/posts\/227559\/revisions\/227583"}],"wp:featuredmedia":[{"embeddable":true,"href":"https:\/\/www.cuballama.com\/noticias\/wp-json\/wp\/v2\/media\/227570"}],"wp:attachment":[{"href":"https:\/\/www.cuballama.com\/noticias\/wp-json\/wp\/v2\/media?parent=227559"}],"wp:term":[{"taxonomy":"category","embeddable":true,"href":"https:\/\/www.cuballama.com\/noticias\/wp-json\/wp\/v2\/categories?post=227559"},{"taxonomy":"post_tag","embeddable":true,"href":"https:\/\/www.cuballama.com\/noticias\/wp-json\/wp\/v2\/tags?post=227559"}],"curies":[{"name":"wp","href":"https:\/\/api.w.org\/{rel}","templated":true}]}}