{"id":227558,"date":"2025-12-05T10:48:03","date_gmt":"2025-12-05T15:48:03","guid":{"rendered":"https:\/\/www.cuballama.com\/noticias\/?p=227558"},"modified":"2025-12-05T10:48:05","modified_gmt":"2025-12-05T15:48:05","slug":"ultrack-revela-nuevos-detalles-de-la-agresion-que-sufrio-por-parte-de-lenier-mesa-y-boris-arencibia","status":"publish","type":"post","link":"https:\/\/www.cuballama.com\/noticias\/ultrack-revela-nuevos-detalles-de-la-agresion-que-sufrio-por-parte-de-lenier-mesa-y-boris-arencibia\/","title":{"rendered":"Ultrack revela nuevos detalles de la agresi\u00f3n que sufri\u00f3 por parte de Lenier Mesa y Boris Arencibia"},"content":{"rendered":"\n<p>La confrontaci\u00f3n ocurrida en septiembre de 2023 entre el creador de contenido cubano Jorge Batista, conocido como Ultrack, y el cantante Lenier Mesa sigue generando titulares. Ahora, el influencer volvi\u00f3 a narrar lo sucedido aquella noche en un club de Miami, aportando matices que, seg\u00fan \u00e9l, evidencian que no se trat\u00f3 de una ri\u00f1a com\u00fan, sino de una agresi\u00f3n m\u00faltiple.<\/p>\n\n\n\n<p>En una reciente transmisi\u00f3n en TikTok, Ultrack record\u00f3 el momento exacto en que la situaci\u00f3n escal\u00f3. \u201cPrimero entr\u00f3 Boris, caminando para arriba de m\u00ed, y yo me le par\u00e9 delante. El tipo me mir\u00f3 de arriba a abajo, como si yo fuera una mujer, y me tir\u00f3 una galleta por encima de la oreja, se la apart\u00e9 y le di uno, y le fui para arriba\u201d, relat\u00f3 sobre el presunto inicio del altercado con el representante musical Boris Arencibia.<\/p>\n\n\n\n<p>De acuerdo con su versi\u00f3n, la tensi\u00f3n se multiplic\u00f3 cuando Amanda S\u00e1nchez, quien era su pareja en ese momento, intent\u00f3 intervenir. \u201cLa madre de mis hijas me jal\u00f3, es una reacci\u00f3n natural, y por la inercia me tumb\u00f3. De ah\u00ed vino y me tir\u00f3 un golpe por el ojo, yo lo esquiv\u00e9, pero me roz\u00f3 la frente\u201d, explic\u00f3. Acto seguido, afirm\u00f3 que se reincorpor\u00f3 y logr\u00f3 derribar a su agresor: \u201cMe par\u00e9 otra vez, le di una patada y lo tumb\u00e9\u201d.<\/p>\n\n\n\n<figure class=\"wp-block-embed is-type-video is-provider-tiktok wp-block-embed-tiktok\"><div class=\"wp-block-embed__wrapper\">\n<blockquote class=\"tiktok-embed\" cite=\"https:\/\/www.tiktok.com\/@lahoratiktoxica\/video\/7580087667694587166\" data-video-id=\"7580087667694587166\" data-embed-from=\"oembed\" style=\"max-width:605px; min-width:325px;\"> <section> <a target=\"_blank\" title=\"@lahoratiktoxica\" href=\"https:\/\/www.tiktok.com\/@lahoratiktoxica?refer=embed\">@lahoratiktoxica<\/a> <p><a title=\"ultrack\" target=\"_blank\" href=\"https:\/\/www.tiktok.com\/tag\/ultrack?refer=embed\">#ultrack<\/a> <a title=\"ultrackplay\" target=\"_blank\" href=\"https:\/\/www.tiktok.com\/tag\/ultrackplay?refer=embed\">#ultrackplay<\/a> <a title=\"leniermesa\" target=\"_blank\" href=\"https:\/\/www.tiktok.com\/tag\/leniermesa?refer=embed\">#leniermesa<\/a> <a title=\"peleaultrackylenier\" target=\"_blank\" href=\"https:\/\/www.tiktok.com\/tag\/peleaultrackylenier?refer=embed\">#peleaultrackylenier<\/a> @parque\ud83d\udeddAmelia9 @Todoenvista @ANDYPRODUCTIONS\ud83c\uddf5\ud83c\uddf7\ud83c\uddfa\ud83c\uddf8\ud83c\udde8\ud83c\uddfa\u2615\ufe0f @\ud83e\ude78\ud835\udc13\ud835\udc04\ud835\udc0b\ud835\udc04\ud835\udc12\ud835\udc14\ud835\udc11 [\ud835\udc13\ud835\udc12] \ud83e\ude78 @Laura91\ud83c\udde8\ud83c\uddfa\ud83c\uddfa\ud83c\uddf8\ud83d\ude1c @\ud83d\udc99Omidina\ud83d\udc99\ud83d\udc20 <\/p> <a target=\"_blank\" title=\"\u266c original sound - La Hora TikT\u00f3xica\" href=\"https:\/\/www.tiktok.com\/music\/original-sound-7580087565014436638?refer=embed\">\u266c original sound &#8211; La Hora TikT\u00f3xica<\/a> <\/section> <\/blockquote> <script async src=\"https:\/\/www.tiktok.com\/embed.js\"><\/script>\n<\/div><\/figure>\n\n\n\n<p>No obstante, asegura que en ese momento ya no enfrentaba a una sola persona. \u201cEran cuatro personas, un guardaespaldas de ellos me lanz\u00f3 una cubeta de cerveza y me la quit\u00e9 con el antebrazo, pero eso me tumb\u00f3 otra vez\u201d, cont\u00f3. Seg\u00fan Ultrack, fue all\u00ed cuando comenzaron a llegarle los pu\u00f1etazos de todos los involucrados. Por eso insiste en que \u201cno fue una pelea justa\u201d.<\/p>\n\n\n\n<p>A ra\u00edz de ese incidente, el creador de contenido anunci\u00f3 en diciembre de 2023 que demandar\u00eda a Lenier Mesa y a su m\u00e1nager por cinco millones de d\u00f3lares. El proceso legal contin\u00faa abierto, tal como confirm\u00f3 el propio cantante en marzo pasado. \u201cEste muchacho influencer, que no voy a mencionar que eso es lo que \u00e9l quiere, quiero decirle que deje la falta de respeto. Le recuerdo que todav\u00eda estoy en juicio con \u00e9l\u201d, declar\u00f3 Lenier desde sus historias de Instagram.<\/p>\n\n\n\n<p><strong>Lea m\u00e1s: <a href=\"https:\/\/www.cuballama.com\/noticias\/ultrack-reta-a-lenier-mesa-si-pelea-conmigo-retiro-la-demanda\/\" target=\"_blank\" rel=\"noreferrer noopener\">Ultrack reta a Lenier Mesa: \u201cSi pelea conmigo, retiro la demanda\u201d<\/a><\/strong><\/p>\n\n\n\n<p>El int\u00e9rprete tambi\u00e9n lanz\u00f3 duras cr\u00edticas dirigidas, seg\u00fan los comentarios del p\u00fablico, al propio Ultrack. Algunos, dijo, \u201cse creen guapos\u201d, pero terminan \u201cdemandando a uno, buscando dinero y sonido a cuenta del trabajo de otras personas. La verdad que lo que dan es asco\u201d. En esa misma l\u00ednea, a\u00f1adi\u00f3: \u201cP\u00f3nganse a trabajar y enf\u00f3quense en su vida y su familia, que la tienen bien destruidas por su manera de actuar. No vivan la de los dem\u00e1s, que lo que hacen es denigrar a los cubanos del mundo entero. Dan pena, la verdad\u201d.<\/p>\n\n\n\n<p>La disputa comenz\u00f3 tras las cr\u00edticas que Ultrack expres\u00f3 sobre la participaci\u00f3n de Lenier en el Santa Mar\u00eda Music Fest, comentarios que habr\u00edan desencadenado la agresi\u00f3n en el club nocturno, donde tambi\u00e9n Amanda termin\u00f3 herida. Por su parte, Boris Arencibia sostuvo posteriormente que quien realmente sali\u00f3 lesionado fue el propio Lenier, asegurando que el cantante sufri\u00f3 una herida en la mano que requiri\u00f3 atenci\u00f3n m\u00e9dica.<\/p>\n","protected":false},"excerpt":{"rendered":"<p>En una reciente transmisi\u00f3n en TikTok, Ultrack record\u00f3 el momento exacto en que la situaci\u00f3n escal\u00f3<\/p>\n","protected":false},"author":27,"featured_media":137771,"comment_status":"open","ping_status":"closed","sticky":false,"template":"","format":"standard","meta":{"_acf_changed":false,"footnotes":""},"categories":[443],"tags":[18510,17851,2293,256,17763],"class_list":{"0":"post-227558","1":"post","2":"type-post","3":"status-publish","4":"format-standard","5":"has-post-thumbnail","7":"category-farandula","8":"tag-amanda-sanchez","9":"tag-boris-arencibia","10":"tag-lenier-mesa","11":"tag-miami","12":"tag-ultrack"},"acf":[],"yoast_head":"<!-- This site is optimized with the Yoast SEO plugin v27.5 - https:\/\/yoast.com\/product\/yoast-seo-wordpress\/ -->\n<title>Ultrack revela nuevos detalles de la agresi\u00f3n que sufri\u00f3 por parte de Lenier Mesa y Boris Arencibia - Cuballama Noticias<\/title>\n<meta name=\"description\" content=\"En una reciente transmisi\u00f3n en TikTok, el creador de contenido Ultrack record\u00f3 el momento exacto en que la situaci\u00f3n escal\u00f3\" \/>\n<meta name=\"robots\" content=\"index, follow, max-snippet:-1, max-image-preview:large, max-video-preview:-1\" \/>\n<link rel=\"canonical\" href=\"https:\/\/www.cuballama.com\/noticias\/ultrack-revela-nuevos-detalles-de-la-agresion-que-sufrio-por-parte-de-lenier-mesa-y-boris-arencibia\/\" \/>\n<meta property=\"og:locale\" content=\"es_ES\" \/>\n<meta property=\"og:type\" content=\"article\" \/>\n<meta property=\"og:title\" content=\"Ultrack revela nuevos detalles de la agresi\u00f3n que sufri\u00f3 por parte de Lenier Mesa y Boris Arencibia - Cuballama Noticias\" \/>\n<meta property=\"og:description\" content=\"En una reciente transmisi\u00f3n en TikTok, el creador de contenido Ultrack record\u00f3 el momento exacto en que la situaci\u00f3n escal\u00f3\" \/>\n<meta property=\"og:url\" content=\"https:\/\/www.cuballama.com\/noticias\/ultrack-revela-nuevos-detalles-de-la-agresion-que-sufrio-por-parte-de-lenier-mesa-y-boris-arencibia\/\" \/>\n<meta property=\"og:site_name\" content=\"Cuballama Noticias\" \/>\n<meta property=\"article:publisher\" content=\"https:\/\/www.facebook.com\/CubaLlama\" \/>\n<meta property=\"article:published_time\" content=\"2025-12-05T15:48:03+00:00\" \/>\n<meta property=\"article:modified_time\" content=\"2025-12-05T15:48:05+00:00\" \/>\n<meta property=\"og:image\" content=\"https:\/\/cdn1.mediawpaccore.net\/wp-content\/uploads\/2023\/09\/15052642\/Youtuber-cubano-Ultrack-es-agredido-por-Lenier-y-Boris-en-una-discoteca.jpg\" \/>\n\t<meta property=\"og:image:width\" content=\"2048\" \/>\n\t<meta property=\"og:image:height\" content=\"1411\" \/>\n\t<meta property=\"og:image:type\" content=\"image\/jpeg\" \/>\n<meta name=\"author\" content=\"Rafa\" \/>\n<meta name=\"twitter:card\" content=\"summary_large_image\" \/>\n<meta name=\"twitter:creator\" content=\"@cuballama\" \/>\n<meta name=\"twitter:site\" content=\"@cuballama\" \/>\n<meta name=\"twitter:label1\" content=\"Escrito por\" \/>\n\t<meta name=\"twitter:data1\" content=\"Rafa\" \/>\n\t<meta name=\"twitter:label2\" content=\"Tiempo de lectura\" \/>\n\t<meta name=\"twitter:data2\" content=\"3 minutos\" \/>\n<script type=\"application\/ld+json\" class=\"yoast-schema-graph\">{\"@context\":\"https:\\\/\\\/schema.org\",\"@graph\":[{\"@type\":\"Article\",\"@id\":\"https:\\\/\\\/www.cuballama.com\\\/noticias\\\/ultrack-revela-nuevos-detalles-de-la-agresion-que-sufrio-por-parte-de-lenier-mesa-y-boris-arencibia\\\/#article\",\"isPartOf\":{\"@id\":\"https:\\\/\\\/www.cuballama.com\\\/noticias\\\/ultrack-revela-nuevos-detalles-de-la-agresion-que-sufrio-por-parte-de-lenier-mesa-y-boris-arencibia\\\/\"},\"author\":{\"name\":\"Rafa\",\"@id\":\"https:\\\/\\\/www.cuballama.com\\\/noticias\\\/#\\\/schema\\\/person\\\/0f97914526a658755f00e59ec2a832f2\"},\"headline\":\"Ultrack revela nuevos detalles de la agresi\u00f3n que sufri\u00f3 por parte de Lenier Mesa y Boris Arencibia\",\"datePublished\":\"2025-12-05T15:48:03+00:00\",\"dateModified\":\"2025-12-05T15:48:05+00:00\",\"mainEntityOfPage\":{\"@id\":\"https:\\\/\\\/www.cuballama.com\\\/noticias\\\/ultrack-revela-nuevos-detalles-de-la-agresion-que-sufrio-por-parte-de-lenier-mesa-y-boris-arencibia\\\/\"},\"wordCount\":597,\"commentCount\":0,\"publisher\":{\"@id\":\"https:\\\/\\\/www.cuballama.com\\\/noticias\\\/#organization\"},\"image\":{\"@id\":\"https:\\\/\\\/www.cuballama.com\\\/noticias\\\/ultrack-revela-nuevos-detalles-de-la-agresion-que-sufrio-por-parte-de-lenier-mesa-y-boris-arencibia\\\/#primaryimage\"},\"thumbnailUrl\":\"https:\\\/\\\/cdn1.mediawpaccore.net\\\/wp-content\\\/uploads\\\/2023\\\/09\\\/15052642\\\/Youtuber-cubano-Ultrack-es-agredido-por-Lenier-y-Boris-en-una-discoteca.jpg\",\"keywords\":[\"Amanda S\u00e1nchez\",\"Boris Arencibia\",\"Lenier Mesa\",\"Miami\",\"Ultrack\"],\"articleSection\":[\"Far\u00e1ndula\"],\"inLanguage\":\"es\",\"potentialAction\":[{\"@type\":\"CommentAction\",\"name\":\"Comment\",\"target\":[\"https:\\\/\\\/www.cuballama.com\\\/noticias\\\/ultrack-revela-nuevos-detalles-de-la-agresion-que-sufrio-por-parte-de-lenier-mesa-y-boris-arencibia\\\/#respond\"]}]},{\"@type\":\"WebPage\",\"@id\":\"https:\\\/\\\/www.cuballama.com\\\/noticias\\\/ultrack-revela-nuevos-detalles-de-la-agresion-que-sufrio-por-parte-de-lenier-mesa-y-boris-arencibia\\\/\",\"url\":\"https:\\\/\\\/www.cuballama.com\\\/noticias\\\/ultrack-revela-nuevos-detalles-de-la-agresion-que-sufrio-por-parte-de-lenier-mesa-y-boris-arencibia\\\/\",\"name\":\"Ultrack revela nuevos detalles de la agresi\u00f3n que sufri\u00f3 por parte de Lenier Mesa y Boris Arencibia - Cuballama Noticias\",\"isPartOf\":{\"@id\":\"https:\\\/\\\/www.cuballama.com\\\/noticias\\\/#website\"},\"primaryImageOfPage\":{\"@id\":\"https:\\\/\\\/www.cuballama.com\\\/noticias\\\/ultrack-revela-nuevos-detalles-de-la-agresion-que-sufrio-por-parte-de-lenier-mesa-y-boris-arencibia\\\/#primaryimage\"},\"image\":{\"@id\":\"https:\\\/\\\/www.cuballama.com\\\/noticias\\\/ultrack-revela-nuevos-detalles-de-la-agresion-que-sufrio-por-parte-de-lenier-mesa-y-boris-arencibia\\\/#primaryimage\"},\"thumbnailUrl\":\"https:\\\/\\\/cdn1.mediawpaccore.net\\\/wp-content\\\/uploads\\\/2023\\\/09\\\/15052642\\\/Youtuber-cubano-Ultrack-es-agredido-por-Lenier-y-Boris-en-una-discoteca.jpg\",\"datePublished\":\"2025-12-05T15:48:03+00:00\",\"dateModified\":\"2025-12-05T15:48:05+00:00\",\"description\":\"En una reciente transmisi\u00f3n en TikTok, el creador de contenido Ultrack record\u00f3 el momento exacto en que la situaci\u00f3n escal\u00f3\",\"breadcrumb\":{\"@id\":\"https:\\\/\\\/www.cuballama.com\\\/noticias\\\/ultrack-revela-nuevos-detalles-de-la-agresion-que-sufrio-por-parte-de-lenier-mesa-y-boris-arencibia\\\/#breadcrumb\"},\"inLanguage\":\"es\",\"potentialAction\":[{\"@type\":\"ReadAction\",\"target\":[\"https:\\\/\\\/www.cuballama.com\\\/noticias\\\/ultrack-revela-nuevos-detalles-de-la-agresion-que-sufrio-por-parte-de-lenier-mesa-y-boris-arencibia\\\/\"]}]},{\"@type\":\"ImageObject\",\"inLanguage\":\"es\",\"@id\":\"https:\\\/\\\/www.cuballama.com\\\/noticias\\\/ultrack-revela-nuevos-detalles-de-la-agresion-que-sufrio-por-parte-de-lenier-mesa-y-boris-arencibia\\\/#primaryimage\",\"url\":\"https:\\\/\\\/cdn1.mediawpaccore.net\\\/wp-content\\\/uploads\\\/2023\\\/09\\\/15052642\\\/Youtuber-cubano-Ultrack-es-agredido-por-Lenier-y-Boris-en-una-discoteca.jpg\",\"contentUrl\":\"https:\\\/\\\/cdn1.mediawpaccore.net\\\/wp-content\\\/uploads\\\/2023\\\/09\\\/15052642\\\/Youtuber-cubano-Ultrack-es-agredido-por-Lenier-y-Boris-en-una-discoteca.jpg\",\"width\":2048,\"height\":1411,\"caption\":\"Foto: @un_martitodurako8_live_oficial\\\/Instagram\"},{\"@type\":\"BreadcrumbList\",\"@id\":\"https:\\\/\\\/www.cuballama.com\\\/noticias\\\/ultrack-revela-nuevos-detalles-de-la-agresion-que-sufrio-por-parte-de-lenier-mesa-y-boris-arencibia\\\/#breadcrumb\",\"itemListElement\":[{\"@type\":\"ListItem\",\"position\":1,\"name\":\"Home\",\"item\":\"https:\\\/\\\/www.cuballama.com\\\/noticias\\\/\"},{\"@type\":\"ListItem\",\"position\":2,\"name\":\"Ultrack revela nuevos detalles de la agresi\u00f3n que sufri\u00f3 por parte de Lenier Mesa y Boris Arencibia\"}]},{\"@type\":\"WebSite\",\"@id\":\"https:\\\/\\\/www.cuballama.com\\\/noticias\\\/#website\",\"url\":\"https:\\\/\\\/www.cuballama.com\\\/noticias\\\/\",\"name\":\"Cuballama Noticias\",\"description\":\"Medio digital sobre Cuba y el mundo\",\"publisher\":{\"@id\":\"https:\\\/\\\/www.cuballama.com\\\/noticias\\\/#organization\"},\"potentialAction\":[{\"@type\":\"SearchAction\",\"target\":{\"@type\":\"EntryPoint\",\"urlTemplate\":\"https:\\\/\\\/www.cuballama.com\\\/noticias\\\/?s={search_term_string}\"},\"query-input\":{\"@type\":\"PropertyValueSpecification\",\"valueRequired\":true,\"valueName\":\"search_term_string\"}}],\"inLanguage\":\"es\"},{\"@type\":\"Organization\",\"@id\":\"https:\\\/\\\/www.cuballama.com\\\/noticias\\\/#organization\",\"name\":\"Cuballama\",\"url\":\"https:\\\/\\\/www.cuballama.com\\\/noticias\\\/\",\"logo\":{\"@type\":\"ImageObject\",\"inLanguage\":\"es\",\"@id\":\"https:\\\/\\\/www.cuballama.com\\\/noticias\\\/#\\\/schema\\\/logo\\\/image\\\/\",\"url\":\"https:\\\/\\\/cdn1.mediawpaccore.net\\\/wp-content\\\/uploads\\\/2021\\\/12\\\/28171206\\\/cbll-logo-color-sm.png\",\"contentUrl\":\"https:\\\/\\\/cdn1.mediawpaccore.net\\\/wp-content\\\/uploads\\\/2021\\\/12\\\/28171206\\\/cbll-logo-color-sm.png\",\"width\":600,\"height\":133,\"caption\":\"Cuballama\"},\"image\":{\"@id\":\"https:\\\/\\\/www.cuballama.com\\\/noticias\\\/#\\\/schema\\\/logo\\\/image\\\/\"},\"sameAs\":[\"https:\\\/\\\/www.facebook.com\\\/CubaLlama\",\"https:\\\/\\\/x.com\\\/cuballama\",\"https:\\\/\\\/www.instagram.com\\\/stories\\\/cuballama_oficial\\\/\",\"https:\\\/\\\/www.youtube.com\\\/channel\\\/UCKkFE-d_axENGZcrc4as0IA\"]},{\"@type\":\"Person\",\"@id\":\"https:\\\/\\\/www.cuballama.com\\\/noticias\\\/#\\\/schema\\\/person\\\/0f97914526a658755f00e59ec2a832f2\",\"name\":\"Rafa\",\"url\":\"https:\\\/\\\/www.cuballama.com\\\/noticias\\\/author\\\/rafa\\\/\"}]}<\/script>\n<!-- \/ Yoast SEO plugin. -->","yoast_head_json":{"title":"Ultrack revela nuevos detalles de la agresi\u00f3n que sufri\u00f3 por parte de Lenier Mesa y Boris Arencibia - Cuballama Noticias","description":"En una reciente transmisi\u00f3n en TikTok, el creador de contenido Ultrack record\u00f3 el momento exacto en que la situaci\u00f3n escal\u00f3","robots":{"index":"index","follow":"follow","max-snippet":"max-snippet:-1","max-image-preview":"max-image-preview:large","max-video-preview":"max-video-preview:-1"},"canonical":"https:\/\/www.cuballama.com\/noticias\/ultrack-revela-nuevos-detalles-de-la-agresion-que-sufrio-por-parte-de-lenier-mesa-y-boris-arencibia\/","og_locale":"es_ES","og_type":"article","og_title":"Ultrack revela nuevos detalles de la agresi\u00f3n que sufri\u00f3 por parte de Lenier Mesa y Boris Arencibia - Cuballama Noticias","og_description":"En una reciente transmisi\u00f3n en TikTok, el creador de contenido Ultrack record\u00f3 el momento exacto en que la situaci\u00f3n escal\u00f3","og_url":"https:\/\/www.cuballama.com\/noticias\/ultrack-revela-nuevos-detalles-de-la-agresion-que-sufrio-por-parte-de-lenier-mesa-y-boris-arencibia\/","og_site_name":"Cuballama Noticias","article_publisher":"https:\/\/www.facebook.com\/CubaLlama","article_published_time":"2025-12-05T15:48:03+00:00","article_modified_time":"2025-12-05T15:48:05+00:00","og_image":[{"width":2048,"height":1411,"url":"https:\/\/cdn1.mediawpaccore.net\/wp-content\/uploads\/2023\/09\/15052642\/Youtuber-cubano-Ultrack-es-agredido-por-Lenier-y-Boris-en-una-discoteca.jpg","type":"image\/jpeg"}],"author":"Rafa","twitter_card":"summary_large_image","twitter_creator":"@cuballama","twitter_site":"@cuballama","twitter_misc":{"Escrito por":"Rafa","Tiempo de lectura":"3 minutos"},"schema":{"@context":"https:\/\/schema.org","@graph":[{"@type":"Article","@id":"https:\/\/www.cuballama.com\/noticias\/ultrack-revela-nuevos-detalles-de-la-agresion-que-sufrio-por-parte-de-lenier-mesa-y-boris-arencibia\/#article","isPartOf":{"@id":"https:\/\/www.cuballama.com\/noticias\/ultrack-revela-nuevos-detalles-de-la-agresion-que-sufrio-por-parte-de-lenier-mesa-y-boris-arencibia\/"},"author":{"name":"Rafa","@id":"https:\/\/www.cuballama.com\/noticias\/#\/schema\/person\/0f97914526a658755f00e59ec2a832f2"},"headline":"Ultrack revela nuevos detalles de la agresi\u00f3n que sufri\u00f3 por parte de Lenier Mesa y Boris Arencibia","datePublished":"2025-12-05T15:48:03+00:00","dateModified":"2025-12-05T15:48:05+00:00","mainEntityOfPage":{"@id":"https:\/\/www.cuballama.com\/noticias\/ultrack-revela-nuevos-detalles-de-la-agresion-que-sufrio-por-parte-de-lenier-mesa-y-boris-arencibia\/"},"wordCount":597,"commentCount":0,"publisher":{"@id":"https:\/\/www.cuballama.com\/noticias\/#organization"},"image":{"@id":"https:\/\/www.cuballama.com\/noticias\/ultrack-revela-nuevos-detalles-de-la-agresion-que-sufrio-por-parte-de-lenier-mesa-y-boris-arencibia\/#primaryimage"},"thumbnailUrl":"https:\/\/cdn1.mediawpaccore.net\/wp-content\/uploads\/2023\/09\/15052642\/Youtuber-cubano-Ultrack-es-agredido-por-Lenier-y-Boris-en-una-discoteca.jpg","keywords":["Amanda S\u00e1nchez","Boris Arencibia","Lenier Mesa","Miami","Ultrack"],"articleSection":["Far\u00e1ndula"],"inLanguage":"es","potentialAction":[{"@type":"CommentAction","name":"Comment","target":["https:\/\/www.cuballama.com\/noticias\/ultrack-revela-nuevos-detalles-de-la-agresion-que-sufrio-por-parte-de-lenier-mesa-y-boris-arencibia\/#respond"]}]},{"@type":"WebPage","@id":"https:\/\/www.cuballama.com\/noticias\/ultrack-revela-nuevos-detalles-de-la-agresion-que-sufrio-por-parte-de-lenier-mesa-y-boris-arencibia\/","url":"https:\/\/www.cuballama.com\/noticias\/ultrack-revela-nuevos-detalles-de-la-agresion-que-sufrio-por-parte-de-lenier-mesa-y-boris-arencibia\/","name":"Ultrack revela nuevos detalles de la agresi\u00f3n que sufri\u00f3 por parte de Lenier Mesa y Boris Arencibia - Cuballama Noticias","isPartOf":{"@id":"https:\/\/www.cuballama.com\/noticias\/#website"},"primaryImageOfPage":{"@id":"https:\/\/www.cuballama.com\/noticias\/ultrack-revela-nuevos-detalles-de-la-agresion-que-sufrio-por-parte-de-lenier-mesa-y-boris-arencibia\/#primaryimage"},"image":{"@id":"https:\/\/www.cuballama.com\/noticias\/ultrack-revela-nuevos-detalles-de-la-agresion-que-sufrio-por-parte-de-lenier-mesa-y-boris-arencibia\/#primaryimage"},"thumbnailUrl":"https:\/\/cdn1.mediawpaccore.net\/wp-content\/uploads\/2023\/09\/15052642\/Youtuber-cubano-Ultrack-es-agredido-por-Lenier-y-Boris-en-una-discoteca.jpg","datePublished":"2025-12-05T15:48:03+00:00","dateModified":"2025-12-05T15:48:05+00:00","description":"En una reciente transmisi\u00f3n en TikTok, el creador de contenido Ultrack record\u00f3 el momento exacto en que la situaci\u00f3n escal\u00f3","breadcrumb":{"@id":"https:\/\/www.cuballama.com\/noticias\/ultrack-revela-nuevos-detalles-de-la-agresion-que-sufrio-por-parte-de-lenier-mesa-y-boris-arencibia\/#breadcrumb"},"inLanguage":"es","potentialAction":[{"@type":"ReadAction","target":["https:\/\/www.cuballama.com\/noticias\/ultrack-revela-nuevos-detalles-de-la-agresion-que-sufrio-por-parte-de-lenier-mesa-y-boris-arencibia\/"]}]},{"@type":"ImageObject","inLanguage":"es","@id":"https:\/\/www.cuballama.com\/noticias\/ultrack-revela-nuevos-detalles-de-la-agresion-que-sufrio-por-parte-de-lenier-mesa-y-boris-arencibia\/#primaryimage","url":"https:\/\/cdn1.mediawpaccore.net\/wp-content\/uploads\/2023\/09\/15052642\/Youtuber-cubano-Ultrack-es-agredido-por-Lenier-y-Boris-en-una-discoteca.jpg","contentUrl":"https:\/\/cdn1.mediawpaccore.net\/wp-content\/uploads\/2023\/09\/15052642\/Youtuber-cubano-Ultrack-es-agredido-por-Lenier-y-Boris-en-una-discoteca.jpg","width":2048,"height":1411,"caption":"Foto: @un_martitodurako8_live_oficial\/Instagram"},{"@type":"BreadcrumbList","@id":"https:\/\/www.cuballama.com\/noticias\/ultrack-revela-nuevos-detalles-de-la-agresion-que-sufrio-por-parte-de-lenier-mesa-y-boris-arencibia\/#breadcrumb","itemListElement":[{"@type":"ListItem","position":1,"name":"Home","item":"https:\/\/www.cuballama.com\/noticias\/"},{"@type":"ListItem","position":2,"name":"Ultrack revela nuevos detalles de la agresi\u00f3n que sufri\u00f3 por parte de Lenier Mesa y Boris Arencibia"}]},{"@type":"WebSite","@id":"https:\/\/www.cuballama.com\/noticias\/#website","url":"https:\/\/www.cuballama.com\/noticias\/","name":"Cuballama Noticias","description":"Medio digital sobre Cuba y el mundo","publisher":{"@id":"https:\/\/www.cuballama.com\/noticias\/#organization"},"potentialAction":[{"@type":"SearchAction","target":{"@type":"EntryPoint","urlTemplate":"https:\/\/www.cuballama.com\/noticias\/?s={search_term_string}"},"query-input":{"@type":"PropertyValueSpecification","valueRequired":true,"valueName":"search_term_string"}}],"inLanguage":"es"},{"@type":"Organization","@id":"https:\/\/www.cuballama.com\/noticias\/#organization","name":"Cuballama","url":"https:\/\/www.cuballama.com\/noticias\/","logo":{"@type":"ImageObject","inLanguage":"es","@id":"https:\/\/www.cuballama.com\/noticias\/#\/schema\/logo\/image\/","url":"https:\/\/cdn1.mediawpaccore.net\/wp-content\/uploads\/2021\/12\/28171206\/cbll-logo-color-sm.png","contentUrl":"https:\/\/cdn1.mediawpaccore.net\/wp-content\/uploads\/2021\/12\/28171206\/cbll-logo-color-sm.png","width":600,"height":133,"caption":"Cuballama"},"image":{"@id":"https:\/\/www.cuballama.com\/noticias\/#\/schema\/logo\/image\/"},"sameAs":["https:\/\/www.facebook.com\/CubaLlama","https:\/\/x.com\/cuballama","https:\/\/www.instagram.com\/stories\/cuballama_oficial\/","https:\/\/www.youtube.com\/channel\/UCKkFE-d_axENGZcrc4as0IA"]},{"@type":"Person","@id":"https:\/\/www.cuballama.com\/noticias\/#\/schema\/person\/0f97914526a658755f00e59ec2a832f2","name":"Rafa","url":"https:\/\/www.cuballama.com\/noticias\/author\/rafa\/"}]}},"_links":{"self":[{"href":"https:\/\/www.cuballama.com\/noticias\/wp-json\/wp\/v2\/posts\/227558","targetHints":{"allow":["GET"]}}],"collection":[{"href":"https:\/\/www.cuballama.com\/noticias\/wp-json\/wp\/v2\/posts"}],"about":[{"href":"https:\/\/www.cuballama.com\/noticias\/wp-json\/wp\/v2\/types\/post"}],"author":[{"embeddable":true,"href":"https:\/\/www.cuballama.com\/noticias\/wp-json\/wp\/v2\/users\/27"}],"replies":[{"embeddable":true,"href":"https:\/\/www.cuballama.com\/noticias\/wp-json\/wp\/v2\/comments?post=227558"}],"version-history":[{"count":1,"href":"https:\/\/www.cuballama.com\/noticias\/wp-json\/wp\/v2\/posts\/227558\/revisions"}],"predecessor-version":[{"id":227868,"href":"https:\/\/www.cuballama.com\/noticias\/wp-json\/wp\/v2\/posts\/227558\/revisions\/227868"}],"wp:featuredmedia":[{"embeddable":true,"href":"https:\/\/www.cuballama.com\/noticias\/wp-json\/wp\/v2\/media\/137771"}],"wp:attachment":[{"href":"https:\/\/www.cuballama.com\/noticias\/wp-json\/wp\/v2\/media?parent=227558"}],"wp:term":[{"taxonomy":"category","embeddable":true,"href":"https:\/\/www.cuballama.com\/noticias\/wp-json\/wp\/v2\/categories?post=227558"},{"taxonomy":"post_tag","embeddable":true,"href":"https:\/\/www.cuballama.com\/noticias\/wp-json\/wp\/v2\/tags?post=227558"}],"curies":[{"name":"wp","href":"https:\/\/api.w.org\/{rel}","templated":true}]}}