{"id":227510,"date":"2025-12-02T14:37:28","date_gmt":"2025-12-02T19:37:28","guid":{"rendered":"https:\/\/www.cuballama.com\/noticias\/?p=227510"},"modified":"2025-12-02T14:37:32","modified_gmt":"2025-12-02T19:37:32","slug":"iraisel-pintueles-responde-a-critica-por-su-rol-de-madre-mi-hija-es-la-parte-mas-importante-de-mi-vida","status":"publish","type":"post","link":"https:\/\/www.cuballama.com\/noticias\/iraisel-pintueles-responde-a-critica-por-su-rol-de-madre-mi-hija-es-la-parte-mas-importante-de-mi-vida\/","title":{"rendered":"Iraisel Pintueles responde a cr\u00edtica por su rol de madre: \u201cMi hija es la parte m\u00e1s importante de mi vida\u201d"},"content":{"rendered":"\n<p>La influencer cubana Iraisel, viuda del reguetonero El Dany, zanj\u00f3 en redes un comentario que cuestionaba su maternidad y su v\u00ednculo con la peque\u00f1a Daniela. Todo se encendi\u00f3 cuando una usuaria le escribi\u00f3: \u201cNi una foto con tu hija como si fueras una moto sin sidecar\u201d, insinuando que la joven madre no comparte tiempo con su ni\u00f1a.<\/p>\n\n\n\n<p>Lejos de ignorarlo, Iraisel respondi\u00f3 con un mensaje firme en el que pidi\u00f3 respeto y record\u00f3 que su prioridad siempre ha sido su hija. \u201cMe cuesta trabajo pensar que eres una seguidora, porque todo el que est\u00e1 en esta mi familia virtual sabe que mi hija es la parte m\u00e1s importante de mi vida\u201d, se\u00f1al\u00f3.&nbsp;<\/p>\n\n\n\n<figure class=\"wp-block-image size-large\"><img loading=\"lazy\" decoding=\"async\" width=\"572\" height=\"1024\" src=\"https:\/\/cdn1.mediawpaccore.net\/wp-content\/uploads\/2025\/12\/02142936\/Captura-de-pantalla-2025-12-02-a-las-19.58.50-572x1024.png\" alt=\"\" class=\"wp-image-227518\" srcset=\"https:\/\/cdn1.mediawpaccore.net\/wp-content\/uploads\/2025\/12\/02142936\/Captura-de-pantalla-2025-12-02-a-las-19.58.50-572x1024.png 572w, https:\/\/cdn1.mediawpaccore.net\/wp-content\/uploads\/2025\/12\/02142936\/Captura-de-pantalla-2025-12-02-a-las-19.58.50-167x300.png 167w, https:\/\/cdn1.mediawpaccore.net\/wp-content\/uploads\/2025\/12\/02142936\/Captura-de-pantalla-2025-12-02-a-las-19.58.50-768x1376.png 768w, https:\/\/cdn1.mediawpaccore.net\/wp-content\/uploads\/2025\/12\/02142936\/Captura-de-pantalla-2025-12-02-a-las-19.58.50-234x420.png 234w, https:\/\/cdn1.mediawpaccore.net\/wp-content\/uploads\/2025\/12\/02142936\/Captura-de-pantalla-2025-12-02-a-las-19.58.50-150x269.png 150w, https:\/\/cdn1.mediawpaccore.net\/wp-content\/uploads\/2025\/12\/02142936\/Captura-de-pantalla-2025-12-02-a-las-19.58.50-300x537.png 300w, https:\/\/cdn1.mediawpaccore.net\/wp-content\/uploads\/2025\/12\/02142936\/Captura-de-pantalla-2025-12-02-a-las-19.58.50-696x1247.png 696w, https:\/\/cdn1.mediawpaccore.net\/wp-content\/uploads\/2025\/12\/02142936\/Captura-de-pantalla-2025-12-02-a-las-19.58.50.png 814w\" sizes=\"auto, (max-width: 572px) 100vw, 572px\" \/><figcaption class=\"wp-element-caption\">Captura de pantalla historia de Instagram de Iraisel<\/figcaption><\/figure>\n\n\n\n<p>Acto seguido, precis\u00f3 que <strong><a href=\"https:\/\/www.cuballama.com\/noticias\/daniela-hija-de-el-dany-e-iraisel-de-regreso-en-corea-del-sur-y-con-un-nuevo-hermanito\/\" target=\"_blank\" rel=\"noreferrer noopener\">la menor vive con ella en Asia<\/a><\/strong> y cursa estudios en un centro privado: \u201cMi hija Daniela est\u00e1 viviendo conmigo en Corea del Sur, estudiando en una escuela privada, siendo una ni\u00f1a muy feliz y amada con todo el amor y el sacrificio de nosotros\u201d.<\/p>\n\n\n\n<p>La creadora de contenido explic\u00f3 que reside en Corea del Sur junto a su esposo, el voleibolista profesional Leo Leyva, quien milita en la liga de ese pa\u00eds.&nbsp;<\/p>\n\n\n\n<p>Tambi\u00e9n critic\u00f3 la ligereza con la que algunos opinan en internet: \u201cNo entiendo c\u00f3mo las personas pueden hablar sin conectar la lengua con el cerebro\u201d, y a\u00f1adi\u00f3 que su empe\u00f1o diario pasa por criar a Daniela con principios s\u00f3lidos: \u201cAsegur\u00e1ndonos de que tenga la mejor educaci\u00f3n y los mejores valores, para que cuando sea una adulta no se meta en lo que no le corresponda\u201d.<\/p>\n\n\n\n<p>Para cerrar el cruce, dej\u00f3 un deseo sin perder la calma: \u201cmuchas bendiciones y feliz diciembre\u201d.<\/p>\n","protected":false},"excerpt":{"rendered":"<p>Iraisel, viuda de El Dany, responde a un comentario ofensivo y aclara que su hija vive con ella en Corea del Sur, estudia en una escuela privada y \u201ces muy feliz\u201d.<\/p>\n","protected":false},"author":29,"featured_media":227519,"comment_status":"open","ping_status":"closed","sticky":false,"template":"","format":"standard","meta":{"_acf_changed":false,"footnotes":""},"categories":[443],"tags":[14695,10962,14245,19663],"class_list":{"0":"post-227510","1":"post","2":"type-post","3":"status-publish","4":"format-standard","5":"has-post-thumbnail","7":"category-farandula","8":"tag-daniela-munoz","9":"tag-hija-de-el-dany","10":"tag-influencer-cubana","11":"tag-iraisel-pintueles"},"acf":[],"yoast_head":"<!-- This site is optimized with the Yoast SEO plugin v27.4 - https:\/\/yoast.com\/product\/yoast-seo-wordpress\/ -->\n<title>Iraisel Pintueles responde a cr\u00edtica por su rol de madre: \u201cMi hija es la parte m\u00e1s importante de mi vida\u201d - Cuballama Noticias<\/title>\n<meta name=\"description\" content=\"Iraisel responde a un comentario ofensivo y aclara que su hija vive con ella en Corea del Sur y \u201ces muy feliz\u201d.\" \/>\n<meta name=\"robots\" content=\"index, follow, max-snippet:-1, max-image-preview:large, max-video-preview:-1\" \/>\n<link rel=\"canonical\" href=\"https:\/\/www.cuballama.com\/noticias\/iraisel-pintueles-responde-a-critica-por-su-rol-de-madre-mi-hija-es-la-parte-mas-importante-de-mi-vida\/\" \/>\n<meta property=\"og:locale\" content=\"es_ES\" \/>\n<meta property=\"og:type\" content=\"article\" \/>\n<meta property=\"og:title\" content=\"Iraisel Pintueles responde a cr\u00edtica por su rol de madre: \u201cMi hija es la parte m\u00e1s importante de mi vida\u201d - Cuballama Noticias\" \/>\n<meta property=\"og:description\" content=\"Iraisel responde a un comentario ofensivo y aclara que su hija vive con ella en Corea del Sur y \u201ces muy feliz\u201d.\" \/>\n<meta property=\"og:url\" content=\"https:\/\/www.cuballama.com\/noticias\/iraisel-pintueles-responde-a-critica-por-su-rol-de-madre-mi-hija-es-la-parte-mas-importante-de-mi-vida\/\" \/>\n<meta property=\"og:site_name\" content=\"Cuballama Noticias\" \/>\n<meta property=\"article:publisher\" content=\"https:\/\/www.facebook.com\/CubaLlama\" \/>\n<meta property=\"article:published_time\" content=\"2025-12-02T19:37:28+00:00\" \/>\n<meta property=\"article:modified_time\" content=\"2025-12-02T19:37:32+00:00\" \/>\n<meta property=\"og:image\" content=\"https:\/\/cdn1.mediawpaccore.net\/wp-content\/uploads\/2025\/12\/02143211\/Captura-de-pantalla-2025-12-02-a-las-20.31.52.png\" \/>\n\t<meta property=\"og:image:width\" content=\"1298\" \/>\n\t<meta property=\"og:image:height\" content=\"862\" \/>\n\t<meta property=\"og:image:type\" content=\"image\/png\" \/>\n<meta name=\"author\" content=\"Sof\u00eda Reyes\" \/>\n<meta name=\"twitter:card\" content=\"summary_large_image\" \/>\n<meta name=\"twitter:creator\" content=\"@cuballama\" \/>\n<meta name=\"twitter:site\" content=\"@cuballama\" \/>\n<meta name=\"twitter:label1\" content=\"Escrito por\" \/>\n\t<meta name=\"twitter:data1\" content=\"Sof\u00eda Reyes\" \/>\n\t<meta name=\"twitter:label2\" content=\"Tiempo de lectura\" \/>\n\t<meta name=\"twitter:data2\" content=\"2 minutos\" \/>\n<script type=\"application\/ld+json\" class=\"yoast-schema-graph\">{\"@context\":\"https:\\\/\\\/schema.org\",\"@graph\":[{\"@type\":\"Article\",\"@id\":\"https:\\\/\\\/www.cuballama.com\\\/noticias\\\/iraisel-pintueles-responde-a-critica-por-su-rol-de-madre-mi-hija-es-la-parte-mas-importante-de-mi-vida\\\/#article\",\"isPartOf\":{\"@id\":\"https:\\\/\\\/www.cuballama.com\\\/noticias\\\/iraisel-pintueles-responde-a-critica-por-su-rol-de-madre-mi-hija-es-la-parte-mas-importante-de-mi-vida\\\/\"},\"author\":{\"name\":\"Sof\u00eda Reyes\",\"@id\":\"https:\\\/\\\/www.cuballama.com\\\/noticias\\\/#\\\/schema\\\/person\\\/5cba2b8cc25a3159e49fe730a94d512e\"},\"headline\":\"Iraisel Pintueles responde a cr\u00edtica por su rol de madre: \u201cMi hija es la parte m\u00e1s importante de mi vida\u201d\",\"datePublished\":\"2025-12-02T19:37:28+00:00\",\"dateModified\":\"2025-12-02T19:37:32+00:00\",\"mainEntityOfPage\":{\"@id\":\"https:\\\/\\\/www.cuballama.com\\\/noticias\\\/iraisel-pintueles-responde-a-critica-por-su-rol-de-madre-mi-hija-es-la-parte-mas-importante-de-mi-vida\\\/\"},\"wordCount\":316,\"commentCount\":0,\"publisher\":{\"@id\":\"https:\\\/\\\/www.cuballama.com\\\/noticias\\\/#organization\"},\"image\":{\"@id\":\"https:\\\/\\\/www.cuballama.com\\\/noticias\\\/iraisel-pintueles-responde-a-critica-por-su-rol-de-madre-mi-hija-es-la-parte-mas-importante-de-mi-vida\\\/#primaryimage\"},\"thumbnailUrl\":\"https:\\\/\\\/cdn1.mediawpaccore.net\\\/wp-content\\\/uploads\\\/2025\\\/12\\\/02143211\\\/Captura-de-pantalla-2025-12-02-a-las-20.31.52.png\",\"keywords\":[\"Daniela Mu\u00f1oz\",\"Hija de El Dany\",\"influencer cubana\",\"Iraisel Pintueles\"],\"articleSection\":[\"Far\u00e1ndula\"],\"inLanguage\":\"es\",\"potentialAction\":[{\"@type\":\"CommentAction\",\"name\":\"Comment\",\"target\":[\"https:\\\/\\\/www.cuballama.com\\\/noticias\\\/iraisel-pintueles-responde-a-critica-por-su-rol-de-madre-mi-hija-es-la-parte-mas-importante-de-mi-vida\\\/#respond\"]}]},{\"@type\":\"WebPage\",\"@id\":\"https:\\\/\\\/www.cuballama.com\\\/noticias\\\/iraisel-pintueles-responde-a-critica-por-su-rol-de-madre-mi-hija-es-la-parte-mas-importante-de-mi-vida\\\/\",\"url\":\"https:\\\/\\\/www.cuballama.com\\\/noticias\\\/iraisel-pintueles-responde-a-critica-por-su-rol-de-madre-mi-hija-es-la-parte-mas-importante-de-mi-vida\\\/\",\"name\":\"Iraisel Pintueles responde a cr\u00edtica por su rol de madre: \u201cMi hija es la parte m\u00e1s importante de mi vida\u201d - Cuballama Noticias\",\"isPartOf\":{\"@id\":\"https:\\\/\\\/www.cuballama.com\\\/noticias\\\/#website\"},\"primaryImageOfPage\":{\"@id\":\"https:\\\/\\\/www.cuballama.com\\\/noticias\\\/iraisel-pintueles-responde-a-critica-por-su-rol-de-madre-mi-hija-es-la-parte-mas-importante-de-mi-vida\\\/#primaryimage\"},\"image\":{\"@id\":\"https:\\\/\\\/www.cuballama.com\\\/noticias\\\/iraisel-pintueles-responde-a-critica-por-su-rol-de-madre-mi-hija-es-la-parte-mas-importante-de-mi-vida\\\/#primaryimage\"},\"thumbnailUrl\":\"https:\\\/\\\/cdn1.mediawpaccore.net\\\/wp-content\\\/uploads\\\/2025\\\/12\\\/02143211\\\/Captura-de-pantalla-2025-12-02-a-las-20.31.52.png\",\"datePublished\":\"2025-12-02T19:37:28+00:00\",\"dateModified\":\"2025-12-02T19:37:32+00:00\",\"description\":\"Iraisel responde a un comentario ofensivo y aclara que su hija vive con ella en Corea del Sur y \u201ces muy feliz\u201d.\",\"breadcrumb\":{\"@id\":\"https:\\\/\\\/www.cuballama.com\\\/noticias\\\/iraisel-pintueles-responde-a-critica-por-su-rol-de-madre-mi-hija-es-la-parte-mas-importante-de-mi-vida\\\/#breadcrumb\"},\"inLanguage\":\"es\",\"potentialAction\":[{\"@type\":\"ReadAction\",\"target\":[\"https:\\\/\\\/www.cuballama.com\\\/noticias\\\/iraisel-pintueles-responde-a-critica-por-su-rol-de-madre-mi-hija-es-la-parte-mas-importante-de-mi-vida\\\/\"]}]},{\"@type\":\"ImageObject\",\"inLanguage\":\"es\",\"@id\":\"https:\\\/\\\/www.cuballama.com\\\/noticias\\\/iraisel-pintueles-responde-a-critica-por-su-rol-de-madre-mi-hija-es-la-parte-mas-importante-de-mi-vida\\\/#primaryimage\",\"url\":\"https:\\\/\\\/cdn1.mediawpaccore.net\\\/wp-content\\\/uploads\\\/2025\\\/12\\\/02143211\\\/Captura-de-pantalla-2025-12-02-a-las-20.31.52.png\",\"contentUrl\":\"https:\\\/\\\/cdn1.mediawpaccore.net\\\/wp-content\\\/uploads\\\/2025\\\/12\\\/02143211\\\/Captura-de-pantalla-2025-12-02-a-las-20.31.52.png\",\"width\":1298,\"height\":862,\"caption\":\"Foto tomada del perfil de Instagram de Iraisel Pintueles\"},{\"@type\":\"BreadcrumbList\",\"@id\":\"https:\\\/\\\/www.cuballama.com\\\/noticias\\\/iraisel-pintueles-responde-a-critica-por-su-rol-de-madre-mi-hija-es-la-parte-mas-importante-de-mi-vida\\\/#breadcrumb\",\"itemListElement\":[{\"@type\":\"ListItem\",\"position\":1,\"name\":\"Home\",\"item\":\"https:\\\/\\\/www.cuballama.com\\\/noticias\\\/\"},{\"@type\":\"ListItem\",\"position\":2,\"name\":\"Iraisel Pintueles responde a cr\u00edtica por su rol de madre: \u201cMi hija es la parte m\u00e1s importante de mi vida\u201d\"}]},{\"@type\":\"WebSite\",\"@id\":\"https:\\\/\\\/www.cuballama.com\\\/noticias\\\/#website\",\"url\":\"https:\\\/\\\/www.cuballama.com\\\/noticias\\\/\",\"name\":\"Cuballama Noticias\",\"description\":\"Medio digital sobre Cuba y el mundo\",\"publisher\":{\"@id\":\"https:\\\/\\\/www.cuballama.com\\\/noticias\\\/#organization\"},\"potentialAction\":[{\"@type\":\"SearchAction\",\"target\":{\"@type\":\"EntryPoint\",\"urlTemplate\":\"https:\\\/\\\/www.cuballama.com\\\/noticias\\\/?s={search_term_string}\"},\"query-input\":{\"@type\":\"PropertyValueSpecification\",\"valueRequired\":true,\"valueName\":\"search_term_string\"}}],\"inLanguage\":\"es\"},{\"@type\":\"Organization\",\"@id\":\"https:\\\/\\\/www.cuballama.com\\\/noticias\\\/#organization\",\"name\":\"Cuballama\",\"url\":\"https:\\\/\\\/www.cuballama.com\\\/noticias\\\/\",\"logo\":{\"@type\":\"ImageObject\",\"inLanguage\":\"es\",\"@id\":\"https:\\\/\\\/www.cuballama.com\\\/noticias\\\/#\\\/schema\\\/logo\\\/image\\\/\",\"url\":\"https:\\\/\\\/cdn1.mediawpaccore.net\\\/wp-content\\\/uploads\\\/2021\\\/12\\\/28171206\\\/cbll-logo-color-sm.png\",\"contentUrl\":\"https:\\\/\\\/cdn1.mediawpaccore.net\\\/wp-content\\\/uploads\\\/2021\\\/12\\\/28171206\\\/cbll-logo-color-sm.png\",\"width\":600,\"height\":133,\"caption\":\"Cuballama\"},\"image\":{\"@id\":\"https:\\\/\\\/www.cuballama.com\\\/noticias\\\/#\\\/schema\\\/logo\\\/image\\\/\"},\"sameAs\":[\"https:\\\/\\\/www.facebook.com\\\/CubaLlama\",\"https:\\\/\\\/x.com\\\/cuballama\",\"https:\\\/\\\/www.instagram.com\\\/stories\\\/cuballama_oficial\\\/\",\"https:\\\/\\\/www.youtube.com\\\/channel\\\/UCKkFE-d_axENGZcrc4as0IA\"]},{\"@type\":\"Person\",\"@id\":\"https:\\\/\\\/www.cuballama.com\\\/noticias\\\/#\\\/schema\\\/person\\\/5cba2b8cc25a3159e49fe730a94d512e\",\"name\":\"Sof\u00eda Reyes\",\"url\":\"https:\\\/\\\/www.cuballama.com\\\/noticias\\\/author\\\/laura\\\/\"}]}<\/script>\n<!-- \/ Yoast SEO plugin. -->","yoast_head_json":{"title":"Iraisel Pintueles responde a cr\u00edtica por su rol de madre: \u201cMi hija es la parte m\u00e1s importante de mi vida\u201d - Cuballama Noticias","description":"Iraisel responde a un comentario ofensivo y aclara que su hija vive con ella en Corea del Sur y \u201ces muy feliz\u201d.","robots":{"index":"index","follow":"follow","max-snippet":"max-snippet:-1","max-image-preview":"max-image-preview:large","max-video-preview":"max-video-preview:-1"},"canonical":"https:\/\/www.cuballama.com\/noticias\/iraisel-pintueles-responde-a-critica-por-su-rol-de-madre-mi-hija-es-la-parte-mas-importante-de-mi-vida\/","og_locale":"es_ES","og_type":"article","og_title":"Iraisel Pintueles responde a cr\u00edtica por su rol de madre: \u201cMi hija es la parte m\u00e1s importante de mi vida\u201d - Cuballama Noticias","og_description":"Iraisel responde a un comentario ofensivo y aclara que su hija vive con ella en Corea del Sur y \u201ces muy feliz\u201d.","og_url":"https:\/\/www.cuballama.com\/noticias\/iraisel-pintueles-responde-a-critica-por-su-rol-de-madre-mi-hija-es-la-parte-mas-importante-de-mi-vida\/","og_site_name":"Cuballama Noticias","article_publisher":"https:\/\/www.facebook.com\/CubaLlama","article_published_time":"2025-12-02T19:37:28+00:00","article_modified_time":"2025-12-02T19:37:32+00:00","og_image":[{"width":1298,"height":862,"url":"https:\/\/cdn1.mediawpaccore.net\/wp-content\/uploads\/2025\/12\/02143211\/Captura-de-pantalla-2025-12-02-a-las-20.31.52.png","type":"image\/png"}],"author":"Sof\u00eda Reyes","twitter_card":"summary_large_image","twitter_creator":"@cuballama","twitter_site":"@cuballama","twitter_misc":{"Escrito por":"Sof\u00eda Reyes","Tiempo de lectura":"2 minutos"},"schema":{"@context":"https:\/\/schema.org","@graph":[{"@type":"Article","@id":"https:\/\/www.cuballama.com\/noticias\/iraisel-pintueles-responde-a-critica-por-su-rol-de-madre-mi-hija-es-la-parte-mas-importante-de-mi-vida\/#article","isPartOf":{"@id":"https:\/\/www.cuballama.com\/noticias\/iraisel-pintueles-responde-a-critica-por-su-rol-de-madre-mi-hija-es-la-parte-mas-importante-de-mi-vida\/"},"author":{"name":"Sof\u00eda Reyes","@id":"https:\/\/www.cuballama.com\/noticias\/#\/schema\/person\/5cba2b8cc25a3159e49fe730a94d512e"},"headline":"Iraisel Pintueles responde a cr\u00edtica por su rol de madre: \u201cMi hija es la parte m\u00e1s importante de mi vida\u201d","datePublished":"2025-12-02T19:37:28+00:00","dateModified":"2025-12-02T19:37:32+00:00","mainEntityOfPage":{"@id":"https:\/\/www.cuballama.com\/noticias\/iraisel-pintueles-responde-a-critica-por-su-rol-de-madre-mi-hija-es-la-parte-mas-importante-de-mi-vida\/"},"wordCount":316,"commentCount":0,"publisher":{"@id":"https:\/\/www.cuballama.com\/noticias\/#organization"},"image":{"@id":"https:\/\/www.cuballama.com\/noticias\/iraisel-pintueles-responde-a-critica-por-su-rol-de-madre-mi-hija-es-la-parte-mas-importante-de-mi-vida\/#primaryimage"},"thumbnailUrl":"https:\/\/cdn1.mediawpaccore.net\/wp-content\/uploads\/2025\/12\/02143211\/Captura-de-pantalla-2025-12-02-a-las-20.31.52.png","keywords":["Daniela Mu\u00f1oz","Hija de El Dany","influencer cubana","Iraisel Pintueles"],"articleSection":["Far\u00e1ndula"],"inLanguage":"es","potentialAction":[{"@type":"CommentAction","name":"Comment","target":["https:\/\/www.cuballama.com\/noticias\/iraisel-pintueles-responde-a-critica-por-su-rol-de-madre-mi-hija-es-la-parte-mas-importante-de-mi-vida\/#respond"]}]},{"@type":"WebPage","@id":"https:\/\/www.cuballama.com\/noticias\/iraisel-pintueles-responde-a-critica-por-su-rol-de-madre-mi-hija-es-la-parte-mas-importante-de-mi-vida\/","url":"https:\/\/www.cuballama.com\/noticias\/iraisel-pintueles-responde-a-critica-por-su-rol-de-madre-mi-hija-es-la-parte-mas-importante-de-mi-vida\/","name":"Iraisel Pintueles responde a cr\u00edtica por su rol de madre: \u201cMi hija es la parte m\u00e1s importante de mi vida\u201d - Cuballama Noticias","isPartOf":{"@id":"https:\/\/www.cuballama.com\/noticias\/#website"},"primaryImageOfPage":{"@id":"https:\/\/www.cuballama.com\/noticias\/iraisel-pintueles-responde-a-critica-por-su-rol-de-madre-mi-hija-es-la-parte-mas-importante-de-mi-vida\/#primaryimage"},"image":{"@id":"https:\/\/www.cuballama.com\/noticias\/iraisel-pintueles-responde-a-critica-por-su-rol-de-madre-mi-hija-es-la-parte-mas-importante-de-mi-vida\/#primaryimage"},"thumbnailUrl":"https:\/\/cdn1.mediawpaccore.net\/wp-content\/uploads\/2025\/12\/02143211\/Captura-de-pantalla-2025-12-02-a-las-20.31.52.png","datePublished":"2025-12-02T19:37:28+00:00","dateModified":"2025-12-02T19:37:32+00:00","description":"Iraisel responde a un comentario ofensivo y aclara que su hija vive con ella en Corea del Sur y \u201ces muy feliz\u201d.","breadcrumb":{"@id":"https:\/\/www.cuballama.com\/noticias\/iraisel-pintueles-responde-a-critica-por-su-rol-de-madre-mi-hija-es-la-parte-mas-importante-de-mi-vida\/#breadcrumb"},"inLanguage":"es","potentialAction":[{"@type":"ReadAction","target":["https:\/\/www.cuballama.com\/noticias\/iraisel-pintueles-responde-a-critica-por-su-rol-de-madre-mi-hija-es-la-parte-mas-importante-de-mi-vida\/"]}]},{"@type":"ImageObject","inLanguage":"es","@id":"https:\/\/www.cuballama.com\/noticias\/iraisel-pintueles-responde-a-critica-por-su-rol-de-madre-mi-hija-es-la-parte-mas-importante-de-mi-vida\/#primaryimage","url":"https:\/\/cdn1.mediawpaccore.net\/wp-content\/uploads\/2025\/12\/02143211\/Captura-de-pantalla-2025-12-02-a-las-20.31.52.png","contentUrl":"https:\/\/cdn1.mediawpaccore.net\/wp-content\/uploads\/2025\/12\/02143211\/Captura-de-pantalla-2025-12-02-a-las-20.31.52.png","width":1298,"height":862,"caption":"Foto tomada del perfil de Instagram de Iraisel Pintueles"},{"@type":"BreadcrumbList","@id":"https:\/\/www.cuballama.com\/noticias\/iraisel-pintueles-responde-a-critica-por-su-rol-de-madre-mi-hija-es-la-parte-mas-importante-de-mi-vida\/#breadcrumb","itemListElement":[{"@type":"ListItem","position":1,"name":"Home","item":"https:\/\/www.cuballama.com\/noticias\/"},{"@type":"ListItem","position":2,"name":"Iraisel Pintueles responde a cr\u00edtica por su rol de madre: \u201cMi hija es la parte m\u00e1s importante de mi vida\u201d"}]},{"@type":"WebSite","@id":"https:\/\/www.cuballama.com\/noticias\/#website","url":"https:\/\/www.cuballama.com\/noticias\/","name":"Cuballama Noticias","description":"Medio digital sobre Cuba y el mundo","publisher":{"@id":"https:\/\/www.cuballama.com\/noticias\/#organization"},"potentialAction":[{"@type":"SearchAction","target":{"@type":"EntryPoint","urlTemplate":"https:\/\/www.cuballama.com\/noticias\/?s={search_term_string}"},"query-input":{"@type":"PropertyValueSpecification","valueRequired":true,"valueName":"search_term_string"}}],"inLanguage":"es"},{"@type":"Organization","@id":"https:\/\/www.cuballama.com\/noticias\/#organization","name":"Cuballama","url":"https:\/\/www.cuballama.com\/noticias\/","logo":{"@type":"ImageObject","inLanguage":"es","@id":"https:\/\/www.cuballama.com\/noticias\/#\/schema\/logo\/image\/","url":"https:\/\/cdn1.mediawpaccore.net\/wp-content\/uploads\/2021\/12\/28171206\/cbll-logo-color-sm.png","contentUrl":"https:\/\/cdn1.mediawpaccore.net\/wp-content\/uploads\/2021\/12\/28171206\/cbll-logo-color-sm.png","width":600,"height":133,"caption":"Cuballama"},"image":{"@id":"https:\/\/www.cuballama.com\/noticias\/#\/schema\/logo\/image\/"},"sameAs":["https:\/\/www.facebook.com\/CubaLlama","https:\/\/x.com\/cuballama","https:\/\/www.instagram.com\/stories\/cuballama_oficial\/","https:\/\/www.youtube.com\/channel\/UCKkFE-d_axENGZcrc4as0IA"]},{"@type":"Person","@id":"https:\/\/www.cuballama.com\/noticias\/#\/schema\/person\/5cba2b8cc25a3159e49fe730a94d512e","name":"Sof\u00eda Reyes","url":"https:\/\/www.cuballama.com\/noticias\/author\/laura\/"}]}},"_links":{"self":[{"href":"https:\/\/www.cuballama.com\/noticias\/wp-json\/wp\/v2\/posts\/227510","targetHints":{"allow":["GET"]}}],"collection":[{"href":"https:\/\/www.cuballama.com\/noticias\/wp-json\/wp\/v2\/posts"}],"about":[{"href":"https:\/\/www.cuballama.com\/noticias\/wp-json\/wp\/v2\/types\/post"}],"author":[{"embeddable":true,"href":"https:\/\/www.cuballama.com\/noticias\/wp-json\/wp\/v2\/users\/29"}],"replies":[{"embeddable":true,"href":"https:\/\/www.cuballama.com\/noticias\/wp-json\/wp\/v2\/comments?post=227510"}],"version-history":[{"count":2,"href":"https:\/\/www.cuballama.com\/noticias\/wp-json\/wp\/v2\/posts\/227510\/revisions"}],"predecessor-version":[{"id":227520,"href":"https:\/\/www.cuballama.com\/noticias\/wp-json\/wp\/v2\/posts\/227510\/revisions\/227520"}],"wp:featuredmedia":[{"embeddable":true,"href":"https:\/\/www.cuballama.com\/noticias\/wp-json\/wp\/v2\/media\/227519"}],"wp:attachment":[{"href":"https:\/\/www.cuballama.com\/noticias\/wp-json\/wp\/v2\/media?parent=227510"}],"wp:term":[{"taxonomy":"category","embeddable":true,"href":"https:\/\/www.cuballama.com\/noticias\/wp-json\/wp\/v2\/categories?post=227510"},{"taxonomy":"post_tag","embeddable":true,"href":"https:\/\/www.cuballama.com\/noticias\/wp-json\/wp\/v2\/tags?post=227510"}],"curies":[{"name":"wp","href":"https:\/\/api.w.org\/{rel}","templated":true}]}}