{"id":227485,"date":"2025-12-04T07:00:00","date_gmt":"2025-12-04T12:00:00","guid":{"rendered":"https:\/\/www.cuballama.com\/noticias\/?p=227485"},"modified":"2025-12-04T10:18:31","modified_gmt":"2025-12-04T15:18:31","slug":"cubana-con-orden-deportacion-en-ee-uu-responde-a-criticas-por-embarazarse-no-vivo-con-miedo","status":"publish","type":"post","link":"https:\/\/www.cuballama.com\/noticias\/cubana-con-orden-deportacion-en-ee-uu-responde-a-criticas-por-embarazarse-no-vivo-con-miedo\/","title":{"rendered":"Cubana con orden deportaci\u00f3n en EE.UU. responde a cr\u00edticas por embarazarse: \u201cNo vivo con miedo\u201d"},"content":{"rendered":"\n<p>La cubana creadora de contenido Yesenia Rodr\u00edguez L\u00f3pez respondi\u00f3 esta semana a cr\u00edticas que ha recibido por salir embarazada teniendo una orden de deportaci\u00f3n en Estados Unidos, o sea, una I-220B.<\/p>\n\n\n\n<p>La joven reflexion\u00f3 concretamente sobre el comentario de una inmigrante que, como ella, no ha podido regularizar su estatus en el pa\u00eds: \u201cAy, ni\u00f1a, qu\u00e9 valiente eres. Con una orden deportaci\u00f3n y sigues pariendo. Qu\u00e9 miedo. Yo soy I220-A y no he tenido el valor de parir por mi estatus, pero bueno, dicen que los beb\u00e9s siempre son bendecidos\u201d.<\/p>\n\n\n\n<p>Sin embargo, desde la \u00f3ptica de Rodr\u00edguez, radicada en Lehigh Acres, Florida, \u201cla valent\u00eda no se mide por un estatus migratorio\u201d, sino \u201cpor el car\u00e1cter de la persona\u201d.<\/p>\n\n\n\n<iframe loading=\"lazy\" src=\"https:\/\/www.facebook.com\/plugins\/video.php?height=476&#038;href=https%3A%2F%2Fwww.facebook.com%2Freel%2F1183088507248067%2F&#038;show_text=true&#038;width=267&#038;t=0\" width=\"267\" height=\"591\" style=\"border:none;overflow:hidden\" scrolling=\"no\" frameborder=\"0\" allowfullscreen=\"true\" allow=\"autoplay; clipboard-write; encrypted-media; picture-in-picture; web-share\" allowFullScreen=\"true\"><\/iframe>\n\n\n\n<p>\u201cSi t\u00fa quieres tener tu vida en pausa porque dependes de la decisi\u00f3n de otra persona sobre tu vida, es un problema tuyo\u201d, se\u00f1al\u00f3 la influencer, que recientemente dio a conocer que dar\u00e1 a luz a un tercer hijo.<\/p>\n\n\n\n<p>\u201cCada persona responde seg\u00fan lo que tiene y lo que le falta. Yo no vivo con miedo, yo vivo con convicci\u00f3n, un d\u00eda a la vez. Yo no estoy pensando en qu\u00e9 es lo que va a pasar ma\u00f1ana\u201d, apunt\u00f3 en medio de una fuerte escalda de la Administraci\u00f3n de Donald Trump contra inmigrantes.<\/p>\n\n\n\n<p>Asimismo, Rodr\u00edguez fue tajante al referirse al peor de los casos, es decir, en el que pudiera ser deportada. \u201cYo te puedo jurar que incluso en el culo del mundo yo saldr\u00e9 adelante\u201d, subray\u00f3 la muchacha, que cuenta con 412 mil seguidores en Facebook y 258 mil en Instagram.<\/p>\n\n\n\n<figure class=\"wp-block-image size-full\"><img loading=\"lazy\" decoding=\"async\" width=\"957\" height=\"464\" src=\"https:\/\/cdn1.mediawpaccore.net\/wp-content\/uploads\/2025\/12\/04101737\/Captura-de-pantalla_4-12-2025_101510_www.facebook.com_.jpg\" alt=\"\" class=\"wp-image-227702\" srcset=\"https:\/\/cdn1.mediawpaccore.net\/wp-content\/uploads\/2025\/12\/04101737\/Captura-de-pantalla_4-12-2025_101510_www.facebook.com_.jpg 957w, https:\/\/cdn1.mediawpaccore.net\/wp-content\/uploads\/2025\/12\/04101737\/Captura-de-pantalla_4-12-2025_101510_www.facebook.com_-300x145.jpg 300w, https:\/\/cdn1.mediawpaccore.net\/wp-content\/uploads\/2025\/12\/04101737\/Captura-de-pantalla_4-12-2025_101510_www.facebook.com_-768x372.jpg 768w, https:\/\/cdn1.mediawpaccore.net\/wp-content\/uploads\/2025\/12\/04101737\/Captura-de-pantalla_4-12-2025_101510_www.facebook.com_-866x420.jpg 866w, https:\/\/cdn1.mediawpaccore.net\/wp-content\/uploads\/2025\/12\/04101737\/Captura-de-pantalla_4-12-2025_101510_www.facebook.com_-150x73.jpg 150w, https:\/\/cdn1.mediawpaccore.net\/wp-content\/uploads\/2025\/12\/04101737\/Captura-de-pantalla_4-12-2025_101510_www.facebook.com_-696x337.jpg 696w\" sizes=\"auto, (max-width: 957px) 100vw, 957px\" \/><\/figure>\n\n\n\n<p>\u201cTengo muchas amistades I-220A que tienen casa y tienen hijos en Estados Unidos, porque no est\u00e1n pensando en el ma\u00f1ana. Al final, la vida es una sola y el tiempo est\u00e1 pasando\u201d, reflexion\u00f3 Rodr\u00edguez sobre el limbo en el que viven miles de inmigrantes en Estados Unidos.\u00a0<\/p>\n\n\n\n<p>\u201cTiempo perdido es tiempo que no vas a recuperar nunca\u201d, a\u00f1adi\u00f3 al aconsejar a las personas que la siguen que no dejen que sus miedos \u201cmanipulen\u201d sus decisiones. <\/p>\n\n\n\n<p>De igual manera, su esposo, Ariel Guti\u00e9rrez, quien participa en muchos videos humor\u00edsticos junto a ella, le demostr\u00f3 su apoyo incondicional: \u201cSi hay que irnos nos vamos todos, pero nos vamos brillando. De eso que no quepa duda\u201d.<\/p>\n\n\n\n<p><\/p>\n","protected":false},"excerpt":{"rendered":"<p>La joven anunci\u00f3 recientemente que volver\u00eda a ser madre.<\/p>\n","protected":false},"author":30,"featured_media":227632,"comment_status":"open","ping_status":"closed","sticky":false,"template":"","format":"standard","meta":{"_acf_changed":false,"footnotes":""},"categories":[18,953],"tags":[20405,24453,941,9700,24638],"class_list":{"0":"post-227485","1":"post","2":"type-post","3":"status-publish","4":"format-standard","5":"has-post-thumbnail","7":"category-noticias","8":"category-usa","9":"tag-creadora-de-contenido","10":"tag-cubanos-en-ee-uu","11":"tag-destacado","12":"tag-embarazada","13":"tag-orden-de-deportacion"},"acf":[],"yoast_head":"<!-- This site is optimized with the Yoast SEO plugin v27.4 - https:\/\/yoast.com\/product\/yoast-seo-wordpress\/ -->\n<title>Cubana con orden deportaci\u00f3n en EE.UU. responde a cr\u00edticas por embarazarse: \u201cNo vivo con miedo\u201d - Cuballama Noticias<\/title>\n<meta name=\"description\" content=\"Una influencer cubana respondi\u00f3 esta semana a cr\u00edticas por salir embarazada teniendo una orden de deportaci\u00f3n en Estados Unidos.\" \/>\n<meta name=\"robots\" content=\"index, follow, max-snippet:-1, max-image-preview:large, max-video-preview:-1\" \/>\n<link rel=\"canonical\" href=\"https:\/\/www.cuballama.com\/noticias\/cubana-con-orden-deportacion-en-ee-uu-responde-a-criticas-por-embarazarse-no-vivo-con-miedo\/\" \/>\n<meta property=\"og:locale\" content=\"es_ES\" \/>\n<meta property=\"og:type\" content=\"article\" \/>\n<meta property=\"og:title\" content=\"Cubana con orden deportaci\u00f3n en EE.UU. responde a cr\u00edticas por embarazarse: \u201cNo vivo con miedo\u201d - Cuballama Noticias\" \/>\n<meta property=\"og:description\" content=\"Una influencer cubana respondi\u00f3 esta semana a cr\u00edticas por salir embarazada teniendo una orden de deportaci\u00f3n en Estados Unidos.\" \/>\n<meta property=\"og:url\" content=\"https:\/\/www.cuballama.com\/noticias\/cubana-con-orden-deportacion-en-ee-uu-responde-a-criticas-por-embarazarse-no-vivo-con-miedo\/\" \/>\n<meta property=\"og:site_name\" content=\"Cuballama Noticias\" \/>\n<meta property=\"article:publisher\" content=\"https:\/\/www.facebook.com\/CubaLlama\" \/>\n<meta property=\"article:published_time\" content=\"2025-12-04T12:00:00+00:00\" \/>\n<meta property=\"article:modified_time\" content=\"2025-12-04T15:18:31+00:00\" \/>\n<meta property=\"og:image\" content=\"https:\/\/cdn1.mediawpaccore.net\/wp-content\/uploads\/2025\/12\/03225713\/550129723_1441258737108375_4793758048805449063_n1.jpg\" \/>\n\t<meta property=\"og:image:width\" content=\"1200\" \/>\n\t<meta property=\"og:image:height\" content=\"630\" \/>\n\t<meta property=\"og:image:type\" content=\"image\/jpeg\" \/>\n<meta name=\"author\" content=\"Kathy\" \/>\n<meta name=\"twitter:card\" content=\"summary_large_image\" \/>\n<meta name=\"twitter:creator\" content=\"@cuballama\" \/>\n<meta name=\"twitter:site\" content=\"@cuballama\" \/>\n<meta name=\"twitter:label1\" content=\"Escrito por\" \/>\n\t<meta name=\"twitter:data1\" content=\"Kathy\" \/>\n\t<meta name=\"twitter:label2\" content=\"Tiempo de lectura\" \/>\n\t<meta name=\"twitter:data2\" content=\"3 minutos\" \/>\n<script type=\"application\/ld+json\" class=\"yoast-schema-graph\">{\"@context\":\"https:\\\/\\\/schema.org\",\"@graph\":[{\"@type\":\"Article\",\"@id\":\"https:\\\/\\\/www.cuballama.com\\\/noticias\\\/cubana-con-orden-deportacion-en-ee-uu-responde-a-criticas-por-embarazarse-no-vivo-con-miedo\\\/#article\",\"isPartOf\":{\"@id\":\"https:\\\/\\\/www.cuballama.com\\\/noticias\\\/cubana-con-orden-deportacion-en-ee-uu-responde-a-criticas-por-embarazarse-no-vivo-con-miedo\\\/\"},\"author\":{\"name\":\"Kathy\",\"@id\":\"https:\\\/\\\/www.cuballama.com\\\/noticias\\\/#\\\/schema\\\/person\\\/86cd3e3f4974437f031211213bf892d5\"},\"headline\":\"Cubana con orden deportaci\u00f3n en EE.UU. responde a cr\u00edticas por embarazarse: \u201cNo vivo con miedo\u201d\",\"datePublished\":\"2025-12-04T12:00:00+00:00\",\"dateModified\":\"2025-12-04T15:18:31+00:00\",\"mainEntityOfPage\":{\"@id\":\"https:\\\/\\\/www.cuballama.com\\\/noticias\\\/cubana-con-orden-deportacion-en-ee-uu-responde-a-criticas-por-embarazarse-no-vivo-con-miedo\\\/\"},\"wordCount\":417,\"commentCount\":1,\"publisher\":{\"@id\":\"https:\\\/\\\/www.cuballama.com\\\/noticias\\\/#organization\"},\"image\":{\"@id\":\"https:\\\/\\\/www.cuballama.com\\\/noticias\\\/cubana-con-orden-deportacion-en-ee-uu-responde-a-criticas-por-embarazarse-no-vivo-con-miedo\\\/#primaryimage\"},\"thumbnailUrl\":\"https:\\\/\\\/cdn1.mediawpaccore.net\\\/wp-content\\\/uploads\\\/2025\\\/12\\\/03225713\\\/550129723_1441258737108375_4793758048805449063_n1.jpg\",\"keywords\":[\"creadora de contenido\",\"cubanos en EE.UU.\",\"destacado\",\"embarazada\",\"orden de deportaci\u00f3n\"],\"articleSection\":[\"Noticias\",\"USA\"],\"inLanguage\":\"es\",\"potentialAction\":[{\"@type\":\"CommentAction\",\"name\":\"Comment\",\"target\":[\"https:\\\/\\\/www.cuballama.com\\\/noticias\\\/cubana-con-orden-deportacion-en-ee-uu-responde-a-criticas-por-embarazarse-no-vivo-con-miedo\\\/#respond\"]}]},{\"@type\":\"WebPage\",\"@id\":\"https:\\\/\\\/www.cuballama.com\\\/noticias\\\/cubana-con-orden-deportacion-en-ee-uu-responde-a-criticas-por-embarazarse-no-vivo-con-miedo\\\/\",\"url\":\"https:\\\/\\\/www.cuballama.com\\\/noticias\\\/cubana-con-orden-deportacion-en-ee-uu-responde-a-criticas-por-embarazarse-no-vivo-con-miedo\\\/\",\"name\":\"Cubana con orden deportaci\u00f3n en EE.UU. responde a cr\u00edticas por embarazarse: \u201cNo vivo con miedo\u201d - Cuballama Noticias\",\"isPartOf\":{\"@id\":\"https:\\\/\\\/www.cuballama.com\\\/noticias\\\/#website\"},\"primaryImageOfPage\":{\"@id\":\"https:\\\/\\\/www.cuballama.com\\\/noticias\\\/cubana-con-orden-deportacion-en-ee-uu-responde-a-criticas-por-embarazarse-no-vivo-con-miedo\\\/#primaryimage\"},\"image\":{\"@id\":\"https:\\\/\\\/www.cuballama.com\\\/noticias\\\/cubana-con-orden-deportacion-en-ee-uu-responde-a-criticas-por-embarazarse-no-vivo-con-miedo\\\/#primaryimage\"},\"thumbnailUrl\":\"https:\\\/\\\/cdn1.mediawpaccore.net\\\/wp-content\\\/uploads\\\/2025\\\/12\\\/03225713\\\/550129723_1441258737108375_4793758048805449063_n1.jpg\",\"datePublished\":\"2025-12-04T12:00:00+00:00\",\"dateModified\":\"2025-12-04T15:18:31+00:00\",\"description\":\"Una influencer cubana respondi\u00f3 esta semana a cr\u00edticas por salir embarazada teniendo una orden de deportaci\u00f3n en Estados Unidos.\",\"breadcrumb\":{\"@id\":\"https:\\\/\\\/www.cuballama.com\\\/noticias\\\/cubana-con-orden-deportacion-en-ee-uu-responde-a-criticas-por-embarazarse-no-vivo-con-miedo\\\/#breadcrumb\"},\"inLanguage\":\"es\",\"potentialAction\":[{\"@type\":\"ReadAction\",\"target\":[\"https:\\\/\\\/www.cuballama.com\\\/noticias\\\/cubana-con-orden-deportacion-en-ee-uu-responde-a-criticas-por-embarazarse-no-vivo-con-miedo\\\/\"]}]},{\"@type\":\"ImageObject\",\"inLanguage\":\"es\",\"@id\":\"https:\\\/\\\/www.cuballama.com\\\/noticias\\\/cubana-con-orden-deportacion-en-ee-uu-responde-a-criticas-por-embarazarse-no-vivo-con-miedo\\\/#primaryimage\",\"url\":\"https:\\\/\\\/cdn1.mediawpaccore.net\\\/wp-content\\\/uploads\\\/2025\\\/12\\\/03225713\\\/550129723_1441258737108375_4793758048805449063_n1.jpg\",\"contentUrl\":\"https:\\\/\\\/cdn1.mediawpaccore.net\\\/wp-content\\\/uploads\\\/2025\\\/12\\\/03225713\\\/550129723_1441258737108375_4793758048805449063_n1.jpg\",\"width\":1200,\"height\":630,\"caption\":\"Yesenia Rodr\u00edguez L\u00f3pez. Foto: Facebook\\\/Yesenia Rodr\u00edguez L\u00f3pez.\"},{\"@type\":\"BreadcrumbList\",\"@id\":\"https:\\\/\\\/www.cuballama.com\\\/noticias\\\/cubana-con-orden-deportacion-en-ee-uu-responde-a-criticas-por-embarazarse-no-vivo-con-miedo\\\/#breadcrumb\",\"itemListElement\":[{\"@type\":\"ListItem\",\"position\":1,\"name\":\"Home\",\"item\":\"https:\\\/\\\/www.cuballama.com\\\/noticias\\\/\"},{\"@type\":\"ListItem\",\"position\":2,\"name\":\"Cubana con orden deportaci\u00f3n en EE.UU. responde a cr\u00edticas por embarazarse: \u201cNo vivo con miedo\u201d\"}]},{\"@type\":\"WebSite\",\"@id\":\"https:\\\/\\\/www.cuballama.com\\\/noticias\\\/#website\",\"url\":\"https:\\\/\\\/www.cuballama.com\\\/noticias\\\/\",\"name\":\"Cuballama Noticias\",\"description\":\"Medio digital sobre Cuba y el mundo\",\"publisher\":{\"@id\":\"https:\\\/\\\/www.cuballama.com\\\/noticias\\\/#organization\"},\"potentialAction\":[{\"@type\":\"SearchAction\",\"target\":{\"@type\":\"EntryPoint\",\"urlTemplate\":\"https:\\\/\\\/www.cuballama.com\\\/noticias\\\/?s={search_term_string}\"},\"query-input\":{\"@type\":\"PropertyValueSpecification\",\"valueRequired\":true,\"valueName\":\"search_term_string\"}}],\"inLanguage\":\"es\"},{\"@type\":\"Organization\",\"@id\":\"https:\\\/\\\/www.cuballama.com\\\/noticias\\\/#organization\",\"name\":\"Cuballama\",\"url\":\"https:\\\/\\\/www.cuballama.com\\\/noticias\\\/\",\"logo\":{\"@type\":\"ImageObject\",\"inLanguage\":\"es\",\"@id\":\"https:\\\/\\\/www.cuballama.com\\\/noticias\\\/#\\\/schema\\\/logo\\\/image\\\/\",\"url\":\"https:\\\/\\\/cdn1.mediawpaccore.net\\\/wp-content\\\/uploads\\\/2021\\\/12\\\/28171206\\\/cbll-logo-color-sm.png\",\"contentUrl\":\"https:\\\/\\\/cdn1.mediawpaccore.net\\\/wp-content\\\/uploads\\\/2021\\\/12\\\/28171206\\\/cbll-logo-color-sm.png\",\"width\":600,\"height\":133,\"caption\":\"Cuballama\"},\"image\":{\"@id\":\"https:\\\/\\\/www.cuballama.com\\\/noticias\\\/#\\\/schema\\\/logo\\\/image\\\/\"},\"sameAs\":[\"https:\\\/\\\/www.facebook.com\\\/CubaLlama\",\"https:\\\/\\\/x.com\\\/cuballama\",\"https:\\\/\\\/www.instagram.com\\\/stories\\\/cuballama_oficial\\\/\",\"https:\\\/\\\/www.youtube.com\\\/channel\\\/UCKkFE-d_axENGZcrc4as0IA\"]},{\"@type\":\"Person\",\"@id\":\"https:\\\/\\\/www.cuballama.com\\\/noticias\\\/#\\\/schema\\\/person\\\/86cd3e3f4974437f031211213bf892d5\",\"name\":\"Kathy\",\"url\":\"https:\\\/\\\/www.cuballama.com\\\/noticias\\\/author\\\/kathy\\\/\"}]}<\/script>\n<!-- \/ Yoast SEO plugin. -->","yoast_head_json":{"title":"Cubana con orden deportaci\u00f3n en EE.UU. responde a cr\u00edticas por embarazarse: \u201cNo vivo con miedo\u201d - Cuballama Noticias","description":"Una influencer cubana respondi\u00f3 esta semana a cr\u00edticas por salir embarazada teniendo una orden de deportaci\u00f3n en Estados Unidos.","robots":{"index":"index","follow":"follow","max-snippet":"max-snippet:-1","max-image-preview":"max-image-preview:large","max-video-preview":"max-video-preview:-1"},"canonical":"https:\/\/www.cuballama.com\/noticias\/cubana-con-orden-deportacion-en-ee-uu-responde-a-criticas-por-embarazarse-no-vivo-con-miedo\/","og_locale":"es_ES","og_type":"article","og_title":"Cubana con orden deportaci\u00f3n en EE.UU. responde a cr\u00edticas por embarazarse: \u201cNo vivo con miedo\u201d - Cuballama Noticias","og_description":"Una influencer cubana respondi\u00f3 esta semana a cr\u00edticas por salir embarazada teniendo una orden de deportaci\u00f3n en Estados Unidos.","og_url":"https:\/\/www.cuballama.com\/noticias\/cubana-con-orden-deportacion-en-ee-uu-responde-a-criticas-por-embarazarse-no-vivo-con-miedo\/","og_site_name":"Cuballama Noticias","article_publisher":"https:\/\/www.facebook.com\/CubaLlama","article_published_time":"2025-12-04T12:00:00+00:00","article_modified_time":"2025-12-04T15:18:31+00:00","og_image":[{"width":1200,"height":630,"url":"https:\/\/cdn1.mediawpaccore.net\/wp-content\/uploads\/2025\/12\/03225713\/550129723_1441258737108375_4793758048805449063_n1.jpg","type":"image\/jpeg"}],"author":"Kathy","twitter_card":"summary_large_image","twitter_creator":"@cuballama","twitter_site":"@cuballama","twitter_misc":{"Escrito por":"Kathy","Tiempo de lectura":"3 minutos"},"schema":{"@context":"https:\/\/schema.org","@graph":[{"@type":"Article","@id":"https:\/\/www.cuballama.com\/noticias\/cubana-con-orden-deportacion-en-ee-uu-responde-a-criticas-por-embarazarse-no-vivo-con-miedo\/#article","isPartOf":{"@id":"https:\/\/www.cuballama.com\/noticias\/cubana-con-orden-deportacion-en-ee-uu-responde-a-criticas-por-embarazarse-no-vivo-con-miedo\/"},"author":{"name":"Kathy","@id":"https:\/\/www.cuballama.com\/noticias\/#\/schema\/person\/86cd3e3f4974437f031211213bf892d5"},"headline":"Cubana con orden deportaci\u00f3n en EE.UU. responde a cr\u00edticas por embarazarse: \u201cNo vivo con miedo\u201d","datePublished":"2025-12-04T12:00:00+00:00","dateModified":"2025-12-04T15:18:31+00:00","mainEntityOfPage":{"@id":"https:\/\/www.cuballama.com\/noticias\/cubana-con-orden-deportacion-en-ee-uu-responde-a-criticas-por-embarazarse-no-vivo-con-miedo\/"},"wordCount":417,"commentCount":1,"publisher":{"@id":"https:\/\/www.cuballama.com\/noticias\/#organization"},"image":{"@id":"https:\/\/www.cuballama.com\/noticias\/cubana-con-orden-deportacion-en-ee-uu-responde-a-criticas-por-embarazarse-no-vivo-con-miedo\/#primaryimage"},"thumbnailUrl":"https:\/\/cdn1.mediawpaccore.net\/wp-content\/uploads\/2025\/12\/03225713\/550129723_1441258737108375_4793758048805449063_n1.jpg","keywords":["creadora de contenido","cubanos en EE.UU.","destacado","embarazada","orden de deportaci\u00f3n"],"articleSection":["Noticias","USA"],"inLanguage":"es","potentialAction":[{"@type":"CommentAction","name":"Comment","target":["https:\/\/www.cuballama.com\/noticias\/cubana-con-orden-deportacion-en-ee-uu-responde-a-criticas-por-embarazarse-no-vivo-con-miedo\/#respond"]}]},{"@type":"WebPage","@id":"https:\/\/www.cuballama.com\/noticias\/cubana-con-orden-deportacion-en-ee-uu-responde-a-criticas-por-embarazarse-no-vivo-con-miedo\/","url":"https:\/\/www.cuballama.com\/noticias\/cubana-con-orden-deportacion-en-ee-uu-responde-a-criticas-por-embarazarse-no-vivo-con-miedo\/","name":"Cubana con orden deportaci\u00f3n en EE.UU. responde a cr\u00edticas por embarazarse: \u201cNo vivo con miedo\u201d - Cuballama Noticias","isPartOf":{"@id":"https:\/\/www.cuballama.com\/noticias\/#website"},"primaryImageOfPage":{"@id":"https:\/\/www.cuballama.com\/noticias\/cubana-con-orden-deportacion-en-ee-uu-responde-a-criticas-por-embarazarse-no-vivo-con-miedo\/#primaryimage"},"image":{"@id":"https:\/\/www.cuballama.com\/noticias\/cubana-con-orden-deportacion-en-ee-uu-responde-a-criticas-por-embarazarse-no-vivo-con-miedo\/#primaryimage"},"thumbnailUrl":"https:\/\/cdn1.mediawpaccore.net\/wp-content\/uploads\/2025\/12\/03225713\/550129723_1441258737108375_4793758048805449063_n1.jpg","datePublished":"2025-12-04T12:00:00+00:00","dateModified":"2025-12-04T15:18:31+00:00","description":"Una influencer cubana respondi\u00f3 esta semana a cr\u00edticas por salir embarazada teniendo una orden de deportaci\u00f3n en Estados Unidos.","breadcrumb":{"@id":"https:\/\/www.cuballama.com\/noticias\/cubana-con-orden-deportacion-en-ee-uu-responde-a-criticas-por-embarazarse-no-vivo-con-miedo\/#breadcrumb"},"inLanguage":"es","potentialAction":[{"@type":"ReadAction","target":["https:\/\/www.cuballama.com\/noticias\/cubana-con-orden-deportacion-en-ee-uu-responde-a-criticas-por-embarazarse-no-vivo-con-miedo\/"]}]},{"@type":"ImageObject","inLanguage":"es","@id":"https:\/\/www.cuballama.com\/noticias\/cubana-con-orden-deportacion-en-ee-uu-responde-a-criticas-por-embarazarse-no-vivo-con-miedo\/#primaryimage","url":"https:\/\/cdn1.mediawpaccore.net\/wp-content\/uploads\/2025\/12\/03225713\/550129723_1441258737108375_4793758048805449063_n1.jpg","contentUrl":"https:\/\/cdn1.mediawpaccore.net\/wp-content\/uploads\/2025\/12\/03225713\/550129723_1441258737108375_4793758048805449063_n1.jpg","width":1200,"height":630,"caption":"Yesenia Rodr\u00edguez L\u00f3pez. Foto: Facebook\/Yesenia Rodr\u00edguez L\u00f3pez."},{"@type":"BreadcrumbList","@id":"https:\/\/www.cuballama.com\/noticias\/cubana-con-orden-deportacion-en-ee-uu-responde-a-criticas-por-embarazarse-no-vivo-con-miedo\/#breadcrumb","itemListElement":[{"@type":"ListItem","position":1,"name":"Home","item":"https:\/\/www.cuballama.com\/noticias\/"},{"@type":"ListItem","position":2,"name":"Cubana con orden deportaci\u00f3n en EE.UU. responde a cr\u00edticas por embarazarse: \u201cNo vivo con miedo\u201d"}]},{"@type":"WebSite","@id":"https:\/\/www.cuballama.com\/noticias\/#website","url":"https:\/\/www.cuballama.com\/noticias\/","name":"Cuballama Noticias","description":"Medio digital sobre Cuba y el mundo","publisher":{"@id":"https:\/\/www.cuballama.com\/noticias\/#organization"},"potentialAction":[{"@type":"SearchAction","target":{"@type":"EntryPoint","urlTemplate":"https:\/\/www.cuballama.com\/noticias\/?s={search_term_string}"},"query-input":{"@type":"PropertyValueSpecification","valueRequired":true,"valueName":"search_term_string"}}],"inLanguage":"es"},{"@type":"Organization","@id":"https:\/\/www.cuballama.com\/noticias\/#organization","name":"Cuballama","url":"https:\/\/www.cuballama.com\/noticias\/","logo":{"@type":"ImageObject","inLanguage":"es","@id":"https:\/\/www.cuballama.com\/noticias\/#\/schema\/logo\/image\/","url":"https:\/\/cdn1.mediawpaccore.net\/wp-content\/uploads\/2021\/12\/28171206\/cbll-logo-color-sm.png","contentUrl":"https:\/\/cdn1.mediawpaccore.net\/wp-content\/uploads\/2021\/12\/28171206\/cbll-logo-color-sm.png","width":600,"height":133,"caption":"Cuballama"},"image":{"@id":"https:\/\/www.cuballama.com\/noticias\/#\/schema\/logo\/image\/"},"sameAs":["https:\/\/www.facebook.com\/CubaLlama","https:\/\/x.com\/cuballama","https:\/\/www.instagram.com\/stories\/cuballama_oficial\/","https:\/\/www.youtube.com\/channel\/UCKkFE-d_axENGZcrc4as0IA"]},{"@type":"Person","@id":"https:\/\/www.cuballama.com\/noticias\/#\/schema\/person\/86cd3e3f4974437f031211213bf892d5","name":"Kathy","url":"https:\/\/www.cuballama.com\/noticias\/author\/kathy\/"}]}},"_links":{"self":[{"href":"https:\/\/www.cuballama.com\/noticias\/wp-json\/wp\/v2\/posts\/227485","targetHints":{"allow":["GET"]}}],"collection":[{"href":"https:\/\/www.cuballama.com\/noticias\/wp-json\/wp\/v2\/posts"}],"about":[{"href":"https:\/\/www.cuballama.com\/noticias\/wp-json\/wp\/v2\/types\/post"}],"author":[{"embeddable":true,"href":"https:\/\/www.cuballama.com\/noticias\/wp-json\/wp\/v2\/users\/30"}],"replies":[{"embeddable":true,"href":"https:\/\/www.cuballama.com\/noticias\/wp-json\/wp\/v2\/comments?post=227485"}],"version-history":[{"count":11,"href":"https:\/\/www.cuballama.com\/noticias\/wp-json\/wp\/v2\/posts\/227485\/revisions"}],"predecessor-version":[{"id":227704,"href":"https:\/\/www.cuballama.com\/noticias\/wp-json\/wp\/v2\/posts\/227485\/revisions\/227704"}],"wp:featuredmedia":[{"embeddable":true,"href":"https:\/\/www.cuballama.com\/noticias\/wp-json\/wp\/v2\/media\/227632"}],"wp:attachment":[{"href":"https:\/\/www.cuballama.com\/noticias\/wp-json\/wp\/v2\/media?parent=227485"}],"wp:term":[{"taxonomy":"category","embeddable":true,"href":"https:\/\/www.cuballama.com\/noticias\/wp-json\/wp\/v2\/categories?post=227485"},{"taxonomy":"post_tag","embeddable":true,"href":"https:\/\/www.cuballama.com\/noticias\/wp-json\/wp\/v2\/tags?post=227485"}],"curies":[{"name":"wp","href":"https:\/\/api.w.org\/{rel}","templated":true}]}}