{"id":227192,"date":"2025-11-28T07:15:00","date_gmt":"2025-11-28T12:15:00","guid":{"rendered":"https:\/\/www.cuballama.com\/noticias\/?p=227192"},"modified":"2025-11-28T02:16:17","modified_gmt":"2025-11-28T07:16:17","slug":"lujo-todo-el-tiempo-flor-de-cuba-muestra-el-trump-doral","status":"publish","type":"post","link":"https:\/\/www.cuballama.com\/noticias\/lujo-todo-el-tiempo-flor-de-cuba-muestra-el-trump-doral\/","title":{"rendered":"\u201cLujo todo el tiempo\u201d: Flor de Cuba muestra el Trump Doral"},"content":{"rendered":"\n<p>La creadora de contenido cubana conocida como Flor de Cuba mostr\u00f3 a su audiencia c\u00f3mo fue alojarse en el Trump National Doral Miami, uno de los complejos m\u00e1s exclusivos del sur de Florida y propiedad del presidente estadounidense Donald Trump.&nbsp;<\/p>\n\n\n\n<p>En sus historias y clips, la influencer detall\u00f3 que se hosped\u00f3 en una suite con vista al lago, una de las \u00e1reas m\u00e1s solicitadas del resort por su entorno apacible y panor\u00e1micas abiertas al campo.<\/p>\n\n\n\n<p>\u201cEn este hotel vas a ver lujo todo el tiempo\u201d, coment\u00f3 en un video donde recorri\u00f3 parte de las instalaciones, resaltando la arquitectura cl\u00e1sica, las \u00e1reas ajardinadas y la atm\u00f3sfera silenciosa que predomina en el inmueble.&nbsp;<\/p>\n\n\n\n<blockquote class=\"tiktok-embed\" cite=\"https:\/\/www.tiktok.com\/@una_flor_oficial\/video\/7576387183662140685\" data-video-id=\"7576387183662140685\" style=\"max-width: 605px;min-width: 325px;\" > <section> <a target=\"_blank\" title=\"@una_flor_oficial\" href=\"https:\/\/www.tiktok.com\/@una_flor_oficial?refer=embed\">@una_flor_oficial<\/a> El hotel de Donald Trump  <a title=\"hotel\" target=\"_blank\" href=\"https:\/\/www.tiktok.com\/tag\/hotel?refer=embed\">#hotel<\/a> <a title=\"trump\" target=\"_blank\" href=\"https:\/\/www.tiktok.com\/tag\/trump?refer=embed\">#trump<\/a> <a title=\"donaldtrump\" target=\"_blank\" href=\"https:\/\/www.tiktok.com\/tag\/donaldtrump?refer=embed\">#donaldtrump<\/a> <a title=\"resort\" target=\"_blank\" href=\"https:\/\/www.tiktok.com\/tag\/resort?refer=embed\">#resort<\/a> <a title=\"vacation\" target=\"_blank\" href=\"https:\/\/www.tiktok.com\/tag\/vacation?refer=embed\">#vacation<\/a> <a target=\"_blank\" title=\"\u266c sonido original - La Flor de Cuba \ud83c\udde8\ud83c\uddfa\" href=\"https:\/\/www.tiktok.com\/music\/sonido-original-7576387285768309517?refer=embed\">\u266c sonido original &#8211; La Flor de Cuba \ud83c\udde8\ud83c\uddfa<\/a> <\/section> <\/blockquote> <script async src=\"https:\/\/www.tiktok.com\/embed.js\"><\/script>\n\n\n\n<p>Tambi\u00e9n subray\u00f3 el protagonismo del golf dentro del complejo: el Doral es sede de varios campos reconocidos internacionalmente y concentra buena parte de su oferta en ese p\u00fablico.<\/p>\n\n\n\n<p>Aunque no lleg\u00f3 a probar el restaurante durante esta visita, s\u00ed se dio tiempo para experimentar el Spa del Doral, al que calific\u00f3 como un servicio de alta gama por su comodidad, cabinas amplias y atenci\u00f3n personalizada.&nbsp;<\/p>\n\n\n\n<p>Seg\u00fan explic\u00f3, una estancia de 10 noches puede rondar los 8.000 d\u00f3lares, sin incluir extras como tratamientos de spa ni servicio a la habitaci\u00f3n, de modo que el costo final depende de los adicionales que el hu\u00e9sped decida sumar.<\/p>\n\n\n\n<p><a href=\"https:\/\/www.cuballama.com\/noticias\/de-tiktok-shop-a-telemundo-flor-de-cuba-llega-a-los-sets-de-television\/\"><strong>Flor de Cuba<\/strong><\/a> aclar\u00f3 que viaj\u00f3 invitada por motivos profesionales, lo que le permiti\u00f3 grabar contenido dentro del resort. Su rese\u00f1a, entre elogios y matices sobre precios y servicios, encendi\u00f3 la conversaci\u00f3n en redes: mientras parte de sus seguidores celebr\u00f3 el acceso y la transparencia sobre costos, otros cuestionaron el gasto en un contexto de tarifas premium.\u00a0<\/p>\n\n\n\n<p>En cualquier caso, su cr\u00f3nica ofrece una mirada directa a uno de los hoteles m\u00e1s codiciados de Miami y a la experiencia que propone a sus visitantes.<\/p>\n","protected":false},"excerpt":{"rendered":"<p>Flor de Cuba muestra su estad\u00eda en el Trump Doral Miami: suite con vista al lago, spa de alto nivel y costos de 10 noches que rondan los 8 mil d\u00f3lares.<\/p>\n","protected":false},"author":29,"featured_media":227200,"comment_status":"open","ping_status":"closed","sticky":false,"template":"","format":"standard","meta":{"_acf_changed":false,"footnotes":""},"categories":[443],"tags":[92,11050,28773,14245,29349],"class_list":{"0":"post-227192","1":"post","2":"type-post","3":"status-publish","4":"format-standard","5":"has-post-thumbnail","7":"category-farandula","8":"tag-cubanos","9":"tag-cubanos-en-miami","10":"tag-flor-de-cuba","11":"tag-influencer-cubana","12":"tag-trump-hotel"},"acf":[],"yoast_head":"<!-- This site is optimized with the Yoast SEO plugin v27.4 - https:\/\/yoast.com\/product\/yoast-seo-wordpress\/ -->\n<title>\u201cLujo todo el tiempo\u201d: Flor de Cuba muestra el Trump Doral - Cuballama Noticias<\/title>\n<meta name=\"description\" content=\"Flor de Cuba muestra su estad\u00eda en el Trump Doral Miami: suite con vista al lago, spa de alto nivel y costos de 10 noches.\" \/>\n<meta name=\"robots\" content=\"index, follow, max-snippet:-1, max-image-preview:large, max-video-preview:-1\" \/>\n<link rel=\"canonical\" href=\"https:\/\/www.cuballama.com\/noticias\/lujo-todo-el-tiempo-flor-de-cuba-muestra-el-trump-doral\/\" \/>\n<meta property=\"og:locale\" content=\"es_ES\" \/>\n<meta property=\"og:type\" content=\"article\" \/>\n<meta property=\"og:title\" content=\"\u201cLujo todo el tiempo\u201d: Flor de Cuba muestra el Trump Doral - Cuballama Noticias\" \/>\n<meta property=\"og:description\" content=\"Flor de Cuba muestra su estad\u00eda en el Trump Doral Miami: suite con vista al lago, spa de alto nivel y costos de 10 noches.\" \/>\n<meta property=\"og:url\" content=\"https:\/\/www.cuballama.com\/noticias\/lujo-todo-el-tiempo-flor-de-cuba-muestra-el-trump-doral\/\" \/>\n<meta property=\"og:site_name\" content=\"Cuballama Noticias\" \/>\n<meta property=\"article:publisher\" content=\"https:\/\/www.facebook.com\/CubaLlama\" \/>\n<meta property=\"article:published_time\" content=\"2025-11-28T12:15:00+00:00\" \/>\n<meta property=\"og:image\" content=\"https:\/\/cdn1.mediawpaccore.net\/wp-content\/uploads\/2025\/11\/28021356\/Diseno-sin-titulo-6-1024x589.png\" \/>\n\t<meta property=\"og:image:width\" content=\"1024\" \/>\n\t<meta property=\"og:image:height\" content=\"589\" \/>\n\t<meta property=\"og:image:type\" content=\"image\/png\" \/>\n<meta name=\"author\" content=\"Sof\u00eda Reyes\" \/>\n<meta name=\"twitter:card\" content=\"summary_large_image\" \/>\n<meta name=\"twitter:creator\" content=\"@cuballama\" \/>\n<meta name=\"twitter:site\" content=\"@cuballama\" \/>\n<meta name=\"twitter:label1\" content=\"Escrito por\" \/>\n\t<meta name=\"twitter:data1\" content=\"Sof\u00eda Reyes\" \/>\n\t<meta name=\"twitter:label2\" content=\"Tiempo de lectura\" \/>\n\t<meta name=\"twitter:data2\" content=\"2 minutos\" \/>\n<script type=\"application\/ld+json\" class=\"yoast-schema-graph\">{\"@context\":\"https:\\\/\\\/schema.org\",\"@graph\":[{\"@type\":\"Article\",\"@id\":\"https:\\\/\\\/www.cuballama.com\\\/noticias\\\/lujo-todo-el-tiempo-flor-de-cuba-muestra-el-trump-doral\\\/#article\",\"isPartOf\":{\"@id\":\"https:\\\/\\\/www.cuballama.com\\\/noticias\\\/lujo-todo-el-tiempo-flor-de-cuba-muestra-el-trump-doral\\\/\"},\"author\":{\"name\":\"Sof\u00eda Reyes\",\"@id\":\"https:\\\/\\\/www.cuballama.com\\\/noticias\\\/#\\\/schema\\\/person\\\/5cba2b8cc25a3159e49fe730a94d512e\"},\"headline\":\"\u201cLujo todo el tiempo\u201d: Flor de Cuba muestra el Trump Doral\",\"datePublished\":\"2025-11-28T12:15:00+00:00\",\"mainEntityOfPage\":{\"@id\":\"https:\\\/\\\/www.cuballama.com\\\/noticias\\\/lujo-todo-el-tiempo-flor-de-cuba-muestra-el-trump-doral\\\/\"},\"wordCount\":348,\"commentCount\":0,\"publisher\":{\"@id\":\"https:\\\/\\\/www.cuballama.com\\\/noticias\\\/#organization\"},\"image\":{\"@id\":\"https:\\\/\\\/www.cuballama.com\\\/noticias\\\/lujo-todo-el-tiempo-flor-de-cuba-muestra-el-trump-doral\\\/#primaryimage\"},\"thumbnailUrl\":\"https:\\\/\\\/cdn1.mediawpaccore.net\\\/wp-content\\\/uploads\\\/2025\\\/11\\\/28021356\\\/Diseno-sin-titulo-6.png\",\"keywords\":[\"cubanos\",\"cubanos en Miami\",\"Flor de Cuba\",\"influencer cubana\",\"Trump hotel\"],\"articleSection\":[\"Far\u00e1ndula\"],\"inLanguage\":\"es\",\"potentialAction\":[{\"@type\":\"CommentAction\",\"name\":\"Comment\",\"target\":[\"https:\\\/\\\/www.cuballama.com\\\/noticias\\\/lujo-todo-el-tiempo-flor-de-cuba-muestra-el-trump-doral\\\/#respond\"]}]},{\"@type\":\"WebPage\",\"@id\":\"https:\\\/\\\/www.cuballama.com\\\/noticias\\\/lujo-todo-el-tiempo-flor-de-cuba-muestra-el-trump-doral\\\/\",\"url\":\"https:\\\/\\\/www.cuballama.com\\\/noticias\\\/lujo-todo-el-tiempo-flor-de-cuba-muestra-el-trump-doral\\\/\",\"name\":\"\u201cLujo todo el tiempo\u201d: Flor de Cuba muestra el Trump Doral - Cuballama Noticias\",\"isPartOf\":{\"@id\":\"https:\\\/\\\/www.cuballama.com\\\/noticias\\\/#website\"},\"primaryImageOfPage\":{\"@id\":\"https:\\\/\\\/www.cuballama.com\\\/noticias\\\/lujo-todo-el-tiempo-flor-de-cuba-muestra-el-trump-doral\\\/#primaryimage\"},\"image\":{\"@id\":\"https:\\\/\\\/www.cuballama.com\\\/noticias\\\/lujo-todo-el-tiempo-flor-de-cuba-muestra-el-trump-doral\\\/#primaryimage\"},\"thumbnailUrl\":\"https:\\\/\\\/cdn1.mediawpaccore.net\\\/wp-content\\\/uploads\\\/2025\\\/11\\\/28021356\\\/Diseno-sin-titulo-6.png\",\"datePublished\":\"2025-11-28T12:15:00+00:00\",\"description\":\"Flor de Cuba muestra su estad\u00eda en el Trump Doral Miami: suite con vista al lago, spa de alto nivel y costos de 10 noches.\",\"breadcrumb\":{\"@id\":\"https:\\\/\\\/www.cuballama.com\\\/noticias\\\/lujo-todo-el-tiempo-flor-de-cuba-muestra-el-trump-doral\\\/#breadcrumb\"},\"inLanguage\":\"es\",\"potentialAction\":[{\"@type\":\"ReadAction\",\"target\":[\"https:\\\/\\\/www.cuballama.com\\\/noticias\\\/lujo-todo-el-tiempo-flor-de-cuba-muestra-el-trump-doral\\\/\"]}]},{\"@type\":\"ImageObject\",\"inLanguage\":\"es\",\"@id\":\"https:\\\/\\\/www.cuballama.com\\\/noticias\\\/lujo-todo-el-tiempo-flor-de-cuba-muestra-el-trump-doral\\\/#primaryimage\",\"url\":\"https:\\\/\\\/cdn1.mediawpaccore.net\\\/wp-content\\\/uploads\\\/2025\\\/11\\\/28021356\\\/Diseno-sin-titulo-6.png\",\"contentUrl\":\"https:\\\/\\\/cdn1.mediawpaccore.net\\\/wp-content\\\/uploads\\\/2025\\\/11\\\/28021356\\\/Diseno-sin-titulo-6.png\",\"width\":1949,\"height\":1122,\"caption\":\"Fotos tomadas del perfil de TikTok de Flor de Cuba\"},{\"@type\":\"BreadcrumbList\",\"@id\":\"https:\\\/\\\/www.cuballama.com\\\/noticias\\\/lujo-todo-el-tiempo-flor-de-cuba-muestra-el-trump-doral\\\/#breadcrumb\",\"itemListElement\":[{\"@type\":\"ListItem\",\"position\":1,\"name\":\"Home\",\"item\":\"https:\\\/\\\/www.cuballama.com\\\/noticias\\\/\"},{\"@type\":\"ListItem\",\"position\":2,\"name\":\"\u201cLujo todo el tiempo\u201d: Flor de Cuba muestra el Trump Doral\"}]},{\"@type\":\"WebSite\",\"@id\":\"https:\\\/\\\/www.cuballama.com\\\/noticias\\\/#website\",\"url\":\"https:\\\/\\\/www.cuballama.com\\\/noticias\\\/\",\"name\":\"Cuballama Noticias\",\"description\":\"Medio digital sobre Cuba y el mundo\",\"publisher\":{\"@id\":\"https:\\\/\\\/www.cuballama.com\\\/noticias\\\/#organization\"},\"potentialAction\":[{\"@type\":\"SearchAction\",\"target\":{\"@type\":\"EntryPoint\",\"urlTemplate\":\"https:\\\/\\\/www.cuballama.com\\\/noticias\\\/?s={search_term_string}\"},\"query-input\":{\"@type\":\"PropertyValueSpecification\",\"valueRequired\":true,\"valueName\":\"search_term_string\"}}],\"inLanguage\":\"es\"},{\"@type\":\"Organization\",\"@id\":\"https:\\\/\\\/www.cuballama.com\\\/noticias\\\/#organization\",\"name\":\"Cuballama\",\"url\":\"https:\\\/\\\/www.cuballama.com\\\/noticias\\\/\",\"logo\":{\"@type\":\"ImageObject\",\"inLanguage\":\"es\",\"@id\":\"https:\\\/\\\/www.cuballama.com\\\/noticias\\\/#\\\/schema\\\/logo\\\/image\\\/\",\"url\":\"https:\\\/\\\/cdn1.mediawpaccore.net\\\/wp-content\\\/uploads\\\/2021\\\/12\\\/28171206\\\/cbll-logo-color-sm.png\",\"contentUrl\":\"https:\\\/\\\/cdn1.mediawpaccore.net\\\/wp-content\\\/uploads\\\/2021\\\/12\\\/28171206\\\/cbll-logo-color-sm.png\",\"width\":600,\"height\":133,\"caption\":\"Cuballama\"},\"image\":{\"@id\":\"https:\\\/\\\/www.cuballama.com\\\/noticias\\\/#\\\/schema\\\/logo\\\/image\\\/\"},\"sameAs\":[\"https:\\\/\\\/www.facebook.com\\\/CubaLlama\",\"https:\\\/\\\/x.com\\\/cuballama\",\"https:\\\/\\\/www.instagram.com\\\/stories\\\/cuballama_oficial\\\/\",\"https:\\\/\\\/www.youtube.com\\\/channel\\\/UCKkFE-d_axENGZcrc4as0IA\"]},{\"@type\":\"Person\",\"@id\":\"https:\\\/\\\/www.cuballama.com\\\/noticias\\\/#\\\/schema\\\/person\\\/5cba2b8cc25a3159e49fe730a94d512e\",\"name\":\"Sof\u00eda Reyes\",\"url\":\"https:\\\/\\\/www.cuballama.com\\\/noticias\\\/author\\\/laura\\\/\"}]}<\/script>\n<!-- \/ Yoast SEO plugin. -->","yoast_head_json":{"title":"\u201cLujo todo el tiempo\u201d: Flor de Cuba muestra el Trump Doral - Cuballama Noticias","description":"Flor de Cuba muestra su estad\u00eda en el Trump Doral Miami: suite con vista al lago, spa de alto nivel y costos de 10 noches.","robots":{"index":"index","follow":"follow","max-snippet":"max-snippet:-1","max-image-preview":"max-image-preview:large","max-video-preview":"max-video-preview:-1"},"canonical":"https:\/\/www.cuballama.com\/noticias\/lujo-todo-el-tiempo-flor-de-cuba-muestra-el-trump-doral\/","og_locale":"es_ES","og_type":"article","og_title":"\u201cLujo todo el tiempo\u201d: Flor de Cuba muestra el Trump Doral - Cuballama Noticias","og_description":"Flor de Cuba muestra su estad\u00eda en el Trump Doral Miami: suite con vista al lago, spa de alto nivel y costos de 10 noches.","og_url":"https:\/\/www.cuballama.com\/noticias\/lujo-todo-el-tiempo-flor-de-cuba-muestra-el-trump-doral\/","og_site_name":"Cuballama Noticias","article_publisher":"https:\/\/www.facebook.com\/CubaLlama","article_published_time":"2025-11-28T12:15:00+00:00","og_image":[{"width":1024,"height":589,"url":"https:\/\/cdn1.mediawpaccore.net\/wp-content\/uploads\/2025\/11\/28021356\/Diseno-sin-titulo-6-1024x589.png","type":"image\/png"}],"author":"Sof\u00eda Reyes","twitter_card":"summary_large_image","twitter_creator":"@cuballama","twitter_site":"@cuballama","twitter_misc":{"Escrito por":"Sof\u00eda Reyes","Tiempo de lectura":"2 minutos"},"schema":{"@context":"https:\/\/schema.org","@graph":[{"@type":"Article","@id":"https:\/\/www.cuballama.com\/noticias\/lujo-todo-el-tiempo-flor-de-cuba-muestra-el-trump-doral\/#article","isPartOf":{"@id":"https:\/\/www.cuballama.com\/noticias\/lujo-todo-el-tiempo-flor-de-cuba-muestra-el-trump-doral\/"},"author":{"name":"Sof\u00eda Reyes","@id":"https:\/\/www.cuballama.com\/noticias\/#\/schema\/person\/5cba2b8cc25a3159e49fe730a94d512e"},"headline":"\u201cLujo todo el tiempo\u201d: Flor de Cuba muestra el Trump Doral","datePublished":"2025-11-28T12:15:00+00:00","mainEntityOfPage":{"@id":"https:\/\/www.cuballama.com\/noticias\/lujo-todo-el-tiempo-flor-de-cuba-muestra-el-trump-doral\/"},"wordCount":348,"commentCount":0,"publisher":{"@id":"https:\/\/www.cuballama.com\/noticias\/#organization"},"image":{"@id":"https:\/\/www.cuballama.com\/noticias\/lujo-todo-el-tiempo-flor-de-cuba-muestra-el-trump-doral\/#primaryimage"},"thumbnailUrl":"https:\/\/cdn1.mediawpaccore.net\/wp-content\/uploads\/2025\/11\/28021356\/Diseno-sin-titulo-6.png","keywords":["cubanos","cubanos en Miami","Flor de Cuba","influencer cubana","Trump hotel"],"articleSection":["Far\u00e1ndula"],"inLanguage":"es","potentialAction":[{"@type":"CommentAction","name":"Comment","target":["https:\/\/www.cuballama.com\/noticias\/lujo-todo-el-tiempo-flor-de-cuba-muestra-el-trump-doral\/#respond"]}]},{"@type":"WebPage","@id":"https:\/\/www.cuballama.com\/noticias\/lujo-todo-el-tiempo-flor-de-cuba-muestra-el-trump-doral\/","url":"https:\/\/www.cuballama.com\/noticias\/lujo-todo-el-tiempo-flor-de-cuba-muestra-el-trump-doral\/","name":"\u201cLujo todo el tiempo\u201d: Flor de Cuba muestra el Trump Doral - Cuballama Noticias","isPartOf":{"@id":"https:\/\/www.cuballama.com\/noticias\/#website"},"primaryImageOfPage":{"@id":"https:\/\/www.cuballama.com\/noticias\/lujo-todo-el-tiempo-flor-de-cuba-muestra-el-trump-doral\/#primaryimage"},"image":{"@id":"https:\/\/www.cuballama.com\/noticias\/lujo-todo-el-tiempo-flor-de-cuba-muestra-el-trump-doral\/#primaryimage"},"thumbnailUrl":"https:\/\/cdn1.mediawpaccore.net\/wp-content\/uploads\/2025\/11\/28021356\/Diseno-sin-titulo-6.png","datePublished":"2025-11-28T12:15:00+00:00","description":"Flor de Cuba muestra su estad\u00eda en el Trump Doral Miami: suite con vista al lago, spa de alto nivel y costos de 10 noches.","breadcrumb":{"@id":"https:\/\/www.cuballama.com\/noticias\/lujo-todo-el-tiempo-flor-de-cuba-muestra-el-trump-doral\/#breadcrumb"},"inLanguage":"es","potentialAction":[{"@type":"ReadAction","target":["https:\/\/www.cuballama.com\/noticias\/lujo-todo-el-tiempo-flor-de-cuba-muestra-el-trump-doral\/"]}]},{"@type":"ImageObject","inLanguage":"es","@id":"https:\/\/www.cuballama.com\/noticias\/lujo-todo-el-tiempo-flor-de-cuba-muestra-el-trump-doral\/#primaryimage","url":"https:\/\/cdn1.mediawpaccore.net\/wp-content\/uploads\/2025\/11\/28021356\/Diseno-sin-titulo-6.png","contentUrl":"https:\/\/cdn1.mediawpaccore.net\/wp-content\/uploads\/2025\/11\/28021356\/Diseno-sin-titulo-6.png","width":1949,"height":1122,"caption":"Fotos tomadas del perfil de TikTok de Flor de Cuba"},{"@type":"BreadcrumbList","@id":"https:\/\/www.cuballama.com\/noticias\/lujo-todo-el-tiempo-flor-de-cuba-muestra-el-trump-doral\/#breadcrumb","itemListElement":[{"@type":"ListItem","position":1,"name":"Home","item":"https:\/\/www.cuballama.com\/noticias\/"},{"@type":"ListItem","position":2,"name":"\u201cLujo todo el tiempo\u201d: Flor de Cuba muestra el Trump Doral"}]},{"@type":"WebSite","@id":"https:\/\/www.cuballama.com\/noticias\/#website","url":"https:\/\/www.cuballama.com\/noticias\/","name":"Cuballama Noticias","description":"Medio digital sobre Cuba y el mundo","publisher":{"@id":"https:\/\/www.cuballama.com\/noticias\/#organization"},"potentialAction":[{"@type":"SearchAction","target":{"@type":"EntryPoint","urlTemplate":"https:\/\/www.cuballama.com\/noticias\/?s={search_term_string}"},"query-input":{"@type":"PropertyValueSpecification","valueRequired":true,"valueName":"search_term_string"}}],"inLanguage":"es"},{"@type":"Organization","@id":"https:\/\/www.cuballama.com\/noticias\/#organization","name":"Cuballama","url":"https:\/\/www.cuballama.com\/noticias\/","logo":{"@type":"ImageObject","inLanguage":"es","@id":"https:\/\/www.cuballama.com\/noticias\/#\/schema\/logo\/image\/","url":"https:\/\/cdn1.mediawpaccore.net\/wp-content\/uploads\/2021\/12\/28171206\/cbll-logo-color-sm.png","contentUrl":"https:\/\/cdn1.mediawpaccore.net\/wp-content\/uploads\/2021\/12\/28171206\/cbll-logo-color-sm.png","width":600,"height":133,"caption":"Cuballama"},"image":{"@id":"https:\/\/www.cuballama.com\/noticias\/#\/schema\/logo\/image\/"},"sameAs":["https:\/\/www.facebook.com\/CubaLlama","https:\/\/x.com\/cuballama","https:\/\/www.instagram.com\/stories\/cuballama_oficial\/","https:\/\/www.youtube.com\/channel\/UCKkFE-d_axENGZcrc4as0IA"]},{"@type":"Person","@id":"https:\/\/www.cuballama.com\/noticias\/#\/schema\/person\/5cba2b8cc25a3159e49fe730a94d512e","name":"Sof\u00eda Reyes","url":"https:\/\/www.cuballama.com\/noticias\/author\/laura\/"}]}},"_links":{"self":[{"href":"https:\/\/www.cuballama.com\/noticias\/wp-json\/wp\/v2\/posts\/227192","targetHints":{"allow":["GET"]}}],"collection":[{"href":"https:\/\/www.cuballama.com\/noticias\/wp-json\/wp\/v2\/posts"}],"about":[{"href":"https:\/\/www.cuballama.com\/noticias\/wp-json\/wp\/v2\/types\/post"}],"author":[{"embeddable":true,"href":"https:\/\/www.cuballama.com\/noticias\/wp-json\/wp\/v2\/users\/29"}],"replies":[{"embeddable":true,"href":"https:\/\/www.cuballama.com\/noticias\/wp-json\/wp\/v2\/comments?post=227192"}],"version-history":[{"count":2,"href":"https:\/\/www.cuballama.com\/noticias\/wp-json\/wp\/v2\/posts\/227192\/revisions"}],"predecessor-version":[{"id":227201,"href":"https:\/\/www.cuballama.com\/noticias\/wp-json\/wp\/v2\/posts\/227192\/revisions\/227201"}],"wp:featuredmedia":[{"embeddable":true,"href":"https:\/\/www.cuballama.com\/noticias\/wp-json\/wp\/v2\/media\/227200"}],"wp:attachment":[{"href":"https:\/\/www.cuballama.com\/noticias\/wp-json\/wp\/v2\/media?parent=227192"}],"wp:term":[{"taxonomy":"category","embeddable":true,"href":"https:\/\/www.cuballama.com\/noticias\/wp-json\/wp\/v2\/categories?post=227192"},{"taxonomy":"post_tag","embeddable":true,"href":"https:\/\/www.cuballama.com\/noticias\/wp-json\/wp\/v2\/tags?post=227192"}],"curies":[{"name":"wp","href":"https:\/\/api.w.org\/{rel}","templated":true}]}}