{"id":227151,"date":"2025-11-27T10:02:25","date_gmt":"2025-11-27T15:02:25","guid":{"rendered":"https:\/\/www.cuballama.com\/noticias\/?p=227151"},"modified":"2025-11-27T10:02:27","modified_gmt":"2025-11-27T15:02:27","slug":"victor-molina-se-queda-loco-con-la-nueva-casa-de-cuqui-la-mora","status":"publish","type":"post","link":"https:\/\/www.cuballama.com\/noticias\/victor-molina-se-queda-loco-con-la-nueva-casa-de-cuqui-la-mora\/","title":{"rendered":"V\u00edctor Molina se queda loco con la nueva casa de Cuqui La Mora"},"content":{"rendered":"\n<p>La humorista cubana Cuqui la Mora volvi\u00f3 a sacudir las redes sociales al compartir el recorrido exclusivo que hizo por su nueva casa en Florida. La propiedad, adquirida en octubre de 2025, es ya la tercera vivienda que suma en Estados Unidos, y su colega V\u00edctor Molina qued\u00f3 completamente descolocado al verla en persona.<\/p>\n\n\n\n<p>El video arranca con Cuqui anticipando lo que ser\u00eda la reacci\u00f3n de su invitado: \u201cAqu\u00ed est\u00e1 V\u00edctor, a ver cu\u00e1l ser\u00e1 su reacci\u00f3n\u201d. Y vaya si reaccion\u00f3. Apenas cruz\u00f3 el umbral, el querid\u00edsimo \u201cgordo de Pateando La Lata\u201d se qued\u00f3 boquiabierto, tratando de procesar lo que ten\u00eda delante. \u201cPero qu\u00e9 grande est\u00e1 esto, t\u00fa s\u00ed que tienes suerte con las casas\u2026 Esto es el doble de lo que se ve en tus videos\u201d, solt\u00f3 sorprendido mientras avanzaba por la sala.<\/p>\n\n\n\n<p>Su asombro creci\u00f3 a medida que exploraba la vivienda, un espacio donde la artista ha apostado por un estilo n\u00e1utico marcado por el azul, el blanco y decoraciones que mezclan antig\u00fcedades con giros m\u00e1s modernos.<\/p>\n\n\n\n<figure class=\"wp-block-embed is-type-video is-provider-tiktok wp-block-embed-tiktok\"><div class=\"wp-block-embed__wrapper\">\n<blockquote class=\"tiktok-embed\" cite=\"https:\/\/www.tiktok.com\/@cuquilamoracomediante\/video\/7576431174688509215\" data-video-id=\"7576431174688509215\" data-embed-from=\"oembed\" style=\"max-width:605px; min-width:325px;\"> <section> <a target=\"_blank\" title=\"@cuquilamoracomediante\" href=\"https:\/\/www.tiktok.com\/@cuquilamoracomediante?refer=embed\">@cuquilamoracomediante<\/a> <p>Ya casi acabamos solo faltan las ventanas y puertas de impacto que me la cambiar\u00e1n mis amigos de @Door and Door @molina <\/p> <a target=\"_blank\" title=\"\u266c sonido original - Cuqui la Mora\" href=\"https:\/\/www.tiktok.com\/music\/sonido-original-7576431159618341663?refer=embed\">\u266c sonido original &#8211; Cuqui la Mora<\/a> <\/section> <\/blockquote> <script async src=\"https:\/\/www.tiktok.com\/embed.js\"><\/script>\n<\/div><\/figure>\n\n\n\n<p>La propiedad, ubicada en la ciudad de Hollywood, tiene un plus que hace que cualquiera pierda la compostura: un muelle privado sobre un canal navegable. Desde all\u00ed, se puede salir en kayak, montar en peque\u00f1as embarcaciones o, simplemente, disfrutar el paso del agua. Ese detalle, sumado a una peque\u00f1a piscina y espacios amplios y luminosos, convirti\u00f3 la reacci\u00f3n de Molina en la de muchos espectadores: incredulidad absoluta.<\/p>\n\n\n\n<p><strong>Lea m\u00e1s: <a href=\"https:\/\/www.cuballama.com\/noticias\/cuqui-la-mora-se-compra-su-tercera-casa-en-florida-con-piscina-y-muelle-propio-aqui-el-sacrificio-y-el-esfuerzo-te-impulsan-a-crecer\/\" target=\"_blank\" rel=\"noreferrer noopener\">Cuqui La Mora se compra su tercera casa en Florida, con piscina y muelle propio: \u201cAqu\u00ed el sacrificio y el esfuerzo te impulsan a crecer\u201d<\/a><\/strong><\/p>\n\n\n\n<p>Durante el recorrido, el humorista insisti\u00f3 en que la casa \u201cse ve mucho m\u00e1s amplia que en los videos\u201d, y remarc\u00f3 lo bien lograda que est\u00e1 la mezcla entre comodidad, elegancia y ese toque personal que caracteriza a Cuqui. Al menos dos dormitorios, una cocina abierta y ambientes dise\u00f1ados para el disfrute cotidiano dieron cuerpo a su impresi\u00f3n general: aquello no era simplemente una compra, sino una declaraci\u00f3n de gusto y estabilidad.<\/p>\n\n\n\n<figure class=\"wp-block-embed is-type-video is-provider-tiktok wp-block-embed-tiktok\"><div class=\"wp-block-embed__wrapper\">\n<blockquote class=\"tiktok-embed\" cite=\"https:\/\/www.tiktok.com\/@cuquilamoracomediante\/video\/7575718925854362911\" data-video-id=\"7575718925854362911\" data-embed-from=\"oembed\" style=\"max-width:605px; min-width:325px;\"> <section> <a target=\"_blank\" title=\"@cuquilamoracomediante\" href=\"https:\/\/www.tiktok.com\/@cuquilamoracomediante?refer=embed\">@cuquilamoracomediante<\/a> <p>Desayuno americano <a title=\"cuquilamora\" target=\"_blank\" href=\"https:\/\/www.tiktok.com\/tag\/cuquilamora?refer=embed\">#cuquilamora<\/a> @molina <a title=\"paratiiiiiiiiiiiiiiiiiiiiiiiiiiiiiii\" target=\"_blank\" href=\"https:\/\/www.tiktok.com\/tag\/paratiiiiiiiiiiiiiiiiiiiiiiiiiiiiiii?refer=embed\">#paratiiiiiiiiiiiiiiiiiiiiiiiiiiiiiii<\/a> <\/p> <a target=\"_blank\" title=\"\u266c sonido original - Cuqui la Mora\" href=\"https:\/\/www.tiktok.com\/music\/sonido-original-7575718939922680606?refer=embed\">\u266c sonido original &#8211; Cuqui la Mora<\/a> <\/section> <\/blockquote> <script async src=\"https:\/\/www.tiktok.com\/embed.js\"><\/script>\n<\/div><\/figure>\n\n\n\n<p>La visita tambi\u00e9n abri\u00f3 espacio a la curiosidad colectiva. Cuqui no ha dicho si pretende mudarse definitivamente, si la convertir\u00e1 en un refugio vacacional o si su objetivo es usarla como inversi\u00f3n para alquiler. Esa duda dej\u00f3 a muchos seguidores especulando, sobre todo teniendo en cuenta que esta es su tercera vivienda en Miami, un movimiento que habla de estrategia tanto como de crecimiento profesional.<\/p>\n\n\n\n<p>Lo que s\u00ed qued\u00f3 claro es que la reacci\u00f3n de V\u00edctor Molina logr\u00f3 captar aquello que a veces se pierde por la c\u00e1mara: la emoci\u00f3n genuina de ver un sue\u00f1o materializado. Y tambi\u00e9n record\u00f3 la conexi\u00f3n especial que existe entre los humoristas cubanos de la di\u00e1spora, quienes celebran los logros de unos y otros como si fueran propios.<\/p>\n","protected":false},"excerpt":{"rendered":"<p>\u201cPero qu\u00e9 grande est\u00e1 esto, t\u00fa s\u00ed que tienes suerte con las casas\u2026 Esto es el doble de lo que se ve en tus videos\u201d<\/p>\n","protected":false},"author":27,"featured_media":227155,"comment_status":"open","ping_status":"closed","sticky":false,"template":"","format":"standard","meta":{"_acf_changed":false,"footnotes":""},"categories":[443],"tags":[9881,11969,8187,19532],"class_list":{"0":"post-227151","1":"post","2":"type-post","3":"status-publish","4":"format-standard","5":"has-post-thumbnail","7":"category-farandula","8":"tag-bienes-raices","9":"tag-cuqui-la-mora","10":"tag-humoristas-cubanos","11":"tag-victor-molina"},"acf":[],"yoast_head":"<!-- This site is optimized with the Yoast SEO plugin v27.5 - https:\/\/yoast.com\/product\/yoast-seo-wordpress\/ -->\n<title>V\u00edctor Molina se queda loco con la nueva casa de Cuqui La Mora - Cuballama Noticias<\/title>\n<meta name=\"description\" content=\"Cuqui la Mora volvi\u00f3 a sacudir las redes sociales al compartir el recorrido exclusivo que hizo por su nueva casa en Florida\" \/>\n<meta name=\"robots\" content=\"index, follow, max-snippet:-1, max-image-preview:large, max-video-preview:-1\" \/>\n<link rel=\"canonical\" href=\"https:\/\/www.cuballama.com\/noticias\/victor-molina-se-queda-loco-con-la-nueva-casa-de-cuqui-la-mora\/\" \/>\n<meta property=\"og:locale\" content=\"es_ES\" \/>\n<meta property=\"og:type\" content=\"article\" \/>\n<meta property=\"og:title\" content=\"V\u00edctor Molina se queda loco con la nueva casa de Cuqui La Mora - Cuballama Noticias\" \/>\n<meta property=\"og:description\" content=\"Cuqui la Mora volvi\u00f3 a sacudir las redes sociales al compartir el recorrido exclusivo que hizo por su nueva casa en Florida\" \/>\n<meta property=\"og:url\" content=\"https:\/\/www.cuballama.com\/noticias\/victor-molina-se-queda-loco-con-la-nueva-casa-de-cuqui-la-mora\/\" \/>\n<meta property=\"og:site_name\" content=\"Cuballama Noticias\" \/>\n<meta property=\"article:publisher\" content=\"https:\/\/www.facebook.com\/CubaLlama\" \/>\n<meta property=\"article:published_time\" content=\"2025-11-27T15:02:25+00:00\" \/>\n<meta property=\"article:modified_time\" content=\"2025-11-27T15:02:27+00:00\" \/>\n<meta property=\"og:image\" content=\"https:\/\/cdn1.mediawpaccore.net\/wp-content\/uploads\/2025\/11\/27095311\/WhatsApp-Image-2025-11-27-at-15.52.48.jpeg\" \/>\n\t<meta property=\"og:image:width\" content=\"1878\" \/>\n\t<meta property=\"og:image:height\" content=\"1349\" \/>\n\t<meta property=\"og:image:type\" content=\"image\/jpeg\" \/>\n<meta name=\"author\" content=\"Rafa\" \/>\n<meta name=\"twitter:card\" content=\"summary_large_image\" \/>\n<meta name=\"twitter:creator\" content=\"@cuballama\" \/>\n<meta name=\"twitter:site\" content=\"@cuballama\" \/>\n<meta name=\"twitter:label1\" content=\"Escrito por\" \/>\n\t<meta name=\"twitter:data1\" content=\"Rafa\" \/>\n\t<meta name=\"twitter:label2\" content=\"Tiempo de lectura\" \/>\n\t<meta name=\"twitter:data2\" content=\"3 minutos\" \/>\n<script type=\"application\/ld+json\" class=\"yoast-schema-graph\">{\"@context\":\"https:\\\/\\\/schema.org\",\"@graph\":[{\"@type\":\"Article\",\"@id\":\"https:\\\/\\\/www.cuballama.com\\\/noticias\\\/victor-molina-se-queda-loco-con-la-nueva-casa-de-cuqui-la-mora\\\/#article\",\"isPartOf\":{\"@id\":\"https:\\\/\\\/www.cuballama.com\\\/noticias\\\/victor-molina-se-queda-loco-con-la-nueva-casa-de-cuqui-la-mora\\\/\"},\"author\":{\"name\":\"Rafa\",\"@id\":\"https:\\\/\\\/www.cuballama.com\\\/noticias\\\/#\\\/schema\\\/person\\\/0f97914526a658755f00e59ec2a832f2\"},\"headline\":\"V\u00edctor Molina se queda loco con la nueva casa de Cuqui La Mora\",\"datePublished\":\"2025-11-27T15:02:25+00:00\",\"dateModified\":\"2025-11-27T15:02:27+00:00\",\"mainEntityOfPage\":{\"@id\":\"https:\\\/\\\/www.cuballama.com\\\/noticias\\\/victor-molina-se-queda-loco-con-la-nueva-casa-de-cuqui-la-mora\\\/\"},\"wordCount\":512,\"commentCount\":0,\"publisher\":{\"@id\":\"https:\\\/\\\/www.cuballama.com\\\/noticias\\\/#organization\"},\"image\":{\"@id\":\"https:\\\/\\\/www.cuballama.com\\\/noticias\\\/victor-molina-se-queda-loco-con-la-nueva-casa-de-cuqui-la-mora\\\/#primaryimage\"},\"thumbnailUrl\":\"https:\\\/\\\/cdn1.mediawpaccore.net\\\/wp-content\\\/uploads\\\/2025\\\/11\\\/27095311\\\/WhatsApp-Image-2025-11-27-at-15.52.48.jpeg\",\"keywords\":[\"Bienes ra\u00edces\",\"Cuqui La Mora\",\"Humoristas cubanos\",\"V\u00edctor Molina\"],\"articleSection\":[\"Far\u00e1ndula\"],\"inLanguage\":\"es\",\"potentialAction\":[{\"@type\":\"CommentAction\",\"name\":\"Comment\",\"target\":[\"https:\\\/\\\/www.cuballama.com\\\/noticias\\\/victor-molina-se-queda-loco-con-la-nueva-casa-de-cuqui-la-mora\\\/#respond\"]}]},{\"@type\":\"WebPage\",\"@id\":\"https:\\\/\\\/www.cuballama.com\\\/noticias\\\/victor-molina-se-queda-loco-con-la-nueva-casa-de-cuqui-la-mora\\\/\",\"url\":\"https:\\\/\\\/www.cuballama.com\\\/noticias\\\/victor-molina-se-queda-loco-con-la-nueva-casa-de-cuqui-la-mora\\\/\",\"name\":\"V\u00edctor Molina se queda loco con la nueva casa de Cuqui La Mora - Cuballama Noticias\",\"isPartOf\":{\"@id\":\"https:\\\/\\\/www.cuballama.com\\\/noticias\\\/#website\"},\"primaryImageOfPage\":{\"@id\":\"https:\\\/\\\/www.cuballama.com\\\/noticias\\\/victor-molina-se-queda-loco-con-la-nueva-casa-de-cuqui-la-mora\\\/#primaryimage\"},\"image\":{\"@id\":\"https:\\\/\\\/www.cuballama.com\\\/noticias\\\/victor-molina-se-queda-loco-con-la-nueva-casa-de-cuqui-la-mora\\\/#primaryimage\"},\"thumbnailUrl\":\"https:\\\/\\\/cdn1.mediawpaccore.net\\\/wp-content\\\/uploads\\\/2025\\\/11\\\/27095311\\\/WhatsApp-Image-2025-11-27-at-15.52.48.jpeg\",\"datePublished\":\"2025-11-27T15:02:25+00:00\",\"dateModified\":\"2025-11-27T15:02:27+00:00\",\"description\":\"Cuqui la Mora volvi\u00f3 a sacudir las redes sociales al compartir el recorrido exclusivo que hizo por su nueva casa en Florida\",\"breadcrumb\":{\"@id\":\"https:\\\/\\\/www.cuballama.com\\\/noticias\\\/victor-molina-se-queda-loco-con-la-nueva-casa-de-cuqui-la-mora\\\/#breadcrumb\"},\"inLanguage\":\"es\",\"potentialAction\":[{\"@type\":\"ReadAction\",\"target\":[\"https:\\\/\\\/www.cuballama.com\\\/noticias\\\/victor-molina-se-queda-loco-con-la-nueva-casa-de-cuqui-la-mora\\\/\"]}]},{\"@type\":\"ImageObject\",\"inLanguage\":\"es\",\"@id\":\"https:\\\/\\\/www.cuballama.com\\\/noticias\\\/victor-molina-se-queda-loco-con-la-nueva-casa-de-cuqui-la-mora\\\/#primaryimage\",\"url\":\"https:\\\/\\\/cdn1.mediawpaccore.net\\\/wp-content\\\/uploads\\\/2025\\\/11\\\/27095311\\\/WhatsApp-Image-2025-11-27-at-15.52.48.jpeg\",\"contentUrl\":\"https:\\\/\\\/cdn1.mediawpaccore.net\\\/wp-content\\\/uploads\\\/2025\\\/11\\\/27095311\\\/WhatsApp-Image-2025-11-27-at-15.52.48.jpeg\",\"width\":1878,\"height\":1349,\"caption\":\"Foto: Cuqui La Mora \\\/ TikTok\"},{\"@type\":\"BreadcrumbList\",\"@id\":\"https:\\\/\\\/www.cuballama.com\\\/noticias\\\/victor-molina-se-queda-loco-con-la-nueva-casa-de-cuqui-la-mora\\\/#breadcrumb\",\"itemListElement\":[{\"@type\":\"ListItem\",\"position\":1,\"name\":\"Home\",\"item\":\"https:\\\/\\\/www.cuballama.com\\\/noticias\\\/\"},{\"@type\":\"ListItem\",\"position\":2,\"name\":\"V\u00edctor Molina se queda loco con la nueva casa de Cuqui La Mora\"}]},{\"@type\":\"WebSite\",\"@id\":\"https:\\\/\\\/www.cuballama.com\\\/noticias\\\/#website\",\"url\":\"https:\\\/\\\/www.cuballama.com\\\/noticias\\\/\",\"name\":\"Cuballama Noticias\",\"description\":\"Medio digital sobre Cuba y el mundo\",\"publisher\":{\"@id\":\"https:\\\/\\\/www.cuballama.com\\\/noticias\\\/#organization\"},\"potentialAction\":[{\"@type\":\"SearchAction\",\"target\":{\"@type\":\"EntryPoint\",\"urlTemplate\":\"https:\\\/\\\/www.cuballama.com\\\/noticias\\\/?s={search_term_string}\"},\"query-input\":{\"@type\":\"PropertyValueSpecification\",\"valueRequired\":true,\"valueName\":\"search_term_string\"}}],\"inLanguage\":\"es\"},{\"@type\":\"Organization\",\"@id\":\"https:\\\/\\\/www.cuballama.com\\\/noticias\\\/#organization\",\"name\":\"Cuballama\",\"url\":\"https:\\\/\\\/www.cuballama.com\\\/noticias\\\/\",\"logo\":{\"@type\":\"ImageObject\",\"inLanguage\":\"es\",\"@id\":\"https:\\\/\\\/www.cuballama.com\\\/noticias\\\/#\\\/schema\\\/logo\\\/image\\\/\",\"url\":\"https:\\\/\\\/cdn1.mediawpaccore.net\\\/wp-content\\\/uploads\\\/2021\\\/12\\\/28171206\\\/cbll-logo-color-sm.png\",\"contentUrl\":\"https:\\\/\\\/cdn1.mediawpaccore.net\\\/wp-content\\\/uploads\\\/2021\\\/12\\\/28171206\\\/cbll-logo-color-sm.png\",\"width\":600,\"height\":133,\"caption\":\"Cuballama\"},\"image\":{\"@id\":\"https:\\\/\\\/www.cuballama.com\\\/noticias\\\/#\\\/schema\\\/logo\\\/image\\\/\"},\"sameAs\":[\"https:\\\/\\\/www.facebook.com\\\/CubaLlama\",\"https:\\\/\\\/x.com\\\/cuballama\",\"https:\\\/\\\/www.instagram.com\\\/stories\\\/cuballama_oficial\\\/\",\"https:\\\/\\\/www.youtube.com\\\/channel\\\/UCKkFE-d_axENGZcrc4as0IA\"]},{\"@type\":\"Person\",\"@id\":\"https:\\\/\\\/www.cuballama.com\\\/noticias\\\/#\\\/schema\\\/person\\\/0f97914526a658755f00e59ec2a832f2\",\"name\":\"Rafa\",\"url\":\"https:\\\/\\\/www.cuballama.com\\\/noticias\\\/author\\\/rafa\\\/\"}]}<\/script>\n<!-- \/ Yoast SEO plugin. -->","yoast_head_json":{"title":"V\u00edctor Molina se queda loco con la nueva casa de Cuqui La Mora - Cuballama Noticias","description":"Cuqui la Mora volvi\u00f3 a sacudir las redes sociales al compartir el recorrido exclusivo que hizo por su nueva casa en Florida","robots":{"index":"index","follow":"follow","max-snippet":"max-snippet:-1","max-image-preview":"max-image-preview:large","max-video-preview":"max-video-preview:-1"},"canonical":"https:\/\/www.cuballama.com\/noticias\/victor-molina-se-queda-loco-con-la-nueva-casa-de-cuqui-la-mora\/","og_locale":"es_ES","og_type":"article","og_title":"V\u00edctor Molina se queda loco con la nueva casa de Cuqui La Mora - Cuballama Noticias","og_description":"Cuqui la Mora volvi\u00f3 a sacudir las redes sociales al compartir el recorrido exclusivo que hizo por su nueva casa en Florida","og_url":"https:\/\/www.cuballama.com\/noticias\/victor-molina-se-queda-loco-con-la-nueva-casa-de-cuqui-la-mora\/","og_site_name":"Cuballama Noticias","article_publisher":"https:\/\/www.facebook.com\/CubaLlama","article_published_time":"2025-11-27T15:02:25+00:00","article_modified_time":"2025-11-27T15:02:27+00:00","og_image":[{"width":1878,"height":1349,"url":"https:\/\/cdn1.mediawpaccore.net\/wp-content\/uploads\/2025\/11\/27095311\/WhatsApp-Image-2025-11-27-at-15.52.48.jpeg","type":"image\/jpeg"}],"author":"Rafa","twitter_card":"summary_large_image","twitter_creator":"@cuballama","twitter_site":"@cuballama","twitter_misc":{"Escrito por":"Rafa","Tiempo de lectura":"3 minutos"},"schema":{"@context":"https:\/\/schema.org","@graph":[{"@type":"Article","@id":"https:\/\/www.cuballama.com\/noticias\/victor-molina-se-queda-loco-con-la-nueva-casa-de-cuqui-la-mora\/#article","isPartOf":{"@id":"https:\/\/www.cuballama.com\/noticias\/victor-molina-se-queda-loco-con-la-nueva-casa-de-cuqui-la-mora\/"},"author":{"name":"Rafa","@id":"https:\/\/www.cuballama.com\/noticias\/#\/schema\/person\/0f97914526a658755f00e59ec2a832f2"},"headline":"V\u00edctor Molina se queda loco con la nueva casa de Cuqui La Mora","datePublished":"2025-11-27T15:02:25+00:00","dateModified":"2025-11-27T15:02:27+00:00","mainEntityOfPage":{"@id":"https:\/\/www.cuballama.com\/noticias\/victor-molina-se-queda-loco-con-la-nueva-casa-de-cuqui-la-mora\/"},"wordCount":512,"commentCount":0,"publisher":{"@id":"https:\/\/www.cuballama.com\/noticias\/#organization"},"image":{"@id":"https:\/\/www.cuballama.com\/noticias\/victor-molina-se-queda-loco-con-la-nueva-casa-de-cuqui-la-mora\/#primaryimage"},"thumbnailUrl":"https:\/\/cdn1.mediawpaccore.net\/wp-content\/uploads\/2025\/11\/27095311\/WhatsApp-Image-2025-11-27-at-15.52.48.jpeg","keywords":["Bienes ra\u00edces","Cuqui La Mora","Humoristas cubanos","V\u00edctor Molina"],"articleSection":["Far\u00e1ndula"],"inLanguage":"es","potentialAction":[{"@type":"CommentAction","name":"Comment","target":["https:\/\/www.cuballama.com\/noticias\/victor-molina-se-queda-loco-con-la-nueva-casa-de-cuqui-la-mora\/#respond"]}]},{"@type":"WebPage","@id":"https:\/\/www.cuballama.com\/noticias\/victor-molina-se-queda-loco-con-la-nueva-casa-de-cuqui-la-mora\/","url":"https:\/\/www.cuballama.com\/noticias\/victor-molina-se-queda-loco-con-la-nueva-casa-de-cuqui-la-mora\/","name":"V\u00edctor Molina se queda loco con la nueva casa de Cuqui La Mora - Cuballama Noticias","isPartOf":{"@id":"https:\/\/www.cuballama.com\/noticias\/#website"},"primaryImageOfPage":{"@id":"https:\/\/www.cuballama.com\/noticias\/victor-molina-se-queda-loco-con-la-nueva-casa-de-cuqui-la-mora\/#primaryimage"},"image":{"@id":"https:\/\/www.cuballama.com\/noticias\/victor-molina-se-queda-loco-con-la-nueva-casa-de-cuqui-la-mora\/#primaryimage"},"thumbnailUrl":"https:\/\/cdn1.mediawpaccore.net\/wp-content\/uploads\/2025\/11\/27095311\/WhatsApp-Image-2025-11-27-at-15.52.48.jpeg","datePublished":"2025-11-27T15:02:25+00:00","dateModified":"2025-11-27T15:02:27+00:00","description":"Cuqui la Mora volvi\u00f3 a sacudir las redes sociales al compartir el recorrido exclusivo que hizo por su nueva casa en Florida","breadcrumb":{"@id":"https:\/\/www.cuballama.com\/noticias\/victor-molina-se-queda-loco-con-la-nueva-casa-de-cuqui-la-mora\/#breadcrumb"},"inLanguage":"es","potentialAction":[{"@type":"ReadAction","target":["https:\/\/www.cuballama.com\/noticias\/victor-molina-se-queda-loco-con-la-nueva-casa-de-cuqui-la-mora\/"]}]},{"@type":"ImageObject","inLanguage":"es","@id":"https:\/\/www.cuballama.com\/noticias\/victor-molina-se-queda-loco-con-la-nueva-casa-de-cuqui-la-mora\/#primaryimage","url":"https:\/\/cdn1.mediawpaccore.net\/wp-content\/uploads\/2025\/11\/27095311\/WhatsApp-Image-2025-11-27-at-15.52.48.jpeg","contentUrl":"https:\/\/cdn1.mediawpaccore.net\/wp-content\/uploads\/2025\/11\/27095311\/WhatsApp-Image-2025-11-27-at-15.52.48.jpeg","width":1878,"height":1349,"caption":"Foto: Cuqui La Mora \/ TikTok"},{"@type":"BreadcrumbList","@id":"https:\/\/www.cuballama.com\/noticias\/victor-molina-se-queda-loco-con-la-nueva-casa-de-cuqui-la-mora\/#breadcrumb","itemListElement":[{"@type":"ListItem","position":1,"name":"Home","item":"https:\/\/www.cuballama.com\/noticias\/"},{"@type":"ListItem","position":2,"name":"V\u00edctor Molina se queda loco con la nueva casa de Cuqui La Mora"}]},{"@type":"WebSite","@id":"https:\/\/www.cuballama.com\/noticias\/#website","url":"https:\/\/www.cuballama.com\/noticias\/","name":"Cuballama Noticias","description":"Medio digital sobre Cuba y el mundo","publisher":{"@id":"https:\/\/www.cuballama.com\/noticias\/#organization"},"potentialAction":[{"@type":"SearchAction","target":{"@type":"EntryPoint","urlTemplate":"https:\/\/www.cuballama.com\/noticias\/?s={search_term_string}"},"query-input":{"@type":"PropertyValueSpecification","valueRequired":true,"valueName":"search_term_string"}}],"inLanguage":"es"},{"@type":"Organization","@id":"https:\/\/www.cuballama.com\/noticias\/#organization","name":"Cuballama","url":"https:\/\/www.cuballama.com\/noticias\/","logo":{"@type":"ImageObject","inLanguage":"es","@id":"https:\/\/www.cuballama.com\/noticias\/#\/schema\/logo\/image\/","url":"https:\/\/cdn1.mediawpaccore.net\/wp-content\/uploads\/2021\/12\/28171206\/cbll-logo-color-sm.png","contentUrl":"https:\/\/cdn1.mediawpaccore.net\/wp-content\/uploads\/2021\/12\/28171206\/cbll-logo-color-sm.png","width":600,"height":133,"caption":"Cuballama"},"image":{"@id":"https:\/\/www.cuballama.com\/noticias\/#\/schema\/logo\/image\/"},"sameAs":["https:\/\/www.facebook.com\/CubaLlama","https:\/\/x.com\/cuballama","https:\/\/www.instagram.com\/stories\/cuballama_oficial\/","https:\/\/www.youtube.com\/channel\/UCKkFE-d_axENGZcrc4as0IA"]},{"@type":"Person","@id":"https:\/\/www.cuballama.com\/noticias\/#\/schema\/person\/0f97914526a658755f00e59ec2a832f2","name":"Rafa","url":"https:\/\/www.cuballama.com\/noticias\/author\/rafa\/"}]}},"_links":{"self":[{"href":"https:\/\/www.cuballama.com\/noticias\/wp-json\/wp\/v2\/posts\/227151","targetHints":{"allow":["GET"]}}],"collection":[{"href":"https:\/\/www.cuballama.com\/noticias\/wp-json\/wp\/v2\/posts"}],"about":[{"href":"https:\/\/www.cuballama.com\/noticias\/wp-json\/wp\/v2\/types\/post"}],"author":[{"embeddable":true,"href":"https:\/\/www.cuballama.com\/noticias\/wp-json\/wp\/v2\/users\/27"}],"replies":[{"embeddable":true,"href":"https:\/\/www.cuballama.com\/noticias\/wp-json\/wp\/v2\/comments?post=227151"}],"version-history":[{"count":1,"href":"https:\/\/www.cuballama.com\/noticias\/wp-json\/wp\/v2\/posts\/227151\/revisions"}],"predecessor-version":[{"id":227156,"href":"https:\/\/www.cuballama.com\/noticias\/wp-json\/wp\/v2\/posts\/227151\/revisions\/227156"}],"wp:featuredmedia":[{"embeddable":true,"href":"https:\/\/www.cuballama.com\/noticias\/wp-json\/wp\/v2\/media\/227155"}],"wp:attachment":[{"href":"https:\/\/www.cuballama.com\/noticias\/wp-json\/wp\/v2\/media?parent=227151"}],"wp:term":[{"taxonomy":"category","embeddable":true,"href":"https:\/\/www.cuballama.com\/noticias\/wp-json\/wp\/v2\/categories?post=227151"},{"taxonomy":"post_tag","embeddable":true,"href":"https:\/\/www.cuballama.com\/noticias\/wp-json\/wp\/v2\/tags?post=227151"}],"curies":[{"name":"wp","href":"https:\/\/api.w.org\/{rel}","templated":true}]}}