{"id":227059,"date":"2025-11-27T11:28:43","date_gmt":"2025-11-27T16:28:43","guid":{"rendered":"https:\/\/www.cuballama.com\/noticias\/?p=227059"},"modified":"2025-11-27T11:35:38","modified_gmt":"2025-11-27T16:35:38","slug":"cubanos-con-i-220a-detenidos-podrian-salir-bajo-fianza-tras-fallo-contra-ice","status":"publish","type":"post","link":"https:\/\/www.cuballama.com\/noticias\/cubanos-con-i-220a-detenidos-podrian-salir-bajo-fianza-tras-fallo-contra-ice\/","title":{"rendered":"Cubanos con I-220A detenidos podr\u00edan salir bajo fianza tras fallo contra ICE"},"content":{"rendered":"\n<p>Cubanos con I-220A podr\u00edan verse beneficiados despu\u00e9s de que una corte federal en California certificara una demanda colectiva contra el Servicio de Inmigraci\u00f3n y Control de Aduanas de Estados Unidos (ICE, por sus siglas en ingl\u00e9s) y el Departamento de Seguridad Nacional (DHS, por sus siglas en ingl\u00e9s) por mantener detenidos, sin derecho a fianza, a inmigrantes que legalmente no deber\u00edan estar bajo detenci\u00f3n obligatoria.<\/p>\n\n\n\n<p>Seg\u00fan determin\u00f3 la jueza del Distrito Central de California, S Sunshine S. Sykes, la pol\u00edtica aplicada desde 2023 viola la Ley de Inmigraci\u00f3n y el derecho al debido proceso al negar audiencias de fianza y prolongar detenciones sin revisi\u00f3n judicial.&nbsp;<\/p>\n\n\n\n<p>\u201cSi bien es posible que las personas tengan diferentes cargos de inadmisibilidad al ser arrestadas, la privaci\u00f3n del derecho a una audiencia de fianza es un perjuicio com\u00fan. Este perjuicio com\u00fan puede resolverse de un solo golpe al determinarse que la nueva pol\u00edtica del DHS viola su derecho al debido proceso\u201d, se lee en la decisi\u00f3n de la jueza Sykes.<\/p>\n\n\n\n<p>Se trata de una decisi\u00f3n que beneficia a miles de migrantes sin estatus legal, incluidos quienes no fueron arrestados inmediatamente tras su entrada y no est\u00e1n sujetos a detenci\u00f3n obligatoria, ser\u00e1n elegibles para fianza, independientemente de si entraron a Estados Unidos con una visa o no, siempre que no sean una amenaza para la sociedad y no tengan deportaciones previas.<\/p>\n\n\n\n<iframe loading=\"lazy\" src=\"https:\/\/www.facebook.com\/plugins\/post.php?href=https%3A%2F%2Fwww.facebook.com%2FMarioJPenton%2Fposts%2Fpfbid02E6FBM38HZPqBtCYQC9tg8tythnc2GyVxEUoQ17srWXWdemxGPwybKXy4fdA7WuKMl&#038;show_text=true&#038;width=500\" width=\"500\" height=\"833\" style=\"border:none;overflow:hidden\" scrolling=\"no\" frameborder=\"0\" allowfullscreen=\"true\" allow=\"autoplay; clipboard-write; encrypted-media; picture-in-picture; web-share\"><\/iframe>\n\n\n\n<p>Si bien esta certificaci\u00f3n no ordena liberaciones, obliga al gobierno a detener la pol\u00e9mica pol\u00edtica, a permitir audiencias individuales y a reportar avances en enero de 2026.<\/p>\n\n\n\n<p>Seg\u00fan resalt\u00f3 este mi\u00e9rcoles el abogado de inmigraci\u00f3n Ismael Labrador, entrevistado por el periodista Mario J. Pent\u00f3n, es una oportunidad para que muchos I-220A que han sido detenidos despu\u00e9s de ser desestimados sus casos puedan salir bajo fianza.<\/p>\n\n\n\n<p>En palabras de Labrador, visto que esta medida deber\u00e1 ser disputada por el gobierno, hay que \u201cmoverse r\u00e1pido\u201d para conseguir una audiencia de fianza \u201clo antes posible\u201d usando los argumentos ofrecidos por Sykes, para que un juez decida si pueden o no pelear sus casos migratorios en libertad.<\/p>\n\n\n\n<p>Lo positivo, de acuerdo con los expertos, es que esta decisi\u00f3n obliga a los jueces a escuchar los argumentos y aprobar o denegar las fianzas en corte.&nbsp;<\/p>\n\n\n\n<p>Hasta la semana pasada, unas 65.000 personas se encontraban detenidas en centros de ICE, seg\u00fan cifras de la agencia.<\/p>\n\n\n\n<p>\u201cA partir del viernes vamos a poder someter aplicaciones para fianzas para esos miles de inmigrantes que han estado aqu\u00ed por a\u00f1os, se han portado bien, tienen familia aqu\u00ed y que no son amenazas para la sociedad\u201d, explic\u00f3 a <em>Univisi\u00f3n <\/em>sobre la medida, que entra en vigor este 28 de noviembre, el abogado de inmigraci\u00f3n de Los \u00c1ngeles, \u00c1lex Galvez.<\/p>\n\n\n\n<p>Hay que recalcar que la decisi\u00f3n de la jueza no garantiza la permanencia de estos inmigrantes en Estados Unidos o la victoria en sus peticiones migratorias, sino el acceso a solicitar dichas audiencias de fianza para pelear sus casos en libertad.<\/p>\n\n\n\n<p><\/p>\n","protected":false},"excerpt":{"rendered":"<p>Si bien la medida no ordena liberaciones, obliga al gobierno a detener la pol\u00e9mica pol\u00edtica y permitir audiencias individuales.<\/p>\n","protected":false},"author":30,"featured_media":227172,"comment_status":"open","ping_status":"closed","sticky":false,"template":"","format":"standard","meta":{"_acf_changed":false,"footnotes":""},"categories":[18,953],"tags":[21239,941,24239,29345,2978],"class_list":{"0":"post-227059","1":"post","2":"type-post","3":"status-publish","4":"format-standard","5":"has-post-thumbnail","7":"category-noticias","8":"category-usa","9":"tag-cubanos-con-i-220a","10":"tag-destacado","11":"tag-detencion-arbitraria","12":"tag-fianza","13":"tag-ice"},"acf":[],"yoast_head":"<!-- This site is optimized with the Yoast SEO plugin v27.5 - https:\/\/yoast.com\/product\/yoast-seo-wordpress\/ -->\n<title>Cubanos con I-220A detenidos podr\u00edan salir bajo fianza tras fallo contra ICE - Cuballama Noticias<\/title>\n<meta name=\"description\" content=\"Cubanos con I-220A podr\u00edan verse beneficiados tras un fallo contra el Servicio de Inmigraci\u00f3n y Control de Aduanas de Estados Unidos.\" \/>\n<meta name=\"robots\" content=\"index, follow, max-snippet:-1, max-image-preview:large, max-video-preview:-1\" \/>\n<link rel=\"canonical\" href=\"https:\/\/www.cuballama.com\/noticias\/cubanos-con-i-220a-detenidos-podrian-salir-bajo-fianza-tras-fallo-contra-ice\/\" \/>\n<meta property=\"og:locale\" content=\"es_ES\" \/>\n<meta property=\"og:type\" content=\"article\" \/>\n<meta property=\"og:title\" content=\"Cubanos con I-220A detenidos podr\u00edan salir bajo fianza tras fallo contra ICE - Cuballama Noticias\" \/>\n<meta property=\"og:description\" content=\"Cubanos con I-220A podr\u00edan verse beneficiados tras un fallo contra el Servicio de Inmigraci\u00f3n y Control de Aduanas de Estados Unidos.\" \/>\n<meta property=\"og:url\" content=\"https:\/\/www.cuballama.com\/noticias\/cubanos-con-i-220a-detenidos-podrian-salir-bajo-fianza-tras-fallo-contra-ice\/\" \/>\n<meta property=\"og:site_name\" content=\"Cuballama Noticias\" \/>\n<meta property=\"article:publisher\" content=\"https:\/\/www.facebook.com\/CubaLlama\" \/>\n<meta property=\"article:published_time\" content=\"2025-11-27T16:28:43+00:00\" \/>\n<meta property=\"article:modified_time\" content=\"2025-11-27T16:35:38+00:00\" \/>\n<meta property=\"og:image\" content=\"https:\/\/cdn1.mediawpaccore.net\/wp-content\/uploads\/2025\/11\/27105756\/G6osmtjWYAAoQxj1.jpg\" \/>\n\t<meta property=\"og:image:width\" content=\"1200\" \/>\n\t<meta property=\"og:image:height\" content=\"630\" \/>\n\t<meta property=\"og:image:type\" content=\"image\/jpeg\" \/>\n<meta name=\"author\" content=\"Kathy\" \/>\n<meta name=\"twitter:card\" content=\"summary_large_image\" \/>\n<meta name=\"twitter:creator\" content=\"@cuballama\" \/>\n<meta name=\"twitter:site\" content=\"@cuballama\" \/>\n<meta name=\"twitter:label1\" content=\"Escrito por\" \/>\n\t<meta name=\"twitter:data1\" content=\"Kathy\" \/>\n\t<meta name=\"twitter:label2\" content=\"Tiempo de lectura\" \/>\n\t<meta name=\"twitter:data2\" content=\"3 minutos\" \/>\n<script type=\"application\/ld+json\" class=\"yoast-schema-graph\">{\"@context\":\"https:\\\/\\\/schema.org\",\"@graph\":[{\"@type\":\"Article\",\"@id\":\"https:\\\/\\\/www.cuballama.com\\\/noticias\\\/cubanos-con-i-220a-detenidos-podrian-salir-bajo-fianza-tras-fallo-contra-ice\\\/#article\",\"isPartOf\":{\"@id\":\"https:\\\/\\\/www.cuballama.com\\\/noticias\\\/cubanos-con-i-220a-detenidos-podrian-salir-bajo-fianza-tras-fallo-contra-ice\\\/\"},\"author\":{\"name\":\"Kathy\",\"@id\":\"https:\\\/\\\/www.cuballama.com\\\/noticias\\\/#\\\/schema\\\/person\\\/86cd3e3f4974437f031211213bf892d5\"},\"headline\":\"Cubanos con I-220A detenidos podr\u00edan salir bajo fianza tras fallo contra ICE\",\"datePublished\":\"2025-11-27T16:28:43+00:00\",\"dateModified\":\"2025-11-27T16:35:38+00:00\",\"mainEntityOfPage\":{\"@id\":\"https:\\\/\\\/www.cuballama.com\\\/noticias\\\/cubanos-con-i-220a-detenidos-podrian-salir-bajo-fianza-tras-fallo-contra-ice\\\/\"},\"wordCount\":534,\"commentCount\":0,\"publisher\":{\"@id\":\"https:\\\/\\\/www.cuballama.com\\\/noticias\\\/#organization\"},\"image\":{\"@id\":\"https:\\\/\\\/www.cuballama.com\\\/noticias\\\/cubanos-con-i-220a-detenidos-podrian-salir-bajo-fianza-tras-fallo-contra-ice\\\/#primaryimage\"},\"thumbnailUrl\":\"https:\\\/\\\/cdn1.mediawpaccore.net\\\/wp-content\\\/uploads\\\/2025\\\/11\\\/27105756\\\/G6osmtjWYAAoQxj1.jpg\",\"keywords\":[\"Cubanos con I-220A\",\"destacado\",\"detenci\u00f3n arbitraria\",\"fianza\",\"ICE\"],\"articleSection\":[\"Noticias\",\"USA\"],\"inLanguage\":\"es\",\"potentialAction\":[{\"@type\":\"CommentAction\",\"name\":\"Comment\",\"target\":[\"https:\\\/\\\/www.cuballama.com\\\/noticias\\\/cubanos-con-i-220a-detenidos-podrian-salir-bajo-fianza-tras-fallo-contra-ice\\\/#respond\"]}]},{\"@type\":\"WebPage\",\"@id\":\"https:\\\/\\\/www.cuballama.com\\\/noticias\\\/cubanos-con-i-220a-detenidos-podrian-salir-bajo-fianza-tras-fallo-contra-ice\\\/\",\"url\":\"https:\\\/\\\/www.cuballama.com\\\/noticias\\\/cubanos-con-i-220a-detenidos-podrian-salir-bajo-fianza-tras-fallo-contra-ice\\\/\",\"name\":\"Cubanos con I-220A detenidos podr\u00edan salir bajo fianza tras fallo contra ICE - Cuballama Noticias\",\"isPartOf\":{\"@id\":\"https:\\\/\\\/www.cuballama.com\\\/noticias\\\/#website\"},\"primaryImageOfPage\":{\"@id\":\"https:\\\/\\\/www.cuballama.com\\\/noticias\\\/cubanos-con-i-220a-detenidos-podrian-salir-bajo-fianza-tras-fallo-contra-ice\\\/#primaryimage\"},\"image\":{\"@id\":\"https:\\\/\\\/www.cuballama.com\\\/noticias\\\/cubanos-con-i-220a-detenidos-podrian-salir-bajo-fianza-tras-fallo-contra-ice\\\/#primaryimage\"},\"thumbnailUrl\":\"https:\\\/\\\/cdn1.mediawpaccore.net\\\/wp-content\\\/uploads\\\/2025\\\/11\\\/27105756\\\/G6osmtjWYAAoQxj1.jpg\",\"datePublished\":\"2025-11-27T16:28:43+00:00\",\"dateModified\":\"2025-11-27T16:35:38+00:00\",\"description\":\"Cubanos con I-220A podr\u00edan verse beneficiados tras un fallo contra el Servicio de Inmigraci\u00f3n y Control de Aduanas de Estados Unidos.\",\"breadcrumb\":{\"@id\":\"https:\\\/\\\/www.cuballama.com\\\/noticias\\\/cubanos-con-i-220a-detenidos-podrian-salir-bajo-fianza-tras-fallo-contra-ice\\\/#breadcrumb\"},\"inLanguage\":\"es\",\"potentialAction\":[{\"@type\":\"ReadAction\",\"target\":[\"https:\\\/\\\/www.cuballama.com\\\/noticias\\\/cubanos-con-i-220a-detenidos-podrian-salir-bajo-fianza-tras-fallo-contra-ice\\\/\"]}]},{\"@type\":\"ImageObject\",\"inLanguage\":\"es\",\"@id\":\"https:\\\/\\\/www.cuballama.com\\\/noticias\\\/cubanos-con-i-220a-detenidos-podrian-salir-bajo-fianza-tras-fallo-contra-ice\\\/#primaryimage\",\"url\":\"https:\\\/\\\/cdn1.mediawpaccore.net\\\/wp-content\\\/uploads\\\/2025\\\/11\\\/27105756\\\/G6osmtjWYAAoQxj1.jpg\",\"contentUrl\":\"https:\\\/\\\/cdn1.mediawpaccore.net\\\/wp-content\\\/uploads\\\/2025\\\/11\\\/27105756\\\/G6osmtjWYAAoQxj1.jpg\",\"width\":1200,\"height\":630,\"caption\":\"Oficial de ICE en Los \u00c1ngeles. Foto de referencia: X\\\/ICE.\"},{\"@type\":\"BreadcrumbList\",\"@id\":\"https:\\\/\\\/www.cuballama.com\\\/noticias\\\/cubanos-con-i-220a-detenidos-podrian-salir-bajo-fianza-tras-fallo-contra-ice\\\/#breadcrumb\",\"itemListElement\":[{\"@type\":\"ListItem\",\"position\":1,\"name\":\"Home\",\"item\":\"https:\\\/\\\/www.cuballama.com\\\/noticias\\\/\"},{\"@type\":\"ListItem\",\"position\":2,\"name\":\"Cubanos con I-220A detenidos podr\u00edan salir bajo fianza tras fallo contra ICE\"}]},{\"@type\":\"WebSite\",\"@id\":\"https:\\\/\\\/www.cuballama.com\\\/noticias\\\/#website\",\"url\":\"https:\\\/\\\/www.cuballama.com\\\/noticias\\\/\",\"name\":\"Cuballama Noticias\",\"description\":\"Medio digital sobre Cuba y el mundo\",\"publisher\":{\"@id\":\"https:\\\/\\\/www.cuballama.com\\\/noticias\\\/#organization\"},\"potentialAction\":[{\"@type\":\"SearchAction\",\"target\":{\"@type\":\"EntryPoint\",\"urlTemplate\":\"https:\\\/\\\/www.cuballama.com\\\/noticias\\\/?s={search_term_string}\"},\"query-input\":{\"@type\":\"PropertyValueSpecification\",\"valueRequired\":true,\"valueName\":\"search_term_string\"}}],\"inLanguage\":\"es\"},{\"@type\":\"Organization\",\"@id\":\"https:\\\/\\\/www.cuballama.com\\\/noticias\\\/#organization\",\"name\":\"Cuballama\",\"url\":\"https:\\\/\\\/www.cuballama.com\\\/noticias\\\/\",\"logo\":{\"@type\":\"ImageObject\",\"inLanguage\":\"es\",\"@id\":\"https:\\\/\\\/www.cuballama.com\\\/noticias\\\/#\\\/schema\\\/logo\\\/image\\\/\",\"url\":\"https:\\\/\\\/cdn1.mediawpaccore.net\\\/wp-content\\\/uploads\\\/2021\\\/12\\\/28171206\\\/cbll-logo-color-sm.png\",\"contentUrl\":\"https:\\\/\\\/cdn1.mediawpaccore.net\\\/wp-content\\\/uploads\\\/2021\\\/12\\\/28171206\\\/cbll-logo-color-sm.png\",\"width\":600,\"height\":133,\"caption\":\"Cuballama\"},\"image\":{\"@id\":\"https:\\\/\\\/www.cuballama.com\\\/noticias\\\/#\\\/schema\\\/logo\\\/image\\\/\"},\"sameAs\":[\"https:\\\/\\\/www.facebook.com\\\/CubaLlama\",\"https:\\\/\\\/x.com\\\/cuballama\",\"https:\\\/\\\/www.instagram.com\\\/stories\\\/cuballama_oficial\\\/\",\"https:\\\/\\\/www.youtube.com\\\/channel\\\/UCKkFE-d_axENGZcrc4as0IA\"]},{\"@type\":\"Person\",\"@id\":\"https:\\\/\\\/www.cuballama.com\\\/noticias\\\/#\\\/schema\\\/person\\\/86cd3e3f4974437f031211213bf892d5\",\"name\":\"Kathy\",\"url\":\"https:\\\/\\\/www.cuballama.com\\\/noticias\\\/author\\\/kathy\\\/\"}]}<\/script>\n<!-- \/ Yoast SEO plugin. -->","yoast_head_json":{"title":"Cubanos con I-220A detenidos podr\u00edan salir bajo fianza tras fallo contra ICE - Cuballama Noticias","description":"Cubanos con I-220A podr\u00edan verse beneficiados tras un fallo contra el Servicio de Inmigraci\u00f3n y Control de Aduanas de Estados Unidos.","robots":{"index":"index","follow":"follow","max-snippet":"max-snippet:-1","max-image-preview":"max-image-preview:large","max-video-preview":"max-video-preview:-1"},"canonical":"https:\/\/www.cuballama.com\/noticias\/cubanos-con-i-220a-detenidos-podrian-salir-bajo-fianza-tras-fallo-contra-ice\/","og_locale":"es_ES","og_type":"article","og_title":"Cubanos con I-220A detenidos podr\u00edan salir bajo fianza tras fallo contra ICE - Cuballama Noticias","og_description":"Cubanos con I-220A podr\u00edan verse beneficiados tras un fallo contra el Servicio de Inmigraci\u00f3n y Control de Aduanas de Estados Unidos.","og_url":"https:\/\/www.cuballama.com\/noticias\/cubanos-con-i-220a-detenidos-podrian-salir-bajo-fianza-tras-fallo-contra-ice\/","og_site_name":"Cuballama Noticias","article_publisher":"https:\/\/www.facebook.com\/CubaLlama","article_published_time":"2025-11-27T16:28:43+00:00","article_modified_time":"2025-11-27T16:35:38+00:00","og_image":[{"width":1200,"height":630,"url":"https:\/\/cdn1.mediawpaccore.net\/wp-content\/uploads\/2025\/11\/27105756\/G6osmtjWYAAoQxj1.jpg","type":"image\/jpeg"}],"author":"Kathy","twitter_card":"summary_large_image","twitter_creator":"@cuballama","twitter_site":"@cuballama","twitter_misc":{"Escrito por":"Kathy","Tiempo de lectura":"3 minutos"},"schema":{"@context":"https:\/\/schema.org","@graph":[{"@type":"Article","@id":"https:\/\/www.cuballama.com\/noticias\/cubanos-con-i-220a-detenidos-podrian-salir-bajo-fianza-tras-fallo-contra-ice\/#article","isPartOf":{"@id":"https:\/\/www.cuballama.com\/noticias\/cubanos-con-i-220a-detenidos-podrian-salir-bajo-fianza-tras-fallo-contra-ice\/"},"author":{"name":"Kathy","@id":"https:\/\/www.cuballama.com\/noticias\/#\/schema\/person\/86cd3e3f4974437f031211213bf892d5"},"headline":"Cubanos con I-220A detenidos podr\u00edan salir bajo fianza tras fallo contra ICE","datePublished":"2025-11-27T16:28:43+00:00","dateModified":"2025-11-27T16:35:38+00:00","mainEntityOfPage":{"@id":"https:\/\/www.cuballama.com\/noticias\/cubanos-con-i-220a-detenidos-podrian-salir-bajo-fianza-tras-fallo-contra-ice\/"},"wordCount":534,"commentCount":0,"publisher":{"@id":"https:\/\/www.cuballama.com\/noticias\/#organization"},"image":{"@id":"https:\/\/www.cuballama.com\/noticias\/cubanos-con-i-220a-detenidos-podrian-salir-bajo-fianza-tras-fallo-contra-ice\/#primaryimage"},"thumbnailUrl":"https:\/\/cdn1.mediawpaccore.net\/wp-content\/uploads\/2025\/11\/27105756\/G6osmtjWYAAoQxj1.jpg","keywords":["Cubanos con I-220A","destacado","detenci\u00f3n arbitraria","fianza","ICE"],"articleSection":["Noticias","USA"],"inLanguage":"es","potentialAction":[{"@type":"CommentAction","name":"Comment","target":["https:\/\/www.cuballama.com\/noticias\/cubanos-con-i-220a-detenidos-podrian-salir-bajo-fianza-tras-fallo-contra-ice\/#respond"]}]},{"@type":"WebPage","@id":"https:\/\/www.cuballama.com\/noticias\/cubanos-con-i-220a-detenidos-podrian-salir-bajo-fianza-tras-fallo-contra-ice\/","url":"https:\/\/www.cuballama.com\/noticias\/cubanos-con-i-220a-detenidos-podrian-salir-bajo-fianza-tras-fallo-contra-ice\/","name":"Cubanos con I-220A detenidos podr\u00edan salir bajo fianza tras fallo contra ICE - Cuballama Noticias","isPartOf":{"@id":"https:\/\/www.cuballama.com\/noticias\/#website"},"primaryImageOfPage":{"@id":"https:\/\/www.cuballama.com\/noticias\/cubanos-con-i-220a-detenidos-podrian-salir-bajo-fianza-tras-fallo-contra-ice\/#primaryimage"},"image":{"@id":"https:\/\/www.cuballama.com\/noticias\/cubanos-con-i-220a-detenidos-podrian-salir-bajo-fianza-tras-fallo-contra-ice\/#primaryimage"},"thumbnailUrl":"https:\/\/cdn1.mediawpaccore.net\/wp-content\/uploads\/2025\/11\/27105756\/G6osmtjWYAAoQxj1.jpg","datePublished":"2025-11-27T16:28:43+00:00","dateModified":"2025-11-27T16:35:38+00:00","description":"Cubanos con I-220A podr\u00edan verse beneficiados tras un fallo contra el Servicio de Inmigraci\u00f3n y Control de Aduanas de Estados Unidos.","breadcrumb":{"@id":"https:\/\/www.cuballama.com\/noticias\/cubanos-con-i-220a-detenidos-podrian-salir-bajo-fianza-tras-fallo-contra-ice\/#breadcrumb"},"inLanguage":"es","potentialAction":[{"@type":"ReadAction","target":["https:\/\/www.cuballama.com\/noticias\/cubanos-con-i-220a-detenidos-podrian-salir-bajo-fianza-tras-fallo-contra-ice\/"]}]},{"@type":"ImageObject","inLanguage":"es","@id":"https:\/\/www.cuballama.com\/noticias\/cubanos-con-i-220a-detenidos-podrian-salir-bajo-fianza-tras-fallo-contra-ice\/#primaryimage","url":"https:\/\/cdn1.mediawpaccore.net\/wp-content\/uploads\/2025\/11\/27105756\/G6osmtjWYAAoQxj1.jpg","contentUrl":"https:\/\/cdn1.mediawpaccore.net\/wp-content\/uploads\/2025\/11\/27105756\/G6osmtjWYAAoQxj1.jpg","width":1200,"height":630,"caption":"Oficial de ICE en Los \u00c1ngeles. Foto de referencia: X\/ICE."},{"@type":"BreadcrumbList","@id":"https:\/\/www.cuballama.com\/noticias\/cubanos-con-i-220a-detenidos-podrian-salir-bajo-fianza-tras-fallo-contra-ice\/#breadcrumb","itemListElement":[{"@type":"ListItem","position":1,"name":"Home","item":"https:\/\/www.cuballama.com\/noticias\/"},{"@type":"ListItem","position":2,"name":"Cubanos con I-220A detenidos podr\u00edan salir bajo fianza tras fallo contra ICE"}]},{"@type":"WebSite","@id":"https:\/\/www.cuballama.com\/noticias\/#website","url":"https:\/\/www.cuballama.com\/noticias\/","name":"Cuballama Noticias","description":"Medio digital sobre Cuba y el mundo","publisher":{"@id":"https:\/\/www.cuballama.com\/noticias\/#organization"},"potentialAction":[{"@type":"SearchAction","target":{"@type":"EntryPoint","urlTemplate":"https:\/\/www.cuballama.com\/noticias\/?s={search_term_string}"},"query-input":{"@type":"PropertyValueSpecification","valueRequired":true,"valueName":"search_term_string"}}],"inLanguage":"es"},{"@type":"Organization","@id":"https:\/\/www.cuballama.com\/noticias\/#organization","name":"Cuballama","url":"https:\/\/www.cuballama.com\/noticias\/","logo":{"@type":"ImageObject","inLanguage":"es","@id":"https:\/\/www.cuballama.com\/noticias\/#\/schema\/logo\/image\/","url":"https:\/\/cdn1.mediawpaccore.net\/wp-content\/uploads\/2021\/12\/28171206\/cbll-logo-color-sm.png","contentUrl":"https:\/\/cdn1.mediawpaccore.net\/wp-content\/uploads\/2021\/12\/28171206\/cbll-logo-color-sm.png","width":600,"height":133,"caption":"Cuballama"},"image":{"@id":"https:\/\/www.cuballama.com\/noticias\/#\/schema\/logo\/image\/"},"sameAs":["https:\/\/www.facebook.com\/CubaLlama","https:\/\/x.com\/cuballama","https:\/\/www.instagram.com\/stories\/cuballama_oficial\/","https:\/\/www.youtube.com\/channel\/UCKkFE-d_axENGZcrc4as0IA"]},{"@type":"Person","@id":"https:\/\/www.cuballama.com\/noticias\/#\/schema\/person\/86cd3e3f4974437f031211213bf892d5","name":"Kathy","url":"https:\/\/www.cuballama.com\/noticias\/author\/kathy\/"}]}},"_links":{"self":[{"href":"https:\/\/www.cuballama.com\/noticias\/wp-json\/wp\/v2\/posts\/227059","targetHints":{"allow":["GET"]}}],"collection":[{"href":"https:\/\/www.cuballama.com\/noticias\/wp-json\/wp\/v2\/posts"}],"about":[{"href":"https:\/\/www.cuballama.com\/noticias\/wp-json\/wp\/v2\/types\/post"}],"author":[{"embeddable":true,"href":"https:\/\/www.cuballama.com\/noticias\/wp-json\/wp\/v2\/users\/30"}],"replies":[{"embeddable":true,"href":"https:\/\/www.cuballama.com\/noticias\/wp-json\/wp\/v2\/comments?post=227059"}],"version-history":[{"count":7,"href":"https:\/\/www.cuballama.com\/noticias\/wp-json\/wp\/v2\/posts\/227059\/revisions"}],"predecessor-version":[{"id":227178,"href":"https:\/\/www.cuballama.com\/noticias\/wp-json\/wp\/v2\/posts\/227059\/revisions\/227178"}],"wp:featuredmedia":[{"embeddable":true,"href":"https:\/\/www.cuballama.com\/noticias\/wp-json\/wp\/v2\/media\/227172"}],"wp:attachment":[{"href":"https:\/\/www.cuballama.com\/noticias\/wp-json\/wp\/v2\/media?parent=227059"}],"wp:term":[{"taxonomy":"category","embeddable":true,"href":"https:\/\/www.cuballama.com\/noticias\/wp-json\/wp\/v2\/categories?post=227059"},{"taxonomy":"post_tag","embeddable":true,"href":"https:\/\/www.cuballama.com\/noticias\/wp-json\/wp\/v2\/tags?post=227059"}],"curies":[{"name":"wp","href":"https:\/\/api.w.org\/{rel}","templated":true}]}}