{"id":226867,"date":"2025-11-25T11:45:33","date_gmt":"2025-11-25T16:45:33","guid":{"rendered":"https:\/\/www.cuballama.com\/noticias\/?p=226867"},"modified":"2025-11-25T11:45:36","modified_gmt":"2025-11-25T16:45:36","slug":"despues-de-40-dias-en-una-carcel-de-ice-este-camionero-cubano-residente-en-miami-fue-deportado-a-mexico","status":"publish","type":"post","link":"https:\/\/www.cuballama.com\/noticias\/despues-de-40-dias-en-una-carcel-de-ice-este-camionero-cubano-residente-en-miami-fue-deportado-a-mexico\/","title":{"rendered":"Despu\u00e9s de 40 d\u00edas en una c\u00e1rcel de ICE, este camionero cubano residente en Miami fue deportado a M\u00e9xico"},"content":{"rendered":"\n<h2 class=\"wp-block-heading\">Este cubano lleg\u00f3 a Estados Unidos siendo un adolescente. Cometi\u00f3 un delito, pag\u00f3 su deuda con la sociedad, se reinsert\u00f3 adecuadamente, form\u00f3 una familia, un trabajo estable como camionero, reportando dinero al gobierno cada a\u00f1o, y sin m\u00e1s delitos en su contra fue detenido en Miami y deportado a M\u00e9xico, porque Cuba se neg\u00f3 a recibirlo. <\/h2>\n\n\n\n<h3 class=\"wp-block-heading\">La historia de este cubano encaja en un patr\u00f3n que organizaciones como Amnist\u00eda Internacional y expertos de Naciones Unidas han denunciado: deportaciones a terceros pa\u00edses donde los expulsados carecen de v\u00ednculos, sin garant\u00edas plenas de debido proceso ni de seguridad, en el marco de una pol\u00edtica pensada para hacer m\u00e1s f\u00e1cil, r\u00e1pida y visible la expulsi\u00f3n masiva de migrantes.<\/h3>\n\n\n\n<p>Josue Rodr\u00edguez P\u00e9rez pas\u00f3 de ser un camionero con a\u00f1os de trabajo en Estados Unidos a convertirse en un deportado sin pa\u00eds claro al que llamar suyo. Su historia, reconstruida por el medio estadounidense <em><a href=\"https:\/\/wyofile.com\/from-a-casper-jail-to-an-unknown-land-a-cuban-mans-deportation-saga-continues\/\" target=\"_blank\" rel=\"noreferrer noopener nofollow\">WyoFile<\/a><\/em>, comenz\u00f3 a torcerse en julio, cuando se present\u00f3, como tantas otras veces, a una cita rutinaria con Inmigraci\u00f3n para renovar su permiso de trabajo. All\u00ed mismo fue detenido por agentes de ICE, se\u00f1ala el profile de su caso rese\u00f1ado en la plataforma citada.<\/p>\n\n\n\n<p>Rodr\u00edguez hab\u00eda llegado a Estados Unidos en los a\u00f1os 90, huyendo de Cuba junto a su padre. Ambos obtuvieron residencia legal y construyeron una vida en Florida. Una d\u00e9cada m\u00e1s tarde, un accidente de tr\u00e1fico y una cadena de malas decisiones lo llevaron a prisi\u00f3n en Luisiana por un delito grave. Cumpli\u00f3 sentencia, sali\u00f3 en libertad, se rehabilit\u00f3, se cas\u00f3 y se subi\u00f3 a la cabina de un cami\u00f3n para recorrer el pa\u00eds como chofer profesional. Durante a\u00f1os no tuvo nuevos cargos en su contra, destaca <a href=\"https:\/\/wyofile.com\/from-a-casper-jail-to-an-unknown-land-a-cuban-mans-deportation-saga-continues\/\" target=\"_blank\" rel=\"noreferrer noopener nofollow\">WyoFile<\/a>.<\/p>\n\n\n\n<p>Sin embargo, aquel viejo antecedente penal hab\u00eda dejado una grieta en su estatus migratorio. Mientras las autoridades cubanas se negaban a aceptar la mayor\u00eda de los deportados desde Estados Unidos, gobiernos anteriores hab\u00edan optado por dejar a personas como \u00e9l en una especie de limbo legal: no eran ciudadanos, pero tampoco eran prioridad para expulsarlos. Con la llegada de la nueva administraci\u00f3n de Donald Trump, esa tolerancia se acab\u00f3. Las pol\u00edticas de \u201cdeportaciones a terceros pa\u00edses\u201d abrieron la puerta para sacar del territorio estadounidense a extranjeros cuyos pa\u00edses de origen no los recib\u00edan. <\/p>\n\n\n\n<p>Tras su detenci\u00f3n, Rodr\u00edguez fue trasladado de un centro de ICE a otro, en Florida, Texas y Colorado, hasta terminar 40 d\u00edas en la c\u00e1rcel del condado de Natrona, en Wyoming, alquilada por el gobierno federal para encerrar a inmigrantes en espera de expulsi\u00f3n. \u00c9l describe ese periodo como \u201cun infierno\u201d: lejos de su esposa y de su familia, sin claridad sobre su futuro y sin siquiera comparecer ante un juez de inmigraci\u00f3n que revisara su caso.<\/p>\n\n\n\n<p>Sobre su estancia en distintas c\u00e1rceles, nos habl\u00f3 WyoFile en un reportaje publicado en Youtube que podremos escuchar<a href=\"https:\/\/www.youtube.com\/embed\/6FnBY1VdOqU\" target=\"_blank\" rel=\"noreferrer noopener\"> aqu\u00ed<\/a> debajo.<\/p>\n\n\n\n<iframe loading=\"lazy\" width=\"1179\" height=\"663\" src=\"https:\/\/www.youtube.com\/embed\/6FnBY1VdOqU\" title=\"Without a country to take him, Cuban immigrant spends month in limbo inside Wyoming jail\" frameborder=\"0\" allow=\"accelerometer; autoplay; clipboard-write; encrypted-media; gyroscope; picture-in-picture; web-share\" referrerpolicy=\"strict-origin-when-cross-origin\" allowfullscreen><\/iframe>\n\n\n\n<p>Temiendo una detenci\u00f3n indefinida, finalmente firm\u00f3 un documento aceptando ser deportado a un tercer pa\u00eds. La elecci\u00f3n no fue suya. En septiembre, agentes lo subieron a un autob\u00fas rumbo a la frontera y lo dejaron del lado mexicano, en un pa\u00eds donde no ten\u00eda familia, papeles ni redes de apoyo. Las autoridades mexicanas le dieron una comida caliente, una ducha y un papel que le permit\u00eda permanecer solo unos d\u00edas. Despu\u00e9s, qued\u00f3 a su suerte.<\/p>\n\n\n\n<p>Hoy comparte un peque\u00f1o apartamento en Canc\u00fan con otros cubanos deportados en circunstancias similares. No est\u00e1 de vacaciones: perdi\u00f3 el cami\u00f3n en el que hab\u00eda invertido sus ahorros, ya no puede entrar a Estados Unidos y vive pendiente del tel\u00e9fono, esperando noticias del hermano enfermo de c\u00e1ncer al que quiz\u00e1s no vuelva a ver. Su esposa lo ha visitado unos d\u00edas, pero, con trabajo y familia en Florida, mudarse a M\u00e9xico no parece una opci\u00f3n realista.<\/p>\n\n\n\n<p>La historia de Rodr\u00edguez encaja en un patr\u00f3n que organizaciones como Amnist\u00eda Internacional y expertos de Naciones Unidas han denunciado: deportaciones a terceros pa\u00edses donde los expulsados carecen de v\u00ednculos, sin garant\u00edas plenas de debido proceso ni de seguridad, en el marco de una pol\u00edtica pensada para hacer m\u00e1s f\u00e1cil, r\u00e1pida y visible la expulsi\u00f3n masiva de migrantes. <\/p>\n\n\n\n<p>Desde Canc\u00fan, el cubano dice que intenta no pensar demasiado, caminar mucho para no deprimirse y aferrarse a la peque\u00f1a comunidad de compatriotas con la que comparte techo. \u201cNos cuidamos unos a otros\u201d, resume. Su esperanza, todav\u00eda remota, es que un futuro gobierno en Washington revise los casos como el suyo y les devuelva, al menos, la posibilidad de volver legalmente al lugar donde construyeron su vida.<\/p>\n\n\n\n<p><br><\/p>\n","protected":false},"excerpt":{"rendered":"<p>El cubano Josue Rodr\u00edguez, residente legal en EE.UU. desde los 90 y camionero de oficio, fue detenido por ICE en una cita rutinaria y termin\u00f3 40 d\u00edas en una c\u00e1rcel de Wyoming antes de ser deportado a M\u00e9xico, un pa\u00eds donde no tiene v\u00ednculos, papeles ni un futuro claro.<\/p>\n","protected":false},"author":13,"featured_media":226884,"comment_status":"open","ping_status":"closed","sticky":false,"template":"","format":"standard","meta":{"_acf_changed":false,"footnotes":""},"categories":[18,957,953],"tags":[92,691,2864,602,1577,2978,281,96,8618],"class_list":{"0":"post-226867","1":"post","2":"type-post","3":"status-publish","4":"format-standard","5":"has-post-thumbnail","7":"category-noticias","8":"category-noticias-internacionales","9":"category-usa","10":"tag-cubanos","11":"tag-deportaciones","12":"tag-derechos-humanos","13":"tag-estados-unidos","14":"tag-exilio","15":"tag-ice","16":"tag-mexico","17":"tag-migracion","18":"tag-terceros-paises"},"acf":[],"yoast_head":"<!-- This site is optimized with the Yoast SEO plugin v27.4 - https:\/\/yoast.com\/product\/yoast-seo-wordpress\/ -->\n<title>Despu\u00e9s de 40 d\u00edas en una c\u00e1rcel de ICE, este camionero cubano residente en Miami fue deportado a M\u00e9xico - Cuballama Noticias<\/title>\n<meta name=\"description\" content=\"Tras 40 d\u00edas en c\u00e1rcel de ICE, un camionero cubano es deportado a M\u00e9xico, donde no tiene v\u00ednculos con nada ni nadie.\" \/>\n<meta name=\"robots\" content=\"index, follow, max-snippet:-1, max-image-preview:large, max-video-preview:-1\" \/>\n<link rel=\"canonical\" href=\"https:\/\/www.cuballama.com\/noticias\/despues-de-40-dias-en-una-carcel-de-ice-este-camionero-cubano-residente-en-miami-fue-deportado-a-mexico\/\" \/>\n<meta property=\"og:locale\" content=\"es_ES\" \/>\n<meta property=\"og:type\" content=\"article\" \/>\n<meta property=\"og:title\" content=\"Despu\u00e9s de 40 d\u00edas en una c\u00e1rcel de ICE, este camionero cubano residente en Miami fue deportado a M\u00e9xico - Cuballama Noticias\" \/>\n<meta property=\"og:description\" content=\"Tras 40 d\u00edas en c\u00e1rcel de ICE, un camionero cubano es deportado a M\u00e9xico, donde no tiene v\u00ednculos con nada ni nadie.\" \/>\n<meta property=\"og:url\" content=\"https:\/\/www.cuballama.com\/noticias\/despues-de-40-dias-en-una-carcel-de-ice-este-camionero-cubano-residente-en-miami-fue-deportado-a-mexico\/\" \/>\n<meta property=\"og:site_name\" content=\"Cuballama Noticias\" \/>\n<meta property=\"article:publisher\" content=\"https:\/\/www.facebook.com\/CubaLlama\" \/>\n<meta property=\"article:published_time\" content=\"2025-11-25T16:45:33+00:00\" \/>\n<meta property=\"article:modified_time\" content=\"2025-11-25T16:45:36+00:00\" \/>\n<meta property=\"og:image\" content=\"https:\/\/cdn1.mediawpaccore.net\/wp-content\/uploads\/2025\/11\/25072143\/image-110.png\" \/>\n\t<meta property=\"og:image:width\" content=\"1970\" \/>\n\t<meta property=\"og:image:height\" content=\"1034\" \/>\n\t<meta property=\"og:image:type\" content=\"image\/png\" \/>\n<meta name=\"author\" content=\"Roberto A.\" \/>\n<meta name=\"twitter:card\" content=\"summary_large_image\" \/>\n<meta name=\"twitter:creator\" content=\"@cuballama\" \/>\n<meta name=\"twitter:site\" content=\"@cuballama\" \/>\n<meta name=\"twitter:label1\" content=\"Escrito por\" \/>\n\t<meta name=\"twitter:data1\" content=\"Roberto A.\" \/>\n\t<meta name=\"twitter:label2\" content=\"Tiempo de lectura\" \/>\n\t<meta name=\"twitter:data2\" content=\"4 minutos\" \/>\n<script type=\"application\/ld+json\" class=\"yoast-schema-graph\">{\"@context\":\"https:\\\/\\\/schema.org\",\"@graph\":[{\"@type\":\"Article\",\"@id\":\"https:\\\/\\\/www.cuballama.com\\\/noticias\\\/despues-de-40-dias-en-una-carcel-de-ice-este-camionero-cubano-residente-en-miami-fue-deportado-a-mexico\\\/#article\",\"isPartOf\":{\"@id\":\"https:\\\/\\\/www.cuballama.com\\\/noticias\\\/despues-de-40-dias-en-una-carcel-de-ice-este-camionero-cubano-residente-en-miami-fue-deportado-a-mexico\\\/\"},\"author\":{\"name\":\"Roberto A.\",\"@id\":\"https:\\\/\\\/www.cuballama.com\\\/noticias\\\/#\\\/schema\\\/person\\\/a58502ed4146c8e9f83872e897c76cd2\"},\"headline\":\"Despu\u00e9s de 40 d\u00edas en una c\u00e1rcel de ICE, este camionero cubano residente en Miami fue deportado a M\u00e9xico\",\"datePublished\":\"2025-11-25T16:45:33+00:00\",\"dateModified\":\"2025-11-25T16:45:36+00:00\",\"mainEntityOfPage\":{\"@id\":\"https:\\\/\\\/www.cuballama.com\\\/noticias\\\/despues-de-40-dias-en-una-carcel-de-ice-este-camionero-cubano-residente-en-miami-fue-deportado-a-mexico\\\/\"},\"wordCount\":844,\"commentCount\":0,\"publisher\":{\"@id\":\"https:\\\/\\\/www.cuballama.com\\\/noticias\\\/#organization\"},\"image\":{\"@id\":\"https:\\\/\\\/www.cuballama.com\\\/noticias\\\/despues-de-40-dias-en-una-carcel-de-ice-este-camionero-cubano-residente-en-miami-fue-deportado-a-mexico\\\/#primaryimage\"},\"thumbnailUrl\":\"https:\\\/\\\/cdn1.mediawpaccore.net\\\/wp-content\\\/uploads\\\/2025\\\/11\\\/25072143\\\/image-110.png\",\"keywords\":[\"cubanos\",\"Deportaciones\",\"derechos humanos\",\"Estados Unidos\",\"exilio\",\"ICE\",\"M\u00e9xico\",\"migraci\u00f3n\",\"terceros pa\u00edses\"],\"articleSection\":[\"Noticias\",\"Noticias Internacionales\",\"USA\"],\"inLanguage\":\"es\",\"potentialAction\":[{\"@type\":\"CommentAction\",\"name\":\"Comment\",\"target\":[\"https:\\\/\\\/www.cuballama.com\\\/noticias\\\/despues-de-40-dias-en-una-carcel-de-ice-este-camionero-cubano-residente-en-miami-fue-deportado-a-mexico\\\/#respond\"]}]},{\"@type\":\"WebPage\",\"@id\":\"https:\\\/\\\/www.cuballama.com\\\/noticias\\\/despues-de-40-dias-en-una-carcel-de-ice-este-camionero-cubano-residente-en-miami-fue-deportado-a-mexico\\\/\",\"url\":\"https:\\\/\\\/www.cuballama.com\\\/noticias\\\/despues-de-40-dias-en-una-carcel-de-ice-este-camionero-cubano-residente-en-miami-fue-deportado-a-mexico\\\/\",\"name\":\"Despu\u00e9s de 40 d\u00edas en una c\u00e1rcel de ICE, este camionero cubano residente en Miami fue deportado a M\u00e9xico - Cuballama Noticias\",\"isPartOf\":{\"@id\":\"https:\\\/\\\/www.cuballama.com\\\/noticias\\\/#website\"},\"primaryImageOfPage\":{\"@id\":\"https:\\\/\\\/www.cuballama.com\\\/noticias\\\/despues-de-40-dias-en-una-carcel-de-ice-este-camionero-cubano-residente-en-miami-fue-deportado-a-mexico\\\/#primaryimage\"},\"image\":{\"@id\":\"https:\\\/\\\/www.cuballama.com\\\/noticias\\\/despues-de-40-dias-en-una-carcel-de-ice-este-camionero-cubano-residente-en-miami-fue-deportado-a-mexico\\\/#primaryimage\"},\"thumbnailUrl\":\"https:\\\/\\\/cdn1.mediawpaccore.net\\\/wp-content\\\/uploads\\\/2025\\\/11\\\/25072143\\\/image-110.png\",\"datePublished\":\"2025-11-25T16:45:33+00:00\",\"dateModified\":\"2025-11-25T16:45:36+00:00\",\"description\":\"Tras 40 d\u00edas en c\u00e1rcel de ICE, un camionero cubano es deportado a M\u00e9xico, donde no tiene v\u00ednculos con nada ni nadie.\",\"breadcrumb\":{\"@id\":\"https:\\\/\\\/www.cuballama.com\\\/noticias\\\/despues-de-40-dias-en-una-carcel-de-ice-este-camionero-cubano-residente-en-miami-fue-deportado-a-mexico\\\/#breadcrumb\"},\"inLanguage\":\"es\",\"potentialAction\":[{\"@type\":\"ReadAction\",\"target\":[\"https:\\\/\\\/www.cuballama.com\\\/noticias\\\/despues-de-40-dias-en-una-carcel-de-ice-este-camionero-cubano-residente-en-miami-fue-deportado-a-mexico\\\/\"]}]},{\"@type\":\"ImageObject\",\"inLanguage\":\"es\",\"@id\":\"https:\\\/\\\/www.cuballama.com\\\/noticias\\\/despues-de-40-dias-en-una-carcel-de-ice-este-camionero-cubano-residente-en-miami-fue-deportado-a-mexico\\\/#primaryimage\",\"url\":\"https:\\\/\\\/cdn1.mediawpaccore.net\\\/wp-content\\\/uploads\\\/2025\\\/11\\\/25072143\\\/image-110.png\",\"contentUrl\":\"https:\\\/\\\/cdn1.mediawpaccore.net\\\/wp-content\\\/uploads\\\/2025\\\/11\\\/25072143\\\/image-110.png\",\"width\":1970,\"height\":1034,\"caption\":\"Josu\u00e9 Rodr\u00edguez P\u00e9rez- Foto: Video Screenshot v\u00eda https:\\\/\\\/www.youtube.com\\\/@WyoFile\"},{\"@type\":\"BreadcrumbList\",\"@id\":\"https:\\\/\\\/www.cuballama.com\\\/noticias\\\/despues-de-40-dias-en-una-carcel-de-ice-este-camionero-cubano-residente-en-miami-fue-deportado-a-mexico\\\/#breadcrumb\",\"itemListElement\":[{\"@type\":\"ListItem\",\"position\":1,\"name\":\"Home\",\"item\":\"https:\\\/\\\/www.cuballama.com\\\/noticias\\\/\"},{\"@type\":\"ListItem\",\"position\":2,\"name\":\"Despu\u00e9s de 40 d\u00edas en una c\u00e1rcel de ICE, este camionero cubano residente en Miami fue deportado a M\u00e9xico\"}]},{\"@type\":\"WebSite\",\"@id\":\"https:\\\/\\\/www.cuballama.com\\\/noticias\\\/#website\",\"url\":\"https:\\\/\\\/www.cuballama.com\\\/noticias\\\/\",\"name\":\"Cuballama Noticias\",\"description\":\"Medio digital sobre Cuba y el mundo\",\"publisher\":{\"@id\":\"https:\\\/\\\/www.cuballama.com\\\/noticias\\\/#organization\"},\"potentialAction\":[{\"@type\":\"SearchAction\",\"target\":{\"@type\":\"EntryPoint\",\"urlTemplate\":\"https:\\\/\\\/www.cuballama.com\\\/noticias\\\/?s={search_term_string}\"},\"query-input\":{\"@type\":\"PropertyValueSpecification\",\"valueRequired\":true,\"valueName\":\"search_term_string\"}}],\"inLanguage\":\"es\"},{\"@type\":\"Organization\",\"@id\":\"https:\\\/\\\/www.cuballama.com\\\/noticias\\\/#organization\",\"name\":\"Cuballama\",\"url\":\"https:\\\/\\\/www.cuballama.com\\\/noticias\\\/\",\"logo\":{\"@type\":\"ImageObject\",\"inLanguage\":\"es\",\"@id\":\"https:\\\/\\\/www.cuballama.com\\\/noticias\\\/#\\\/schema\\\/logo\\\/image\\\/\",\"url\":\"https:\\\/\\\/cdn1.mediawpaccore.net\\\/wp-content\\\/uploads\\\/2021\\\/12\\\/28171206\\\/cbll-logo-color-sm.png\",\"contentUrl\":\"https:\\\/\\\/cdn1.mediawpaccore.net\\\/wp-content\\\/uploads\\\/2021\\\/12\\\/28171206\\\/cbll-logo-color-sm.png\",\"width\":600,\"height\":133,\"caption\":\"Cuballama\"},\"image\":{\"@id\":\"https:\\\/\\\/www.cuballama.com\\\/noticias\\\/#\\\/schema\\\/logo\\\/image\\\/\"},\"sameAs\":[\"https:\\\/\\\/www.facebook.com\\\/CubaLlama\",\"https:\\\/\\\/x.com\\\/cuballama\",\"https:\\\/\\\/www.instagram.com\\\/stories\\\/cuballama_oficial\\\/\",\"https:\\\/\\\/www.youtube.com\\\/channel\\\/UCKkFE-d_axENGZcrc4as0IA\"]},{\"@type\":\"Person\",\"@id\":\"https:\\\/\\\/www.cuballama.com\\\/noticias\\\/#\\\/schema\\\/person\\\/a58502ed4146c8e9f83872e897c76cd2\",\"name\":\"Roberto A.\",\"description\":\"Roberto A. Periodista por decisi\u00f3n propia. Interesado en cualquier tema que me apasione y cada vez m\u00e1s comprometido con la verdad y la objetividad period\u00edstica. Graduado en La Habana hace ya muchos a\u00f1os, luego de una accidentada y polvorienta b\u00fasqueda de informaci\u00f3n sobre un tema in\u00e9dito. La Tesis, por cierto, desapareci\u00f3 de la biblioteca y no se conservan copias de la misma.\",\"url\":\"https:\\\/\\\/www.cuballama.com\\\/noticias\\\/author\\\/roberto\\\/\"}]}<\/script>\n<!-- \/ Yoast SEO plugin. -->","yoast_head_json":{"title":"Despu\u00e9s de 40 d\u00edas en una c\u00e1rcel de ICE, este camionero cubano residente en Miami fue deportado a M\u00e9xico - Cuballama Noticias","description":"Tras 40 d\u00edas en c\u00e1rcel de ICE, un camionero cubano es deportado a M\u00e9xico, donde no tiene v\u00ednculos con nada ni nadie.","robots":{"index":"index","follow":"follow","max-snippet":"max-snippet:-1","max-image-preview":"max-image-preview:large","max-video-preview":"max-video-preview:-1"},"canonical":"https:\/\/www.cuballama.com\/noticias\/despues-de-40-dias-en-una-carcel-de-ice-este-camionero-cubano-residente-en-miami-fue-deportado-a-mexico\/","og_locale":"es_ES","og_type":"article","og_title":"Despu\u00e9s de 40 d\u00edas en una c\u00e1rcel de ICE, este camionero cubano residente en Miami fue deportado a M\u00e9xico - Cuballama Noticias","og_description":"Tras 40 d\u00edas en c\u00e1rcel de ICE, un camionero cubano es deportado a M\u00e9xico, donde no tiene v\u00ednculos con nada ni nadie.","og_url":"https:\/\/www.cuballama.com\/noticias\/despues-de-40-dias-en-una-carcel-de-ice-este-camionero-cubano-residente-en-miami-fue-deportado-a-mexico\/","og_site_name":"Cuballama Noticias","article_publisher":"https:\/\/www.facebook.com\/CubaLlama","article_published_time":"2025-11-25T16:45:33+00:00","article_modified_time":"2025-11-25T16:45:36+00:00","og_image":[{"width":1970,"height":1034,"url":"https:\/\/cdn1.mediawpaccore.net\/wp-content\/uploads\/2025\/11\/25072143\/image-110.png","type":"image\/png"}],"author":"Roberto A.","twitter_card":"summary_large_image","twitter_creator":"@cuballama","twitter_site":"@cuballama","twitter_misc":{"Escrito por":"Roberto A.","Tiempo de lectura":"4 minutos"},"schema":{"@context":"https:\/\/schema.org","@graph":[{"@type":"Article","@id":"https:\/\/www.cuballama.com\/noticias\/despues-de-40-dias-en-una-carcel-de-ice-este-camionero-cubano-residente-en-miami-fue-deportado-a-mexico\/#article","isPartOf":{"@id":"https:\/\/www.cuballama.com\/noticias\/despues-de-40-dias-en-una-carcel-de-ice-este-camionero-cubano-residente-en-miami-fue-deportado-a-mexico\/"},"author":{"name":"Roberto A.","@id":"https:\/\/www.cuballama.com\/noticias\/#\/schema\/person\/a58502ed4146c8e9f83872e897c76cd2"},"headline":"Despu\u00e9s de 40 d\u00edas en una c\u00e1rcel de ICE, este camionero cubano residente en Miami fue deportado a M\u00e9xico","datePublished":"2025-11-25T16:45:33+00:00","dateModified":"2025-11-25T16:45:36+00:00","mainEntityOfPage":{"@id":"https:\/\/www.cuballama.com\/noticias\/despues-de-40-dias-en-una-carcel-de-ice-este-camionero-cubano-residente-en-miami-fue-deportado-a-mexico\/"},"wordCount":844,"commentCount":0,"publisher":{"@id":"https:\/\/www.cuballama.com\/noticias\/#organization"},"image":{"@id":"https:\/\/www.cuballama.com\/noticias\/despues-de-40-dias-en-una-carcel-de-ice-este-camionero-cubano-residente-en-miami-fue-deportado-a-mexico\/#primaryimage"},"thumbnailUrl":"https:\/\/cdn1.mediawpaccore.net\/wp-content\/uploads\/2025\/11\/25072143\/image-110.png","keywords":["cubanos","Deportaciones","derechos humanos","Estados Unidos","exilio","ICE","M\u00e9xico","migraci\u00f3n","terceros pa\u00edses"],"articleSection":["Noticias","Noticias Internacionales","USA"],"inLanguage":"es","potentialAction":[{"@type":"CommentAction","name":"Comment","target":["https:\/\/www.cuballama.com\/noticias\/despues-de-40-dias-en-una-carcel-de-ice-este-camionero-cubano-residente-en-miami-fue-deportado-a-mexico\/#respond"]}]},{"@type":"WebPage","@id":"https:\/\/www.cuballama.com\/noticias\/despues-de-40-dias-en-una-carcel-de-ice-este-camionero-cubano-residente-en-miami-fue-deportado-a-mexico\/","url":"https:\/\/www.cuballama.com\/noticias\/despues-de-40-dias-en-una-carcel-de-ice-este-camionero-cubano-residente-en-miami-fue-deportado-a-mexico\/","name":"Despu\u00e9s de 40 d\u00edas en una c\u00e1rcel de ICE, este camionero cubano residente en Miami fue deportado a M\u00e9xico - Cuballama Noticias","isPartOf":{"@id":"https:\/\/www.cuballama.com\/noticias\/#website"},"primaryImageOfPage":{"@id":"https:\/\/www.cuballama.com\/noticias\/despues-de-40-dias-en-una-carcel-de-ice-este-camionero-cubano-residente-en-miami-fue-deportado-a-mexico\/#primaryimage"},"image":{"@id":"https:\/\/www.cuballama.com\/noticias\/despues-de-40-dias-en-una-carcel-de-ice-este-camionero-cubano-residente-en-miami-fue-deportado-a-mexico\/#primaryimage"},"thumbnailUrl":"https:\/\/cdn1.mediawpaccore.net\/wp-content\/uploads\/2025\/11\/25072143\/image-110.png","datePublished":"2025-11-25T16:45:33+00:00","dateModified":"2025-11-25T16:45:36+00:00","description":"Tras 40 d\u00edas en c\u00e1rcel de ICE, un camionero cubano es deportado a M\u00e9xico, donde no tiene v\u00ednculos con nada ni nadie.","breadcrumb":{"@id":"https:\/\/www.cuballama.com\/noticias\/despues-de-40-dias-en-una-carcel-de-ice-este-camionero-cubano-residente-en-miami-fue-deportado-a-mexico\/#breadcrumb"},"inLanguage":"es","potentialAction":[{"@type":"ReadAction","target":["https:\/\/www.cuballama.com\/noticias\/despues-de-40-dias-en-una-carcel-de-ice-este-camionero-cubano-residente-en-miami-fue-deportado-a-mexico\/"]}]},{"@type":"ImageObject","inLanguage":"es","@id":"https:\/\/www.cuballama.com\/noticias\/despues-de-40-dias-en-una-carcel-de-ice-este-camionero-cubano-residente-en-miami-fue-deportado-a-mexico\/#primaryimage","url":"https:\/\/cdn1.mediawpaccore.net\/wp-content\/uploads\/2025\/11\/25072143\/image-110.png","contentUrl":"https:\/\/cdn1.mediawpaccore.net\/wp-content\/uploads\/2025\/11\/25072143\/image-110.png","width":1970,"height":1034,"caption":"Josu\u00e9 Rodr\u00edguez P\u00e9rez- Foto: Video Screenshot v\u00eda https:\/\/www.youtube.com\/@WyoFile"},{"@type":"BreadcrumbList","@id":"https:\/\/www.cuballama.com\/noticias\/despues-de-40-dias-en-una-carcel-de-ice-este-camionero-cubano-residente-en-miami-fue-deportado-a-mexico\/#breadcrumb","itemListElement":[{"@type":"ListItem","position":1,"name":"Home","item":"https:\/\/www.cuballama.com\/noticias\/"},{"@type":"ListItem","position":2,"name":"Despu\u00e9s de 40 d\u00edas en una c\u00e1rcel de ICE, este camionero cubano residente en Miami fue deportado a M\u00e9xico"}]},{"@type":"WebSite","@id":"https:\/\/www.cuballama.com\/noticias\/#website","url":"https:\/\/www.cuballama.com\/noticias\/","name":"Cuballama Noticias","description":"Medio digital sobre Cuba y el mundo","publisher":{"@id":"https:\/\/www.cuballama.com\/noticias\/#organization"},"potentialAction":[{"@type":"SearchAction","target":{"@type":"EntryPoint","urlTemplate":"https:\/\/www.cuballama.com\/noticias\/?s={search_term_string}"},"query-input":{"@type":"PropertyValueSpecification","valueRequired":true,"valueName":"search_term_string"}}],"inLanguage":"es"},{"@type":"Organization","@id":"https:\/\/www.cuballama.com\/noticias\/#organization","name":"Cuballama","url":"https:\/\/www.cuballama.com\/noticias\/","logo":{"@type":"ImageObject","inLanguage":"es","@id":"https:\/\/www.cuballama.com\/noticias\/#\/schema\/logo\/image\/","url":"https:\/\/cdn1.mediawpaccore.net\/wp-content\/uploads\/2021\/12\/28171206\/cbll-logo-color-sm.png","contentUrl":"https:\/\/cdn1.mediawpaccore.net\/wp-content\/uploads\/2021\/12\/28171206\/cbll-logo-color-sm.png","width":600,"height":133,"caption":"Cuballama"},"image":{"@id":"https:\/\/www.cuballama.com\/noticias\/#\/schema\/logo\/image\/"},"sameAs":["https:\/\/www.facebook.com\/CubaLlama","https:\/\/x.com\/cuballama","https:\/\/www.instagram.com\/stories\/cuballama_oficial\/","https:\/\/www.youtube.com\/channel\/UCKkFE-d_axENGZcrc4as0IA"]},{"@type":"Person","@id":"https:\/\/www.cuballama.com\/noticias\/#\/schema\/person\/a58502ed4146c8e9f83872e897c76cd2","name":"Roberto A.","description":"Roberto A. Periodista por decisi\u00f3n propia. Interesado en cualquier tema que me apasione y cada vez m\u00e1s comprometido con la verdad y la objetividad period\u00edstica. Graduado en La Habana hace ya muchos a\u00f1os, luego de una accidentada y polvorienta b\u00fasqueda de informaci\u00f3n sobre un tema in\u00e9dito. La Tesis, por cierto, desapareci\u00f3 de la biblioteca y no se conservan copias de la misma.","url":"https:\/\/www.cuballama.com\/noticias\/author\/roberto\/"}]}},"_links":{"self":[{"href":"https:\/\/www.cuballama.com\/noticias\/wp-json\/wp\/v2\/posts\/226867","targetHints":{"allow":["GET"]}}],"collection":[{"href":"https:\/\/www.cuballama.com\/noticias\/wp-json\/wp\/v2\/posts"}],"about":[{"href":"https:\/\/www.cuballama.com\/noticias\/wp-json\/wp\/v2\/types\/post"}],"author":[{"embeddable":true,"href":"https:\/\/www.cuballama.com\/noticias\/wp-json\/wp\/v2\/users\/13"}],"replies":[{"embeddable":true,"href":"https:\/\/www.cuballama.com\/noticias\/wp-json\/wp\/v2\/comments?post=226867"}],"version-history":[{"count":7,"href":"https:\/\/www.cuballama.com\/noticias\/wp-json\/wp\/v2\/posts\/226867\/revisions"}],"predecessor-version":[{"id":226890,"href":"https:\/\/www.cuballama.com\/noticias\/wp-json\/wp\/v2\/posts\/226867\/revisions\/226890"}],"wp:featuredmedia":[{"embeddable":true,"href":"https:\/\/www.cuballama.com\/noticias\/wp-json\/wp\/v2\/media\/226884"}],"wp:attachment":[{"href":"https:\/\/www.cuballama.com\/noticias\/wp-json\/wp\/v2\/media?parent=226867"}],"wp:term":[{"taxonomy":"category","embeddable":true,"href":"https:\/\/www.cuballama.com\/noticias\/wp-json\/wp\/v2\/categories?post=226867"},{"taxonomy":"post_tag","embeddable":true,"href":"https:\/\/www.cuballama.com\/noticias\/wp-json\/wp\/v2\/tags?post=226867"}],"curies":[{"name":"wp","href":"https:\/\/api.w.org\/{rel}","templated":true}]}}