{"id":226739,"date":"2025-11-24T08:58:38","date_gmt":"2025-11-24T13:58:38","guid":{"rendered":"https:\/\/www.cuballama.com\/noticias\/?p=226739"},"modified":"2025-11-24T08:58:40","modified_gmt":"2025-11-24T13:58:40","slug":"la-diosa-marca-distancia-con-ultrack-y-claudia-artiles-la-vida-es-asi-las-cosas-suceden","status":"publish","type":"post","link":"https:\/\/www.cuballama.com\/noticias\/la-diosa-marca-distancia-con-ultrack-y-claudia-artiles-la-vida-es-asi-las-cosas-suceden\/","title":{"rendered":"La Diosa marca distancia con Ultrack y Claudia Artiles: \u201cLa vida es as\u00ed, las cosas suceden\u201d"},"content":{"rendered":"\n<p>La cantante cubana Dianelys Alfonso Cartaya, conocida como La Diosa, rompi\u00f3 el silencio en torno a su relaci\u00f3n con la pareja de creadores de contenido Ultrack y Claudia Artiles, con quienes durante meses mantuvo una amistad cercana, visible y ruidosa en redes sociales. Pero esa cercan\u00eda parece haberse enfriado. Recientemente, la artista dej\u00f3 de seguir a ambos en Instagram, lo que desat\u00f3 especulaciones entre sus seguidores.<\/p>\n\n\n\n<p>Durante una transmisi\u00f3n en directo, una fan le lanz\u00f3 la pregunta que muchos ten\u00edan guardada: \u201c\u00bfDiosa, qu\u00e9 tal est\u00e1 la amistad con Ultrack y Claudia?\u201d. La cantante respondi\u00f3 entre risas y con evidente intenci\u00f3n de esquivar el tema: \u201cMira, mejor hablemos de mi pelo. \u00bfNo te gust\u00f3 mi peluca nueva?\u201d.<\/p>\n\n\n\n<p>El gesto arranc\u00f3 carcajadas entre los presentes, pero tambi\u00e9n dej\u00f3 claro que prefer\u00eda no abrir la caja de Pandora. Segundos despu\u00e9s, a\u00f1adi\u00f3 una reflexi\u00f3n que confirmaba, sin decirlo directamente, que algo hab\u00eda cambiado: \u201cLa vida es as\u00ed, en la vida existen cambios. Y no es por nada, es as\u00ed, sucede\u201d, coment\u00f3, dejando entrever que los v\u00ednculos ya no son los mismos.<\/p>\n\n\n\n<figure class=\"wp-block-embed is-type-video is-provider-tiktok wp-block-embed-tiktok\"><div class=\"wp-block-embed__wrapper\">\n<blockquote class=\"tiktok-embed\" cite=\"https:\/\/www.tiktok.com\/@lahoratiktoxica\/video\/7576106700755848478\" data-video-id=\"7576106700755848478\" data-embed-from=\"oembed\" style=\"max-width:605px; min-width:325px;\"> <section> <a target=\"_blank\" title=\"@lahoratiktoxica\" href=\"https:\/\/www.tiktok.com\/@lahoratiktoxica?refer=embed\">@lahoratiktoxica<\/a> <p><a title=\"fyp\u30b7\u309aviral\" target=\"_blank\" href=\"https:\/\/www.tiktok.com\/tag\/fyp%E3%82%B7%E3%82%9Aviral?refer=embed\">#fyp\u30b7\u309aviral<\/a> <a title=\"pollitotropical\" target=\"_blank\" href=\"https:\/\/www.tiktok.com\/tag\/pollitotropical?refer=embed\">#pollitotropical<\/a> <a title=\"ultracktv\" target=\"_blank\" href=\"https:\/\/www.tiktok.com\/tag\/ultracktv?refer=embed\">#ultracktv<\/a> <a title=\"claudiaartilesa\" target=\"_blank\" href=\"https:\/\/www.tiktok.com\/tag\/claudiaartilesa?refer=embed\">#claudiaartilesa<\/a> <a title=\"claudiaartiles\" target=\"_blank\" href=\"https:\/\/www.tiktok.com\/tag\/claudiaartiles?refer=embed\">#claudiaartiles<\/a> @parque\ud83d\udeddAmelia9 @Todoenvista @ANDYPRODUCTIONS\ud83c\uddf5\ud83c\uddf7\ud83c\uddfa\ud83c\uddf8\ud83c\udde8\ud83c\uddfa\u2615\ufe0f @Laura91\ud83c\udde8\ud83c\uddfa\ud83c\uddfa\ud83c\uddf8\ud83d\ude1c @Noticias de \u00faltimo minuto @Thaly @Yusimy de la Caridad \ud83c\udf3b\ud83e\ude74 @\ud83d\udc99\ud83e\udebcOmidina\ud83e\udebc\ud83d\udc99\ud83d\udc20 <\/p> <a target=\"_blank\" title=\"\u266c original sound - La Hora TikT\u00f3xica\" href=\"https:\/\/www.tiktok.com\/music\/original-sound-7576106645078395678?refer=embed\">\u266c original sound &#8211; La Hora TikT\u00f3xica<\/a> <\/section> <\/blockquote> <script async src=\"https:\/\/www.tiktok.com\/embed.js\"><\/script>\n<\/div><\/figure>\n\n\n\n<p>La Diosa dej\u00f3 caer que su prioridad actual es mantenerse lejos de pleitos y controversias, algo que, seg\u00fan confes\u00f3, ha impactado positivamente en su estabilidad emocional y en su desempe\u00f1o profesional. \u201cMi cambio me ha ayudado para la salud, no lo he hecho por la gente, lo he hecho por m\u00ed\u201d, afirm\u00f3, subrayando que su decisi\u00f3n de alejarse de las pol\u00e9micas es personal y no tiene que ver con complacer a terceros.<\/p>\n\n\n\n<p><strong>Lea m\u00e1s: <a href=\"https:\/\/www.cuballama.com\/noticias\/la-diosa-deja-de-seguir-a-ultrack-y-claudia-artiles-en-instagram-que-paso\/\" target=\"_blank\" rel=\"noreferrer noopener\">La Diosa deja de seguir a Ultrack y Claudia Artiles en Instagram \u00bfQu\u00e9 pas\u00f3?<\/a><\/strong><\/p>\n\n\n\n<p>Estas declaraciones llegan justo despu\u00e9s de que varias p\u00e1ginas de far\u00e1ndula cubana reprodujeran un comentario suyo en una publicaci\u00f3n de Claudia Artiles. En ese post, Claudia denunci\u00f3 que varias mujeres cercanas a Ultrack le hab\u00edan dicho que no iniciara una relaci\u00f3n con \u00e9l porque ella era madre de un ni\u00f1o con s\u00edndrome de Down.<\/p>\n\n\n\n<p>La Diosa reaccion\u00f3 de inmediato en la propia publicaci\u00f3n, dejando un mensaje que destap\u00f3 la primera se\u00f1al p\u00fablica de tensi\u00f3n:<br>\u201cChica, yo no conozco muchas amistades mujeres de Ultrack y me gustar\u00eda que, cuando vayas a hablar as\u00ed, digas el nombre. Aunque yo sea examiga, a Marlon lo trat\u00e9 con mucho amor. Eso es lo malo, no saben respetar y ya estoy cansad\u00edsima de esta gracia asquerosa. Habla con nombres, Claudia\u201d.<\/p>\n\n\n\n<figure class=\"wp-block-embed is-type-video is-provider-tiktok wp-block-embed-tiktok\"><div class=\"wp-block-embed__wrapper\">\n<blockquote class=\"tiktok-embed\" cite=\"https:\/\/www.tiktok.com\/@lahoratiktoxica\/video\/7574856602847677726\" data-video-id=\"7574856602847677726\" data-embed-from=\"oembed\" style=\"max-width:605px; min-width:325px;\"> <section> <a target=\"_blank\" title=\"@lahoratiktoxica\" href=\"https:\/\/www.tiktok.com\/@lahoratiktoxica?refer=embed\">@lahoratiktoxica<\/a> <p><a title=\"fyp\u30b7\u309aviral\" target=\"_blank\" href=\"https:\/\/www.tiktok.com\/tag\/fyp%E3%82%B7%E3%82%9Aviral?refer=embed\">#fyp\u30b7\u309aviral<\/a> <a title=\"claudiaartilesa\" target=\"_blank\" href=\"https:\/\/www.tiktok.com\/tag\/claudiaartilesa?refer=embed\">#claudiaartilesa<\/a> <a title=\"claudiaartiles\" target=\"_blank\" href=\"https:\/\/www.tiktok.com\/tag\/claudiaartiles?refer=embed\">#claudiaartiles<\/a> <a title=\"ultracktv\" target=\"_blank\" href=\"https:\/\/www.tiktok.com\/tag\/ultracktv?refer=embed\">#ultracktv<\/a> <a title=\"ultrackyclaudiaseranpadres\" target=\"_blank\" href=\"https:\/\/www.tiktok.com\/tag\/ultrackyclaudiaseranpadres?refer=embed\">#ultrackyclaudiaseranpadres<\/a> @parque\ud83d\udeddAmelia9 @Todoenvista @ANDYPRODUCTIONS\ud83c\uddf5\ud83c\uddf7\ud83c\uddfa\ud83c\uddf8\ud83c\udde8\ud83c\uddfa\u2615\ufe0f @Laura91\ud83c\udde8\ud83c\uddfa\ud83c\uddfa\ud83c\uddf8\ud83d\ude1c @Thaly @Paparazzi_cubana_habana @Yusimy de la Caridad \ud83c\udf3b\ud83e\ude74 @Todoenvista1 @\ud83d\udc99\ud83e\udebcOmidina\ud83e\udebc\ud83d\udc99\ud83d\udc20 @SKYBINGO_LANDY <\/p> <a target=\"_blank\" title=\"\u266c original sound - La Hora TikT\u00f3xica\" href=\"https:\/\/www.tiktok.com\/music\/original-sound-7574856483481914142?refer=embed\">\u266c original sound &#8211; La Hora TikT\u00f3xica<\/a> <\/section> <\/blockquote> <script async src=\"https:\/\/www.tiktok.com\/embed.js\"><\/script>\n<\/div><\/figure>\n\n\n\n<p>El comentario fue interpretado por muchos como una mezcla de defensa personal, molestia acumulada y un recordatorio de que, pese a cualquier distancia actual, siempre mostr\u00f3 cari\u00f1o hacia el peque\u00f1o Marlon.<\/p>\n\n\n\n<p>Aunque La Diosa evit\u00f3 entrar en detalles durante su transmisi\u00f3n, su actitud reafirma que est\u00e1 centrada en un nuevo rumbo. Uno donde prefiere priorizar su salud mental, su carrera y su tranquilidad. Por ahora, no hay se\u00f1ales de reconciliaci\u00f3n ni explicaciones adicionales. Lo \u00fanico claro es que, como dijo la propia artista, \u201cla vida es as\u00ed, en la vida existen cambios\u201d. Y este, al parecer, es uno de ellos.<\/p>\n","protected":false},"excerpt":{"rendered":"<p>Durante una transmisi\u00f3n en directo, una fan le lanz\u00f3 la pregunta que muchos ten\u00edan guardada: \u201c\u00bfDiosa, qu\u00e9 tal est\u00e1 la amistad con Ultrack y Claudia?\u201d<\/p>\n","protected":false},"author":27,"featured_media":226750,"comment_status":"open","ping_status":"closed","sticky":false,"template":"","format":"standard","meta":{"_acf_changed":false,"footnotes":""},"categories":[443],"tags":[23580,5202,256,17763],"class_list":{"0":"post-226739","1":"post","2":"type-post","3":"status-publish","4":"format-standard","5":"has-post-thumbnail","7":"category-farandula","8":"tag-claudia-artiles","9":"tag-la-diosa","10":"tag-miami","11":"tag-ultrack"},"acf":[],"yoast_head":"<!-- This site is optimized with the Yoast SEO plugin v27.4 - https:\/\/yoast.com\/product\/yoast-seo-wordpress\/ -->\n<title>La Diosa marca distancia con Ultrack y Claudia Artiles: \u201cLa vida es as\u00ed, las cosas suceden\u201d - Cuballama Noticias<\/title>\n<meta name=\"description\" content=\"La Diosa dej\u00f3 caer que su prioridad actual es mantenerse lejos de pleitos y controversias, lo que ha impactado en su estabilidad emocional\" \/>\n<meta name=\"robots\" content=\"index, follow, max-snippet:-1, max-image-preview:large, max-video-preview:-1\" \/>\n<link rel=\"canonical\" href=\"https:\/\/www.cuballama.com\/noticias\/la-diosa-marca-distancia-con-ultrack-y-claudia-artiles-la-vida-es-asi-las-cosas-suceden\/\" \/>\n<meta property=\"og:locale\" content=\"es_ES\" \/>\n<meta property=\"og:type\" content=\"article\" \/>\n<meta property=\"og:title\" content=\"La Diosa marca distancia con Ultrack y Claudia Artiles: \u201cLa vida es as\u00ed, las cosas suceden\u201d - Cuballama Noticias\" \/>\n<meta property=\"og:description\" content=\"La Diosa dej\u00f3 caer que su prioridad actual es mantenerse lejos de pleitos y controversias, lo que ha impactado en su estabilidad emocional\" \/>\n<meta property=\"og:url\" content=\"https:\/\/www.cuballama.com\/noticias\/la-diosa-marca-distancia-con-ultrack-y-claudia-artiles-la-vida-es-asi-las-cosas-suceden\/\" \/>\n<meta property=\"og:site_name\" content=\"Cuballama Noticias\" \/>\n<meta property=\"article:publisher\" content=\"https:\/\/www.facebook.com\/CubaLlama\" \/>\n<meta property=\"article:published_time\" content=\"2025-11-24T13:58:38+00:00\" \/>\n<meta property=\"article:modified_time\" content=\"2025-11-24T13:58:40+00:00\" \/>\n<meta property=\"og:image\" content=\"https:\/\/cdn1.mediawpaccore.net\/wp-content\/uploads\/2025\/11\/24085311\/WhatsApp-Image-2025-11-24-at-14.44.45.jpeg\" \/>\n\t<meta property=\"og:image:width\" content=\"1880\" \/>\n\t<meta property=\"og:image:height\" content=\"1342\" \/>\n\t<meta property=\"og:image:type\" content=\"image\/jpeg\" \/>\n<meta name=\"author\" content=\"Rafa\" \/>\n<meta name=\"twitter:card\" content=\"summary_large_image\" \/>\n<meta name=\"twitter:creator\" content=\"@cuballama\" \/>\n<meta name=\"twitter:site\" content=\"@cuballama\" \/>\n<meta name=\"twitter:label1\" content=\"Escrito por\" \/>\n\t<meta name=\"twitter:data1\" content=\"Rafa\" \/>\n\t<meta name=\"twitter:label2\" content=\"Tiempo de lectura\" \/>\n\t<meta name=\"twitter:data2\" content=\"3 minutos\" \/>\n<script type=\"application\/ld+json\" class=\"yoast-schema-graph\">{\"@context\":\"https:\\\/\\\/schema.org\",\"@graph\":[{\"@type\":\"Article\",\"@id\":\"https:\\\/\\\/www.cuballama.com\\\/noticias\\\/la-diosa-marca-distancia-con-ultrack-y-claudia-artiles-la-vida-es-asi-las-cosas-suceden\\\/#article\",\"isPartOf\":{\"@id\":\"https:\\\/\\\/www.cuballama.com\\\/noticias\\\/la-diosa-marca-distancia-con-ultrack-y-claudia-artiles-la-vida-es-asi-las-cosas-suceden\\\/\"},\"author\":{\"name\":\"Rafa\",\"@id\":\"https:\\\/\\\/www.cuballama.com\\\/noticias\\\/#\\\/schema\\\/person\\\/0f97914526a658755f00e59ec2a832f2\"},\"headline\":\"La Diosa marca distancia con Ultrack y Claudia Artiles: \u201cLa vida es as\u00ed, las cosas suceden\u201d\",\"datePublished\":\"2025-11-24T13:58:38+00:00\",\"dateModified\":\"2025-11-24T13:58:40+00:00\",\"mainEntityOfPage\":{\"@id\":\"https:\\\/\\\/www.cuballama.com\\\/noticias\\\/la-diosa-marca-distancia-con-ultrack-y-claudia-artiles-la-vida-es-asi-las-cosas-suceden\\\/\"},\"wordCount\":554,\"commentCount\":0,\"publisher\":{\"@id\":\"https:\\\/\\\/www.cuballama.com\\\/noticias\\\/#organization\"},\"image\":{\"@id\":\"https:\\\/\\\/www.cuballama.com\\\/noticias\\\/la-diosa-marca-distancia-con-ultrack-y-claudia-artiles-la-vida-es-asi-las-cosas-suceden\\\/#primaryimage\"},\"thumbnailUrl\":\"https:\\\/\\\/cdn1.mediawpaccore.net\\\/wp-content\\\/uploads\\\/2025\\\/11\\\/24085311\\\/WhatsApp-Image-2025-11-24-at-14.44.45.jpeg\",\"keywords\":[\"Claudia Artiles\",\"La Diosa\",\"Miami\",\"Ultrack\"],\"articleSection\":[\"Far\u00e1ndula\"],\"inLanguage\":\"es\",\"potentialAction\":[{\"@type\":\"CommentAction\",\"name\":\"Comment\",\"target\":[\"https:\\\/\\\/www.cuballama.com\\\/noticias\\\/la-diosa-marca-distancia-con-ultrack-y-claudia-artiles-la-vida-es-asi-las-cosas-suceden\\\/#respond\"]}]},{\"@type\":\"WebPage\",\"@id\":\"https:\\\/\\\/www.cuballama.com\\\/noticias\\\/la-diosa-marca-distancia-con-ultrack-y-claudia-artiles-la-vida-es-asi-las-cosas-suceden\\\/\",\"url\":\"https:\\\/\\\/www.cuballama.com\\\/noticias\\\/la-diosa-marca-distancia-con-ultrack-y-claudia-artiles-la-vida-es-asi-las-cosas-suceden\\\/\",\"name\":\"La Diosa marca distancia con Ultrack y Claudia Artiles: \u201cLa vida es as\u00ed, las cosas suceden\u201d - Cuballama Noticias\",\"isPartOf\":{\"@id\":\"https:\\\/\\\/www.cuballama.com\\\/noticias\\\/#website\"},\"primaryImageOfPage\":{\"@id\":\"https:\\\/\\\/www.cuballama.com\\\/noticias\\\/la-diosa-marca-distancia-con-ultrack-y-claudia-artiles-la-vida-es-asi-las-cosas-suceden\\\/#primaryimage\"},\"image\":{\"@id\":\"https:\\\/\\\/www.cuballama.com\\\/noticias\\\/la-diosa-marca-distancia-con-ultrack-y-claudia-artiles-la-vida-es-asi-las-cosas-suceden\\\/#primaryimage\"},\"thumbnailUrl\":\"https:\\\/\\\/cdn1.mediawpaccore.net\\\/wp-content\\\/uploads\\\/2025\\\/11\\\/24085311\\\/WhatsApp-Image-2025-11-24-at-14.44.45.jpeg\",\"datePublished\":\"2025-11-24T13:58:38+00:00\",\"dateModified\":\"2025-11-24T13:58:40+00:00\",\"description\":\"La Diosa dej\u00f3 caer que su prioridad actual es mantenerse lejos de pleitos y controversias, lo que ha impactado en su estabilidad emocional\",\"breadcrumb\":{\"@id\":\"https:\\\/\\\/www.cuballama.com\\\/noticias\\\/la-diosa-marca-distancia-con-ultrack-y-claudia-artiles-la-vida-es-asi-las-cosas-suceden\\\/#breadcrumb\"},\"inLanguage\":\"es\",\"potentialAction\":[{\"@type\":\"ReadAction\",\"target\":[\"https:\\\/\\\/www.cuballama.com\\\/noticias\\\/la-diosa-marca-distancia-con-ultrack-y-claudia-artiles-la-vida-es-asi-las-cosas-suceden\\\/\"]}]},{\"@type\":\"ImageObject\",\"inLanguage\":\"es\",\"@id\":\"https:\\\/\\\/www.cuballama.com\\\/noticias\\\/la-diosa-marca-distancia-con-ultrack-y-claudia-artiles-la-vida-es-asi-las-cosas-suceden\\\/#primaryimage\",\"url\":\"https:\\\/\\\/cdn1.mediawpaccore.net\\\/wp-content\\\/uploads\\\/2025\\\/11\\\/24085311\\\/WhatsApp-Image-2025-11-24-at-14.44.45.jpeg\",\"contentUrl\":\"https:\\\/\\\/cdn1.mediawpaccore.net\\\/wp-content\\\/uploads\\\/2025\\\/11\\\/24085311\\\/WhatsApp-Image-2025-11-24-at-14.44.45.jpeg\",\"width\":1880,\"height\":1342,\"caption\":\"Foto: Instagram\"},{\"@type\":\"BreadcrumbList\",\"@id\":\"https:\\\/\\\/www.cuballama.com\\\/noticias\\\/la-diosa-marca-distancia-con-ultrack-y-claudia-artiles-la-vida-es-asi-las-cosas-suceden\\\/#breadcrumb\",\"itemListElement\":[{\"@type\":\"ListItem\",\"position\":1,\"name\":\"Home\",\"item\":\"https:\\\/\\\/www.cuballama.com\\\/noticias\\\/\"},{\"@type\":\"ListItem\",\"position\":2,\"name\":\"La Diosa marca distancia con Ultrack y Claudia Artiles: \u201cLa vida es as\u00ed, las cosas suceden\u201d\"}]},{\"@type\":\"WebSite\",\"@id\":\"https:\\\/\\\/www.cuballama.com\\\/noticias\\\/#website\",\"url\":\"https:\\\/\\\/www.cuballama.com\\\/noticias\\\/\",\"name\":\"Cuballama Noticias\",\"description\":\"Medio digital sobre Cuba y el mundo\",\"publisher\":{\"@id\":\"https:\\\/\\\/www.cuballama.com\\\/noticias\\\/#organization\"},\"potentialAction\":[{\"@type\":\"SearchAction\",\"target\":{\"@type\":\"EntryPoint\",\"urlTemplate\":\"https:\\\/\\\/www.cuballama.com\\\/noticias\\\/?s={search_term_string}\"},\"query-input\":{\"@type\":\"PropertyValueSpecification\",\"valueRequired\":true,\"valueName\":\"search_term_string\"}}],\"inLanguage\":\"es\"},{\"@type\":\"Organization\",\"@id\":\"https:\\\/\\\/www.cuballama.com\\\/noticias\\\/#organization\",\"name\":\"Cuballama\",\"url\":\"https:\\\/\\\/www.cuballama.com\\\/noticias\\\/\",\"logo\":{\"@type\":\"ImageObject\",\"inLanguage\":\"es\",\"@id\":\"https:\\\/\\\/www.cuballama.com\\\/noticias\\\/#\\\/schema\\\/logo\\\/image\\\/\",\"url\":\"https:\\\/\\\/cdn1.mediawpaccore.net\\\/wp-content\\\/uploads\\\/2021\\\/12\\\/28171206\\\/cbll-logo-color-sm.png\",\"contentUrl\":\"https:\\\/\\\/cdn1.mediawpaccore.net\\\/wp-content\\\/uploads\\\/2021\\\/12\\\/28171206\\\/cbll-logo-color-sm.png\",\"width\":600,\"height\":133,\"caption\":\"Cuballama\"},\"image\":{\"@id\":\"https:\\\/\\\/www.cuballama.com\\\/noticias\\\/#\\\/schema\\\/logo\\\/image\\\/\"},\"sameAs\":[\"https:\\\/\\\/www.facebook.com\\\/CubaLlama\",\"https:\\\/\\\/x.com\\\/cuballama\",\"https:\\\/\\\/www.instagram.com\\\/stories\\\/cuballama_oficial\\\/\",\"https:\\\/\\\/www.youtube.com\\\/channel\\\/UCKkFE-d_axENGZcrc4as0IA\"]},{\"@type\":\"Person\",\"@id\":\"https:\\\/\\\/www.cuballama.com\\\/noticias\\\/#\\\/schema\\\/person\\\/0f97914526a658755f00e59ec2a832f2\",\"name\":\"Rafa\",\"url\":\"https:\\\/\\\/www.cuballama.com\\\/noticias\\\/author\\\/rafa\\\/\"}]}<\/script>\n<!-- \/ Yoast SEO plugin. -->","yoast_head_json":{"title":"La Diosa marca distancia con Ultrack y Claudia Artiles: \u201cLa vida es as\u00ed, las cosas suceden\u201d - Cuballama Noticias","description":"La Diosa dej\u00f3 caer que su prioridad actual es mantenerse lejos de pleitos y controversias, lo que ha impactado en su estabilidad emocional","robots":{"index":"index","follow":"follow","max-snippet":"max-snippet:-1","max-image-preview":"max-image-preview:large","max-video-preview":"max-video-preview:-1"},"canonical":"https:\/\/www.cuballama.com\/noticias\/la-diosa-marca-distancia-con-ultrack-y-claudia-artiles-la-vida-es-asi-las-cosas-suceden\/","og_locale":"es_ES","og_type":"article","og_title":"La Diosa marca distancia con Ultrack y Claudia Artiles: \u201cLa vida es as\u00ed, las cosas suceden\u201d - Cuballama Noticias","og_description":"La Diosa dej\u00f3 caer que su prioridad actual es mantenerse lejos de pleitos y controversias, lo que ha impactado en su estabilidad emocional","og_url":"https:\/\/www.cuballama.com\/noticias\/la-diosa-marca-distancia-con-ultrack-y-claudia-artiles-la-vida-es-asi-las-cosas-suceden\/","og_site_name":"Cuballama Noticias","article_publisher":"https:\/\/www.facebook.com\/CubaLlama","article_published_time":"2025-11-24T13:58:38+00:00","article_modified_time":"2025-11-24T13:58:40+00:00","og_image":[{"width":1880,"height":1342,"url":"https:\/\/cdn1.mediawpaccore.net\/wp-content\/uploads\/2025\/11\/24085311\/WhatsApp-Image-2025-11-24-at-14.44.45.jpeg","type":"image\/jpeg"}],"author":"Rafa","twitter_card":"summary_large_image","twitter_creator":"@cuballama","twitter_site":"@cuballama","twitter_misc":{"Escrito por":"Rafa","Tiempo de lectura":"3 minutos"},"schema":{"@context":"https:\/\/schema.org","@graph":[{"@type":"Article","@id":"https:\/\/www.cuballama.com\/noticias\/la-diosa-marca-distancia-con-ultrack-y-claudia-artiles-la-vida-es-asi-las-cosas-suceden\/#article","isPartOf":{"@id":"https:\/\/www.cuballama.com\/noticias\/la-diosa-marca-distancia-con-ultrack-y-claudia-artiles-la-vida-es-asi-las-cosas-suceden\/"},"author":{"name":"Rafa","@id":"https:\/\/www.cuballama.com\/noticias\/#\/schema\/person\/0f97914526a658755f00e59ec2a832f2"},"headline":"La Diosa marca distancia con Ultrack y Claudia Artiles: \u201cLa vida es as\u00ed, las cosas suceden\u201d","datePublished":"2025-11-24T13:58:38+00:00","dateModified":"2025-11-24T13:58:40+00:00","mainEntityOfPage":{"@id":"https:\/\/www.cuballama.com\/noticias\/la-diosa-marca-distancia-con-ultrack-y-claudia-artiles-la-vida-es-asi-las-cosas-suceden\/"},"wordCount":554,"commentCount":0,"publisher":{"@id":"https:\/\/www.cuballama.com\/noticias\/#organization"},"image":{"@id":"https:\/\/www.cuballama.com\/noticias\/la-diosa-marca-distancia-con-ultrack-y-claudia-artiles-la-vida-es-asi-las-cosas-suceden\/#primaryimage"},"thumbnailUrl":"https:\/\/cdn1.mediawpaccore.net\/wp-content\/uploads\/2025\/11\/24085311\/WhatsApp-Image-2025-11-24-at-14.44.45.jpeg","keywords":["Claudia Artiles","La Diosa","Miami","Ultrack"],"articleSection":["Far\u00e1ndula"],"inLanguage":"es","potentialAction":[{"@type":"CommentAction","name":"Comment","target":["https:\/\/www.cuballama.com\/noticias\/la-diosa-marca-distancia-con-ultrack-y-claudia-artiles-la-vida-es-asi-las-cosas-suceden\/#respond"]}]},{"@type":"WebPage","@id":"https:\/\/www.cuballama.com\/noticias\/la-diosa-marca-distancia-con-ultrack-y-claudia-artiles-la-vida-es-asi-las-cosas-suceden\/","url":"https:\/\/www.cuballama.com\/noticias\/la-diosa-marca-distancia-con-ultrack-y-claudia-artiles-la-vida-es-asi-las-cosas-suceden\/","name":"La Diosa marca distancia con Ultrack y Claudia Artiles: \u201cLa vida es as\u00ed, las cosas suceden\u201d - Cuballama Noticias","isPartOf":{"@id":"https:\/\/www.cuballama.com\/noticias\/#website"},"primaryImageOfPage":{"@id":"https:\/\/www.cuballama.com\/noticias\/la-diosa-marca-distancia-con-ultrack-y-claudia-artiles-la-vida-es-asi-las-cosas-suceden\/#primaryimage"},"image":{"@id":"https:\/\/www.cuballama.com\/noticias\/la-diosa-marca-distancia-con-ultrack-y-claudia-artiles-la-vida-es-asi-las-cosas-suceden\/#primaryimage"},"thumbnailUrl":"https:\/\/cdn1.mediawpaccore.net\/wp-content\/uploads\/2025\/11\/24085311\/WhatsApp-Image-2025-11-24-at-14.44.45.jpeg","datePublished":"2025-11-24T13:58:38+00:00","dateModified":"2025-11-24T13:58:40+00:00","description":"La Diosa dej\u00f3 caer que su prioridad actual es mantenerse lejos de pleitos y controversias, lo que ha impactado en su estabilidad emocional","breadcrumb":{"@id":"https:\/\/www.cuballama.com\/noticias\/la-diosa-marca-distancia-con-ultrack-y-claudia-artiles-la-vida-es-asi-las-cosas-suceden\/#breadcrumb"},"inLanguage":"es","potentialAction":[{"@type":"ReadAction","target":["https:\/\/www.cuballama.com\/noticias\/la-diosa-marca-distancia-con-ultrack-y-claudia-artiles-la-vida-es-asi-las-cosas-suceden\/"]}]},{"@type":"ImageObject","inLanguage":"es","@id":"https:\/\/www.cuballama.com\/noticias\/la-diosa-marca-distancia-con-ultrack-y-claudia-artiles-la-vida-es-asi-las-cosas-suceden\/#primaryimage","url":"https:\/\/cdn1.mediawpaccore.net\/wp-content\/uploads\/2025\/11\/24085311\/WhatsApp-Image-2025-11-24-at-14.44.45.jpeg","contentUrl":"https:\/\/cdn1.mediawpaccore.net\/wp-content\/uploads\/2025\/11\/24085311\/WhatsApp-Image-2025-11-24-at-14.44.45.jpeg","width":1880,"height":1342,"caption":"Foto: Instagram"},{"@type":"BreadcrumbList","@id":"https:\/\/www.cuballama.com\/noticias\/la-diosa-marca-distancia-con-ultrack-y-claudia-artiles-la-vida-es-asi-las-cosas-suceden\/#breadcrumb","itemListElement":[{"@type":"ListItem","position":1,"name":"Home","item":"https:\/\/www.cuballama.com\/noticias\/"},{"@type":"ListItem","position":2,"name":"La Diosa marca distancia con Ultrack y Claudia Artiles: \u201cLa vida es as\u00ed, las cosas suceden\u201d"}]},{"@type":"WebSite","@id":"https:\/\/www.cuballama.com\/noticias\/#website","url":"https:\/\/www.cuballama.com\/noticias\/","name":"Cuballama Noticias","description":"Medio digital sobre Cuba y el mundo","publisher":{"@id":"https:\/\/www.cuballama.com\/noticias\/#organization"},"potentialAction":[{"@type":"SearchAction","target":{"@type":"EntryPoint","urlTemplate":"https:\/\/www.cuballama.com\/noticias\/?s={search_term_string}"},"query-input":{"@type":"PropertyValueSpecification","valueRequired":true,"valueName":"search_term_string"}}],"inLanguage":"es"},{"@type":"Organization","@id":"https:\/\/www.cuballama.com\/noticias\/#organization","name":"Cuballama","url":"https:\/\/www.cuballama.com\/noticias\/","logo":{"@type":"ImageObject","inLanguage":"es","@id":"https:\/\/www.cuballama.com\/noticias\/#\/schema\/logo\/image\/","url":"https:\/\/cdn1.mediawpaccore.net\/wp-content\/uploads\/2021\/12\/28171206\/cbll-logo-color-sm.png","contentUrl":"https:\/\/cdn1.mediawpaccore.net\/wp-content\/uploads\/2021\/12\/28171206\/cbll-logo-color-sm.png","width":600,"height":133,"caption":"Cuballama"},"image":{"@id":"https:\/\/www.cuballama.com\/noticias\/#\/schema\/logo\/image\/"},"sameAs":["https:\/\/www.facebook.com\/CubaLlama","https:\/\/x.com\/cuballama","https:\/\/www.instagram.com\/stories\/cuballama_oficial\/","https:\/\/www.youtube.com\/channel\/UCKkFE-d_axENGZcrc4as0IA"]},{"@type":"Person","@id":"https:\/\/www.cuballama.com\/noticias\/#\/schema\/person\/0f97914526a658755f00e59ec2a832f2","name":"Rafa","url":"https:\/\/www.cuballama.com\/noticias\/author\/rafa\/"}]}},"_links":{"self":[{"href":"https:\/\/www.cuballama.com\/noticias\/wp-json\/wp\/v2\/posts\/226739","targetHints":{"allow":["GET"]}}],"collection":[{"href":"https:\/\/www.cuballama.com\/noticias\/wp-json\/wp\/v2\/posts"}],"about":[{"href":"https:\/\/www.cuballama.com\/noticias\/wp-json\/wp\/v2\/types\/post"}],"author":[{"embeddable":true,"href":"https:\/\/www.cuballama.com\/noticias\/wp-json\/wp\/v2\/users\/27"}],"replies":[{"embeddable":true,"href":"https:\/\/www.cuballama.com\/noticias\/wp-json\/wp\/v2\/comments?post=226739"}],"version-history":[{"count":1,"href":"https:\/\/www.cuballama.com\/noticias\/wp-json\/wp\/v2\/posts\/226739\/revisions"}],"predecessor-version":[{"id":226753,"href":"https:\/\/www.cuballama.com\/noticias\/wp-json\/wp\/v2\/posts\/226739\/revisions\/226753"}],"wp:featuredmedia":[{"embeddable":true,"href":"https:\/\/www.cuballama.com\/noticias\/wp-json\/wp\/v2\/media\/226750"}],"wp:attachment":[{"href":"https:\/\/www.cuballama.com\/noticias\/wp-json\/wp\/v2\/media?parent=226739"}],"wp:term":[{"taxonomy":"category","embeddable":true,"href":"https:\/\/www.cuballama.com\/noticias\/wp-json\/wp\/v2\/categories?post=226739"},{"taxonomy":"post_tag","embeddable":true,"href":"https:\/\/www.cuballama.com\/noticias\/wp-json\/wp\/v2\/tags?post=226739"}],"curies":[{"name":"wp","href":"https:\/\/api.w.org\/{rel}","templated":true}]}}