{"id":226553,"date":"2025-11-21T06:24:48","date_gmt":"2025-11-21T11:24:48","guid":{"rendered":"https:\/\/www.cuballama.com\/noticias\/?p=226553"},"modified":"2025-11-21T06:33:02","modified_gmt":"2025-11-21T11:33:02","slug":"llegan-a-cuba-otros-139-migrantes-irregulares-deportados-por-ee-uu","status":"publish","type":"post","link":"https:\/\/www.cuballama.com\/noticias\/llegan-a-cuba-otros-139-migrantes-irregulares-deportados-por-ee-uu\/","title":{"rendered":"Llegan a Cuba otros 139 migrantes irregulares deportados por EE.UU."},"content":{"rendered":"\n<p>\u200eLas autoridades estadounidenses devolvieron a Cuba a 139 migrantes irregulares este 20 de noviembre, en cumplimiento de los acuerdos migratorios bilaterales.<\/p>\n\n\n\n<p>A bordo del vuelo que lleg\u00f3 este jueves al Aeropuerto Internacional Jos\u00e9 Mart\u00ed de La Habana, el und\u00e9cimo registrado en lo que va de a\u00f1o desde Estados Unidos y <a href=\"https:\/\/www.cuballama.com\/noticias\/ee-uu-expulsa-a-232-migrantes-irregulares-cubanos-en-nuevo-vuelo-de-deportacion\/?srsltid=AfmBOoqRUDoVx5xyiK1TRYdSlVmnd8mL44Vu1YpUCRTms9oPq3P6QQw0\" target=\"_blank\" rel=\"noreferrer noopener\">el segundo del mes<\/a>, iban 109 hombres\u00a0 y 30 mujeres, seg\u00fan una escueta nota del Ministerio del Interior.<\/p>\n\n\n\n<p>Al aterrizar en la capital cubana una persona fue detenida por \u201cencontrarse en libertad condicional en el momento de abandonar ilegalmente el pa\u00eds\u201d, a\u00f1adi\u00f3 el comunicado.<\/p>\n\n\n\n<p>Hasta el momento suman 52 las devoluciones de migrantes cubanos desde distintas naciones de la regi\u00f3n en 2025, con un total de 1.535 personas. La mayor\u00eda de estos migrantes, 1.370, han sido repatriados desde Estados Unidos.<\/p>\n\n\n\n<p>Asimismo, el gobierno de la isla resalt\u00f3 \u201csu compromiso con una migraci\u00f3n regular, segura y ordenada\u201d, al tiempo que recalc\u00f3 el peligro y las condiciones de riesgo para la vida que representan las salidas ilegales.<\/p>\n\n\n\n<iframe loading=\"lazy\" src=\"https:\/\/www.facebook.com\/plugins\/post.php?href=https%3A%2F%2Fwww.facebook.com%2Fpermalink.php%3Fstory_fbid%3Dpfbid0ipgN7emaRdxj1SfXHLxxsuvRwaR3AifbgdbWPTadYxfozq2Y799bKRBSGZZkv3hgl%26id%3D61558472836328&#038;show_text=true&#038;width=500\" width=\"500\" height=\"620\" style=\"border:none;overflow:hidden\" scrolling=\"no\" frameborder=\"0\" allowfullscreen=\"true\" allow=\"autoplay; clipboard-write; encrypted-media; picture-in-picture; web-share\"><\/iframe>\n\n\n\n<p>Se trata del segundo vuelo que se realiza en noviembre, pese a que normalmente se realiza una \u00fanica operaci\u00f3n a\u00e9rea, el \u00faltimo jueves de cada mes. El vuelo realizado el pasado 6 de noviembre debi\u00f3 haberse hecho el 30 de octubre, pero fue pospuesto debido al paso del devastador hurac\u00e1n Melissa por el oriente de la isla.<\/p>\n\n\n\n<p>En tanto, el vuelo de este 20 de noviembre se habr\u00eda realizado el pen\u00faltimo jueves del mes porque el \u00faltimo se celebra <em>Thanksgiving <\/em>o D\u00eda de Acci\u00f3n de Gracias, una de las mayores festividades en Estados Unidos.<\/p>\n\n\n\n<p>Hay que recordar que La Habana y Washington tienen un acuerdo bilateral para que todos los migrantes que lleguen por mar a territorio estadounidense sean deportados al pa\u00eds caribe\u00f1o.<\/p>\n\n\n\n<p>Los vuelos de deportaci\u00f3n que estaban suspendidos desde 2020 fueron retomados a finales de abril de 2023, principalmente para los cubanos considerados \u201cinadmisibles\u201d tras estar retenidos en la frontera con M\u00e9xico.<\/p>\n\n\n\n<p>De acuerdo con datos de la Oficina de Aduanas y Protecci\u00f3n de Fronteras de Estados Unidos, durante el a\u00f1o fiscal 2024 llegaron al pa\u00eds norteamericano un total de 217.615 cubanos, lo que eleva a m\u00e1s de 860.000 la cifra de los \u00faltimos cuatro a\u00f1os.<\/p>\n\n\n\n<p><\/p>\n","protected":false},"excerpt":{"rendered":"<p>Se trata del und\u00e9cimo vuelo registrado en lo que va de a\u00f1o desde Estados Unidos y el segundo del mes de noviembre.<\/p>\n","protected":false},"author":30,"featured_media":226555,"comment_status":"open","ping_status":"closed","sticky":false,"template":"","format":"standard","meta":{"_acf_changed":false,"footnotes":""},"categories":[18,955],"tags":[5404,736,600,11017,20532],"class_list":{"0":"post-226553","1":"post","2":"type-post","3":"status-publish","4":"format-standard","5":"has-post-thumbnail","7":"category-noticias","8":"category-noticias-de-cuba","9":"tag-administracion-trump","10":"tag-inmigrantes-cubanos","11":"tag-migrantes-cubanos","12":"tag-superdestacado","13":"tag-vuelo-de-deportacion"},"acf":[],"yoast_head":"<!-- This site is optimized with the Yoast SEO plugin v27.5 - https:\/\/yoast.com\/product\/yoast-seo-wordpress\/ -->\n<title>Llegan a Cuba otros 139 migrantes irregulares deportados por EE.UU. - Cuballama Noticias<\/title>\n<meta name=\"description\" content=\"\u200eLas autoridades estadounidenses devolvieron a Cuba a 139 migrantes irregulares este jueves 20 de noviembre.\" \/>\n<meta name=\"robots\" content=\"index, follow, max-snippet:-1, max-image-preview:large, max-video-preview:-1\" \/>\n<link rel=\"canonical\" href=\"https:\/\/www.cuballama.com\/noticias\/llegan-a-cuba-otros-139-migrantes-irregulares-deportados-por-ee-uu\/\" \/>\n<meta property=\"og:locale\" content=\"es_ES\" \/>\n<meta property=\"og:type\" content=\"article\" \/>\n<meta property=\"og:title\" content=\"Llegan a Cuba otros 139 migrantes irregulares deportados por EE.UU. - Cuballama Noticias\" \/>\n<meta property=\"og:description\" content=\"\u200eLas autoridades estadounidenses devolvieron a Cuba a 139 migrantes irregulares este jueves 20 de noviembre.\" \/>\n<meta property=\"og:url\" content=\"https:\/\/www.cuballama.com\/noticias\/llegan-a-cuba-otros-139-migrantes-irregulares-deportados-por-ee-uu\/\" \/>\n<meta property=\"og:site_name\" content=\"Cuballama Noticias\" \/>\n<meta property=\"article:publisher\" content=\"https:\/\/www.facebook.com\/CubaLlama\" \/>\n<meta property=\"article:published_time\" content=\"2025-11-21T11:24:48+00:00\" \/>\n<meta property=\"article:modified_time\" content=\"2025-11-21T11:33:02+00:00\" \/>\n<meta property=\"og:image\" content=\"https:\/\/cdn1.mediawpaccore.net\/wp-content\/uploads\/2025\/11\/20222852\/586529526_122216584520282427_3599761715070557550_n1.jpg\" \/>\n\t<meta property=\"og:image:width\" content=\"1200\" \/>\n\t<meta property=\"og:image:height\" content=\"630\" \/>\n\t<meta property=\"og:image:type\" content=\"image\/jpeg\" \/>\n<meta name=\"author\" content=\"Kathy\" \/>\n<meta name=\"twitter:card\" content=\"summary_large_image\" \/>\n<meta name=\"twitter:creator\" content=\"@cuballama\" \/>\n<meta name=\"twitter:site\" content=\"@cuballama\" \/>\n<meta name=\"twitter:label1\" content=\"Escrito por\" \/>\n\t<meta name=\"twitter:data1\" content=\"Kathy\" \/>\n\t<meta name=\"twitter:label2\" content=\"Tiempo de lectura\" \/>\n\t<meta name=\"twitter:data2\" content=\"2 minutos\" \/>\n<script type=\"application\/ld+json\" class=\"yoast-schema-graph\">{\"@context\":\"https:\\\/\\\/schema.org\",\"@graph\":[{\"@type\":\"Article\",\"@id\":\"https:\\\/\\\/www.cuballama.com\\\/noticias\\\/llegan-a-cuba-otros-139-migrantes-irregulares-deportados-por-ee-uu\\\/#article\",\"isPartOf\":{\"@id\":\"https:\\\/\\\/www.cuballama.com\\\/noticias\\\/llegan-a-cuba-otros-139-migrantes-irregulares-deportados-por-ee-uu\\\/\"},\"author\":{\"name\":\"Kathy\",\"@id\":\"https:\\\/\\\/www.cuballama.com\\\/noticias\\\/#\\\/schema\\\/person\\\/86cd3e3f4974437f031211213bf892d5\"},\"headline\":\"Llegan a Cuba otros 139 migrantes irregulares deportados por EE.UU.\",\"datePublished\":\"2025-11-21T11:24:48+00:00\",\"dateModified\":\"2025-11-21T11:33:02+00:00\",\"mainEntityOfPage\":{\"@id\":\"https:\\\/\\\/www.cuballama.com\\\/noticias\\\/llegan-a-cuba-otros-139-migrantes-irregulares-deportados-por-ee-uu\\\/\"},\"wordCount\":381,\"commentCount\":0,\"publisher\":{\"@id\":\"https:\\\/\\\/www.cuballama.com\\\/noticias\\\/#organization\"},\"image\":{\"@id\":\"https:\\\/\\\/www.cuballama.com\\\/noticias\\\/llegan-a-cuba-otros-139-migrantes-irregulares-deportados-por-ee-uu\\\/#primaryimage\"},\"thumbnailUrl\":\"https:\\\/\\\/cdn1.mediawpaccore.net\\\/wp-content\\\/uploads\\\/2025\\\/11\\\/20222852\\\/586529526_122216584520282427_3599761715070557550_n1.jpg\",\"keywords\":[\"administraci\u00f3n Trump\",\"Inmigrantes cubanos\",\"Migrantes cubanos\",\"superdestacado\",\"vuelo de deportaci\u00f3n\"],\"articleSection\":[\"Noticias\",\"Noticias de Cuba\"],\"inLanguage\":\"es\",\"potentialAction\":[{\"@type\":\"CommentAction\",\"name\":\"Comment\",\"target\":[\"https:\\\/\\\/www.cuballama.com\\\/noticias\\\/llegan-a-cuba-otros-139-migrantes-irregulares-deportados-por-ee-uu\\\/#respond\"]}]},{\"@type\":\"WebPage\",\"@id\":\"https:\\\/\\\/www.cuballama.com\\\/noticias\\\/llegan-a-cuba-otros-139-migrantes-irregulares-deportados-por-ee-uu\\\/\",\"url\":\"https:\\\/\\\/www.cuballama.com\\\/noticias\\\/llegan-a-cuba-otros-139-migrantes-irregulares-deportados-por-ee-uu\\\/\",\"name\":\"Llegan a Cuba otros 139 migrantes irregulares deportados por EE.UU. - Cuballama Noticias\",\"isPartOf\":{\"@id\":\"https:\\\/\\\/www.cuballama.com\\\/noticias\\\/#website\"},\"primaryImageOfPage\":{\"@id\":\"https:\\\/\\\/www.cuballama.com\\\/noticias\\\/llegan-a-cuba-otros-139-migrantes-irregulares-deportados-por-ee-uu\\\/#primaryimage\"},\"image\":{\"@id\":\"https:\\\/\\\/www.cuballama.com\\\/noticias\\\/llegan-a-cuba-otros-139-migrantes-irregulares-deportados-por-ee-uu\\\/#primaryimage\"},\"thumbnailUrl\":\"https:\\\/\\\/cdn1.mediawpaccore.net\\\/wp-content\\\/uploads\\\/2025\\\/11\\\/20222852\\\/586529526_122216584520282427_3599761715070557550_n1.jpg\",\"datePublished\":\"2025-11-21T11:24:48+00:00\",\"dateModified\":\"2025-11-21T11:33:02+00:00\",\"description\":\"\u200eLas autoridades estadounidenses devolvieron a Cuba a 139 migrantes irregulares este jueves 20 de noviembre.\",\"breadcrumb\":{\"@id\":\"https:\\\/\\\/www.cuballama.com\\\/noticias\\\/llegan-a-cuba-otros-139-migrantes-irregulares-deportados-por-ee-uu\\\/#breadcrumb\"},\"inLanguage\":\"es\",\"potentialAction\":[{\"@type\":\"ReadAction\",\"target\":[\"https:\\\/\\\/www.cuballama.com\\\/noticias\\\/llegan-a-cuba-otros-139-migrantes-irregulares-deportados-por-ee-uu\\\/\"]}]},{\"@type\":\"ImageObject\",\"inLanguage\":\"es\",\"@id\":\"https:\\\/\\\/www.cuballama.com\\\/noticias\\\/llegan-a-cuba-otros-139-migrantes-irregulares-deportados-por-ee-uu\\\/#primaryimage\",\"url\":\"https:\\\/\\\/cdn1.mediawpaccore.net\\\/wp-content\\\/uploads\\\/2025\\\/11\\\/20222852\\\/586529526_122216584520282427_3599761715070557550_n1.jpg\",\"contentUrl\":\"https:\\\/\\\/cdn1.mediawpaccore.net\\\/wp-content\\\/uploads\\\/2025\\\/11\\\/20222852\\\/586529526_122216584520282427_3599761715070557550_n1.jpg\",\"width\":1200,\"height\":630,\"caption\":\"Vuelo de deportaci\u00f3n el 20 de noviembre de 2022. Foto: Facebook\\\/Minint Hoy.\"},{\"@type\":\"BreadcrumbList\",\"@id\":\"https:\\\/\\\/www.cuballama.com\\\/noticias\\\/llegan-a-cuba-otros-139-migrantes-irregulares-deportados-por-ee-uu\\\/#breadcrumb\",\"itemListElement\":[{\"@type\":\"ListItem\",\"position\":1,\"name\":\"Home\",\"item\":\"https:\\\/\\\/www.cuballama.com\\\/noticias\\\/\"},{\"@type\":\"ListItem\",\"position\":2,\"name\":\"Llegan a Cuba otros 139 migrantes irregulares deportados por EE.UU.\"}]},{\"@type\":\"WebSite\",\"@id\":\"https:\\\/\\\/www.cuballama.com\\\/noticias\\\/#website\",\"url\":\"https:\\\/\\\/www.cuballama.com\\\/noticias\\\/\",\"name\":\"Cuballama Noticias\",\"description\":\"Medio digital sobre Cuba y el mundo\",\"publisher\":{\"@id\":\"https:\\\/\\\/www.cuballama.com\\\/noticias\\\/#organization\"},\"potentialAction\":[{\"@type\":\"SearchAction\",\"target\":{\"@type\":\"EntryPoint\",\"urlTemplate\":\"https:\\\/\\\/www.cuballama.com\\\/noticias\\\/?s={search_term_string}\"},\"query-input\":{\"@type\":\"PropertyValueSpecification\",\"valueRequired\":true,\"valueName\":\"search_term_string\"}}],\"inLanguage\":\"es\"},{\"@type\":\"Organization\",\"@id\":\"https:\\\/\\\/www.cuballama.com\\\/noticias\\\/#organization\",\"name\":\"Cuballama\",\"url\":\"https:\\\/\\\/www.cuballama.com\\\/noticias\\\/\",\"logo\":{\"@type\":\"ImageObject\",\"inLanguage\":\"es\",\"@id\":\"https:\\\/\\\/www.cuballama.com\\\/noticias\\\/#\\\/schema\\\/logo\\\/image\\\/\",\"url\":\"https:\\\/\\\/cdn1.mediawpaccore.net\\\/wp-content\\\/uploads\\\/2021\\\/12\\\/28171206\\\/cbll-logo-color-sm.png\",\"contentUrl\":\"https:\\\/\\\/cdn1.mediawpaccore.net\\\/wp-content\\\/uploads\\\/2021\\\/12\\\/28171206\\\/cbll-logo-color-sm.png\",\"width\":600,\"height\":133,\"caption\":\"Cuballama\"},\"image\":{\"@id\":\"https:\\\/\\\/www.cuballama.com\\\/noticias\\\/#\\\/schema\\\/logo\\\/image\\\/\"},\"sameAs\":[\"https:\\\/\\\/www.facebook.com\\\/CubaLlama\",\"https:\\\/\\\/x.com\\\/cuballama\",\"https:\\\/\\\/www.instagram.com\\\/stories\\\/cuballama_oficial\\\/\",\"https:\\\/\\\/www.youtube.com\\\/channel\\\/UCKkFE-d_axENGZcrc4as0IA\"]},{\"@type\":\"Person\",\"@id\":\"https:\\\/\\\/www.cuballama.com\\\/noticias\\\/#\\\/schema\\\/person\\\/86cd3e3f4974437f031211213bf892d5\",\"name\":\"Kathy\",\"url\":\"https:\\\/\\\/www.cuballama.com\\\/noticias\\\/author\\\/kathy\\\/\"}]}<\/script>\n<!-- \/ Yoast SEO plugin. -->","yoast_head_json":{"title":"Llegan a Cuba otros 139 migrantes irregulares deportados por EE.UU. - Cuballama Noticias","description":"\u200eLas autoridades estadounidenses devolvieron a Cuba a 139 migrantes irregulares este jueves 20 de noviembre.","robots":{"index":"index","follow":"follow","max-snippet":"max-snippet:-1","max-image-preview":"max-image-preview:large","max-video-preview":"max-video-preview:-1"},"canonical":"https:\/\/www.cuballama.com\/noticias\/llegan-a-cuba-otros-139-migrantes-irregulares-deportados-por-ee-uu\/","og_locale":"es_ES","og_type":"article","og_title":"Llegan a Cuba otros 139 migrantes irregulares deportados por EE.UU. - Cuballama Noticias","og_description":"\u200eLas autoridades estadounidenses devolvieron a Cuba a 139 migrantes irregulares este jueves 20 de noviembre.","og_url":"https:\/\/www.cuballama.com\/noticias\/llegan-a-cuba-otros-139-migrantes-irregulares-deportados-por-ee-uu\/","og_site_name":"Cuballama Noticias","article_publisher":"https:\/\/www.facebook.com\/CubaLlama","article_published_time":"2025-11-21T11:24:48+00:00","article_modified_time":"2025-11-21T11:33:02+00:00","og_image":[{"width":1200,"height":630,"url":"https:\/\/cdn1.mediawpaccore.net\/wp-content\/uploads\/2025\/11\/20222852\/586529526_122216584520282427_3599761715070557550_n1.jpg","type":"image\/jpeg"}],"author":"Kathy","twitter_card":"summary_large_image","twitter_creator":"@cuballama","twitter_site":"@cuballama","twitter_misc":{"Escrito por":"Kathy","Tiempo de lectura":"2 minutos"},"schema":{"@context":"https:\/\/schema.org","@graph":[{"@type":"Article","@id":"https:\/\/www.cuballama.com\/noticias\/llegan-a-cuba-otros-139-migrantes-irregulares-deportados-por-ee-uu\/#article","isPartOf":{"@id":"https:\/\/www.cuballama.com\/noticias\/llegan-a-cuba-otros-139-migrantes-irregulares-deportados-por-ee-uu\/"},"author":{"name":"Kathy","@id":"https:\/\/www.cuballama.com\/noticias\/#\/schema\/person\/86cd3e3f4974437f031211213bf892d5"},"headline":"Llegan a Cuba otros 139 migrantes irregulares deportados por EE.UU.","datePublished":"2025-11-21T11:24:48+00:00","dateModified":"2025-11-21T11:33:02+00:00","mainEntityOfPage":{"@id":"https:\/\/www.cuballama.com\/noticias\/llegan-a-cuba-otros-139-migrantes-irregulares-deportados-por-ee-uu\/"},"wordCount":381,"commentCount":0,"publisher":{"@id":"https:\/\/www.cuballama.com\/noticias\/#organization"},"image":{"@id":"https:\/\/www.cuballama.com\/noticias\/llegan-a-cuba-otros-139-migrantes-irregulares-deportados-por-ee-uu\/#primaryimage"},"thumbnailUrl":"https:\/\/cdn1.mediawpaccore.net\/wp-content\/uploads\/2025\/11\/20222852\/586529526_122216584520282427_3599761715070557550_n1.jpg","keywords":["administraci\u00f3n Trump","Inmigrantes cubanos","Migrantes cubanos","superdestacado","vuelo de deportaci\u00f3n"],"articleSection":["Noticias","Noticias de Cuba"],"inLanguage":"es","potentialAction":[{"@type":"CommentAction","name":"Comment","target":["https:\/\/www.cuballama.com\/noticias\/llegan-a-cuba-otros-139-migrantes-irregulares-deportados-por-ee-uu\/#respond"]}]},{"@type":"WebPage","@id":"https:\/\/www.cuballama.com\/noticias\/llegan-a-cuba-otros-139-migrantes-irregulares-deportados-por-ee-uu\/","url":"https:\/\/www.cuballama.com\/noticias\/llegan-a-cuba-otros-139-migrantes-irregulares-deportados-por-ee-uu\/","name":"Llegan a Cuba otros 139 migrantes irregulares deportados por EE.UU. - Cuballama Noticias","isPartOf":{"@id":"https:\/\/www.cuballama.com\/noticias\/#website"},"primaryImageOfPage":{"@id":"https:\/\/www.cuballama.com\/noticias\/llegan-a-cuba-otros-139-migrantes-irregulares-deportados-por-ee-uu\/#primaryimage"},"image":{"@id":"https:\/\/www.cuballama.com\/noticias\/llegan-a-cuba-otros-139-migrantes-irregulares-deportados-por-ee-uu\/#primaryimage"},"thumbnailUrl":"https:\/\/cdn1.mediawpaccore.net\/wp-content\/uploads\/2025\/11\/20222852\/586529526_122216584520282427_3599761715070557550_n1.jpg","datePublished":"2025-11-21T11:24:48+00:00","dateModified":"2025-11-21T11:33:02+00:00","description":"\u200eLas autoridades estadounidenses devolvieron a Cuba a 139 migrantes irregulares este jueves 20 de noviembre.","breadcrumb":{"@id":"https:\/\/www.cuballama.com\/noticias\/llegan-a-cuba-otros-139-migrantes-irregulares-deportados-por-ee-uu\/#breadcrumb"},"inLanguage":"es","potentialAction":[{"@type":"ReadAction","target":["https:\/\/www.cuballama.com\/noticias\/llegan-a-cuba-otros-139-migrantes-irregulares-deportados-por-ee-uu\/"]}]},{"@type":"ImageObject","inLanguage":"es","@id":"https:\/\/www.cuballama.com\/noticias\/llegan-a-cuba-otros-139-migrantes-irregulares-deportados-por-ee-uu\/#primaryimage","url":"https:\/\/cdn1.mediawpaccore.net\/wp-content\/uploads\/2025\/11\/20222852\/586529526_122216584520282427_3599761715070557550_n1.jpg","contentUrl":"https:\/\/cdn1.mediawpaccore.net\/wp-content\/uploads\/2025\/11\/20222852\/586529526_122216584520282427_3599761715070557550_n1.jpg","width":1200,"height":630,"caption":"Vuelo de deportaci\u00f3n el 20 de noviembre de 2022. Foto: Facebook\/Minint Hoy."},{"@type":"BreadcrumbList","@id":"https:\/\/www.cuballama.com\/noticias\/llegan-a-cuba-otros-139-migrantes-irregulares-deportados-por-ee-uu\/#breadcrumb","itemListElement":[{"@type":"ListItem","position":1,"name":"Home","item":"https:\/\/www.cuballama.com\/noticias\/"},{"@type":"ListItem","position":2,"name":"Llegan a Cuba otros 139 migrantes irregulares deportados por EE.UU."}]},{"@type":"WebSite","@id":"https:\/\/www.cuballama.com\/noticias\/#website","url":"https:\/\/www.cuballama.com\/noticias\/","name":"Cuballama Noticias","description":"Medio digital sobre Cuba y el mundo","publisher":{"@id":"https:\/\/www.cuballama.com\/noticias\/#organization"},"potentialAction":[{"@type":"SearchAction","target":{"@type":"EntryPoint","urlTemplate":"https:\/\/www.cuballama.com\/noticias\/?s={search_term_string}"},"query-input":{"@type":"PropertyValueSpecification","valueRequired":true,"valueName":"search_term_string"}}],"inLanguage":"es"},{"@type":"Organization","@id":"https:\/\/www.cuballama.com\/noticias\/#organization","name":"Cuballama","url":"https:\/\/www.cuballama.com\/noticias\/","logo":{"@type":"ImageObject","inLanguage":"es","@id":"https:\/\/www.cuballama.com\/noticias\/#\/schema\/logo\/image\/","url":"https:\/\/cdn1.mediawpaccore.net\/wp-content\/uploads\/2021\/12\/28171206\/cbll-logo-color-sm.png","contentUrl":"https:\/\/cdn1.mediawpaccore.net\/wp-content\/uploads\/2021\/12\/28171206\/cbll-logo-color-sm.png","width":600,"height":133,"caption":"Cuballama"},"image":{"@id":"https:\/\/www.cuballama.com\/noticias\/#\/schema\/logo\/image\/"},"sameAs":["https:\/\/www.facebook.com\/CubaLlama","https:\/\/x.com\/cuballama","https:\/\/www.instagram.com\/stories\/cuballama_oficial\/","https:\/\/www.youtube.com\/channel\/UCKkFE-d_axENGZcrc4as0IA"]},{"@type":"Person","@id":"https:\/\/www.cuballama.com\/noticias\/#\/schema\/person\/86cd3e3f4974437f031211213bf892d5","name":"Kathy","url":"https:\/\/www.cuballama.com\/noticias\/author\/kathy\/"}]}},"_links":{"self":[{"href":"https:\/\/www.cuballama.com\/noticias\/wp-json\/wp\/v2\/posts\/226553","targetHints":{"allow":["GET"]}}],"collection":[{"href":"https:\/\/www.cuballama.com\/noticias\/wp-json\/wp\/v2\/posts"}],"about":[{"href":"https:\/\/www.cuballama.com\/noticias\/wp-json\/wp\/v2\/types\/post"}],"author":[{"embeddable":true,"href":"https:\/\/www.cuballama.com\/noticias\/wp-json\/wp\/v2\/users\/30"}],"replies":[{"embeddable":true,"href":"https:\/\/www.cuballama.com\/noticias\/wp-json\/wp\/v2\/comments?post=226553"}],"version-history":[{"count":6,"href":"https:\/\/www.cuballama.com\/noticias\/wp-json\/wp\/v2\/posts\/226553\/revisions"}],"predecessor-version":[{"id":226568,"href":"https:\/\/www.cuballama.com\/noticias\/wp-json\/wp\/v2\/posts\/226553\/revisions\/226568"}],"wp:featuredmedia":[{"embeddable":true,"href":"https:\/\/www.cuballama.com\/noticias\/wp-json\/wp\/v2\/media\/226555"}],"wp:attachment":[{"href":"https:\/\/www.cuballama.com\/noticias\/wp-json\/wp\/v2\/media?parent=226553"}],"wp:term":[{"taxonomy":"category","embeddable":true,"href":"https:\/\/www.cuballama.com\/noticias\/wp-json\/wp\/v2\/categories?post=226553"},{"taxonomy":"post_tag","embeddable":true,"href":"https:\/\/www.cuballama.com\/noticias\/wp-json\/wp\/v2\/tags?post=226553"}],"curies":[{"name":"wp","href":"https:\/\/api.w.org\/{rel}","templated":true}]}}