{"id":226401,"date":"2025-11-19T13:12:01","date_gmt":"2025-11-19T18:12:01","guid":{"rendered":"https:\/\/www.cuballama.com\/noticias\/?p=226401"},"modified":"2025-11-19T13:15:09","modified_gmt":"2025-11-19T18:15:09","slug":"periodista-cubano-es-hallado-sin-vida-en-su-casa-en-villa-clara","status":"publish","type":"post","link":"https:\/\/www.cuballama.com\/noticias\/periodista-cubano-es-hallado-sin-vida-en-su-casa-en-villa-clara\/","title":{"rendered":"Periodista cubano es hallado sin vida en su casa en Villa Clara"},"content":{"rendered":"\n<p>El periodista cubano Ricardo R. Gonz\u00e1lez fue hallado sin vida \u201csobre la cama\u201d en su casa en la ciudad de Santa Clara, Villa Clara.<\/p>\n\n\n\n<p>As\u00ed lo confirm\u00f3 este martes en Facebook uno de sus compa\u00f1eros en el medio provincial <em>Vanguardia<\/em>, Francisnet D\u00edaz Rond\u00f3n.<\/p>\n\n\n\n<p>\u201cUna triste noticia para el gremio period\u00edstico villaclare\u00f1o: ha fallecido el colega, amigo y compa\u00f1ero Ricardo R. Gonz\u00e1lez, quien deja un gran vac\u00edo en el colectivo del peri\u00f3dico <em>Vanguardia de Cuba<\/em>\u201d, lament\u00f3 D\u00edaz Rond\u00f3n.<\/p>\n\n\n\n<iframe loading=\"lazy\" src=\"https:\/\/www.facebook.com\/plugins\/post.php?href=https%3A%2F%2Fwww.facebook.com%2Ffrancisnet.rondon%2Fposts%2Fpfbid031xbi7g5CFCjY9pF3d6vwXYq69SxHu87WGNwWjhNebo75Bzgxt7FczunQsfTpkYWql&#038;show_text=true&#038;width=500\" width=\"500\" height=\"592\" style=\"border:none;overflow:hidden\" scrolling=\"no\" frameborder=\"0\" allowfullscreen=\"true\" allow=\"autoplay; clipboard-write; encrypted-media; picture-in-picture; web-share\"><\/iframe>\n\n\n\n<p>Si bien en el apartado de comentarios de su publicaci\u00f3n el tambi\u00e9n reportero local se\u00f1al\u00f3 que todav\u00eda no se conocen las causas del fallecimiento de Gonz\u00e1lez, se sabe que fue una alerta de los vecinos, quienes llevaban d\u00edas sin verlo y notaron un olor desagradable proveniente de su casa, lo que motiv\u00f3 la intervenci\u00f3n de las autoridades.<\/p>\n\n\n\n<p>Seg\u00fan el testimonio del periodista oficialista, varios polic\u00edas accedieron a la vivienda saltando una tapia colindante, pero lo encontraron ya fallecido.<\/p>\n\n\n\n<p>En un escueto obituario publicado en <em>Vanguardia<\/em>, D\u00edaz Rond\u00f3n destac\u00f3 que Ricardito fue \u201cun avezado periodista\u201d que \u201cdurante su vasta trayectoria\u201d dio cobertura principalmente a las ramas de la Federaci\u00f3n de Mujeres Cubanas, la Salud y la Ciencia y la T\u00e9cnica, \u201ccon dis\u00edmiles reportajes y entrevistas\u201d.<\/p>\n\n\n\n<figure class=\"wp-block-image size-full\"><img loading=\"lazy\" decoding=\"async\" width=\"693\" height=\"186\" src=\"https:\/\/cdn1.mediawpaccore.net\/wp-content\/uploads\/2025\/11\/19130920\/lamentablevideo11.webp\" alt=\"\" class=\"wp-image-226405\" srcset=\"https:\/\/cdn1.mediawpaccore.net\/wp-content\/uploads\/2025\/11\/19130920\/lamentablevideo11.webp 693w, https:\/\/cdn1.mediawpaccore.net\/wp-content\/uploads\/2025\/11\/19130920\/lamentablevideo11-300x81.webp 300w, https:\/\/cdn1.mediawpaccore.net\/wp-content\/uploads\/2025\/11\/19130920\/lamentablevideo11-150x40.webp 150w\" sizes=\"auto, (max-width: 693px) 100vw, 693px\" \/><\/figure>\n\n\n\n<p>\u201cSu p\u00e9rdida causa una gran tristeza entre todos los que le conocimos y compartimos a\u00f1os de labor y amistad. Hasta siempre, Ricardito. Descansa en paz\u201d, concluy\u00f3 en un texto tambi\u00e9n reproducido por la Uni\u00f3n de Periodistas de Villa Clara.<\/p>\n\n\n\n<p>Fuentes comunitarias, citadas por la p\u00e1gina<em> La Tijera<\/em>, informaron que el caso est\u00e1 bajo evaluaci\u00f3n de Medicina Legal, que debe determinar las causas del fallecimiento.<\/p>\n\n\n\n<p>En tanto, numerosos colegas y amigos recordaron a Ricardito como un periodista que priorizaba lo humano, por lo que era habitual verlo en hospitales, escuelas, barrios humildes o centros de investigaci\u00f3n.<\/p>\n\n\n\n<p>Adem\u00e1s, sus conocidos destacaron sus buenos modales y la sonrisa con la que siempre se dirig\u00eda a los dem\u00e1s.<\/p>\n\n\n\n<p><\/p>\n","protected":false},"excerpt":{"rendered":"<p>Vecinos del querido reportero avisaron a las autoridades de que hac\u00eda d\u00edas no lo ve\u00edan.<\/p>\n","protected":false},"author":30,"featured_media":226403,"comment_status":"open","ping_status":"closed","sticky":false,"template":"","format":"standard","meta":{"_acf_changed":false,"footnotes":""},"categories":[18,955],"tags":[20438,941,5548,29244],"class_list":{"0":"post-226401","1":"post","2":"type-post","3":"status-publish","4":"format-standard","5":"has-post-thumbnail","7":"category-noticias","8":"category-noticias-de-cuba","9":"tag-cuerpo-sin-vida","10":"tag-destacado","11":"tag-periodista-cubano","12":"tag-ricardo-r-gonzalez"},"acf":[],"yoast_head":"<!-- This site is optimized with the Yoast SEO plugin v27.4 - https:\/\/yoast.com\/product\/yoast-seo-wordpress\/ -->\n<title>Periodista cubano es hallado sin vida en su casa en Villa Clara - Cuballama Noticias<\/title>\n<meta name=\"description\" content=\"El periodista cubano Ricardo R. Gonz\u00e1lez fue hallado sin vida \u201csobre la cama\u201d en su casa en la ciudad de Santa Clara, Villa Clara.\" \/>\n<meta name=\"robots\" content=\"index, follow, max-snippet:-1, max-image-preview:large, max-video-preview:-1\" \/>\n<link rel=\"canonical\" href=\"https:\/\/www.cuballama.com\/noticias\/periodista-cubano-es-hallado-sin-vida-en-su-casa-en-villa-clara\/\" \/>\n<meta property=\"og:locale\" content=\"es_ES\" \/>\n<meta property=\"og:type\" content=\"article\" \/>\n<meta property=\"og:title\" content=\"Periodista cubano es hallado sin vida en su casa en Villa Clara - Cuballama Noticias\" \/>\n<meta property=\"og:description\" content=\"El periodista cubano Ricardo R. Gonz\u00e1lez fue hallado sin vida \u201csobre la cama\u201d en su casa en la ciudad de Santa Clara, Villa Clara.\" \/>\n<meta property=\"og:url\" content=\"https:\/\/www.cuballama.com\/noticias\/periodista-cubano-es-hallado-sin-vida-en-su-casa-en-villa-clara\/\" \/>\n<meta property=\"og:site_name\" content=\"Cuballama Noticias\" \/>\n<meta property=\"article:publisher\" content=\"https:\/\/www.facebook.com\/CubaLlama\" \/>\n<meta property=\"article:published_time\" content=\"2025-11-19T18:12:01+00:00\" \/>\n<meta property=\"article:modified_time\" content=\"2025-11-19T18:15:09+00:00\" \/>\n<meta property=\"og:image\" content=\"https:\/\/cdn1.mediawpaccore.net\/wp-content\/uploads\/2025\/11\/19124314\/portada1.jpg\" \/>\n\t<meta property=\"og:image:width\" content=\"1200\" \/>\n\t<meta property=\"og:image:height\" content=\"630\" \/>\n\t<meta property=\"og:image:type\" content=\"image\/jpeg\" \/>\n<meta name=\"author\" content=\"Kathy\" \/>\n<meta name=\"twitter:card\" content=\"summary_large_image\" \/>\n<meta name=\"twitter:creator\" content=\"@cuballama\" \/>\n<meta name=\"twitter:site\" content=\"@cuballama\" \/>\n<meta name=\"twitter:label1\" content=\"Escrito por\" \/>\n\t<meta name=\"twitter:data1\" content=\"Kathy\" \/>\n\t<meta name=\"twitter:label2\" content=\"Tiempo de lectura\" \/>\n\t<meta name=\"twitter:data2\" content=\"2 minutos\" \/>\n<script type=\"application\/ld+json\" class=\"yoast-schema-graph\">{\"@context\":\"https:\\\/\\\/schema.org\",\"@graph\":[{\"@type\":\"Article\",\"@id\":\"https:\\\/\\\/www.cuballama.com\\\/noticias\\\/periodista-cubano-es-hallado-sin-vida-en-su-casa-en-villa-clara\\\/#article\",\"isPartOf\":{\"@id\":\"https:\\\/\\\/www.cuballama.com\\\/noticias\\\/periodista-cubano-es-hallado-sin-vida-en-su-casa-en-villa-clara\\\/\"},\"author\":{\"name\":\"Kathy\",\"@id\":\"https:\\\/\\\/www.cuballama.com\\\/noticias\\\/#\\\/schema\\\/person\\\/86cd3e3f4974437f031211213bf892d5\"},\"headline\":\"Periodista cubano es hallado sin vida en su casa en Villa Clara\",\"datePublished\":\"2025-11-19T18:12:01+00:00\",\"dateModified\":\"2025-11-19T18:15:09+00:00\",\"mainEntityOfPage\":{\"@id\":\"https:\\\/\\\/www.cuballama.com\\\/noticias\\\/periodista-cubano-es-hallado-sin-vida-en-su-casa-en-villa-clara\\\/\"},\"wordCount\":363,\"commentCount\":0,\"publisher\":{\"@id\":\"https:\\\/\\\/www.cuballama.com\\\/noticias\\\/#organization\"},\"image\":{\"@id\":\"https:\\\/\\\/www.cuballama.com\\\/noticias\\\/periodista-cubano-es-hallado-sin-vida-en-su-casa-en-villa-clara\\\/#primaryimage\"},\"thumbnailUrl\":\"https:\\\/\\\/cdn1.mediawpaccore.net\\\/wp-content\\\/uploads\\\/2025\\\/11\\\/19124314\\\/portada1.jpg\",\"keywords\":[\"cuerpo sin vida\",\"destacado\",\"Periodista cubano\",\"Ricardo R. Gonz\u00e1lez\"],\"articleSection\":[\"Noticias\",\"Noticias de Cuba\"],\"inLanguage\":\"es\",\"potentialAction\":[{\"@type\":\"CommentAction\",\"name\":\"Comment\",\"target\":[\"https:\\\/\\\/www.cuballama.com\\\/noticias\\\/periodista-cubano-es-hallado-sin-vida-en-su-casa-en-villa-clara\\\/#respond\"]}]},{\"@type\":\"WebPage\",\"@id\":\"https:\\\/\\\/www.cuballama.com\\\/noticias\\\/periodista-cubano-es-hallado-sin-vida-en-su-casa-en-villa-clara\\\/\",\"url\":\"https:\\\/\\\/www.cuballama.com\\\/noticias\\\/periodista-cubano-es-hallado-sin-vida-en-su-casa-en-villa-clara\\\/\",\"name\":\"Periodista cubano es hallado sin vida en su casa en Villa Clara - Cuballama Noticias\",\"isPartOf\":{\"@id\":\"https:\\\/\\\/www.cuballama.com\\\/noticias\\\/#website\"},\"primaryImageOfPage\":{\"@id\":\"https:\\\/\\\/www.cuballama.com\\\/noticias\\\/periodista-cubano-es-hallado-sin-vida-en-su-casa-en-villa-clara\\\/#primaryimage\"},\"image\":{\"@id\":\"https:\\\/\\\/www.cuballama.com\\\/noticias\\\/periodista-cubano-es-hallado-sin-vida-en-su-casa-en-villa-clara\\\/#primaryimage\"},\"thumbnailUrl\":\"https:\\\/\\\/cdn1.mediawpaccore.net\\\/wp-content\\\/uploads\\\/2025\\\/11\\\/19124314\\\/portada1.jpg\",\"datePublished\":\"2025-11-19T18:12:01+00:00\",\"dateModified\":\"2025-11-19T18:15:09+00:00\",\"description\":\"El periodista cubano Ricardo R. Gonz\u00e1lez fue hallado sin vida \u201csobre la cama\u201d en su casa en la ciudad de Santa Clara, Villa Clara.\",\"breadcrumb\":{\"@id\":\"https:\\\/\\\/www.cuballama.com\\\/noticias\\\/periodista-cubano-es-hallado-sin-vida-en-su-casa-en-villa-clara\\\/#breadcrumb\"},\"inLanguage\":\"es\",\"potentialAction\":[{\"@type\":\"ReadAction\",\"target\":[\"https:\\\/\\\/www.cuballama.com\\\/noticias\\\/periodista-cubano-es-hallado-sin-vida-en-su-casa-en-villa-clara\\\/\"]}]},{\"@type\":\"ImageObject\",\"inLanguage\":\"es\",\"@id\":\"https:\\\/\\\/www.cuballama.com\\\/noticias\\\/periodista-cubano-es-hallado-sin-vida-en-su-casa-en-villa-clara\\\/#primaryimage\",\"url\":\"https:\\\/\\\/cdn1.mediawpaccore.net\\\/wp-content\\\/uploads\\\/2025\\\/11\\\/19124314\\\/portada1.jpg\",\"contentUrl\":\"https:\\\/\\\/cdn1.mediawpaccore.net\\\/wp-content\\\/uploads\\\/2025\\\/11\\\/19124314\\\/portada1.jpg\",\"width\":1200,\"height\":630,\"caption\":\"Ricardo R. Gonz\u00e1lez. Foto: Vanguardia de Cuba.\"},{\"@type\":\"BreadcrumbList\",\"@id\":\"https:\\\/\\\/www.cuballama.com\\\/noticias\\\/periodista-cubano-es-hallado-sin-vida-en-su-casa-en-villa-clara\\\/#breadcrumb\",\"itemListElement\":[{\"@type\":\"ListItem\",\"position\":1,\"name\":\"Home\",\"item\":\"https:\\\/\\\/www.cuballama.com\\\/noticias\\\/\"},{\"@type\":\"ListItem\",\"position\":2,\"name\":\"Periodista cubano es hallado sin vida en su casa en Villa Clara\"}]},{\"@type\":\"WebSite\",\"@id\":\"https:\\\/\\\/www.cuballama.com\\\/noticias\\\/#website\",\"url\":\"https:\\\/\\\/www.cuballama.com\\\/noticias\\\/\",\"name\":\"Cuballama Noticias\",\"description\":\"Medio digital sobre Cuba y el mundo\",\"publisher\":{\"@id\":\"https:\\\/\\\/www.cuballama.com\\\/noticias\\\/#organization\"},\"potentialAction\":[{\"@type\":\"SearchAction\",\"target\":{\"@type\":\"EntryPoint\",\"urlTemplate\":\"https:\\\/\\\/www.cuballama.com\\\/noticias\\\/?s={search_term_string}\"},\"query-input\":{\"@type\":\"PropertyValueSpecification\",\"valueRequired\":true,\"valueName\":\"search_term_string\"}}],\"inLanguage\":\"es\"},{\"@type\":\"Organization\",\"@id\":\"https:\\\/\\\/www.cuballama.com\\\/noticias\\\/#organization\",\"name\":\"Cuballama\",\"url\":\"https:\\\/\\\/www.cuballama.com\\\/noticias\\\/\",\"logo\":{\"@type\":\"ImageObject\",\"inLanguage\":\"es\",\"@id\":\"https:\\\/\\\/www.cuballama.com\\\/noticias\\\/#\\\/schema\\\/logo\\\/image\\\/\",\"url\":\"https:\\\/\\\/cdn1.mediawpaccore.net\\\/wp-content\\\/uploads\\\/2021\\\/12\\\/28171206\\\/cbll-logo-color-sm.png\",\"contentUrl\":\"https:\\\/\\\/cdn1.mediawpaccore.net\\\/wp-content\\\/uploads\\\/2021\\\/12\\\/28171206\\\/cbll-logo-color-sm.png\",\"width\":600,\"height\":133,\"caption\":\"Cuballama\"},\"image\":{\"@id\":\"https:\\\/\\\/www.cuballama.com\\\/noticias\\\/#\\\/schema\\\/logo\\\/image\\\/\"},\"sameAs\":[\"https:\\\/\\\/www.facebook.com\\\/CubaLlama\",\"https:\\\/\\\/x.com\\\/cuballama\",\"https:\\\/\\\/www.instagram.com\\\/stories\\\/cuballama_oficial\\\/\",\"https:\\\/\\\/www.youtube.com\\\/channel\\\/UCKkFE-d_axENGZcrc4as0IA\"]},{\"@type\":\"Person\",\"@id\":\"https:\\\/\\\/www.cuballama.com\\\/noticias\\\/#\\\/schema\\\/person\\\/86cd3e3f4974437f031211213bf892d5\",\"name\":\"Kathy\",\"url\":\"https:\\\/\\\/www.cuballama.com\\\/noticias\\\/author\\\/kathy\\\/\"}]}<\/script>\n<!-- \/ Yoast SEO plugin. -->","yoast_head_json":{"title":"Periodista cubano es hallado sin vida en su casa en Villa Clara - Cuballama Noticias","description":"El periodista cubano Ricardo R. Gonz\u00e1lez fue hallado sin vida \u201csobre la cama\u201d en su casa en la ciudad de Santa Clara, Villa Clara.","robots":{"index":"index","follow":"follow","max-snippet":"max-snippet:-1","max-image-preview":"max-image-preview:large","max-video-preview":"max-video-preview:-1"},"canonical":"https:\/\/www.cuballama.com\/noticias\/periodista-cubano-es-hallado-sin-vida-en-su-casa-en-villa-clara\/","og_locale":"es_ES","og_type":"article","og_title":"Periodista cubano es hallado sin vida en su casa en Villa Clara - Cuballama Noticias","og_description":"El periodista cubano Ricardo R. Gonz\u00e1lez fue hallado sin vida \u201csobre la cama\u201d en su casa en la ciudad de Santa Clara, Villa Clara.","og_url":"https:\/\/www.cuballama.com\/noticias\/periodista-cubano-es-hallado-sin-vida-en-su-casa-en-villa-clara\/","og_site_name":"Cuballama Noticias","article_publisher":"https:\/\/www.facebook.com\/CubaLlama","article_published_time":"2025-11-19T18:12:01+00:00","article_modified_time":"2025-11-19T18:15:09+00:00","og_image":[{"width":1200,"height":630,"url":"https:\/\/cdn1.mediawpaccore.net\/wp-content\/uploads\/2025\/11\/19124314\/portada1.jpg","type":"image\/jpeg"}],"author":"Kathy","twitter_card":"summary_large_image","twitter_creator":"@cuballama","twitter_site":"@cuballama","twitter_misc":{"Escrito por":"Kathy","Tiempo de lectura":"2 minutos"},"schema":{"@context":"https:\/\/schema.org","@graph":[{"@type":"Article","@id":"https:\/\/www.cuballama.com\/noticias\/periodista-cubano-es-hallado-sin-vida-en-su-casa-en-villa-clara\/#article","isPartOf":{"@id":"https:\/\/www.cuballama.com\/noticias\/periodista-cubano-es-hallado-sin-vida-en-su-casa-en-villa-clara\/"},"author":{"name":"Kathy","@id":"https:\/\/www.cuballama.com\/noticias\/#\/schema\/person\/86cd3e3f4974437f031211213bf892d5"},"headline":"Periodista cubano es hallado sin vida en su casa en Villa Clara","datePublished":"2025-11-19T18:12:01+00:00","dateModified":"2025-11-19T18:15:09+00:00","mainEntityOfPage":{"@id":"https:\/\/www.cuballama.com\/noticias\/periodista-cubano-es-hallado-sin-vida-en-su-casa-en-villa-clara\/"},"wordCount":363,"commentCount":0,"publisher":{"@id":"https:\/\/www.cuballama.com\/noticias\/#organization"},"image":{"@id":"https:\/\/www.cuballama.com\/noticias\/periodista-cubano-es-hallado-sin-vida-en-su-casa-en-villa-clara\/#primaryimage"},"thumbnailUrl":"https:\/\/cdn1.mediawpaccore.net\/wp-content\/uploads\/2025\/11\/19124314\/portada1.jpg","keywords":["cuerpo sin vida","destacado","Periodista cubano","Ricardo R. Gonz\u00e1lez"],"articleSection":["Noticias","Noticias de Cuba"],"inLanguage":"es","potentialAction":[{"@type":"CommentAction","name":"Comment","target":["https:\/\/www.cuballama.com\/noticias\/periodista-cubano-es-hallado-sin-vida-en-su-casa-en-villa-clara\/#respond"]}]},{"@type":"WebPage","@id":"https:\/\/www.cuballama.com\/noticias\/periodista-cubano-es-hallado-sin-vida-en-su-casa-en-villa-clara\/","url":"https:\/\/www.cuballama.com\/noticias\/periodista-cubano-es-hallado-sin-vida-en-su-casa-en-villa-clara\/","name":"Periodista cubano es hallado sin vida en su casa en Villa Clara - Cuballama Noticias","isPartOf":{"@id":"https:\/\/www.cuballama.com\/noticias\/#website"},"primaryImageOfPage":{"@id":"https:\/\/www.cuballama.com\/noticias\/periodista-cubano-es-hallado-sin-vida-en-su-casa-en-villa-clara\/#primaryimage"},"image":{"@id":"https:\/\/www.cuballama.com\/noticias\/periodista-cubano-es-hallado-sin-vida-en-su-casa-en-villa-clara\/#primaryimage"},"thumbnailUrl":"https:\/\/cdn1.mediawpaccore.net\/wp-content\/uploads\/2025\/11\/19124314\/portada1.jpg","datePublished":"2025-11-19T18:12:01+00:00","dateModified":"2025-11-19T18:15:09+00:00","description":"El periodista cubano Ricardo R. Gonz\u00e1lez fue hallado sin vida \u201csobre la cama\u201d en su casa en la ciudad de Santa Clara, Villa Clara.","breadcrumb":{"@id":"https:\/\/www.cuballama.com\/noticias\/periodista-cubano-es-hallado-sin-vida-en-su-casa-en-villa-clara\/#breadcrumb"},"inLanguage":"es","potentialAction":[{"@type":"ReadAction","target":["https:\/\/www.cuballama.com\/noticias\/periodista-cubano-es-hallado-sin-vida-en-su-casa-en-villa-clara\/"]}]},{"@type":"ImageObject","inLanguage":"es","@id":"https:\/\/www.cuballama.com\/noticias\/periodista-cubano-es-hallado-sin-vida-en-su-casa-en-villa-clara\/#primaryimage","url":"https:\/\/cdn1.mediawpaccore.net\/wp-content\/uploads\/2025\/11\/19124314\/portada1.jpg","contentUrl":"https:\/\/cdn1.mediawpaccore.net\/wp-content\/uploads\/2025\/11\/19124314\/portada1.jpg","width":1200,"height":630,"caption":"Ricardo R. Gonz\u00e1lez. Foto: Vanguardia de Cuba."},{"@type":"BreadcrumbList","@id":"https:\/\/www.cuballama.com\/noticias\/periodista-cubano-es-hallado-sin-vida-en-su-casa-en-villa-clara\/#breadcrumb","itemListElement":[{"@type":"ListItem","position":1,"name":"Home","item":"https:\/\/www.cuballama.com\/noticias\/"},{"@type":"ListItem","position":2,"name":"Periodista cubano es hallado sin vida en su casa en Villa Clara"}]},{"@type":"WebSite","@id":"https:\/\/www.cuballama.com\/noticias\/#website","url":"https:\/\/www.cuballama.com\/noticias\/","name":"Cuballama Noticias","description":"Medio digital sobre Cuba y el mundo","publisher":{"@id":"https:\/\/www.cuballama.com\/noticias\/#organization"},"potentialAction":[{"@type":"SearchAction","target":{"@type":"EntryPoint","urlTemplate":"https:\/\/www.cuballama.com\/noticias\/?s={search_term_string}"},"query-input":{"@type":"PropertyValueSpecification","valueRequired":true,"valueName":"search_term_string"}}],"inLanguage":"es"},{"@type":"Organization","@id":"https:\/\/www.cuballama.com\/noticias\/#organization","name":"Cuballama","url":"https:\/\/www.cuballama.com\/noticias\/","logo":{"@type":"ImageObject","inLanguage":"es","@id":"https:\/\/www.cuballama.com\/noticias\/#\/schema\/logo\/image\/","url":"https:\/\/cdn1.mediawpaccore.net\/wp-content\/uploads\/2021\/12\/28171206\/cbll-logo-color-sm.png","contentUrl":"https:\/\/cdn1.mediawpaccore.net\/wp-content\/uploads\/2021\/12\/28171206\/cbll-logo-color-sm.png","width":600,"height":133,"caption":"Cuballama"},"image":{"@id":"https:\/\/www.cuballama.com\/noticias\/#\/schema\/logo\/image\/"},"sameAs":["https:\/\/www.facebook.com\/CubaLlama","https:\/\/x.com\/cuballama","https:\/\/www.instagram.com\/stories\/cuballama_oficial\/","https:\/\/www.youtube.com\/channel\/UCKkFE-d_axENGZcrc4as0IA"]},{"@type":"Person","@id":"https:\/\/www.cuballama.com\/noticias\/#\/schema\/person\/86cd3e3f4974437f031211213bf892d5","name":"Kathy","url":"https:\/\/www.cuballama.com\/noticias\/author\/kathy\/"}]}},"_links":{"self":[{"href":"https:\/\/www.cuballama.com\/noticias\/wp-json\/wp\/v2\/posts\/226401","targetHints":{"allow":["GET"]}}],"collection":[{"href":"https:\/\/www.cuballama.com\/noticias\/wp-json\/wp\/v2\/posts"}],"about":[{"href":"https:\/\/www.cuballama.com\/noticias\/wp-json\/wp\/v2\/types\/post"}],"author":[{"embeddable":true,"href":"https:\/\/www.cuballama.com\/noticias\/wp-json\/wp\/v2\/users\/30"}],"replies":[{"embeddable":true,"href":"https:\/\/www.cuballama.com\/noticias\/wp-json\/wp\/v2\/comments?post=226401"}],"version-history":[{"count":4,"href":"https:\/\/www.cuballama.com\/noticias\/wp-json\/wp\/v2\/posts\/226401\/revisions"}],"predecessor-version":[{"id":226408,"href":"https:\/\/www.cuballama.com\/noticias\/wp-json\/wp\/v2\/posts\/226401\/revisions\/226408"}],"wp:featuredmedia":[{"embeddable":true,"href":"https:\/\/www.cuballama.com\/noticias\/wp-json\/wp\/v2\/media\/226403"}],"wp:attachment":[{"href":"https:\/\/www.cuballama.com\/noticias\/wp-json\/wp\/v2\/media?parent=226401"}],"wp:term":[{"taxonomy":"category","embeddable":true,"href":"https:\/\/www.cuballama.com\/noticias\/wp-json\/wp\/v2\/categories?post=226401"},{"taxonomy":"post_tag","embeddable":true,"href":"https:\/\/www.cuballama.com\/noticias\/wp-json\/wp\/v2\/tags?post=226401"}],"curies":[{"name":"wp","href":"https:\/\/api.w.org\/{rel}","templated":true}]}}