{"id":226312,"date":"2025-11-20T07:00:00","date_gmt":"2025-11-20T12:00:00","guid":{"rendered":"https:\/\/www.cuballama.com\/noticias\/?p=226312"},"modified":"2025-11-19T21:39:53","modified_gmt":"2025-11-20T02:39:53","slug":"actor-erdwin-fernandez-habla-sobre-amigo-periodista-hallado-muerto-en-villa-clara","status":"publish","type":"post","link":"https:\/\/www.cuballama.com\/noticias\/actor-erdwin-fernandez-habla-sobre-amigo-periodista-hallado-muerto-en-villa-clara\/","title":{"rendered":"Actor Erdwin Fern\u00e1ndez habla sobre amigo periodista hallado muerto en Villa Clara"},"content":{"rendered":"\n<p>El actor cubano Erdwin Fern\u00e1ndez despidi\u00f3 este mi\u00e9rcoles al periodista Ricardo R. Gonz\u00e1lez, <a href=\"https:\/\/www.cuballama.com\/noticias\/periodista-cubano-es-hallado-sin-vida-en-su-casa-en-villa-clara\/\" target=\"_blank\" rel=\"noreferrer noopener\">hallado muerto en su casa<\/a>, en Villa Clara, tras d\u00edas sin ser visto por sus vecinos.\u00a0<\/p>\n\n\n\n<p>Fern\u00e1ndez escribi\u00f3 un texto conmovedor tras la muerte del reportero del peri\u00f3dico provincial <em>Vanguardia<\/em>, a quien calific\u00f3 como \u201cun AMIGO, as\u00ed de grande, con may\u00fasculas: Ricardo Rodolfo Gonz\u00e1lez\u201d.\u00a0<\/p>\n\n\n\n<p>\u201cHace un tiempo no me enviaba su siempre cordial y amable saludo, sus palabras educadas y cari\u00f1osas siempre, algo tan raro y necesario en estos d\u00edas, y \u00e9l era muy puntual en su amistad\u201d, expres\u00f3 el artista a trav\u00e9s de Facebook.<\/p>\n\n\n\n<iframe loading=\"lazy\" src=\"https:\/\/www.facebook.com\/plugins\/post.php?href=https%3A%2F%2Fwww.facebook.com%2Ferdwin.fernandezcollado%2Fposts%2Fpfbid08mWGiCdfw9EeBZCzMfMoeYtzqWCwP7SXfizVhNM6NYEp5yJH54iEjswm7kN9k6JVl&#038;show_text=true&#038;width=500\" width=\"500\" height=\"723\" style=\"border:none;overflow:hidden\" scrolling=\"no\" frameborder=\"0\" allowfullscreen=\"true\" allow=\"autoplay; clipboard-write; encrypted-media; picture-in-picture; web-share\"><\/iframe>\n\n\n\n<p>\u201c\u00bfCu\u00e1ndo empez\u00f3 nuestra amistad ? No lo recuerdo bien, pero siempre estuvo ah\u00ed a pesar y por encima de todo, porque, a\u00fan cuando ya yo publicaba en Cuba todo lo que tengo el derecho a decir, en medio de tantas personas desagradables y ofensivas, opiniones y ataques en mis escritos, ah\u00ed aparec\u00eda Ricardo Rodolfo Gonz\u00e1lez con su amabilidad, amistad p\u00fablica a todas voces y letras, su rostro sonriente (porque nunca ocult\u00f3 su rostro) y sin miedo, y su gran \u00e9tica a apoyarme, con su educaci\u00f3n impecable e infinita\u201d, relat\u00f3.&nbsp;<\/p>\n\n\n\n<p>\u201cNunca hablamos de ideas pol\u00edticas, nunca cuestionamos, nunca me enter\u00e9 en qu\u00e9 cre\u00eda, pero nunca hizo falta. AMISTAD, lealtad y respeto por encima de todo, y estar al lado de tu amigo cuando hace falta, limpio y metido en la pelea, entre gentes ofensivas\u201d, describi\u00f3 sobre el reportero oficialista, al que miles de villaclare\u00f1os recuerdan como un hombre afable y humano.&nbsp;<\/p>\n\n\n\n<p>\u201cTe debemos, mi esposa y yo, las cervezas y el encuentro que nos prometimos. Descansa en PAZ, AMIGO M\u00cdO. T\u00fa eras de esos pocos hombres con mucha LUZ y AMOR\u201d, concluy\u00f3.<\/p>\n\n\n\n<p>Gonz\u00e1lez fue hallado sin vida sobre su cama, despu\u00e9s de que sus vecinos, que llevaban d\u00edas sin verlo, notaron un olor desagradable proveniente de su casa, lo cual advirtieron a las autoridades.<\/p>\n\n\n\n<p>Hasta el momento se conocen las causas de su fallecimiento.<\/p>\n\n\n\n<p><\/p>\n","protected":false},"excerpt":{"rendered":"<p>El artista dedic\u00f3 un emotivo mensaje a su amigo fallecido.<\/p>\n","protected":false},"author":30,"featured_media":226438,"comment_status":"open","ping_status":"closed","sticky":false,"template":"","format":"standard","meta":{"_acf_changed":false,"footnotes":""},"categories":[18,955],"tags":[5007,941,12375,5548,29244],"class_list":{"0":"post-226312","1":"post","2":"type-post","3":"status-publish","4":"format-standard","5":"has-post-thumbnail","7":"category-noticias","8":"category-noticias-de-cuba","9":"tag-actor-cubano","10":"tag-destacado","11":"tag-erdwin-fernandez","12":"tag-periodista-cubano","13":"tag-ricardo-r-gonzalez"},"acf":[],"yoast_head":"<!-- This site is optimized with the Yoast SEO plugin v27.4 - https:\/\/yoast.com\/product\/yoast-seo-wordpress\/ -->\n<title>Actor Erdwin Fern\u00e1ndez habla sobre amigo periodista hallado muerto en Villa Clara - Cuballama Noticias<\/title>\n<meta name=\"description\" content=\"El actor cubano Erdwin Fern\u00e1ndez despidi\u00f3 este mi\u00e9rcoles a su amigo, el periodista Ricardo R. Gonz\u00e1lez, hallado muerto en Villa Clara.\" \/>\n<meta name=\"robots\" content=\"index, follow, max-snippet:-1, max-image-preview:large, max-video-preview:-1\" \/>\n<link rel=\"canonical\" href=\"https:\/\/www.cuballama.com\/noticias\/actor-erdwin-fernandez-habla-sobre-amigo-periodista-hallado-muerto-en-villa-clara\/\" \/>\n<meta property=\"og:locale\" content=\"es_ES\" \/>\n<meta property=\"og:type\" content=\"article\" \/>\n<meta property=\"og:title\" content=\"Actor Erdwin Fern\u00e1ndez habla sobre amigo periodista hallado muerto en Villa Clara - Cuballama Noticias\" \/>\n<meta property=\"og:description\" content=\"El actor cubano Erdwin Fern\u00e1ndez despidi\u00f3 este mi\u00e9rcoles a su amigo, el periodista Ricardo R. Gonz\u00e1lez, hallado muerto en Villa Clara.\" \/>\n<meta property=\"og:url\" content=\"https:\/\/www.cuballama.com\/noticias\/actor-erdwin-fernandez-habla-sobre-amigo-periodista-hallado-muerto-en-villa-clara\/\" \/>\n<meta property=\"og:site_name\" content=\"Cuballama Noticias\" \/>\n<meta property=\"article:publisher\" content=\"https:\/\/www.facebook.com\/CubaLlama\" \/>\n<meta property=\"article:published_time\" content=\"2025-11-20T12:00:00+00:00\" \/>\n<meta property=\"og:image\" content=\"https:\/\/cdn1.mediawpaccore.net\/wp-content\/uploads\/2025\/11\/19211714\/Square-black-four-4x48-1.jpg\" \/>\n\t<meta property=\"og:image:width\" content=\"1200\" \/>\n\t<meta property=\"og:image:height\" content=\"630\" \/>\n\t<meta property=\"og:image:type\" content=\"image\/jpeg\" \/>\n<meta name=\"author\" content=\"Kathy\" \/>\n<meta name=\"twitter:card\" content=\"summary_large_image\" \/>\n<meta name=\"twitter:creator\" content=\"@cuballama\" \/>\n<meta name=\"twitter:site\" content=\"@cuballama\" \/>\n<meta name=\"twitter:label1\" content=\"Escrito por\" \/>\n\t<meta name=\"twitter:data1\" content=\"Kathy\" \/>\n\t<meta name=\"twitter:label2\" content=\"Tiempo de lectura\" \/>\n\t<meta name=\"twitter:data2\" content=\"2 minutos\" \/>\n<script type=\"application\/ld+json\" class=\"yoast-schema-graph\">{\"@context\":\"https:\\\/\\\/schema.org\",\"@graph\":[{\"@type\":\"Article\",\"@id\":\"https:\\\/\\\/www.cuballama.com\\\/noticias\\\/actor-erdwin-fernandez-habla-sobre-amigo-periodista-hallado-muerto-en-villa-clara\\\/#article\",\"isPartOf\":{\"@id\":\"https:\\\/\\\/www.cuballama.com\\\/noticias\\\/actor-erdwin-fernandez-habla-sobre-amigo-periodista-hallado-muerto-en-villa-clara\\\/\"},\"author\":{\"name\":\"Kathy\",\"@id\":\"https:\\\/\\\/www.cuballama.com\\\/noticias\\\/#\\\/schema\\\/person\\\/86cd3e3f4974437f031211213bf892d5\"},\"headline\":\"Actor Erdwin Fern\u00e1ndez habla sobre amigo periodista hallado muerto en Villa Clara\",\"datePublished\":\"2025-11-20T12:00:00+00:00\",\"mainEntityOfPage\":{\"@id\":\"https:\\\/\\\/www.cuballama.com\\\/noticias\\\/actor-erdwin-fernandez-habla-sobre-amigo-periodista-hallado-muerto-en-villa-clara\\\/\"},\"wordCount\":359,\"commentCount\":0,\"publisher\":{\"@id\":\"https:\\\/\\\/www.cuballama.com\\\/noticias\\\/#organization\"},\"image\":{\"@id\":\"https:\\\/\\\/www.cuballama.com\\\/noticias\\\/actor-erdwin-fernandez-habla-sobre-amigo-periodista-hallado-muerto-en-villa-clara\\\/#primaryimage\"},\"thumbnailUrl\":\"https:\\\/\\\/cdn1.mediawpaccore.net\\\/wp-content\\\/uploads\\\/2025\\\/11\\\/19211714\\\/Square-black-four-4x48-1.jpg\",\"keywords\":[\"actor cubano\",\"destacado\",\"Erdwin Fern\u00e1ndez\",\"Periodista cubano\",\"Ricardo R. Gonz\u00e1lez\"],\"articleSection\":[\"Noticias\",\"Noticias de Cuba\"],\"inLanguage\":\"es\",\"potentialAction\":[{\"@type\":\"CommentAction\",\"name\":\"Comment\",\"target\":[\"https:\\\/\\\/www.cuballama.com\\\/noticias\\\/actor-erdwin-fernandez-habla-sobre-amigo-periodista-hallado-muerto-en-villa-clara\\\/#respond\"]}]},{\"@type\":\"WebPage\",\"@id\":\"https:\\\/\\\/www.cuballama.com\\\/noticias\\\/actor-erdwin-fernandez-habla-sobre-amigo-periodista-hallado-muerto-en-villa-clara\\\/\",\"url\":\"https:\\\/\\\/www.cuballama.com\\\/noticias\\\/actor-erdwin-fernandez-habla-sobre-amigo-periodista-hallado-muerto-en-villa-clara\\\/\",\"name\":\"Actor Erdwin Fern\u00e1ndez habla sobre amigo periodista hallado muerto en Villa Clara - Cuballama Noticias\",\"isPartOf\":{\"@id\":\"https:\\\/\\\/www.cuballama.com\\\/noticias\\\/#website\"},\"primaryImageOfPage\":{\"@id\":\"https:\\\/\\\/www.cuballama.com\\\/noticias\\\/actor-erdwin-fernandez-habla-sobre-amigo-periodista-hallado-muerto-en-villa-clara\\\/#primaryimage\"},\"image\":{\"@id\":\"https:\\\/\\\/www.cuballama.com\\\/noticias\\\/actor-erdwin-fernandez-habla-sobre-amigo-periodista-hallado-muerto-en-villa-clara\\\/#primaryimage\"},\"thumbnailUrl\":\"https:\\\/\\\/cdn1.mediawpaccore.net\\\/wp-content\\\/uploads\\\/2025\\\/11\\\/19211714\\\/Square-black-four-4x48-1.jpg\",\"datePublished\":\"2025-11-20T12:00:00+00:00\",\"description\":\"El actor cubano Erdwin Fern\u00e1ndez despidi\u00f3 este mi\u00e9rcoles a su amigo, el periodista Ricardo R. Gonz\u00e1lez, hallado muerto en Villa Clara.\",\"breadcrumb\":{\"@id\":\"https:\\\/\\\/www.cuballama.com\\\/noticias\\\/actor-erdwin-fernandez-habla-sobre-amigo-periodista-hallado-muerto-en-villa-clara\\\/#breadcrumb\"},\"inLanguage\":\"es\",\"potentialAction\":[{\"@type\":\"ReadAction\",\"target\":[\"https:\\\/\\\/www.cuballama.com\\\/noticias\\\/actor-erdwin-fernandez-habla-sobre-amigo-periodista-hallado-muerto-en-villa-clara\\\/\"]}]},{\"@type\":\"ImageObject\",\"inLanguage\":\"es\",\"@id\":\"https:\\\/\\\/www.cuballama.com\\\/noticias\\\/actor-erdwin-fernandez-habla-sobre-amigo-periodista-hallado-muerto-en-villa-clara\\\/#primaryimage\",\"url\":\"https:\\\/\\\/cdn1.mediawpaccore.net\\\/wp-content\\\/uploads\\\/2025\\\/11\\\/19211714\\\/Square-black-four-4x48-1.jpg\",\"contentUrl\":\"https:\\\/\\\/cdn1.mediawpaccore.net\\\/wp-content\\\/uploads\\\/2025\\\/11\\\/19211714\\\/Square-black-four-4x48-1.jpg\",\"width\":1200,\"height\":630,\"caption\":\"Ricardo Rodolfo Gonz\u00e1lez (i) y Erdwin Fern\u00e1ndez Collado. Facebook\\\/Erdwin Fern\u00e1ndez Collado.\"},{\"@type\":\"BreadcrumbList\",\"@id\":\"https:\\\/\\\/www.cuballama.com\\\/noticias\\\/actor-erdwin-fernandez-habla-sobre-amigo-periodista-hallado-muerto-en-villa-clara\\\/#breadcrumb\",\"itemListElement\":[{\"@type\":\"ListItem\",\"position\":1,\"name\":\"Home\",\"item\":\"https:\\\/\\\/www.cuballama.com\\\/noticias\\\/\"},{\"@type\":\"ListItem\",\"position\":2,\"name\":\"Actor Erdwin Fern\u00e1ndez habla sobre amigo periodista hallado muerto en Villa Clara\"}]},{\"@type\":\"WebSite\",\"@id\":\"https:\\\/\\\/www.cuballama.com\\\/noticias\\\/#website\",\"url\":\"https:\\\/\\\/www.cuballama.com\\\/noticias\\\/\",\"name\":\"Cuballama Noticias\",\"description\":\"Medio digital sobre Cuba y el mundo\",\"publisher\":{\"@id\":\"https:\\\/\\\/www.cuballama.com\\\/noticias\\\/#organization\"},\"potentialAction\":[{\"@type\":\"SearchAction\",\"target\":{\"@type\":\"EntryPoint\",\"urlTemplate\":\"https:\\\/\\\/www.cuballama.com\\\/noticias\\\/?s={search_term_string}\"},\"query-input\":{\"@type\":\"PropertyValueSpecification\",\"valueRequired\":true,\"valueName\":\"search_term_string\"}}],\"inLanguage\":\"es\"},{\"@type\":\"Organization\",\"@id\":\"https:\\\/\\\/www.cuballama.com\\\/noticias\\\/#organization\",\"name\":\"Cuballama\",\"url\":\"https:\\\/\\\/www.cuballama.com\\\/noticias\\\/\",\"logo\":{\"@type\":\"ImageObject\",\"inLanguage\":\"es\",\"@id\":\"https:\\\/\\\/www.cuballama.com\\\/noticias\\\/#\\\/schema\\\/logo\\\/image\\\/\",\"url\":\"https:\\\/\\\/cdn1.mediawpaccore.net\\\/wp-content\\\/uploads\\\/2021\\\/12\\\/28171206\\\/cbll-logo-color-sm.png\",\"contentUrl\":\"https:\\\/\\\/cdn1.mediawpaccore.net\\\/wp-content\\\/uploads\\\/2021\\\/12\\\/28171206\\\/cbll-logo-color-sm.png\",\"width\":600,\"height\":133,\"caption\":\"Cuballama\"},\"image\":{\"@id\":\"https:\\\/\\\/www.cuballama.com\\\/noticias\\\/#\\\/schema\\\/logo\\\/image\\\/\"},\"sameAs\":[\"https:\\\/\\\/www.facebook.com\\\/CubaLlama\",\"https:\\\/\\\/x.com\\\/cuballama\",\"https:\\\/\\\/www.instagram.com\\\/stories\\\/cuballama_oficial\\\/\",\"https:\\\/\\\/www.youtube.com\\\/channel\\\/UCKkFE-d_axENGZcrc4as0IA\"]},{\"@type\":\"Person\",\"@id\":\"https:\\\/\\\/www.cuballama.com\\\/noticias\\\/#\\\/schema\\\/person\\\/86cd3e3f4974437f031211213bf892d5\",\"name\":\"Kathy\",\"url\":\"https:\\\/\\\/www.cuballama.com\\\/noticias\\\/author\\\/kathy\\\/\"}]}<\/script>\n<!-- \/ Yoast SEO plugin. -->","yoast_head_json":{"title":"Actor Erdwin Fern\u00e1ndez habla sobre amigo periodista hallado muerto en Villa Clara - Cuballama Noticias","description":"El actor cubano Erdwin Fern\u00e1ndez despidi\u00f3 este mi\u00e9rcoles a su amigo, el periodista Ricardo R. Gonz\u00e1lez, hallado muerto en Villa Clara.","robots":{"index":"index","follow":"follow","max-snippet":"max-snippet:-1","max-image-preview":"max-image-preview:large","max-video-preview":"max-video-preview:-1"},"canonical":"https:\/\/www.cuballama.com\/noticias\/actor-erdwin-fernandez-habla-sobre-amigo-periodista-hallado-muerto-en-villa-clara\/","og_locale":"es_ES","og_type":"article","og_title":"Actor Erdwin Fern\u00e1ndez habla sobre amigo periodista hallado muerto en Villa Clara - Cuballama Noticias","og_description":"El actor cubano Erdwin Fern\u00e1ndez despidi\u00f3 este mi\u00e9rcoles a su amigo, el periodista Ricardo R. Gonz\u00e1lez, hallado muerto en Villa Clara.","og_url":"https:\/\/www.cuballama.com\/noticias\/actor-erdwin-fernandez-habla-sobre-amigo-periodista-hallado-muerto-en-villa-clara\/","og_site_name":"Cuballama Noticias","article_publisher":"https:\/\/www.facebook.com\/CubaLlama","article_published_time":"2025-11-20T12:00:00+00:00","og_image":[{"width":1200,"height":630,"url":"https:\/\/cdn1.mediawpaccore.net\/wp-content\/uploads\/2025\/11\/19211714\/Square-black-four-4x48-1.jpg","type":"image\/jpeg"}],"author":"Kathy","twitter_card":"summary_large_image","twitter_creator":"@cuballama","twitter_site":"@cuballama","twitter_misc":{"Escrito por":"Kathy","Tiempo de lectura":"2 minutos"},"schema":{"@context":"https:\/\/schema.org","@graph":[{"@type":"Article","@id":"https:\/\/www.cuballama.com\/noticias\/actor-erdwin-fernandez-habla-sobre-amigo-periodista-hallado-muerto-en-villa-clara\/#article","isPartOf":{"@id":"https:\/\/www.cuballama.com\/noticias\/actor-erdwin-fernandez-habla-sobre-amigo-periodista-hallado-muerto-en-villa-clara\/"},"author":{"name":"Kathy","@id":"https:\/\/www.cuballama.com\/noticias\/#\/schema\/person\/86cd3e3f4974437f031211213bf892d5"},"headline":"Actor Erdwin Fern\u00e1ndez habla sobre amigo periodista hallado muerto en Villa Clara","datePublished":"2025-11-20T12:00:00+00:00","mainEntityOfPage":{"@id":"https:\/\/www.cuballama.com\/noticias\/actor-erdwin-fernandez-habla-sobre-amigo-periodista-hallado-muerto-en-villa-clara\/"},"wordCount":359,"commentCount":0,"publisher":{"@id":"https:\/\/www.cuballama.com\/noticias\/#organization"},"image":{"@id":"https:\/\/www.cuballama.com\/noticias\/actor-erdwin-fernandez-habla-sobre-amigo-periodista-hallado-muerto-en-villa-clara\/#primaryimage"},"thumbnailUrl":"https:\/\/cdn1.mediawpaccore.net\/wp-content\/uploads\/2025\/11\/19211714\/Square-black-four-4x48-1.jpg","keywords":["actor cubano","destacado","Erdwin Fern\u00e1ndez","Periodista cubano","Ricardo R. Gonz\u00e1lez"],"articleSection":["Noticias","Noticias de Cuba"],"inLanguage":"es","potentialAction":[{"@type":"CommentAction","name":"Comment","target":["https:\/\/www.cuballama.com\/noticias\/actor-erdwin-fernandez-habla-sobre-amigo-periodista-hallado-muerto-en-villa-clara\/#respond"]}]},{"@type":"WebPage","@id":"https:\/\/www.cuballama.com\/noticias\/actor-erdwin-fernandez-habla-sobre-amigo-periodista-hallado-muerto-en-villa-clara\/","url":"https:\/\/www.cuballama.com\/noticias\/actor-erdwin-fernandez-habla-sobre-amigo-periodista-hallado-muerto-en-villa-clara\/","name":"Actor Erdwin Fern\u00e1ndez habla sobre amigo periodista hallado muerto en Villa Clara - Cuballama Noticias","isPartOf":{"@id":"https:\/\/www.cuballama.com\/noticias\/#website"},"primaryImageOfPage":{"@id":"https:\/\/www.cuballama.com\/noticias\/actor-erdwin-fernandez-habla-sobre-amigo-periodista-hallado-muerto-en-villa-clara\/#primaryimage"},"image":{"@id":"https:\/\/www.cuballama.com\/noticias\/actor-erdwin-fernandez-habla-sobre-amigo-periodista-hallado-muerto-en-villa-clara\/#primaryimage"},"thumbnailUrl":"https:\/\/cdn1.mediawpaccore.net\/wp-content\/uploads\/2025\/11\/19211714\/Square-black-four-4x48-1.jpg","datePublished":"2025-11-20T12:00:00+00:00","description":"El actor cubano Erdwin Fern\u00e1ndez despidi\u00f3 este mi\u00e9rcoles a su amigo, el periodista Ricardo R. Gonz\u00e1lez, hallado muerto en Villa Clara.","breadcrumb":{"@id":"https:\/\/www.cuballama.com\/noticias\/actor-erdwin-fernandez-habla-sobre-amigo-periodista-hallado-muerto-en-villa-clara\/#breadcrumb"},"inLanguage":"es","potentialAction":[{"@type":"ReadAction","target":["https:\/\/www.cuballama.com\/noticias\/actor-erdwin-fernandez-habla-sobre-amigo-periodista-hallado-muerto-en-villa-clara\/"]}]},{"@type":"ImageObject","inLanguage":"es","@id":"https:\/\/www.cuballama.com\/noticias\/actor-erdwin-fernandez-habla-sobre-amigo-periodista-hallado-muerto-en-villa-clara\/#primaryimage","url":"https:\/\/cdn1.mediawpaccore.net\/wp-content\/uploads\/2025\/11\/19211714\/Square-black-four-4x48-1.jpg","contentUrl":"https:\/\/cdn1.mediawpaccore.net\/wp-content\/uploads\/2025\/11\/19211714\/Square-black-four-4x48-1.jpg","width":1200,"height":630,"caption":"Ricardo Rodolfo Gonz\u00e1lez (i) y Erdwin Fern\u00e1ndez Collado. Facebook\/Erdwin Fern\u00e1ndez Collado."},{"@type":"BreadcrumbList","@id":"https:\/\/www.cuballama.com\/noticias\/actor-erdwin-fernandez-habla-sobre-amigo-periodista-hallado-muerto-en-villa-clara\/#breadcrumb","itemListElement":[{"@type":"ListItem","position":1,"name":"Home","item":"https:\/\/www.cuballama.com\/noticias\/"},{"@type":"ListItem","position":2,"name":"Actor Erdwin Fern\u00e1ndez habla sobre amigo periodista hallado muerto en Villa Clara"}]},{"@type":"WebSite","@id":"https:\/\/www.cuballama.com\/noticias\/#website","url":"https:\/\/www.cuballama.com\/noticias\/","name":"Cuballama Noticias","description":"Medio digital sobre Cuba y el mundo","publisher":{"@id":"https:\/\/www.cuballama.com\/noticias\/#organization"},"potentialAction":[{"@type":"SearchAction","target":{"@type":"EntryPoint","urlTemplate":"https:\/\/www.cuballama.com\/noticias\/?s={search_term_string}"},"query-input":{"@type":"PropertyValueSpecification","valueRequired":true,"valueName":"search_term_string"}}],"inLanguage":"es"},{"@type":"Organization","@id":"https:\/\/www.cuballama.com\/noticias\/#organization","name":"Cuballama","url":"https:\/\/www.cuballama.com\/noticias\/","logo":{"@type":"ImageObject","inLanguage":"es","@id":"https:\/\/www.cuballama.com\/noticias\/#\/schema\/logo\/image\/","url":"https:\/\/cdn1.mediawpaccore.net\/wp-content\/uploads\/2021\/12\/28171206\/cbll-logo-color-sm.png","contentUrl":"https:\/\/cdn1.mediawpaccore.net\/wp-content\/uploads\/2021\/12\/28171206\/cbll-logo-color-sm.png","width":600,"height":133,"caption":"Cuballama"},"image":{"@id":"https:\/\/www.cuballama.com\/noticias\/#\/schema\/logo\/image\/"},"sameAs":["https:\/\/www.facebook.com\/CubaLlama","https:\/\/x.com\/cuballama","https:\/\/www.instagram.com\/stories\/cuballama_oficial\/","https:\/\/www.youtube.com\/channel\/UCKkFE-d_axENGZcrc4as0IA"]},{"@type":"Person","@id":"https:\/\/www.cuballama.com\/noticias\/#\/schema\/person\/86cd3e3f4974437f031211213bf892d5","name":"Kathy","url":"https:\/\/www.cuballama.com\/noticias\/author\/kathy\/"}]}},"_links":{"self":[{"href":"https:\/\/www.cuballama.com\/noticias\/wp-json\/wp\/v2\/posts\/226312","targetHints":{"allow":["GET"]}}],"collection":[{"href":"https:\/\/www.cuballama.com\/noticias\/wp-json\/wp\/v2\/posts"}],"about":[{"href":"https:\/\/www.cuballama.com\/noticias\/wp-json\/wp\/v2\/types\/post"}],"author":[{"embeddable":true,"href":"https:\/\/www.cuballama.com\/noticias\/wp-json\/wp\/v2\/users\/30"}],"replies":[{"embeddable":true,"href":"https:\/\/www.cuballama.com\/noticias\/wp-json\/wp\/v2\/comments?post=226312"}],"version-history":[{"count":7,"href":"https:\/\/www.cuballama.com\/noticias\/wp-json\/wp\/v2\/posts\/226312\/revisions"}],"predecessor-version":[{"id":226442,"href":"https:\/\/www.cuballama.com\/noticias\/wp-json\/wp\/v2\/posts\/226312\/revisions\/226442"}],"wp:featuredmedia":[{"embeddable":true,"href":"https:\/\/www.cuballama.com\/noticias\/wp-json\/wp\/v2\/media\/226438"}],"wp:attachment":[{"href":"https:\/\/www.cuballama.com\/noticias\/wp-json\/wp\/v2\/media?parent=226312"}],"wp:term":[{"taxonomy":"category","embeddable":true,"href":"https:\/\/www.cuballama.com\/noticias\/wp-json\/wp\/v2\/categories?post=226312"},{"taxonomy":"post_tag","embeddable":true,"href":"https:\/\/www.cuballama.com\/noticias\/wp-json\/wp\/v2\/tags?post=226312"}],"curies":[{"name":"wp","href":"https:\/\/api.w.org\/{rel}","templated":true}]}}