{"id":226271,"date":"2025-11-18T13:51:27","date_gmt":"2025-11-18T18:51:27","guid":{"rendered":"https:\/\/www.cuballama.com\/noticias\/?p=226271"},"modified":"2025-11-18T13:51:29","modified_gmt":"2025-11-18T18:51:29","slug":"joven-deportada-de-ee-uu-a-cuba-aconseja-a-inmigrantes-traten-de-no-caer-en-detencion","status":"publish","type":"post","link":"https:\/\/www.cuballama.com\/noticias\/joven-deportada-de-ee-uu-a-cuba-aconseja-a-inmigrantes-traten-de-no-caer-en-detencion\/","title":{"rendered":"Joven deportada de EE.UU. a Cuba aconseja a inmigrantes: \u201cTraten de no caer en detenci\u00f3n\u201d"},"content":{"rendered":"\n<p>En medio de una ola de detenciones y deportaciones impulsadas por la Administraci\u00f3n Trump, una joven cubana cont\u00f3 recientemente los pormenores de su deportaci\u00f3n de Estados Unidos a la isla.&nbsp;<\/p>\n\n\n\n<p>Seg\u00fan relat\u00f3 en un corto video, fue devuelta a la isla porque, tras entrar de manera irregular al territorio estadounidense en 2020, recibi\u00f3 un formulario I-220B, entendido como una orden de deportaci\u00f3n.<\/p>\n\n\n\n<p>\u201cTen\u00eda citas de rutina todos los a\u00f1os con ICE (en espa\u00f1ol, Servicio de Inmigraci\u00f3n y Control de Aduanas de Estados Unidos)\u201d, a\u00f1adi\u00f3.<\/p>\n\n\n\n<p>Sin embargo, en sus \u00faltimas citas las autoridades migratorias le dijeron que la enviar\u00edan al Programa de Supervisi\u00f3n Intensiva (ISAP, por sus siglas en ingl\u00e9s), mediante el cual monitorea a ciertos inmigrantes, que le permitir\u00eda deportarse \u201cpor mis propios medios\u201d.<\/p>\n\n\n\n<iframe loading=\"lazy\" src=\"https:\/\/www.facebook.com\/plugins\/video.php?height=476&#038;href=https%3A%2F%2Fwww.facebook.com%2Freel%2F1197012142300383%2F&#038;show_text=true&#038;width=267&#038;t=0\" width=\"267\" height=\"591\" style=\"border:none;overflow:hidden\" scrolling=\"no\" frameborder=\"0\" allowfullscreen=\"true\" allow=\"autoplay; clipboard-write; encrypted-media; picture-in-picture; web-share\" allowFullScreen=\"true\"><\/iframe>\n\n\n\n<p>\u201cMe colocaron un grillete y me dijeron que me dar\u00edan 90 d\u00edas para que yo abandonara el pa\u00eds\u201d, indic\u00f3 sobre algo que en la pr\u00e1ctica no se cumpli\u00f3.<\/p>\n\n\n\n<p>\u201cComo todo lo que dicen ellos es mentira, antes de los 90 d\u00edas me volvieron a citar y me dijeron que me ibana&nbsp; dejar detenida\u201d, se\u00f1al\u00f3 al recalcar que no ten\u00eda un formulario I-220A, como otros miles de cubanos a los que est\u00e1n deteniendo.<\/p>\n\n\n\n<p>\u201cUn consejito que les doy: traten de prevenir la detenci\u00f3n. Traten de no caer en detenci\u00f3n, sobre todo si son cubanos. Nosotros nos demoramos mucho en ser devueltos a Cuba porque Cuba solo tiene <a href=\"https:\/\/www.cuballama.com\/noticias\/ee-uu-expulsa-a-232-migrantes-irregulares-cubanos-en-nuevo-vuelo-de-deportacion\/?srsltid=AfmBOopnwlrUC3hpmTzwFjkAPzw8x1O95SJxC0Vjjn9y1WYnlVQjPI3a\" target=\"_blank\" rel=\"noreferrer noopener\">un vuelo de deportaci\u00f3n al mes<\/a> y hay un mont\u00f3 de personas esperando\u201d, explic\u00f3.\u00a0<\/p>\n\n\n\n<p>\u201cYo estuve tres meses esperando mi deportaci\u00f3n. Los traslados son bien feos. Pasan d\u00edas sin tomar agua, sin comer, sin dormir\u201d, indic\u00f3 al dejar entrever lo mal que los tratan.<\/p>\n\n\n\n<p>\u201cNo importa que tengan hijos ciudadanos americanos, ni que tengan una reclamaci\u00f3n\u201d, precis\u00f3 la otrora inmigrante con I-220B, quien est\u00e1 casada con un ciudadano americano, para aclarar que estos hechos no frenan una deportaci\u00f3n, por lo que est\u00e1 obligada a seguir el proceso de reunificaci\u00f3n desde el pa\u00eds al que fue enviada.<\/p>\n\n\n\n<p><\/p>\n","protected":false},"excerpt":{"rendered":"<p>La muchacha estuvo detenida tres meses antes de ser devuelta a la isla.<\/p>\n","protected":false},"author":30,"featured_media":226273,"comment_status":"open","ping_status":"closed","sticky":false,"template":"","format":"standard","meta":{"_acf_changed":false,"footnotes":""},"categories":[18,955],"tags":[23981,13451,26589,28450,941,4671],"class_list":{"0":"post-226271","1":"post","2":"type-post","3":"status-publish","4":"format-standard","5":"has-post-thumbnail","7":"category-noticias","8":"category-noticias-de-cuba","9":"tag-cubana-deportada","10":"tag-cubanos-en-estados-unidos","11":"tag-deportacion-de-cubanos","12":"tag-deportacion-desde-estados-unidos","13":"tag-destacado","14":"tag-joven-cubana"},"acf":[],"yoast_head":"<!-- This site is optimized with the Yoast SEO plugin v27.4 - https:\/\/yoast.com\/product\/yoast-seo-wordpress\/ -->\n<title>Joven deportada de EE.UU. a Cuba aconseja a inmigrantes: \u201cTraten de no caer en detenci\u00f3n\u201d - Cuballama Noticias<\/title>\n<meta name=\"description\" content=\"Una joven cubana cont\u00f3 recientemente lo que vivi\u00f3 tras ser detenida por las autoridades migratorias de EE.UU. y luego deportada a la isla.\u00a0\" \/>\n<meta name=\"robots\" content=\"index, follow, max-snippet:-1, max-image-preview:large, max-video-preview:-1\" \/>\n<link rel=\"canonical\" href=\"https:\/\/www.cuballama.com\/noticias\/joven-deportada-de-ee-uu-a-cuba-aconseja-a-inmigrantes-traten-de-no-caer-en-detencion\/\" \/>\n<meta property=\"og:locale\" content=\"es_ES\" \/>\n<meta property=\"og:type\" content=\"article\" \/>\n<meta property=\"og:title\" content=\"Joven deportada de EE.UU. a Cuba aconseja a inmigrantes: \u201cTraten de no caer en detenci\u00f3n\u201d - Cuballama Noticias\" \/>\n<meta property=\"og:description\" content=\"Una joven cubana cont\u00f3 recientemente lo que vivi\u00f3 tras ser detenida por las autoridades migratorias de EE.UU. y luego deportada a la isla.\u00a0\" \/>\n<meta property=\"og:url\" content=\"https:\/\/www.cuballama.com\/noticias\/joven-deportada-de-ee-uu-a-cuba-aconseja-a-inmigrantes-traten-de-no-caer-en-detencion\/\" \/>\n<meta property=\"og:site_name\" content=\"Cuballama Noticias\" \/>\n<meta property=\"article:publisher\" content=\"https:\/\/www.facebook.com\/CubaLlama\" \/>\n<meta property=\"article:published_time\" content=\"2025-11-18T18:51:27+00:00\" \/>\n<meta property=\"article:modified_time\" content=\"2025-11-18T18:51:29+00:00\" \/>\n<meta property=\"og:image\" content=\"https:\/\/cdn1.mediawpaccore.net\/wp-content\/uploads\/2025\/11\/18121128\/WhatsApp-Image-2025-11-18-at-12.03.30.jpg\" \/>\n\t<meta property=\"og:image:width\" content=\"1200\" \/>\n\t<meta property=\"og:image:height\" content=\"630\" \/>\n\t<meta property=\"og:image:type\" content=\"image\/jpeg\" \/>\n<meta name=\"author\" content=\"Kathy\" \/>\n<meta name=\"twitter:card\" content=\"summary_large_image\" \/>\n<meta name=\"twitter:creator\" content=\"@cuballama\" \/>\n<meta name=\"twitter:site\" content=\"@cuballama\" \/>\n<meta name=\"twitter:label1\" content=\"Escrito por\" \/>\n\t<meta name=\"twitter:data1\" content=\"Kathy\" \/>\n\t<meta name=\"twitter:label2\" content=\"Tiempo de lectura\" \/>\n\t<meta name=\"twitter:data2\" content=\"2 minutos\" \/>\n<script type=\"application\/ld+json\" class=\"yoast-schema-graph\">{\"@context\":\"https:\\\/\\\/schema.org\",\"@graph\":[{\"@type\":\"Article\",\"@id\":\"https:\\\/\\\/www.cuballama.com\\\/noticias\\\/joven-deportada-de-ee-uu-a-cuba-aconseja-a-inmigrantes-traten-de-no-caer-en-detencion\\\/#article\",\"isPartOf\":{\"@id\":\"https:\\\/\\\/www.cuballama.com\\\/noticias\\\/joven-deportada-de-ee-uu-a-cuba-aconseja-a-inmigrantes-traten-de-no-caer-en-detencion\\\/\"},\"author\":{\"name\":\"Kathy\",\"@id\":\"https:\\\/\\\/www.cuballama.com\\\/noticias\\\/#\\\/schema\\\/person\\\/86cd3e3f4974437f031211213bf892d5\"},\"headline\":\"Joven deportada de EE.UU. a Cuba aconseja a inmigrantes: \u201cTraten de no caer en detenci\u00f3n\u201d\",\"datePublished\":\"2025-11-18T18:51:27+00:00\",\"dateModified\":\"2025-11-18T18:51:29+00:00\",\"mainEntityOfPage\":{\"@id\":\"https:\\\/\\\/www.cuballama.com\\\/noticias\\\/joven-deportada-de-ee-uu-a-cuba-aconseja-a-inmigrantes-traten-de-no-caer-en-detencion\\\/\"},\"wordCount\":375,\"commentCount\":0,\"publisher\":{\"@id\":\"https:\\\/\\\/www.cuballama.com\\\/noticias\\\/#organization\"},\"image\":{\"@id\":\"https:\\\/\\\/www.cuballama.com\\\/noticias\\\/joven-deportada-de-ee-uu-a-cuba-aconseja-a-inmigrantes-traten-de-no-caer-en-detencion\\\/#primaryimage\"},\"thumbnailUrl\":\"https:\\\/\\\/cdn1.mediawpaccore.net\\\/wp-content\\\/uploads\\\/2025\\\/11\\\/18121128\\\/WhatsApp-Image-2025-11-18-at-12.03.30.jpg\",\"keywords\":[\"cubana deportada\",\"cubanos en Estados Unidos\",\"deportaci\u00f3n de cubanos\",\"deportaci\u00f3n desde Estados Unidos\",\"destacado\",\"joven cubana\"],\"articleSection\":[\"Noticias\",\"Noticias de Cuba\"],\"inLanguage\":\"es\",\"potentialAction\":[{\"@type\":\"CommentAction\",\"name\":\"Comment\",\"target\":[\"https:\\\/\\\/www.cuballama.com\\\/noticias\\\/joven-deportada-de-ee-uu-a-cuba-aconseja-a-inmigrantes-traten-de-no-caer-en-detencion\\\/#respond\"]}]},{\"@type\":\"WebPage\",\"@id\":\"https:\\\/\\\/www.cuballama.com\\\/noticias\\\/joven-deportada-de-ee-uu-a-cuba-aconseja-a-inmigrantes-traten-de-no-caer-en-detencion\\\/\",\"url\":\"https:\\\/\\\/www.cuballama.com\\\/noticias\\\/joven-deportada-de-ee-uu-a-cuba-aconseja-a-inmigrantes-traten-de-no-caer-en-detencion\\\/\",\"name\":\"Joven deportada de EE.UU. a Cuba aconseja a inmigrantes: \u201cTraten de no caer en detenci\u00f3n\u201d - Cuballama Noticias\",\"isPartOf\":{\"@id\":\"https:\\\/\\\/www.cuballama.com\\\/noticias\\\/#website\"},\"primaryImageOfPage\":{\"@id\":\"https:\\\/\\\/www.cuballama.com\\\/noticias\\\/joven-deportada-de-ee-uu-a-cuba-aconseja-a-inmigrantes-traten-de-no-caer-en-detencion\\\/#primaryimage\"},\"image\":{\"@id\":\"https:\\\/\\\/www.cuballama.com\\\/noticias\\\/joven-deportada-de-ee-uu-a-cuba-aconseja-a-inmigrantes-traten-de-no-caer-en-detencion\\\/#primaryimage\"},\"thumbnailUrl\":\"https:\\\/\\\/cdn1.mediawpaccore.net\\\/wp-content\\\/uploads\\\/2025\\\/11\\\/18121128\\\/WhatsApp-Image-2025-11-18-at-12.03.30.jpg\",\"datePublished\":\"2025-11-18T18:51:27+00:00\",\"dateModified\":\"2025-11-18T18:51:29+00:00\",\"description\":\"Una joven cubana cont\u00f3 recientemente lo que vivi\u00f3 tras ser detenida por las autoridades migratorias de EE.UU. y luego deportada a la isla.\u00a0\",\"breadcrumb\":{\"@id\":\"https:\\\/\\\/www.cuballama.com\\\/noticias\\\/joven-deportada-de-ee-uu-a-cuba-aconseja-a-inmigrantes-traten-de-no-caer-en-detencion\\\/#breadcrumb\"},\"inLanguage\":\"es\",\"potentialAction\":[{\"@type\":\"ReadAction\",\"target\":[\"https:\\\/\\\/www.cuballama.com\\\/noticias\\\/joven-deportada-de-ee-uu-a-cuba-aconseja-a-inmigrantes-traten-de-no-caer-en-detencion\\\/\"]}]},{\"@type\":\"ImageObject\",\"inLanguage\":\"es\",\"@id\":\"https:\\\/\\\/www.cuballama.com\\\/noticias\\\/joven-deportada-de-ee-uu-a-cuba-aconseja-a-inmigrantes-traten-de-no-caer-en-detencion\\\/#primaryimage\",\"url\":\"https:\\\/\\\/cdn1.mediawpaccore.net\\\/wp-content\\\/uploads\\\/2025\\\/11\\\/18121128\\\/WhatsApp-Image-2025-11-18-at-12.03.30.jpg\",\"contentUrl\":\"https:\\\/\\\/cdn1.mediawpaccore.net\\\/wp-content\\\/uploads\\\/2025\\\/11\\\/18121128\\\/WhatsApp-Image-2025-11-18-at-12.03.30.jpg\",\"width\":1200,\"height\":630,\"caption\":\"Cubana deportada. Foto: Captura de video\\\/Facebook\\\/Cubaneando por el Mundo.\"},{\"@type\":\"BreadcrumbList\",\"@id\":\"https:\\\/\\\/www.cuballama.com\\\/noticias\\\/joven-deportada-de-ee-uu-a-cuba-aconseja-a-inmigrantes-traten-de-no-caer-en-detencion\\\/#breadcrumb\",\"itemListElement\":[{\"@type\":\"ListItem\",\"position\":1,\"name\":\"Home\",\"item\":\"https:\\\/\\\/www.cuballama.com\\\/noticias\\\/\"},{\"@type\":\"ListItem\",\"position\":2,\"name\":\"Joven deportada de EE.UU. a Cuba aconseja a inmigrantes: \u201cTraten de no caer en detenci\u00f3n\u201d\"}]},{\"@type\":\"WebSite\",\"@id\":\"https:\\\/\\\/www.cuballama.com\\\/noticias\\\/#website\",\"url\":\"https:\\\/\\\/www.cuballama.com\\\/noticias\\\/\",\"name\":\"Cuballama Noticias\",\"description\":\"Medio digital sobre Cuba y el mundo\",\"publisher\":{\"@id\":\"https:\\\/\\\/www.cuballama.com\\\/noticias\\\/#organization\"},\"potentialAction\":[{\"@type\":\"SearchAction\",\"target\":{\"@type\":\"EntryPoint\",\"urlTemplate\":\"https:\\\/\\\/www.cuballama.com\\\/noticias\\\/?s={search_term_string}\"},\"query-input\":{\"@type\":\"PropertyValueSpecification\",\"valueRequired\":true,\"valueName\":\"search_term_string\"}}],\"inLanguage\":\"es\"},{\"@type\":\"Organization\",\"@id\":\"https:\\\/\\\/www.cuballama.com\\\/noticias\\\/#organization\",\"name\":\"Cuballama\",\"url\":\"https:\\\/\\\/www.cuballama.com\\\/noticias\\\/\",\"logo\":{\"@type\":\"ImageObject\",\"inLanguage\":\"es\",\"@id\":\"https:\\\/\\\/www.cuballama.com\\\/noticias\\\/#\\\/schema\\\/logo\\\/image\\\/\",\"url\":\"https:\\\/\\\/cdn1.mediawpaccore.net\\\/wp-content\\\/uploads\\\/2021\\\/12\\\/28171206\\\/cbll-logo-color-sm.png\",\"contentUrl\":\"https:\\\/\\\/cdn1.mediawpaccore.net\\\/wp-content\\\/uploads\\\/2021\\\/12\\\/28171206\\\/cbll-logo-color-sm.png\",\"width\":600,\"height\":133,\"caption\":\"Cuballama\"},\"image\":{\"@id\":\"https:\\\/\\\/www.cuballama.com\\\/noticias\\\/#\\\/schema\\\/logo\\\/image\\\/\"},\"sameAs\":[\"https:\\\/\\\/www.facebook.com\\\/CubaLlama\",\"https:\\\/\\\/x.com\\\/cuballama\",\"https:\\\/\\\/www.instagram.com\\\/stories\\\/cuballama_oficial\\\/\",\"https:\\\/\\\/www.youtube.com\\\/channel\\\/UCKkFE-d_axENGZcrc4as0IA\"]},{\"@type\":\"Person\",\"@id\":\"https:\\\/\\\/www.cuballama.com\\\/noticias\\\/#\\\/schema\\\/person\\\/86cd3e3f4974437f031211213bf892d5\",\"name\":\"Kathy\",\"url\":\"https:\\\/\\\/www.cuballama.com\\\/noticias\\\/author\\\/kathy\\\/\"}]}<\/script>\n<!-- \/ Yoast SEO plugin. -->","yoast_head_json":{"title":"Joven deportada de EE.UU. a Cuba aconseja a inmigrantes: \u201cTraten de no caer en detenci\u00f3n\u201d - Cuballama Noticias","description":"Una joven cubana cont\u00f3 recientemente lo que vivi\u00f3 tras ser detenida por las autoridades migratorias de EE.UU. y luego deportada a la isla.\u00a0","robots":{"index":"index","follow":"follow","max-snippet":"max-snippet:-1","max-image-preview":"max-image-preview:large","max-video-preview":"max-video-preview:-1"},"canonical":"https:\/\/www.cuballama.com\/noticias\/joven-deportada-de-ee-uu-a-cuba-aconseja-a-inmigrantes-traten-de-no-caer-en-detencion\/","og_locale":"es_ES","og_type":"article","og_title":"Joven deportada de EE.UU. a Cuba aconseja a inmigrantes: \u201cTraten de no caer en detenci\u00f3n\u201d - Cuballama Noticias","og_description":"Una joven cubana cont\u00f3 recientemente lo que vivi\u00f3 tras ser detenida por las autoridades migratorias de EE.UU. y luego deportada a la isla.\u00a0","og_url":"https:\/\/www.cuballama.com\/noticias\/joven-deportada-de-ee-uu-a-cuba-aconseja-a-inmigrantes-traten-de-no-caer-en-detencion\/","og_site_name":"Cuballama Noticias","article_publisher":"https:\/\/www.facebook.com\/CubaLlama","article_published_time":"2025-11-18T18:51:27+00:00","article_modified_time":"2025-11-18T18:51:29+00:00","og_image":[{"width":1200,"height":630,"url":"https:\/\/cdn1.mediawpaccore.net\/wp-content\/uploads\/2025\/11\/18121128\/WhatsApp-Image-2025-11-18-at-12.03.30.jpg","type":"image\/jpeg"}],"author":"Kathy","twitter_card":"summary_large_image","twitter_creator":"@cuballama","twitter_site":"@cuballama","twitter_misc":{"Escrito por":"Kathy","Tiempo de lectura":"2 minutos"},"schema":{"@context":"https:\/\/schema.org","@graph":[{"@type":"Article","@id":"https:\/\/www.cuballama.com\/noticias\/joven-deportada-de-ee-uu-a-cuba-aconseja-a-inmigrantes-traten-de-no-caer-en-detencion\/#article","isPartOf":{"@id":"https:\/\/www.cuballama.com\/noticias\/joven-deportada-de-ee-uu-a-cuba-aconseja-a-inmigrantes-traten-de-no-caer-en-detencion\/"},"author":{"name":"Kathy","@id":"https:\/\/www.cuballama.com\/noticias\/#\/schema\/person\/86cd3e3f4974437f031211213bf892d5"},"headline":"Joven deportada de EE.UU. a Cuba aconseja a inmigrantes: \u201cTraten de no caer en detenci\u00f3n\u201d","datePublished":"2025-11-18T18:51:27+00:00","dateModified":"2025-11-18T18:51:29+00:00","mainEntityOfPage":{"@id":"https:\/\/www.cuballama.com\/noticias\/joven-deportada-de-ee-uu-a-cuba-aconseja-a-inmigrantes-traten-de-no-caer-en-detencion\/"},"wordCount":375,"commentCount":0,"publisher":{"@id":"https:\/\/www.cuballama.com\/noticias\/#organization"},"image":{"@id":"https:\/\/www.cuballama.com\/noticias\/joven-deportada-de-ee-uu-a-cuba-aconseja-a-inmigrantes-traten-de-no-caer-en-detencion\/#primaryimage"},"thumbnailUrl":"https:\/\/cdn1.mediawpaccore.net\/wp-content\/uploads\/2025\/11\/18121128\/WhatsApp-Image-2025-11-18-at-12.03.30.jpg","keywords":["cubana deportada","cubanos en Estados Unidos","deportaci\u00f3n de cubanos","deportaci\u00f3n desde Estados Unidos","destacado","joven cubana"],"articleSection":["Noticias","Noticias de Cuba"],"inLanguage":"es","potentialAction":[{"@type":"CommentAction","name":"Comment","target":["https:\/\/www.cuballama.com\/noticias\/joven-deportada-de-ee-uu-a-cuba-aconseja-a-inmigrantes-traten-de-no-caer-en-detencion\/#respond"]}]},{"@type":"WebPage","@id":"https:\/\/www.cuballama.com\/noticias\/joven-deportada-de-ee-uu-a-cuba-aconseja-a-inmigrantes-traten-de-no-caer-en-detencion\/","url":"https:\/\/www.cuballama.com\/noticias\/joven-deportada-de-ee-uu-a-cuba-aconseja-a-inmigrantes-traten-de-no-caer-en-detencion\/","name":"Joven deportada de EE.UU. a Cuba aconseja a inmigrantes: \u201cTraten de no caer en detenci\u00f3n\u201d - Cuballama Noticias","isPartOf":{"@id":"https:\/\/www.cuballama.com\/noticias\/#website"},"primaryImageOfPage":{"@id":"https:\/\/www.cuballama.com\/noticias\/joven-deportada-de-ee-uu-a-cuba-aconseja-a-inmigrantes-traten-de-no-caer-en-detencion\/#primaryimage"},"image":{"@id":"https:\/\/www.cuballama.com\/noticias\/joven-deportada-de-ee-uu-a-cuba-aconseja-a-inmigrantes-traten-de-no-caer-en-detencion\/#primaryimage"},"thumbnailUrl":"https:\/\/cdn1.mediawpaccore.net\/wp-content\/uploads\/2025\/11\/18121128\/WhatsApp-Image-2025-11-18-at-12.03.30.jpg","datePublished":"2025-11-18T18:51:27+00:00","dateModified":"2025-11-18T18:51:29+00:00","description":"Una joven cubana cont\u00f3 recientemente lo que vivi\u00f3 tras ser detenida por las autoridades migratorias de EE.UU. y luego deportada a la isla.\u00a0","breadcrumb":{"@id":"https:\/\/www.cuballama.com\/noticias\/joven-deportada-de-ee-uu-a-cuba-aconseja-a-inmigrantes-traten-de-no-caer-en-detencion\/#breadcrumb"},"inLanguage":"es","potentialAction":[{"@type":"ReadAction","target":["https:\/\/www.cuballama.com\/noticias\/joven-deportada-de-ee-uu-a-cuba-aconseja-a-inmigrantes-traten-de-no-caer-en-detencion\/"]}]},{"@type":"ImageObject","inLanguage":"es","@id":"https:\/\/www.cuballama.com\/noticias\/joven-deportada-de-ee-uu-a-cuba-aconseja-a-inmigrantes-traten-de-no-caer-en-detencion\/#primaryimage","url":"https:\/\/cdn1.mediawpaccore.net\/wp-content\/uploads\/2025\/11\/18121128\/WhatsApp-Image-2025-11-18-at-12.03.30.jpg","contentUrl":"https:\/\/cdn1.mediawpaccore.net\/wp-content\/uploads\/2025\/11\/18121128\/WhatsApp-Image-2025-11-18-at-12.03.30.jpg","width":1200,"height":630,"caption":"Cubana deportada. Foto: Captura de video\/Facebook\/Cubaneando por el Mundo."},{"@type":"BreadcrumbList","@id":"https:\/\/www.cuballama.com\/noticias\/joven-deportada-de-ee-uu-a-cuba-aconseja-a-inmigrantes-traten-de-no-caer-en-detencion\/#breadcrumb","itemListElement":[{"@type":"ListItem","position":1,"name":"Home","item":"https:\/\/www.cuballama.com\/noticias\/"},{"@type":"ListItem","position":2,"name":"Joven deportada de EE.UU. a Cuba aconseja a inmigrantes: \u201cTraten de no caer en detenci\u00f3n\u201d"}]},{"@type":"WebSite","@id":"https:\/\/www.cuballama.com\/noticias\/#website","url":"https:\/\/www.cuballama.com\/noticias\/","name":"Cuballama Noticias","description":"Medio digital sobre Cuba y el mundo","publisher":{"@id":"https:\/\/www.cuballama.com\/noticias\/#organization"},"potentialAction":[{"@type":"SearchAction","target":{"@type":"EntryPoint","urlTemplate":"https:\/\/www.cuballama.com\/noticias\/?s={search_term_string}"},"query-input":{"@type":"PropertyValueSpecification","valueRequired":true,"valueName":"search_term_string"}}],"inLanguage":"es"},{"@type":"Organization","@id":"https:\/\/www.cuballama.com\/noticias\/#organization","name":"Cuballama","url":"https:\/\/www.cuballama.com\/noticias\/","logo":{"@type":"ImageObject","inLanguage":"es","@id":"https:\/\/www.cuballama.com\/noticias\/#\/schema\/logo\/image\/","url":"https:\/\/cdn1.mediawpaccore.net\/wp-content\/uploads\/2021\/12\/28171206\/cbll-logo-color-sm.png","contentUrl":"https:\/\/cdn1.mediawpaccore.net\/wp-content\/uploads\/2021\/12\/28171206\/cbll-logo-color-sm.png","width":600,"height":133,"caption":"Cuballama"},"image":{"@id":"https:\/\/www.cuballama.com\/noticias\/#\/schema\/logo\/image\/"},"sameAs":["https:\/\/www.facebook.com\/CubaLlama","https:\/\/x.com\/cuballama","https:\/\/www.instagram.com\/stories\/cuballama_oficial\/","https:\/\/www.youtube.com\/channel\/UCKkFE-d_axENGZcrc4as0IA"]},{"@type":"Person","@id":"https:\/\/www.cuballama.com\/noticias\/#\/schema\/person\/86cd3e3f4974437f031211213bf892d5","name":"Kathy","url":"https:\/\/www.cuballama.com\/noticias\/author\/kathy\/"}]}},"_links":{"self":[{"href":"https:\/\/www.cuballama.com\/noticias\/wp-json\/wp\/v2\/posts\/226271","targetHints":{"allow":["GET"]}}],"collection":[{"href":"https:\/\/www.cuballama.com\/noticias\/wp-json\/wp\/v2\/posts"}],"about":[{"href":"https:\/\/www.cuballama.com\/noticias\/wp-json\/wp\/v2\/types\/post"}],"author":[{"embeddable":true,"href":"https:\/\/www.cuballama.com\/noticias\/wp-json\/wp\/v2\/users\/30"}],"replies":[{"embeddable":true,"href":"https:\/\/www.cuballama.com\/noticias\/wp-json\/wp\/v2\/comments?post=226271"}],"version-history":[{"count":5,"href":"https:\/\/www.cuballama.com\/noticias\/wp-json\/wp\/v2\/posts\/226271\/revisions"}],"predecessor-version":[{"id":226277,"href":"https:\/\/www.cuballama.com\/noticias\/wp-json\/wp\/v2\/posts\/226271\/revisions\/226277"}],"wp:featuredmedia":[{"embeddable":true,"href":"https:\/\/www.cuballama.com\/noticias\/wp-json\/wp\/v2\/media\/226273"}],"wp:attachment":[{"href":"https:\/\/www.cuballama.com\/noticias\/wp-json\/wp\/v2\/media?parent=226271"}],"wp:term":[{"taxonomy":"category","embeddable":true,"href":"https:\/\/www.cuballama.com\/noticias\/wp-json\/wp\/v2\/categories?post=226271"},{"taxonomy":"post_tag","embeddable":true,"href":"https:\/\/www.cuballama.com\/noticias\/wp-json\/wp\/v2\/tags?post=226271"}],"curies":[{"name":"wp","href":"https:\/\/api.w.org\/{rel}","templated":true}]}}