{"id":226196,"date":"2025-11-20T08:31:49","date_gmt":"2025-11-20T13:31:49","guid":{"rendered":"https:\/\/www.cuballama.com\/noticias\/?p=226196"},"modified":"2025-11-20T08:31:52","modified_gmt":"2025-11-20T13:31:52","slug":"capturado-el-asesino-de-querido-joven-en-florida-camaguey","status":"publish","type":"post","link":"https:\/\/www.cuballama.com\/noticias\/capturado-el-asesino-de-querido-joven-en-florida-camaguey\/","title":{"rendered":"Capturado el asesino de querido joven en Florida, Camag\u00fcey"},"content":{"rendered":"\n<p>La ciudad de Florida, en la provincia de Camag\u00fcey, mantuvo durante m\u00e1s de un mes el pulso de la angustia. El joven Michel Mart\u00ednez Mart\u00ednez, de 29 a\u00f1os, muri\u00f3 tras recibir una herida mortal en la parte posterior del cuello, un ataque cuya violencia sacudi\u00f3 a familiares, vecinos y a toda una comunidad que exig\u00eda respuestas. <\/p>\n\n\n\n<p>La espera \u2014un mes y cinco d\u00edas de silencio oficial y dolor\u2014 lleg\u00f3 ayer a un punto de quiebre cuando se anunci\u00f3 la detenci\u00f3n del presunto agresor.<\/p>\n\n\n\n<p>Seg\u00fan publicaciones de la cuenta de <a href=\"https:\/\/www.facebook.com\/61559784217848\/posts\/alerta-noticia-de-ultimo-minuto-me-acaban-de-informar-que-joven-michel-quien-hab\/122194520186326140\" target=\"_blank\" rel=\"noreferrer noopener nofollow\">Facebook<\/a> NiO Reportando Un Crimen, el individuo identificado por allegados de la v\u00edctima como \u201cEl Moro\u201d fue capturado en La Habana. La familia de Michel confirm\u00f3 a trav\u00e9s de esa plataforma que la detenci\u00f3n fue posible gracias a la presi\u00f3n ciudadana que acompa\u00f1\u00f3 la difusi\u00f3n de la fotograf\u00eda y los datos del pr\u00f3fugo.<\/p>\n\n\n\n<iframe loading=\"lazy\" src=\"https:\/\/www.facebook.com\/plugins\/post.php?href=https%3A%2F%2Fwww.facebook.com%2Fpermalink.php%3Fstory_fbid%3Dpfbid02wdCN2fPoTqcGLfUTMftajSma97dSQFK5TPq17fSTdrgLQS5E27hAW4ryQGQ74MWFl%26id%3D61559784217848&#038;show_text=true&#038;width=500\" width=\"500\" height=\"524\" style=\"border:none;overflow:hidden\" scrolling=\"no\" frameborder=\"0\" allowfullscreen=\"true\" allow=\"autoplay; clipboard-write; encrypted-media; picture-in-picture; web-share\"><\/iframe>\n\n\n\n<p>La esposa de Michel relat\u00f3 que el mes transcurrido sin noticias hab\u00eda sido \u201cde dolor, desesperaci\u00f3n y sufrimiento\u201d, tiempo en el cual la ni\u00f1a peque\u00f1a del hogar entendi\u00f3 que su padre no volver\u00eda. En sus propias palabras, \u201cAl fin se hizo justicia. Ya lo cogieron. S\u00e9 que eso no nos va a devolver a mi esposo, pero era lo que quer\u00edamos. Ojal\u00e1 ahora \u00e9l pueda descansar en paz.\u201d<\/p>\n\n\n\n<p>Fuentes oficiales a\u00fan no han emitido un parte judicial que confirme los detalles del arresto ni la filiaci\u00f3n exacta del detenido. Tampoco ha sido divulgado el expediente que explique la motivaci\u00f3n del crimen, aunque los familiares aluden a una agresi\u00f3n sin mediaci\u00f3n aparente, un acto que dej\u00f3 helada a la comunidad local por su brutalidad y la aparente inexplicabilidad del ataque.<\/p>\n\n\n\n<p>El hecho gener\u00f3 una cadena de reacciones en las redes sociales, viralizadas con la etiqueta #JusticiaParaMichel. Usuarios, conocidos y desconocidos, compartieron el mensaje hasta que la causa pas\u00f3 de la indignaci\u00f3n privada al reclamo p\u00fablico. La detenci\u00f3n de \u201cEl Moro\u201d marca el principio de un proceso que muchos esperan no quede en el silencio de los expedientes cubanos, sino que termine con una sanci\u00f3n ejemplar.<\/p>\n\n\n\n<p><\/p>\n\n\n\n<p><\/p>\n","protected":false},"excerpt":{"rendered":"<p>El hecho gener\u00f3 una cadena de reacciones en las redes sociales, viralizadas con la etiqueta #JusticiaParaMichel. Usuarios, conocidos y desconocidos, compartieron el mensaje hasta que la causa pas\u00f3 de la indignaci\u00f3n privada al reclamo p\u00fablico. La detenci\u00f3n de \u201cEl Moro\u201d marca el principio de un proceso que muchos esperan no quede en el silencio de los expedientes cubanos, sino que termine con una sanci\u00f3n ejemplar.<\/p>\n","protected":false},"author":13,"featured_media":226212,"comment_status":"open","ping_status":"closed","sticky":false,"template":"","format":"standard","meta":{"_acf_changed":false,"footnotes":""},"categories":[18,955],"tags":[16502,420,2171,1673,941,29203,29205,29204],"class_list":{"0":"post-226196","1":"post","2":"type-post","3":"status-publish","4":"format-standard","5":"has-post-thumbnail","7":"category-noticias","8":"category-noticias-de-cuba","9":"tag-asesinato-en-cuba","10":"tag-asesinatos","11":"tag-camaguey","12":"tag-delitos","13":"tag-destacado","14":"tag-justicia-criminal","15":"tag-michel-martinez-martinez","16":"tag-represion-social"},"acf":[],"yoast_head":"<!-- This site is optimized with the Yoast SEO plugin v27.4 - https:\/\/yoast.com\/product\/yoast-seo-wordpress\/ -->\n<title>Capturado el asesino de querido joven en Florida, Camag\u00fcey - Cuballama Noticias<\/title>\n<meta name=\"description\" content=\"El asesino del joven Michel Mart\u00ednez Mart\u00ednez, en hecho ocurrido en Florida, Camag\u00fcey, ha sido finalmente capturado en La Habana.\" \/>\n<meta name=\"robots\" content=\"index, follow, max-snippet:-1, max-image-preview:large, max-video-preview:-1\" \/>\n<link rel=\"canonical\" href=\"https:\/\/www.cuballama.com\/noticias\/capturado-el-asesino-de-querido-joven-en-florida-camaguey\/\" \/>\n<meta property=\"og:locale\" content=\"es_ES\" \/>\n<meta property=\"og:type\" content=\"article\" \/>\n<meta property=\"og:title\" content=\"Capturado el asesino de querido joven en Florida, Camag\u00fcey - Cuballama Noticias\" \/>\n<meta property=\"og:description\" content=\"El asesino del joven Michel Mart\u00ednez Mart\u00ednez, en hecho ocurrido en Florida, Camag\u00fcey, ha sido finalmente capturado en La Habana.\" \/>\n<meta property=\"og:url\" content=\"https:\/\/www.cuballama.com\/noticias\/capturado-el-asesino-de-querido-joven-en-florida-camaguey\/\" \/>\n<meta property=\"og:site_name\" content=\"Cuballama Noticias\" \/>\n<meta property=\"article:publisher\" content=\"https:\/\/www.facebook.com\/CubaLlama\" \/>\n<meta property=\"article:published_time\" content=\"2025-11-20T13:31:49+00:00\" \/>\n<meta property=\"article:modified_time\" content=\"2025-11-20T13:31:52+00:00\" \/>\n<meta property=\"og:image\" content=\"https:\/\/cdn1.mediawpaccore.net\/wp-content\/uploads\/2025\/11\/18043357\/Screenshot-2025-11-18-103235.png\" \/>\n\t<meta property=\"og:image:width\" content=\"1200\" \/>\n\t<meta property=\"og:image:height\" content=\"630\" \/>\n\t<meta property=\"og:image:type\" content=\"image\/png\" \/>\n<meta name=\"author\" content=\"Roberto A.\" \/>\n<meta name=\"twitter:card\" content=\"summary_large_image\" \/>\n<meta name=\"twitter:creator\" content=\"@cuballama\" \/>\n<meta name=\"twitter:site\" content=\"@cuballama\" \/>\n<meta name=\"twitter:label1\" content=\"Escrito por\" \/>\n\t<meta name=\"twitter:data1\" content=\"Roberto A.\" \/>\n\t<meta name=\"twitter:label2\" content=\"Tiempo de lectura\" \/>\n\t<meta name=\"twitter:data2\" content=\"2 minutos\" \/>\n<script type=\"application\/ld+json\" class=\"yoast-schema-graph\">{\"@context\":\"https:\\\/\\\/schema.org\",\"@graph\":[{\"@type\":\"Article\",\"@id\":\"https:\\\/\\\/www.cuballama.com\\\/noticias\\\/capturado-el-asesino-de-querido-joven-en-florida-camaguey\\\/#article\",\"isPartOf\":{\"@id\":\"https:\\\/\\\/www.cuballama.com\\\/noticias\\\/capturado-el-asesino-de-querido-joven-en-florida-camaguey\\\/\"},\"author\":{\"name\":\"Roberto A.\",\"@id\":\"https:\\\/\\\/www.cuballama.com\\\/noticias\\\/#\\\/schema\\\/person\\\/a58502ed4146c8e9f83872e897c76cd2\"},\"headline\":\"Capturado el asesino de querido joven en Florida, Camag\u00fcey\",\"datePublished\":\"2025-11-20T13:31:49+00:00\",\"dateModified\":\"2025-11-20T13:31:52+00:00\",\"mainEntityOfPage\":{\"@id\":\"https:\\\/\\\/www.cuballama.com\\\/noticias\\\/capturado-el-asesino-de-querido-joven-en-florida-camaguey\\\/\"},\"wordCount\":376,\"commentCount\":0,\"publisher\":{\"@id\":\"https:\\\/\\\/www.cuballama.com\\\/noticias\\\/#organization\"},\"image\":{\"@id\":\"https:\\\/\\\/www.cuballama.com\\\/noticias\\\/capturado-el-asesino-de-querido-joven-en-florida-camaguey\\\/#primaryimage\"},\"thumbnailUrl\":\"https:\\\/\\\/cdn1.mediawpaccore.net\\\/wp-content\\\/uploads\\\/2025\\\/11\\\/18043357\\\/Screenshot-2025-11-18-103235.png\",\"keywords\":[\"asesinato en Cuba\",\"Asesinatos\",\"Camag\u00fcey\",\"Delitos\",\"destacado\",\"justicia criminal\",\"Michel Mart\u00ednez Mart\u00ednez\",\"represi\u00f3n social\"],\"articleSection\":[\"Noticias\",\"Noticias de Cuba\"],\"inLanguage\":\"es\",\"potentialAction\":[{\"@type\":\"CommentAction\",\"name\":\"Comment\",\"target\":[\"https:\\\/\\\/www.cuballama.com\\\/noticias\\\/capturado-el-asesino-de-querido-joven-en-florida-camaguey\\\/#respond\"]}]},{\"@type\":\"WebPage\",\"@id\":\"https:\\\/\\\/www.cuballama.com\\\/noticias\\\/capturado-el-asesino-de-querido-joven-en-florida-camaguey\\\/\",\"url\":\"https:\\\/\\\/www.cuballama.com\\\/noticias\\\/capturado-el-asesino-de-querido-joven-en-florida-camaguey\\\/\",\"name\":\"Capturado el asesino de querido joven en Florida, Camag\u00fcey - Cuballama Noticias\",\"isPartOf\":{\"@id\":\"https:\\\/\\\/www.cuballama.com\\\/noticias\\\/#website\"},\"primaryImageOfPage\":{\"@id\":\"https:\\\/\\\/www.cuballama.com\\\/noticias\\\/capturado-el-asesino-de-querido-joven-en-florida-camaguey\\\/#primaryimage\"},\"image\":{\"@id\":\"https:\\\/\\\/www.cuballama.com\\\/noticias\\\/capturado-el-asesino-de-querido-joven-en-florida-camaguey\\\/#primaryimage\"},\"thumbnailUrl\":\"https:\\\/\\\/cdn1.mediawpaccore.net\\\/wp-content\\\/uploads\\\/2025\\\/11\\\/18043357\\\/Screenshot-2025-11-18-103235.png\",\"datePublished\":\"2025-11-20T13:31:49+00:00\",\"dateModified\":\"2025-11-20T13:31:52+00:00\",\"description\":\"El asesino del joven Michel Mart\u00ednez Mart\u00ednez, en hecho ocurrido en Florida, Camag\u00fcey, ha sido finalmente capturado en La Habana.\",\"breadcrumb\":{\"@id\":\"https:\\\/\\\/www.cuballama.com\\\/noticias\\\/capturado-el-asesino-de-querido-joven-en-florida-camaguey\\\/#breadcrumb\"},\"inLanguage\":\"es\",\"potentialAction\":[{\"@type\":\"ReadAction\",\"target\":[\"https:\\\/\\\/www.cuballama.com\\\/noticias\\\/capturado-el-asesino-de-querido-joven-en-florida-camaguey\\\/\"]}]},{\"@type\":\"ImageObject\",\"inLanguage\":\"es\",\"@id\":\"https:\\\/\\\/www.cuballama.com\\\/noticias\\\/capturado-el-asesino-de-querido-joven-en-florida-camaguey\\\/#primaryimage\",\"url\":\"https:\\\/\\\/cdn1.mediawpaccore.net\\\/wp-content\\\/uploads\\\/2025\\\/11\\\/18043357\\\/Screenshot-2025-11-18-103235.png\",\"contentUrl\":\"https:\\\/\\\/cdn1.mediawpaccore.net\\\/wp-content\\\/uploads\\\/2025\\\/11\\\/18043357\\\/Screenshot-2025-11-18-103235.png\",\"width\":1200,\"height\":630,\"caption\":\"El joven Michel Mart\u00ednez Mart\u00ednez, de 29 a\u00f1os, muri\u00f3 tras recibir una herida mortal en la parte posterior del cuello. Foto: Cortes\u00eda de Niover Licea\"},{\"@type\":\"BreadcrumbList\",\"@id\":\"https:\\\/\\\/www.cuballama.com\\\/noticias\\\/capturado-el-asesino-de-querido-joven-en-florida-camaguey\\\/#breadcrumb\",\"itemListElement\":[{\"@type\":\"ListItem\",\"position\":1,\"name\":\"Home\",\"item\":\"https:\\\/\\\/www.cuballama.com\\\/noticias\\\/\"},{\"@type\":\"ListItem\",\"position\":2,\"name\":\"Capturado el asesino de querido joven en Florida, Camag\u00fcey\"}]},{\"@type\":\"WebSite\",\"@id\":\"https:\\\/\\\/www.cuballama.com\\\/noticias\\\/#website\",\"url\":\"https:\\\/\\\/www.cuballama.com\\\/noticias\\\/\",\"name\":\"Cuballama Noticias\",\"description\":\"Medio digital sobre Cuba y el mundo\",\"publisher\":{\"@id\":\"https:\\\/\\\/www.cuballama.com\\\/noticias\\\/#organization\"},\"potentialAction\":[{\"@type\":\"SearchAction\",\"target\":{\"@type\":\"EntryPoint\",\"urlTemplate\":\"https:\\\/\\\/www.cuballama.com\\\/noticias\\\/?s={search_term_string}\"},\"query-input\":{\"@type\":\"PropertyValueSpecification\",\"valueRequired\":true,\"valueName\":\"search_term_string\"}}],\"inLanguage\":\"es\"},{\"@type\":\"Organization\",\"@id\":\"https:\\\/\\\/www.cuballama.com\\\/noticias\\\/#organization\",\"name\":\"Cuballama\",\"url\":\"https:\\\/\\\/www.cuballama.com\\\/noticias\\\/\",\"logo\":{\"@type\":\"ImageObject\",\"inLanguage\":\"es\",\"@id\":\"https:\\\/\\\/www.cuballama.com\\\/noticias\\\/#\\\/schema\\\/logo\\\/image\\\/\",\"url\":\"https:\\\/\\\/cdn1.mediawpaccore.net\\\/wp-content\\\/uploads\\\/2021\\\/12\\\/28171206\\\/cbll-logo-color-sm.png\",\"contentUrl\":\"https:\\\/\\\/cdn1.mediawpaccore.net\\\/wp-content\\\/uploads\\\/2021\\\/12\\\/28171206\\\/cbll-logo-color-sm.png\",\"width\":600,\"height\":133,\"caption\":\"Cuballama\"},\"image\":{\"@id\":\"https:\\\/\\\/www.cuballama.com\\\/noticias\\\/#\\\/schema\\\/logo\\\/image\\\/\"},\"sameAs\":[\"https:\\\/\\\/www.facebook.com\\\/CubaLlama\",\"https:\\\/\\\/x.com\\\/cuballama\",\"https:\\\/\\\/www.instagram.com\\\/stories\\\/cuballama_oficial\\\/\",\"https:\\\/\\\/www.youtube.com\\\/channel\\\/UCKkFE-d_axENGZcrc4as0IA\"]},{\"@type\":\"Person\",\"@id\":\"https:\\\/\\\/www.cuballama.com\\\/noticias\\\/#\\\/schema\\\/person\\\/a58502ed4146c8e9f83872e897c76cd2\",\"name\":\"Roberto A.\",\"description\":\"Roberto A. Periodista por decisi\u00f3n propia. Interesado en cualquier tema que me apasione y cada vez m\u00e1s comprometido con la verdad y la objetividad period\u00edstica. Graduado en La Habana hace ya muchos a\u00f1os, luego de una accidentada y polvorienta b\u00fasqueda de informaci\u00f3n sobre un tema in\u00e9dito. La Tesis, por cierto, desapareci\u00f3 de la biblioteca y no se conservan copias de la misma.\",\"url\":\"https:\\\/\\\/www.cuballama.com\\\/noticias\\\/author\\\/roberto\\\/\"}]}<\/script>\n<!-- \/ Yoast SEO plugin. -->","yoast_head_json":{"title":"Capturado el asesino de querido joven en Florida, Camag\u00fcey - Cuballama Noticias","description":"El asesino del joven Michel Mart\u00ednez Mart\u00ednez, en hecho ocurrido en Florida, Camag\u00fcey, ha sido finalmente capturado en La Habana.","robots":{"index":"index","follow":"follow","max-snippet":"max-snippet:-1","max-image-preview":"max-image-preview:large","max-video-preview":"max-video-preview:-1"},"canonical":"https:\/\/www.cuballama.com\/noticias\/capturado-el-asesino-de-querido-joven-en-florida-camaguey\/","og_locale":"es_ES","og_type":"article","og_title":"Capturado el asesino de querido joven en Florida, Camag\u00fcey - Cuballama Noticias","og_description":"El asesino del joven Michel Mart\u00ednez Mart\u00ednez, en hecho ocurrido en Florida, Camag\u00fcey, ha sido finalmente capturado en La Habana.","og_url":"https:\/\/www.cuballama.com\/noticias\/capturado-el-asesino-de-querido-joven-en-florida-camaguey\/","og_site_name":"Cuballama Noticias","article_publisher":"https:\/\/www.facebook.com\/CubaLlama","article_published_time":"2025-11-20T13:31:49+00:00","article_modified_time":"2025-11-20T13:31:52+00:00","og_image":[{"width":1200,"height":630,"url":"https:\/\/cdn1.mediawpaccore.net\/wp-content\/uploads\/2025\/11\/18043357\/Screenshot-2025-11-18-103235.png","type":"image\/png"}],"author":"Roberto A.","twitter_card":"summary_large_image","twitter_creator":"@cuballama","twitter_site":"@cuballama","twitter_misc":{"Escrito por":"Roberto A.","Tiempo de lectura":"2 minutos"},"schema":{"@context":"https:\/\/schema.org","@graph":[{"@type":"Article","@id":"https:\/\/www.cuballama.com\/noticias\/capturado-el-asesino-de-querido-joven-en-florida-camaguey\/#article","isPartOf":{"@id":"https:\/\/www.cuballama.com\/noticias\/capturado-el-asesino-de-querido-joven-en-florida-camaguey\/"},"author":{"name":"Roberto A.","@id":"https:\/\/www.cuballama.com\/noticias\/#\/schema\/person\/a58502ed4146c8e9f83872e897c76cd2"},"headline":"Capturado el asesino de querido joven en Florida, Camag\u00fcey","datePublished":"2025-11-20T13:31:49+00:00","dateModified":"2025-11-20T13:31:52+00:00","mainEntityOfPage":{"@id":"https:\/\/www.cuballama.com\/noticias\/capturado-el-asesino-de-querido-joven-en-florida-camaguey\/"},"wordCount":376,"commentCount":0,"publisher":{"@id":"https:\/\/www.cuballama.com\/noticias\/#organization"},"image":{"@id":"https:\/\/www.cuballama.com\/noticias\/capturado-el-asesino-de-querido-joven-en-florida-camaguey\/#primaryimage"},"thumbnailUrl":"https:\/\/cdn1.mediawpaccore.net\/wp-content\/uploads\/2025\/11\/18043357\/Screenshot-2025-11-18-103235.png","keywords":["asesinato en Cuba","Asesinatos","Camag\u00fcey","Delitos","destacado","justicia criminal","Michel Mart\u00ednez Mart\u00ednez","represi\u00f3n social"],"articleSection":["Noticias","Noticias de Cuba"],"inLanguage":"es","potentialAction":[{"@type":"CommentAction","name":"Comment","target":["https:\/\/www.cuballama.com\/noticias\/capturado-el-asesino-de-querido-joven-en-florida-camaguey\/#respond"]}]},{"@type":"WebPage","@id":"https:\/\/www.cuballama.com\/noticias\/capturado-el-asesino-de-querido-joven-en-florida-camaguey\/","url":"https:\/\/www.cuballama.com\/noticias\/capturado-el-asesino-de-querido-joven-en-florida-camaguey\/","name":"Capturado el asesino de querido joven en Florida, Camag\u00fcey - Cuballama Noticias","isPartOf":{"@id":"https:\/\/www.cuballama.com\/noticias\/#website"},"primaryImageOfPage":{"@id":"https:\/\/www.cuballama.com\/noticias\/capturado-el-asesino-de-querido-joven-en-florida-camaguey\/#primaryimage"},"image":{"@id":"https:\/\/www.cuballama.com\/noticias\/capturado-el-asesino-de-querido-joven-en-florida-camaguey\/#primaryimage"},"thumbnailUrl":"https:\/\/cdn1.mediawpaccore.net\/wp-content\/uploads\/2025\/11\/18043357\/Screenshot-2025-11-18-103235.png","datePublished":"2025-11-20T13:31:49+00:00","dateModified":"2025-11-20T13:31:52+00:00","description":"El asesino del joven Michel Mart\u00ednez Mart\u00ednez, en hecho ocurrido en Florida, Camag\u00fcey, ha sido finalmente capturado en La Habana.","breadcrumb":{"@id":"https:\/\/www.cuballama.com\/noticias\/capturado-el-asesino-de-querido-joven-en-florida-camaguey\/#breadcrumb"},"inLanguage":"es","potentialAction":[{"@type":"ReadAction","target":["https:\/\/www.cuballama.com\/noticias\/capturado-el-asesino-de-querido-joven-en-florida-camaguey\/"]}]},{"@type":"ImageObject","inLanguage":"es","@id":"https:\/\/www.cuballama.com\/noticias\/capturado-el-asesino-de-querido-joven-en-florida-camaguey\/#primaryimage","url":"https:\/\/cdn1.mediawpaccore.net\/wp-content\/uploads\/2025\/11\/18043357\/Screenshot-2025-11-18-103235.png","contentUrl":"https:\/\/cdn1.mediawpaccore.net\/wp-content\/uploads\/2025\/11\/18043357\/Screenshot-2025-11-18-103235.png","width":1200,"height":630,"caption":"El joven Michel Mart\u00ednez Mart\u00ednez, de 29 a\u00f1os, muri\u00f3 tras recibir una herida mortal en la parte posterior del cuello. Foto: Cortes\u00eda de Niover Licea"},{"@type":"BreadcrumbList","@id":"https:\/\/www.cuballama.com\/noticias\/capturado-el-asesino-de-querido-joven-en-florida-camaguey\/#breadcrumb","itemListElement":[{"@type":"ListItem","position":1,"name":"Home","item":"https:\/\/www.cuballama.com\/noticias\/"},{"@type":"ListItem","position":2,"name":"Capturado el asesino de querido joven en Florida, Camag\u00fcey"}]},{"@type":"WebSite","@id":"https:\/\/www.cuballama.com\/noticias\/#website","url":"https:\/\/www.cuballama.com\/noticias\/","name":"Cuballama Noticias","description":"Medio digital sobre Cuba y el mundo","publisher":{"@id":"https:\/\/www.cuballama.com\/noticias\/#organization"},"potentialAction":[{"@type":"SearchAction","target":{"@type":"EntryPoint","urlTemplate":"https:\/\/www.cuballama.com\/noticias\/?s={search_term_string}"},"query-input":{"@type":"PropertyValueSpecification","valueRequired":true,"valueName":"search_term_string"}}],"inLanguage":"es"},{"@type":"Organization","@id":"https:\/\/www.cuballama.com\/noticias\/#organization","name":"Cuballama","url":"https:\/\/www.cuballama.com\/noticias\/","logo":{"@type":"ImageObject","inLanguage":"es","@id":"https:\/\/www.cuballama.com\/noticias\/#\/schema\/logo\/image\/","url":"https:\/\/cdn1.mediawpaccore.net\/wp-content\/uploads\/2021\/12\/28171206\/cbll-logo-color-sm.png","contentUrl":"https:\/\/cdn1.mediawpaccore.net\/wp-content\/uploads\/2021\/12\/28171206\/cbll-logo-color-sm.png","width":600,"height":133,"caption":"Cuballama"},"image":{"@id":"https:\/\/www.cuballama.com\/noticias\/#\/schema\/logo\/image\/"},"sameAs":["https:\/\/www.facebook.com\/CubaLlama","https:\/\/x.com\/cuballama","https:\/\/www.instagram.com\/stories\/cuballama_oficial\/","https:\/\/www.youtube.com\/channel\/UCKkFE-d_axENGZcrc4as0IA"]},{"@type":"Person","@id":"https:\/\/www.cuballama.com\/noticias\/#\/schema\/person\/a58502ed4146c8e9f83872e897c76cd2","name":"Roberto A.","description":"Roberto A. Periodista por decisi\u00f3n propia. Interesado en cualquier tema que me apasione y cada vez m\u00e1s comprometido con la verdad y la objetividad period\u00edstica. Graduado en La Habana hace ya muchos a\u00f1os, luego de una accidentada y polvorienta b\u00fasqueda de informaci\u00f3n sobre un tema in\u00e9dito. La Tesis, por cierto, desapareci\u00f3 de la biblioteca y no se conservan copias de la misma.","url":"https:\/\/www.cuballama.com\/noticias\/author\/roberto\/"}]}},"_links":{"self":[{"href":"https:\/\/www.cuballama.com\/noticias\/wp-json\/wp\/v2\/posts\/226196","targetHints":{"allow":["GET"]}}],"collection":[{"href":"https:\/\/www.cuballama.com\/noticias\/wp-json\/wp\/v2\/posts"}],"about":[{"href":"https:\/\/www.cuballama.com\/noticias\/wp-json\/wp\/v2\/types\/post"}],"author":[{"embeddable":true,"href":"https:\/\/www.cuballama.com\/noticias\/wp-json\/wp\/v2\/users\/13"}],"replies":[{"embeddable":true,"href":"https:\/\/www.cuballama.com\/noticias\/wp-json\/wp\/v2\/comments?post=226196"}],"version-history":[{"count":2,"href":"https:\/\/www.cuballama.com\/noticias\/wp-json\/wp\/v2\/posts\/226196\/revisions"}],"predecessor-version":[{"id":226213,"href":"https:\/\/www.cuballama.com\/noticias\/wp-json\/wp\/v2\/posts\/226196\/revisions\/226213"}],"wp:featuredmedia":[{"embeddable":true,"href":"https:\/\/www.cuballama.com\/noticias\/wp-json\/wp\/v2\/media\/226212"}],"wp:attachment":[{"href":"https:\/\/www.cuballama.com\/noticias\/wp-json\/wp\/v2\/media?parent=226196"}],"wp:term":[{"taxonomy":"category","embeddable":true,"href":"https:\/\/www.cuballama.com\/noticias\/wp-json\/wp\/v2\/categories?post=226196"},{"taxonomy":"post_tag","embeddable":true,"href":"https:\/\/www.cuballama.com\/noticias\/wp-json\/wp\/v2\/tags?post=226196"}],"curies":[{"name":"wp","href":"https:\/\/api.w.org\/{rel}","templated":true}]}}