{"id":226019,"date":"2025-11-15T09:09:48","date_gmt":"2025-11-15T14:09:48","guid":{"rendered":"https:\/\/www.cuballama.com\/noticias\/?p=226019"},"modified":"2025-11-15T09:09:50","modified_gmt":"2025-11-15T14:09:50","slug":"calles-convertidas-en-corrientes-barrios-de-baracoa-quedan-bajo-el-agua-tras-intensas-lluvias","status":"publish","type":"post","link":"https:\/\/www.cuballama.com\/noticias\/calles-convertidas-en-corrientes-barrios-de-baracoa-quedan-bajo-el-agua-tras-intensas-lluvias\/","title":{"rendered":"\u201cCalles convertidas en corrientes\u201d: barrios de Baracoa quedan bajo el agua tras intensas lluvias"},"content":{"rendered":"\n<p>La madrugada de este s\u00e1bado lleg\u00f3 con aguaceros persistentes sobre <strong><a href=\"https:\/\/www.cuballama.com\/noticias\/baracoa-sigue-bajo-lluvia-el-acceso-a-la-montana-es-imposible\/\" target=\"_blank\" rel=\"noreferrer noopener\">Baracoa (Guant\u00e1namo)<\/a><\/strong> y, con ellos, una nueva crecida del <strong>r\u00edo Miel<\/strong> que volvi\u00f3 a anegar las zonas bajas de la ciudad y encendi\u00f3 las alarmas entre vecinos que temen repetir desastres de a\u00f1os recientes.<\/p>\n\n\n\n<p>Seg\u00fan reportes vecinales divulgados por la p\u00e1gina <strong>Primada Visi\u00f3n<\/strong>, los focos de mayor impacto se concentran en <strong>Bohorque<\/strong> (calles 7 y 9), <strong>Cabac\u00fa<\/strong> (calles 13 y 15), <strong>Reparto Dap<\/strong>, <strong>Dos Caminos<\/strong>, el entorno del <strong>Combinado C\u00e1rnico (Matadero)<\/strong> y <strong>Vega Larga<\/strong>.&nbsp;<\/p>\n\n\n\n<iframe loading=\"lazy\" src=\"https:\/\/www.facebook.com\/plugins\/post.php?href=https%3A%2F%2Fwww.facebook.com%2FPrimadaVision%2Fposts%2Fpfbid02uaA2U3pA28FLXhGSbmRjdde4FZuXf5v9DLJC8QXMUz9Tzo6s86nznEgK75QLb1sil&#038;show_text=true&#038;width=500\" width=\"500\" height=\"226\" style=\"border:none;overflow:hidden\" scrolling=\"no\" frameborder=\"0\" allowfullscreen=\"true\" allow=\"autoplay; clipboard-write; encrypted-media; picture-in-picture; web-share\"><\/iframe>\n\n\n\n<p>Los materiales compartidos por usuarios \u2014fotos y videos\u2014 dejan ver <strong>casas con el agua al interior<\/strong>, <strong>calles convertidas en corrientes<\/strong> y familias subiendo pertenencias a plantas altas para protegerlas de la inundaci\u00f3n.<\/p>\n\n\n\n<p>La propia p\u00e1gina local advirti\u00f3 que <strong>\u201cLa situaci\u00f3n en la Calle 7 de Bohorque contin\u00faa cr\u00edtica\u201d<\/strong>, junto a im\u00e1genes que evidencian el avance del agua en ese sector. Residentes se\u00f1alan que <strong>no hubo respuesta inmediata<\/strong> de las autoridades y que el repunte del caudal los sorprendi\u00f3 <strong>sin un esquema de evacuaci\u00f3n<\/strong> claro.<\/p>\n\n\n\n<iframe loading=\"lazy\" src=\"https:\/\/www.facebook.com\/plugins\/post.php?href=https%3A%2F%2Fwww.facebook.com%2FPrimadaVision%2Fposts%2Fpfbid02o4cigC4Aofvron8bbLXvh81Xrd5y35L6ZDF7BoF9phPZK43eHX3iqXxsmejiiiV6l&#038;show_text=true&#038;width=500\" width=\"500\" height=\"664\" style=\"border:none;overflow:hidden\" scrolling=\"no\" frameborder=\"0\" allowfullscreen=\"true\" allow=\"autoplay; clipboard-write; encrypted-media; picture-in-picture; web-share\"><\/iframe>\n\n\n\n<p>Conocida como la <strong>\u201cPrimada de Cuba\u201d<\/strong>, Baracoa ha cargado con el peso de fen\u00f3menos similares en los \u00faltimos a\u00f1os. Comunidades cercanas como <strong>Boca de Miel<\/strong> siguen reportando <strong>aislamiento<\/strong>, <strong>v\u00edas da\u00f1adas<\/strong>, <strong>interrupciones el\u00e9ctricas<\/strong> y <strong>servicios b\u00e1sicos inestables<\/strong>.&nbsp;<\/p>\n\n\n\n<p>En paralelo, los compromisos oficiales de <strong>reparaci\u00f3n<\/strong> y <strong>mejora de infraestructuras <\/strong>contin\u00faan sin materializarse, lo que mantiene a buena parte de la poblaci\u00f3n bajo la amenaza de quedar incomunicada cada vez que llega un episodio de lluvias intensas.<\/p>\n\n\n\n<iframe loading=\"lazy\" src=\"https:\/\/www.facebook.com\/plugins\/post.php?href=https%3A%2F%2Fwww.facebook.com%2FPrimadaVision%2Fposts%2Fpfbid0vcLDrwa8z3Wb8jaSwnNpDPMEsUqBzAE39GBPv5DQnQhe2jnsVZUjJsZLmv64puxzl&#038;show_text=true&#038;width=500\" width=\"500\" height=\"727\" style=\"border:none;overflow:hidden\" scrolling=\"no\" frameborder=\"0\" allowfullscreen=\"true\" allow=\"autoplay; clipboard-write; encrypted-media; picture-in-picture; web-share\"><\/iframe>\n\n\n\n<p>Ante el escenario actual, medios locales y vecinos recomiendan <strong>salir de inmediato<\/strong> de las \u00e1reas anegadas, <strong>desconectar la corriente<\/strong> en las viviendas y <strong>evitar desplazarse por el agua<\/strong>, que puede ocultar obst\u00e1culos, huecos o arrastrar con fuerza peligrosa.&nbsp;<\/p>\n\n\n\n<p>En redes, los baracoenses reclaman <strong>acciones preventivas concretas<\/strong> para mitigar futuras inundaciones y <strong>protocolos de respuesta<\/strong> que garanticen la seguridad de quienes permanecen en las zonas vulnerables, un pedido que \u2014denuncian\u2014 <strong>lleva a\u00f1os sin ser atendido<\/strong> de manera efectiva.<\/p>\n","protected":false},"excerpt":{"rendered":"<p>Baracoa sufre una nueva crecida del r\u00edo Miel: barrios anegados, viviendas afectadas y denuncias por falta de evacuaci\u00f3n. Vecinos piden acciones urgentes.<\/p>\n","protected":false},"author":29,"featured_media":226033,"comment_status":"open","ping_status":"closed","sticky":false,"template":"","format":"standard","meta":{"_acf_changed":false,"footnotes":""},"categories":[14202,955],"tags":[1701,10867,11,941,6164],"class_list":{"0":"post-226019","1":"post","2":"type-post","3":"status-publish","4":"format-standard","5":"has-post-thumbnail","7":"category-destacado-cuba","8":"category-noticias-de-cuba","9":"tag-baracoa","10":"tag-crisis-en-cuba","11":"tag-cuba","12":"tag-destacado","13":"tag-lluvias"},"acf":[],"yoast_head":"<!-- This site is optimized with the Yoast SEO plugin v27.5 - https:\/\/yoast.com\/product\/yoast-seo-wordpress\/ -->\n<title>\u201cCalles convertidas en corrientes\u201d: barrios de Baracoa quedan bajo el agua tras intensas lluvias - Cuballama Noticias<\/title>\n<meta name=\"description\" content=\"Baracoa sufre una nueva crecida del r\u00edo Miel: barrios anegados, viviendas afectadas y denuncias por falta de evacuaci\u00f3n.\" \/>\n<meta name=\"robots\" content=\"index, follow, max-snippet:-1, max-image-preview:large, max-video-preview:-1\" \/>\n<link rel=\"canonical\" href=\"https:\/\/www.cuballama.com\/noticias\/calles-convertidas-en-corrientes-barrios-de-baracoa-quedan-bajo-el-agua-tras-intensas-lluvias\/\" \/>\n<meta property=\"og:locale\" content=\"es_ES\" \/>\n<meta property=\"og:type\" content=\"article\" \/>\n<meta property=\"og:title\" content=\"\u201cCalles convertidas en corrientes\u201d: barrios de Baracoa quedan bajo el agua tras intensas lluvias - Cuballama Noticias\" \/>\n<meta property=\"og:description\" content=\"Baracoa sufre una nueva crecida del r\u00edo Miel: barrios anegados, viviendas afectadas y denuncias por falta de evacuaci\u00f3n.\" \/>\n<meta property=\"og:url\" content=\"https:\/\/www.cuballama.com\/noticias\/calles-convertidas-en-corrientes-barrios-de-baracoa-quedan-bajo-el-agua-tras-intensas-lluvias\/\" \/>\n<meta property=\"og:site_name\" content=\"Cuballama Noticias\" \/>\n<meta property=\"article:publisher\" content=\"https:\/\/www.facebook.com\/CubaLlama\" \/>\n<meta property=\"article:published_time\" content=\"2025-11-15T14:09:48+00:00\" \/>\n<meta property=\"article:modified_time\" content=\"2025-11-15T14:09:50+00:00\" \/>\n<meta property=\"og:image\" content=\"https:\/\/cdn1.mediawpaccore.net\/wp-content\/uploads\/2025\/11\/15090701\/xxxxxccccccccddd-81-1024x576.png\" \/>\n\t<meta property=\"og:image:width\" content=\"1024\" \/>\n\t<meta property=\"og:image:height\" content=\"576\" \/>\n\t<meta property=\"og:image:type\" content=\"image\/png\" \/>\n<meta name=\"author\" content=\"Sof\u00eda Reyes\" \/>\n<meta name=\"twitter:card\" content=\"summary_large_image\" \/>\n<meta name=\"twitter:creator\" content=\"@cuballama\" \/>\n<meta name=\"twitter:site\" content=\"@cuballama\" \/>\n<meta name=\"twitter:label1\" content=\"Escrito por\" \/>\n\t<meta name=\"twitter:data1\" content=\"Sof\u00eda Reyes\" \/>\n\t<meta name=\"twitter:label2\" content=\"Tiempo de lectura\" \/>\n\t<meta name=\"twitter:data2\" content=\"2 minutos\" \/>\n<script type=\"application\/ld+json\" class=\"yoast-schema-graph\">{\"@context\":\"https:\\\/\\\/schema.org\",\"@graph\":[{\"@type\":\"Article\",\"@id\":\"https:\\\/\\\/www.cuballama.com\\\/noticias\\\/calles-convertidas-en-corrientes-barrios-de-baracoa-quedan-bajo-el-agua-tras-intensas-lluvias\\\/#article\",\"isPartOf\":{\"@id\":\"https:\\\/\\\/www.cuballama.com\\\/noticias\\\/calles-convertidas-en-corrientes-barrios-de-baracoa-quedan-bajo-el-agua-tras-intensas-lluvias\\\/\"},\"author\":{\"name\":\"Sof\u00eda Reyes\",\"@id\":\"https:\\\/\\\/www.cuballama.com\\\/noticias\\\/#\\\/schema\\\/person\\\/5cba2b8cc25a3159e49fe730a94d512e\"},\"headline\":\"\u201cCalles convertidas en corrientes\u201d: barrios de Baracoa quedan bajo el agua tras intensas lluvias\",\"datePublished\":\"2025-11-15T14:09:48+00:00\",\"dateModified\":\"2025-11-15T14:09:50+00:00\",\"mainEntityOfPage\":{\"@id\":\"https:\\\/\\\/www.cuballama.com\\\/noticias\\\/calles-convertidas-en-corrientes-barrios-de-baracoa-quedan-bajo-el-agua-tras-intensas-lluvias\\\/\"},\"wordCount\":358,\"commentCount\":0,\"publisher\":{\"@id\":\"https:\\\/\\\/www.cuballama.com\\\/noticias\\\/#organization\"},\"image\":{\"@id\":\"https:\\\/\\\/www.cuballama.com\\\/noticias\\\/calles-convertidas-en-corrientes-barrios-de-baracoa-quedan-bajo-el-agua-tras-intensas-lluvias\\\/#primaryimage\"},\"thumbnailUrl\":\"https:\\\/\\\/cdn1.mediawpaccore.net\\\/wp-content\\\/uploads\\\/2025\\\/11\\\/15090701\\\/xxxxxccccccccddd-81.png\",\"keywords\":[\"Baracoa\",\"Crisis en Cuba\",\"Cuba\",\"destacado\",\"Lluvias\"],\"articleSection\":[\"Destacado Cuba\",\"Noticias de Cuba\"],\"inLanguage\":\"es\",\"potentialAction\":[{\"@type\":\"CommentAction\",\"name\":\"Comment\",\"target\":[\"https:\\\/\\\/www.cuballama.com\\\/noticias\\\/calles-convertidas-en-corrientes-barrios-de-baracoa-quedan-bajo-el-agua-tras-intensas-lluvias\\\/#respond\"]}]},{\"@type\":\"WebPage\",\"@id\":\"https:\\\/\\\/www.cuballama.com\\\/noticias\\\/calles-convertidas-en-corrientes-barrios-de-baracoa-quedan-bajo-el-agua-tras-intensas-lluvias\\\/\",\"url\":\"https:\\\/\\\/www.cuballama.com\\\/noticias\\\/calles-convertidas-en-corrientes-barrios-de-baracoa-quedan-bajo-el-agua-tras-intensas-lluvias\\\/\",\"name\":\"\u201cCalles convertidas en corrientes\u201d: barrios de Baracoa quedan bajo el agua tras intensas lluvias - Cuballama Noticias\",\"isPartOf\":{\"@id\":\"https:\\\/\\\/www.cuballama.com\\\/noticias\\\/#website\"},\"primaryImageOfPage\":{\"@id\":\"https:\\\/\\\/www.cuballama.com\\\/noticias\\\/calles-convertidas-en-corrientes-barrios-de-baracoa-quedan-bajo-el-agua-tras-intensas-lluvias\\\/#primaryimage\"},\"image\":{\"@id\":\"https:\\\/\\\/www.cuballama.com\\\/noticias\\\/calles-convertidas-en-corrientes-barrios-de-baracoa-quedan-bajo-el-agua-tras-intensas-lluvias\\\/#primaryimage\"},\"thumbnailUrl\":\"https:\\\/\\\/cdn1.mediawpaccore.net\\\/wp-content\\\/uploads\\\/2025\\\/11\\\/15090701\\\/xxxxxccccccccddd-81.png\",\"datePublished\":\"2025-11-15T14:09:48+00:00\",\"dateModified\":\"2025-11-15T14:09:50+00:00\",\"description\":\"Baracoa sufre una nueva crecida del r\u00edo Miel: barrios anegados, viviendas afectadas y denuncias por falta de evacuaci\u00f3n.\",\"breadcrumb\":{\"@id\":\"https:\\\/\\\/www.cuballama.com\\\/noticias\\\/calles-convertidas-en-corrientes-barrios-de-baracoa-quedan-bajo-el-agua-tras-intensas-lluvias\\\/#breadcrumb\"},\"inLanguage\":\"es\",\"potentialAction\":[{\"@type\":\"ReadAction\",\"target\":[\"https:\\\/\\\/www.cuballama.com\\\/noticias\\\/calles-convertidas-en-corrientes-barrios-de-baracoa-quedan-bajo-el-agua-tras-intensas-lluvias\\\/\"]}]},{\"@type\":\"ImageObject\",\"inLanguage\":\"es\",\"@id\":\"https:\\\/\\\/www.cuballama.com\\\/noticias\\\/calles-convertidas-en-corrientes-barrios-de-baracoa-quedan-bajo-el-agua-tras-intensas-lluvias\\\/#primaryimage\",\"url\":\"https:\\\/\\\/cdn1.mediawpaccore.net\\\/wp-content\\\/uploads\\\/2025\\\/11\\\/15090701\\\/xxxxxccccccccddd-81.png\",\"contentUrl\":\"https:\\\/\\\/cdn1.mediawpaccore.net\\\/wp-content\\\/uploads\\\/2025\\\/11\\\/15090701\\\/xxxxxccccccccddd-81.png\",\"width\":1920,\"height\":1080,\"caption\":\"Foto tomada del perfil de Facebook de Primada Visi\u00f3n\"},{\"@type\":\"BreadcrumbList\",\"@id\":\"https:\\\/\\\/www.cuballama.com\\\/noticias\\\/calles-convertidas-en-corrientes-barrios-de-baracoa-quedan-bajo-el-agua-tras-intensas-lluvias\\\/#breadcrumb\",\"itemListElement\":[{\"@type\":\"ListItem\",\"position\":1,\"name\":\"Home\",\"item\":\"https:\\\/\\\/www.cuballama.com\\\/noticias\\\/\"},{\"@type\":\"ListItem\",\"position\":2,\"name\":\"\u201cCalles convertidas en corrientes\u201d: barrios de Baracoa quedan bajo el agua tras intensas lluvias\"}]},{\"@type\":\"WebSite\",\"@id\":\"https:\\\/\\\/www.cuballama.com\\\/noticias\\\/#website\",\"url\":\"https:\\\/\\\/www.cuballama.com\\\/noticias\\\/\",\"name\":\"Cuballama Noticias\",\"description\":\"Medio digital sobre Cuba y el mundo\",\"publisher\":{\"@id\":\"https:\\\/\\\/www.cuballama.com\\\/noticias\\\/#organization\"},\"potentialAction\":[{\"@type\":\"SearchAction\",\"target\":{\"@type\":\"EntryPoint\",\"urlTemplate\":\"https:\\\/\\\/www.cuballama.com\\\/noticias\\\/?s={search_term_string}\"},\"query-input\":{\"@type\":\"PropertyValueSpecification\",\"valueRequired\":true,\"valueName\":\"search_term_string\"}}],\"inLanguage\":\"es\"},{\"@type\":\"Organization\",\"@id\":\"https:\\\/\\\/www.cuballama.com\\\/noticias\\\/#organization\",\"name\":\"Cuballama\",\"url\":\"https:\\\/\\\/www.cuballama.com\\\/noticias\\\/\",\"logo\":{\"@type\":\"ImageObject\",\"inLanguage\":\"es\",\"@id\":\"https:\\\/\\\/www.cuballama.com\\\/noticias\\\/#\\\/schema\\\/logo\\\/image\\\/\",\"url\":\"https:\\\/\\\/cdn1.mediawpaccore.net\\\/wp-content\\\/uploads\\\/2021\\\/12\\\/28171206\\\/cbll-logo-color-sm.png\",\"contentUrl\":\"https:\\\/\\\/cdn1.mediawpaccore.net\\\/wp-content\\\/uploads\\\/2021\\\/12\\\/28171206\\\/cbll-logo-color-sm.png\",\"width\":600,\"height\":133,\"caption\":\"Cuballama\"},\"image\":{\"@id\":\"https:\\\/\\\/www.cuballama.com\\\/noticias\\\/#\\\/schema\\\/logo\\\/image\\\/\"},\"sameAs\":[\"https:\\\/\\\/www.facebook.com\\\/CubaLlama\",\"https:\\\/\\\/x.com\\\/cuballama\",\"https:\\\/\\\/www.instagram.com\\\/stories\\\/cuballama_oficial\\\/\",\"https:\\\/\\\/www.youtube.com\\\/channel\\\/UCKkFE-d_axENGZcrc4as0IA\"]},{\"@type\":\"Person\",\"@id\":\"https:\\\/\\\/www.cuballama.com\\\/noticias\\\/#\\\/schema\\\/person\\\/5cba2b8cc25a3159e49fe730a94d512e\",\"name\":\"Sof\u00eda Reyes\",\"url\":\"https:\\\/\\\/www.cuballama.com\\\/noticias\\\/author\\\/laura\\\/\"}]}<\/script>\n<!-- \/ Yoast SEO plugin. -->","yoast_head_json":{"title":"\u201cCalles convertidas en corrientes\u201d: barrios de Baracoa quedan bajo el agua tras intensas lluvias - Cuballama Noticias","description":"Baracoa sufre una nueva crecida del r\u00edo Miel: barrios anegados, viviendas afectadas y denuncias por falta de evacuaci\u00f3n.","robots":{"index":"index","follow":"follow","max-snippet":"max-snippet:-1","max-image-preview":"max-image-preview:large","max-video-preview":"max-video-preview:-1"},"canonical":"https:\/\/www.cuballama.com\/noticias\/calles-convertidas-en-corrientes-barrios-de-baracoa-quedan-bajo-el-agua-tras-intensas-lluvias\/","og_locale":"es_ES","og_type":"article","og_title":"\u201cCalles convertidas en corrientes\u201d: barrios de Baracoa quedan bajo el agua tras intensas lluvias - Cuballama Noticias","og_description":"Baracoa sufre una nueva crecida del r\u00edo Miel: barrios anegados, viviendas afectadas y denuncias por falta de evacuaci\u00f3n.","og_url":"https:\/\/www.cuballama.com\/noticias\/calles-convertidas-en-corrientes-barrios-de-baracoa-quedan-bajo-el-agua-tras-intensas-lluvias\/","og_site_name":"Cuballama Noticias","article_publisher":"https:\/\/www.facebook.com\/CubaLlama","article_published_time":"2025-11-15T14:09:48+00:00","article_modified_time":"2025-11-15T14:09:50+00:00","og_image":[{"width":1024,"height":576,"url":"https:\/\/cdn1.mediawpaccore.net\/wp-content\/uploads\/2025\/11\/15090701\/xxxxxccccccccddd-81-1024x576.png","type":"image\/png"}],"author":"Sof\u00eda Reyes","twitter_card":"summary_large_image","twitter_creator":"@cuballama","twitter_site":"@cuballama","twitter_misc":{"Escrito por":"Sof\u00eda Reyes","Tiempo de lectura":"2 minutos"},"schema":{"@context":"https:\/\/schema.org","@graph":[{"@type":"Article","@id":"https:\/\/www.cuballama.com\/noticias\/calles-convertidas-en-corrientes-barrios-de-baracoa-quedan-bajo-el-agua-tras-intensas-lluvias\/#article","isPartOf":{"@id":"https:\/\/www.cuballama.com\/noticias\/calles-convertidas-en-corrientes-barrios-de-baracoa-quedan-bajo-el-agua-tras-intensas-lluvias\/"},"author":{"name":"Sof\u00eda Reyes","@id":"https:\/\/www.cuballama.com\/noticias\/#\/schema\/person\/5cba2b8cc25a3159e49fe730a94d512e"},"headline":"\u201cCalles convertidas en corrientes\u201d: barrios de Baracoa quedan bajo el agua tras intensas lluvias","datePublished":"2025-11-15T14:09:48+00:00","dateModified":"2025-11-15T14:09:50+00:00","mainEntityOfPage":{"@id":"https:\/\/www.cuballama.com\/noticias\/calles-convertidas-en-corrientes-barrios-de-baracoa-quedan-bajo-el-agua-tras-intensas-lluvias\/"},"wordCount":358,"commentCount":0,"publisher":{"@id":"https:\/\/www.cuballama.com\/noticias\/#organization"},"image":{"@id":"https:\/\/www.cuballama.com\/noticias\/calles-convertidas-en-corrientes-barrios-de-baracoa-quedan-bajo-el-agua-tras-intensas-lluvias\/#primaryimage"},"thumbnailUrl":"https:\/\/cdn1.mediawpaccore.net\/wp-content\/uploads\/2025\/11\/15090701\/xxxxxccccccccddd-81.png","keywords":["Baracoa","Crisis en Cuba","Cuba","destacado","Lluvias"],"articleSection":["Destacado Cuba","Noticias de Cuba"],"inLanguage":"es","potentialAction":[{"@type":"CommentAction","name":"Comment","target":["https:\/\/www.cuballama.com\/noticias\/calles-convertidas-en-corrientes-barrios-de-baracoa-quedan-bajo-el-agua-tras-intensas-lluvias\/#respond"]}]},{"@type":"WebPage","@id":"https:\/\/www.cuballama.com\/noticias\/calles-convertidas-en-corrientes-barrios-de-baracoa-quedan-bajo-el-agua-tras-intensas-lluvias\/","url":"https:\/\/www.cuballama.com\/noticias\/calles-convertidas-en-corrientes-barrios-de-baracoa-quedan-bajo-el-agua-tras-intensas-lluvias\/","name":"\u201cCalles convertidas en corrientes\u201d: barrios de Baracoa quedan bajo el agua tras intensas lluvias - Cuballama Noticias","isPartOf":{"@id":"https:\/\/www.cuballama.com\/noticias\/#website"},"primaryImageOfPage":{"@id":"https:\/\/www.cuballama.com\/noticias\/calles-convertidas-en-corrientes-barrios-de-baracoa-quedan-bajo-el-agua-tras-intensas-lluvias\/#primaryimage"},"image":{"@id":"https:\/\/www.cuballama.com\/noticias\/calles-convertidas-en-corrientes-barrios-de-baracoa-quedan-bajo-el-agua-tras-intensas-lluvias\/#primaryimage"},"thumbnailUrl":"https:\/\/cdn1.mediawpaccore.net\/wp-content\/uploads\/2025\/11\/15090701\/xxxxxccccccccddd-81.png","datePublished":"2025-11-15T14:09:48+00:00","dateModified":"2025-11-15T14:09:50+00:00","description":"Baracoa sufre una nueva crecida del r\u00edo Miel: barrios anegados, viviendas afectadas y denuncias por falta de evacuaci\u00f3n.","breadcrumb":{"@id":"https:\/\/www.cuballama.com\/noticias\/calles-convertidas-en-corrientes-barrios-de-baracoa-quedan-bajo-el-agua-tras-intensas-lluvias\/#breadcrumb"},"inLanguage":"es","potentialAction":[{"@type":"ReadAction","target":["https:\/\/www.cuballama.com\/noticias\/calles-convertidas-en-corrientes-barrios-de-baracoa-quedan-bajo-el-agua-tras-intensas-lluvias\/"]}]},{"@type":"ImageObject","inLanguage":"es","@id":"https:\/\/www.cuballama.com\/noticias\/calles-convertidas-en-corrientes-barrios-de-baracoa-quedan-bajo-el-agua-tras-intensas-lluvias\/#primaryimage","url":"https:\/\/cdn1.mediawpaccore.net\/wp-content\/uploads\/2025\/11\/15090701\/xxxxxccccccccddd-81.png","contentUrl":"https:\/\/cdn1.mediawpaccore.net\/wp-content\/uploads\/2025\/11\/15090701\/xxxxxccccccccddd-81.png","width":1920,"height":1080,"caption":"Foto tomada del perfil de Facebook de Primada Visi\u00f3n"},{"@type":"BreadcrumbList","@id":"https:\/\/www.cuballama.com\/noticias\/calles-convertidas-en-corrientes-barrios-de-baracoa-quedan-bajo-el-agua-tras-intensas-lluvias\/#breadcrumb","itemListElement":[{"@type":"ListItem","position":1,"name":"Home","item":"https:\/\/www.cuballama.com\/noticias\/"},{"@type":"ListItem","position":2,"name":"\u201cCalles convertidas en corrientes\u201d: barrios de Baracoa quedan bajo el agua tras intensas lluvias"}]},{"@type":"WebSite","@id":"https:\/\/www.cuballama.com\/noticias\/#website","url":"https:\/\/www.cuballama.com\/noticias\/","name":"Cuballama Noticias","description":"Medio digital sobre Cuba y el mundo","publisher":{"@id":"https:\/\/www.cuballama.com\/noticias\/#organization"},"potentialAction":[{"@type":"SearchAction","target":{"@type":"EntryPoint","urlTemplate":"https:\/\/www.cuballama.com\/noticias\/?s={search_term_string}"},"query-input":{"@type":"PropertyValueSpecification","valueRequired":true,"valueName":"search_term_string"}}],"inLanguage":"es"},{"@type":"Organization","@id":"https:\/\/www.cuballama.com\/noticias\/#organization","name":"Cuballama","url":"https:\/\/www.cuballama.com\/noticias\/","logo":{"@type":"ImageObject","inLanguage":"es","@id":"https:\/\/www.cuballama.com\/noticias\/#\/schema\/logo\/image\/","url":"https:\/\/cdn1.mediawpaccore.net\/wp-content\/uploads\/2021\/12\/28171206\/cbll-logo-color-sm.png","contentUrl":"https:\/\/cdn1.mediawpaccore.net\/wp-content\/uploads\/2021\/12\/28171206\/cbll-logo-color-sm.png","width":600,"height":133,"caption":"Cuballama"},"image":{"@id":"https:\/\/www.cuballama.com\/noticias\/#\/schema\/logo\/image\/"},"sameAs":["https:\/\/www.facebook.com\/CubaLlama","https:\/\/x.com\/cuballama","https:\/\/www.instagram.com\/stories\/cuballama_oficial\/","https:\/\/www.youtube.com\/channel\/UCKkFE-d_axENGZcrc4as0IA"]},{"@type":"Person","@id":"https:\/\/www.cuballama.com\/noticias\/#\/schema\/person\/5cba2b8cc25a3159e49fe730a94d512e","name":"Sof\u00eda Reyes","url":"https:\/\/www.cuballama.com\/noticias\/author\/laura\/"}]}},"_links":{"self":[{"href":"https:\/\/www.cuballama.com\/noticias\/wp-json\/wp\/v2\/posts\/226019","targetHints":{"allow":["GET"]}}],"collection":[{"href":"https:\/\/www.cuballama.com\/noticias\/wp-json\/wp\/v2\/posts"}],"about":[{"href":"https:\/\/www.cuballama.com\/noticias\/wp-json\/wp\/v2\/types\/post"}],"author":[{"embeddable":true,"href":"https:\/\/www.cuballama.com\/noticias\/wp-json\/wp\/v2\/users\/29"}],"replies":[{"embeddable":true,"href":"https:\/\/www.cuballama.com\/noticias\/wp-json\/wp\/v2\/comments?post=226019"}],"version-history":[{"count":3,"href":"https:\/\/www.cuballama.com\/noticias\/wp-json\/wp\/v2\/posts\/226019\/revisions"}],"predecessor-version":[{"id":226035,"href":"https:\/\/www.cuballama.com\/noticias\/wp-json\/wp\/v2\/posts\/226019\/revisions\/226035"}],"wp:featuredmedia":[{"embeddable":true,"href":"https:\/\/www.cuballama.com\/noticias\/wp-json\/wp\/v2\/media\/226033"}],"wp:attachment":[{"href":"https:\/\/www.cuballama.com\/noticias\/wp-json\/wp\/v2\/media?parent=226019"}],"wp:term":[{"taxonomy":"category","embeddable":true,"href":"https:\/\/www.cuballama.com\/noticias\/wp-json\/wp\/v2\/categories?post=226019"},{"taxonomy":"post_tag","embeddable":true,"href":"https:\/\/www.cuballama.com\/noticias\/wp-json\/wp\/v2\/tags?post=226019"}],"curies":[{"name":"wp","href":"https:\/\/api.w.org\/{rel}","templated":true}]}}