{"id":225916,"date":"2025-11-14T06:51:31","date_gmt":"2025-11-14T11:51:31","guid":{"rendered":"https:\/\/www.cuballama.com\/noticias\/?p=225916"},"modified":"2025-11-14T06:59:40","modified_gmt":"2025-11-14T11:59:40","slug":"desaparece-joven-recluta-cubano-rumbo-a-su-unidad-militar","status":"publish","type":"post","link":"https:\/\/www.cuballama.com\/noticias\/desaparece-joven-recluta-cubano-rumbo-a-su-unidad-militar\/","title":{"rendered":"Desaparece joven recluta cubano rumbo a su unidad militar"},"content":{"rendered":"\n<p>Un joven recluta cubano, identificado como Danniel Quesada Morales, desapareci\u00f3 hace d\u00edas, mientras se dirig\u00eda a su unidad militar en Holgu\u00edn, seg\u00fan reportes en redes sociales que circulan desde el lunes.\u00a0<\/p>\n\n\n\n<p>Varios familiares del muchacho de 19 a\u00f1os confirmaron <a href=\"https:\/\/www.martinoticias.com\/amp\/desaparici%C3%B3n-de-recluta-cubano-pone-en-evidencia-la-falta-de-mecanismos-oficiales-para-resolver-estos-casos\/428785.html\" target=\"_blank\" rel=\"noreferrer noopener nofollow\">a <em>Mart\u00ed Noticias<\/em><\/a> que lo vieron por \u00faltima vez cuando sali\u00f3 de su casa en El Diamante de Santa Rita, en la provincia de Granma, hacia la unidad militar de Aguas Claras, en Holgu\u00edn.<\/p>\n\n\n\n<p>Si bien el padre del joven, Daniel Quesada S\u00e1nchez, public\u00f3 un video en redes sociales pidiendo ayuda para encontrar a su hijo, declar\u00f3 a <em>Mart\u00ed Noticias <\/em>el jueves que las autoridades militares estaban haciendo \u201ctodas las gestiones\u201d para llevar a cabo \u201cla b\u00fasqueda del muchacho\u201d.<\/p>\n\n\n\n<p>\u201cVinieron unos compa\u00f1eros del Estado Mayor [de las Fuerzas Armadas Revolucionarias] para hacer un trabajo y lo hicieron perfectamente\u201d, dijo el padre al recalcar que \u201candan buscando al muchacho\u201d, por lo que \u201cya se hizo todo lo que yo esperaba\u201d.<\/p>\n\n\n\n<iframe loading=\"lazy\" src=\"https:\/\/www.facebook.com\/plugins\/post.php?href=https%3A%2F%2Fwww.facebook.com%2FMarioJPenton%2Fposts%2Fpfbid02JUokGTYEKPBbdMWWBhHd3GkYaWJRZUmG6jo1nWzXNmUQyewZk4YhEUgoktkSjSDJl&#038;show_text=true&#038;width=500\" width=\"500\" height=\"833\" style=\"border:none;overflow:hidden\" scrolling=\"no\" frameborder=\"0\" allowfullscreen=\"true\" allow=\"autoplay; clipboard-write; encrypted-media; picture-in-picture; web-share\"><\/iframe>\n\n\n\n<p>Sin embargo, una parienta que pidi\u00f3 no ser identificada afirm\u00f3 al mismo medio que \u201clo est\u00e1n buscando, pero no tienen pistas\u201d.&nbsp;<\/p>\n\n\n\n<p>De acuerdo con esta fuente, la realidad es que la familia est\u00e1 \u201cdesesperada\u201d y casi sin recursos ni acceso a las comunicaciones telef\u00f3nicas para intensificar la b\u00fasqueda por su cuenta.<\/p>\n\n\n\n<p>\u201cEl segundo jefe de la unidad visit\u00f3 al padre, pero solo para confirmar que el joven no lleg\u00f3. Siempre llamaba cuando llegaba a la unidad, pero esta vez no fue as\u00ed\u201d, puntualiz\u00f3 la misma familiar.<\/p>\n\n\n\n<p>Hay que tener en cuenta que en los \u00faltimos meses se han dado a conocer varios casos de desapariciones de cubanos en viajes en carretera en un pa\u00eds donde no existe un registro p\u00fablico de desaparecidos.<\/p>\n\n\n\n<p>\u201cA veces se reporta a tal persona que lleva tantos d\u00edas perdida y resulta que despu\u00e9s aparece y se entera uno que era alguien que estaba de fiesta\u201d, se\u00f1al\u00f3 al respecto Jos\u00e9 Manuel Gonz\u00e1lez Rubines, investigador del Observatorio Cubano de Auditor\u00eda Ciudadana, sin descartar que en ocasiones estas desapariciones tienen un tr\u00e1gico desenlace.<\/p>\n\n\n\n<p><\/p>\n","protected":false},"excerpt":{"rendered":"<p>Su familia asegur\u00f3 que las autoridades militares han hecho gestiones para localizarlo.<\/p>\n","protected":false},"author":30,"featured_media":225920,"comment_status":"open","ping_status":"closed","sticky":false,"template":"","format":"standard","meta":{"_acf_changed":false,"footnotes":""},"categories":[18,955],"tags":[10867,22981,941,25714,25715,6547],"class_list":{"0":"post-225916","1":"post","2":"type-post","3":"status-publish","4":"format-standard","5":"has-post-thumbnail","7":"category-noticias","8":"category-noticias-de-cuba","9":"tag-crisis-en-cuba","10":"tag-desaparecido-en-cuba","11":"tag-destacado","12":"tag-reclutas-cubanos","13":"tag-servicio-militar-en-cuba","14":"tag-servicio-militar-obligatorio"},"acf":[],"yoast_head":"<!-- This site is optimized with the Yoast SEO plugin v27.4 - https:\/\/yoast.com\/product\/yoast-seo-wordpress\/ -->\n<title>Desaparece joven recluta cubano rumbo a su unidad militar - Cuballama Noticias<\/title>\n<meta name=\"description\" content=\"Un joven recluta cubano, identificado como Danniel Quesada Morales, desapareci\u00f3 mientras se dirig\u00eda a su unidad militar en Holgu\u00edn.\" \/>\n<meta name=\"robots\" content=\"index, follow, max-snippet:-1, max-image-preview:large, max-video-preview:-1\" \/>\n<link rel=\"canonical\" href=\"https:\/\/www.cuballama.com\/noticias\/desaparece-joven-recluta-cubano-rumbo-a-su-unidad-militar\/\" \/>\n<meta property=\"og:locale\" content=\"es_ES\" \/>\n<meta property=\"og:type\" content=\"article\" \/>\n<meta property=\"og:title\" content=\"Desaparece joven recluta cubano rumbo a su unidad militar - Cuballama Noticias\" \/>\n<meta property=\"og:description\" content=\"Un joven recluta cubano, identificado como Danniel Quesada Morales, desapareci\u00f3 mientras se dirig\u00eda a su unidad militar en Holgu\u00edn.\" \/>\n<meta property=\"og:url\" content=\"https:\/\/www.cuballama.com\/noticias\/desaparece-joven-recluta-cubano-rumbo-a-su-unidad-militar\/\" \/>\n<meta property=\"og:site_name\" content=\"Cuballama Noticias\" \/>\n<meta property=\"article:publisher\" content=\"https:\/\/www.facebook.com\/CubaLlama\" \/>\n<meta property=\"article:published_time\" content=\"2025-11-14T11:51:31+00:00\" \/>\n<meta property=\"article:modified_time\" content=\"2025-11-14T11:59:40+00:00\" \/>\n<meta property=\"og:image\" content=\"https:\/\/cdn1.mediawpaccore.net\/wp-content\/uploads\/2025\/11\/14055655\/581834020_1397292842019555_3700846826463434027_n1.jpg\" \/>\n\t<meta property=\"og:image:width\" content=\"1200\" \/>\n\t<meta property=\"og:image:height\" content=\"630\" \/>\n\t<meta property=\"og:image:type\" content=\"image\/jpeg\" \/>\n<meta name=\"author\" content=\"Kathy\" \/>\n<meta name=\"twitter:card\" content=\"summary_large_image\" \/>\n<meta name=\"twitter:creator\" content=\"@cuballama\" \/>\n<meta name=\"twitter:site\" content=\"@cuballama\" \/>\n<meta name=\"twitter:label1\" content=\"Escrito por\" \/>\n\t<meta name=\"twitter:data1\" content=\"Kathy\" \/>\n\t<meta name=\"twitter:label2\" content=\"Tiempo de lectura\" \/>\n\t<meta name=\"twitter:data2\" content=\"2 minutos\" \/>\n<script type=\"application\/ld+json\" class=\"yoast-schema-graph\">{\"@context\":\"https:\\\/\\\/schema.org\",\"@graph\":[{\"@type\":\"Article\",\"@id\":\"https:\\\/\\\/www.cuballama.com\\\/noticias\\\/desaparece-joven-recluta-cubano-rumbo-a-su-unidad-militar\\\/#article\",\"isPartOf\":{\"@id\":\"https:\\\/\\\/www.cuballama.com\\\/noticias\\\/desaparece-joven-recluta-cubano-rumbo-a-su-unidad-militar\\\/\"},\"author\":{\"name\":\"Kathy\",\"@id\":\"https:\\\/\\\/www.cuballama.com\\\/noticias\\\/#\\\/schema\\\/person\\\/86cd3e3f4974437f031211213bf892d5\"},\"headline\":\"Desaparece joven recluta cubano rumbo a su unidad militar\",\"datePublished\":\"2025-11-14T11:51:31+00:00\",\"dateModified\":\"2025-11-14T11:59:40+00:00\",\"mainEntityOfPage\":{\"@id\":\"https:\\\/\\\/www.cuballama.com\\\/noticias\\\/desaparece-joven-recluta-cubano-rumbo-a-su-unidad-militar\\\/\"},\"wordCount\":362,\"commentCount\":0,\"publisher\":{\"@id\":\"https:\\\/\\\/www.cuballama.com\\\/noticias\\\/#organization\"},\"image\":{\"@id\":\"https:\\\/\\\/www.cuballama.com\\\/noticias\\\/desaparece-joven-recluta-cubano-rumbo-a-su-unidad-militar\\\/#primaryimage\"},\"thumbnailUrl\":\"https:\\\/\\\/cdn1.mediawpaccore.net\\\/wp-content\\\/uploads\\\/2025\\\/11\\\/14055655\\\/581834020_1397292842019555_3700846826463434027_n1.jpg\",\"keywords\":[\"Crisis en Cuba\",\"desaparecido en Cuba\",\"destacado\",\"reclutas cubanos\",\"Servicio Militar en Cuba\",\"Servicio Militar Obligatorio\"],\"articleSection\":[\"Noticias\",\"Noticias de Cuba\"],\"inLanguage\":\"es\",\"potentialAction\":[{\"@type\":\"CommentAction\",\"name\":\"Comment\",\"target\":[\"https:\\\/\\\/www.cuballama.com\\\/noticias\\\/desaparece-joven-recluta-cubano-rumbo-a-su-unidad-militar\\\/#respond\"]}]},{\"@type\":\"WebPage\",\"@id\":\"https:\\\/\\\/www.cuballama.com\\\/noticias\\\/desaparece-joven-recluta-cubano-rumbo-a-su-unidad-militar\\\/\",\"url\":\"https:\\\/\\\/www.cuballama.com\\\/noticias\\\/desaparece-joven-recluta-cubano-rumbo-a-su-unidad-militar\\\/\",\"name\":\"Desaparece joven recluta cubano rumbo a su unidad militar - Cuballama Noticias\",\"isPartOf\":{\"@id\":\"https:\\\/\\\/www.cuballama.com\\\/noticias\\\/#website\"},\"primaryImageOfPage\":{\"@id\":\"https:\\\/\\\/www.cuballama.com\\\/noticias\\\/desaparece-joven-recluta-cubano-rumbo-a-su-unidad-militar\\\/#primaryimage\"},\"image\":{\"@id\":\"https:\\\/\\\/www.cuballama.com\\\/noticias\\\/desaparece-joven-recluta-cubano-rumbo-a-su-unidad-militar\\\/#primaryimage\"},\"thumbnailUrl\":\"https:\\\/\\\/cdn1.mediawpaccore.net\\\/wp-content\\\/uploads\\\/2025\\\/11\\\/14055655\\\/581834020_1397292842019555_3700846826463434027_n1.jpg\",\"datePublished\":\"2025-11-14T11:51:31+00:00\",\"dateModified\":\"2025-11-14T11:59:40+00:00\",\"description\":\"Un joven recluta cubano, identificado como Danniel Quesada Morales, desapareci\u00f3 mientras se dirig\u00eda a su unidad militar en Holgu\u00edn.\",\"breadcrumb\":{\"@id\":\"https:\\\/\\\/www.cuballama.com\\\/noticias\\\/desaparece-joven-recluta-cubano-rumbo-a-su-unidad-militar\\\/#breadcrumb\"},\"inLanguage\":\"es\",\"potentialAction\":[{\"@type\":\"ReadAction\",\"target\":[\"https:\\\/\\\/www.cuballama.com\\\/noticias\\\/desaparece-joven-recluta-cubano-rumbo-a-su-unidad-militar\\\/\"]}]},{\"@type\":\"ImageObject\",\"inLanguage\":\"es\",\"@id\":\"https:\\\/\\\/www.cuballama.com\\\/noticias\\\/desaparece-joven-recluta-cubano-rumbo-a-su-unidad-militar\\\/#primaryimage\",\"url\":\"https:\\\/\\\/cdn1.mediawpaccore.net\\\/wp-content\\\/uploads\\\/2025\\\/11\\\/14055655\\\/581834020_1397292842019555_3700846826463434027_n1.jpg\",\"contentUrl\":\"https:\\\/\\\/cdn1.mediawpaccore.net\\\/wp-content\\\/uploads\\\/2025\\\/11\\\/14055655\\\/581834020_1397292842019555_3700846826463434027_n1.jpg\",\"width\":1200,\"height\":630,\"caption\":\"Danniel Quesada Morales. Foto: Facebook\\\/Mario J. Pent\u00f3n.\"},{\"@type\":\"BreadcrumbList\",\"@id\":\"https:\\\/\\\/www.cuballama.com\\\/noticias\\\/desaparece-joven-recluta-cubano-rumbo-a-su-unidad-militar\\\/#breadcrumb\",\"itemListElement\":[{\"@type\":\"ListItem\",\"position\":1,\"name\":\"Home\",\"item\":\"https:\\\/\\\/www.cuballama.com\\\/noticias\\\/\"},{\"@type\":\"ListItem\",\"position\":2,\"name\":\"Desaparece joven recluta cubano rumbo a su unidad militar\"}]},{\"@type\":\"WebSite\",\"@id\":\"https:\\\/\\\/www.cuballama.com\\\/noticias\\\/#website\",\"url\":\"https:\\\/\\\/www.cuballama.com\\\/noticias\\\/\",\"name\":\"Cuballama Noticias\",\"description\":\"Medio digital sobre Cuba y el mundo\",\"publisher\":{\"@id\":\"https:\\\/\\\/www.cuballama.com\\\/noticias\\\/#organization\"},\"potentialAction\":[{\"@type\":\"SearchAction\",\"target\":{\"@type\":\"EntryPoint\",\"urlTemplate\":\"https:\\\/\\\/www.cuballama.com\\\/noticias\\\/?s={search_term_string}\"},\"query-input\":{\"@type\":\"PropertyValueSpecification\",\"valueRequired\":true,\"valueName\":\"search_term_string\"}}],\"inLanguage\":\"es\"},{\"@type\":\"Organization\",\"@id\":\"https:\\\/\\\/www.cuballama.com\\\/noticias\\\/#organization\",\"name\":\"Cuballama\",\"url\":\"https:\\\/\\\/www.cuballama.com\\\/noticias\\\/\",\"logo\":{\"@type\":\"ImageObject\",\"inLanguage\":\"es\",\"@id\":\"https:\\\/\\\/www.cuballama.com\\\/noticias\\\/#\\\/schema\\\/logo\\\/image\\\/\",\"url\":\"https:\\\/\\\/cdn1.mediawpaccore.net\\\/wp-content\\\/uploads\\\/2021\\\/12\\\/28171206\\\/cbll-logo-color-sm.png\",\"contentUrl\":\"https:\\\/\\\/cdn1.mediawpaccore.net\\\/wp-content\\\/uploads\\\/2021\\\/12\\\/28171206\\\/cbll-logo-color-sm.png\",\"width\":600,\"height\":133,\"caption\":\"Cuballama\"},\"image\":{\"@id\":\"https:\\\/\\\/www.cuballama.com\\\/noticias\\\/#\\\/schema\\\/logo\\\/image\\\/\"},\"sameAs\":[\"https:\\\/\\\/www.facebook.com\\\/CubaLlama\",\"https:\\\/\\\/x.com\\\/cuballama\",\"https:\\\/\\\/www.instagram.com\\\/stories\\\/cuballama_oficial\\\/\",\"https:\\\/\\\/www.youtube.com\\\/channel\\\/UCKkFE-d_axENGZcrc4as0IA\"]},{\"@type\":\"Person\",\"@id\":\"https:\\\/\\\/www.cuballama.com\\\/noticias\\\/#\\\/schema\\\/person\\\/86cd3e3f4974437f031211213bf892d5\",\"name\":\"Kathy\",\"url\":\"https:\\\/\\\/www.cuballama.com\\\/noticias\\\/author\\\/kathy\\\/\"}]}<\/script>\n<!-- \/ Yoast SEO plugin. -->","yoast_head_json":{"title":"Desaparece joven recluta cubano rumbo a su unidad militar - Cuballama Noticias","description":"Un joven recluta cubano, identificado como Danniel Quesada Morales, desapareci\u00f3 mientras se dirig\u00eda a su unidad militar en Holgu\u00edn.","robots":{"index":"index","follow":"follow","max-snippet":"max-snippet:-1","max-image-preview":"max-image-preview:large","max-video-preview":"max-video-preview:-1"},"canonical":"https:\/\/www.cuballama.com\/noticias\/desaparece-joven-recluta-cubano-rumbo-a-su-unidad-militar\/","og_locale":"es_ES","og_type":"article","og_title":"Desaparece joven recluta cubano rumbo a su unidad militar - Cuballama Noticias","og_description":"Un joven recluta cubano, identificado como Danniel Quesada Morales, desapareci\u00f3 mientras se dirig\u00eda a su unidad militar en Holgu\u00edn.","og_url":"https:\/\/www.cuballama.com\/noticias\/desaparece-joven-recluta-cubano-rumbo-a-su-unidad-militar\/","og_site_name":"Cuballama Noticias","article_publisher":"https:\/\/www.facebook.com\/CubaLlama","article_published_time":"2025-11-14T11:51:31+00:00","article_modified_time":"2025-11-14T11:59:40+00:00","og_image":[{"width":1200,"height":630,"url":"https:\/\/cdn1.mediawpaccore.net\/wp-content\/uploads\/2025\/11\/14055655\/581834020_1397292842019555_3700846826463434027_n1.jpg","type":"image\/jpeg"}],"author":"Kathy","twitter_card":"summary_large_image","twitter_creator":"@cuballama","twitter_site":"@cuballama","twitter_misc":{"Escrito por":"Kathy","Tiempo de lectura":"2 minutos"},"schema":{"@context":"https:\/\/schema.org","@graph":[{"@type":"Article","@id":"https:\/\/www.cuballama.com\/noticias\/desaparece-joven-recluta-cubano-rumbo-a-su-unidad-militar\/#article","isPartOf":{"@id":"https:\/\/www.cuballama.com\/noticias\/desaparece-joven-recluta-cubano-rumbo-a-su-unidad-militar\/"},"author":{"name":"Kathy","@id":"https:\/\/www.cuballama.com\/noticias\/#\/schema\/person\/86cd3e3f4974437f031211213bf892d5"},"headline":"Desaparece joven recluta cubano rumbo a su unidad militar","datePublished":"2025-11-14T11:51:31+00:00","dateModified":"2025-11-14T11:59:40+00:00","mainEntityOfPage":{"@id":"https:\/\/www.cuballama.com\/noticias\/desaparece-joven-recluta-cubano-rumbo-a-su-unidad-militar\/"},"wordCount":362,"commentCount":0,"publisher":{"@id":"https:\/\/www.cuballama.com\/noticias\/#organization"},"image":{"@id":"https:\/\/www.cuballama.com\/noticias\/desaparece-joven-recluta-cubano-rumbo-a-su-unidad-militar\/#primaryimage"},"thumbnailUrl":"https:\/\/cdn1.mediawpaccore.net\/wp-content\/uploads\/2025\/11\/14055655\/581834020_1397292842019555_3700846826463434027_n1.jpg","keywords":["Crisis en Cuba","desaparecido en Cuba","destacado","reclutas cubanos","Servicio Militar en Cuba","Servicio Militar Obligatorio"],"articleSection":["Noticias","Noticias de Cuba"],"inLanguage":"es","potentialAction":[{"@type":"CommentAction","name":"Comment","target":["https:\/\/www.cuballama.com\/noticias\/desaparece-joven-recluta-cubano-rumbo-a-su-unidad-militar\/#respond"]}]},{"@type":"WebPage","@id":"https:\/\/www.cuballama.com\/noticias\/desaparece-joven-recluta-cubano-rumbo-a-su-unidad-militar\/","url":"https:\/\/www.cuballama.com\/noticias\/desaparece-joven-recluta-cubano-rumbo-a-su-unidad-militar\/","name":"Desaparece joven recluta cubano rumbo a su unidad militar - Cuballama Noticias","isPartOf":{"@id":"https:\/\/www.cuballama.com\/noticias\/#website"},"primaryImageOfPage":{"@id":"https:\/\/www.cuballama.com\/noticias\/desaparece-joven-recluta-cubano-rumbo-a-su-unidad-militar\/#primaryimage"},"image":{"@id":"https:\/\/www.cuballama.com\/noticias\/desaparece-joven-recluta-cubano-rumbo-a-su-unidad-militar\/#primaryimage"},"thumbnailUrl":"https:\/\/cdn1.mediawpaccore.net\/wp-content\/uploads\/2025\/11\/14055655\/581834020_1397292842019555_3700846826463434027_n1.jpg","datePublished":"2025-11-14T11:51:31+00:00","dateModified":"2025-11-14T11:59:40+00:00","description":"Un joven recluta cubano, identificado como Danniel Quesada Morales, desapareci\u00f3 mientras se dirig\u00eda a su unidad militar en Holgu\u00edn.","breadcrumb":{"@id":"https:\/\/www.cuballama.com\/noticias\/desaparece-joven-recluta-cubano-rumbo-a-su-unidad-militar\/#breadcrumb"},"inLanguage":"es","potentialAction":[{"@type":"ReadAction","target":["https:\/\/www.cuballama.com\/noticias\/desaparece-joven-recluta-cubano-rumbo-a-su-unidad-militar\/"]}]},{"@type":"ImageObject","inLanguage":"es","@id":"https:\/\/www.cuballama.com\/noticias\/desaparece-joven-recluta-cubano-rumbo-a-su-unidad-militar\/#primaryimage","url":"https:\/\/cdn1.mediawpaccore.net\/wp-content\/uploads\/2025\/11\/14055655\/581834020_1397292842019555_3700846826463434027_n1.jpg","contentUrl":"https:\/\/cdn1.mediawpaccore.net\/wp-content\/uploads\/2025\/11\/14055655\/581834020_1397292842019555_3700846826463434027_n1.jpg","width":1200,"height":630,"caption":"Danniel Quesada Morales. Foto: Facebook\/Mario J. Pent\u00f3n."},{"@type":"BreadcrumbList","@id":"https:\/\/www.cuballama.com\/noticias\/desaparece-joven-recluta-cubano-rumbo-a-su-unidad-militar\/#breadcrumb","itemListElement":[{"@type":"ListItem","position":1,"name":"Home","item":"https:\/\/www.cuballama.com\/noticias\/"},{"@type":"ListItem","position":2,"name":"Desaparece joven recluta cubano rumbo a su unidad militar"}]},{"@type":"WebSite","@id":"https:\/\/www.cuballama.com\/noticias\/#website","url":"https:\/\/www.cuballama.com\/noticias\/","name":"Cuballama Noticias","description":"Medio digital sobre Cuba y el mundo","publisher":{"@id":"https:\/\/www.cuballama.com\/noticias\/#organization"},"potentialAction":[{"@type":"SearchAction","target":{"@type":"EntryPoint","urlTemplate":"https:\/\/www.cuballama.com\/noticias\/?s={search_term_string}"},"query-input":{"@type":"PropertyValueSpecification","valueRequired":true,"valueName":"search_term_string"}}],"inLanguage":"es"},{"@type":"Organization","@id":"https:\/\/www.cuballama.com\/noticias\/#organization","name":"Cuballama","url":"https:\/\/www.cuballama.com\/noticias\/","logo":{"@type":"ImageObject","inLanguage":"es","@id":"https:\/\/www.cuballama.com\/noticias\/#\/schema\/logo\/image\/","url":"https:\/\/cdn1.mediawpaccore.net\/wp-content\/uploads\/2021\/12\/28171206\/cbll-logo-color-sm.png","contentUrl":"https:\/\/cdn1.mediawpaccore.net\/wp-content\/uploads\/2021\/12\/28171206\/cbll-logo-color-sm.png","width":600,"height":133,"caption":"Cuballama"},"image":{"@id":"https:\/\/www.cuballama.com\/noticias\/#\/schema\/logo\/image\/"},"sameAs":["https:\/\/www.facebook.com\/CubaLlama","https:\/\/x.com\/cuballama","https:\/\/www.instagram.com\/stories\/cuballama_oficial\/","https:\/\/www.youtube.com\/channel\/UCKkFE-d_axENGZcrc4as0IA"]},{"@type":"Person","@id":"https:\/\/www.cuballama.com\/noticias\/#\/schema\/person\/86cd3e3f4974437f031211213bf892d5","name":"Kathy","url":"https:\/\/www.cuballama.com\/noticias\/author\/kathy\/"}]}},"_links":{"self":[{"href":"https:\/\/www.cuballama.com\/noticias\/wp-json\/wp\/v2\/posts\/225916","targetHints":{"allow":["GET"]}}],"collection":[{"href":"https:\/\/www.cuballama.com\/noticias\/wp-json\/wp\/v2\/posts"}],"about":[{"href":"https:\/\/www.cuballama.com\/noticias\/wp-json\/wp\/v2\/types\/post"}],"author":[{"embeddable":true,"href":"https:\/\/www.cuballama.com\/noticias\/wp-json\/wp\/v2\/users\/30"}],"replies":[{"embeddable":true,"href":"https:\/\/www.cuballama.com\/noticias\/wp-json\/wp\/v2\/comments?post=225916"}],"version-history":[{"count":5,"href":"https:\/\/www.cuballama.com\/noticias\/wp-json\/wp\/v2\/posts\/225916\/revisions"}],"predecessor-version":[{"id":225955,"href":"https:\/\/www.cuballama.com\/noticias\/wp-json\/wp\/v2\/posts\/225916\/revisions\/225955"}],"wp:featuredmedia":[{"embeddable":true,"href":"https:\/\/www.cuballama.com\/noticias\/wp-json\/wp\/v2\/media\/225920"}],"wp:attachment":[{"href":"https:\/\/www.cuballama.com\/noticias\/wp-json\/wp\/v2\/media?parent=225916"}],"wp:term":[{"taxonomy":"category","embeddable":true,"href":"https:\/\/www.cuballama.com\/noticias\/wp-json\/wp\/v2\/categories?post=225916"},{"taxonomy":"post_tag","embeddable":true,"href":"https:\/\/www.cuballama.com\/noticias\/wp-json\/wp\/v2\/tags?post=225916"}],"curies":[{"name":"wp","href":"https:\/\/api.w.org\/{rel}","templated":true}]}}