{"id":225885,"date":"2025-11-14T10:35:18","date_gmt":"2025-11-14T15:35:18","guid":{"rendered":"https:\/\/www.cuballama.com\/noticias\/?p=225885"},"modified":"2025-11-14T10:35:38","modified_gmt":"2025-11-14T15:35:38","slug":"cubana-cumple-cien-anos-lo-celebra-en-hialeah-y-da-el-clave-para-llegar-a-esa-edad","status":"publish","type":"post","link":"https:\/\/www.cuballama.com\/noticias\/cubana-cumple-cien-anos-lo-celebra-en-hialeah-y-da-el-clave-para-llegar-a-esa-edad\/","title":{"rendered":"Cubana cumple cien a\u00f1os, lo celebra en Hialeah y da el clave para llegar a esa edad"},"content":{"rendered":"\n<h2 class=\"wp-block-heading\">La cubana dice que en su \u00e9poca, donde ella naci\u00f3, el carro del a\u00f1o era un caballo jjjj<\/h2>\n\n\n\n<p>En Hialeah, donde las historias de emigrantes suelen estar hechas de sacrificios, colas y remesas, una cubana identificada como Hilda Ferrer &#8211; aunque todos le dicen \u00abMimi\u00bb &#8211; acaba de cumplir cien a\u00f1os y lo cuenta con una naturalidad que desarma. A la pregunta cl\u00e1sica de qu\u00e9 se siente al llegar al siglo de vida, responde sin titubeos: se siente \u201cdivinamente\u201d. Y no lo dice desde una silla de hospital ni desde la resignaci\u00f3n, sino desde la alegr\u00eda simple de quien todav\u00eda camina por los pasillos de su casa y se levanta cada d\u00eda con un prop\u00f3sito nuevo. <\/p>\n\n\n\n<p>El festejo, rodeado de familia en Hialeah, sirvi\u00f3 tambi\u00e9n para que ella soltara el \u201cclave\u201d que muchos j\u00f3venes quisieran tener anotado en una libreta: su receta para llegar a esa edad. La primera palabra que repite es \u201coptimismo\u201d. Dice que siempre ha sido as\u00ed, optimista, y que las cosas las agarra \u201cseg\u00fan vienen\u201d, sin dramatizar m\u00e1s de la cuenta. Lo contrasta con \u201cla juventud de hoy\u201d, y recuerda que ella naci\u00f3 y se cri\u00f3 \u201cen pleno campo\u201d, cuando su \u201ccarro del a\u00f1o era un caballo\u201d. Esa infancia dura, lejos de la comodidad, parece haberle dado una coraza que todav\u00eda la acompa\u00f1a. <\/p>\n\n\n\n<p>El otro secreto, cuenta, es no quedarse quieta. A sus cien a\u00f1os insiste en caminar dentro de la casa y por los pasillos, hacer mandados, mantenerse en movimiento. Caminar no como ejercicio de moda, sino como manera de seguir dentro de la vida cotidiana, de no cederle terreno al cuerpo que envejece. A eso le suma algo menos medible, pero igual de importante: levantarse cada ma\u00f1ana con un prop\u00f3sito distinto, por peque\u00f1o que sea. <\/p>\n\n\n\n<p>La centenaria, madre de dos hijas y con una descendencia que ya suma varios nietos y bisnietos, tambi\u00e9n da el clave para otro desaf\u00edo que parece ciencia ficci\u00f3n en estos tiempos: un matrimonio feliz y duradero. Se cas\u00f3 a los veinte y define esa uni\u00f3n como \u201cfeliz, feliz y feliz\u201d. \u00bfLa f\u00f3rmula? Respeto, saber esperar para hablar cuando hay conflicto y, sobre todo, no llevar las emociones crudas a la cama. \u201cSi pasaba algo, habl\u00e1bamos ma\u00f1ana\u201d, recuerda, como quien ofrece una receta antigua pero vigente. <\/p>\n\n\n\n<p>En una ciudad acostumbrada a las urgencias, esta cubana de cien a\u00f1os no presume de grandes haza\u00f1as. Su clave es otra: optimismo, movimiento, respeto y no adelantar el sufrimiento. Lo dem\u00e1s, dice, \u201cva a pasar\u201d. Y a juzgar por su sonrisa, algo de raz\u00f3n tiene.<\/p>\n\n\n\n<!-- Carga del SDK de Facebook (poner justo despu\u00e9s de la etiqueta <body>) -->\n<div id=\"fb-root\"><\/div>\n<script async defer crossorigin=\"anonymous\" \n  src=\"https:\/\/connect.facebook.net\/es_ES\/sdk.js#xfbml=1&#038;version=v21.0\">\n<\/script>\n\n<!-- Contenedor del Reel -->\n<div class=\"fb-video\" \n  data-href=\"https:\/\/www.facebook.com\/reel\/1492730705361393\" \n  data-width=\"560\" \n  data-show-text=\"false\">\n<\/div>\n\n\n\n<p><\/p>\n","protected":false},"excerpt":{"rendered":"<p>El festejo, rodeado de familia en Hialeah, sirvi\u00f3 tambi\u00e9n para que ella soltara el \u201cclave\u201d que muchos j\u00f3venes quisieran tener anotado en una libreta: su receta para llegar a esa edad. La primera palabra que repite es \u201coptimismo\u201d. Dice que siempre ha sido as\u00ed, optimista, y que las cosas las agarra \u201cseg\u00fan vienen\u201d, sin dramatizar m\u00e1s de la cuenta.<\/p>\n","protected":false},"author":13,"featured_media":225904,"comment_status":"open","ping_status":"closed","sticky":false,"template":"","format":"standard","meta":{"_acf_changed":false,"footnotes":""},"categories":[18,11024],"tags":[24419,1850,941,11518,1020,29145,3574,108,296],"class_list":{"0":"post-225885","1":"post","2":"type-post","3":"status-publish","4":"format-standard","5":"has-post-thumbnail","7":"category-noticias","8":"category-noticias-de-miami","9":"tag-centenarios","10":"tag-comunidad-cubana","11":"tag-destacado","12":"tag-familia-cubana","13":"tag-hialeah","14":"tag-hilda-mimi-ferrer","15":"tag-historias-de-vida","16":"tag-inmigracion","17":"tag-longevidad"},"acf":[],"yoast_head":"<!-- This site is optimized with the Yoast SEO plugin v27.5 - https:\/\/yoast.com\/product\/yoast-seo-wordpress\/ -->\n<title>Cubana cumple cien a\u00f1os, lo celebra en Hialeah y da el clave para llegar a esa edad - Cuballama Noticias<\/title>\n<meta name=\"description\" content=\"&quot;Mimi&quot; Ferrer cumpli\u00f3 100 a\u00f1os. Est\u00e1 entera, vive en Hialeah rodeada de nietos, biznietos, y dice que su carro del a\u00f1o, era un caballo.\" \/>\n<meta name=\"robots\" content=\"index, follow, max-snippet:-1, max-image-preview:large, max-video-preview:-1\" \/>\n<link rel=\"canonical\" href=\"https:\/\/www.cuballama.com\/noticias\/cubana-cumple-cien-anos-lo-celebra-en-hialeah-y-da-el-clave-para-llegar-a-esa-edad\/\" \/>\n<meta property=\"og:locale\" content=\"es_ES\" \/>\n<meta property=\"og:type\" content=\"article\" \/>\n<meta property=\"og:title\" content=\"Cubana cumple cien a\u00f1os, lo celebra en Hialeah y da el clave para llegar a esa edad - Cuballama Noticias\" \/>\n<meta property=\"og:description\" content=\"&quot;Mimi&quot; Ferrer cumpli\u00f3 100 a\u00f1os. Est\u00e1 entera, vive en Hialeah rodeada de nietos, biznietos, y dice que su carro del a\u00f1o, era un caballo.\" \/>\n<meta property=\"og:url\" content=\"https:\/\/www.cuballama.com\/noticias\/cubana-cumple-cien-anos-lo-celebra-en-hialeah-y-da-el-clave-para-llegar-a-esa-edad\/\" \/>\n<meta property=\"og:site_name\" content=\"Cuballama Noticias\" \/>\n<meta property=\"article:publisher\" content=\"https:\/\/www.facebook.com\/CubaLlama\" \/>\n<meta property=\"article:published_time\" content=\"2025-11-14T15:35:18+00:00\" \/>\n<meta property=\"article:modified_time\" content=\"2025-11-14T15:35:38+00:00\" \/>\n<meta property=\"og:image\" content=\"https:\/\/cdn1.mediawpaccore.net\/wp-content\/uploads\/2025\/11\/14051911\/image-54.png\" \/>\n\t<meta property=\"og:image:width\" content=\"1978\" \/>\n\t<meta property=\"og:image:height\" content=\"1040\" \/>\n\t<meta property=\"og:image:type\" content=\"image\/png\" \/>\n<meta name=\"author\" content=\"Roberto A.\" \/>\n<meta name=\"twitter:card\" content=\"summary_large_image\" \/>\n<meta name=\"twitter:creator\" content=\"@cuballama\" \/>\n<meta name=\"twitter:site\" content=\"@cuballama\" \/>\n<meta name=\"twitter:label1\" content=\"Escrito por\" \/>\n\t<meta name=\"twitter:data1\" content=\"Roberto A.\" \/>\n\t<meta name=\"twitter:label2\" content=\"Tiempo de lectura\" \/>\n\t<meta name=\"twitter:data2\" content=\"3 minutos\" \/>\n<script type=\"application\/ld+json\" class=\"yoast-schema-graph\">{\"@context\":\"https:\\\/\\\/schema.org\",\"@graph\":[{\"@type\":\"Article\",\"@id\":\"https:\\\/\\\/www.cuballama.com\\\/noticias\\\/cubana-cumple-cien-anos-lo-celebra-en-hialeah-y-da-el-clave-para-llegar-a-esa-edad\\\/#article\",\"isPartOf\":{\"@id\":\"https:\\\/\\\/www.cuballama.com\\\/noticias\\\/cubana-cumple-cien-anos-lo-celebra-en-hialeah-y-da-el-clave-para-llegar-a-esa-edad\\\/\"},\"author\":{\"name\":\"Roberto A.\",\"@id\":\"https:\\\/\\\/www.cuballama.com\\\/noticias\\\/#\\\/schema\\\/person\\\/a58502ed4146c8e9f83872e897c76cd2\"},\"headline\":\"Cubana cumple cien a\u00f1os, lo celebra en Hialeah y da el clave para llegar a esa edad\",\"datePublished\":\"2025-11-14T15:35:18+00:00\",\"dateModified\":\"2025-11-14T15:35:38+00:00\",\"mainEntityOfPage\":{\"@id\":\"https:\\\/\\\/www.cuballama.com\\\/noticias\\\/cubana-cumple-cien-anos-lo-celebra-en-hialeah-y-da-el-clave-para-llegar-a-esa-edad\\\/\"},\"wordCount\":469,\"commentCount\":0,\"publisher\":{\"@id\":\"https:\\\/\\\/www.cuballama.com\\\/noticias\\\/#organization\"},\"image\":{\"@id\":\"https:\\\/\\\/www.cuballama.com\\\/noticias\\\/cubana-cumple-cien-anos-lo-celebra-en-hialeah-y-da-el-clave-para-llegar-a-esa-edad\\\/#primaryimage\"},\"thumbnailUrl\":\"https:\\\/\\\/cdn1.mediawpaccore.net\\\/wp-content\\\/uploads\\\/2025\\\/11\\\/14051911\\\/image-54.png\",\"keywords\":[\"centenarios\",\"comunidad cubana\",\"destacado\",\"familia cubana\",\"Hialeah\",\"Hilda \\\"Mimi\\\" Ferrer\",\"Historias de Vida\",\"inmigraci\u00f3n\",\"Longevidad\"],\"articleSection\":[\"Noticias\",\"Noticias de Miami\"],\"inLanguage\":\"es\",\"potentialAction\":[{\"@type\":\"CommentAction\",\"name\":\"Comment\",\"target\":[\"https:\\\/\\\/www.cuballama.com\\\/noticias\\\/cubana-cumple-cien-anos-lo-celebra-en-hialeah-y-da-el-clave-para-llegar-a-esa-edad\\\/#respond\"]}]},{\"@type\":\"WebPage\",\"@id\":\"https:\\\/\\\/www.cuballama.com\\\/noticias\\\/cubana-cumple-cien-anos-lo-celebra-en-hialeah-y-da-el-clave-para-llegar-a-esa-edad\\\/\",\"url\":\"https:\\\/\\\/www.cuballama.com\\\/noticias\\\/cubana-cumple-cien-anos-lo-celebra-en-hialeah-y-da-el-clave-para-llegar-a-esa-edad\\\/\",\"name\":\"Cubana cumple cien a\u00f1os, lo celebra en Hialeah y da el clave para llegar a esa edad - Cuballama Noticias\",\"isPartOf\":{\"@id\":\"https:\\\/\\\/www.cuballama.com\\\/noticias\\\/#website\"},\"primaryImageOfPage\":{\"@id\":\"https:\\\/\\\/www.cuballama.com\\\/noticias\\\/cubana-cumple-cien-anos-lo-celebra-en-hialeah-y-da-el-clave-para-llegar-a-esa-edad\\\/#primaryimage\"},\"image\":{\"@id\":\"https:\\\/\\\/www.cuballama.com\\\/noticias\\\/cubana-cumple-cien-anos-lo-celebra-en-hialeah-y-da-el-clave-para-llegar-a-esa-edad\\\/#primaryimage\"},\"thumbnailUrl\":\"https:\\\/\\\/cdn1.mediawpaccore.net\\\/wp-content\\\/uploads\\\/2025\\\/11\\\/14051911\\\/image-54.png\",\"datePublished\":\"2025-11-14T15:35:18+00:00\",\"dateModified\":\"2025-11-14T15:35:38+00:00\",\"description\":\"\\\"Mimi\\\" Ferrer cumpli\u00f3 100 a\u00f1os. Est\u00e1 entera, vive en Hialeah rodeada de nietos, biznietos, y dice que su carro del a\u00f1o, era un caballo.\",\"breadcrumb\":{\"@id\":\"https:\\\/\\\/www.cuballama.com\\\/noticias\\\/cubana-cumple-cien-anos-lo-celebra-en-hialeah-y-da-el-clave-para-llegar-a-esa-edad\\\/#breadcrumb\"},\"inLanguage\":\"es\",\"potentialAction\":[{\"@type\":\"ReadAction\",\"target\":[\"https:\\\/\\\/www.cuballama.com\\\/noticias\\\/cubana-cumple-cien-anos-lo-celebra-en-hialeah-y-da-el-clave-para-llegar-a-esa-edad\\\/\"]}]},{\"@type\":\"ImageObject\",\"inLanguage\":\"es\",\"@id\":\"https:\\\/\\\/www.cuballama.com\\\/noticias\\\/cubana-cumple-cien-anos-lo-celebra-en-hialeah-y-da-el-clave-para-llegar-a-esa-edad\\\/#primaryimage\",\"url\":\"https:\\\/\\\/cdn1.mediawpaccore.net\\\/wp-content\\\/uploads\\\/2025\\\/11\\\/14051911\\\/image-54.png\",\"contentUrl\":\"https:\\\/\\\/cdn1.mediawpaccore.net\\\/wp-content\\\/uploads\\\/2025\\\/11\\\/14051911\\\/image-54.png\",\"width\":1978,\"height\":1040,\"caption\":\"Foto Collage v\u00eda video Telemundo51\"},{\"@type\":\"BreadcrumbList\",\"@id\":\"https:\\\/\\\/www.cuballama.com\\\/noticias\\\/cubana-cumple-cien-anos-lo-celebra-en-hialeah-y-da-el-clave-para-llegar-a-esa-edad\\\/#breadcrumb\",\"itemListElement\":[{\"@type\":\"ListItem\",\"position\":1,\"name\":\"Home\",\"item\":\"https:\\\/\\\/www.cuballama.com\\\/noticias\\\/\"},{\"@type\":\"ListItem\",\"position\":2,\"name\":\"Cubana cumple cien a\u00f1os, lo celebra en Hialeah y da el clave para llegar a esa edad\"}]},{\"@type\":\"WebSite\",\"@id\":\"https:\\\/\\\/www.cuballama.com\\\/noticias\\\/#website\",\"url\":\"https:\\\/\\\/www.cuballama.com\\\/noticias\\\/\",\"name\":\"Cuballama Noticias\",\"description\":\"Medio digital sobre Cuba y el mundo\",\"publisher\":{\"@id\":\"https:\\\/\\\/www.cuballama.com\\\/noticias\\\/#organization\"},\"potentialAction\":[{\"@type\":\"SearchAction\",\"target\":{\"@type\":\"EntryPoint\",\"urlTemplate\":\"https:\\\/\\\/www.cuballama.com\\\/noticias\\\/?s={search_term_string}\"},\"query-input\":{\"@type\":\"PropertyValueSpecification\",\"valueRequired\":true,\"valueName\":\"search_term_string\"}}],\"inLanguage\":\"es\"},{\"@type\":\"Organization\",\"@id\":\"https:\\\/\\\/www.cuballama.com\\\/noticias\\\/#organization\",\"name\":\"Cuballama\",\"url\":\"https:\\\/\\\/www.cuballama.com\\\/noticias\\\/\",\"logo\":{\"@type\":\"ImageObject\",\"inLanguage\":\"es\",\"@id\":\"https:\\\/\\\/www.cuballama.com\\\/noticias\\\/#\\\/schema\\\/logo\\\/image\\\/\",\"url\":\"https:\\\/\\\/cdn1.mediawpaccore.net\\\/wp-content\\\/uploads\\\/2021\\\/12\\\/28171206\\\/cbll-logo-color-sm.png\",\"contentUrl\":\"https:\\\/\\\/cdn1.mediawpaccore.net\\\/wp-content\\\/uploads\\\/2021\\\/12\\\/28171206\\\/cbll-logo-color-sm.png\",\"width\":600,\"height\":133,\"caption\":\"Cuballama\"},\"image\":{\"@id\":\"https:\\\/\\\/www.cuballama.com\\\/noticias\\\/#\\\/schema\\\/logo\\\/image\\\/\"},\"sameAs\":[\"https:\\\/\\\/www.facebook.com\\\/CubaLlama\",\"https:\\\/\\\/x.com\\\/cuballama\",\"https:\\\/\\\/www.instagram.com\\\/stories\\\/cuballama_oficial\\\/\",\"https:\\\/\\\/www.youtube.com\\\/channel\\\/UCKkFE-d_axENGZcrc4as0IA\"]},{\"@type\":\"Person\",\"@id\":\"https:\\\/\\\/www.cuballama.com\\\/noticias\\\/#\\\/schema\\\/person\\\/a58502ed4146c8e9f83872e897c76cd2\",\"name\":\"Roberto A.\",\"description\":\"Roberto A. Periodista por decisi\u00f3n propia. Interesado en cualquier tema que me apasione y cada vez m\u00e1s comprometido con la verdad y la objetividad period\u00edstica. Graduado en La Habana hace ya muchos a\u00f1os, luego de una accidentada y polvorienta b\u00fasqueda de informaci\u00f3n sobre un tema in\u00e9dito. La Tesis, por cierto, desapareci\u00f3 de la biblioteca y no se conservan copias de la misma.\",\"url\":\"https:\\\/\\\/www.cuballama.com\\\/noticias\\\/author\\\/roberto\\\/\"}]}<\/script>\n<!-- \/ Yoast SEO plugin. -->","yoast_head_json":{"title":"Cubana cumple cien a\u00f1os, lo celebra en Hialeah y da el clave para llegar a esa edad - Cuballama Noticias","description":"\"Mimi\" Ferrer cumpli\u00f3 100 a\u00f1os. Est\u00e1 entera, vive en Hialeah rodeada de nietos, biznietos, y dice que su carro del a\u00f1o, era un caballo.","robots":{"index":"index","follow":"follow","max-snippet":"max-snippet:-1","max-image-preview":"max-image-preview:large","max-video-preview":"max-video-preview:-1"},"canonical":"https:\/\/www.cuballama.com\/noticias\/cubana-cumple-cien-anos-lo-celebra-en-hialeah-y-da-el-clave-para-llegar-a-esa-edad\/","og_locale":"es_ES","og_type":"article","og_title":"Cubana cumple cien a\u00f1os, lo celebra en Hialeah y da el clave para llegar a esa edad - Cuballama Noticias","og_description":"\"Mimi\" Ferrer cumpli\u00f3 100 a\u00f1os. Est\u00e1 entera, vive en Hialeah rodeada de nietos, biznietos, y dice que su carro del a\u00f1o, era un caballo.","og_url":"https:\/\/www.cuballama.com\/noticias\/cubana-cumple-cien-anos-lo-celebra-en-hialeah-y-da-el-clave-para-llegar-a-esa-edad\/","og_site_name":"Cuballama Noticias","article_publisher":"https:\/\/www.facebook.com\/CubaLlama","article_published_time":"2025-11-14T15:35:18+00:00","article_modified_time":"2025-11-14T15:35:38+00:00","og_image":[{"width":1978,"height":1040,"url":"https:\/\/cdn1.mediawpaccore.net\/wp-content\/uploads\/2025\/11\/14051911\/image-54.png","type":"image\/png"}],"author":"Roberto A.","twitter_card":"summary_large_image","twitter_creator":"@cuballama","twitter_site":"@cuballama","twitter_misc":{"Escrito por":"Roberto A.","Tiempo de lectura":"3 minutos"},"schema":{"@context":"https:\/\/schema.org","@graph":[{"@type":"Article","@id":"https:\/\/www.cuballama.com\/noticias\/cubana-cumple-cien-anos-lo-celebra-en-hialeah-y-da-el-clave-para-llegar-a-esa-edad\/#article","isPartOf":{"@id":"https:\/\/www.cuballama.com\/noticias\/cubana-cumple-cien-anos-lo-celebra-en-hialeah-y-da-el-clave-para-llegar-a-esa-edad\/"},"author":{"name":"Roberto A.","@id":"https:\/\/www.cuballama.com\/noticias\/#\/schema\/person\/a58502ed4146c8e9f83872e897c76cd2"},"headline":"Cubana cumple cien a\u00f1os, lo celebra en Hialeah y da el clave para llegar a esa edad","datePublished":"2025-11-14T15:35:18+00:00","dateModified":"2025-11-14T15:35:38+00:00","mainEntityOfPage":{"@id":"https:\/\/www.cuballama.com\/noticias\/cubana-cumple-cien-anos-lo-celebra-en-hialeah-y-da-el-clave-para-llegar-a-esa-edad\/"},"wordCount":469,"commentCount":0,"publisher":{"@id":"https:\/\/www.cuballama.com\/noticias\/#organization"},"image":{"@id":"https:\/\/www.cuballama.com\/noticias\/cubana-cumple-cien-anos-lo-celebra-en-hialeah-y-da-el-clave-para-llegar-a-esa-edad\/#primaryimage"},"thumbnailUrl":"https:\/\/cdn1.mediawpaccore.net\/wp-content\/uploads\/2025\/11\/14051911\/image-54.png","keywords":["centenarios","comunidad cubana","destacado","familia cubana","Hialeah","Hilda \"Mimi\" Ferrer","Historias de Vida","inmigraci\u00f3n","Longevidad"],"articleSection":["Noticias","Noticias de Miami"],"inLanguage":"es","potentialAction":[{"@type":"CommentAction","name":"Comment","target":["https:\/\/www.cuballama.com\/noticias\/cubana-cumple-cien-anos-lo-celebra-en-hialeah-y-da-el-clave-para-llegar-a-esa-edad\/#respond"]}]},{"@type":"WebPage","@id":"https:\/\/www.cuballama.com\/noticias\/cubana-cumple-cien-anos-lo-celebra-en-hialeah-y-da-el-clave-para-llegar-a-esa-edad\/","url":"https:\/\/www.cuballama.com\/noticias\/cubana-cumple-cien-anos-lo-celebra-en-hialeah-y-da-el-clave-para-llegar-a-esa-edad\/","name":"Cubana cumple cien a\u00f1os, lo celebra en Hialeah y da el clave para llegar a esa edad - Cuballama Noticias","isPartOf":{"@id":"https:\/\/www.cuballama.com\/noticias\/#website"},"primaryImageOfPage":{"@id":"https:\/\/www.cuballama.com\/noticias\/cubana-cumple-cien-anos-lo-celebra-en-hialeah-y-da-el-clave-para-llegar-a-esa-edad\/#primaryimage"},"image":{"@id":"https:\/\/www.cuballama.com\/noticias\/cubana-cumple-cien-anos-lo-celebra-en-hialeah-y-da-el-clave-para-llegar-a-esa-edad\/#primaryimage"},"thumbnailUrl":"https:\/\/cdn1.mediawpaccore.net\/wp-content\/uploads\/2025\/11\/14051911\/image-54.png","datePublished":"2025-11-14T15:35:18+00:00","dateModified":"2025-11-14T15:35:38+00:00","description":"\"Mimi\" Ferrer cumpli\u00f3 100 a\u00f1os. Est\u00e1 entera, vive en Hialeah rodeada de nietos, biznietos, y dice que su carro del a\u00f1o, era un caballo.","breadcrumb":{"@id":"https:\/\/www.cuballama.com\/noticias\/cubana-cumple-cien-anos-lo-celebra-en-hialeah-y-da-el-clave-para-llegar-a-esa-edad\/#breadcrumb"},"inLanguage":"es","potentialAction":[{"@type":"ReadAction","target":["https:\/\/www.cuballama.com\/noticias\/cubana-cumple-cien-anos-lo-celebra-en-hialeah-y-da-el-clave-para-llegar-a-esa-edad\/"]}]},{"@type":"ImageObject","inLanguage":"es","@id":"https:\/\/www.cuballama.com\/noticias\/cubana-cumple-cien-anos-lo-celebra-en-hialeah-y-da-el-clave-para-llegar-a-esa-edad\/#primaryimage","url":"https:\/\/cdn1.mediawpaccore.net\/wp-content\/uploads\/2025\/11\/14051911\/image-54.png","contentUrl":"https:\/\/cdn1.mediawpaccore.net\/wp-content\/uploads\/2025\/11\/14051911\/image-54.png","width":1978,"height":1040,"caption":"Foto Collage v\u00eda video Telemundo51"},{"@type":"BreadcrumbList","@id":"https:\/\/www.cuballama.com\/noticias\/cubana-cumple-cien-anos-lo-celebra-en-hialeah-y-da-el-clave-para-llegar-a-esa-edad\/#breadcrumb","itemListElement":[{"@type":"ListItem","position":1,"name":"Home","item":"https:\/\/www.cuballama.com\/noticias\/"},{"@type":"ListItem","position":2,"name":"Cubana cumple cien a\u00f1os, lo celebra en Hialeah y da el clave para llegar a esa edad"}]},{"@type":"WebSite","@id":"https:\/\/www.cuballama.com\/noticias\/#website","url":"https:\/\/www.cuballama.com\/noticias\/","name":"Cuballama Noticias","description":"Medio digital sobre Cuba y el mundo","publisher":{"@id":"https:\/\/www.cuballama.com\/noticias\/#organization"},"potentialAction":[{"@type":"SearchAction","target":{"@type":"EntryPoint","urlTemplate":"https:\/\/www.cuballama.com\/noticias\/?s={search_term_string}"},"query-input":{"@type":"PropertyValueSpecification","valueRequired":true,"valueName":"search_term_string"}}],"inLanguage":"es"},{"@type":"Organization","@id":"https:\/\/www.cuballama.com\/noticias\/#organization","name":"Cuballama","url":"https:\/\/www.cuballama.com\/noticias\/","logo":{"@type":"ImageObject","inLanguage":"es","@id":"https:\/\/www.cuballama.com\/noticias\/#\/schema\/logo\/image\/","url":"https:\/\/cdn1.mediawpaccore.net\/wp-content\/uploads\/2021\/12\/28171206\/cbll-logo-color-sm.png","contentUrl":"https:\/\/cdn1.mediawpaccore.net\/wp-content\/uploads\/2021\/12\/28171206\/cbll-logo-color-sm.png","width":600,"height":133,"caption":"Cuballama"},"image":{"@id":"https:\/\/www.cuballama.com\/noticias\/#\/schema\/logo\/image\/"},"sameAs":["https:\/\/www.facebook.com\/CubaLlama","https:\/\/x.com\/cuballama","https:\/\/www.instagram.com\/stories\/cuballama_oficial\/","https:\/\/www.youtube.com\/channel\/UCKkFE-d_axENGZcrc4as0IA"]},{"@type":"Person","@id":"https:\/\/www.cuballama.com\/noticias\/#\/schema\/person\/a58502ed4146c8e9f83872e897c76cd2","name":"Roberto A.","description":"Roberto A. Periodista por decisi\u00f3n propia. Interesado en cualquier tema que me apasione y cada vez m\u00e1s comprometido con la verdad y la objetividad period\u00edstica. Graduado en La Habana hace ya muchos a\u00f1os, luego de una accidentada y polvorienta b\u00fasqueda de informaci\u00f3n sobre un tema in\u00e9dito. La Tesis, por cierto, desapareci\u00f3 de la biblioteca y no se conservan copias de la misma.","url":"https:\/\/www.cuballama.com\/noticias\/author\/roberto\/"}]}},"_links":{"self":[{"href":"https:\/\/www.cuballama.com\/noticias\/wp-json\/wp\/v2\/posts\/225885","targetHints":{"allow":["GET"]}}],"collection":[{"href":"https:\/\/www.cuballama.com\/noticias\/wp-json\/wp\/v2\/posts"}],"about":[{"href":"https:\/\/www.cuballama.com\/noticias\/wp-json\/wp\/v2\/types\/post"}],"author":[{"embeddable":true,"href":"https:\/\/www.cuballama.com\/noticias\/wp-json\/wp\/v2\/users\/13"}],"replies":[{"embeddable":true,"href":"https:\/\/www.cuballama.com\/noticias\/wp-json\/wp\/v2\/comments?post=225885"}],"version-history":[{"count":5,"href":"https:\/\/www.cuballama.com\/noticias\/wp-json\/wp\/v2\/posts\/225885\/revisions"}],"predecessor-version":[{"id":225975,"href":"https:\/\/www.cuballama.com\/noticias\/wp-json\/wp\/v2\/posts\/225885\/revisions\/225975"}],"wp:featuredmedia":[{"embeddable":true,"href":"https:\/\/www.cuballama.com\/noticias\/wp-json\/wp\/v2\/media\/225904"}],"wp:attachment":[{"href":"https:\/\/www.cuballama.com\/noticias\/wp-json\/wp\/v2\/media?parent=225885"}],"wp:term":[{"taxonomy":"category","embeddable":true,"href":"https:\/\/www.cuballama.com\/noticias\/wp-json\/wp\/v2\/categories?post=225885"},{"taxonomy":"post_tag","embeddable":true,"href":"https:\/\/www.cuballama.com\/noticias\/wp-json\/wp\/v2\/tags?post=225885"}],"curies":[{"name":"wp","href":"https:\/\/api.w.org\/{rel}","templated":true}]}}