{"id":225870,"date":"2025-11-14T10:32:27","date_gmt":"2025-11-14T15:32:27","guid":{"rendered":"https:\/\/www.cuballama.com\/noticias\/?p=225870"},"modified":"2025-11-14T10:32:30","modified_gmt":"2025-11-14T15:32:30","slug":"fallece-la-leyenda-del-beisbol-cubano-armando-capiro","status":"publish","type":"post","link":"https:\/\/www.cuballama.com\/noticias\/fallece-la-leyenda-del-beisbol-cubano-armando-capiro\/","title":{"rendered":"Fallece la leyenda del b\u00e9isbol cubano Armando Capir\u00f3"},"content":{"rendered":"\n<p>Armando Capir\u00f3, el toletero elegante que marc\u00f3 una \u00e9poca en el b\u00e9isbol cubano, muri\u00f3 este jueves en La Habana a los 77 a\u00f1os, seg\u00fan confirmaron directivos del INDER citados por medios oficiales.<\/p>\n\n\n\n<p>La noticia corri\u00f3 primero por redes y grupos de aficionados, como suele ocurrir con las grandes p\u00e9rdidas del deporte en la Isla: de chat en chat, de audio en audio, hasta que qued\u00f3 claro que se hab\u00eda ido uno de los jardineros m\u00e1s completos que han pasado por las Series Nacionales.<\/p>\n\n\n\n<p>Nacido el 22 de marzo de 1948 en Santiago de las Vegas, en el actual municipio de Boyeros, Capir\u00f3 creci\u00f3 pegado al Latinoamericano, col\u00e1ndose a los juegos, aprendiendo a leer el vuelo de la bola desde las gradas antes de pisar \u00e9l mismo el terreno como figura. Con Industriales, Habana y Metropolitanos visti\u00f3 siempre camisetas habaneras, pero su impacto rebas\u00f3 el regionalismo: para muchos analistas es, sencillamente, el mejor jardinero izquierdo que han visto en la pelota cubana.<\/p>\n\n\n\n<iframe loading=\"lazy\" src=\"https:\/\/www.facebook.com\/plugins\/post.php?href=https%3A%2F%2Fwww.facebook.com%2FDportoSportsMedia%2Fposts%2Fpfbid02eDDggDQYhcH1XKTaNGoszNj1861c2mheZYphNJbcgsMuu7s1eTdL6oT5GfQFJ2WUl&#038;show_text=true&#038;width=500\" width=\"500\" height=\"717\" style=\"border:none;overflow:hidden\" scrolling=\"no\" frameborder=\"0\" allowfullscreen=\"true\" allow=\"autoplay; clipboard-write; encrypted-media; picture-in-picture; web-share\"><\/iframe>\n\n\n\n<p>Los n\u00fameros ayudan a entender el mito. Fue el primer pelotero en conectar m\u00e1s de 20 jonrones en una temporada de Series Nacionales: 22 cuadrangulares en la campa\u00f1a 1972-73, actuaci\u00f3n que le vali\u00f3 el premio de Jugador M\u00e1s Valioso. Tambi\u00e9n fue el primero en llegar al centenar de jonrones en los torneos dom\u00e9sticos, cuando ese list\u00f3n parec\u00eda reservado a leyendas inalcanzables. Adem\u00e1s del poder al bate, ten\u00eda uno de los brazos m\u00e1s respetados de su generaci\u00f3n, capaz de enfriar corredores que se atrev\u00edan a retarlo desde el bosque izquierdo.<\/p>\n\n\n\n<p>Con la selecci\u00f3n nacional fue parte de una Cuba casi imbatible en los setenta y ochenta: mundiales, copas intercontinentales, Juegos Panamericanos y Centroamericanos en los que el apellido Capir\u00f3 se asociaba a turnos grandes en momentos de presi\u00f3n. Esos logros, sumados a su consistencia en las Series, lo llevaron a ser incluido entre los 100 atletas cubanos m\u00e1s destacados del siglo XX.<\/p>\n\n\n\n<iframe loading=\"lazy\" src=\"https:\/\/www.facebook.com\/plugins\/post.php?href=https%3A%2F%2Fwww.facebook.com%2Flara.crofs%2Fposts%2Fpfbid02wAnjgzAyFG8j4DC1oTnMmLGY8hWUKmvUSuKzE1XDMy6LBds6vmP2uZ98h2fBt7ul&#038;show_text=true&#038;width=500\" width=\"500\" height=\"441\" style=\"border:none;overflow:hidden\" scrolling=\"no\" frameborder=\"0\" allowfullscreen=\"true\" allow=\"autoplay; clipboard-write; encrypted-media; picture-in-picture; web-share\"><\/iframe>\n\n\n\n<p>En los \u00faltimos a\u00f1os viv\u00eda discretamente en su barrio de siempre, en Santiago de las Vegas, recibiendo el cari\u00f1o de vecinos y de una afici\u00f3n que no lo olvidaba. De vez en cuando aparec\u00eda en homenajes, pe\u00f1as o entrevistas, con esa mezcla de timidez y seguridad que tienen los que no necesitan gritar su grandeza. <\/p>\n\n\n\n<p>Con su muerte, el b\u00e9isbol cubano pierde algo m\u00e1s que estad\u00edsticas. Se va un estilo: el swing largo pero elegante, el fildeo sobrio, el brazo certero, la manera de habitar el jard\u00edn izquierdo como si fuera un traje hecho a la medida. Queda, en la memoria de varias generaciones, la estampa del n\u00famero 9 entrando al plato, el estadio en silencio y la sensaci\u00f3n de que, si Capir\u00f3 estaba al bate, todo pod\u00eda cambiar con un solo swing.<\/p>\n\n\n\n<figure class=\"wp-block-image size-large\"><img loading=\"lazy\" decoding=\"async\" width=\"653\" height=\"1024\" src=\"https:\/\/cdn1.mediawpaccore.net\/wp-content\/uploads\/2025\/11\/14061033\/image-56-653x1024.png\" alt=\"\" class=\"wp-image-225927\" srcset=\"https:\/\/cdn1.mediawpaccore.net\/wp-content\/uploads\/2025\/11\/14061033\/image-56-653x1024.png 653w, https:\/\/cdn1.mediawpaccore.net\/wp-content\/uploads\/2025\/11\/14061033\/image-56-191x300.png 191w, https:\/\/cdn1.mediawpaccore.net\/wp-content\/uploads\/2025\/11\/14061033\/image-56-768x1203.png 768w, https:\/\/cdn1.mediawpaccore.net\/wp-content\/uploads\/2025\/11\/14061033\/image-56-268x420.png 268w, https:\/\/cdn1.mediawpaccore.net\/wp-content\/uploads\/2025\/11\/14061033\/image-56-150x235.png 150w, https:\/\/cdn1.mediawpaccore.net\/wp-content\/uploads\/2025\/11\/14061033\/image-56-300x470.png 300w, https:\/\/cdn1.mediawpaccore.net\/wp-content\/uploads\/2025\/11\/14061033\/image-56-696x1091.png 696w, https:\/\/cdn1.mediawpaccore.net\/wp-content\/uploads\/2025\/11\/14061033\/image-56.png 910w\" sizes=\"auto, (max-width: 653px) 100vw, 653px\" \/><\/figure>\n","protected":false},"excerpt":{"rendered":"<p>Es tal vez el m\u00e1s grande jardinero izquierdo que haya pisado un diamante en Cuba; o al menos as\u00ed lo quieren reconocer quienes lo vieron jugar. <\/p>\n","protected":false},"author":13,"featured_media":225929,"comment_status":"open","ping_status":"closed","sticky":false,"template":"","format":"standard","meta":{"_acf_changed":false,"footnotes":""},"categories":[21,18,955],"tags":[29149,941,1726,29148,4644,29125,1657],"class_list":{"0":"post-225870","1":"post","2":"type-post","3":"status-publish","4":"format-standard","5":"has-post-thumbnail","7":"category-deportes","8":"category-noticias","9":"category-noticias-de-cuba","10":"tag-armando-capiro","11":"tag-destacado","12":"tag-fallecimientos","13":"tag-leyendas-de-la-pelota-en-cuba","14":"tag-leyendas-del-deporte","15":"tag-obituarios","16":"tag-peloteros-cubanos"},"acf":[],"yoast_head":"<!-- This site is optimized with the Yoast SEO plugin v27.4 - https:\/\/yoast.com\/product\/yoast-seo-wordpress\/ -->\n<title>Fallece la leyenda del b\u00e9isbol cubano Armando Capir\u00f3 - Cuballama Noticias<\/title>\n<meta name=\"description\" content=\"Armando Capir\u00f3 muere en La Habana a los 85 a\u00f1os de edad. Es considerado una de las leyendas de la pelota cubana.\" \/>\n<meta name=\"robots\" content=\"index, follow, max-snippet:-1, max-image-preview:large, max-video-preview:-1\" \/>\n<link rel=\"canonical\" href=\"https:\/\/www.cuballama.com\/noticias\/fallece-la-leyenda-del-beisbol-cubano-armando-capiro\/\" \/>\n<meta property=\"og:locale\" content=\"es_ES\" \/>\n<meta property=\"og:type\" content=\"article\" \/>\n<meta property=\"og:title\" content=\"Fallece la leyenda del b\u00e9isbol cubano Armando Capir\u00f3 - Cuballama Noticias\" \/>\n<meta property=\"og:description\" content=\"Armando Capir\u00f3 muere en La Habana a los 85 a\u00f1os de edad. Es considerado una de las leyendas de la pelota cubana.\" \/>\n<meta property=\"og:url\" content=\"https:\/\/www.cuballama.com\/noticias\/fallece-la-leyenda-del-beisbol-cubano-armando-capiro\/\" \/>\n<meta property=\"og:site_name\" content=\"Cuballama Noticias\" \/>\n<meta property=\"article:publisher\" content=\"https:\/\/www.facebook.com\/CubaLlama\" \/>\n<meta property=\"article:published_time\" content=\"2025-11-14T15:32:27+00:00\" \/>\n<meta property=\"article:modified_time\" content=\"2025-11-14T15:32:30+00:00\" \/>\n<meta property=\"og:image\" content=\"https:\/\/cdn1.mediawpaccore.net\/wp-content\/uploads\/2025\/11\/14061309\/image-57.png\" \/>\n\t<meta property=\"og:image:width\" content=\"1968\" \/>\n\t<meta property=\"og:image:height\" content=\"1040\" \/>\n\t<meta property=\"og:image:type\" content=\"image\/png\" \/>\n<meta name=\"author\" content=\"Roberto A.\" \/>\n<meta name=\"twitter:card\" content=\"summary_large_image\" \/>\n<meta name=\"twitter:creator\" content=\"@cuballama\" \/>\n<meta name=\"twitter:site\" content=\"@cuballama\" \/>\n<meta name=\"twitter:label1\" content=\"Escrito por\" \/>\n\t<meta name=\"twitter:data1\" content=\"Roberto A.\" \/>\n\t<meta name=\"twitter:label2\" content=\"Tiempo de lectura\" \/>\n\t<meta name=\"twitter:data2\" content=\"3 minutos\" \/>\n<script type=\"application\/ld+json\" class=\"yoast-schema-graph\">{\"@context\":\"https:\\\/\\\/schema.org\",\"@graph\":[{\"@type\":\"Article\",\"@id\":\"https:\\\/\\\/www.cuballama.com\\\/noticias\\\/fallece-la-leyenda-del-beisbol-cubano-armando-capiro\\\/#article\",\"isPartOf\":{\"@id\":\"https:\\\/\\\/www.cuballama.com\\\/noticias\\\/fallece-la-leyenda-del-beisbol-cubano-armando-capiro\\\/\"},\"author\":{\"name\":\"Roberto A.\",\"@id\":\"https:\\\/\\\/www.cuballama.com\\\/noticias\\\/#\\\/schema\\\/person\\\/a58502ed4146c8e9f83872e897c76cd2\"},\"headline\":\"Fallece la leyenda del b\u00e9isbol cubano Armando Capir\u00f3\",\"datePublished\":\"2025-11-14T15:32:27+00:00\",\"dateModified\":\"2025-11-14T15:32:30+00:00\",\"mainEntityOfPage\":{\"@id\":\"https:\\\/\\\/www.cuballama.com\\\/noticias\\\/fallece-la-leyenda-del-beisbol-cubano-armando-capiro\\\/\"},\"wordCount\":484,\"commentCount\":0,\"publisher\":{\"@id\":\"https:\\\/\\\/www.cuballama.com\\\/noticias\\\/#organization\"},\"image\":{\"@id\":\"https:\\\/\\\/www.cuballama.com\\\/noticias\\\/fallece-la-leyenda-del-beisbol-cubano-armando-capiro\\\/#primaryimage\"},\"thumbnailUrl\":\"https:\\\/\\\/cdn1.mediawpaccore.net\\\/wp-content\\\/uploads\\\/2025\\\/11\\\/14061309\\\/image-57.png\",\"keywords\":[\"Armando Capir\u00f3\",\"destacado\",\"fallecimientos\",\"Leyendas de la pelota en Cuba\",\"Leyendas del Deporte\",\"obituarios\",\"Peloteros cubanos\"],\"articleSection\":[\"Deportes\",\"Noticias\",\"Noticias de Cuba\"],\"inLanguage\":\"es\",\"potentialAction\":[{\"@type\":\"CommentAction\",\"name\":\"Comment\",\"target\":[\"https:\\\/\\\/www.cuballama.com\\\/noticias\\\/fallece-la-leyenda-del-beisbol-cubano-armando-capiro\\\/#respond\"]}]},{\"@type\":\"WebPage\",\"@id\":\"https:\\\/\\\/www.cuballama.com\\\/noticias\\\/fallece-la-leyenda-del-beisbol-cubano-armando-capiro\\\/\",\"url\":\"https:\\\/\\\/www.cuballama.com\\\/noticias\\\/fallece-la-leyenda-del-beisbol-cubano-armando-capiro\\\/\",\"name\":\"Fallece la leyenda del b\u00e9isbol cubano Armando Capir\u00f3 - Cuballama Noticias\",\"isPartOf\":{\"@id\":\"https:\\\/\\\/www.cuballama.com\\\/noticias\\\/#website\"},\"primaryImageOfPage\":{\"@id\":\"https:\\\/\\\/www.cuballama.com\\\/noticias\\\/fallece-la-leyenda-del-beisbol-cubano-armando-capiro\\\/#primaryimage\"},\"image\":{\"@id\":\"https:\\\/\\\/www.cuballama.com\\\/noticias\\\/fallece-la-leyenda-del-beisbol-cubano-armando-capiro\\\/#primaryimage\"},\"thumbnailUrl\":\"https:\\\/\\\/cdn1.mediawpaccore.net\\\/wp-content\\\/uploads\\\/2025\\\/11\\\/14061309\\\/image-57.png\",\"datePublished\":\"2025-11-14T15:32:27+00:00\",\"dateModified\":\"2025-11-14T15:32:30+00:00\",\"description\":\"Armando Capir\u00f3 muere en La Habana a los 85 a\u00f1os de edad. Es considerado una de las leyendas de la pelota cubana.\",\"breadcrumb\":{\"@id\":\"https:\\\/\\\/www.cuballama.com\\\/noticias\\\/fallece-la-leyenda-del-beisbol-cubano-armando-capiro\\\/#breadcrumb\"},\"inLanguage\":\"es\",\"potentialAction\":[{\"@type\":\"ReadAction\",\"target\":[\"https:\\\/\\\/www.cuballama.com\\\/noticias\\\/fallece-la-leyenda-del-beisbol-cubano-armando-capiro\\\/\"]}]},{\"@type\":\"ImageObject\",\"inLanguage\":\"es\",\"@id\":\"https:\\\/\\\/www.cuballama.com\\\/noticias\\\/fallece-la-leyenda-del-beisbol-cubano-armando-capiro\\\/#primaryimage\",\"url\":\"https:\\\/\\\/cdn1.mediawpaccore.net\\\/wp-content\\\/uploads\\\/2025\\\/11\\\/14061309\\\/image-57.png\",\"contentUrl\":\"https:\\\/\\\/cdn1.mediawpaccore.net\\\/wp-content\\\/uploads\\\/2025\\\/11\\\/14061309\\\/image-57.png\",\"width\":1968,\"height\":1040,\"caption\":\"Foto: Collage v\u00eda Archivo\"},{\"@type\":\"BreadcrumbList\",\"@id\":\"https:\\\/\\\/www.cuballama.com\\\/noticias\\\/fallece-la-leyenda-del-beisbol-cubano-armando-capiro\\\/#breadcrumb\",\"itemListElement\":[{\"@type\":\"ListItem\",\"position\":1,\"name\":\"Home\",\"item\":\"https:\\\/\\\/www.cuballama.com\\\/noticias\\\/\"},{\"@type\":\"ListItem\",\"position\":2,\"name\":\"Fallece la leyenda del b\u00e9isbol cubano Armando Capir\u00f3\"}]},{\"@type\":\"WebSite\",\"@id\":\"https:\\\/\\\/www.cuballama.com\\\/noticias\\\/#website\",\"url\":\"https:\\\/\\\/www.cuballama.com\\\/noticias\\\/\",\"name\":\"Cuballama Noticias\",\"description\":\"Medio digital sobre Cuba y el mundo\",\"publisher\":{\"@id\":\"https:\\\/\\\/www.cuballama.com\\\/noticias\\\/#organization\"},\"potentialAction\":[{\"@type\":\"SearchAction\",\"target\":{\"@type\":\"EntryPoint\",\"urlTemplate\":\"https:\\\/\\\/www.cuballama.com\\\/noticias\\\/?s={search_term_string}\"},\"query-input\":{\"@type\":\"PropertyValueSpecification\",\"valueRequired\":true,\"valueName\":\"search_term_string\"}}],\"inLanguage\":\"es\"},{\"@type\":\"Organization\",\"@id\":\"https:\\\/\\\/www.cuballama.com\\\/noticias\\\/#organization\",\"name\":\"Cuballama\",\"url\":\"https:\\\/\\\/www.cuballama.com\\\/noticias\\\/\",\"logo\":{\"@type\":\"ImageObject\",\"inLanguage\":\"es\",\"@id\":\"https:\\\/\\\/www.cuballama.com\\\/noticias\\\/#\\\/schema\\\/logo\\\/image\\\/\",\"url\":\"https:\\\/\\\/cdn1.mediawpaccore.net\\\/wp-content\\\/uploads\\\/2021\\\/12\\\/28171206\\\/cbll-logo-color-sm.png\",\"contentUrl\":\"https:\\\/\\\/cdn1.mediawpaccore.net\\\/wp-content\\\/uploads\\\/2021\\\/12\\\/28171206\\\/cbll-logo-color-sm.png\",\"width\":600,\"height\":133,\"caption\":\"Cuballama\"},\"image\":{\"@id\":\"https:\\\/\\\/www.cuballama.com\\\/noticias\\\/#\\\/schema\\\/logo\\\/image\\\/\"},\"sameAs\":[\"https:\\\/\\\/www.facebook.com\\\/CubaLlama\",\"https:\\\/\\\/x.com\\\/cuballama\",\"https:\\\/\\\/www.instagram.com\\\/stories\\\/cuballama_oficial\\\/\",\"https:\\\/\\\/www.youtube.com\\\/channel\\\/UCKkFE-d_axENGZcrc4as0IA\"]},{\"@type\":\"Person\",\"@id\":\"https:\\\/\\\/www.cuballama.com\\\/noticias\\\/#\\\/schema\\\/person\\\/a58502ed4146c8e9f83872e897c76cd2\",\"name\":\"Roberto A.\",\"description\":\"Roberto A. Periodista por decisi\u00f3n propia. Interesado en cualquier tema que me apasione y cada vez m\u00e1s comprometido con la verdad y la objetividad period\u00edstica. Graduado en La Habana hace ya muchos a\u00f1os, luego de una accidentada y polvorienta b\u00fasqueda de informaci\u00f3n sobre un tema in\u00e9dito. La Tesis, por cierto, desapareci\u00f3 de la biblioteca y no se conservan copias de la misma.\",\"url\":\"https:\\\/\\\/www.cuballama.com\\\/noticias\\\/author\\\/roberto\\\/\"}]}<\/script>\n<!-- \/ Yoast SEO plugin. -->","yoast_head_json":{"title":"Fallece la leyenda del b\u00e9isbol cubano Armando Capir\u00f3 - Cuballama Noticias","description":"Armando Capir\u00f3 muere en La Habana a los 85 a\u00f1os de edad. Es considerado una de las leyendas de la pelota cubana.","robots":{"index":"index","follow":"follow","max-snippet":"max-snippet:-1","max-image-preview":"max-image-preview:large","max-video-preview":"max-video-preview:-1"},"canonical":"https:\/\/www.cuballama.com\/noticias\/fallece-la-leyenda-del-beisbol-cubano-armando-capiro\/","og_locale":"es_ES","og_type":"article","og_title":"Fallece la leyenda del b\u00e9isbol cubano Armando Capir\u00f3 - Cuballama Noticias","og_description":"Armando Capir\u00f3 muere en La Habana a los 85 a\u00f1os de edad. Es considerado una de las leyendas de la pelota cubana.","og_url":"https:\/\/www.cuballama.com\/noticias\/fallece-la-leyenda-del-beisbol-cubano-armando-capiro\/","og_site_name":"Cuballama Noticias","article_publisher":"https:\/\/www.facebook.com\/CubaLlama","article_published_time":"2025-11-14T15:32:27+00:00","article_modified_time":"2025-11-14T15:32:30+00:00","og_image":[{"width":1968,"height":1040,"url":"https:\/\/cdn1.mediawpaccore.net\/wp-content\/uploads\/2025\/11\/14061309\/image-57.png","type":"image\/png"}],"author":"Roberto A.","twitter_card":"summary_large_image","twitter_creator":"@cuballama","twitter_site":"@cuballama","twitter_misc":{"Escrito por":"Roberto A.","Tiempo de lectura":"3 minutos"},"schema":{"@context":"https:\/\/schema.org","@graph":[{"@type":"Article","@id":"https:\/\/www.cuballama.com\/noticias\/fallece-la-leyenda-del-beisbol-cubano-armando-capiro\/#article","isPartOf":{"@id":"https:\/\/www.cuballama.com\/noticias\/fallece-la-leyenda-del-beisbol-cubano-armando-capiro\/"},"author":{"name":"Roberto A.","@id":"https:\/\/www.cuballama.com\/noticias\/#\/schema\/person\/a58502ed4146c8e9f83872e897c76cd2"},"headline":"Fallece la leyenda del b\u00e9isbol cubano Armando Capir\u00f3","datePublished":"2025-11-14T15:32:27+00:00","dateModified":"2025-11-14T15:32:30+00:00","mainEntityOfPage":{"@id":"https:\/\/www.cuballama.com\/noticias\/fallece-la-leyenda-del-beisbol-cubano-armando-capiro\/"},"wordCount":484,"commentCount":0,"publisher":{"@id":"https:\/\/www.cuballama.com\/noticias\/#organization"},"image":{"@id":"https:\/\/www.cuballama.com\/noticias\/fallece-la-leyenda-del-beisbol-cubano-armando-capiro\/#primaryimage"},"thumbnailUrl":"https:\/\/cdn1.mediawpaccore.net\/wp-content\/uploads\/2025\/11\/14061309\/image-57.png","keywords":["Armando Capir\u00f3","destacado","fallecimientos","Leyendas de la pelota en Cuba","Leyendas del Deporte","obituarios","Peloteros cubanos"],"articleSection":["Deportes","Noticias","Noticias de Cuba"],"inLanguage":"es","potentialAction":[{"@type":"CommentAction","name":"Comment","target":["https:\/\/www.cuballama.com\/noticias\/fallece-la-leyenda-del-beisbol-cubano-armando-capiro\/#respond"]}]},{"@type":"WebPage","@id":"https:\/\/www.cuballama.com\/noticias\/fallece-la-leyenda-del-beisbol-cubano-armando-capiro\/","url":"https:\/\/www.cuballama.com\/noticias\/fallece-la-leyenda-del-beisbol-cubano-armando-capiro\/","name":"Fallece la leyenda del b\u00e9isbol cubano Armando Capir\u00f3 - Cuballama Noticias","isPartOf":{"@id":"https:\/\/www.cuballama.com\/noticias\/#website"},"primaryImageOfPage":{"@id":"https:\/\/www.cuballama.com\/noticias\/fallece-la-leyenda-del-beisbol-cubano-armando-capiro\/#primaryimage"},"image":{"@id":"https:\/\/www.cuballama.com\/noticias\/fallece-la-leyenda-del-beisbol-cubano-armando-capiro\/#primaryimage"},"thumbnailUrl":"https:\/\/cdn1.mediawpaccore.net\/wp-content\/uploads\/2025\/11\/14061309\/image-57.png","datePublished":"2025-11-14T15:32:27+00:00","dateModified":"2025-11-14T15:32:30+00:00","description":"Armando Capir\u00f3 muere en La Habana a los 85 a\u00f1os de edad. Es considerado una de las leyendas de la pelota cubana.","breadcrumb":{"@id":"https:\/\/www.cuballama.com\/noticias\/fallece-la-leyenda-del-beisbol-cubano-armando-capiro\/#breadcrumb"},"inLanguage":"es","potentialAction":[{"@type":"ReadAction","target":["https:\/\/www.cuballama.com\/noticias\/fallece-la-leyenda-del-beisbol-cubano-armando-capiro\/"]}]},{"@type":"ImageObject","inLanguage":"es","@id":"https:\/\/www.cuballama.com\/noticias\/fallece-la-leyenda-del-beisbol-cubano-armando-capiro\/#primaryimage","url":"https:\/\/cdn1.mediawpaccore.net\/wp-content\/uploads\/2025\/11\/14061309\/image-57.png","contentUrl":"https:\/\/cdn1.mediawpaccore.net\/wp-content\/uploads\/2025\/11\/14061309\/image-57.png","width":1968,"height":1040,"caption":"Foto: Collage v\u00eda Archivo"},{"@type":"BreadcrumbList","@id":"https:\/\/www.cuballama.com\/noticias\/fallece-la-leyenda-del-beisbol-cubano-armando-capiro\/#breadcrumb","itemListElement":[{"@type":"ListItem","position":1,"name":"Home","item":"https:\/\/www.cuballama.com\/noticias\/"},{"@type":"ListItem","position":2,"name":"Fallece la leyenda del b\u00e9isbol cubano Armando Capir\u00f3"}]},{"@type":"WebSite","@id":"https:\/\/www.cuballama.com\/noticias\/#website","url":"https:\/\/www.cuballama.com\/noticias\/","name":"Cuballama Noticias","description":"Medio digital sobre Cuba y el mundo","publisher":{"@id":"https:\/\/www.cuballama.com\/noticias\/#organization"},"potentialAction":[{"@type":"SearchAction","target":{"@type":"EntryPoint","urlTemplate":"https:\/\/www.cuballama.com\/noticias\/?s={search_term_string}"},"query-input":{"@type":"PropertyValueSpecification","valueRequired":true,"valueName":"search_term_string"}}],"inLanguage":"es"},{"@type":"Organization","@id":"https:\/\/www.cuballama.com\/noticias\/#organization","name":"Cuballama","url":"https:\/\/www.cuballama.com\/noticias\/","logo":{"@type":"ImageObject","inLanguage":"es","@id":"https:\/\/www.cuballama.com\/noticias\/#\/schema\/logo\/image\/","url":"https:\/\/cdn1.mediawpaccore.net\/wp-content\/uploads\/2021\/12\/28171206\/cbll-logo-color-sm.png","contentUrl":"https:\/\/cdn1.mediawpaccore.net\/wp-content\/uploads\/2021\/12\/28171206\/cbll-logo-color-sm.png","width":600,"height":133,"caption":"Cuballama"},"image":{"@id":"https:\/\/www.cuballama.com\/noticias\/#\/schema\/logo\/image\/"},"sameAs":["https:\/\/www.facebook.com\/CubaLlama","https:\/\/x.com\/cuballama","https:\/\/www.instagram.com\/stories\/cuballama_oficial\/","https:\/\/www.youtube.com\/channel\/UCKkFE-d_axENGZcrc4as0IA"]},{"@type":"Person","@id":"https:\/\/www.cuballama.com\/noticias\/#\/schema\/person\/a58502ed4146c8e9f83872e897c76cd2","name":"Roberto A.","description":"Roberto A. Periodista por decisi\u00f3n propia. Interesado en cualquier tema que me apasione y cada vez m\u00e1s comprometido con la verdad y la objetividad period\u00edstica. Graduado en La Habana hace ya muchos a\u00f1os, luego de una accidentada y polvorienta b\u00fasqueda de informaci\u00f3n sobre un tema in\u00e9dito. La Tesis, por cierto, desapareci\u00f3 de la biblioteca y no se conservan copias de la misma.","url":"https:\/\/www.cuballama.com\/noticias\/author\/roberto\/"}]}},"_links":{"self":[{"href":"https:\/\/www.cuballama.com\/noticias\/wp-json\/wp\/v2\/posts\/225870","targetHints":{"allow":["GET"]}}],"collection":[{"href":"https:\/\/www.cuballama.com\/noticias\/wp-json\/wp\/v2\/posts"}],"about":[{"href":"https:\/\/www.cuballama.com\/noticias\/wp-json\/wp\/v2\/types\/post"}],"author":[{"embeddable":true,"href":"https:\/\/www.cuballama.com\/noticias\/wp-json\/wp\/v2\/users\/13"}],"replies":[{"embeddable":true,"href":"https:\/\/www.cuballama.com\/noticias\/wp-json\/wp\/v2\/comments?post=225870"}],"version-history":[{"count":3,"href":"https:\/\/www.cuballama.com\/noticias\/wp-json\/wp\/v2\/posts\/225870\/revisions"}],"predecessor-version":[{"id":225931,"href":"https:\/\/www.cuballama.com\/noticias\/wp-json\/wp\/v2\/posts\/225870\/revisions\/225931"}],"wp:featuredmedia":[{"embeddable":true,"href":"https:\/\/www.cuballama.com\/noticias\/wp-json\/wp\/v2\/media\/225929"}],"wp:attachment":[{"href":"https:\/\/www.cuballama.com\/noticias\/wp-json\/wp\/v2\/media?parent=225870"}],"wp:term":[{"taxonomy":"category","embeddable":true,"href":"https:\/\/www.cuballama.com\/noticias\/wp-json\/wp\/v2\/categories?post=225870"},{"taxonomy":"post_tag","embeddable":true,"href":"https:\/\/www.cuballama.com\/noticias\/wp-json\/wp\/v2\/tags?post=225870"}],"curies":[{"name":"wp","href":"https:\/\/api.w.org\/{rel}","templated":true}]}}