{"id":225856,"date":"2025-11-13T14:44:49","date_gmt":"2025-11-13T19:44:49","guid":{"rendered":"https:\/\/www.cuballama.com\/noticias\/?p=225856"},"modified":"2025-11-13T14:44:51","modified_gmt":"2025-11-13T19:44:51","slug":"de-tiktok-shop-a-telemundo-flor-de-cuba-llega-a-los-sets-de-television","status":"publish","type":"post","link":"https:\/\/www.cuballama.com\/noticias\/de-tiktok-shop-a-telemundo-flor-de-cuba-llega-a-los-sets-de-television\/","title":{"rendered":"De TikTok Shop a Telemundo: Flor de Cuba llega a los sets de televisi\u00f3n"},"content":{"rendered":"\n<p>La emprendedora e influencer cubana <strong>Flor de Cuba<\/strong> suma otro hito a su lista: fue <strong>invitada especial en \u201cHoy D\u00eda\u201d<\/strong>, el morning show de <strong>Telemundo<\/strong> con mayor audiencia entre hispanos en EE. UU.&nbsp;<\/p>\n\n\n\n<p>La propia creadora confirm\u00f3 la noticia en <strong>Instagram<\/strong>, donde public\u00f3 un video subi\u00e9ndose a una camioneta blanca, vestida con un <strong>traje rojo<\/strong> impecable y lista para su aparici\u00f3n en pantalla. <strong>\u201cCorran y av\u00edsenle a mi madre que su hija es invitada especial en Telemundo\u201d<\/strong>, escribi\u00f3, desatando una ola de mensajes de orgullo y felicitaciones.<\/p>\n\n\n\n<p>Con su mezcla de <strong>energ\u00eda, franqueza y humor<\/strong>, Flor ha construido una comunidad fiel que no solo consume sus contenidos, sino que sigue de cerca su <strong>historia de superaci\u00f3n<\/strong>. Lleg\u00f3 a Estados Unidos, seg\u00fan ha contado, <strong>con 200 d\u00f3lares y sin papeles<\/strong>; hoy es referente de <strong>negocio digital<\/strong> y <strong>venta social<\/strong>. Prueba de ello es su r\u00e9cord reciente: <strong>un mill\u00f3n de d\u00f3lares en ventas en 27 d\u00edas<\/strong> a trav\u00e9s de <strong><a href=\"https:\/\/www.cuballama.com\/noticias\/flor-de-cuba-aplaude-a-camila-guiribitey-en-tiktok-shop-legitimiza-el-trabajo\/\" target=\"_blank\" rel=\"noreferrer noopener\">TikTok Shop<\/a><\/strong>, un resultado que la coloc\u00f3 en el radar del ecosistema de creadores y de marcas.<\/p>\n\n\n\n<p>Su llegada a <strong>Telemundo<\/strong> supone un <strong>salto medi\u00e1tico<\/strong> que consolida su presencia m\u00e1s all\u00e1 de las redes: abre puertas a <strong>nuevas alianzas<\/strong>, m\u00e1s visibilidad y un altavoz masivo para su mensaje de <strong>disciplina, fe y trabajo constante<\/strong>. Para sus seguidores, la invitaci\u00f3n es un reconocimiento justo a una ruta marcada por el <strong>emprendimiento desde cero<\/strong>, la constancia y el foco en <strong>monetizar con autenticidad<\/strong>.<\/p>\n\n\n\n<p>M\u00e1s que una an\u00e9cdota, su aparici\u00f3n en <strong>\u201cHoy D\u00eda\u201d<\/strong> funciona como plataforma para contar su camino y <strong>motivar a otros creadores latinos<\/strong> que sue\u00f1an con profesionalizar su marca personal. Con su sello de cercan\u00eda y empoderamiento, Flor de Cuba llega a la TV nacional para recordar que, con estrategia y constancia, los <strong>sue\u00f1os s\u00ed facturan<\/strong>.<\/p>\n","protected":false},"excerpt":{"rendered":"<p>Flor de Cuba fue invitada en \u201cHoy D\u00eda\u201d (Telemundo). \u201cCorran y av\u00edsenle a mi madre\u201d, celebr\u00f3 la influencer tras romper r\u00e9cords en TikTok Shop.<\/p>\n","protected":false},"author":29,"featured_media":225864,"comment_status":"open","ping_status":"closed","sticky":false,"template":"","format":"standard","meta":{"_acf_changed":false,"footnotes":""},"categories":[443],"tags":[28773,14245],"class_list":{"0":"post-225856","1":"post","2":"type-post","3":"status-publish","4":"format-standard","5":"has-post-thumbnail","7":"category-farandula","8":"tag-flor-de-cuba","9":"tag-influencer-cubana"},"acf":[],"yoast_head":"<!-- This site is optimized with the Yoast SEO plugin v27.4 - https:\/\/yoast.com\/product\/yoast-seo-wordpress\/ -->\n<title>De TikTok Shop a Telemundo: Flor de Cuba llega a los sets de televisi\u00f3n - Cuballama Noticias<\/title>\n<meta name=\"description\" content=\"Flor de Cuba fue invitada en \u201cHoy D\u00eda\u201d (Telemundo). \u201cCorran y av\u00edsenle a mi madre\u201d, celebr\u00f3 la influencer tras romper r\u00e9cords en TikTok Shop.\" \/>\n<meta name=\"robots\" content=\"index, follow, max-snippet:-1, max-image-preview:large, max-video-preview:-1\" \/>\n<link rel=\"canonical\" href=\"https:\/\/www.cuballama.com\/noticias\/de-tiktok-shop-a-telemundo-flor-de-cuba-llega-a-los-sets-de-television\/\" \/>\n<meta property=\"og:locale\" content=\"es_ES\" \/>\n<meta property=\"og:type\" content=\"article\" \/>\n<meta property=\"og:title\" content=\"De TikTok Shop a Telemundo: Flor de Cuba llega a los sets de televisi\u00f3n - Cuballama Noticias\" \/>\n<meta property=\"og:description\" content=\"Flor de Cuba fue invitada en \u201cHoy D\u00eda\u201d (Telemundo). \u201cCorran y av\u00edsenle a mi madre\u201d, celebr\u00f3 la influencer tras romper r\u00e9cords en TikTok Shop.\" \/>\n<meta property=\"og:url\" content=\"https:\/\/www.cuballama.com\/noticias\/de-tiktok-shop-a-telemundo-flor-de-cuba-llega-a-los-sets-de-television\/\" \/>\n<meta property=\"og:site_name\" content=\"Cuballama Noticias\" \/>\n<meta property=\"article:publisher\" content=\"https:\/\/www.facebook.com\/CubaLlama\" \/>\n<meta property=\"article:published_time\" content=\"2025-11-13T19:44:49+00:00\" \/>\n<meta property=\"article:modified_time\" content=\"2025-11-13T19:44:51+00:00\" \/>\n<meta property=\"og:image\" content=\"https:\/\/cdn1.mediawpaccore.net\/wp-content\/uploads\/2025\/11\/13144311\/xxxxxccccccccddd-77-1024x576.png\" \/>\n\t<meta property=\"og:image:width\" content=\"1024\" \/>\n\t<meta property=\"og:image:height\" content=\"576\" \/>\n\t<meta property=\"og:image:type\" content=\"image\/png\" \/>\n<meta name=\"author\" content=\"Sof\u00eda Reyes\" \/>\n<meta name=\"twitter:card\" content=\"summary_large_image\" \/>\n<meta name=\"twitter:creator\" content=\"@cuballama\" \/>\n<meta name=\"twitter:site\" content=\"@cuballama\" \/>\n<meta name=\"twitter:label1\" content=\"Escrito por\" \/>\n\t<meta name=\"twitter:data1\" content=\"Sof\u00eda Reyes\" \/>\n\t<meta name=\"twitter:label2\" content=\"Tiempo de lectura\" \/>\n\t<meta name=\"twitter:data2\" content=\"2 minutos\" \/>\n<script type=\"application\/ld+json\" class=\"yoast-schema-graph\">{\"@context\":\"https:\\\/\\\/schema.org\",\"@graph\":[{\"@type\":\"Article\",\"@id\":\"https:\\\/\\\/www.cuballama.com\\\/noticias\\\/de-tiktok-shop-a-telemundo-flor-de-cuba-llega-a-los-sets-de-television\\\/#article\",\"isPartOf\":{\"@id\":\"https:\\\/\\\/www.cuballama.com\\\/noticias\\\/de-tiktok-shop-a-telemundo-flor-de-cuba-llega-a-los-sets-de-television\\\/\"},\"author\":{\"name\":\"Sof\u00eda Reyes\",\"@id\":\"https:\\\/\\\/www.cuballama.com\\\/noticias\\\/#\\\/schema\\\/person\\\/5cba2b8cc25a3159e49fe730a94d512e\"},\"headline\":\"De TikTok Shop a Telemundo: Flor de Cuba llega a los sets de televisi\u00f3n\",\"datePublished\":\"2025-11-13T19:44:49+00:00\",\"dateModified\":\"2025-11-13T19:44:51+00:00\",\"mainEntityOfPage\":{\"@id\":\"https:\\\/\\\/www.cuballama.com\\\/noticias\\\/de-tiktok-shop-a-telemundo-flor-de-cuba-llega-a-los-sets-de-television\\\/\"},\"wordCount\":331,\"commentCount\":0,\"publisher\":{\"@id\":\"https:\\\/\\\/www.cuballama.com\\\/noticias\\\/#organization\"},\"image\":{\"@id\":\"https:\\\/\\\/www.cuballama.com\\\/noticias\\\/de-tiktok-shop-a-telemundo-flor-de-cuba-llega-a-los-sets-de-television\\\/#primaryimage\"},\"thumbnailUrl\":\"https:\\\/\\\/cdn1.mediawpaccore.net\\\/wp-content\\\/uploads\\\/2025\\\/11\\\/13144311\\\/xxxxxccccccccddd-77.png\",\"keywords\":[\"Flor de Cuba\",\"influencer cubana\"],\"articleSection\":[\"Far\u00e1ndula\"],\"inLanguage\":\"es\",\"potentialAction\":[{\"@type\":\"CommentAction\",\"name\":\"Comment\",\"target\":[\"https:\\\/\\\/www.cuballama.com\\\/noticias\\\/de-tiktok-shop-a-telemundo-flor-de-cuba-llega-a-los-sets-de-television\\\/#respond\"]}]},{\"@type\":\"WebPage\",\"@id\":\"https:\\\/\\\/www.cuballama.com\\\/noticias\\\/de-tiktok-shop-a-telemundo-flor-de-cuba-llega-a-los-sets-de-television\\\/\",\"url\":\"https:\\\/\\\/www.cuballama.com\\\/noticias\\\/de-tiktok-shop-a-telemundo-flor-de-cuba-llega-a-los-sets-de-television\\\/\",\"name\":\"De TikTok Shop a Telemundo: Flor de Cuba llega a los sets de televisi\u00f3n - Cuballama Noticias\",\"isPartOf\":{\"@id\":\"https:\\\/\\\/www.cuballama.com\\\/noticias\\\/#website\"},\"primaryImageOfPage\":{\"@id\":\"https:\\\/\\\/www.cuballama.com\\\/noticias\\\/de-tiktok-shop-a-telemundo-flor-de-cuba-llega-a-los-sets-de-television\\\/#primaryimage\"},\"image\":{\"@id\":\"https:\\\/\\\/www.cuballama.com\\\/noticias\\\/de-tiktok-shop-a-telemundo-flor-de-cuba-llega-a-los-sets-de-television\\\/#primaryimage\"},\"thumbnailUrl\":\"https:\\\/\\\/cdn1.mediawpaccore.net\\\/wp-content\\\/uploads\\\/2025\\\/11\\\/13144311\\\/xxxxxccccccccddd-77.png\",\"datePublished\":\"2025-11-13T19:44:49+00:00\",\"dateModified\":\"2025-11-13T19:44:51+00:00\",\"description\":\"Flor de Cuba fue invitada en \u201cHoy D\u00eda\u201d (Telemundo). \u201cCorran y av\u00edsenle a mi madre\u201d, celebr\u00f3 la influencer tras romper r\u00e9cords en TikTok Shop.\",\"breadcrumb\":{\"@id\":\"https:\\\/\\\/www.cuballama.com\\\/noticias\\\/de-tiktok-shop-a-telemundo-flor-de-cuba-llega-a-los-sets-de-television\\\/#breadcrumb\"},\"inLanguage\":\"es\",\"potentialAction\":[{\"@type\":\"ReadAction\",\"target\":[\"https:\\\/\\\/www.cuballama.com\\\/noticias\\\/de-tiktok-shop-a-telemundo-flor-de-cuba-llega-a-los-sets-de-television\\\/\"]}]},{\"@type\":\"ImageObject\",\"inLanguage\":\"es\",\"@id\":\"https:\\\/\\\/www.cuballama.com\\\/noticias\\\/de-tiktok-shop-a-telemundo-flor-de-cuba-llega-a-los-sets-de-television\\\/#primaryimage\",\"url\":\"https:\\\/\\\/cdn1.mediawpaccore.net\\\/wp-content\\\/uploads\\\/2025\\\/11\\\/13144311\\\/xxxxxccccccccddd-77.png\",\"contentUrl\":\"https:\\\/\\\/cdn1.mediawpaccore.net\\\/wp-content\\\/uploads\\\/2025\\\/11\\\/13144311\\\/xxxxxccccccccddd-77.png\",\"width\":1920,\"height\":1080,\"caption\":\"Fotos tomadas del perfil de Instagram de Flor de Cuba\"},{\"@type\":\"BreadcrumbList\",\"@id\":\"https:\\\/\\\/www.cuballama.com\\\/noticias\\\/de-tiktok-shop-a-telemundo-flor-de-cuba-llega-a-los-sets-de-television\\\/#breadcrumb\",\"itemListElement\":[{\"@type\":\"ListItem\",\"position\":1,\"name\":\"Home\",\"item\":\"https:\\\/\\\/www.cuballama.com\\\/noticias\\\/\"},{\"@type\":\"ListItem\",\"position\":2,\"name\":\"De TikTok Shop a Telemundo: Flor de Cuba llega a los sets de televisi\u00f3n\"}]},{\"@type\":\"WebSite\",\"@id\":\"https:\\\/\\\/www.cuballama.com\\\/noticias\\\/#website\",\"url\":\"https:\\\/\\\/www.cuballama.com\\\/noticias\\\/\",\"name\":\"Cuballama Noticias\",\"description\":\"Medio digital sobre Cuba y el mundo\",\"publisher\":{\"@id\":\"https:\\\/\\\/www.cuballama.com\\\/noticias\\\/#organization\"},\"potentialAction\":[{\"@type\":\"SearchAction\",\"target\":{\"@type\":\"EntryPoint\",\"urlTemplate\":\"https:\\\/\\\/www.cuballama.com\\\/noticias\\\/?s={search_term_string}\"},\"query-input\":{\"@type\":\"PropertyValueSpecification\",\"valueRequired\":true,\"valueName\":\"search_term_string\"}}],\"inLanguage\":\"es\"},{\"@type\":\"Organization\",\"@id\":\"https:\\\/\\\/www.cuballama.com\\\/noticias\\\/#organization\",\"name\":\"Cuballama\",\"url\":\"https:\\\/\\\/www.cuballama.com\\\/noticias\\\/\",\"logo\":{\"@type\":\"ImageObject\",\"inLanguage\":\"es\",\"@id\":\"https:\\\/\\\/www.cuballama.com\\\/noticias\\\/#\\\/schema\\\/logo\\\/image\\\/\",\"url\":\"https:\\\/\\\/cdn1.mediawpaccore.net\\\/wp-content\\\/uploads\\\/2021\\\/12\\\/28171206\\\/cbll-logo-color-sm.png\",\"contentUrl\":\"https:\\\/\\\/cdn1.mediawpaccore.net\\\/wp-content\\\/uploads\\\/2021\\\/12\\\/28171206\\\/cbll-logo-color-sm.png\",\"width\":600,\"height\":133,\"caption\":\"Cuballama\"},\"image\":{\"@id\":\"https:\\\/\\\/www.cuballama.com\\\/noticias\\\/#\\\/schema\\\/logo\\\/image\\\/\"},\"sameAs\":[\"https:\\\/\\\/www.facebook.com\\\/CubaLlama\",\"https:\\\/\\\/x.com\\\/cuballama\",\"https:\\\/\\\/www.instagram.com\\\/stories\\\/cuballama_oficial\\\/\",\"https:\\\/\\\/www.youtube.com\\\/channel\\\/UCKkFE-d_axENGZcrc4as0IA\"]},{\"@type\":\"Person\",\"@id\":\"https:\\\/\\\/www.cuballama.com\\\/noticias\\\/#\\\/schema\\\/person\\\/5cba2b8cc25a3159e49fe730a94d512e\",\"name\":\"Sof\u00eda Reyes\",\"url\":\"https:\\\/\\\/www.cuballama.com\\\/noticias\\\/author\\\/laura\\\/\"}]}<\/script>\n<!-- \/ Yoast SEO plugin. -->","yoast_head_json":{"title":"De TikTok Shop a Telemundo: Flor de Cuba llega a los sets de televisi\u00f3n - Cuballama Noticias","description":"Flor de Cuba fue invitada en \u201cHoy D\u00eda\u201d (Telemundo). \u201cCorran y av\u00edsenle a mi madre\u201d, celebr\u00f3 la influencer tras romper r\u00e9cords en TikTok Shop.","robots":{"index":"index","follow":"follow","max-snippet":"max-snippet:-1","max-image-preview":"max-image-preview:large","max-video-preview":"max-video-preview:-1"},"canonical":"https:\/\/www.cuballama.com\/noticias\/de-tiktok-shop-a-telemundo-flor-de-cuba-llega-a-los-sets-de-television\/","og_locale":"es_ES","og_type":"article","og_title":"De TikTok Shop a Telemundo: Flor de Cuba llega a los sets de televisi\u00f3n - Cuballama Noticias","og_description":"Flor de Cuba fue invitada en \u201cHoy D\u00eda\u201d (Telemundo). \u201cCorran y av\u00edsenle a mi madre\u201d, celebr\u00f3 la influencer tras romper r\u00e9cords en TikTok Shop.","og_url":"https:\/\/www.cuballama.com\/noticias\/de-tiktok-shop-a-telemundo-flor-de-cuba-llega-a-los-sets-de-television\/","og_site_name":"Cuballama Noticias","article_publisher":"https:\/\/www.facebook.com\/CubaLlama","article_published_time":"2025-11-13T19:44:49+00:00","article_modified_time":"2025-11-13T19:44:51+00:00","og_image":[{"width":1024,"height":576,"url":"https:\/\/cdn1.mediawpaccore.net\/wp-content\/uploads\/2025\/11\/13144311\/xxxxxccccccccddd-77-1024x576.png","type":"image\/png"}],"author":"Sof\u00eda Reyes","twitter_card":"summary_large_image","twitter_creator":"@cuballama","twitter_site":"@cuballama","twitter_misc":{"Escrito por":"Sof\u00eda Reyes","Tiempo de lectura":"2 minutos"},"schema":{"@context":"https:\/\/schema.org","@graph":[{"@type":"Article","@id":"https:\/\/www.cuballama.com\/noticias\/de-tiktok-shop-a-telemundo-flor-de-cuba-llega-a-los-sets-de-television\/#article","isPartOf":{"@id":"https:\/\/www.cuballama.com\/noticias\/de-tiktok-shop-a-telemundo-flor-de-cuba-llega-a-los-sets-de-television\/"},"author":{"name":"Sof\u00eda Reyes","@id":"https:\/\/www.cuballama.com\/noticias\/#\/schema\/person\/5cba2b8cc25a3159e49fe730a94d512e"},"headline":"De TikTok Shop a Telemundo: Flor de Cuba llega a los sets de televisi\u00f3n","datePublished":"2025-11-13T19:44:49+00:00","dateModified":"2025-11-13T19:44:51+00:00","mainEntityOfPage":{"@id":"https:\/\/www.cuballama.com\/noticias\/de-tiktok-shop-a-telemundo-flor-de-cuba-llega-a-los-sets-de-television\/"},"wordCount":331,"commentCount":0,"publisher":{"@id":"https:\/\/www.cuballama.com\/noticias\/#organization"},"image":{"@id":"https:\/\/www.cuballama.com\/noticias\/de-tiktok-shop-a-telemundo-flor-de-cuba-llega-a-los-sets-de-television\/#primaryimage"},"thumbnailUrl":"https:\/\/cdn1.mediawpaccore.net\/wp-content\/uploads\/2025\/11\/13144311\/xxxxxccccccccddd-77.png","keywords":["Flor de Cuba","influencer cubana"],"articleSection":["Far\u00e1ndula"],"inLanguage":"es","potentialAction":[{"@type":"CommentAction","name":"Comment","target":["https:\/\/www.cuballama.com\/noticias\/de-tiktok-shop-a-telemundo-flor-de-cuba-llega-a-los-sets-de-television\/#respond"]}]},{"@type":"WebPage","@id":"https:\/\/www.cuballama.com\/noticias\/de-tiktok-shop-a-telemundo-flor-de-cuba-llega-a-los-sets-de-television\/","url":"https:\/\/www.cuballama.com\/noticias\/de-tiktok-shop-a-telemundo-flor-de-cuba-llega-a-los-sets-de-television\/","name":"De TikTok Shop a Telemundo: Flor de Cuba llega a los sets de televisi\u00f3n - Cuballama Noticias","isPartOf":{"@id":"https:\/\/www.cuballama.com\/noticias\/#website"},"primaryImageOfPage":{"@id":"https:\/\/www.cuballama.com\/noticias\/de-tiktok-shop-a-telemundo-flor-de-cuba-llega-a-los-sets-de-television\/#primaryimage"},"image":{"@id":"https:\/\/www.cuballama.com\/noticias\/de-tiktok-shop-a-telemundo-flor-de-cuba-llega-a-los-sets-de-television\/#primaryimage"},"thumbnailUrl":"https:\/\/cdn1.mediawpaccore.net\/wp-content\/uploads\/2025\/11\/13144311\/xxxxxccccccccddd-77.png","datePublished":"2025-11-13T19:44:49+00:00","dateModified":"2025-11-13T19:44:51+00:00","description":"Flor de Cuba fue invitada en \u201cHoy D\u00eda\u201d (Telemundo). \u201cCorran y av\u00edsenle a mi madre\u201d, celebr\u00f3 la influencer tras romper r\u00e9cords en TikTok Shop.","breadcrumb":{"@id":"https:\/\/www.cuballama.com\/noticias\/de-tiktok-shop-a-telemundo-flor-de-cuba-llega-a-los-sets-de-television\/#breadcrumb"},"inLanguage":"es","potentialAction":[{"@type":"ReadAction","target":["https:\/\/www.cuballama.com\/noticias\/de-tiktok-shop-a-telemundo-flor-de-cuba-llega-a-los-sets-de-television\/"]}]},{"@type":"ImageObject","inLanguage":"es","@id":"https:\/\/www.cuballama.com\/noticias\/de-tiktok-shop-a-telemundo-flor-de-cuba-llega-a-los-sets-de-television\/#primaryimage","url":"https:\/\/cdn1.mediawpaccore.net\/wp-content\/uploads\/2025\/11\/13144311\/xxxxxccccccccddd-77.png","contentUrl":"https:\/\/cdn1.mediawpaccore.net\/wp-content\/uploads\/2025\/11\/13144311\/xxxxxccccccccddd-77.png","width":1920,"height":1080,"caption":"Fotos tomadas del perfil de Instagram de Flor de Cuba"},{"@type":"BreadcrumbList","@id":"https:\/\/www.cuballama.com\/noticias\/de-tiktok-shop-a-telemundo-flor-de-cuba-llega-a-los-sets-de-television\/#breadcrumb","itemListElement":[{"@type":"ListItem","position":1,"name":"Home","item":"https:\/\/www.cuballama.com\/noticias\/"},{"@type":"ListItem","position":2,"name":"De TikTok Shop a Telemundo: Flor de Cuba llega a los sets de televisi\u00f3n"}]},{"@type":"WebSite","@id":"https:\/\/www.cuballama.com\/noticias\/#website","url":"https:\/\/www.cuballama.com\/noticias\/","name":"Cuballama Noticias","description":"Medio digital sobre Cuba y el mundo","publisher":{"@id":"https:\/\/www.cuballama.com\/noticias\/#organization"},"potentialAction":[{"@type":"SearchAction","target":{"@type":"EntryPoint","urlTemplate":"https:\/\/www.cuballama.com\/noticias\/?s={search_term_string}"},"query-input":{"@type":"PropertyValueSpecification","valueRequired":true,"valueName":"search_term_string"}}],"inLanguage":"es"},{"@type":"Organization","@id":"https:\/\/www.cuballama.com\/noticias\/#organization","name":"Cuballama","url":"https:\/\/www.cuballama.com\/noticias\/","logo":{"@type":"ImageObject","inLanguage":"es","@id":"https:\/\/www.cuballama.com\/noticias\/#\/schema\/logo\/image\/","url":"https:\/\/cdn1.mediawpaccore.net\/wp-content\/uploads\/2021\/12\/28171206\/cbll-logo-color-sm.png","contentUrl":"https:\/\/cdn1.mediawpaccore.net\/wp-content\/uploads\/2021\/12\/28171206\/cbll-logo-color-sm.png","width":600,"height":133,"caption":"Cuballama"},"image":{"@id":"https:\/\/www.cuballama.com\/noticias\/#\/schema\/logo\/image\/"},"sameAs":["https:\/\/www.facebook.com\/CubaLlama","https:\/\/x.com\/cuballama","https:\/\/www.instagram.com\/stories\/cuballama_oficial\/","https:\/\/www.youtube.com\/channel\/UCKkFE-d_axENGZcrc4as0IA"]},{"@type":"Person","@id":"https:\/\/www.cuballama.com\/noticias\/#\/schema\/person\/5cba2b8cc25a3159e49fe730a94d512e","name":"Sof\u00eda Reyes","url":"https:\/\/www.cuballama.com\/noticias\/author\/laura\/"}]}},"_links":{"self":[{"href":"https:\/\/www.cuballama.com\/noticias\/wp-json\/wp\/v2\/posts\/225856","targetHints":{"allow":["GET"]}}],"collection":[{"href":"https:\/\/www.cuballama.com\/noticias\/wp-json\/wp\/v2\/posts"}],"about":[{"href":"https:\/\/www.cuballama.com\/noticias\/wp-json\/wp\/v2\/types\/post"}],"author":[{"embeddable":true,"href":"https:\/\/www.cuballama.com\/noticias\/wp-json\/wp\/v2\/users\/29"}],"replies":[{"embeddable":true,"href":"https:\/\/www.cuballama.com\/noticias\/wp-json\/wp\/v2\/comments?post=225856"}],"version-history":[{"count":3,"href":"https:\/\/www.cuballama.com\/noticias\/wp-json\/wp\/v2\/posts\/225856\/revisions"}],"predecessor-version":[{"id":225865,"href":"https:\/\/www.cuballama.com\/noticias\/wp-json\/wp\/v2\/posts\/225856\/revisions\/225865"}],"wp:featuredmedia":[{"embeddable":true,"href":"https:\/\/www.cuballama.com\/noticias\/wp-json\/wp\/v2\/media\/225864"}],"wp:attachment":[{"href":"https:\/\/www.cuballama.com\/noticias\/wp-json\/wp\/v2\/media?parent=225856"}],"wp:term":[{"taxonomy":"category","embeddable":true,"href":"https:\/\/www.cuballama.com\/noticias\/wp-json\/wp\/v2\/categories?post=225856"},{"taxonomy":"post_tag","embeddable":true,"href":"https:\/\/www.cuballama.com\/noticias\/wp-json\/wp\/v2\/tags?post=225856"}],"curies":[{"name":"wp","href":"https:\/\/api.w.org\/{rel}","templated":true}]}}