{"id":225716,"date":"2025-11-12T11:10:30","date_gmt":"2025-11-12T16:10:30","guid":{"rendered":"https:\/\/www.cuballama.com\/noticias\/?p=225716"},"modified":"2025-11-12T12:25:50","modified_gmt":"2025-11-12T17:25:50","slug":"el-mayor-buque-de-guerra-del-mundo-entra-al-caribe-y-maduro-eleva-alerta-militar","status":"publish","type":"post","link":"https:\/\/www.cuballama.com\/noticias\/el-mayor-buque-de-guerra-del-mundo-entra-al-caribe-y-maduro-eleva-alerta-militar\/","title":{"rendered":"El mayor buque de guerra del mundo entra al Caribe y Maduro eleva alerta militar"},"content":{"rendered":"\n<p>El mayor portaaviones del mundo se ha sumado desde este martes en el Caribe al\u00a0 despliegue\u00a0de la Armada de Estados Unidos en esta regi\u00f3n latinoamericana, dijeron funcionarios, aumentando<a href=\"https:\/\/time.com\/7326027\/trump-venezuela-land-strikes\/\" target=\"_blank\" rel=\"noreferrer noopener\">\u00a0las amenazas<\/a>\u00a0contra Venezuela por parte de la Administraci\u00f3n Trump.<\/p>\n\n\n\n<p>El portaaviones Gerald R.Ford se une a ocho buques de guerra, un submarino nuclear, aviones F-35 (con base en Puerto Rico) y unos 10.000 efectivos estadounidenses ya desplegados en la zona en meses anteriores.<\/p>\n\n\n\n<p>La meganave trae\u00a0m\u00e1s de 4.000 marineros y decenas de aeronaves t\u00e1cticas. Es la mayor presencia militar estadounidense\u00a0\u00a0desde la invasi\u00f3n de Panam\u00e1 en 1989.<\/p>\n\n\n\n<p>En Venezuela, seg\u00fan el ministro de Defensa&nbsp;Vladimir Padrino, se orden\u00f3 la movilizaci\u00f3n de medios terrestres, a\u00e9reos, navales, fluviales y misil\u00edsticos, as\u00ed como de armas, unidades militares, la Milicia Bolivariana, \u00f3rganos de seguridad ciudadana y comandos para la defensa integral, estim\u00e1ndose en unos 200.000 los movilizados.<\/p>\n\n\n\n<p>Nicol\u00e1s Maduro por su parte advirti\u00f3 que el chavismo responder\u00e1 con una&nbsp;\u201chuelga general insurreccional\u201d en caso de que Estados Unidos emprenda una acci\u00f3n militar contra su r\u00e9gimen.<\/p>\n\n\n\n<p>Washington mantiene desde agosto un despliegue naval y a\u00e9reo con el argumento de combatir el narcotr\u00e1fico, involucrando a Maduro en estas operaciones delictivas.Esta&nbsp;campa\u00f1a ha incluido&nbsp;ataques a\u00e9reos contra&nbsp;embarcaciones&nbsp;que hasta ahora han matado al menos a 76 personas en el mar&nbsp; desde septiembre.<\/p>\n\n\n\n<p>El Reino Unido tom\u00f3 la decisi\u00f3n de no compartir informaci\u00f3n de inteligencia con Estados Unidos sobre embarcaciones sospechosas de narcotr\u00e1fico al considerar que estos ataques son ilegales. Este martes Francia a trav\u00e9s de su&nbsp;&nbsp;canciller&nbsp; Jean-No\u00ebl Barrot critic\u00f3 la presencia del portaaviones USS Gerald R. Ford en aguas del Caribe y alert\u00f3 que las maniobras estadounidenses \u201cignoran las leyes internacionales\u201d.<\/p>\n\n\n\n<p>Durante a\u00f1os, el Reino Unido -que controla territorios en el Caribe, donde mantiene bases de inteligencia- ha ayudado a EE UU a localizar embarcaciones sospechosas de transportar drogas para que la Guardia Costera estadounidense pudiera interceptarlas, indicaron\u00a0fuentes a CNN.<\/p>\n\n\n\n<p>En declaraciones a medios rusos el canciller Serguei Lavrov&nbsp; asegur\u00f3 que&nbsp;Caracas no recurri\u00f3 a Mosc\u00fa en busca de ayuda militar en el contexto de la actividad estadounidense frente a las costas del pa\u00eds latinoamericano. Pero al propio tiempo Lavrov&nbsp;se\u00f1al\u00f3 que Rusia est\u00e1 lista para actuar en pleno cumplimiento de sus obligaciones en virtud del acuerdo de asociaci\u00f3n estrat\u00e9gica con Venezuela, que se encuentra en las etapas finales de ratificaci\u00f3n.<\/p>\n\n\n\n<p>\u201cQuiero llevarme bien con los dem\u00e1s pa\u00edses, si es posible. Como sabes, la gente est\u00e1 sorprendida. Recuerda que Hillary Clinton dijo que estaremos en una guerra.&nbsp;Detuve ocho guerras en los \u00faltimos nueve meses. No quiero estar en guerras. Si estoy en una guerra, vamos a ganarla r\u00e1pido y ser\u00e1 violento\u201d, subray\u00f3 Donald Trump a Fox News<\/p>\n\n\n\n<p>Trump ha negado que est\u00e9 buscando un&nbsp;cambio de r\u00e9gimen, pero ha calificado constantemente a Nicol\u00e1s Maduro como un l\u00edder ileg\u00edtimo y lo ha acusado de apoyar a los c\u00e1rteles.<\/p>\n\n\n\n<p>El Comando Sur inform\u00f3 que el portaaviones Gerald R. Ford entra ahora en su zona de responsabilidad, que incluye Am\u00e9rica Latina y el Caribe.<\/p>\n\n\n\n<p>\u201cReforzar\u00e1 la capacidad de Estados Unidos para detectar, vigilar y desarticular a los actores y actividades il\u00edcitas que comprometen la seguridad y la prosperidad del territorio estadounidense y nuestra seguridad en el hemisferio occidental\u201d, dijo el portavoz del Pent\u00e1gono, Sean Parnell.<\/p>\n\n\n\n<p><\/p>\n","protected":false},"excerpt":{"rendered":"<p>Nicol\u00e1s Maduro por su parte advirti\u00f3 que el chavismo responder\u00e1 con una\u00a0\u201chuelga general insurreccional\u201d en caso de que Estados Unidos emprenda una acci\u00f3n militar contra su r\u00e9gimen.<\/p>\n","protected":false},"author":24,"featured_media":177735,"comment_status":"open","ping_status":"closed","sticky":false,"template":"","format":"standard","meta":{"_acf_changed":false,"footnotes":""},"categories":[18,955],"tags":[26349,772,92,7957,1390,11017,7651,1030],"class_list":{"0":"post-225716","1":"post","2":"type-post","3":"status-publish","4":"format-standard","5":"has-post-thumbnail","7":"category-noticias","8":"category-noticias-de-cuba","9":"tag-buques-de-guerra","10":"tag-caribe","11":"tag-cubanos","12":"tag-guerra","13":"tag-nicolas-maduro","14":"tag-superdestacado","15":"tag-trump","16":"tag-venezuela"},"acf":[],"yoast_head":"<!-- This site is optimized with the Yoast SEO plugin v27.5 - https:\/\/yoast.com\/product\/yoast-seo-wordpress\/ -->\n<title>El mayor buque de guerra del mundo entra al Caribe y Maduro eleva alerta militar - Cuballama Noticias<\/title>\n<meta name=\"description\" content=\"Nicol\u00e1s Maduro advirti\u00f3 que el chavismo responder\u00e1 con una\u00a0\u201chuelga general insurreccional\u201d en caso de una acci\u00f3n militar\" \/>\n<meta name=\"robots\" content=\"index, follow, max-snippet:-1, max-image-preview:large, max-video-preview:-1\" \/>\n<link rel=\"canonical\" href=\"https:\/\/www.cuballama.com\/noticias\/el-mayor-buque-de-guerra-del-mundo-entra-al-caribe-y-maduro-eleva-alerta-militar\/\" \/>\n<meta property=\"og:locale\" content=\"es_ES\" \/>\n<meta property=\"og:type\" content=\"article\" \/>\n<meta property=\"og:title\" content=\"El mayor buque de guerra del mundo entra al Caribe y Maduro eleva alerta militar - Cuballama Noticias\" \/>\n<meta property=\"og:description\" content=\"Nicol\u00e1s Maduro advirti\u00f3 que el chavismo responder\u00e1 con una\u00a0\u201chuelga general insurreccional\u201d en caso de una acci\u00f3n militar\" \/>\n<meta property=\"og:url\" content=\"https:\/\/www.cuballama.com\/noticias\/el-mayor-buque-de-guerra-del-mundo-entra-al-caribe-y-maduro-eleva-alerta-militar\/\" \/>\n<meta property=\"og:site_name\" content=\"Cuballama Noticias\" \/>\n<meta property=\"article:publisher\" content=\"https:\/\/www.facebook.com\/CubaLlama\" \/>\n<meta property=\"article:published_time\" content=\"2025-11-12T16:10:30+00:00\" \/>\n<meta property=\"article:modified_time\" content=\"2025-11-12T17:25:50+00:00\" \/>\n<meta property=\"og:image\" content=\"https:\/\/cdn1.mediawpaccore.net\/wp-content\/uploads\/2024\/07\/28111948\/Nicolas_Maduro_Musica_32265542025-1.jpg\" \/>\n\t<meta property=\"og:image:width\" content=\"640\" \/>\n\t<meta property=\"og:image:height\" content=\"360\" \/>\n\t<meta property=\"og:image:type\" content=\"image\/jpeg\" \/>\n<meta name=\"author\" content=\"Manu\" \/>\n<meta name=\"twitter:card\" content=\"summary_large_image\" \/>\n<meta name=\"twitter:creator\" content=\"@cuballama\" \/>\n<meta name=\"twitter:site\" content=\"@cuballama\" \/>\n<meta name=\"twitter:label1\" content=\"Escrito por\" \/>\n\t<meta name=\"twitter:data1\" content=\"Manu\" \/>\n\t<meta name=\"twitter:label2\" content=\"Tiempo de lectura\" \/>\n\t<meta name=\"twitter:data2\" content=\"3 minutos\" \/>\n<script type=\"application\/ld+json\" class=\"yoast-schema-graph\">{\"@context\":\"https:\\\/\\\/schema.org\",\"@graph\":[{\"@type\":\"Article\",\"@id\":\"https:\\\/\\\/www.cuballama.com\\\/noticias\\\/el-mayor-buque-de-guerra-del-mundo-entra-al-caribe-y-maduro-eleva-alerta-militar\\\/#article\",\"isPartOf\":{\"@id\":\"https:\\\/\\\/www.cuballama.com\\\/noticias\\\/el-mayor-buque-de-guerra-del-mundo-entra-al-caribe-y-maduro-eleva-alerta-militar\\\/\"},\"author\":{\"name\":\"Manu\",\"@id\":\"https:\\\/\\\/www.cuballama.com\\\/noticias\\\/#\\\/schema\\\/person\\\/5889f7d070564f8386e7944d14d436cd\"},\"headline\":\"El mayor buque de guerra del mundo entra al Caribe y Maduro eleva alerta militar\",\"datePublished\":\"2025-11-12T16:10:30+00:00\",\"dateModified\":\"2025-11-12T17:25:50+00:00\",\"mainEntityOfPage\":{\"@id\":\"https:\\\/\\\/www.cuballama.com\\\/noticias\\\/el-mayor-buque-de-guerra-del-mundo-entra-al-caribe-y-maduro-eleva-alerta-militar\\\/\"},\"wordCount\":606,\"commentCount\":0,\"publisher\":{\"@id\":\"https:\\\/\\\/www.cuballama.com\\\/noticias\\\/#organization\"},\"image\":{\"@id\":\"https:\\\/\\\/www.cuballama.com\\\/noticias\\\/el-mayor-buque-de-guerra-del-mundo-entra-al-caribe-y-maduro-eleva-alerta-militar\\\/#primaryimage\"},\"thumbnailUrl\":\"https:\\\/\\\/cdn1.mediawpaccore.net\\\/wp-content\\\/uploads\\\/2024\\\/07\\\/28111948\\\/Nicolas_Maduro_Musica_32265542025-1.jpg\",\"keywords\":[\"Buques de guerra\",\"Caribe\",\"cubanos\",\"Guerra\",\"Nicolas Maduro\",\"superdestacado\",\"Trump\",\"venezuela\"],\"articleSection\":[\"Noticias\",\"Noticias de Cuba\"],\"inLanguage\":\"es\",\"potentialAction\":[{\"@type\":\"CommentAction\",\"name\":\"Comment\",\"target\":[\"https:\\\/\\\/www.cuballama.com\\\/noticias\\\/el-mayor-buque-de-guerra-del-mundo-entra-al-caribe-y-maduro-eleva-alerta-militar\\\/#respond\"]}]},{\"@type\":\"WebPage\",\"@id\":\"https:\\\/\\\/www.cuballama.com\\\/noticias\\\/el-mayor-buque-de-guerra-del-mundo-entra-al-caribe-y-maduro-eleva-alerta-militar\\\/\",\"url\":\"https:\\\/\\\/www.cuballama.com\\\/noticias\\\/el-mayor-buque-de-guerra-del-mundo-entra-al-caribe-y-maduro-eleva-alerta-militar\\\/\",\"name\":\"El mayor buque de guerra del mundo entra al Caribe y Maduro eleva alerta militar - Cuballama Noticias\",\"isPartOf\":{\"@id\":\"https:\\\/\\\/www.cuballama.com\\\/noticias\\\/#website\"},\"primaryImageOfPage\":{\"@id\":\"https:\\\/\\\/www.cuballama.com\\\/noticias\\\/el-mayor-buque-de-guerra-del-mundo-entra-al-caribe-y-maduro-eleva-alerta-militar\\\/#primaryimage\"},\"image\":{\"@id\":\"https:\\\/\\\/www.cuballama.com\\\/noticias\\\/el-mayor-buque-de-guerra-del-mundo-entra-al-caribe-y-maduro-eleva-alerta-militar\\\/#primaryimage\"},\"thumbnailUrl\":\"https:\\\/\\\/cdn1.mediawpaccore.net\\\/wp-content\\\/uploads\\\/2024\\\/07\\\/28111948\\\/Nicolas_Maduro_Musica_32265542025-1.jpg\",\"datePublished\":\"2025-11-12T16:10:30+00:00\",\"dateModified\":\"2025-11-12T17:25:50+00:00\",\"description\":\"Nicol\u00e1s Maduro advirti\u00f3 que el chavismo responder\u00e1 con una\u00a0\u201chuelga general insurreccional\u201d en caso de una acci\u00f3n militar\",\"breadcrumb\":{\"@id\":\"https:\\\/\\\/www.cuballama.com\\\/noticias\\\/el-mayor-buque-de-guerra-del-mundo-entra-al-caribe-y-maduro-eleva-alerta-militar\\\/#breadcrumb\"},\"inLanguage\":\"es\",\"potentialAction\":[{\"@type\":\"ReadAction\",\"target\":[\"https:\\\/\\\/www.cuballama.com\\\/noticias\\\/el-mayor-buque-de-guerra-del-mundo-entra-al-caribe-y-maduro-eleva-alerta-militar\\\/\"]}]},{\"@type\":\"ImageObject\",\"inLanguage\":\"es\",\"@id\":\"https:\\\/\\\/www.cuballama.com\\\/noticias\\\/el-mayor-buque-de-guerra-del-mundo-entra-al-caribe-y-maduro-eleva-alerta-militar\\\/#primaryimage\",\"url\":\"https:\\\/\\\/cdn1.mediawpaccore.net\\\/wp-content\\\/uploads\\\/2024\\\/07\\\/28111948\\\/Nicolas_Maduro_Musica_32265542025-1.jpg\",\"contentUrl\":\"https:\\\/\\\/cdn1.mediawpaccore.net\\\/wp-content\\\/uploads\\\/2024\\\/07\\\/28111948\\\/Nicolas_Maduro_Musica_32265542025-1.jpg\",\"width\":640,\"height\":360,\"caption\":\"Foto: Wikimedia Commons\"},{\"@type\":\"BreadcrumbList\",\"@id\":\"https:\\\/\\\/www.cuballama.com\\\/noticias\\\/el-mayor-buque-de-guerra-del-mundo-entra-al-caribe-y-maduro-eleva-alerta-militar\\\/#breadcrumb\",\"itemListElement\":[{\"@type\":\"ListItem\",\"position\":1,\"name\":\"Home\",\"item\":\"https:\\\/\\\/www.cuballama.com\\\/noticias\\\/\"},{\"@type\":\"ListItem\",\"position\":2,\"name\":\"El mayor buque de guerra del mundo entra al Caribe y Maduro eleva alerta militar\"}]},{\"@type\":\"WebSite\",\"@id\":\"https:\\\/\\\/www.cuballama.com\\\/noticias\\\/#website\",\"url\":\"https:\\\/\\\/www.cuballama.com\\\/noticias\\\/\",\"name\":\"Cuballama Noticias\",\"description\":\"Medio digital sobre Cuba y el mundo\",\"publisher\":{\"@id\":\"https:\\\/\\\/www.cuballama.com\\\/noticias\\\/#organization\"},\"potentialAction\":[{\"@type\":\"SearchAction\",\"target\":{\"@type\":\"EntryPoint\",\"urlTemplate\":\"https:\\\/\\\/www.cuballama.com\\\/noticias\\\/?s={search_term_string}\"},\"query-input\":{\"@type\":\"PropertyValueSpecification\",\"valueRequired\":true,\"valueName\":\"search_term_string\"}}],\"inLanguage\":\"es\"},{\"@type\":\"Organization\",\"@id\":\"https:\\\/\\\/www.cuballama.com\\\/noticias\\\/#organization\",\"name\":\"Cuballama\",\"url\":\"https:\\\/\\\/www.cuballama.com\\\/noticias\\\/\",\"logo\":{\"@type\":\"ImageObject\",\"inLanguage\":\"es\",\"@id\":\"https:\\\/\\\/www.cuballama.com\\\/noticias\\\/#\\\/schema\\\/logo\\\/image\\\/\",\"url\":\"https:\\\/\\\/cdn1.mediawpaccore.net\\\/wp-content\\\/uploads\\\/2021\\\/12\\\/28171206\\\/cbll-logo-color-sm.png\",\"contentUrl\":\"https:\\\/\\\/cdn1.mediawpaccore.net\\\/wp-content\\\/uploads\\\/2021\\\/12\\\/28171206\\\/cbll-logo-color-sm.png\",\"width\":600,\"height\":133,\"caption\":\"Cuballama\"},\"image\":{\"@id\":\"https:\\\/\\\/www.cuballama.com\\\/noticias\\\/#\\\/schema\\\/logo\\\/image\\\/\"},\"sameAs\":[\"https:\\\/\\\/www.facebook.com\\\/CubaLlama\",\"https:\\\/\\\/x.com\\\/cuballama\",\"https:\\\/\\\/www.instagram.com\\\/stories\\\/cuballama_oficial\\\/\",\"https:\\\/\\\/www.youtube.com\\\/channel\\\/UCKkFE-d_axENGZcrc4as0IA\"]},{\"@type\":\"Person\",\"@id\":\"https:\\\/\\\/www.cuballama.com\\\/noticias\\\/#\\\/schema\\\/person\\\/5889f7d070564f8386e7944d14d436cd\",\"name\":\"Manu\",\"url\":\"https:\\\/\\\/www.cuballama.com\\\/noticias\\\/author\\\/manu\\\/\"}]}<\/script>\n<!-- \/ Yoast SEO plugin. -->","yoast_head_json":{"title":"El mayor buque de guerra del mundo entra al Caribe y Maduro eleva alerta militar - Cuballama Noticias","description":"Nicol\u00e1s Maduro advirti\u00f3 que el chavismo responder\u00e1 con una\u00a0\u201chuelga general insurreccional\u201d en caso de una acci\u00f3n militar","robots":{"index":"index","follow":"follow","max-snippet":"max-snippet:-1","max-image-preview":"max-image-preview:large","max-video-preview":"max-video-preview:-1"},"canonical":"https:\/\/www.cuballama.com\/noticias\/el-mayor-buque-de-guerra-del-mundo-entra-al-caribe-y-maduro-eleva-alerta-militar\/","og_locale":"es_ES","og_type":"article","og_title":"El mayor buque de guerra del mundo entra al Caribe y Maduro eleva alerta militar - Cuballama Noticias","og_description":"Nicol\u00e1s Maduro advirti\u00f3 que el chavismo responder\u00e1 con una\u00a0\u201chuelga general insurreccional\u201d en caso de una acci\u00f3n militar","og_url":"https:\/\/www.cuballama.com\/noticias\/el-mayor-buque-de-guerra-del-mundo-entra-al-caribe-y-maduro-eleva-alerta-militar\/","og_site_name":"Cuballama Noticias","article_publisher":"https:\/\/www.facebook.com\/CubaLlama","article_published_time":"2025-11-12T16:10:30+00:00","article_modified_time":"2025-11-12T17:25:50+00:00","og_image":[{"width":640,"height":360,"url":"https:\/\/cdn1.mediawpaccore.net\/wp-content\/uploads\/2024\/07\/28111948\/Nicolas_Maduro_Musica_32265542025-1.jpg","type":"image\/jpeg"}],"author":"Manu","twitter_card":"summary_large_image","twitter_creator":"@cuballama","twitter_site":"@cuballama","twitter_misc":{"Escrito por":"Manu","Tiempo de lectura":"3 minutos"},"schema":{"@context":"https:\/\/schema.org","@graph":[{"@type":"Article","@id":"https:\/\/www.cuballama.com\/noticias\/el-mayor-buque-de-guerra-del-mundo-entra-al-caribe-y-maduro-eleva-alerta-militar\/#article","isPartOf":{"@id":"https:\/\/www.cuballama.com\/noticias\/el-mayor-buque-de-guerra-del-mundo-entra-al-caribe-y-maduro-eleva-alerta-militar\/"},"author":{"name":"Manu","@id":"https:\/\/www.cuballama.com\/noticias\/#\/schema\/person\/5889f7d070564f8386e7944d14d436cd"},"headline":"El mayor buque de guerra del mundo entra al Caribe y Maduro eleva alerta militar","datePublished":"2025-11-12T16:10:30+00:00","dateModified":"2025-11-12T17:25:50+00:00","mainEntityOfPage":{"@id":"https:\/\/www.cuballama.com\/noticias\/el-mayor-buque-de-guerra-del-mundo-entra-al-caribe-y-maduro-eleva-alerta-militar\/"},"wordCount":606,"commentCount":0,"publisher":{"@id":"https:\/\/www.cuballama.com\/noticias\/#organization"},"image":{"@id":"https:\/\/www.cuballama.com\/noticias\/el-mayor-buque-de-guerra-del-mundo-entra-al-caribe-y-maduro-eleva-alerta-militar\/#primaryimage"},"thumbnailUrl":"https:\/\/cdn1.mediawpaccore.net\/wp-content\/uploads\/2024\/07\/28111948\/Nicolas_Maduro_Musica_32265542025-1.jpg","keywords":["Buques de guerra","Caribe","cubanos","Guerra","Nicolas Maduro","superdestacado","Trump","venezuela"],"articleSection":["Noticias","Noticias de Cuba"],"inLanguage":"es","potentialAction":[{"@type":"CommentAction","name":"Comment","target":["https:\/\/www.cuballama.com\/noticias\/el-mayor-buque-de-guerra-del-mundo-entra-al-caribe-y-maduro-eleva-alerta-militar\/#respond"]}]},{"@type":"WebPage","@id":"https:\/\/www.cuballama.com\/noticias\/el-mayor-buque-de-guerra-del-mundo-entra-al-caribe-y-maduro-eleva-alerta-militar\/","url":"https:\/\/www.cuballama.com\/noticias\/el-mayor-buque-de-guerra-del-mundo-entra-al-caribe-y-maduro-eleva-alerta-militar\/","name":"El mayor buque de guerra del mundo entra al Caribe y Maduro eleva alerta militar - Cuballama Noticias","isPartOf":{"@id":"https:\/\/www.cuballama.com\/noticias\/#website"},"primaryImageOfPage":{"@id":"https:\/\/www.cuballama.com\/noticias\/el-mayor-buque-de-guerra-del-mundo-entra-al-caribe-y-maduro-eleva-alerta-militar\/#primaryimage"},"image":{"@id":"https:\/\/www.cuballama.com\/noticias\/el-mayor-buque-de-guerra-del-mundo-entra-al-caribe-y-maduro-eleva-alerta-militar\/#primaryimage"},"thumbnailUrl":"https:\/\/cdn1.mediawpaccore.net\/wp-content\/uploads\/2024\/07\/28111948\/Nicolas_Maduro_Musica_32265542025-1.jpg","datePublished":"2025-11-12T16:10:30+00:00","dateModified":"2025-11-12T17:25:50+00:00","description":"Nicol\u00e1s Maduro advirti\u00f3 que el chavismo responder\u00e1 con una\u00a0\u201chuelga general insurreccional\u201d en caso de una acci\u00f3n militar","breadcrumb":{"@id":"https:\/\/www.cuballama.com\/noticias\/el-mayor-buque-de-guerra-del-mundo-entra-al-caribe-y-maduro-eleva-alerta-militar\/#breadcrumb"},"inLanguage":"es","potentialAction":[{"@type":"ReadAction","target":["https:\/\/www.cuballama.com\/noticias\/el-mayor-buque-de-guerra-del-mundo-entra-al-caribe-y-maduro-eleva-alerta-militar\/"]}]},{"@type":"ImageObject","inLanguage":"es","@id":"https:\/\/www.cuballama.com\/noticias\/el-mayor-buque-de-guerra-del-mundo-entra-al-caribe-y-maduro-eleva-alerta-militar\/#primaryimage","url":"https:\/\/cdn1.mediawpaccore.net\/wp-content\/uploads\/2024\/07\/28111948\/Nicolas_Maduro_Musica_32265542025-1.jpg","contentUrl":"https:\/\/cdn1.mediawpaccore.net\/wp-content\/uploads\/2024\/07\/28111948\/Nicolas_Maduro_Musica_32265542025-1.jpg","width":640,"height":360,"caption":"Foto: Wikimedia Commons"},{"@type":"BreadcrumbList","@id":"https:\/\/www.cuballama.com\/noticias\/el-mayor-buque-de-guerra-del-mundo-entra-al-caribe-y-maduro-eleva-alerta-militar\/#breadcrumb","itemListElement":[{"@type":"ListItem","position":1,"name":"Home","item":"https:\/\/www.cuballama.com\/noticias\/"},{"@type":"ListItem","position":2,"name":"El mayor buque de guerra del mundo entra al Caribe y Maduro eleva alerta militar"}]},{"@type":"WebSite","@id":"https:\/\/www.cuballama.com\/noticias\/#website","url":"https:\/\/www.cuballama.com\/noticias\/","name":"Cuballama Noticias","description":"Medio digital sobre Cuba y el mundo","publisher":{"@id":"https:\/\/www.cuballama.com\/noticias\/#organization"},"potentialAction":[{"@type":"SearchAction","target":{"@type":"EntryPoint","urlTemplate":"https:\/\/www.cuballama.com\/noticias\/?s={search_term_string}"},"query-input":{"@type":"PropertyValueSpecification","valueRequired":true,"valueName":"search_term_string"}}],"inLanguage":"es"},{"@type":"Organization","@id":"https:\/\/www.cuballama.com\/noticias\/#organization","name":"Cuballama","url":"https:\/\/www.cuballama.com\/noticias\/","logo":{"@type":"ImageObject","inLanguage":"es","@id":"https:\/\/www.cuballama.com\/noticias\/#\/schema\/logo\/image\/","url":"https:\/\/cdn1.mediawpaccore.net\/wp-content\/uploads\/2021\/12\/28171206\/cbll-logo-color-sm.png","contentUrl":"https:\/\/cdn1.mediawpaccore.net\/wp-content\/uploads\/2021\/12\/28171206\/cbll-logo-color-sm.png","width":600,"height":133,"caption":"Cuballama"},"image":{"@id":"https:\/\/www.cuballama.com\/noticias\/#\/schema\/logo\/image\/"},"sameAs":["https:\/\/www.facebook.com\/CubaLlama","https:\/\/x.com\/cuballama","https:\/\/www.instagram.com\/stories\/cuballama_oficial\/","https:\/\/www.youtube.com\/channel\/UCKkFE-d_axENGZcrc4as0IA"]},{"@type":"Person","@id":"https:\/\/www.cuballama.com\/noticias\/#\/schema\/person\/5889f7d070564f8386e7944d14d436cd","name":"Manu","url":"https:\/\/www.cuballama.com\/noticias\/author\/manu\/"}]}},"_links":{"self":[{"href":"https:\/\/www.cuballama.com\/noticias\/wp-json\/wp\/v2\/posts\/225716","targetHints":{"allow":["GET"]}}],"collection":[{"href":"https:\/\/www.cuballama.com\/noticias\/wp-json\/wp\/v2\/posts"}],"about":[{"href":"https:\/\/www.cuballama.com\/noticias\/wp-json\/wp\/v2\/types\/post"}],"author":[{"embeddable":true,"href":"https:\/\/www.cuballama.com\/noticias\/wp-json\/wp\/v2\/users\/24"}],"replies":[{"embeddable":true,"href":"https:\/\/www.cuballama.com\/noticias\/wp-json\/wp\/v2\/comments?post=225716"}],"version-history":[{"count":2,"href":"https:\/\/www.cuballama.com\/noticias\/wp-json\/wp\/v2\/posts\/225716\/revisions"}],"predecessor-version":[{"id":225719,"href":"https:\/\/www.cuballama.com\/noticias\/wp-json\/wp\/v2\/posts\/225716\/revisions\/225719"}],"wp:featuredmedia":[{"embeddable":true,"href":"https:\/\/www.cuballama.com\/noticias\/wp-json\/wp\/v2\/media\/177735"}],"wp:attachment":[{"href":"https:\/\/www.cuballama.com\/noticias\/wp-json\/wp\/v2\/media?parent=225716"}],"wp:term":[{"taxonomy":"category","embeddable":true,"href":"https:\/\/www.cuballama.com\/noticias\/wp-json\/wp\/v2\/categories?post=225716"},{"taxonomy":"post_tag","embeddable":true,"href":"https:\/\/www.cuballama.com\/noticias\/wp-json\/wp\/v2\/tags?post=225716"}],"curies":[{"name":"wp","href":"https:\/\/api.w.org\/{rel}","templated":true}]}}