{"id":225703,"date":"2025-11-12T09:34:40","date_gmt":"2025-11-12T14:34:40","guid":{"rendered":"https:\/\/www.cuballama.com\/noticias\/?p=225703"},"modified":"2025-11-12T09:34:43","modified_gmt":"2025-11-12T14:34:43","slug":"ultrack-responde-a-la-polemica-dejo-el-activismo-porque-claudia-tiene-carta-de-deportacion","status":"publish","type":"post","link":"https:\/\/www.cuballama.com\/noticias\/ultrack-responde-a-la-polemica-dejo-el-activismo-porque-claudia-tiene-carta-de-deportacion\/","title":{"rendered":"Ultrack responde a la pol\u00e9mica: \u00bfdej\u00f3 el activismo porque Claudia tiene carta de deportaci\u00f3n?"},"content":{"rendered":"\n<p>La reciente confesi\u00f3n de Claudia Artiles en un directo de TikTok, donde mencion\u00f3 haber recibido una carta de deportaci\u00f3n, encendi\u00f3 las alarmas entre sus seguidores y provoc\u00f3 una oleada de rumores sobre su situaci\u00f3n migratoria en Estados Unidos. Sin embargo, su pareja, el influencer cubano Jorge Batista, conocido como Ultrack, sali\u00f3 al paso para desmentir las especulaciones y aclarar lo ocurrido.<\/p>\n\n\n\n<p>En un nuevo video publicado en sus redes sociales, Ultrack asegur\u00f3 que hubo un malentendido. Seg\u00fan explic\u00f3, hace alg\u00fan tiempo Claudia lleg\u00f3 tarde a una cita con inmigraci\u00f3n y esa demora gener\u00f3 la emisi\u00f3n de una carta de deportaci\u00f3n. No obstante, el mismo d\u00eda logr\u00f3 hablar con un oficial y explicarle que acababa de dar a luz a su hijo, Marlon. Tras la conversaci\u00f3n, el funcionario le retir\u00f3 el documento y le otorg\u00f3 un parole por un a\u00f1o.<\/p>\n\n\n\n<p>Gracias a ese permiso, a\u00f1adi\u00f3 Ultrack, Artiles pudo tramitar sus documentos legales en el pa\u00eds, entre ellos el n\u00famero de Seguro Social, la identificaci\u00f3n y el permiso de trabajo. Hoy, seg\u00fan el influencer, su pareja est\u00e1 a la espera de recibir la residencia permanente bajo la Ley de Ajuste Cubano. \u201cNo tiene carta de deportaci\u00f3n\u201d, afirm\u00f3, cerrando as\u00ed la puerta a los rumores que circularon en TikTok y otras plataformas.<\/p>\n\n\n\n<figure class=\"wp-block-embed is-type-video is-provider-tiktok wp-block-embed-tiktok\"><div class=\"wp-block-embed__wrapper\">\n<blockquote class=\"tiktok-embed\" cite=\"https:\/\/www.tiktok.com\/@ultrackplay\/video\/7571562518636727607\" data-video-id=\"7571562518636727607\" data-embed-from=\"oembed\" style=\"max-width:605px; min-width:325px;\"> <section> <a target=\"_blank\" title=\"@ultrackplay\" href=\"https:\/\/www.tiktok.com\/@ultrackplay?refer=embed\">@ultrackplay<\/a> <p>A @claudiaartilesa \u2764\ufe0f\u200d\ud83d\udd25 la van a deportar <\/p> <a target=\"_blank\" title=\"\u266c sonido original - \ud83e\udee1UltrackPlay\" href=\"https:\/\/www.tiktok.com\/music\/sonido-original-7571562564375694093?refer=embed\">\u266c sonido original &#8211; \ud83e\udee1UltrackPlay<\/a> <\/section> <\/blockquote> <script async src=\"https:\/\/www.tiktok.com\/embed.js\"><\/script>\n<\/div><\/figure>\n\n\n\n<p>La pol\u00e9mica no se qued\u00f3 ah\u00ed. El creador tambi\u00e9n aprovech\u00f3 el video para responder a quienes lo acusan de haber dejado de lado el activismo pol\u00edtico, por lo cual se dio a conocer en sus inicios, debido a las posibles complicaciones migratorias de su pareja. En su declaraci\u00f3n, dej\u00f3 claro que sus convicciones permanecen intactas y que su postura frente al gobierno cubano no ha cambiado con el tiempo ni con las circunstancias.<\/p>\n\n\n\n<p>\u201cMis principios contra el comunismo no son negociables. Ni por una mujer, ni por mi familia en Cuba, ni por mi hijo. Soy anticomunista, pero no voy a pertenecer a un circo\u201d, sentenci\u00f3.<\/p>\n\n\n\n<p><strong>Lea m\u00e1s: <a href=\"https:\/\/www.cuballama.com\/noticias\/amanda-no-permitira-que-sus-hijas-se-queden-con-ultrack-te-dije-que-no-se-iban-mas-contigo\/\" target=\"_blank\" rel=\"noreferrer noopener\">Amanda no permitir\u00e1 que sus hijas se queden con Ultrack: \u201cTe dije que no se iban m\u00e1s contigo\u201d<\/a><\/strong><\/p>\n\n\n\n<p>Su mensaje dividi\u00f3 opiniones entre los seguidores. Mientras algunos celebraron su claridad y lo apoyaron por defender sus ideales sin ceder a la presi\u00f3n, otros criticaron la falta de prudencia de Claudia al exponer p\u00fablicamente temas tan delicados.<\/p>\n\n\n\n<p>A pesar del ruido medi\u00e1tico, la pareja contin\u00faa compartiendo su d\u00eda a d\u00eda desde Miami, donde muestran su vida familiar, sus proyectos y el crecimiento de Marlon. Ultrack cerr\u00f3 su declaraci\u00f3n con un mensaje de prop\u00f3sito: \u201cYo demostr\u00e9 que, hablando o no hablando de la dictadura, vivo, porque soy un creador de contenido\u201d.<\/p>\n\n\n\n<figure class=\"wp-block-embed is-type-video is-provider-tiktok wp-block-embed-tiktok\"><div class=\"wp-block-embed__wrapper\">\n<blockquote class=\"tiktok-embed\" cite=\"https:\/\/www.tiktok.com\/@ultracktv\/video\/7571574921365622071\" data-video-id=\"7571574921365622071\" data-embed-from=\"oembed\" style=\"max-width:605px; min-width:325px;\"> <section> <a target=\"_blank\" title=\"@ultracktv\" href=\"https:\/\/www.tiktok.com\/@ultracktv?refer=embed\">@ultracktv<\/a> <p>@claudiaartilesa \u2764\ufe0f\u200d\ud83d\udd25 un amor verdadero <\/p> <a target=\"_blank\" title=\"\u266c sonido original - Billboard AR\" href=\"https:\/\/www.tiktok.com\/music\/sonido-original-7569398153607203602?refer=embed\">\u266c sonido original &#8211; Billboard AR<\/a> <\/section> <\/blockquote> <script async src=\"https:\/\/www.tiktok.com\/embed.js\"><\/script>\n<\/div><\/figure>\n\n\n\n<p>Con esa frase, el influencer marc\u00f3 distancia del esc\u00e1ndalo y reafirm\u00f3 que su trabajo seguir\u00e1 siendo su principal foco. Para sus seguidores, el episodio dej\u00f3 una lecci\u00f3n sobre los l\u00edmites entre la vida p\u00fablica y los asuntos personales, y sobre c\u00f3mo, en tiempos de redes, una frase malinterpretada puede convertirse en una tormenta digital.<\/p>\n","protected":false},"excerpt":{"rendered":"<p>En un nuevo video publicado en sus redes sociales, Ultrack asegur\u00f3 que hubo un malentendido<\/p>\n","protected":false},"author":27,"featured_media":225706,"comment_status":"open","ping_status":"closed","sticky":false,"template":"","format":"standard","meta":{"_acf_changed":false,"footnotes":""},"categories":[443],"tags":[23580,11050,26589,10296,17763],"class_list":{"0":"post-225703","1":"post","2":"type-post","3":"status-publish","4":"format-standard","5":"has-post-thumbnail","7":"category-farandula","8":"tag-claudia-artiles","9":"tag-cubanos-en-miami","10":"tag-deportacion-de-cubanos","11":"tag-influencer-cubano","12":"tag-ultrack"},"acf":[],"yoast_head":"<!-- This site is optimized with the Yoast SEO plugin v27.4 - https:\/\/yoast.com\/product\/yoast-seo-wordpress\/ -->\n<title>Ultrack responde a la pol\u00e9mica: \u00bfdej\u00f3 el activismo porque Claudia tiene carta de deportaci\u00f3n? - Cuballama Noticias<\/title>\n<meta name=\"description\" content=\"El influencer cubano Jorge Batista, conocido como Ultrack, sali\u00f3 al paso para desmentir las especulaciones y aclarar lo ocurrido.\" \/>\n<meta name=\"robots\" content=\"index, follow, max-snippet:-1, max-image-preview:large, max-video-preview:-1\" \/>\n<link rel=\"canonical\" href=\"https:\/\/www.cuballama.com\/noticias\/ultrack-responde-a-la-polemica-dejo-el-activismo-porque-claudia-tiene-carta-de-deportacion\/\" \/>\n<meta property=\"og:locale\" content=\"es_ES\" \/>\n<meta property=\"og:type\" content=\"article\" \/>\n<meta property=\"og:title\" content=\"Ultrack responde a la pol\u00e9mica: \u00bfdej\u00f3 el activismo porque Claudia tiene carta de deportaci\u00f3n? - Cuballama Noticias\" \/>\n<meta property=\"og:description\" content=\"El influencer cubano Jorge Batista, conocido como Ultrack, sali\u00f3 al paso para desmentir las especulaciones y aclarar lo ocurrido.\" \/>\n<meta property=\"og:url\" content=\"https:\/\/www.cuballama.com\/noticias\/ultrack-responde-a-la-polemica-dejo-el-activismo-porque-claudia-tiene-carta-de-deportacion\/\" \/>\n<meta property=\"og:site_name\" content=\"Cuballama Noticias\" \/>\n<meta property=\"article:publisher\" content=\"https:\/\/www.facebook.com\/CubaLlama\" \/>\n<meta property=\"article:published_time\" content=\"2025-11-12T14:34:40+00:00\" \/>\n<meta property=\"article:modified_time\" content=\"2025-11-12T14:34:43+00:00\" \/>\n<meta property=\"og:image\" content=\"https:\/\/cdn1.mediawpaccore.net\/wp-content\/uploads\/2025\/11\/12093254\/Captura-de-pantalla-2025-11-12-a-las-15.32.35-1024x721.png\" \/>\n\t<meta property=\"og:image:width\" content=\"1024\" \/>\n\t<meta property=\"og:image:height\" content=\"721\" \/>\n\t<meta property=\"og:image:type\" content=\"image\/png\" \/>\n<meta name=\"author\" content=\"Rafa\" \/>\n<meta name=\"twitter:card\" content=\"summary_large_image\" \/>\n<meta name=\"twitter:creator\" content=\"@cuballama\" \/>\n<meta name=\"twitter:site\" content=\"@cuballama\" \/>\n<meta name=\"twitter:label1\" content=\"Escrito por\" \/>\n\t<meta name=\"twitter:data1\" content=\"Rafa\" \/>\n\t<meta name=\"twitter:label2\" content=\"Tiempo de lectura\" \/>\n\t<meta name=\"twitter:data2\" content=\"3 minutos\" \/>\n<script type=\"application\/ld+json\" class=\"yoast-schema-graph\">{\"@context\":\"https:\\\/\\\/schema.org\",\"@graph\":[{\"@type\":\"Article\",\"@id\":\"https:\\\/\\\/www.cuballama.com\\\/noticias\\\/ultrack-responde-a-la-polemica-dejo-el-activismo-porque-claudia-tiene-carta-de-deportacion\\\/#article\",\"isPartOf\":{\"@id\":\"https:\\\/\\\/www.cuballama.com\\\/noticias\\\/ultrack-responde-a-la-polemica-dejo-el-activismo-porque-claudia-tiene-carta-de-deportacion\\\/\"},\"author\":{\"name\":\"Rafa\",\"@id\":\"https:\\\/\\\/www.cuballama.com\\\/noticias\\\/#\\\/schema\\\/person\\\/0f97914526a658755f00e59ec2a832f2\"},\"headline\":\"Ultrack responde a la pol\u00e9mica: \u00bfdej\u00f3 el activismo porque Claudia tiene carta de deportaci\u00f3n?\",\"datePublished\":\"2025-11-12T14:34:40+00:00\",\"dateModified\":\"2025-11-12T14:34:43+00:00\",\"mainEntityOfPage\":{\"@id\":\"https:\\\/\\\/www.cuballama.com\\\/noticias\\\/ultrack-responde-a-la-polemica-dejo-el-activismo-porque-claudia-tiene-carta-de-deportacion\\\/\"},\"wordCount\":544,\"commentCount\":0,\"publisher\":{\"@id\":\"https:\\\/\\\/www.cuballama.com\\\/noticias\\\/#organization\"},\"image\":{\"@id\":\"https:\\\/\\\/www.cuballama.com\\\/noticias\\\/ultrack-responde-a-la-polemica-dejo-el-activismo-porque-claudia-tiene-carta-de-deportacion\\\/#primaryimage\"},\"thumbnailUrl\":\"https:\\\/\\\/cdn1.mediawpaccore.net\\\/wp-content\\\/uploads\\\/2025\\\/11\\\/12093254\\\/Captura-de-pantalla-2025-11-12-a-las-15.32.35.png\",\"keywords\":[\"Claudia Artiles\",\"cubanos en Miami\",\"deportaci\u00f3n de cubanos\",\"influencer cubano\",\"Ultrack\"],\"articleSection\":[\"Far\u00e1ndula\"],\"inLanguage\":\"es\",\"potentialAction\":[{\"@type\":\"CommentAction\",\"name\":\"Comment\",\"target\":[\"https:\\\/\\\/www.cuballama.com\\\/noticias\\\/ultrack-responde-a-la-polemica-dejo-el-activismo-porque-claudia-tiene-carta-de-deportacion\\\/#respond\"]}]},{\"@type\":\"WebPage\",\"@id\":\"https:\\\/\\\/www.cuballama.com\\\/noticias\\\/ultrack-responde-a-la-polemica-dejo-el-activismo-porque-claudia-tiene-carta-de-deportacion\\\/\",\"url\":\"https:\\\/\\\/www.cuballama.com\\\/noticias\\\/ultrack-responde-a-la-polemica-dejo-el-activismo-porque-claudia-tiene-carta-de-deportacion\\\/\",\"name\":\"Ultrack responde a la pol\u00e9mica: \u00bfdej\u00f3 el activismo porque Claudia tiene carta de deportaci\u00f3n? - Cuballama Noticias\",\"isPartOf\":{\"@id\":\"https:\\\/\\\/www.cuballama.com\\\/noticias\\\/#website\"},\"primaryImageOfPage\":{\"@id\":\"https:\\\/\\\/www.cuballama.com\\\/noticias\\\/ultrack-responde-a-la-polemica-dejo-el-activismo-porque-claudia-tiene-carta-de-deportacion\\\/#primaryimage\"},\"image\":{\"@id\":\"https:\\\/\\\/www.cuballama.com\\\/noticias\\\/ultrack-responde-a-la-polemica-dejo-el-activismo-porque-claudia-tiene-carta-de-deportacion\\\/#primaryimage\"},\"thumbnailUrl\":\"https:\\\/\\\/cdn1.mediawpaccore.net\\\/wp-content\\\/uploads\\\/2025\\\/11\\\/12093254\\\/Captura-de-pantalla-2025-11-12-a-las-15.32.35.png\",\"datePublished\":\"2025-11-12T14:34:40+00:00\",\"dateModified\":\"2025-11-12T14:34:43+00:00\",\"description\":\"El influencer cubano Jorge Batista, conocido como Ultrack, sali\u00f3 al paso para desmentir las especulaciones y aclarar lo ocurrido.\",\"breadcrumb\":{\"@id\":\"https:\\\/\\\/www.cuballama.com\\\/noticias\\\/ultrack-responde-a-la-polemica-dejo-el-activismo-porque-claudia-tiene-carta-de-deportacion\\\/#breadcrumb\"},\"inLanguage\":\"es\",\"potentialAction\":[{\"@type\":\"ReadAction\",\"target\":[\"https:\\\/\\\/www.cuballama.com\\\/noticias\\\/ultrack-responde-a-la-polemica-dejo-el-activismo-porque-claudia-tiene-carta-de-deportacion\\\/\"]}]},{\"@type\":\"ImageObject\",\"inLanguage\":\"es\",\"@id\":\"https:\\\/\\\/www.cuballama.com\\\/noticias\\\/ultrack-responde-a-la-polemica-dejo-el-activismo-porque-claudia-tiene-carta-de-deportacion\\\/#primaryimage\",\"url\":\"https:\\\/\\\/cdn1.mediawpaccore.net\\\/wp-content\\\/uploads\\\/2025\\\/11\\\/12093254\\\/Captura-de-pantalla-2025-11-12-a-las-15.32.35.png\",\"contentUrl\":\"https:\\\/\\\/cdn1.mediawpaccore.net\\\/wp-content\\\/uploads\\\/2025\\\/11\\\/12093254\\\/Captura-de-pantalla-2025-11-12-a-las-15.32.35.png\",\"width\":1364,\"height\":960,\"caption\":\"Foto: Claudia Artiles\\\/Instagram\"},{\"@type\":\"BreadcrumbList\",\"@id\":\"https:\\\/\\\/www.cuballama.com\\\/noticias\\\/ultrack-responde-a-la-polemica-dejo-el-activismo-porque-claudia-tiene-carta-de-deportacion\\\/#breadcrumb\",\"itemListElement\":[{\"@type\":\"ListItem\",\"position\":1,\"name\":\"Home\",\"item\":\"https:\\\/\\\/www.cuballama.com\\\/noticias\\\/\"},{\"@type\":\"ListItem\",\"position\":2,\"name\":\"Ultrack responde a la pol\u00e9mica: \u00bfdej\u00f3 el activismo porque Claudia tiene carta de deportaci\u00f3n?\"}]},{\"@type\":\"WebSite\",\"@id\":\"https:\\\/\\\/www.cuballama.com\\\/noticias\\\/#website\",\"url\":\"https:\\\/\\\/www.cuballama.com\\\/noticias\\\/\",\"name\":\"Cuballama Noticias\",\"description\":\"Medio digital sobre Cuba y el mundo\",\"publisher\":{\"@id\":\"https:\\\/\\\/www.cuballama.com\\\/noticias\\\/#organization\"},\"potentialAction\":[{\"@type\":\"SearchAction\",\"target\":{\"@type\":\"EntryPoint\",\"urlTemplate\":\"https:\\\/\\\/www.cuballama.com\\\/noticias\\\/?s={search_term_string}\"},\"query-input\":{\"@type\":\"PropertyValueSpecification\",\"valueRequired\":true,\"valueName\":\"search_term_string\"}}],\"inLanguage\":\"es\"},{\"@type\":\"Organization\",\"@id\":\"https:\\\/\\\/www.cuballama.com\\\/noticias\\\/#organization\",\"name\":\"Cuballama\",\"url\":\"https:\\\/\\\/www.cuballama.com\\\/noticias\\\/\",\"logo\":{\"@type\":\"ImageObject\",\"inLanguage\":\"es\",\"@id\":\"https:\\\/\\\/www.cuballama.com\\\/noticias\\\/#\\\/schema\\\/logo\\\/image\\\/\",\"url\":\"https:\\\/\\\/cdn1.mediawpaccore.net\\\/wp-content\\\/uploads\\\/2021\\\/12\\\/28171206\\\/cbll-logo-color-sm.png\",\"contentUrl\":\"https:\\\/\\\/cdn1.mediawpaccore.net\\\/wp-content\\\/uploads\\\/2021\\\/12\\\/28171206\\\/cbll-logo-color-sm.png\",\"width\":600,\"height\":133,\"caption\":\"Cuballama\"},\"image\":{\"@id\":\"https:\\\/\\\/www.cuballama.com\\\/noticias\\\/#\\\/schema\\\/logo\\\/image\\\/\"},\"sameAs\":[\"https:\\\/\\\/www.facebook.com\\\/CubaLlama\",\"https:\\\/\\\/x.com\\\/cuballama\",\"https:\\\/\\\/www.instagram.com\\\/stories\\\/cuballama_oficial\\\/\",\"https:\\\/\\\/www.youtube.com\\\/channel\\\/UCKkFE-d_axENGZcrc4as0IA\"]},{\"@type\":\"Person\",\"@id\":\"https:\\\/\\\/www.cuballama.com\\\/noticias\\\/#\\\/schema\\\/person\\\/0f97914526a658755f00e59ec2a832f2\",\"name\":\"Rafa\",\"url\":\"https:\\\/\\\/www.cuballama.com\\\/noticias\\\/author\\\/rafa\\\/\"}]}<\/script>\n<!-- \/ Yoast SEO plugin. -->","yoast_head_json":{"title":"Ultrack responde a la pol\u00e9mica: \u00bfdej\u00f3 el activismo porque Claudia tiene carta de deportaci\u00f3n? - Cuballama Noticias","description":"El influencer cubano Jorge Batista, conocido como Ultrack, sali\u00f3 al paso para desmentir las especulaciones y aclarar lo ocurrido.","robots":{"index":"index","follow":"follow","max-snippet":"max-snippet:-1","max-image-preview":"max-image-preview:large","max-video-preview":"max-video-preview:-1"},"canonical":"https:\/\/www.cuballama.com\/noticias\/ultrack-responde-a-la-polemica-dejo-el-activismo-porque-claudia-tiene-carta-de-deportacion\/","og_locale":"es_ES","og_type":"article","og_title":"Ultrack responde a la pol\u00e9mica: \u00bfdej\u00f3 el activismo porque Claudia tiene carta de deportaci\u00f3n? - Cuballama Noticias","og_description":"El influencer cubano Jorge Batista, conocido como Ultrack, sali\u00f3 al paso para desmentir las especulaciones y aclarar lo ocurrido.","og_url":"https:\/\/www.cuballama.com\/noticias\/ultrack-responde-a-la-polemica-dejo-el-activismo-porque-claudia-tiene-carta-de-deportacion\/","og_site_name":"Cuballama Noticias","article_publisher":"https:\/\/www.facebook.com\/CubaLlama","article_published_time":"2025-11-12T14:34:40+00:00","article_modified_time":"2025-11-12T14:34:43+00:00","og_image":[{"width":1024,"height":721,"url":"https:\/\/cdn1.mediawpaccore.net\/wp-content\/uploads\/2025\/11\/12093254\/Captura-de-pantalla-2025-11-12-a-las-15.32.35-1024x721.png","type":"image\/png"}],"author":"Rafa","twitter_card":"summary_large_image","twitter_creator":"@cuballama","twitter_site":"@cuballama","twitter_misc":{"Escrito por":"Rafa","Tiempo de lectura":"3 minutos"},"schema":{"@context":"https:\/\/schema.org","@graph":[{"@type":"Article","@id":"https:\/\/www.cuballama.com\/noticias\/ultrack-responde-a-la-polemica-dejo-el-activismo-porque-claudia-tiene-carta-de-deportacion\/#article","isPartOf":{"@id":"https:\/\/www.cuballama.com\/noticias\/ultrack-responde-a-la-polemica-dejo-el-activismo-porque-claudia-tiene-carta-de-deportacion\/"},"author":{"name":"Rafa","@id":"https:\/\/www.cuballama.com\/noticias\/#\/schema\/person\/0f97914526a658755f00e59ec2a832f2"},"headline":"Ultrack responde a la pol\u00e9mica: \u00bfdej\u00f3 el activismo porque Claudia tiene carta de deportaci\u00f3n?","datePublished":"2025-11-12T14:34:40+00:00","dateModified":"2025-11-12T14:34:43+00:00","mainEntityOfPage":{"@id":"https:\/\/www.cuballama.com\/noticias\/ultrack-responde-a-la-polemica-dejo-el-activismo-porque-claudia-tiene-carta-de-deportacion\/"},"wordCount":544,"commentCount":0,"publisher":{"@id":"https:\/\/www.cuballama.com\/noticias\/#organization"},"image":{"@id":"https:\/\/www.cuballama.com\/noticias\/ultrack-responde-a-la-polemica-dejo-el-activismo-porque-claudia-tiene-carta-de-deportacion\/#primaryimage"},"thumbnailUrl":"https:\/\/cdn1.mediawpaccore.net\/wp-content\/uploads\/2025\/11\/12093254\/Captura-de-pantalla-2025-11-12-a-las-15.32.35.png","keywords":["Claudia Artiles","cubanos en Miami","deportaci\u00f3n de cubanos","influencer cubano","Ultrack"],"articleSection":["Far\u00e1ndula"],"inLanguage":"es","potentialAction":[{"@type":"CommentAction","name":"Comment","target":["https:\/\/www.cuballama.com\/noticias\/ultrack-responde-a-la-polemica-dejo-el-activismo-porque-claudia-tiene-carta-de-deportacion\/#respond"]}]},{"@type":"WebPage","@id":"https:\/\/www.cuballama.com\/noticias\/ultrack-responde-a-la-polemica-dejo-el-activismo-porque-claudia-tiene-carta-de-deportacion\/","url":"https:\/\/www.cuballama.com\/noticias\/ultrack-responde-a-la-polemica-dejo-el-activismo-porque-claudia-tiene-carta-de-deportacion\/","name":"Ultrack responde a la pol\u00e9mica: \u00bfdej\u00f3 el activismo porque Claudia tiene carta de deportaci\u00f3n? - Cuballama Noticias","isPartOf":{"@id":"https:\/\/www.cuballama.com\/noticias\/#website"},"primaryImageOfPage":{"@id":"https:\/\/www.cuballama.com\/noticias\/ultrack-responde-a-la-polemica-dejo-el-activismo-porque-claudia-tiene-carta-de-deportacion\/#primaryimage"},"image":{"@id":"https:\/\/www.cuballama.com\/noticias\/ultrack-responde-a-la-polemica-dejo-el-activismo-porque-claudia-tiene-carta-de-deportacion\/#primaryimage"},"thumbnailUrl":"https:\/\/cdn1.mediawpaccore.net\/wp-content\/uploads\/2025\/11\/12093254\/Captura-de-pantalla-2025-11-12-a-las-15.32.35.png","datePublished":"2025-11-12T14:34:40+00:00","dateModified":"2025-11-12T14:34:43+00:00","description":"El influencer cubano Jorge Batista, conocido como Ultrack, sali\u00f3 al paso para desmentir las especulaciones y aclarar lo ocurrido.","breadcrumb":{"@id":"https:\/\/www.cuballama.com\/noticias\/ultrack-responde-a-la-polemica-dejo-el-activismo-porque-claudia-tiene-carta-de-deportacion\/#breadcrumb"},"inLanguage":"es","potentialAction":[{"@type":"ReadAction","target":["https:\/\/www.cuballama.com\/noticias\/ultrack-responde-a-la-polemica-dejo-el-activismo-porque-claudia-tiene-carta-de-deportacion\/"]}]},{"@type":"ImageObject","inLanguage":"es","@id":"https:\/\/www.cuballama.com\/noticias\/ultrack-responde-a-la-polemica-dejo-el-activismo-porque-claudia-tiene-carta-de-deportacion\/#primaryimage","url":"https:\/\/cdn1.mediawpaccore.net\/wp-content\/uploads\/2025\/11\/12093254\/Captura-de-pantalla-2025-11-12-a-las-15.32.35.png","contentUrl":"https:\/\/cdn1.mediawpaccore.net\/wp-content\/uploads\/2025\/11\/12093254\/Captura-de-pantalla-2025-11-12-a-las-15.32.35.png","width":1364,"height":960,"caption":"Foto: Claudia Artiles\/Instagram"},{"@type":"BreadcrumbList","@id":"https:\/\/www.cuballama.com\/noticias\/ultrack-responde-a-la-polemica-dejo-el-activismo-porque-claudia-tiene-carta-de-deportacion\/#breadcrumb","itemListElement":[{"@type":"ListItem","position":1,"name":"Home","item":"https:\/\/www.cuballama.com\/noticias\/"},{"@type":"ListItem","position":2,"name":"Ultrack responde a la pol\u00e9mica: \u00bfdej\u00f3 el activismo porque Claudia tiene carta de deportaci\u00f3n?"}]},{"@type":"WebSite","@id":"https:\/\/www.cuballama.com\/noticias\/#website","url":"https:\/\/www.cuballama.com\/noticias\/","name":"Cuballama Noticias","description":"Medio digital sobre Cuba y el mundo","publisher":{"@id":"https:\/\/www.cuballama.com\/noticias\/#organization"},"potentialAction":[{"@type":"SearchAction","target":{"@type":"EntryPoint","urlTemplate":"https:\/\/www.cuballama.com\/noticias\/?s={search_term_string}"},"query-input":{"@type":"PropertyValueSpecification","valueRequired":true,"valueName":"search_term_string"}}],"inLanguage":"es"},{"@type":"Organization","@id":"https:\/\/www.cuballama.com\/noticias\/#organization","name":"Cuballama","url":"https:\/\/www.cuballama.com\/noticias\/","logo":{"@type":"ImageObject","inLanguage":"es","@id":"https:\/\/www.cuballama.com\/noticias\/#\/schema\/logo\/image\/","url":"https:\/\/cdn1.mediawpaccore.net\/wp-content\/uploads\/2021\/12\/28171206\/cbll-logo-color-sm.png","contentUrl":"https:\/\/cdn1.mediawpaccore.net\/wp-content\/uploads\/2021\/12\/28171206\/cbll-logo-color-sm.png","width":600,"height":133,"caption":"Cuballama"},"image":{"@id":"https:\/\/www.cuballama.com\/noticias\/#\/schema\/logo\/image\/"},"sameAs":["https:\/\/www.facebook.com\/CubaLlama","https:\/\/x.com\/cuballama","https:\/\/www.instagram.com\/stories\/cuballama_oficial\/","https:\/\/www.youtube.com\/channel\/UCKkFE-d_axENGZcrc4as0IA"]},{"@type":"Person","@id":"https:\/\/www.cuballama.com\/noticias\/#\/schema\/person\/0f97914526a658755f00e59ec2a832f2","name":"Rafa","url":"https:\/\/www.cuballama.com\/noticias\/author\/rafa\/"}]}},"_links":{"self":[{"href":"https:\/\/www.cuballama.com\/noticias\/wp-json\/wp\/v2\/posts\/225703","targetHints":{"allow":["GET"]}}],"collection":[{"href":"https:\/\/www.cuballama.com\/noticias\/wp-json\/wp\/v2\/posts"}],"about":[{"href":"https:\/\/www.cuballama.com\/noticias\/wp-json\/wp\/v2\/types\/post"}],"author":[{"embeddable":true,"href":"https:\/\/www.cuballama.com\/noticias\/wp-json\/wp\/v2\/users\/27"}],"replies":[{"embeddable":true,"href":"https:\/\/www.cuballama.com\/noticias\/wp-json\/wp\/v2\/comments?post=225703"}],"version-history":[{"count":1,"href":"https:\/\/www.cuballama.com\/noticias\/wp-json\/wp\/v2\/posts\/225703\/revisions"}],"predecessor-version":[{"id":225707,"href":"https:\/\/www.cuballama.com\/noticias\/wp-json\/wp\/v2\/posts\/225703\/revisions\/225707"}],"wp:featuredmedia":[{"embeddable":true,"href":"https:\/\/www.cuballama.com\/noticias\/wp-json\/wp\/v2\/media\/225706"}],"wp:attachment":[{"href":"https:\/\/www.cuballama.com\/noticias\/wp-json\/wp\/v2\/media?parent=225703"}],"wp:term":[{"taxonomy":"category","embeddable":true,"href":"https:\/\/www.cuballama.com\/noticias\/wp-json\/wp\/v2\/categories?post=225703"},{"taxonomy":"post_tag","embeddable":true,"href":"https:\/\/www.cuballama.com\/noticias\/wp-json\/wp\/v2\/tags?post=225703"}],"curies":[{"name":"wp","href":"https:\/\/api.w.org\/{rel}","templated":true}]}}