{"id":225692,"date":"2025-11-12T15:08:31","date_gmt":"2025-11-12T20:08:31","guid":{"rendered":"https:\/\/www.cuballama.com\/noticias\/?p=225692"},"modified":"2025-11-12T15:08:33","modified_gmt":"2025-11-12T20:08:33","slug":"detenciones-y-deportaciones-cuatro-historias-cubanas-en-la-cuerda-floja-migratoria-o-una-que-no-pero-hace-ruido","status":"publish","type":"post","link":"https:\/\/www.cuballama.com\/noticias\/detenciones-y-deportaciones-cuatro-historias-cubanas-en-la-cuerda-floja-migratoria-o-una-que-no-pero-hace-ruido\/","title":{"rendered":"Detenciones y deportaciones: cuatro historias cubanas en la cuerda floja migratoria. O una que no, pero hace ruido"},"content":{"rendered":"\n<p>En cuesti\u00f3n de horas, cuatro historias separadas dibujaron un mismo paisaje: un sistema migratorio estadounidense en modo endurecido, una comunidad cubana que navega entre el miedo y la desinformaci\u00f3n, y una conversaci\u00f3n p\u00fablica que ya no distingue bien entre rumor, proceso legal y castigo. <\/p>\n\n\n\n<p>La primera pieza del rompecabezas lleg\u00f3 desde Miami, con el desmentido de Ultrack: el influencer aclar\u00f3 que su pareja, la creadora de contenido Claudia Artiles, no tiene una orden de deportaci\u00f3n activa. <\/p>\n\n\n\n<p>Lo que estall\u00f3 como \u201ccarta de deportaci\u00f3n\u201d en un directo de TikTok fue, seg\u00fan \u00e9l, un malentendido tras llegar tarde a una cita de inmigraci\u00f3n justo despu\u00e9s de dar a luz. Un oficial, asegura, retir\u00f3 el documento y le otorg\u00f3 un parole de un a\u00f1o que le permiti\u00f3 gestionar Seguro Social, identificaci\u00f3n estatal y permiso de trabajo, mientras espera la residencia por la Ley de Ajuste Cubano. <\/p>\n\n\n\n<p>El matiz es clave: entre un vivo y otro, las redes aman los titulares rotundos, pero los expedientes migratorios se mueven, casi siempre, en zonas grises.<\/p>\n\n\n\n<blockquote class=\"tiktok-embed\" cite=\"https:\/\/www.tiktok.com\/@ultrackplay\/video\/7571562518636727607\" data-video-id=\"7571562518636727607\" style=\"max-width: 605px;min-width: 325px;\" > <section> <a target=\"_blank\" title=\"@ultrackplay\" href=\"https:\/\/www.tiktok.com\/@ultrackplay?refer=embed\">@ultrackplay<\/a> A @claudiaartilesa \u2764\ufe0f\u200d\ud83d\udd25 <a target=\"_blank\" title=\"\u266c sonido original - \ud83e\udee1UltrackPlay\" href=\"https:\/\/www.tiktok.com\/music\/sonido-original-7571562564375694093?refer=embed\">\u266c sonido original &#8211; \ud83e\udee1UltrackPlay<\/a> <\/section> <\/blockquote> <script async src=\"https:\/\/www.tiktok.com\/embed.js\"><\/script>\n\n\n\n<p>La segunda historia es el reverso brutal de ese matiz. <\/p>\n\n\n\n<p>F\u00e9lix Arrebato Blanco, marielito de 1980 con residencia permanente, est\u00e1 detenido en el centro de Alligator Alcatraz, en los Everglades, a la espera de ser expulsado por un historial penal pesado, que incluye abuso sexual de menores, porte oculto de armas y no registrarse como delincuente sexual. <a href=\"https:\/\/x.com\/ICEgov\/status\/1988064195749781984\" target=\"_blank\" rel=\"noreferrer noopener\">ICE lo exhibe como \u201clo peor de lo peor\u201d,<\/a> categor\u00eda con la que la agencia justifica una depuraci\u00f3n acelerada de extranjeros con condenas graves. <\/p>\n\n\n\n<figure class=\"wp-block-embed is-type-rich is-provider-twitter wp-block-embed-twitter\"><div class=\"wp-block-embed__wrapper\">\n<blockquote class=\"twitter-tweet\" data-width=\"550\" data-dnt=\"true\"><p lang=\"en\" dir=\"ltr\">Felix Arrebato-Blanco has convictions for CHILD SEXUAL ASSAULT, CONCEALED CARRY, and FAILURE TO REGISTER AS A SEX OFFENDER.<br><br>He was welcomed into the U.S. in 1980, during a mass migration of Cuban dissidents fleeing communist Cuba and Fidel Castro\u2019s authoritarian control. During\u2026 <a href=\"https:\/\/t.co\/D8val271Pz\">pic.twitter.com\/D8val271Pz<\/a><\/p>&mdash; U.S. Immigration and Customs Enforcement (@ICEgov) <a href=\"https:\/\/twitter.com\/ICEgov\/status\/1988064195749781984?ref_src=twsrc%5Etfw\">November 11, 2025<\/a><\/blockquote><script async src=\"https:\/\/platform.twitter.com\/widgets.js\" charset=\"utf-8\"><\/script>\n<\/div><\/figure>\n\n\n\n<p>La paradoja es doble: un refugiado acogido hace 45 a\u00f1os bajo un paraguas humanitario que hoy, tras m\u00faltiples delitos, se convierte para el sistema en una amenaza prioritaria; y un pa\u00eds de origen, Cuba, que reh\u00fasa recepciones en casos as\u00ed, empujando a Washington a deportaciones hacia terceros pa\u00edses o a detenciones prolongadas.<\/p>\n\n\n\n<p>La tercera pieza complica a\u00fan m\u00e1s el cuadro: Yuniel Abreu Campos, trabajador sin r\u00e9cord criminal y con residencia en tr\u00e1mite bajo Ajuste Cubano, fue deportado el 6 de noviembre en el vuelo m\u00e1s numeroso del a\u00f1o hacia La Habana. <\/p>\n\n\n\n<figure class=\"wp-block-embed is-type-rich is-provider-twitter wp-block-embed-twitter\"><div class=\"wp-block-embed__wrapper\">\n<blockquote class=\"twitter-tweet\" data-width=\"550\" data-dnt=\"true\"><p lang=\"es\" dir=\"ltr\">ICE deporta a cubano sin r\u00e9cord criminal y con residencia por ley de ajuste en tr\u00e1mite<a href=\"https:\/\/t.co\/tRvr1NUFre\">https:\/\/t.co\/tRvr1NUFre<\/a><\/p>&mdash; Univision 23 Miami (@Univision23) <a href=\"https:\/\/twitter.com\/Univision23\/status\/1988338712942412185?ref_src=twsrc%5Etfw\">November 11, 2025<\/a><\/blockquote><script async src=\"https:\/\/platform.twitter.com\/widgets.js\" charset=\"utf-8\"><\/script>\n<\/div><\/figure>\n\n\n\n<p>Seg\u00fan se\u00f1ala <em><a href=\"https:\/\/www.univision.com\/local\/miami-wltv\/ice-deporta-cubano-yuniel-abreu-sin-record-criminal-residencia-por-ley-ajuste-en-tramite\" target=\"_blank\" rel=\"noreferrer noopener nofollow\">Univisi\u00f3n23<\/a><\/em>, Yuniel ten\u00eda un parole, apelaciones vigentes y una solicitud de residencia. Su abogada sostiene que una apelaci\u00f3n activa deb\u00eda frenar autom\u00e1ticamente la expulsi\u00f3n; \u00e9l asegura que no le permitieron defenderse y que el debido proceso se quebr\u00f3 entre traslados y audiencias que nunca ocurrieron. <\/p>\n\n\n\n<p>En Estados Unidos quedaron su pareja y los hijos de ella, con una empresa de construcci\u00f3n reci\u00e9n creada y la vida patas arriba. El caso abre la grieta que m\u00e1s duele a la comunidad: cuando la maquinaria acelera, la diferencia entre un criminal peligroso y un solicitante cumplidor puede diluirse en un margen administrativo, y ese margen decide el destino de una familia. \u00a1Y no es la primera vez que sucede con la actual administraci\u00f3n!<\/p>\n\n\n\n<p>La cuarta historia es coral y se cuenta desde Syracuse, Nueva York. Alcibiades L\u00e1zaro Ram\u00edrez Gonz\u00e1lez y Yannier V\u00e1zquez Hidalgo, reci\u00e9n casados, fueron arrestados durante una cita rutinaria con migraci\u00f3n y enviados al centro de Batavia, a la espera de audiencias. <\/p>\n\n\n\n<figure class=\"wp-block-embed is-type-rich is-provider-twitter wp-block-embed-twitter\"><div class=\"wp-block-embed__wrapper\">\n<blockquote class=\"twitter-tweet\" data-width=\"550\" data-dnt=\"true\"><p lang=\"en\" dir=\"ltr\">Alex and Yan are missing: Syracuse nurses, friends and politicians protest after ICE detains Central NY couple <a href=\"https:\/\/t.co\/UNnxqKiwO9\">https:\/\/t.co\/UNnxqKiwO9<\/a><\/p>&mdash; syracuse.com (@syracusedotcom) <a href=\"https:\/\/twitter.com\/syracusedotcom\/status\/1988064181170364519?ref_src=twsrc%5Etfw\">November 11, 2025<\/a><\/blockquote><script async src=\"https:\/\/platform.twitter.com\/widgets.js\" charset=\"utf-8\"><\/script>\n<\/div><\/figure>\n\n\n\n<p>Como bien indicamos ya en una nota anterior, no hay prontuarios ni antecedentes que se conozcan; s\u00ed hay sindicatos, compa\u00f1eros de trabajo y vecinos movilizados, cartas de apoyo, camisetas con lemas y una protesta frente al edificio federal. Cada d\u00eda crece m\u00e1s el apoyo hacia ellos y es muy probable que la deportaci\u00f3n sea frenada.<\/p>\n\n\n\n<p><strong>noticia relacionada: <a href=\"https:\/\/www.cuballama.com\/noticias\/pareja-gay-detenida-por-ice-enfrenta-una-pesadilla-pudieran-ser-retornados-a-cuba-video\/\">Pareja gay detenida por ICE enfrenta una pesadilla: pudieran ser retornados a Cuba (+ video)<\/a><\/strong><\/p>\n\n\n\n<iframe loading=\"lazy\" width=\"750\" height=\"422\" src=\"https:\/\/www.youtube.com\/embed\/cghJPo93ers\" title=\"Colleague of couple detained by ICE calls for their safe return\" frameborder=\"0\" allow=\"accelerometer; autoplay; clipboard-write; encrypted-media; gyroscope; picture-in-picture; web-share\" referrerpolicy=\"strict-origin-when-cross-origin\" allowfullscreen><\/iframe>\n\n\n\n<p>La frase que repiten \u2014\u201csobrevivir no es ilegal\u201d\u2014 intenta introducir humanidad en un sistema que opera con c\u00f3digos binarios: admisible o removible. La pareja, dicen quienes los defienden, huy\u00f3 de la persecuci\u00f3n y la homofobia; su regreso a Cuba los pondr\u00eda en riesgo. El caso funciona como bar\u00f3metro del momento: cuando la norma se aplica sin v\u00e1lvulas compasivas, la comunidad fabrica sus propias v\u00e1lvulas en la calle.<\/p>\n\n\n\n<p>Queda una conclusi\u00f3n inc\u00f3moda para todos. Para los creadores con audiencia, la responsabilidad de no convertir un formulario en un drama existencial de una sola pieza. Para ICE, la exigencia de distinguir con rigor: no es lo mismo retirar del pa\u00eds a un violador que a un solicitante sin antecedentes con apelaci\u00f3n abierta. Para la comunidad, la tarea de sostener a quienes caen en los agujeros del sistema sin regalarle al rumor el lugar que corresponde al expediente. Y para el lector, un recordatorio simple: detr\u00e1s de cada titular migratorio hay un archivo, un juez, una firma\u2026 y una vida suspendida.<\/p>\n\n\n\n<p><\/p>\n","protected":false},"excerpt":{"rendered":"<p>Queda una conclusi\u00f3n inc\u00f3moda para todos. Para los creadores con audiencia, la responsabilidad de no convertir un formulario en un drama existencial de una sola pieza. Para ICE, la exigencia de distinguir con rigor: no es lo mismo retirar del pa\u00eds a un violador que a un solicitante sin antecedentes con apelaci\u00f3n abierta. Para la comunidad, la tarea de sostener a quienes caen en los agujeros del sistema sin regalarle al rumor el lugar que corresponde al expediente. Y para el lector, un recordatorio simple: detr\u00e1s de cada titular migratorio hay un archivo, un juez, una firma\u2026 y una vida suspendida.<\/p>\n","protected":false},"author":13,"featured_media":212272,"comment_status":"open","ping_status":"closed","sticky":false,"template":"","format":"standard","meta":{"_acf_changed":false,"footnotes":""},"categories":[18,953],"tags":[24897,29116,23580,1850,691,4824,29118,602,2978,110,5027,96,29117,17763],"class_list":{"0":"post-225692","1":"post","2":"type-post","3":"status-publish","4":"format-standard","5":"has-post-thumbnail","7":"category-noticias","8":"category-usa","9":"tag-alligator-alcatraz","10":"tag-batavia","11":"tag-claudia-artiles","12":"tag-comunidad-cubana","13":"tag-deportaciones","14":"tag-detenciones","15":"tag-due-process","16":"tag-estados-unidos","17":"tag-ice","18":"tag-ley-de-ajuste-cubano","19":"tag-mariel","20":"tag-migracion","21":"tag-syracuse","22":"tag-ultrack"},"acf":[],"yoast_head":"<!-- This site is optimized with the Yoast SEO plugin v27.5 - https:\/\/yoast.com\/product\/yoast-seo-wordpress\/ -->\n<title>Detenciones y deportaciones: cuatro historias cubanas en la cuerda floja migratoria. O una que no, pero hace ruido - Cuballama Noticias<\/title>\n<meta name=\"description\" content=\"Cubanos a punto de sufrir deportaciones. Una historia que compila otras cuatro historias de noticias recientes sobre el tema y manejo de ICE\" \/>\n<meta name=\"robots\" content=\"index, follow, max-snippet:-1, max-image-preview:large, max-video-preview:-1\" \/>\n<link rel=\"canonical\" href=\"https:\/\/www.cuballama.com\/noticias\/detenciones-y-deportaciones-cuatro-historias-cubanas-en-la-cuerda-floja-migratoria-o-una-que-no-pero-hace-ruido\/\" \/>\n<meta property=\"og:locale\" content=\"es_ES\" \/>\n<meta property=\"og:type\" content=\"article\" \/>\n<meta property=\"og:title\" content=\"Detenciones y deportaciones: cuatro historias cubanas en la cuerda floja migratoria. O una que no, pero hace ruido - Cuballama Noticias\" \/>\n<meta property=\"og:description\" content=\"Cubanos a punto de sufrir deportaciones. Una historia que compila otras cuatro historias de noticias recientes sobre el tema y manejo de ICE\" \/>\n<meta property=\"og:url\" content=\"https:\/\/www.cuballama.com\/noticias\/detenciones-y-deportaciones-cuatro-historias-cubanas-en-la-cuerda-floja-migratoria-o-una-que-no-pero-hace-ruido\/\" \/>\n<meta property=\"og:site_name\" content=\"Cuballama Noticias\" \/>\n<meta property=\"article:publisher\" content=\"https:\/\/www.facebook.com\/CubaLlama\" \/>\n<meta property=\"article:published_time\" content=\"2025-11-12T20:08:31+00:00\" \/>\n<meta property=\"article:modified_time\" content=\"2025-11-12T20:08:33+00:00\" \/>\n<meta property=\"og:image\" content=\"https:\/\/cdn1.mediawpaccore.net\/wp-content\/uploads\/2025\/07\/04052105\/Gu8cNzPXIAEbZlC.jpg\" \/>\n\t<meta property=\"og:image:width\" content=\"1600\" \/>\n\t<meta property=\"og:image:height\" content=\"1067\" \/>\n\t<meta property=\"og:image:type\" content=\"image\/jpeg\" \/>\n<meta name=\"author\" content=\"Roberto A.\" \/>\n<meta name=\"twitter:card\" content=\"summary_large_image\" \/>\n<meta name=\"twitter:creator\" content=\"@cuballama\" \/>\n<meta name=\"twitter:site\" content=\"@cuballama\" \/>\n<meta name=\"twitter:label1\" content=\"Escrito por\" \/>\n\t<meta name=\"twitter:data1\" content=\"Roberto A.\" \/>\n\t<meta name=\"twitter:label2\" content=\"Tiempo de lectura\" \/>\n\t<meta name=\"twitter:data2\" content=\"4 minutos\" \/>\n<script type=\"application\/ld+json\" class=\"yoast-schema-graph\">{\"@context\":\"https:\\\/\\\/schema.org\",\"@graph\":[{\"@type\":\"Article\",\"@id\":\"https:\\\/\\\/www.cuballama.com\\\/noticias\\\/detenciones-y-deportaciones-cuatro-historias-cubanas-en-la-cuerda-floja-migratoria-o-una-que-no-pero-hace-ruido\\\/#article\",\"isPartOf\":{\"@id\":\"https:\\\/\\\/www.cuballama.com\\\/noticias\\\/detenciones-y-deportaciones-cuatro-historias-cubanas-en-la-cuerda-floja-migratoria-o-una-que-no-pero-hace-ruido\\\/\"},\"author\":{\"name\":\"Roberto A.\",\"@id\":\"https:\\\/\\\/www.cuballama.com\\\/noticias\\\/#\\\/schema\\\/person\\\/a58502ed4146c8e9f83872e897c76cd2\"},\"headline\":\"Detenciones y deportaciones: cuatro historias cubanas en la cuerda floja migratoria. O una que no, pero hace ruido\",\"datePublished\":\"2025-11-12T20:08:31+00:00\",\"dateModified\":\"2025-11-12T20:08:33+00:00\",\"mainEntityOfPage\":{\"@id\":\"https:\\\/\\\/www.cuballama.com\\\/noticias\\\/detenciones-y-deportaciones-cuatro-historias-cubanas-en-la-cuerda-floja-migratoria-o-una-que-no-pero-hace-ruido\\\/\"},\"wordCount\":838,\"commentCount\":0,\"publisher\":{\"@id\":\"https:\\\/\\\/www.cuballama.com\\\/noticias\\\/#organization\"},\"image\":{\"@id\":\"https:\\\/\\\/www.cuballama.com\\\/noticias\\\/detenciones-y-deportaciones-cuatro-historias-cubanas-en-la-cuerda-floja-migratoria-o-una-que-no-pero-hace-ruido\\\/#primaryimage\"},\"thumbnailUrl\":\"https:\\\/\\\/cdn1.mediawpaccore.net\\\/wp-content\\\/uploads\\\/2025\\\/07\\\/04052105\\\/Gu8cNzPXIAEbZlC.jpg\",\"keywords\":[\"Alligator Alcatraz\",\"Batavia\",\"Claudia Artiles\",\"comunidad cubana\",\"Deportaciones\",\"Detenciones\",\"due process\",\"Estados Unidos\",\"ICE\",\"ley de ajuste cubano\",\"Mariel\",\"migraci\u00f3n\",\"Syracuse\",\"Ultrack\"],\"articleSection\":[\"Noticias\",\"USA\"],\"inLanguage\":\"es\",\"potentialAction\":[{\"@type\":\"CommentAction\",\"name\":\"Comment\",\"target\":[\"https:\\\/\\\/www.cuballama.com\\\/noticias\\\/detenciones-y-deportaciones-cuatro-historias-cubanas-en-la-cuerda-floja-migratoria-o-una-que-no-pero-hace-ruido\\\/#respond\"]}]},{\"@type\":\"WebPage\",\"@id\":\"https:\\\/\\\/www.cuballama.com\\\/noticias\\\/detenciones-y-deportaciones-cuatro-historias-cubanas-en-la-cuerda-floja-migratoria-o-una-que-no-pero-hace-ruido\\\/\",\"url\":\"https:\\\/\\\/www.cuballama.com\\\/noticias\\\/detenciones-y-deportaciones-cuatro-historias-cubanas-en-la-cuerda-floja-migratoria-o-una-que-no-pero-hace-ruido\\\/\",\"name\":\"Detenciones y deportaciones: cuatro historias cubanas en la cuerda floja migratoria. O una que no, pero hace ruido - Cuballama Noticias\",\"isPartOf\":{\"@id\":\"https:\\\/\\\/www.cuballama.com\\\/noticias\\\/#website\"},\"primaryImageOfPage\":{\"@id\":\"https:\\\/\\\/www.cuballama.com\\\/noticias\\\/detenciones-y-deportaciones-cuatro-historias-cubanas-en-la-cuerda-floja-migratoria-o-una-que-no-pero-hace-ruido\\\/#primaryimage\"},\"image\":{\"@id\":\"https:\\\/\\\/www.cuballama.com\\\/noticias\\\/detenciones-y-deportaciones-cuatro-historias-cubanas-en-la-cuerda-floja-migratoria-o-una-que-no-pero-hace-ruido\\\/#primaryimage\"},\"thumbnailUrl\":\"https:\\\/\\\/cdn1.mediawpaccore.net\\\/wp-content\\\/uploads\\\/2025\\\/07\\\/04052105\\\/Gu8cNzPXIAEbZlC.jpg\",\"datePublished\":\"2025-11-12T20:08:31+00:00\",\"dateModified\":\"2025-11-12T20:08:33+00:00\",\"description\":\"Cubanos a punto de sufrir deportaciones. Una historia que compila otras cuatro historias de noticias recientes sobre el tema y manejo de ICE\",\"breadcrumb\":{\"@id\":\"https:\\\/\\\/www.cuballama.com\\\/noticias\\\/detenciones-y-deportaciones-cuatro-historias-cubanas-en-la-cuerda-floja-migratoria-o-una-que-no-pero-hace-ruido\\\/#breadcrumb\"},\"inLanguage\":\"es\",\"potentialAction\":[{\"@type\":\"ReadAction\",\"target\":[\"https:\\\/\\\/www.cuballama.com\\\/noticias\\\/detenciones-y-deportaciones-cuatro-historias-cubanas-en-la-cuerda-floja-migratoria-o-una-que-no-pero-hace-ruido\\\/\"]}]},{\"@type\":\"ImageObject\",\"inLanguage\":\"es\",\"@id\":\"https:\\\/\\\/www.cuballama.com\\\/noticias\\\/detenciones-y-deportaciones-cuatro-historias-cubanas-en-la-cuerda-floja-migratoria-o-una-que-no-pero-hace-ruido\\\/#primaryimage\",\"url\":\"https:\\\/\\\/cdn1.mediawpaccore.net\\\/wp-content\\\/uploads\\\/2025\\\/07\\\/04052105\\\/Gu8cNzPXIAEbZlC.jpg\",\"contentUrl\":\"https:\\\/\\\/cdn1.mediawpaccore.net\\\/wp-content\\\/uploads\\\/2025\\\/07\\\/04052105\\\/Gu8cNzPXIAEbZlC.jpg\",\"width\":1600,\"height\":1067,\"caption\":\"Foto tomada de perfil de X de la Divisi\u00f3n de Manejo de Emergencias de Florida\"},{\"@type\":\"BreadcrumbList\",\"@id\":\"https:\\\/\\\/www.cuballama.com\\\/noticias\\\/detenciones-y-deportaciones-cuatro-historias-cubanas-en-la-cuerda-floja-migratoria-o-una-que-no-pero-hace-ruido\\\/#breadcrumb\",\"itemListElement\":[{\"@type\":\"ListItem\",\"position\":1,\"name\":\"Home\",\"item\":\"https:\\\/\\\/www.cuballama.com\\\/noticias\\\/\"},{\"@type\":\"ListItem\",\"position\":2,\"name\":\"Detenciones y deportaciones: cuatro historias cubanas en la cuerda floja migratoria. O una que no, pero hace ruido\"}]},{\"@type\":\"WebSite\",\"@id\":\"https:\\\/\\\/www.cuballama.com\\\/noticias\\\/#website\",\"url\":\"https:\\\/\\\/www.cuballama.com\\\/noticias\\\/\",\"name\":\"Cuballama Noticias\",\"description\":\"Medio digital sobre Cuba y el mundo\",\"publisher\":{\"@id\":\"https:\\\/\\\/www.cuballama.com\\\/noticias\\\/#organization\"},\"potentialAction\":[{\"@type\":\"SearchAction\",\"target\":{\"@type\":\"EntryPoint\",\"urlTemplate\":\"https:\\\/\\\/www.cuballama.com\\\/noticias\\\/?s={search_term_string}\"},\"query-input\":{\"@type\":\"PropertyValueSpecification\",\"valueRequired\":true,\"valueName\":\"search_term_string\"}}],\"inLanguage\":\"es\"},{\"@type\":\"Organization\",\"@id\":\"https:\\\/\\\/www.cuballama.com\\\/noticias\\\/#organization\",\"name\":\"Cuballama\",\"url\":\"https:\\\/\\\/www.cuballama.com\\\/noticias\\\/\",\"logo\":{\"@type\":\"ImageObject\",\"inLanguage\":\"es\",\"@id\":\"https:\\\/\\\/www.cuballama.com\\\/noticias\\\/#\\\/schema\\\/logo\\\/image\\\/\",\"url\":\"https:\\\/\\\/cdn1.mediawpaccore.net\\\/wp-content\\\/uploads\\\/2021\\\/12\\\/28171206\\\/cbll-logo-color-sm.png\",\"contentUrl\":\"https:\\\/\\\/cdn1.mediawpaccore.net\\\/wp-content\\\/uploads\\\/2021\\\/12\\\/28171206\\\/cbll-logo-color-sm.png\",\"width\":600,\"height\":133,\"caption\":\"Cuballama\"},\"image\":{\"@id\":\"https:\\\/\\\/www.cuballama.com\\\/noticias\\\/#\\\/schema\\\/logo\\\/image\\\/\"},\"sameAs\":[\"https:\\\/\\\/www.facebook.com\\\/CubaLlama\",\"https:\\\/\\\/x.com\\\/cuballama\",\"https:\\\/\\\/www.instagram.com\\\/stories\\\/cuballama_oficial\\\/\",\"https:\\\/\\\/www.youtube.com\\\/channel\\\/UCKkFE-d_axENGZcrc4as0IA\"]},{\"@type\":\"Person\",\"@id\":\"https:\\\/\\\/www.cuballama.com\\\/noticias\\\/#\\\/schema\\\/person\\\/a58502ed4146c8e9f83872e897c76cd2\",\"name\":\"Roberto A.\",\"description\":\"Roberto A. Periodista por decisi\u00f3n propia. Interesado en cualquier tema que me apasione y cada vez m\u00e1s comprometido con la verdad y la objetividad period\u00edstica. Graduado en La Habana hace ya muchos a\u00f1os, luego de una accidentada y polvorienta b\u00fasqueda de informaci\u00f3n sobre un tema in\u00e9dito. La Tesis, por cierto, desapareci\u00f3 de la biblioteca y no se conservan copias de la misma.\",\"url\":\"https:\\\/\\\/www.cuballama.com\\\/noticias\\\/author\\\/roberto\\\/\"}]}<\/script>\n<!-- \/ Yoast SEO plugin. -->","yoast_head_json":{"title":"Detenciones y deportaciones: cuatro historias cubanas en la cuerda floja migratoria. O una que no, pero hace ruido - Cuballama Noticias","description":"Cubanos a punto de sufrir deportaciones. Una historia que compila otras cuatro historias de noticias recientes sobre el tema y manejo de ICE","robots":{"index":"index","follow":"follow","max-snippet":"max-snippet:-1","max-image-preview":"max-image-preview:large","max-video-preview":"max-video-preview:-1"},"canonical":"https:\/\/www.cuballama.com\/noticias\/detenciones-y-deportaciones-cuatro-historias-cubanas-en-la-cuerda-floja-migratoria-o-una-que-no-pero-hace-ruido\/","og_locale":"es_ES","og_type":"article","og_title":"Detenciones y deportaciones: cuatro historias cubanas en la cuerda floja migratoria. O una que no, pero hace ruido - Cuballama Noticias","og_description":"Cubanos a punto de sufrir deportaciones. Una historia que compila otras cuatro historias de noticias recientes sobre el tema y manejo de ICE","og_url":"https:\/\/www.cuballama.com\/noticias\/detenciones-y-deportaciones-cuatro-historias-cubanas-en-la-cuerda-floja-migratoria-o-una-que-no-pero-hace-ruido\/","og_site_name":"Cuballama Noticias","article_publisher":"https:\/\/www.facebook.com\/CubaLlama","article_published_time":"2025-11-12T20:08:31+00:00","article_modified_time":"2025-11-12T20:08:33+00:00","og_image":[{"width":1600,"height":1067,"url":"https:\/\/cdn1.mediawpaccore.net\/wp-content\/uploads\/2025\/07\/04052105\/Gu8cNzPXIAEbZlC.jpg","type":"image\/jpeg"}],"author":"Roberto A.","twitter_card":"summary_large_image","twitter_creator":"@cuballama","twitter_site":"@cuballama","twitter_misc":{"Escrito por":"Roberto A.","Tiempo de lectura":"4 minutos"},"schema":{"@context":"https:\/\/schema.org","@graph":[{"@type":"Article","@id":"https:\/\/www.cuballama.com\/noticias\/detenciones-y-deportaciones-cuatro-historias-cubanas-en-la-cuerda-floja-migratoria-o-una-que-no-pero-hace-ruido\/#article","isPartOf":{"@id":"https:\/\/www.cuballama.com\/noticias\/detenciones-y-deportaciones-cuatro-historias-cubanas-en-la-cuerda-floja-migratoria-o-una-que-no-pero-hace-ruido\/"},"author":{"name":"Roberto A.","@id":"https:\/\/www.cuballama.com\/noticias\/#\/schema\/person\/a58502ed4146c8e9f83872e897c76cd2"},"headline":"Detenciones y deportaciones: cuatro historias cubanas en la cuerda floja migratoria. O una que no, pero hace ruido","datePublished":"2025-11-12T20:08:31+00:00","dateModified":"2025-11-12T20:08:33+00:00","mainEntityOfPage":{"@id":"https:\/\/www.cuballama.com\/noticias\/detenciones-y-deportaciones-cuatro-historias-cubanas-en-la-cuerda-floja-migratoria-o-una-que-no-pero-hace-ruido\/"},"wordCount":838,"commentCount":0,"publisher":{"@id":"https:\/\/www.cuballama.com\/noticias\/#organization"},"image":{"@id":"https:\/\/www.cuballama.com\/noticias\/detenciones-y-deportaciones-cuatro-historias-cubanas-en-la-cuerda-floja-migratoria-o-una-que-no-pero-hace-ruido\/#primaryimage"},"thumbnailUrl":"https:\/\/cdn1.mediawpaccore.net\/wp-content\/uploads\/2025\/07\/04052105\/Gu8cNzPXIAEbZlC.jpg","keywords":["Alligator Alcatraz","Batavia","Claudia Artiles","comunidad cubana","Deportaciones","Detenciones","due process","Estados Unidos","ICE","ley de ajuste cubano","Mariel","migraci\u00f3n","Syracuse","Ultrack"],"articleSection":["Noticias","USA"],"inLanguage":"es","potentialAction":[{"@type":"CommentAction","name":"Comment","target":["https:\/\/www.cuballama.com\/noticias\/detenciones-y-deportaciones-cuatro-historias-cubanas-en-la-cuerda-floja-migratoria-o-una-que-no-pero-hace-ruido\/#respond"]}]},{"@type":"WebPage","@id":"https:\/\/www.cuballama.com\/noticias\/detenciones-y-deportaciones-cuatro-historias-cubanas-en-la-cuerda-floja-migratoria-o-una-que-no-pero-hace-ruido\/","url":"https:\/\/www.cuballama.com\/noticias\/detenciones-y-deportaciones-cuatro-historias-cubanas-en-la-cuerda-floja-migratoria-o-una-que-no-pero-hace-ruido\/","name":"Detenciones y deportaciones: cuatro historias cubanas en la cuerda floja migratoria. O una que no, pero hace ruido - Cuballama Noticias","isPartOf":{"@id":"https:\/\/www.cuballama.com\/noticias\/#website"},"primaryImageOfPage":{"@id":"https:\/\/www.cuballama.com\/noticias\/detenciones-y-deportaciones-cuatro-historias-cubanas-en-la-cuerda-floja-migratoria-o-una-que-no-pero-hace-ruido\/#primaryimage"},"image":{"@id":"https:\/\/www.cuballama.com\/noticias\/detenciones-y-deportaciones-cuatro-historias-cubanas-en-la-cuerda-floja-migratoria-o-una-que-no-pero-hace-ruido\/#primaryimage"},"thumbnailUrl":"https:\/\/cdn1.mediawpaccore.net\/wp-content\/uploads\/2025\/07\/04052105\/Gu8cNzPXIAEbZlC.jpg","datePublished":"2025-11-12T20:08:31+00:00","dateModified":"2025-11-12T20:08:33+00:00","description":"Cubanos a punto de sufrir deportaciones. Una historia que compila otras cuatro historias de noticias recientes sobre el tema y manejo de ICE","breadcrumb":{"@id":"https:\/\/www.cuballama.com\/noticias\/detenciones-y-deportaciones-cuatro-historias-cubanas-en-la-cuerda-floja-migratoria-o-una-que-no-pero-hace-ruido\/#breadcrumb"},"inLanguage":"es","potentialAction":[{"@type":"ReadAction","target":["https:\/\/www.cuballama.com\/noticias\/detenciones-y-deportaciones-cuatro-historias-cubanas-en-la-cuerda-floja-migratoria-o-una-que-no-pero-hace-ruido\/"]}]},{"@type":"ImageObject","inLanguage":"es","@id":"https:\/\/www.cuballama.com\/noticias\/detenciones-y-deportaciones-cuatro-historias-cubanas-en-la-cuerda-floja-migratoria-o-una-que-no-pero-hace-ruido\/#primaryimage","url":"https:\/\/cdn1.mediawpaccore.net\/wp-content\/uploads\/2025\/07\/04052105\/Gu8cNzPXIAEbZlC.jpg","contentUrl":"https:\/\/cdn1.mediawpaccore.net\/wp-content\/uploads\/2025\/07\/04052105\/Gu8cNzPXIAEbZlC.jpg","width":1600,"height":1067,"caption":"Foto tomada de perfil de X de la Divisi\u00f3n de Manejo de Emergencias de Florida"},{"@type":"BreadcrumbList","@id":"https:\/\/www.cuballama.com\/noticias\/detenciones-y-deportaciones-cuatro-historias-cubanas-en-la-cuerda-floja-migratoria-o-una-que-no-pero-hace-ruido\/#breadcrumb","itemListElement":[{"@type":"ListItem","position":1,"name":"Home","item":"https:\/\/www.cuballama.com\/noticias\/"},{"@type":"ListItem","position":2,"name":"Detenciones y deportaciones: cuatro historias cubanas en la cuerda floja migratoria. O una que no, pero hace ruido"}]},{"@type":"WebSite","@id":"https:\/\/www.cuballama.com\/noticias\/#website","url":"https:\/\/www.cuballama.com\/noticias\/","name":"Cuballama Noticias","description":"Medio digital sobre Cuba y el mundo","publisher":{"@id":"https:\/\/www.cuballama.com\/noticias\/#organization"},"potentialAction":[{"@type":"SearchAction","target":{"@type":"EntryPoint","urlTemplate":"https:\/\/www.cuballama.com\/noticias\/?s={search_term_string}"},"query-input":{"@type":"PropertyValueSpecification","valueRequired":true,"valueName":"search_term_string"}}],"inLanguage":"es"},{"@type":"Organization","@id":"https:\/\/www.cuballama.com\/noticias\/#organization","name":"Cuballama","url":"https:\/\/www.cuballama.com\/noticias\/","logo":{"@type":"ImageObject","inLanguage":"es","@id":"https:\/\/www.cuballama.com\/noticias\/#\/schema\/logo\/image\/","url":"https:\/\/cdn1.mediawpaccore.net\/wp-content\/uploads\/2021\/12\/28171206\/cbll-logo-color-sm.png","contentUrl":"https:\/\/cdn1.mediawpaccore.net\/wp-content\/uploads\/2021\/12\/28171206\/cbll-logo-color-sm.png","width":600,"height":133,"caption":"Cuballama"},"image":{"@id":"https:\/\/www.cuballama.com\/noticias\/#\/schema\/logo\/image\/"},"sameAs":["https:\/\/www.facebook.com\/CubaLlama","https:\/\/x.com\/cuballama","https:\/\/www.instagram.com\/stories\/cuballama_oficial\/","https:\/\/www.youtube.com\/channel\/UCKkFE-d_axENGZcrc4as0IA"]},{"@type":"Person","@id":"https:\/\/www.cuballama.com\/noticias\/#\/schema\/person\/a58502ed4146c8e9f83872e897c76cd2","name":"Roberto A.","description":"Roberto A. Periodista por decisi\u00f3n propia. Interesado en cualquier tema que me apasione y cada vez m\u00e1s comprometido con la verdad y la objetividad period\u00edstica. Graduado en La Habana hace ya muchos a\u00f1os, luego de una accidentada y polvorienta b\u00fasqueda de informaci\u00f3n sobre un tema in\u00e9dito. La Tesis, por cierto, desapareci\u00f3 de la biblioteca y no se conservan copias de la misma.","url":"https:\/\/www.cuballama.com\/noticias\/author\/roberto\/"}]}},"_links":{"self":[{"href":"https:\/\/www.cuballama.com\/noticias\/wp-json\/wp\/v2\/posts\/225692","targetHints":{"allow":["GET"]}}],"collection":[{"href":"https:\/\/www.cuballama.com\/noticias\/wp-json\/wp\/v2\/posts"}],"about":[{"href":"https:\/\/www.cuballama.com\/noticias\/wp-json\/wp\/v2\/types\/post"}],"author":[{"embeddable":true,"href":"https:\/\/www.cuballama.com\/noticias\/wp-json\/wp\/v2\/users\/13"}],"replies":[{"embeddable":true,"href":"https:\/\/www.cuballama.com\/noticias\/wp-json\/wp\/v2\/comments?post=225692"}],"version-history":[{"count":2,"href":"https:\/\/www.cuballama.com\/noticias\/wp-json\/wp\/v2\/posts\/225692\/revisions"}],"predecessor-version":[{"id":225694,"href":"https:\/\/www.cuballama.com\/noticias\/wp-json\/wp\/v2\/posts\/225692\/revisions\/225694"}],"wp:featuredmedia":[{"embeddable":true,"href":"https:\/\/www.cuballama.com\/noticias\/wp-json\/wp\/v2\/media\/212272"}],"wp:attachment":[{"href":"https:\/\/www.cuballama.com\/noticias\/wp-json\/wp\/v2\/media?parent=225692"}],"wp:term":[{"taxonomy":"category","embeddable":true,"href":"https:\/\/www.cuballama.com\/noticias\/wp-json\/wp\/v2\/categories?post=225692"},{"taxonomy":"post_tag","embeddable":true,"href":"https:\/\/www.cuballama.com\/noticias\/wp-json\/wp\/v2\/tags?post=225692"}],"curies":[{"name":"wp","href":"https:\/\/api.w.org\/{rel}","templated":true}]}}