{"id":225664,"date":"2025-11-16T08:10:38","date_gmt":"2025-11-16T13:10:38","guid":{"rendered":"https:\/\/www.cuballama.com\/noticias\/?p=225664"},"modified":"2025-11-16T08:10:41","modified_gmt":"2025-11-16T13:10:41","slug":"flor-de-cuba-diserta-en-redes-y-deja-muy-mal-parada-a-su-profesora-de-historia","status":"publish","type":"post","link":"https:\/\/www.cuballama.com\/noticias\/flor-de-cuba-diserta-en-redes-y-deja-muy-mal-parada-a-su-profesora-de-historia\/","title":{"rendered":"Flor de Cuba \u00abdiserta\u00bb en redes y deja muy mal parada a su profesora de Historia"},"content":{"rendered":"\n<p>La influencer conocida como Flor de Cuba volvi\u00f3 a encender las redes con un video en el que, con tono ir\u00f3nico y sarc\u00e1stico, pronuncia una defensa expl\u00edcita de un papel femenino delimitado al cuidado de enfermos y la cocina, y deja en evidencia un desconocimiento hist\u00f3rico que hoy provoca m\u00e1s que sonrisas. <\/p>\n\n\n\n<p>En la grabaci\u00f3n, subida a su cuenta y r\u00e1pida y profusamente comentada, por ejemplo, en el perfil de <a href=\"https:\/\/www.facebook.com\/reel\/1155574209881847\" target=\"_blank\" rel=\"noreferrer noopener nofollow\">Facebook<\/a> del periodista Jos\u00e9 Luis Tan Estrada, Flor de Cuba dirige su respuesta a los hombres que en publicaciones mayoritariamente apol\u00edticas por parte de ella, insisten en exigirle que hable de la \u201clibertad de Cuba\u201d. M\u00e1s all\u00e1 de esa tendencia siempre cansina de los hombres de imponerle a las mujeres lo que deben decir y c\u00f3mo, su mensaje, sin embargo, no solo responde al reclamo p\u00fablico sino que reitera una tesis que muchos califican de machista y anacr\u00f3nica que, en boca de ella, mujer, no la deja muy bien parada.<\/p>\n\n\n\n<p>En su intervenci\u00f3n la influencer dice, entre otras cosas, que \u201cnosotros lo que m\u00e1s podemos hacer es cuidar a los enfermos y preparar la comida y los alimentos\u201d y que, en todo caso, las mujeres podr\u00edan encargarse solamente de introducir \u201cun mensaje secreto\u201d camuflado entre flores o vestidos, fingiendo inocencia para entregar la informaci\u00f3n. \u201cFuera de ah\u00ed no podemos hacer m\u00e1s nada, eso est\u00e1 en las manos de ustedes, que son los hombres valientes\u201d, agrega en un pasaje que fue tomado por buena parte de la audiencia como una consigna de resignaci\u00f3n y, para otros, como un elogio expl\u00edcito de la pasividad femenina.<\/p>\n\n\n\n<p>La pol\u00e9mica crece cuando Flor de Cuba sit\u00faa temporalmente a mujeres m\u00e1s cercanas a los cubanos en el tiempo, en la \u201cmanigua\u201d del siglo XIX y, sin complejos, empareja figuras hist\u00f3ricas que pertenecen a tiempos distintos. <\/p>\n\n\n\n<p>En el video incluso llega a poner en paralelo a Antonio Maceo con Vilma Esp\u00edn, un desliz cronol\u00f3gico que desnuda, m\u00e1s all\u00e1 del machismo del mensaje, un mapa de ignorancia hist\u00f3rica que varios comentaristas no han pasado por alto. Tampoco hay en su pronunciaci\u00f3n ninguna menci\u00f3n a mujeres combatientes concretas \u2014la influencer omite, por ejemplo, referencias a figuras femeninas que s\u00ed participaron en luchas independentistas como es el caso, por ejemplo y muy notable, de la capitana Isabel Rubio\u2014 y eso alimenta la sensaci\u00f3n de simplificaci\u00f3n hist\u00f3rica: las mujeres reducidas a vendas y sopas, los hombres a la \u00e9pica y la guerra.<\/p>\n\n\n\n<p>La reacci\u00f3n en redes fue r\u00e1pida y dividida. Entre quienes aplaudieron el tono burl\u00f3n de Flor de Cuba hubo tambi\u00e9n quien celebr\u00f3 su denuncia de actitudes masculinas que piden \u201clibertad\u201d desde la comodidad del teclado. Pero la mayor\u00eda de las respuestas verti\u00f3 cr\u00edticas duras: activistas, historiadoras y usuarias comunes se\u00f1alaron el peligro de naturalizar un papel subordinado para las mujeres en pleno siglo XXI. \u201cNo es s\u00f3lo una postura conservadora; es una versi\u00f3n de la historia que borra a las mujeres protagonistas y les niega agencia\u201d, escribi\u00f3 una seguidora que se identific\u00f3 como docente.<\/p>\n\n\n\n<p>El argumento de que la mujer \u201csolo puede curar y cocinar\u201d repite un esquema patriarcal que fue combatido por cientos de mujeres a lo largo de la historia cubana, muchas de las cuales asumieron papeles directos en campa\u00f1as y acciones que la oralidad popular y las narrativas oficiales suelen subestimar. En ese sentido, el emparejamiento anacr\u00f3nico entre Maceo \u2014s\u00edmbolo de la guerra mambisa del XIX\u2014 y una l\u00edder revolucionaria del siglo XX como Vilma Esp\u00edn solo subraya el problema mayor de la pieza: la mezcla de postureo medi\u00e1tico con ignorancia hist\u00f3rica.<\/p>\n\n\n\n<iframe loading=\"lazy\" src=\"https:\/\/www.facebook.com\/plugins\/video.php?height=476&#038;href=https%3A%2F%2Fwww.facebook.com%2Freel%2F1155574209881847%2F&#038;show_text=true&#038;width=267&#038;t=0\" width=\"267\" height=\"591\" style=\"border:none;overflow:hidden\" scrolling=\"no\" frameborder=\"0\" allowfullscreen=\"true\" allow=\"autoplay; clipboard-write; encrypted-media; picture-in-picture; web-share\" allowFullScreen=\"true\"><\/iframe>\n\n\n\n<p>M\u00e1s all\u00e1 de la pol\u00e9mica de fondo, el video expone otra cuesti\u00f3n: la responsabilidad de las figuras p\u00fablicas que, con audiencias amplias, reproducen ideas que calan. Si el discurso se presenta como juego ir\u00f3nico, la iron\u00eda \u2014en este caso\u2014 funciona como una coartada para revivir estereotipos. Lo que para unas puede haber sido un chiste, para otras es una reafirmaci\u00f3n de roles que siguen teniendo consecuencias concretas en el acceso al trabajo, la visibilidad pol\u00edtica y la memoria colectiva.<\/p>\n\n\n\n<p>Flor de Cuba, que ha construido su marca en la red sobre materiales que van de lo cotidiano al comentario social ligero, parece haber tocado aqu\u00ed un punto sensible. No se trata solo de un tropo: la insistencia en relegar a la mujer a la cocina y la enfermer\u00eda suena esta vez fuera de lugar porque la sociedad cubana, como muchas otras, arrastra debates sobre paridad, representaci\u00f3n y memoria hist\u00f3rica. La falta de menci\u00f3n a mujeres que participaron en las luchas independentistas \u2014y la colocaci\u00f3n err\u00f3nea en el mismo plano temporal de figuras como Maceo y Esp\u00edn\u2014 ha sido entendida por muchos como una afrenta doble: una ofensa a la historiograf\u00eda y un gesto de invisibilizaci\u00f3n de las mujeres en la acci\u00f3n pol\u00edtica.<\/p>\n\n\n\n<p>En el hilo de comentarios se alternaron condenas y defensas, reproches por la falta de rigor y justificaciones basadas en el humor. Algunos seguidores le recordaron a la influencer que su popularidad conlleva responsabilidad; otros, m\u00e1s indulgentes, apelaron a la libertad de expresi\u00f3n y a la posibilidad de que el clip sea una provocaci\u00f3n deliberada. Sea cual sea la intenci\u00f3n, la lectura p\u00fablica hasta ahora parece clara: hay quien advierte que la \u201cdisertaci\u00f3n\u201d de Flor de Cuba deja peor parada a su profesora de Historia que a sus cr\u00edticos.<\/p>\n\n\n\n<p>La discusi\u00f3n no promete apagarse r\u00e1pido. En una \u00e9poca en que las redes funcionan como arena p\u00fablica, el episodio sirve para poner en primer plano un viejo debate que vuelve con energ\u00edas renovadas: qu\u00e9 historias contamos, qui\u00e9nes las cuentan y con qu\u00e9 autoridad. Mientras tanto, la grabaci\u00f3n circula, se comparte y se analiza, y la influencer \u2014que en otros momentos ha cosechado aplausos por contenidos menos pol\u00e9micos\u2014 enfrenta ahora la tarea de explicar si hablaba en serio, en broma o, acaso, si supo medir las consecuencias de su propia ret\u00f3rica.<\/p>\n","protected":false},"excerpt":{"rendered":"<p>La discusi\u00f3n no promete apagarse r\u00e1pido. En una \u00e9poca en que las redes funcionan como arena p\u00fablica, el episodio sirve para poner en primer plano un viejo debate que vuelve con energ\u00edas renovadas: qu\u00e9 historias contamos, qui\u00e9nes las cuentan y con qu\u00e9 autoridad. Mientras tanto, la grabaci\u00f3n circula, se comparte y se analiza, y la influencer \u2014que en otros momentos ha cosechado aplausos por contenidos menos pol\u00e9micos\u2014 enfrenta ahora la tarea de explicar si hablaba en serio, en broma o, acaso, si supo medir las consecuencias de su propia ret\u00f3rica.<\/p>\n","protected":false},"author":13,"featured_media":221967,"comment_status":"open","ping_status":"closed","sticky":false,"template":"","format":"standard","meta":{"_acf_changed":false,"footnotes":""},"categories":[443,961],"tags":[2813,11,989,28773,36,12040,12595,729,29108],"class_list":{"0":"post-225664","1":"post","2":"type-post","3":"status-publish","4":"format-standard","5":"has-post-thumbnail","7":"category-farandula","8":"category-videos","9":"tag-antonio-maceo","10":"tag-cuba","11":"tag-feminismo","12":"tag-flor-de-cuba","13":"tag-historia","14":"tag-influencer","15":"tag-misoginia-2","16":"tag-redes-sociales","17":"tag-vilma-espin"},"acf":[],"yoast_head":"<!-- This site is optimized with the Yoast SEO plugin v27.4 - https:\/\/yoast.com\/product\/yoast-seo-wordpress\/ -->\n<title>Flor de Cuba &quot;diserta&quot; en redes y deja muy mal parada a su profesora de Historia - Cuballama Noticias<\/title>\n<meta name=\"description\" content=\"La influencer conocida como Flor de Cuba vuelve otra vez a dejarnos ver su poca capacidad de reconocerse y afirmarse como mujer empoderada\" \/>\n<meta name=\"robots\" content=\"index, follow, max-snippet:-1, max-image-preview:large, max-video-preview:-1\" \/>\n<link rel=\"canonical\" href=\"https:\/\/www.cuballama.com\/noticias\/flor-de-cuba-diserta-en-redes-y-deja-muy-mal-parada-a-su-profesora-de-historia\/\" \/>\n<meta property=\"og:locale\" content=\"es_ES\" \/>\n<meta property=\"og:type\" content=\"article\" \/>\n<meta property=\"og:title\" content=\"Flor de Cuba &quot;diserta&quot; en redes y deja muy mal parada a su profesora de Historia - Cuballama Noticias\" \/>\n<meta property=\"og:description\" content=\"La influencer conocida como Flor de Cuba vuelve otra vez a dejarnos ver su poca capacidad de reconocerse y afirmarse como mujer empoderada\" \/>\n<meta property=\"og:url\" content=\"https:\/\/www.cuballama.com\/noticias\/flor-de-cuba-diserta-en-redes-y-deja-muy-mal-parada-a-su-profesora-de-historia\/\" \/>\n<meta property=\"og:site_name\" content=\"Cuballama Noticias\" \/>\n<meta property=\"article:publisher\" content=\"https:\/\/www.facebook.com\/CubaLlama\" \/>\n<meta property=\"article:published_time\" content=\"2025-11-16T13:10:38+00:00\" \/>\n<meta property=\"article:modified_time\" content=\"2025-11-16T13:10:41+00:00\" \/>\n<meta property=\"og:image\" content=\"https:\/\/cdn1.mediawpaccore.net\/wp-content\/uploads\/2025\/10\/07104627\/WhatsApp-Image-2025-10-07-at-16.45.54.jpeg\" \/>\n\t<meta property=\"og:image:width\" content=\"1864\" \/>\n\t<meta property=\"og:image:height\" content=\"1275\" \/>\n\t<meta property=\"og:image:type\" content=\"image\/jpeg\" \/>\n<meta name=\"author\" content=\"Roberto A.\" \/>\n<meta name=\"twitter:card\" content=\"summary_large_image\" \/>\n<meta name=\"twitter:creator\" content=\"@cuballama\" \/>\n<meta name=\"twitter:site\" content=\"@cuballama\" \/>\n<meta name=\"twitter:label1\" content=\"Escrito por\" \/>\n\t<meta name=\"twitter:data1\" content=\"Roberto A.\" \/>\n\t<meta name=\"twitter:label2\" content=\"Tiempo de lectura\" \/>\n\t<meta name=\"twitter:data2\" content=\"5 minutos\" \/>\n<script type=\"application\/ld+json\" class=\"yoast-schema-graph\">{\"@context\":\"https:\\\/\\\/schema.org\",\"@graph\":[{\"@type\":\"Article\",\"@id\":\"https:\\\/\\\/www.cuballama.com\\\/noticias\\\/flor-de-cuba-diserta-en-redes-y-deja-muy-mal-parada-a-su-profesora-de-historia\\\/#article\",\"isPartOf\":{\"@id\":\"https:\\\/\\\/www.cuballama.com\\\/noticias\\\/flor-de-cuba-diserta-en-redes-y-deja-muy-mal-parada-a-su-profesora-de-historia\\\/\"},\"author\":{\"name\":\"Roberto A.\",\"@id\":\"https:\\\/\\\/www.cuballama.com\\\/noticias\\\/#\\\/schema\\\/person\\\/a58502ed4146c8e9f83872e897c76cd2\"},\"headline\":\"Flor de Cuba \u00abdiserta\u00bb en redes y deja muy mal parada a su profesora de Historia\",\"datePublished\":\"2025-11-16T13:10:38+00:00\",\"dateModified\":\"2025-11-16T13:10:41+00:00\",\"mainEntityOfPage\":{\"@id\":\"https:\\\/\\\/www.cuballama.com\\\/noticias\\\/flor-de-cuba-diserta-en-redes-y-deja-muy-mal-parada-a-su-profesora-de-historia\\\/\"},\"wordCount\":1065,\"commentCount\":0,\"publisher\":{\"@id\":\"https:\\\/\\\/www.cuballama.com\\\/noticias\\\/#organization\"},\"image\":{\"@id\":\"https:\\\/\\\/www.cuballama.com\\\/noticias\\\/flor-de-cuba-diserta-en-redes-y-deja-muy-mal-parada-a-su-profesora-de-historia\\\/#primaryimage\"},\"thumbnailUrl\":\"https:\\\/\\\/cdn1.mediawpaccore.net\\\/wp-content\\\/uploads\\\/2025\\\/10\\\/07104627\\\/WhatsApp-Image-2025-10-07-at-16.45.54.jpeg\",\"keywords\":[\"Antonio Maceo\",\"Cuba\",\"Feminismo\",\"Flor de Cuba\",\"historia\",\"influencer\",\"Misoginia\",\"redes Sociales\",\"Vilma Esp\u00edn\"],\"articleSection\":[\"Far\u00e1ndula\",\"Videos\"],\"inLanguage\":\"es\",\"potentialAction\":[{\"@type\":\"CommentAction\",\"name\":\"Comment\",\"target\":[\"https:\\\/\\\/www.cuballama.com\\\/noticias\\\/flor-de-cuba-diserta-en-redes-y-deja-muy-mal-parada-a-su-profesora-de-historia\\\/#respond\"]}]},{\"@type\":\"WebPage\",\"@id\":\"https:\\\/\\\/www.cuballama.com\\\/noticias\\\/flor-de-cuba-diserta-en-redes-y-deja-muy-mal-parada-a-su-profesora-de-historia\\\/\",\"url\":\"https:\\\/\\\/www.cuballama.com\\\/noticias\\\/flor-de-cuba-diserta-en-redes-y-deja-muy-mal-parada-a-su-profesora-de-historia\\\/\",\"name\":\"Flor de Cuba \\\"diserta\\\" en redes y deja muy mal parada a su profesora de Historia - Cuballama Noticias\",\"isPartOf\":{\"@id\":\"https:\\\/\\\/www.cuballama.com\\\/noticias\\\/#website\"},\"primaryImageOfPage\":{\"@id\":\"https:\\\/\\\/www.cuballama.com\\\/noticias\\\/flor-de-cuba-diserta-en-redes-y-deja-muy-mal-parada-a-su-profesora-de-historia\\\/#primaryimage\"},\"image\":{\"@id\":\"https:\\\/\\\/www.cuballama.com\\\/noticias\\\/flor-de-cuba-diserta-en-redes-y-deja-muy-mal-parada-a-su-profesora-de-historia\\\/#primaryimage\"},\"thumbnailUrl\":\"https:\\\/\\\/cdn1.mediawpaccore.net\\\/wp-content\\\/uploads\\\/2025\\\/10\\\/07104627\\\/WhatsApp-Image-2025-10-07-at-16.45.54.jpeg\",\"datePublished\":\"2025-11-16T13:10:38+00:00\",\"dateModified\":\"2025-11-16T13:10:41+00:00\",\"description\":\"La influencer conocida como Flor de Cuba vuelve otra vez a dejarnos ver su poca capacidad de reconocerse y afirmarse como mujer empoderada\",\"breadcrumb\":{\"@id\":\"https:\\\/\\\/www.cuballama.com\\\/noticias\\\/flor-de-cuba-diserta-en-redes-y-deja-muy-mal-parada-a-su-profesora-de-historia\\\/#breadcrumb\"},\"inLanguage\":\"es\",\"potentialAction\":[{\"@type\":\"ReadAction\",\"target\":[\"https:\\\/\\\/www.cuballama.com\\\/noticias\\\/flor-de-cuba-diserta-en-redes-y-deja-muy-mal-parada-a-su-profesora-de-historia\\\/\"]}]},{\"@type\":\"ImageObject\",\"inLanguage\":\"es\",\"@id\":\"https:\\\/\\\/www.cuballama.com\\\/noticias\\\/flor-de-cuba-diserta-en-redes-y-deja-muy-mal-parada-a-su-profesora-de-historia\\\/#primaryimage\",\"url\":\"https:\\\/\\\/cdn1.mediawpaccore.net\\\/wp-content\\\/uploads\\\/2025\\\/10\\\/07104627\\\/WhatsApp-Image-2025-10-07-at-16.45.54.jpeg\",\"contentUrl\":\"https:\\\/\\\/cdn1.mediawpaccore.net\\\/wp-content\\\/uploads\\\/2025\\\/10\\\/07104627\\\/WhatsApp-Image-2025-10-07-at-16.45.54.jpeg\",\"width\":1864,\"height\":1275,\"caption\":\"Foto: Flor de Cuba\\\/TikTok\"},{\"@type\":\"BreadcrumbList\",\"@id\":\"https:\\\/\\\/www.cuballama.com\\\/noticias\\\/flor-de-cuba-diserta-en-redes-y-deja-muy-mal-parada-a-su-profesora-de-historia\\\/#breadcrumb\",\"itemListElement\":[{\"@type\":\"ListItem\",\"position\":1,\"name\":\"Home\",\"item\":\"https:\\\/\\\/www.cuballama.com\\\/noticias\\\/\"},{\"@type\":\"ListItem\",\"position\":2,\"name\":\"Flor de Cuba \u00abdiserta\u00bb en redes y deja muy mal parada a su profesora de Historia\"}]},{\"@type\":\"WebSite\",\"@id\":\"https:\\\/\\\/www.cuballama.com\\\/noticias\\\/#website\",\"url\":\"https:\\\/\\\/www.cuballama.com\\\/noticias\\\/\",\"name\":\"Cuballama Noticias\",\"description\":\"Medio digital sobre Cuba y el mundo\",\"publisher\":{\"@id\":\"https:\\\/\\\/www.cuballama.com\\\/noticias\\\/#organization\"},\"potentialAction\":[{\"@type\":\"SearchAction\",\"target\":{\"@type\":\"EntryPoint\",\"urlTemplate\":\"https:\\\/\\\/www.cuballama.com\\\/noticias\\\/?s={search_term_string}\"},\"query-input\":{\"@type\":\"PropertyValueSpecification\",\"valueRequired\":true,\"valueName\":\"search_term_string\"}}],\"inLanguage\":\"es\"},{\"@type\":\"Organization\",\"@id\":\"https:\\\/\\\/www.cuballama.com\\\/noticias\\\/#organization\",\"name\":\"Cuballama\",\"url\":\"https:\\\/\\\/www.cuballama.com\\\/noticias\\\/\",\"logo\":{\"@type\":\"ImageObject\",\"inLanguage\":\"es\",\"@id\":\"https:\\\/\\\/www.cuballama.com\\\/noticias\\\/#\\\/schema\\\/logo\\\/image\\\/\",\"url\":\"https:\\\/\\\/cdn1.mediawpaccore.net\\\/wp-content\\\/uploads\\\/2021\\\/12\\\/28171206\\\/cbll-logo-color-sm.png\",\"contentUrl\":\"https:\\\/\\\/cdn1.mediawpaccore.net\\\/wp-content\\\/uploads\\\/2021\\\/12\\\/28171206\\\/cbll-logo-color-sm.png\",\"width\":600,\"height\":133,\"caption\":\"Cuballama\"},\"image\":{\"@id\":\"https:\\\/\\\/www.cuballama.com\\\/noticias\\\/#\\\/schema\\\/logo\\\/image\\\/\"},\"sameAs\":[\"https:\\\/\\\/www.facebook.com\\\/CubaLlama\",\"https:\\\/\\\/x.com\\\/cuballama\",\"https:\\\/\\\/www.instagram.com\\\/stories\\\/cuballama_oficial\\\/\",\"https:\\\/\\\/www.youtube.com\\\/channel\\\/UCKkFE-d_axENGZcrc4as0IA\"]},{\"@type\":\"Person\",\"@id\":\"https:\\\/\\\/www.cuballama.com\\\/noticias\\\/#\\\/schema\\\/person\\\/a58502ed4146c8e9f83872e897c76cd2\",\"name\":\"Roberto A.\",\"description\":\"Roberto A. Periodista por decisi\u00f3n propia. Interesado en cualquier tema que me apasione y cada vez m\u00e1s comprometido con la verdad y la objetividad period\u00edstica. Graduado en La Habana hace ya muchos a\u00f1os, luego de una accidentada y polvorienta b\u00fasqueda de informaci\u00f3n sobre un tema in\u00e9dito. La Tesis, por cierto, desapareci\u00f3 de la biblioteca y no se conservan copias de la misma.\",\"url\":\"https:\\\/\\\/www.cuballama.com\\\/noticias\\\/author\\\/roberto\\\/\"}]}<\/script>\n<!-- \/ Yoast SEO plugin. -->","yoast_head_json":{"title":"Flor de Cuba \"diserta\" en redes y deja muy mal parada a su profesora de Historia - Cuballama Noticias","description":"La influencer conocida como Flor de Cuba vuelve otra vez a dejarnos ver su poca capacidad de reconocerse y afirmarse como mujer empoderada","robots":{"index":"index","follow":"follow","max-snippet":"max-snippet:-1","max-image-preview":"max-image-preview:large","max-video-preview":"max-video-preview:-1"},"canonical":"https:\/\/www.cuballama.com\/noticias\/flor-de-cuba-diserta-en-redes-y-deja-muy-mal-parada-a-su-profesora-de-historia\/","og_locale":"es_ES","og_type":"article","og_title":"Flor de Cuba \"diserta\" en redes y deja muy mal parada a su profesora de Historia - Cuballama Noticias","og_description":"La influencer conocida como Flor de Cuba vuelve otra vez a dejarnos ver su poca capacidad de reconocerse y afirmarse como mujer empoderada","og_url":"https:\/\/www.cuballama.com\/noticias\/flor-de-cuba-diserta-en-redes-y-deja-muy-mal-parada-a-su-profesora-de-historia\/","og_site_name":"Cuballama Noticias","article_publisher":"https:\/\/www.facebook.com\/CubaLlama","article_published_time":"2025-11-16T13:10:38+00:00","article_modified_time":"2025-11-16T13:10:41+00:00","og_image":[{"width":1864,"height":1275,"url":"https:\/\/cdn1.mediawpaccore.net\/wp-content\/uploads\/2025\/10\/07104627\/WhatsApp-Image-2025-10-07-at-16.45.54.jpeg","type":"image\/jpeg"}],"author":"Roberto A.","twitter_card":"summary_large_image","twitter_creator":"@cuballama","twitter_site":"@cuballama","twitter_misc":{"Escrito por":"Roberto A.","Tiempo de lectura":"5 minutos"},"schema":{"@context":"https:\/\/schema.org","@graph":[{"@type":"Article","@id":"https:\/\/www.cuballama.com\/noticias\/flor-de-cuba-diserta-en-redes-y-deja-muy-mal-parada-a-su-profesora-de-historia\/#article","isPartOf":{"@id":"https:\/\/www.cuballama.com\/noticias\/flor-de-cuba-diserta-en-redes-y-deja-muy-mal-parada-a-su-profesora-de-historia\/"},"author":{"name":"Roberto A.","@id":"https:\/\/www.cuballama.com\/noticias\/#\/schema\/person\/a58502ed4146c8e9f83872e897c76cd2"},"headline":"Flor de Cuba \u00abdiserta\u00bb en redes y deja muy mal parada a su profesora de Historia","datePublished":"2025-11-16T13:10:38+00:00","dateModified":"2025-11-16T13:10:41+00:00","mainEntityOfPage":{"@id":"https:\/\/www.cuballama.com\/noticias\/flor-de-cuba-diserta-en-redes-y-deja-muy-mal-parada-a-su-profesora-de-historia\/"},"wordCount":1065,"commentCount":0,"publisher":{"@id":"https:\/\/www.cuballama.com\/noticias\/#organization"},"image":{"@id":"https:\/\/www.cuballama.com\/noticias\/flor-de-cuba-diserta-en-redes-y-deja-muy-mal-parada-a-su-profesora-de-historia\/#primaryimage"},"thumbnailUrl":"https:\/\/cdn1.mediawpaccore.net\/wp-content\/uploads\/2025\/10\/07104627\/WhatsApp-Image-2025-10-07-at-16.45.54.jpeg","keywords":["Antonio Maceo","Cuba","Feminismo","Flor de Cuba","historia","influencer","Misoginia","redes Sociales","Vilma Esp\u00edn"],"articleSection":["Far\u00e1ndula","Videos"],"inLanguage":"es","potentialAction":[{"@type":"CommentAction","name":"Comment","target":["https:\/\/www.cuballama.com\/noticias\/flor-de-cuba-diserta-en-redes-y-deja-muy-mal-parada-a-su-profesora-de-historia\/#respond"]}]},{"@type":"WebPage","@id":"https:\/\/www.cuballama.com\/noticias\/flor-de-cuba-diserta-en-redes-y-deja-muy-mal-parada-a-su-profesora-de-historia\/","url":"https:\/\/www.cuballama.com\/noticias\/flor-de-cuba-diserta-en-redes-y-deja-muy-mal-parada-a-su-profesora-de-historia\/","name":"Flor de Cuba \"diserta\" en redes y deja muy mal parada a su profesora de Historia - Cuballama Noticias","isPartOf":{"@id":"https:\/\/www.cuballama.com\/noticias\/#website"},"primaryImageOfPage":{"@id":"https:\/\/www.cuballama.com\/noticias\/flor-de-cuba-diserta-en-redes-y-deja-muy-mal-parada-a-su-profesora-de-historia\/#primaryimage"},"image":{"@id":"https:\/\/www.cuballama.com\/noticias\/flor-de-cuba-diserta-en-redes-y-deja-muy-mal-parada-a-su-profesora-de-historia\/#primaryimage"},"thumbnailUrl":"https:\/\/cdn1.mediawpaccore.net\/wp-content\/uploads\/2025\/10\/07104627\/WhatsApp-Image-2025-10-07-at-16.45.54.jpeg","datePublished":"2025-11-16T13:10:38+00:00","dateModified":"2025-11-16T13:10:41+00:00","description":"La influencer conocida como Flor de Cuba vuelve otra vez a dejarnos ver su poca capacidad de reconocerse y afirmarse como mujer empoderada","breadcrumb":{"@id":"https:\/\/www.cuballama.com\/noticias\/flor-de-cuba-diserta-en-redes-y-deja-muy-mal-parada-a-su-profesora-de-historia\/#breadcrumb"},"inLanguage":"es","potentialAction":[{"@type":"ReadAction","target":["https:\/\/www.cuballama.com\/noticias\/flor-de-cuba-diserta-en-redes-y-deja-muy-mal-parada-a-su-profesora-de-historia\/"]}]},{"@type":"ImageObject","inLanguage":"es","@id":"https:\/\/www.cuballama.com\/noticias\/flor-de-cuba-diserta-en-redes-y-deja-muy-mal-parada-a-su-profesora-de-historia\/#primaryimage","url":"https:\/\/cdn1.mediawpaccore.net\/wp-content\/uploads\/2025\/10\/07104627\/WhatsApp-Image-2025-10-07-at-16.45.54.jpeg","contentUrl":"https:\/\/cdn1.mediawpaccore.net\/wp-content\/uploads\/2025\/10\/07104627\/WhatsApp-Image-2025-10-07-at-16.45.54.jpeg","width":1864,"height":1275,"caption":"Foto: Flor de Cuba\/TikTok"},{"@type":"BreadcrumbList","@id":"https:\/\/www.cuballama.com\/noticias\/flor-de-cuba-diserta-en-redes-y-deja-muy-mal-parada-a-su-profesora-de-historia\/#breadcrumb","itemListElement":[{"@type":"ListItem","position":1,"name":"Home","item":"https:\/\/www.cuballama.com\/noticias\/"},{"@type":"ListItem","position":2,"name":"Flor de Cuba \u00abdiserta\u00bb en redes y deja muy mal parada a su profesora de Historia"}]},{"@type":"WebSite","@id":"https:\/\/www.cuballama.com\/noticias\/#website","url":"https:\/\/www.cuballama.com\/noticias\/","name":"Cuballama Noticias","description":"Medio digital sobre Cuba y el mundo","publisher":{"@id":"https:\/\/www.cuballama.com\/noticias\/#organization"},"potentialAction":[{"@type":"SearchAction","target":{"@type":"EntryPoint","urlTemplate":"https:\/\/www.cuballama.com\/noticias\/?s={search_term_string}"},"query-input":{"@type":"PropertyValueSpecification","valueRequired":true,"valueName":"search_term_string"}}],"inLanguage":"es"},{"@type":"Organization","@id":"https:\/\/www.cuballama.com\/noticias\/#organization","name":"Cuballama","url":"https:\/\/www.cuballama.com\/noticias\/","logo":{"@type":"ImageObject","inLanguage":"es","@id":"https:\/\/www.cuballama.com\/noticias\/#\/schema\/logo\/image\/","url":"https:\/\/cdn1.mediawpaccore.net\/wp-content\/uploads\/2021\/12\/28171206\/cbll-logo-color-sm.png","contentUrl":"https:\/\/cdn1.mediawpaccore.net\/wp-content\/uploads\/2021\/12\/28171206\/cbll-logo-color-sm.png","width":600,"height":133,"caption":"Cuballama"},"image":{"@id":"https:\/\/www.cuballama.com\/noticias\/#\/schema\/logo\/image\/"},"sameAs":["https:\/\/www.facebook.com\/CubaLlama","https:\/\/x.com\/cuballama","https:\/\/www.instagram.com\/stories\/cuballama_oficial\/","https:\/\/www.youtube.com\/channel\/UCKkFE-d_axENGZcrc4as0IA"]},{"@type":"Person","@id":"https:\/\/www.cuballama.com\/noticias\/#\/schema\/person\/a58502ed4146c8e9f83872e897c76cd2","name":"Roberto A.","description":"Roberto A. Periodista por decisi\u00f3n propia. Interesado en cualquier tema que me apasione y cada vez m\u00e1s comprometido con la verdad y la objetividad period\u00edstica. Graduado en La Habana hace ya muchos a\u00f1os, luego de una accidentada y polvorienta b\u00fasqueda de informaci\u00f3n sobre un tema in\u00e9dito. La Tesis, por cierto, desapareci\u00f3 de la biblioteca y no se conservan copias de la misma.","url":"https:\/\/www.cuballama.com\/noticias\/author\/roberto\/"}]}},"_links":{"self":[{"href":"https:\/\/www.cuballama.com\/noticias\/wp-json\/wp\/v2\/posts\/225664","targetHints":{"allow":["GET"]}}],"collection":[{"href":"https:\/\/www.cuballama.com\/noticias\/wp-json\/wp\/v2\/posts"}],"about":[{"href":"https:\/\/www.cuballama.com\/noticias\/wp-json\/wp\/v2\/types\/post"}],"author":[{"embeddable":true,"href":"https:\/\/www.cuballama.com\/noticias\/wp-json\/wp\/v2\/users\/13"}],"replies":[{"embeddable":true,"href":"https:\/\/www.cuballama.com\/noticias\/wp-json\/wp\/v2\/comments?post=225664"}],"version-history":[{"count":3,"href":"https:\/\/www.cuballama.com\/noticias\/wp-json\/wp\/v2\/posts\/225664\/revisions"}],"predecessor-version":[{"id":225671,"href":"https:\/\/www.cuballama.com\/noticias\/wp-json\/wp\/v2\/posts\/225664\/revisions\/225671"}],"wp:featuredmedia":[{"embeddable":true,"href":"https:\/\/www.cuballama.com\/noticias\/wp-json\/wp\/v2\/media\/221967"}],"wp:attachment":[{"href":"https:\/\/www.cuballama.com\/noticias\/wp-json\/wp\/v2\/media?parent=225664"}],"wp:term":[{"taxonomy":"category","embeddable":true,"href":"https:\/\/www.cuballama.com\/noticias\/wp-json\/wp\/v2\/categories?post=225664"},{"taxonomy":"post_tag","embeddable":true,"href":"https:\/\/www.cuballama.com\/noticias\/wp-json\/wp\/v2\/tags?post=225664"}],"curies":[{"name":"wp","href":"https:\/\/api.w.org\/{rel}","templated":true}]}}