{"id":225551,"date":"2025-11-16T13:03:03","date_gmt":"2025-11-16T18:03:03","guid":{"rendered":"https:\/\/www.cuballama.com\/noticias\/?p=225551"},"modified":"2025-11-16T13:03:06","modified_gmt":"2025-11-16T18:03:06","slug":"hispano-es-arrestado-en-miami-tras-amenazar-de-muerte-a-una-madre-y-su-hijo","status":"publish","type":"post","link":"https:\/\/www.cuballama.com\/noticias\/hispano-es-arrestado-en-miami-tras-amenazar-de-muerte-a-una-madre-y-su-hijo\/","title":{"rendered":"Hispano es arrestado en Miami tras amenazar de muerte a una madre y su hijo"},"content":{"rendered":"\n<p>Un hombre de 38 a\u00f1os fue arrestado en Miami tras amenazar de muerte, en espa\u00f1ol, a una mujer y a su hijo de nueve a\u00f1os frente al Barlington Hotel, ubicado en el 1350 NW Second Street, muy cerca de La Peque\u00f1a Habana. La Polic\u00eda identific\u00f3 al sospechoso como <strong>Jorge F\u00e9lix Larrea D\u00edaz<\/strong>, quien fue detenido el pasado viernes luego de un violento incidente registrado alrededor de las 4:20 de la tarde. <\/p>\n\n\n\n<p>Seg\u00fan el informe policial citado por medios locales como <em><a href=\"https:\/\/www.local10.com\/news\/local\/2025\/11\/10\/im-going-to-cut-your-throat-man-accused-of-threatening-mother-and-son-outside-miami-hotel\/\" target=\"_blank\" rel=\"noreferrer noopener nofollow\">Local 10 News<\/a><\/em> y <em><a href=\"https:\/\/lawandcrime.com\/crime\/someone-is-going-to-kill-us-man-tells-mom-with-9-year-old-i-am-going-to-cut-your-throat-and-your-sons-throat-while-wielding-knife-cops-say\/?fbclid=IwY2xjawN_4YFleHRuA2FlbQIxMQBzcnRjBmFwcF9pZBAyMjIwMzkxNzg4MjAwODkyAAEeV9eNEpPM12uEcQG_9-PZ4Dc81u73BeqqadvZyUw3__JxQ3zvEoxLX-qOvh8_aem_9mv-SPvNjNk4aPrLLzeG9w\" target=\"_blank\" rel=\"noreferrer noopener nofollow\">Law &amp; Crime<\/a><\/em>, la mujer relat\u00f3 que se encontraba en la acera con su hijo cuando Larrea D\u00edaz, que llevaba una mochila, se les acerc\u00f3 y sac\u00f3 un objeto que describi\u00f3 como \u201cun cuchillo largo de color marr\u00f3n\u201d. En ese momento, el hombre la amenaz\u00f3 directamente: \u201c\u00bfD\u00f3nde est\u00e1 tu esposo? Te voy a cortar el cuello a ti y a tu hijo\u201d, habr\u00eda dicho en espa\u00f1ol, de acuerdo con el reporte.<\/p>\n\n\n\n<p>El ni\u00f1o corri\u00f3 hacia el vest\u00edbulo del hotel gritando que alguien intentaba matarlos, mientras su padre, que se encontraba adentro, sali\u00f3 al escuchar los gritos y vio al agresor con el arma en la mano. En un intento de defensa, el hombre tom\u00f3 una bicicleta peque\u00f1a para protegerse y oblig\u00f3 a Larrea D\u00edaz a retroceder. El sospechoso se refugi\u00f3 dentro del hotel, pero fue r\u00e1pidamente se\u00f1alado por las v\u00edctimas y detenido por los agentes que llegaron minutos despu\u00e9s.<\/p>\n\n\n\n<p>Las c\u00e1maras de seguridad del establecimiento muestran a Larrea D\u00edaz sosteniendo un objeto en su mano derecha mientras increpaba a la familia, seg\u00fan confirmaron los investigadores. El acusado, sin embargo, asegur\u00f3 que se trataba de un palo y no de un cuchillo, y el arma no fue recuperada. Tanto la mujer como su hijo resultaron ilesos, aunque visiblemente conmocionados por el episodio.<\/p>\n\n\n\n<p>Larrea D\u00edaz fue trasladado al Centro Correccional de Miami-Dade, donde enfrenta <strong>tres cargos de asalto agravado con un arma mortal<\/strong>. La fianza fue fijada en <strong>5.000 d\u00f3lares<\/strong>, seg\u00fan los registros judiciales del condado. Hasta este lunes, no se hab\u00eda precisado el motivo del ataque ni si exist\u00eda relaci\u00f3n previa entre el detenido y la familia.<\/p>\n\n\n\n<p>El caso sigue bajo investigaci\u00f3n mientras la Divisi\u00f3n de V\u00edctimas de Miami-Dade brinda asistencia psicol\u00f3gica y legal a la madre y al menor. La Polic\u00eda de Miami reiter\u00f3 a los residentes que, ante amenazas similares, busquen refugio inmediato y llamen al 911, recordando que cada testimonio y cada video pueden resultar clave para evitar tragedias mayores.<\/p>\n","protected":false},"excerpt":{"rendered":"<p>Seg\u00fan el informe policial citado por medios locales como Local 10 News y Law &#038; Crime, la mujer relat\u00f3 que se encontraba en la acera con su hijo cuando Larrea D\u00edaz, que llevaba una mochila, se les acerc\u00f3 y sac\u00f3 un objeto que describi\u00f3 como \u201cun cuchillo largo de color marr\u00f3n\u201d. En ese momento, el hombre la amenaz\u00f3 directamente: \u201c\u00bfD\u00f3nde est\u00e1 tu esposo? Te voy a cortar el cuello a ti y a tu hijo\u201d, habr\u00eda dicho en espa\u00f1ol, de acuerdo con el reporte.<\/p>\n","protected":false},"author":13,"featured_media":225573,"comment_status":"open","ping_status":"closed","sticky":false,"template":"","format":"standard","meta":{"_acf_changed":false,"footnotes":""},"categories":[18,11024],"tags":[1069,4220,29095,29094,2652,29092,29093,256,1029,11284,27626,682],"class_list":{"0":"post-225551","1":"post","2":"type-post","3":"status-publish","4":"format-standard","5":"has-post-thumbnail","7":"category-noticias","8":"category-noticias-de-miami","9":"tag-amenazas","10":"tag-arresto","11":"tag-asalto-agravado","12":"tag-barlington-hotel","13":"tag-crimen","14":"tag-jorge-felix-larrea-diaz","15":"tag-little-havana","16":"tag-miami","17":"tag-miami-dade","18":"tag-policia-2","19":"tag-seguridad-publica","20":"tag-violencia"},"acf":[],"yoast_head":"<!-- This site is optimized with the Yoast SEO plugin v27.4 - https:\/\/yoast.com\/product\/yoast-seo-wordpress\/ -->\n<title>Hispano es arrestado en Miami tras amenazar de muerte a una madre y su hijo - Cuballama Noticias<\/title>\n<meta name=\"description\" content=\"Un hispano de 38 a\u00f1os fue arrestado en Miami tras amenazar con un cuchillo a una madre y su hijo frente a un hotel.\" \/>\n<meta name=\"robots\" content=\"index, follow, max-snippet:-1, max-image-preview:large, max-video-preview:-1\" \/>\n<link rel=\"canonical\" href=\"https:\/\/www.cuballama.com\/noticias\/hispano-es-arrestado-en-miami-tras-amenazar-de-muerte-a-una-madre-y-su-hijo\/\" \/>\n<meta property=\"og:locale\" content=\"es_ES\" \/>\n<meta property=\"og:type\" content=\"article\" \/>\n<meta property=\"og:title\" content=\"Hispano es arrestado en Miami tras amenazar de muerte a una madre y su hijo - Cuballama Noticias\" \/>\n<meta property=\"og:description\" content=\"Un hispano de 38 a\u00f1os fue arrestado en Miami tras amenazar con un cuchillo a una madre y su hijo frente a un hotel.\" \/>\n<meta property=\"og:url\" content=\"https:\/\/www.cuballama.com\/noticias\/hispano-es-arrestado-en-miami-tras-amenazar-de-muerte-a-una-madre-y-su-hijo\/\" \/>\n<meta property=\"og:site_name\" content=\"Cuballama Noticias\" \/>\n<meta property=\"article:publisher\" content=\"https:\/\/www.facebook.com\/CubaLlama\" \/>\n<meta property=\"article:published_time\" content=\"2025-11-16T18:03:03+00:00\" \/>\n<meta property=\"article:modified_time\" content=\"2025-11-16T18:03:06+00:00\" \/>\n<meta property=\"og:image\" content=\"https:\/\/cdn1.mediawpaccore.net\/wp-content\/uploads\/2025\/11\/11055519\/image-36.png\" \/>\n\t<meta property=\"og:image:width\" content=\"1966\" \/>\n\t<meta property=\"og:image:height\" content=\"1030\" \/>\n\t<meta property=\"og:image:type\" content=\"image\/png\" \/>\n<meta name=\"author\" content=\"Roberto A.\" \/>\n<meta name=\"twitter:card\" content=\"summary_large_image\" \/>\n<meta name=\"twitter:creator\" content=\"@cuballama\" \/>\n<meta name=\"twitter:site\" content=\"@cuballama\" \/>\n<meta name=\"twitter:label1\" content=\"Escrito por\" \/>\n\t<meta name=\"twitter:data1\" content=\"Roberto A.\" \/>\n\t<meta name=\"twitter:label2\" content=\"Tiempo de lectura\" \/>\n\t<meta name=\"twitter:data2\" content=\"3 minutos\" \/>\n<script type=\"application\/ld+json\" class=\"yoast-schema-graph\">{\"@context\":\"https:\\\/\\\/schema.org\",\"@graph\":[{\"@type\":\"Article\",\"@id\":\"https:\\\/\\\/www.cuballama.com\\\/noticias\\\/hispano-es-arrestado-en-miami-tras-amenazar-de-muerte-a-una-madre-y-su-hijo\\\/#article\",\"isPartOf\":{\"@id\":\"https:\\\/\\\/www.cuballama.com\\\/noticias\\\/hispano-es-arrestado-en-miami-tras-amenazar-de-muerte-a-una-madre-y-su-hijo\\\/\"},\"author\":{\"name\":\"Roberto A.\",\"@id\":\"https:\\\/\\\/www.cuballama.com\\\/noticias\\\/#\\\/schema\\\/person\\\/a58502ed4146c8e9f83872e897c76cd2\"},\"headline\":\"Hispano es arrestado en Miami tras amenazar de muerte a una madre y su hijo\",\"datePublished\":\"2025-11-16T18:03:03+00:00\",\"dateModified\":\"2025-11-16T18:03:06+00:00\",\"mainEntityOfPage\":{\"@id\":\"https:\\\/\\\/www.cuballama.com\\\/noticias\\\/hispano-es-arrestado-en-miami-tras-amenazar-de-muerte-a-una-madre-y-su-hijo\\\/\"},\"wordCount\":450,\"commentCount\":0,\"publisher\":{\"@id\":\"https:\\\/\\\/www.cuballama.com\\\/noticias\\\/#organization\"},\"image\":{\"@id\":\"https:\\\/\\\/www.cuballama.com\\\/noticias\\\/hispano-es-arrestado-en-miami-tras-amenazar-de-muerte-a-una-madre-y-su-hijo\\\/#primaryimage\"},\"thumbnailUrl\":\"https:\\\/\\\/cdn1.mediawpaccore.net\\\/wp-content\\\/uploads\\\/2025\\\/11\\\/11055519\\\/image-36.png\",\"keywords\":[\"Amenazas\",\"arresto\",\"asalto agravado\",\"Barlington Hotel\",\"crimen\",\"Jorge F\u00e9lix Larrea D\u00edaz\",\"Little Havana\",\"Miami\",\"Miami-Dade\",\"polic\u00eda\",\"seguridad p\u00fablica\",\"Violencia\"],\"articleSection\":[\"Noticias\",\"Noticias de Miami\"],\"inLanguage\":\"es\",\"potentialAction\":[{\"@type\":\"CommentAction\",\"name\":\"Comment\",\"target\":[\"https:\\\/\\\/www.cuballama.com\\\/noticias\\\/hispano-es-arrestado-en-miami-tras-amenazar-de-muerte-a-una-madre-y-su-hijo\\\/#respond\"]}]},{\"@type\":\"WebPage\",\"@id\":\"https:\\\/\\\/www.cuballama.com\\\/noticias\\\/hispano-es-arrestado-en-miami-tras-amenazar-de-muerte-a-una-madre-y-su-hijo\\\/\",\"url\":\"https:\\\/\\\/www.cuballama.com\\\/noticias\\\/hispano-es-arrestado-en-miami-tras-amenazar-de-muerte-a-una-madre-y-su-hijo\\\/\",\"name\":\"Hispano es arrestado en Miami tras amenazar de muerte a una madre y su hijo - Cuballama Noticias\",\"isPartOf\":{\"@id\":\"https:\\\/\\\/www.cuballama.com\\\/noticias\\\/#website\"},\"primaryImageOfPage\":{\"@id\":\"https:\\\/\\\/www.cuballama.com\\\/noticias\\\/hispano-es-arrestado-en-miami-tras-amenazar-de-muerte-a-una-madre-y-su-hijo\\\/#primaryimage\"},\"image\":{\"@id\":\"https:\\\/\\\/www.cuballama.com\\\/noticias\\\/hispano-es-arrestado-en-miami-tras-amenazar-de-muerte-a-una-madre-y-su-hijo\\\/#primaryimage\"},\"thumbnailUrl\":\"https:\\\/\\\/cdn1.mediawpaccore.net\\\/wp-content\\\/uploads\\\/2025\\\/11\\\/11055519\\\/image-36.png\",\"datePublished\":\"2025-11-16T18:03:03+00:00\",\"dateModified\":\"2025-11-16T18:03:06+00:00\",\"description\":\"Un hispano de 38 a\u00f1os fue arrestado en Miami tras amenazar con un cuchillo a una madre y su hijo frente a un hotel.\",\"breadcrumb\":{\"@id\":\"https:\\\/\\\/www.cuballama.com\\\/noticias\\\/hispano-es-arrestado-en-miami-tras-amenazar-de-muerte-a-una-madre-y-su-hijo\\\/#breadcrumb\"},\"inLanguage\":\"es\",\"potentialAction\":[{\"@type\":\"ReadAction\",\"target\":[\"https:\\\/\\\/www.cuballama.com\\\/noticias\\\/hispano-es-arrestado-en-miami-tras-amenazar-de-muerte-a-una-madre-y-su-hijo\\\/\"]}]},{\"@type\":\"ImageObject\",\"inLanguage\":\"es\",\"@id\":\"https:\\\/\\\/www.cuballama.com\\\/noticias\\\/hispano-es-arrestado-en-miami-tras-amenazar-de-muerte-a-una-madre-y-su-hijo\\\/#primaryimage\",\"url\":\"https:\\\/\\\/cdn1.mediawpaccore.net\\\/wp-content\\\/uploads\\\/2025\\\/11\\\/11055519\\\/image-36.png\",\"contentUrl\":\"https:\\\/\\\/cdn1.mediawpaccore.net\\\/wp-content\\\/uploads\\\/2025\\\/11\\\/11055519\\\/image-36.png\",\"width\":1966,\"height\":1030,\"caption\":\"El agresor, Jorge F\u00e9lix Larrea D\u00edaz, fue trasladado al Centro Correccional de Miami-Dade, donde enfrenta tres cargos de asalto agravado con un arma mortal. La fianza fue fijada en 5.000 d\u00f3lares, seg\u00fan los registros judiciales del condado. Foto: MDCR\"},{\"@type\":\"BreadcrumbList\",\"@id\":\"https:\\\/\\\/www.cuballama.com\\\/noticias\\\/hispano-es-arrestado-en-miami-tras-amenazar-de-muerte-a-una-madre-y-su-hijo\\\/#breadcrumb\",\"itemListElement\":[{\"@type\":\"ListItem\",\"position\":1,\"name\":\"Home\",\"item\":\"https:\\\/\\\/www.cuballama.com\\\/noticias\\\/\"},{\"@type\":\"ListItem\",\"position\":2,\"name\":\"Hispano es arrestado en Miami tras amenazar de muerte a una madre y su hijo\"}]},{\"@type\":\"WebSite\",\"@id\":\"https:\\\/\\\/www.cuballama.com\\\/noticias\\\/#website\",\"url\":\"https:\\\/\\\/www.cuballama.com\\\/noticias\\\/\",\"name\":\"Cuballama Noticias\",\"description\":\"Medio digital sobre Cuba y el mundo\",\"publisher\":{\"@id\":\"https:\\\/\\\/www.cuballama.com\\\/noticias\\\/#organization\"},\"potentialAction\":[{\"@type\":\"SearchAction\",\"target\":{\"@type\":\"EntryPoint\",\"urlTemplate\":\"https:\\\/\\\/www.cuballama.com\\\/noticias\\\/?s={search_term_string}\"},\"query-input\":{\"@type\":\"PropertyValueSpecification\",\"valueRequired\":true,\"valueName\":\"search_term_string\"}}],\"inLanguage\":\"es\"},{\"@type\":\"Organization\",\"@id\":\"https:\\\/\\\/www.cuballama.com\\\/noticias\\\/#organization\",\"name\":\"Cuballama\",\"url\":\"https:\\\/\\\/www.cuballama.com\\\/noticias\\\/\",\"logo\":{\"@type\":\"ImageObject\",\"inLanguage\":\"es\",\"@id\":\"https:\\\/\\\/www.cuballama.com\\\/noticias\\\/#\\\/schema\\\/logo\\\/image\\\/\",\"url\":\"https:\\\/\\\/cdn1.mediawpaccore.net\\\/wp-content\\\/uploads\\\/2021\\\/12\\\/28171206\\\/cbll-logo-color-sm.png\",\"contentUrl\":\"https:\\\/\\\/cdn1.mediawpaccore.net\\\/wp-content\\\/uploads\\\/2021\\\/12\\\/28171206\\\/cbll-logo-color-sm.png\",\"width\":600,\"height\":133,\"caption\":\"Cuballama\"},\"image\":{\"@id\":\"https:\\\/\\\/www.cuballama.com\\\/noticias\\\/#\\\/schema\\\/logo\\\/image\\\/\"},\"sameAs\":[\"https:\\\/\\\/www.facebook.com\\\/CubaLlama\",\"https:\\\/\\\/x.com\\\/cuballama\",\"https:\\\/\\\/www.instagram.com\\\/stories\\\/cuballama_oficial\\\/\",\"https:\\\/\\\/www.youtube.com\\\/channel\\\/UCKkFE-d_axENGZcrc4as0IA\"]},{\"@type\":\"Person\",\"@id\":\"https:\\\/\\\/www.cuballama.com\\\/noticias\\\/#\\\/schema\\\/person\\\/a58502ed4146c8e9f83872e897c76cd2\",\"name\":\"Roberto A.\",\"description\":\"Roberto A. Periodista por decisi\u00f3n propia. Interesado en cualquier tema que me apasione y cada vez m\u00e1s comprometido con la verdad y la objetividad period\u00edstica. Graduado en La Habana hace ya muchos a\u00f1os, luego de una accidentada y polvorienta b\u00fasqueda de informaci\u00f3n sobre un tema in\u00e9dito. La Tesis, por cierto, desapareci\u00f3 de la biblioteca y no se conservan copias de la misma.\",\"url\":\"https:\\\/\\\/www.cuballama.com\\\/noticias\\\/author\\\/roberto\\\/\"}]}<\/script>\n<!-- \/ Yoast SEO plugin. -->","yoast_head_json":{"title":"Hispano es arrestado en Miami tras amenazar de muerte a una madre y su hijo - Cuballama Noticias","description":"Un hispano de 38 a\u00f1os fue arrestado en Miami tras amenazar con un cuchillo a una madre y su hijo frente a un hotel.","robots":{"index":"index","follow":"follow","max-snippet":"max-snippet:-1","max-image-preview":"max-image-preview:large","max-video-preview":"max-video-preview:-1"},"canonical":"https:\/\/www.cuballama.com\/noticias\/hispano-es-arrestado-en-miami-tras-amenazar-de-muerte-a-una-madre-y-su-hijo\/","og_locale":"es_ES","og_type":"article","og_title":"Hispano es arrestado en Miami tras amenazar de muerte a una madre y su hijo - Cuballama Noticias","og_description":"Un hispano de 38 a\u00f1os fue arrestado en Miami tras amenazar con un cuchillo a una madre y su hijo frente a un hotel.","og_url":"https:\/\/www.cuballama.com\/noticias\/hispano-es-arrestado-en-miami-tras-amenazar-de-muerte-a-una-madre-y-su-hijo\/","og_site_name":"Cuballama Noticias","article_publisher":"https:\/\/www.facebook.com\/CubaLlama","article_published_time":"2025-11-16T18:03:03+00:00","article_modified_time":"2025-11-16T18:03:06+00:00","og_image":[{"width":1966,"height":1030,"url":"https:\/\/cdn1.mediawpaccore.net\/wp-content\/uploads\/2025\/11\/11055519\/image-36.png","type":"image\/png"}],"author":"Roberto A.","twitter_card":"summary_large_image","twitter_creator":"@cuballama","twitter_site":"@cuballama","twitter_misc":{"Escrito por":"Roberto A.","Tiempo de lectura":"3 minutos"},"schema":{"@context":"https:\/\/schema.org","@graph":[{"@type":"Article","@id":"https:\/\/www.cuballama.com\/noticias\/hispano-es-arrestado-en-miami-tras-amenazar-de-muerte-a-una-madre-y-su-hijo\/#article","isPartOf":{"@id":"https:\/\/www.cuballama.com\/noticias\/hispano-es-arrestado-en-miami-tras-amenazar-de-muerte-a-una-madre-y-su-hijo\/"},"author":{"name":"Roberto A.","@id":"https:\/\/www.cuballama.com\/noticias\/#\/schema\/person\/a58502ed4146c8e9f83872e897c76cd2"},"headline":"Hispano es arrestado en Miami tras amenazar de muerte a una madre y su hijo","datePublished":"2025-11-16T18:03:03+00:00","dateModified":"2025-11-16T18:03:06+00:00","mainEntityOfPage":{"@id":"https:\/\/www.cuballama.com\/noticias\/hispano-es-arrestado-en-miami-tras-amenazar-de-muerte-a-una-madre-y-su-hijo\/"},"wordCount":450,"commentCount":0,"publisher":{"@id":"https:\/\/www.cuballama.com\/noticias\/#organization"},"image":{"@id":"https:\/\/www.cuballama.com\/noticias\/hispano-es-arrestado-en-miami-tras-amenazar-de-muerte-a-una-madre-y-su-hijo\/#primaryimage"},"thumbnailUrl":"https:\/\/cdn1.mediawpaccore.net\/wp-content\/uploads\/2025\/11\/11055519\/image-36.png","keywords":["Amenazas","arresto","asalto agravado","Barlington Hotel","crimen","Jorge F\u00e9lix Larrea D\u00edaz","Little Havana","Miami","Miami-Dade","polic\u00eda","seguridad p\u00fablica","Violencia"],"articleSection":["Noticias","Noticias de Miami"],"inLanguage":"es","potentialAction":[{"@type":"CommentAction","name":"Comment","target":["https:\/\/www.cuballama.com\/noticias\/hispano-es-arrestado-en-miami-tras-amenazar-de-muerte-a-una-madre-y-su-hijo\/#respond"]}]},{"@type":"WebPage","@id":"https:\/\/www.cuballama.com\/noticias\/hispano-es-arrestado-en-miami-tras-amenazar-de-muerte-a-una-madre-y-su-hijo\/","url":"https:\/\/www.cuballama.com\/noticias\/hispano-es-arrestado-en-miami-tras-amenazar-de-muerte-a-una-madre-y-su-hijo\/","name":"Hispano es arrestado en Miami tras amenazar de muerte a una madre y su hijo - Cuballama Noticias","isPartOf":{"@id":"https:\/\/www.cuballama.com\/noticias\/#website"},"primaryImageOfPage":{"@id":"https:\/\/www.cuballama.com\/noticias\/hispano-es-arrestado-en-miami-tras-amenazar-de-muerte-a-una-madre-y-su-hijo\/#primaryimage"},"image":{"@id":"https:\/\/www.cuballama.com\/noticias\/hispano-es-arrestado-en-miami-tras-amenazar-de-muerte-a-una-madre-y-su-hijo\/#primaryimage"},"thumbnailUrl":"https:\/\/cdn1.mediawpaccore.net\/wp-content\/uploads\/2025\/11\/11055519\/image-36.png","datePublished":"2025-11-16T18:03:03+00:00","dateModified":"2025-11-16T18:03:06+00:00","description":"Un hispano de 38 a\u00f1os fue arrestado en Miami tras amenazar con un cuchillo a una madre y su hijo frente a un hotel.","breadcrumb":{"@id":"https:\/\/www.cuballama.com\/noticias\/hispano-es-arrestado-en-miami-tras-amenazar-de-muerte-a-una-madre-y-su-hijo\/#breadcrumb"},"inLanguage":"es","potentialAction":[{"@type":"ReadAction","target":["https:\/\/www.cuballama.com\/noticias\/hispano-es-arrestado-en-miami-tras-amenazar-de-muerte-a-una-madre-y-su-hijo\/"]}]},{"@type":"ImageObject","inLanguage":"es","@id":"https:\/\/www.cuballama.com\/noticias\/hispano-es-arrestado-en-miami-tras-amenazar-de-muerte-a-una-madre-y-su-hijo\/#primaryimage","url":"https:\/\/cdn1.mediawpaccore.net\/wp-content\/uploads\/2025\/11\/11055519\/image-36.png","contentUrl":"https:\/\/cdn1.mediawpaccore.net\/wp-content\/uploads\/2025\/11\/11055519\/image-36.png","width":1966,"height":1030,"caption":"El agresor, Jorge F\u00e9lix Larrea D\u00edaz, fue trasladado al Centro Correccional de Miami-Dade, donde enfrenta tres cargos de asalto agravado con un arma mortal. La fianza fue fijada en 5.000 d\u00f3lares, seg\u00fan los registros judiciales del condado. Foto: MDCR"},{"@type":"BreadcrumbList","@id":"https:\/\/www.cuballama.com\/noticias\/hispano-es-arrestado-en-miami-tras-amenazar-de-muerte-a-una-madre-y-su-hijo\/#breadcrumb","itemListElement":[{"@type":"ListItem","position":1,"name":"Home","item":"https:\/\/www.cuballama.com\/noticias\/"},{"@type":"ListItem","position":2,"name":"Hispano es arrestado en Miami tras amenazar de muerte a una madre y su hijo"}]},{"@type":"WebSite","@id":"https:\/\/www.cuballama.com\/noticias\/#website","url":"https:\/\/www.cuballama.com\/noticias\/","name":"Cuballama Noticias","description":"Medio digital sobre Cuba y el mundo","publisher":{"@id":"https:\/\/www.cuballama.com\/noticias\/#organization"},"potentialAction":[{"@type":"SearchAction","target":{"@type":"EntryPoint","urlTemplate":"https:\/\/www.cuballama.com\/noticias\/?s={search_term_string}"},"query-input":{"@type":"PropertyValueSpecification","valueRequired":true,"valueName":"search_term_string"}}],"inLanguage":"es"},{"@type":"Organization","@id":"https:\/\/www.cuballama.com\/noticias\/#organization","name":"Cuballama","url":"https:\/\/www.cuballama.com\/noticias\/","logo":{"@type":"ImageObject","inLanguage":"es","@id":"https:\/\/www.cuballama.com\/noticias\/#\/schema\/logo\/image\/","url":"https:\/\/cdn1.mediawpaccore.net\/wp-content\/uploads\/2021\/12\/28171206\/cbll-logo-color-sm.png","contentUrl":"https:\/\/cdn1.mediawpaccore.net\/wp-content\/uploads\/2021\/12\/28171206\/cbll-logo-color-sm.png","width":600,"height":133,"caption":"Cuballama"},"image":{"@id":"https:\/\/www.cuballama.com\/noticias\/#\/schema\/logo\/image\/"},"sameAs":["https:\/\/www.facebook.com\/CubaLlama","https:\/\/x.com\/cuballama","https:\/\/www.instagram.com\/stories\/cuballama_oficial\/","https:\/\/www.youtube.com\/channel\/UCKkFE-d_axENGZcrc4as0IA"]},{"@type":"Person","@id":"https:\/\/www.cuballama.com\/noticias\/#\/schema\/person\/a58502ed4146c8e9f83872e897c76cd2","name":"Roberto A.","description":"Roberto A. Periodista por decisi\u00f3n propia. Interesado en cualquier tema que me apasione y cada vez m\u00e1s comprometido con la verdad y la objetividad period\u00edstica. Graduado en La Habana hace ya muchos a\u00f1os, luego de una accidentada y polvorienta b\u00fasqueda de informaci\u00f3n sobre un tema in\u00e9dito. La Tesis, por cierto, desapareci\u00f3 de la biblioteca y no se conservan copias de la misma.","url":"https:\/\/www.cuballama.com\/noticias\/author\/roberto\/"}]}},"_links":{"self":[{"href":"https:\/\/www.cuballama.com\/noticias\/wp-json\/wp\/v2\/posts\/225551","targetHints":{"allow":["GET"]}}],"collection":[{"href":"https:\/\/www.cuballama.com\/noticias\/wp-json\/wp\/v2\/posts"}],"about":[{"href":"https:\/\/www.cuballama.com\/noticias\/wp-json\/wp\/v2\/types\/post"}],"author":[{"embeddable":true,"href":"https:\/\/www.cuballama.com\/noticias\/wp-json\/wp\/v2\/users\/13"}],"replies":[{"embeddable":true,"href":"https:\/\/www.cuballama.com\/noticias\/wp-json\/wp\/v2\/comments?post=225551"}],"version-history":[{"count":3,"href":"https:\/\/www.cuballama.com\/noticias\/wp-json\/wp\/v2\/posts\/225551\/revisions"}],"predecessor-version":[{"id":225575,"href":"https:\/\/www.cuballama.com\/noticias\/wp-json\/wp\/v2\/posts\/225551\/revisions\/225575"}],"wp:featuredmedia":[{"embeddable":true,"href":"https:\/\/www.cuballama.com\/noticias\/wp-json\/wp\/v2\/media\/225573"}],"wp:attachment":[{"href":"https:\/\/www.cuballama.com\/noticias\/wp-json\/wp\/v2\/media?parent=225551"}],"wp:term":[{"taxonomy":"category","embeddable":true,"href":"https:\/\/www.cuballama.com\/noticias\/wp-json\/wp\/v2\/categories?post=225551"},{"taxonomy":"post_tag","embeddable":true,"href":"https:\/\/www.cuballama.com\/noticias\/wp-json\/wp\/v2\/tags?post=225551"}],"curies":[{"name":"wp","href":"https:\/\/api.w.org\/{rel}","templated":true}]}}