{"id":225481,"date":"2025-11-10T13:16:19","date_gmt":"2025-11-10T18:16:19","guid":{"rendered":"https:\/\/www.cuballama.com\/noticias\/?p=225481"},"modified":"2025-11-10T13:19:19","modified_gmt":"2025-11-10T18:19:19","slug":"casi-30-lesionados-en-accidente-masivo-en-ciego-de-avila","status":"publish","type":"post","link":"https:\/\/www.cuballama.com\/noticias\/casi-30-lesionados-en-accidente-masivo-en-ciego-de-avila\/","title":{"rendered":"Casi 30 lesionados en accidente masivo en Ciego de \u00c1vila"},"content":{"rendered":"\n<p>Al menos 27 personas resultaron lesionadas tras un accidente de tr\u00e1nsito ocurrido en la ma\u00f1ana de este lunes 10 de noviembre en las inmediaciones de la comunidad de La Caoba, en el municipio de Venezuela, Ciego de \u00c1vila.<\/p>\n\n\n\n<p>Hasta el momento, no se reportan fallecidos en el choque entre una carreta y una guagua que transportaba trabajadores de la Cooperativa de Cr\u00e9dito y Comercio El Fort\u00edn.<\/p>\n\n\n\n<p>Los lesionados fueron trasladados inicialmente al policl\u00ednico del municipio y, posteriormente, derivados al hospital provincial seg\u00fan la gravedad de cada caso.<\/p>\n\n\n\n<figure class=\"wp-block-image size-large\"><img loading=\"lazy\" decoding=\"async\" width=\"677\" height=\"1024\" src=\"https:\/\/cdn1.mediawpaccore.net\/wp-content\/uploads\/2025\/11\/10131424\/Imagen-de-WhatsApp-2025-11-10-a-las-13.10.30_b6bee793-677x1024.jpg\" alt=\"\" class=\"wp-image-225486\" srcset=\"https:\/\/cdn1.mediawpaccore.net\/wp-content\/uploads\/2025\/11\/10131424\/Imagen-de-WhatsApp-2025-11-10-a-las-13.10.30_b6bee793-677x1024.jpg 677w, https:\/\/cdn1.mediawpaccore.net\/wp-content\/uploads\/2025\/11\/10131424\/Imagen-de-WhatsApp-2025-11-10-a-las-13.10.30_b6bee793-198x300.jpg 198w, https:\/\/cdn1.mediawpaccore.net\/wp-content\/uploads\/2025\/11\/10131424\/Imagen-de-WhatsApp-2025-11-10-a-las-13.10.30_b6bee793-768x1161.jpg 768w, https:\/\/cdn1.mediawpaccore.net\/wp-content\/uploads\/2025\/11\/10131424\/Imagen-de-WhatsApp-2025-11-10-a-las-13.10.30_b6bee793-1016x1536.jpg 1016w, https:\/\/cdn1.mediawpaccore.net\/wp-content\/uploads\/2025\/11\/10131424\/Imagen-de-WhatsApp-2025-11-10-a-las-13.10.30_b6bee793-278x420.jpg 278w, https:\/\/cdn1.mediawpaccore.net\/wp-content\/uploads\/2025\/11\/10131424\/Imagen-de-WhatsApp-2025-11-10-a-las-13.10.30_b6bee793-150x227.jpg 150w, https:\/\/cdn1.mediawpaccore.net\/wp-content\/uploads\/2025\/11\/10131424\/Imagen-de-WhatsApp-2025-11-10-a-las-13.10.30_b6bee793-300x454.jpg 300w, https:\/\/cdn1.mediawpaccore.net\/wp-content\/uploads\/2025\/11\/10131424\/Imagen-de-WhatsApp-2025-11-10-a-las-13.10.30_b6bee793-696x1053.jpg 696w, https:\/\/cdn1.mediawpaccore.net\/wp-content\/uploads\/2025\/11\/10131424\/Imagen-de-WhatsApp-2025-11-10-a-las-13.10.30_b6bee793.jpg 1058w\" sizes=\"auto, (max-width: 677px) 100vw, 677px\" \/><\/figure>\n\n\n\n<p>De acuerdo con la \u00faltima informaci\u00f3n ofrecida por el peri\u00f3dico provincial Invasor, en el Hospital Dr. Antonio Luaces Iraola de la capital avile\u00f1a se encuentran 19 de los heridos, tres est\u00e1n por trasladar y cinco se hallan en la sala de observaci\u00f3n del policl\u00ednico de Venezuela.<\/p>\n\n\n\n<p>Un poco antes, la doctora In\u00e9s Padr\u00f3n Gonz\u00e1lez, jefa del Servicio de Urgencias y Emergencias del centro hospitalario, se\u00f1al\u00f3 a la prensa local que hab\u00eda al menos tres casos \u201ccon peligro para la vida y pendientes a ser definidos\u201d.<\/p>\n\n\n\n<p>\u201cSon estos los tres casos m\u00e1s cr\u00edticos\u201d, apunt\u00f3 la especialista de Cuidados Intensivos y Emergencias, sobre dos personas con trauma craneal y una que deb\u00eda seguramente ser operada por un trauma en el abdomen, \u201ccon l\u00edquido libre en cavidad\u201d.&nbsp;<\/p>\n\n\n\n<figure class=\"wp-block-image size-large\"><img loading=\"lazy\" decoding=\"async\" width=\"614\" height=\"1024\" src=\"https:\/\/cdn1.mediawpaccore.net\/wp-content\/uploads\/2025\/11\/10131508\/Imagen-de-WhatsApp-2025-11-10-a-las-13.10.30_5321faab-614x1024.jpg\" alt=\"\" class=\"wp-image-225487\" srcset=\"https:\/\/cdn1.mediawpaccore.net\/wp-content\/uploads\/2025\/11\/10131508\/Imagen-de-WhatsApp-2025-11-10-a-las-13.10.30_5321faab-614x1024.jpg 614w, https:\/\/cdn1.mediawpaccore.net\/wp-content\/uploads\/2025\/11\/10131508\/Imagen-de-WhatsApp-2025-11-10-a-las-13.10.30_5321faab-180x300.jpg 180w, https:\/\/cdn1.mediawpaccore.net\/wp-content\/uploads\/2025\/11\/10131508\/Imagen-de-WhatsApp-2025-11-10-a-las-13.10.30_5321faab-768x1280.jpg 768w, https:\/\/cdn1.mediawpaccore.net\/wp-content\/uploads\/2025\/11\/10131508\/Imagen-de-WhatsApp-2025-11-10-a-las-13.10.30_5321faab-922x1536.jpg 922w, https:\/\/cdn1.mediawpaccore.net\/wp-content\/uploads\/2025\/11\/10131508\/Imagen-de-WhatsApp-2025-11-10-a-las-13.10.30_5321faab-252x420.jpg 252w, https:\/\/cdn1.mediawpaccore.net\/wp-content\/uploads\/2025\/11\/10131508\/Imagen-de-WhatsApp-2025-11-10-a-las-13.10.30_5321faab-150x250.jpg 150w, https:\/\/cdn1.mediawpaccore.net\/wp-content\/uploads\/2025\/11\/10131508\/Imagen-de-WhatsApp-2025-11-10-a-las-13.10.30_5321faab-300x500.jpg 300w, https:\/\/cdn1.mediawpaccore.net\/wp-content\/uploads\/2025\/11\/10131508\/Imagen-de-WhatsApp-2025-11-10-a-las-13.10.30_5321faab-696x1160.jpg 696w, https:\/\/cdn1.mediawpaccore.net\/wp-content\/uploads\/2025\/11\/10131508\/Imagen-de-WhatsApp-2025-11-10-a-las-13.10.30_5321faab.jpg 960w\" sizes=\"auto, (max-width: 614px) 100vw, 614px\" \/><\/figure>\n\n\n\n<p>La mayor\u00eda de los lesionados presentaba \u201cpatolog\u00edas de ortopedia con contusiones de codos, rodillas y pies\u201d o \u201cheridas peque\u00f1as\u201d que no compromet\u00edan sus vidas y que les estaban siendo suturadas en cirug\u00eda menor.&nbsp;<\/p>\n\n\n\n<p>\u201cTodav\u00eda faltan pacientes por llegar y otros est\u00e1n todav\u00eda en el policl\u00ednico de Venezuela, que hasta el momento no son lesiones tan graves, sino escoriaciones, golpes y contusiones\u201d, detall\u00f3 Padr\u00f3n Gonz\u00e1lez.<\/p>\n\n\n\n<figure class=\"wp-block-image size-large\"><img loading=\"lazy\" decoding=\"async\" width=\"741\" height=\"1024\" src=\"https:\/\/cdn1.mediawpaccore.net\/wp-content\/uploads\/2025\/11\/10131520\/Imagen-de-WhatsApp-2025-11-10-a-las-13.10.30_00501719-741x1024.jpg\" alt=\"\" class=\"wp-image-225488\" srcset=\"https:\/\/cdn1.mediawpaccore.net\/wp-content\/uploads\/2025\/11\/10131520\/Imagen-de-WhatsApp-2025-11-10-a-las-13.10.30_00501719-741x1024.jpg 741w, https:\/\/cdn1.mediawpaccore.net\/wp-content\/uploads\/2025\/11\/10131520\/Imagen-de-WhatsApp-2025-11-10-a-las-13.10.30_00501719-217x300.jpg 217w, https:\/\/cdn1.mediawpaccore.net\/wp-content\/uploads\/2025\/11\/10131520\/Imagen-de-WhatsApp-2025-11-10-a-las-13.10.30_00501719-768x1061.jpg 768w, https:\/\/cdn1.mediawpaccore.net\/wp-content\/uploads\/2025\/11\/10131520\/Imagen-de-WhatsApp-2025-11-10-a-las-13.10.30_00501719-1112x1536.jpg 1112w, https:\/\/cdn1.mediawpaccore.net\/wp-content\/uploads\/2025\/11\/10131520\/Imagen-de-WhatsApp-2025-11-10-a-las-13.10.30_00501719-304x420.jpg 304w, https:\/\/cdn1.mediawpaccore.net\/wp-content\/uploads\/2025\/11\/10131520\/Imagen-de-WhatsApp-2025-11-10-a-las-13.10.30_00501719-150x207.jpg 150w, https:\/\/cdn1.mediawpaccore.net\/wp-content\/uploads\/2025\/11\/10131520\/Imagen-de-WhatsApp-2025-11-10-a-las-13.10.30_00501719-300x415.jpg 300w, https:\/\/cdn1.mediawpaccore.net\/wp-content\/uploads\/2025\/11\/10131520\/Imagen-de-WhatsApp-2025-11-10-a-las-13.10.30_00501719-696x962.jpg 696w, https:\/\/cdn1.mediawpaccore.net\/wp-content\/uploads\/2025\/11\/10131520\/Imagen-de-WhatsApp-2025-11-10-a-las-13.10.30_00501719-1068x1476.jpg 1068w, https:\/\/cdn1.mediawpaccore.net\/wp-content\/uploads\/2025\/11\/10131520\/Imagen-de-WhatsApp-2025-11-10-a-las-13.10.30_00501719.jpg 1158w\" sizes=\"auto, (max-width: 741px) 100vw, 741px\" \/><\/figure>\n\n\n\n<p>La doctora hizo un aparte para referirse a un paciente \u201cgrave\u201d, con \u201cfractura de pelvis con l\u00edquido libre en cavidad\u201d, que deb\u00eda ser trasladado del policl\u00ednico local al hospital.<\/p>\n\n\n\n<p>A tenor con datos oficiales, los accidentes de tr\u00e1nsito se mantienen entre las principales causas de muerte en el pa\u00eds. Entre enero y agosto de este a\u00f1o se reportaron 502 fallecimientos, lo que representa el 80 % del total contabilizado en 2024. <\/p>\n\n\n\n<p>Seg\u00fan la Comisi\u00f3n Nacional de Seguridad Vial, la mayor parte de los siniestros se deben a errores humanos, pero tambi\u00e9n influye el deterioro progresivo de las carreteras.<\/p>\n","protected":false},"excerpt":{"rendered":"<p>El accidente involucr\u00f3 a una carreta y una guagua que transportaba trabajadores. <\/p>\n","protected":false},"author":30,"featured_media":225483,"comment_status":"open","ping_status":"closed","sticky":false,"template":"","format":"standard","meta":{"_acf_changed":false,"footnotes":""},"categories":[18,955],"tags":[4773,23370,941,2712],"class_list":{"0":"post-225481","1":"post","2":"type-post","3":"status-publish","4":"format-standard","5":"has-post-thumbnail","7":"category-noticias","8":"category-noticias-de-cuba","9":"tag-accidente-de-transito","10":"tag-accidente-en-ciego-de-avila","11":"tag-destacado","12":"tag-heridos"},"acf":[],"yoast_head":"<!-- This site is optimized with the Yoast SEO plugin v27.5 - https:\/\/yoast.com\/product\/yoast-seo-wordpress\/ -->\n<title>Casi 30 lesionados en accidente masivo en Ciego de \u00c1vila - Cuballama Noticias<\/title>\n<meta name=\"description\" content=\"Al menos 27 personas resultaron lesionadas tras un accidente de tr\u00e1nsito ocurrido este lunes en Ciego de \u00c1vila.\" \/>\n<meta name=\"robots\" content=\"index, follow, max-snippet:-1, max-image-preview:large, max-video-preview:-1\" \/>\n<link rel=\"canonical\" href=\"https:\/\/www.cuballama.com\/noticias\/casi-30-lesionados-en-accidente-masivo-en-ciego-de-avila\/\" \/>\n<meta property=\"og:locale\" content=\"es_ES\" \/>\n<meta property=\"og:type\" content=\"article\" \/>\n<meta property=\"og:title\" content=\"Casi 30 lesionados en accidente masivo en Ciego de \u00c1vila - Cuballama Noticias\" \/>\n<meta property=\"og:description\" content=\"Al menos 27 personas resultaron lesionadas tras un accidente de tr\u00e1nsito ocurrido este lunes en Ciego de \u00c1vila.\" \/>\n<meta property=\"og:url\" content=\"https:\/\/www.cuballama.com\/noticias\/casi-30-lesionados-en-accidente-masivo-en-ciego-de-avila\/\" \/>\n<meta property=\"og:site_name\" content=\"Cuballama Noticias\" \/>\n<meta property=\"article:publisher\" content=\"https:\/\/www.facebook.com\/CubaLlama\" \/>\n<meta property=\"article:published_time\" content=\"2025-11-10T18:16:19+00:00\" \/>\n<meta property=\"article:modified_time\" content=\"2025-11-10T18:19:19+00:00\" \/>\n<meta property=\"og:image\" content=\"https:\/\/cdn1.mediawpaccore.net\/wp-content\/uploads\/2025\/11\/10124444\/580355811_1407731301362702_8977138122794446687_n1.jpg\" \/>\n\t<meta property=\"og:image:width\" content=\"1200\" \/>\n\t<meta property=\"og:image:height\" content=\"630\" \/>\n\t<meta property=\"og:image:type\" content=\"image\/jpeg\" \/>\n<meta name=\"author\" content=\"Kathy\" \/>\n<meta name=\"twitter:card\" content=\"summary_large_image\" \/>\n<meta name=\"twitter:creator\" content=\"@cuballama\" \/>\n<meta name=\"twitter:site\" content=\"@cuballama\" \/>\n<meta name=\"twitter:label1\" content=\"Escrito por\" \/>\n\t<meta name=\"twitter:data1\" content=\"Kathy\" \/>\n\t<meta name=\"twitter:label2\" content=\"Tiempo de lectura\" \/>\n\t<meta name=\"twitter:data2\" content=\"3 minutos\" \/>\n<script type=\"application\/ld+json\" class=\"yoast-schema-graph\">{\"@context\":\"https:\\\/\\\/schema.org\",\"@graph\":[{\"@type\":\"Article\",\"@id\":\"https:\\\/\\\/www.cuballama.com\\\/noticias\\\/casi-30-lesionados-en-accidente-masivo-en-ciego-de-avila\\\/#article\",\"isPartOf\":{\"@id\":\"https:\\\/\\\/www.cuballama.com\\\/noticias\\\/casi-30-lesionados-en-accidente-masivo-en-ciego-de-avila\\\/\"},\"author\":{\"name\":\"Kathy\",\"@id\":\"https:\\\/\\\/www.cuballama.com\\\/noticias\\\/#\\\/schema\\\/person\\\/86cd3e3f4974437f031211213bf892d5\"},\"headline\":\"Casi 30 lesionados en accidente masivo en Ciego de \u00c1vila\",\"datePublished\":\"2025-11-10T18:16:19+00:00\",\"dateModified\":\"2025-11-10T18:19:19+00:00\",\"mainEntityOfPage\":{\"@id\":\"https:\\\/\\\/www.cuballama.com\\\/noticias\\\/casi-30-lesionados-en-accidente-masivo-en-ciego-de-avila\\\/\"},\"wordCount\":418,\"commentCount\":0,\"publisher\":{\"@id\":\"https:\\\/\\\/www.cuballama.com\\\/noticias\\\/#organization\"},\"image\":{\"@id\":\"https:\\\/\\\/www.cuballama.com\\\/noticias\\\/casi-30-lesionados-en-accidente-masivo-en-ciego-de-avila\\\/#primaryimage\"},\"thumbnailUrl\":\"https:\\\/\\\/cdn1.mediawpaccore.net\\\/wp-content\\\/uploads\\\/2025\\\/11\\\/10124444\\\/580355811_1407731301362702_8977138122794446687_n1.jpg\",\"keywords\":[\"accidente de tr\u00e1nsito\",\"accidente en Ciego de \u00c1vila\",\"destacado\",\"heridos\"],\"articleSection\":[\"Noticias\",\"Noticias de Cuba\"],\"inLanguage\":\"es\",\"potentialAction\":[{\"@type\":\"CommentAction\",\"name\":\"Comment\",\"target\":[\"https:\\\/\\\/www.cuballama.com\\\/noticias\\\/casi-30-lesionados-en-accidente-masivo-en-ciego-de-avila\\\/#respond\"]}]},{\"@type\":\"WebPage\",\"@id\":\"https:\\\/\\\/www.cuballama.com\\\/noticias\\\/casi-30-lesionados-en-accidente-masivo-en-ciego-de-avila\\\/\",\"url\":\"https:\\\/\\\/www.cuballama.com\\\/noticias\\\/casi-30-lesionados-en-accidente-masivo-en-ciego-de-avila\\\/\",\"name\":\"Casi 30 lesionados en accidente masivo en Ciego de \u00c1vila - Cuballama Noticias\",\"isPartOf\":{\"@id\":\"https:\\\/\\\/www.cuballama.com\\\/noticias\\\/#website\"},\"primaryImageOfPage\":{\"@id\":\"https:\\\/\\\/www.cuballama.com\\\/noticias\\\/casi-30-lesionados-en-accidente-masivo-en-ciego-de-avila\\\/#primaryimage\"},\"image\":{\"@id\":\"https:\\\/\\\/www.cuballama.com\\\/noticias\\\/casi-30-lesionados-en-accidente-masivo-en-ciego-de-avila\\\/#primaryimage\"},\"thumbnailUrl\":\"https:\\\/\\\/cdn1.mediawpaccore.net\\\/wp-content\\\/uploads\\\/2025\\\/11\\\/10124444\\\/580355811_1407731301362702_8977138122794446687_n1.jpg\",\"datePublished\":\"2025-11-10T18:16:19+00:00\",\"dateModified\":\"2025-11-10T18:19:19+00:00\",\"description\":\"Al menos 27 personas resultaron lesionadas tras un accidente de tr\u00e1nsito ocurrido este lunes en Ciego de \u00c1vila.\",\"breadcrumb\":{\"@id\":\"https:\\\/\\\/www.cuballama.com\\\/noticias\\\/casi-30-lesionados-en-accidente-masivo-en-ciego-de-avila\\\/#breadcrumb\"},\"inLanguage\":\"es\",\"potentialAction\":[{\"@type\":\"ReadAction\",\"target\":[\"https:\\\/\\\/www.cuballama.com\\\/noticias\\\/casi-30-lesionados-en-accidente-masivo-en-ciego-de-avila\\\/\"]}]},{\"@type\":\"ImageObject\",\"inLanguage\":\"es\",\"@id\":\"https:\\\/\\\/www.cuballama.com\\\/noticias\\\/casi-30-lesionados-en-accidente-masivo-en-ciego-de-avila\\\/#primaryimage\",\"url\":\"https:\\\/\\\/cdn1.mediawpaccore.net\\\/wp-content\\\/uploads\\\/2025\\\/11\\\/10124444\\\/580355811_1407731301362702_8977138122794446687_n1.jpg\",\"contentUrl\":\"https:\\\/\\\/cdn1.mediawpaccore.net\\\/wp-content\\\/uploads\\\/2025\\\/11\\\/10124444\\\/580355811_1407731301362702_8977138122794446687_n1.jpg\",\"width\":1200,\"height\":630,\"caption\":\"Accidente en Venezuela, Ciego de \u00c1vila. Foto: Facebook\\\/Peri\u00f3dico Invasor.\"},{\"@type\":\"BreadcrumbList\",\"@id\":\"https:\\\/\\\/www.cuballama.com\\\/noticias\\\/casi-30-lesionados-en-accidente-masivo-en-ciego-de-avila\\\/#breadcrumb\",\"itemListElement\":[{\"@type\":\"ListItem\",\"position\":1,\"name\":\"Home\",\"item\":\"https:\\\/\\\/www.cuballama.com\\\/noticias\\\/\"},{\"@type\":\"ListItem\",\"position\":2,\"name\":\"Casi 30 lesionados en accidente masivo en Ciego de \u00c1vila\"}]},{\"@type\":\"WebSite\",\"@id\":\"https:\\\/\\\/www.cuballama.com\\\/noticias\\\/#website\",\"url\":\"https:\\\/\\\/www.cuballama.com\\\/noticias\\\/\",\"name\":\"Cuballama Noticias\",\"description\":\"Medio digital sobre Cuba y el mundo\",\"publisher\":{\"@id\":\"https:\\\/\\\/www.cuballama.com\\\/noticias\\\/#organization\"},\"potentialAction\":[{\"@type\":\"SearchAction\",\"target\":{\"@type\":\"EntryPoint\",\"urlTemplate\":\"https:\\\/\\\/www.cuballama.com\\\/noticias\\\/?s={search_term_string}\"},\"query-input\":{\"@type\":\"PropertyValueSpecification\",\"valueRequired\":true,\"valueName\":\"search_term_string\"}}],\"inLanguage\":\"es\"},{\"@type\":\"Organization\",\"@id\":\"https:\\\/\\\/www.cuballama.com\\\/noticias\\\/#organization\",\"name\":\"Cuballama\",\"url\":\"https:\\\/\\\/www.cuballama.com\\\/noticias\\\/\",\"logo\":{\"@type\":\"ImageObject\",\"inLanguage\":\"es\",\"@id\":\"https:\\\/\\\/www.cuballama.com\\\/noticias\\\/#\\\/schema\\\/logo\\\/image\\\/\",\"url\":\"https:\\\/\\\/cdn1.mediawpaccore.net\\\/wp-content\\\/uploads\\\/2021\\\/12\\\/28171206\\\/cbll-logo-color-sm.png\",\"contentUrl\":\"https:\\\/\\\/cdn1.mediawpaccore.net\\\/wp-content\\\/uploads\\\/2021\\\/12\\\/28171206\\\/cbll-logo-color-sm.png\",\"width\":600,\"height\":133,\"caption\":\"Cuballama\"},\"image\":{\"@id\":\"https:\\\/\\\/www.cuballama.com\\\/noticias\\\/#\\\/schema\\\/logo\\\/image\\\/\"},\"sameAs\":[\"https:\\\/\\\/www.facebook.com\\\/CubaLlama\",\"https:\\\/\\\/x.com\\\/cuballama\",\"https:\\\/\\\/www.instagram.com\\\/stories\\\/cuballama_oficial\\\/\",\"https:\\\/\\\/www.youtube.com\\\/channel\\\/UCKkFE-d_axENGZcrc4as0IA\"]},{\"@type\":\"Person\",\"@id\":\"https:\\\/\\\/www.cuballama.com\\\/noticias\\\/#\\\/schema\\\/person\\\/86cd3e3f4974437f031211213bf892d5\",\"name\":\"Kathy\",\"url\":\"https:\\\/\\\/www.cuballama.com\\\/noticias\\\/author\\\/kathy\\\/\"}]}<\/script>\n<!-- \/ Yoast SEO plugin. -->","yoast_head_json":{"title":"Casi 30 lesionados en accidente masivo en Ciego de \u00c1vila - Cuballama Noticias","description":"Al menos 27 personas resultaron lesionadas tras un accidente de tr\u00e1nsito ocurrido este lunes en Ciego de \u00c1vila.","robots":{"index":"index","follow":"follow","max-snippet":"max-snippet:-1","max-image-preview":"max-image-preview:large","max-video-preview":"max-video-preview:-1"},"canonical":"https:\/\/www.cuballama.com\/noticias\/casi-30-lesionados-en-accidente-masivo-en-ciego-de-avila\/","og_locale":"es_ES","og_type":"article","og_title":"Casi 30 lesionados en accidente masivo en Ciego de \u00c1vila - Cuballama Noticias","og_description":"Al menos 27 personas resultaron lesionadas tras un accidente de tr\u00e1nsito ocurrido este lunes en Ciego de \u00c1vila.","og_url":"https:\/\/www.cuballama.com\/noticias\/casi-30-lesionados-en-accidente-masivo-en-ciego-de-avila\/","og_site_name":"Cuballama Noticias","article_publisher":"https:\/\/www.facebook.com\/CubaLlama","article_published_time":"2025-11-10T18:16:19+00:00","article_modified_time":"2025-11-10T18:19:19+00:00","og_image":[{"width":1200,"height":630,"url":"https:\/\/cdn1.mediawpaccore.net\/wp-content\/uploads\/2025\/11\/10124444\/580355811_1407731301362702_8977138122794446687_n1.jpg","type":"image\/jpeg"}],"author":"Kathy","twitter_card":"summary_large_image","twitter_creator":"@cuballama","twitter_site":"@cuballama","twitter_misc":{"Escrito por":"Kathy","Tiempo de lectura":"3 minutos"},"schema":{"@context":"https:\/\/schema.org","@graph":[{"@type":"Article","@id":"https:\/\/www.cuballama.com\/noticias\/casi-30-lesionados-en-accidente-masivo-en-ciego-de-avila\/#article","isPartOf":{"@id":"https:\/\/www.cuballama.com\/noticias\/casi-30-lesionados-en-accidente-masivo-en-ciego-de-avila\/"},"author":{"name":"Kathy","@id":"https:\/\/www.cuballama.com\/noticias\/#\/schema\/person\/86cd3e3f4974437f031211213bf892d5"},"headline":"Casi 30 lesionados en accidente masivo en Ciego de \u00c1vila","datePublished":"2025-11-10T18:16:19+00:00","dateModified":"2025-11-10T18:19:19+00:00","mainEntityOfPage":{"@id":"https:\/\/www.cuballama.com\/noticias\/casi-30-lesionados-en-accidente-masivo-en-ciego-de-avila\/"},"wordCount":418,"commentCount":0,"publisher":{"@id":"https:\/\/www.cuballama.com\/noticias\/#organization"},"image":{"@id":"https:\/\/www.cuballama.com\/noticias\/casi-30-lesionados-en-accidente-masivo-en-ciego-de-avila\/#primaryimage"},"thumbnailUrl":"https:\/\/cdn1.mediawpaccore.net\/wp-content\/uploads\/2025\/11\/10124444\/580355811_1407731301362702_8977138122794446687_n1.jpg","keywords":["accidente de tr\u00e1nsito","accidente en Ciego de \u00c1vila","destacado","heridos"],"articleSection":["Noticias","Noticias de Cuba"],"inLanguage":"es","potentialAction":[{"@type":"CommentAction","name":"Comment","target":["https:\/\/www.cuballama.com\/noticias\/casi-30-lesionados-en-accidente-masivo-en-ciego-de-avila\/#respond"]}]},{"@type":"WebPage","@id":"https:\/\/www.cuballama.com\/noticias\/casi-30-lesionados-en-accidente-masivo-en-ciego-de-avila\/","url":"https:\/\/www.cuballama.com\/noticias\/casi-30-lesionados-en-accidente-masivo-en-ciego-de-avila\/","name":"Casi 30 lesionados en accidente masivo en Ciego de \u00c1vila - Cuballama Noticias","isPartOf":{"@id":"https:\/\/www.cuballama.com\/noticias\/#website"},"primaryImageOfPage":{"@id":"https:\/\/www.cuballama.com\/noticias\/casi-30-lesionados-en-accidente-masivo-en-ciego-de-avila\/#primaryimage"},"image":{"@id":"https:\/\/www.cuballama.com\/noticias\/casi-30-lesionados-en-accidente-masivo-en-ciego-de-avila\/#primaryimage"},"thumbnailUrl":"https:\/\/cdn1.mediawpaccore.net\/wp-content\/uploads\/2025\/11\/10124444\/580355811_1407731301362702_8977138122794446687_n1.jpg","datePublished":"2025-11-10T18:16:19+00:00","dateModified":"2025-11-10T18:19:19+00:00","description":"Al menos 27 personas resultaron lesionadas tras un accidente de tr\u00e1nsito ocurrido este lunes en Ciego de \u00c1vila.","breadcrumb":{"@id":"https:\/\/www.cuballama.com\/noticias\/casi-30-lesionados-en-accidente-masivo-en-ciego-de-avila\/#breadcrumb"},"inLanguage":"es","potentialAction":[{"@type":"ReadAction","target":["https:\/\/www.cuballama.com\/noticias\/casi-30-lesionados-en-accidente-masivo-en-ciego-de-avila\/"]}]},{"@type":"ImageObject","inLanguage":"es","@id":"https:\/\/www.cuballama.com\/noticias\/casi-30-lesionados-en-accidente-masivo-en-ciego-de-avila\/#primaryimage","url":"https:\/\/cdn1.mediawpaccore.net\/wp-content\/uploads\/2025\/11\/10124444\/580355811_1407731301362702_8977138122794446687_n1.jpg","contentUrl":"https:\/\/cdn1.mediawpaccore.net\/wp-content\/uploads\/2025\/11\/10124444\/580355811_1407731301362702_8977138122794446687_n1.jpg","width":1200,"height":630,"caption":"Accidente en Venezuela, Ciego de \u00c1vila. Foto: Facebook\/Peri\u00f3dico Invasor."},{"@type":"BreadcrumbList","@id":"https:\/\/www.cuballama.com\/noticias\/casi-30-lesionados-en-accidente-masivo-en-ciego-de-avila\/#breadcrumb","itemListElement":[{"@type":"ListItem","position":1,"name":"Home","item":"https:\/\/www.cuballama.com\/noticias\/"},{"@type":"ListItem","position":2,"name":"Casi 30 lesionados en accidente masivo en Ciego de \u00c1vila"}]},{"@type":"WebSite","@id":"https:\/\/www.cuballama.com\/noticias\/#website","url":"https:\/\/www.cuballama.com\/noticias\/","name":"Cuballama Noticias","description":"Medio digital sobre Cuba y el mundo","publisher":{"@id":"https:\/\/www.cuballama.com\/noticias\/#organization"},"potentialAction":[{"@type":"SearchAction","target":{"@type":"EntryPoint","urlTemplate":"https:\/\/www.cuballama.com\/noticias\/?s={search_term_string}"},"query-input":{"@type":"PropertyValueSpecification","valueRequired":true,"valueName":"search_term_string"}}],"inLanguage":"es"},{"@type":"Organization","@id":"https:\/\/www.cuballama.com\/noticias\/#organization","name":"Cuballama","url":"https:\/\/www.cuballama.com\/noticias\/","logo":{"@type":"ImageObject","inLanguage":"es","@id":"https:\/\/www.cuballama.com\/noticias\/#\/schema\/logo\/image\/","url":"https:\/\/cdn1.mediawpaccore.net\/wp-content\/uploads\/2021\/12\/28171206\/cbll-logo-color-sm.png","contentUrl":"https:\/\/cdn1.mediawpaccore.net\/wp-content\/uploads\/2021\/12\/28171206\/cbll-logo-color-sm.png","width":600,"height":133,"caption":"Cuballama"},"image":{"@id":"https:\/\/www.cuballama.com\/noticias\/#\/schema\/logo\/image\/"},"sameAs":["https:\/\/www.facebook.com\/CubaLlama","https:\/\/x.com\/cuballama","https:\/\/www.instagram.com\/stories\/cuballama_oficial\/","https:\/\/www.youtube.com\/channel\/UCKkFE-d_axENGZcrc4as0IA"]},{"@type":"Person","@id":"https:\/\/www.cuballama.com\/noticias\/#\/schema\/person\/86cd3e3f4974437f031211213bf892d5","name":"Kathy","url":"https:\/\/www.cuballama.com\/noticias\/author\/kathy\/"}]}},"_links":{"self":[{"href":"https:\/\/www.cuballama.com\/noticias\/wp-json\/wp\/v2\/posts\/225481","targetHints":{"allow":["GET"]}}],"collection":[{"href":"https:\/\/www.cuballama.com\/noticias\/wp-json\/wp\/v2\/posts"}],"about":[{"href":"https:\/\/www.cuballama.com\/noticias\/wp-json\/wp\/v2\/types\/post"}],"author":[{"embeddable":true,"href":"https:\/\/www.cuballama.com\/noticias\/wp-json\/wp\/v2\/users\/30"}],"replies":[{"embeddable":true,"href":"https:\/\/www.cuballama.com\/noticias\/wp-json\/wp\/v2\/comments?post=225481"}],"version-history":[{"count":8,"href":"https:\/\/www.cuballama.com\/noticias\/wp-json\/wp\/v2\/posts\/225481\/revisions"}],"predecessor-version":[{"id":225495,"href":"https:\/\/www.cuballama.com\/noticias\/wp-json\/wp\/v2\/posts\/225481\/revisions\/225495"}],"wp:featuredmedia":[{"embeddable":true,"href":"https:\/\/www.cuballama.com\/noticias\/wp-json\/wp\/v2\/media\/225483"}],"wp:attachment":[{"href":"https:\/\/www.cuballama.com\/noticias\/wp-json\/wp\/v2\/media?parent=225481"}],"wp:term":[{"taxonomy":"category","embeddable":true,"href":"https:\/\/www.cuballama.com\/noticias\/wp-json\/wp\/v2\/categories?post=225481"},{"taxonomy":"post_tag","embeddable":true,"href":"https:\/\/www.cuballama.com\/noticias\/wp-json\/wp\/v2\/tags?post=225481"}],"curies":[{"name":"wp","href":"https:\/\/api.w.org\/{rel}","templated":true}]}}