{"id":225445,"date":"2025-12-02T10:23:16","date_gmt":"2025-12-02T15:23:16","guid":{"rendered":"https:\/\/www.cuballama.com\/noticias\/?p=225445"},"modified":"2025-12-02T10:23:19","modified_gmt":"2025-12-02T15:23:19","slug":"jessica-alba-y-danny-ramirez-hacen-oficial-su-romance-en-gala-de-gala","status":"publish","type":"post","link":"https:\/\/www.cuballama.com\/noticias\/jessica-alba-y-danny-ramirez-hacen-oficial-su-romance-en-gala-de-gala\/","title":{"rendered":"Jessica Alba y Danny Ram\u00edrez hacen oficial su romance en gala de gala"},"content":{"rendered":"\n<p>La actriz Jessica Alba y el actor Danny Ram\u00edrez hicieron finalmente p\u00fablica su relaci\u00f3n, pero lo hicieron con estilo. <\/p>\n\n\n\n<p>Sucedi\u00f3 en la gala ben\u00e9fica Baby2Baby Gala del 8 de noviembre de 2025, en el Pacific Design Center de West Hollywood, cuando ambos desfilaron juntos por la alfombra roja vestidos de etiqueta: ella con un vestido negro sin tirantes y un collar tipo choker de diamantes, \u00e9l con esmoquin cl\u00e1sico, recoge el magazine <a href=\"https:\/\/www.instyle.com\/jessica-alba-black-gown-spotted-choker-danny-ramirez-baby2baby-gala-11846418?utm_source=chatgpt.com\" target=\"_blank\" rel=\"noreferrer noopener\">InStyle<\/a>. <\/p>\n\n\n\n<p>En su cueta de <em><a href=\"https:\/\/www.instagram.com\/dannyramirez\/\" target=\"_blank\" rel=\"noreferrer noopener\">Instagram,<\/a><\/em> Ram\u00edrez public\u00f3 una serie de fotos del evento donde aparece junto a Alba en actitud cari\u00f1osa; ella, por su parte, comparti\u00f3 instant\u00e1neas en sus Stories con gesto de complicidad.<\/p>\n\n\n\n<figure class=\"wp-block-gallery has-nested-images columns-default is-cropped wp-block-gallery-1 is-layout-flex wp-block-gallery-is-layout-flex\">\n<figure class=\"wp-block-image size-large\"><img loading=\"lazy\" decoding=\"async\" width=\"1196\" height=\"620\" data-id=\"225471\" src=\"https:\/\/cdn1.mediawpaccore.net\/wp-content\/uploads\/2025\/11\/10103517\/580850647_18080607620276757_980919527253320253_n-e1762789027484.jpg\" alt=\"\" class=\"wp-image-225471\" srcset=\"https:\/\/cdn1.mediawpaccore.net\/wp-content\/uploads\/2025\/11\/10103517\/580850647_18080607620276757_980919527253320253_n-e1762789027484.jpg 1196w, https:\/\/cdn1.mediawpaccore.net\/wp-content\/uploads\/2025\/11\/10103517\/580850647_18080607620276757_980919527253320253_n-e1762789027484-300x156.jpg 300w, https:\/\/cdn1.mediawpaccore.net\/wp-content\/uploads\/2025\/11\/10103517\/580850647_18080607620276757_980919527253320253_n-e1762789027484-1024x531.jpg 1024w, https:\/\/cdn1.mediawpaccore.net\/wp-content\/uploads\/2025\/11\/10103517\/580850647_18080607620276757_980919527253320253_n-e1762789027484-768x398.jpg 768w, https:\/\/cdn1.mediawpaccore.net\/wp-content\/uploads\/2025\/11\/10103517\/580850647_18080607620276757_980919527253320253_n-e1762789027484-810x420.jpg 810w, https:\/\/cdn1.mediawpaccore.net\/wp-content\/uploads\/2025\/11\/10103517\/580850647_18080607620276757_980919527253320253_n-e1762789027484-150x78.jpg 150w, https:\/\/cdn1.mediawpaccore.net\/wp-content\/uploads\/2025\/11\/10103517\/580850647_18080607620276757_980919527253320253_n-e1762789027484-696x361.jpg 696w, https:\/\/cdn1.mediawpaccore.net\/wp-content\/uploads\/2025\/11\/10103517\/580850647_18080607620276757_980919527253320253_n-e1762789027484-1068x554.jpg 1068w\" sizes=\"auto, (max-width: 1196px) 100vw, 1196px\" \/><\/figure>\n\n\n\n<figure class=\"wp-block-image size-large\"><img loading=\"lazy\" decoding=\"async\" width=\"576\" height=\"1024\" data-id=\"225470\" src=\"https:\/\/cdn1.mediawpaccore.net\/wp-content\/uploads\/2025\/11\/10103515\/581012332_18080606363276757_7701241597074859181_n-576x1024.jpg\" alt=\"\" class=\"wp-image-225470\" srcset=\"https:\/\/cdn1.mediawpaccore.net\/wp-content\/uploads\/2025\/11\/10103515\/581012332_18080606363276757_7701241597074859181_n-576x1024.jpg 576w, https:\/\/cdn1.mediawpaccore.net\/wp-content\/uploads\/2025\/11\/10103515\/581012332_18080606363276757_7701241597074859181_n-169x300.jpg 169w, https:\/\/cdn1.mediawpaccore.net\/wp-content\/uploads\/2025\/11\/10103515\/581012332_18080606363276757_7701241597074859181_n-768x1365.jpg 768w, https:\/\/cdn1.mediawpaccore.net\/wp-content\/uploads\/2025\/11\/10103515\/581012332_18080606363276757_7701241597074859181_n-864x1536.jpg 864w, https:\/\/cdn1.mediawpaccore.net\/wp-content\/uploads\/2025\/11\/10103515\/581012332_18080606363276757_7701241597074859181_n-1152x2048.jpg 1152w, https:\/\/cdn1.mediawpaccore.net\/wp-content\/uploads\/2025\/11\/10103515\/581012332_18080606363276757_7701241597074859181_n-236x420.jpg 236w, https:\/\/cdn1.mediawpaccore.net\/wp-content\/uploads\/2025\/11\/10103515\/581012332_18080606363276757_7701241597074859181_n-150x267.jpg 150w, https:\/\/cdn1.mediawpaccore.net\/wp-content\/uploads\/2025\/11\/10103515\/581012332_18080606363276757_7701241597074859181_n-300x533.jpg 300w, https:\/\/cdn1.mediawpaccore.net\/wp-content\/uploads\/2025\/11\/10103515\/581012332_18080606363276757_7701241597074859181_n-696x1237.jpg 696w, https:\/\/cdn1.mediawpaccore.net\/wp-content\/uploads\/2025\/11\/10103515\/581012332_18080606363276757_7701241597074859181_n-1068x1898.jpg 1068w, https:\/\/cdn1.mediawpaccore.net\/wp-content\/uploads\/2025\/11\/10103515\/581012332_18080606363276757_7701241597074859181_n.jpg 1290w\" sizes=\"auto, (max-width: 576px) 100vw, 576px\" \/><\/figure>\n\n\n\n<figure class=\"wp-block-image size-large\"><img loading=\"lazy\" decoding=\"async\" width=\"576\" height=\"1024\" data-id=\"225469\" src=\"https:\/\/cdn1.mediawpaccore.net\/wp-content\/uploads\/2025\/11\/10103517\/576501383_18080605877276757_625174403308503011_n-576x1024.jpg\" alt=\"\" class=\"wp-image-225469\" srcset=\"https:\/\/cdn1.mediawpaccore.net\/wp-content\/uploads\/2025\/11\/10103517\/576501383_18080605877276757_625174403308503011_n-576x1024.jpg 576w, https:\/\/cdn1.mediawpaccore.net\/wp-content\/uploads\/2025\/11\/10103517\/576501383_18080605877276757_625174403308503011_n-169x300.jpg 169w, https:\/\/cdn1.mediawpaccore.net\/wp-content\/uploads\/2025\/11\/10103517\/576501383_18080605877276757_625174403308503011_n-768x1365.jpg 768w, https:\/\/cdn1.mediawpaccore.net\/wp-content\/uploads\/2025\/11\/10103517\/576501383_18080605877276757_625174403308503011_n-864x1536.jpg 864w, https:\/\/cdn1.mediawpaccore.net\/wp-content\/uploads\/2025\/11\/10103517\/576501383_18080605877276757_625174403308503011_n-1152x2048.jpg 1152w, https:\/\/cdn1.mediawpaccore.net\/wp-content\/uploads\/2025\/11\/10103517\/576501383_18080605877276757_625174403308503011_n-236x420.jpg 236w, https:\/\/cdn1.mediawpaccore.net\/wp-content\/uploads\/2025\/11\/10103517\/576501383_18080605877276757_625174403308503011_n-150x267.jpg 150w, https:\/\/cdn1.mediawpaccore.net\/wp-content\/uploads\/2025\/11\/10103517\/576501383_18080605877276757_625174403308503011_n-300x533.jpg 300w, https:\/\/cdn1.mediawpaccore.net\/wp-content\/uploads\/2025\/11\/10103517\/576501383_18080605877276757_625174403308503011_n-696x1237.jpg 696w, https:\/\/cdn1.mediawpaccore.net\/wp-content\/uploads\/2025\/11\/10103517\/576501383_18080605877276757_625174403308503011_n-1068x1898.jpg 1068w, https:\/\/cdn1.mediawpaccore.net\/wp-content\/uploads\/2025\/11\/10103517\/576501383_18080605877276757_625174403308503011_n.jpg 1290w\" sizes=\"auto, (max-width: 576px) 100vw, 576px\" \/><\/figure>\n<\/figure>\n\n\n\n<p>La gala, que recaud\u00f3 19,5 millones de d\u00f3lares para apoyar a madres y ni\u00f1os en situaci\u00f3n de vulnerabilidad, sirvi\u00f3 tambi\u00e9n de escenario para que la pareja pasara del rumor al \u201cInstagram-oficial\u201d. Alba, que dirige la empresa de productos para el hogar y la familia, aparece en este nuevo cap\u00edtulo personal con una energ\u00eda afirmativa; Ram\u00edrez, con 33 a\u00f1os, ha mantenido discreci\u00f3n hasta ahora. La aparici\u00f3n conjunta sugiere que ambos est\u00e1n dispuestos a que la relaci\u00f3n trascienda el \u00e1mbito privado.<\/p>\n\n\n\n<p>Para Alba, de 44 a\u00f1os, esta nueva etapa llega luego de su divorcio de Cash Warren, anunciado oficialmente en febrero. Los eventos recientes sugieren que ha decidido abrir un nuevo cap\u00edtulo, guiada por su trabajo, su rol como madre y \u2014esta vez\u2014 un v\u00ednculo visualmente consolidado.<\/p>\n\n\n\n<p>Al observar la escena, cobra relevancia que esta \u201coficializaci\u00f3n\u201d no se limite a la alfombra roja: se trata de reforzar con fotos, stories y reconocimiento p\u00fablico lo que meses atr\u00e1s era rumor. En un entorno de celebridades donde los romances se aceleran y desaparecen, la jugada es doble: protagonizar la noche ben\u00e9fica y hacerla personal.<\/p>\n\n\n\n<p>Debe verse c\u00f3mo evolucionar\u00e1 esta relaci\u00f3n bajo el escrutinio medi\u00e1tico y en una industria en la que cualquier paso queda registrado. De momento, la se\u00f1al es clara: Jessica Alba y Danny Ram\u00edrez han decidido finalmente mostrarse juntos y hacerlo con intenci\u00f3n.<\/p>\n\n\n\n<p><\/p>\n","protected":false},"excerpt":{"rendered":"<p>En Instagram, Danny Ram\u00edrez public\u00f3 una serie de fotos del evento donde aparece junto a Alba en actitud cari\u00f1osa; ella, por su parte, comparti\u00f3 instant\u00e1neas en sus Stories con gesto de complicidad.<\/p>\n","protected":false},"author":13,"featured_media":225471,"comment_status":"open","ping_status":"closed","sticky":false,"template":"","format":"standard","meta":{"_acf_changed":false,"footnotes":""},"categories":[443],"tags":[18382,29053,23566,29052,7314,23908,12337],"class_list":{"0":"post-225445","1":"post","2":"type-post","3":"status-publish","4":"format-standard","5":"has-post-thumbnail","7":"category-farandula","8":"tag-alfombra-roja","9":"tag-baby2baby","10":"tag-celebrities","11":"tag-danny-ramirez-2","12":"tag-gala","13":"tag-jessica-alba","14":"tag-romance"},"acf":[],"yoast_head":"<!-- This site is optimized with the Yoast SEO plugin v27.4 - https:\/\/yoast.com\/product\/yoast-seo-wordpress\/ -->\n<title>Jessica Alba y Danny Ram\u00edrez hacen oficial su romance en gala de gala - Cuballama Noticias<\/title>\n<meta name=\"description\" content=\"Jessica Alba y Danny Ram\u00edrez se muestran juntos por 1ra vez. Hacen su relaci\u00f3n oficial con fotos de Instagram y un paseo en la alfombra roja.\" \/>\n<meta name=\"robots\" content=\"index, follow, max-snippet:-1, max-image-preview:large, max-video-preview:-1\" \/>\n<link rel=\"canonical\" href=\"https:\/\/www.cuballama.com\/noticias\/jessica-alba-y-danny-ramirez-hacen-oficial-su-romance-en-gala-de-gala\/\" \/>\n<meta property=\"og:locale\" content=\"es_ES\" \/>\n<meta property=\"og:type\" content=\"article\" \/>\n<meta property=\"og:title\" content=\"Jessica Alba y Danny Ram\u00edrez hacen oficial su romance en gala de gala - Cuballama Noticias\" \/>\n<meta property=\"og:description\" content=\"Jessica Alba y Danny Ram\u00edrez se muestran juntos por 1ra vez. Hacen su relaci\u00f3n oficial con fotos de Instagram y un paseo en la alfombra roja.\" \/>\n<meta property=\"og:url\" content=\"https:\/\/www.cuballama.com\/noticias\/jessica-alba-y-danny-ramirez-hacen-oficial-su-romance-en-gala-de-gala\/\" \/>\n<meta property=\"og:site_name\" content=\"Cuballama Noticias\" \/>\n<meta property=\"article:publisher\" content=\"https:\/\/www.facebook.com\/CubaLlama\" \/>\n<meta property=\"article:published_time\" content=\"2025-12-02T15:23:16+00:00\" \/>\n<meta property=\"article:modified_time\" content=\"2025-12-02T15:23:19+00:00\" \/>\n<meta property=\"og:image\" content=\"https:\/\/cdn1.mediawpaccore.net\/wp-content\/uploads\/2025\/11\/10103517\/580850647_18080607620276757_980919527253320253_n-e1762789027484.jpg\" \/>\n\t<meta property=\"og:image:width\" content=\"1196\" \/>\n\t<meta property=\"og:image:height\" content=\"620\" \/>\n\t<meta property=\"og:image:type\" content=\"image\/jpeg\" \/>\n<meta name=\"author\" content=\"Roberto A.\" \/>\n<meta name=\"twitter:card\" content=\"summary_large_image\" \/>\n<meta name=\"twitter:creator\" content=\"@cuballama\" \/>\n<meta name=\"twitter:site\" content=\"@cuballama\" \/>\n<meta name=\"twitter:label1\" content=\"Escrito por\" \/>\n\t<meta name=\"twitter:data1\" content=\"Roberto A.\" \/>\n\t<meta name=\"twitter:label2\" content=\"Tiempo de lectura\" \/>\n\t<meta name=\"twitter:data2\" content=\"3 minutos\" \/>\n<script type=\"application\/ld+json\" class=\"yoast-schema-graph\">{\"@context\":\"https:\\\/\\\/schema.org\",\"@graph\":[{\"@type\":\"Article\",\"@id\":\"https:\\\/\\\/www.cuballama.com\\\/noticias\\\/jessica-alba-y-danny-ramirez-hacen-oficial-su-romance-en-gala-de-gala\\\/#article\",\"isPartOf\":{\"@id\":\"https:\\\/\\\/www.cuballama.com\\\/noticias\\\/jessica-alba-y-danny-ramirez-hacen-oficial-su-romance-en-gala-de-gala\\\/\"},\"author\":{\"name\":\"Roberto A.\",\"@id\":\"https:\\\/\\\/www.cuballama.com\\\/noticias\\\/#\\\/schema\\\/person\\\/a58502ed4146c8e9f83872e897c76cd2\"},\"headline\":\"Jessica Alba y Danny Ram\u00edrez hacen oficial su romance en gala de gala\",\"datePublished\":\"2025-12-02T15:23:16+00:00\",\"dateModified\":\"2025-12-02T15:23:19+00:00\",\"mainEntityOfPage\":{\"@id\":\"https:\\\/\\\/www.cuballama.com\\\/noticias\\\/jessica-alba-y-danny-ramirez-hacen-oficial-su-romance-en-gala-de-gala\\\/\"},\"wordCount\":371,\"commentCount\":0,\"publisher\":{\"@id\":\"https:\\\/\\\/www.cuballama.com\\\/noticias\\\/#organization\"},\"image\":{\"@id\":\"https:\\\/\\\/www.cuballama.com\\\/noticias\\\/jessica-alba-y-danny-ramirez-hacen-oficial-su-romance-en-gala-de-gala\\\/#primaryimage\"},\"thumbnailUrl\":\"https:\\\/\\\/cdn1.mediawpaccore.net\\\/wp-content\\\/uploads\\\/2025\\\/11\\\/10103517\\\/580850647_18080607620276757_980919527253320253_n-e1762789027484.jpg\",\"keywords\":[\"alfombra roja\",\"Baby2Baby\",\"celebrities\",\"Danny Ram\u00edrez\",\"gala\",\"Jessica Alba\",\"romance\"],\"articleSection\":[\"Far\u00e1ndula\"],\"inLanguage\":\"es\",\"potentialAction\":[{\"@type\":\"CommentAction\",\"name\":\"Comment\",\"target\":[\"https:\\\/\\\/www.cuballama.com\\\/noticias\\\/jessica-alba-y-danny-ramirez-hacen-oficial-su-romance-en-gala-de-gala\\\/#respond\"]}]},{\"@type\":\"WebPage\",\"@id\":\"https:\\\/\\\/www.cuballama.com\\\/noticias\\\/jessica-alba-y-danny-ramirez-hacen-oficial-su-romance-en-gala-de-gala\\\/\",\"url\":\"https:\\\/\\\/www.cuballama.com\\\/noticias\\\/jessica-alba-y-danny-ramirez-hacen-oficial-su-romance-en-gala-de-gala\\\/\",\"name\":\"Jessica Alba y Danny Ram\u00edrez hacen oficial su romance en gala de gala - Cuballama Noticias\",\"isPartOf\":{\"@id\":\"https:\\\/\\\/www.cuballama.com\\\/noticias\\\/#website\"},\"primaryImageOfPage\":{\"@id\":\"https:\\\/\\\/www.cuballama.com\\\/noticias\\\/jessica-alba-y-danny-ramirez-hacen-oficial-su-romance-en-gala-de-gala\\\/#primaryimage\"},\"image\":{\"@id\":\"https:\\\/\\\/www.cuballama.com\\\/noticias\\\/jessica-alba-y-danny-ramirez-hacen-oficial-su-romance-en-gala-de-gala\\\/#primaryimage\"},\"thumbnailUrl\":\"https:\\\/\\\/cdn1.mediawpaccore.net\\\/wp-content\\\/uploads\\\/2025\\\/11\\\/10103517\\\/580850647_18080607620276757_980919527253320253_n-e1762789027484.jpg\",\"datePublished\":\"2025-12-02T15:23:16+00:00\",\"dateModified\":\"2025-12-02T15:23:19+00:00\",\"description\":\"Jessica Alba y Danny Ram\u00edrez se muestran juntos por 1ra vez. Hacen su relaci\u00f3n oficial con fotos de Instagram y un paseo en la alfombra roja.\",\"breadcrumb\":{\"@id\":\"https:\\\/\\\/www.cuballama.com\\\/noticias\\\/jessica-alba-y-danny-ramirez-hacen-oficial-su-romance-en-gala-de-gala\\\/#breadcrumb\"},\"inLanguage\":\"es\",\"potentialAction\":[{\"@type\":\"ReadAction\",\"target\":[\"https:\\\/\\\/www.cuballama.com\\\/noticias\\\/jessica-alba-y-danny-ramirez-hacen-oficial-su-romance-en-gala-de-gala\\\/\"]}]},{\"@type\":\"ImageObject\",\"inLanguage\":\"es\",\"@id\":\"https:\\\/\\\/www.cuballama.com\\\/noticias\\\/jessica-alba-y-danny-ramirez-hacen-oficial-su-romance-en-gala-de-gala\\\/#primaryimage\",\"url\":\"https:\\\/\\\/cdn1.mediawpaccore.net\\\/wp-content\\\/uploads\\\/2025\\\/11\\\/10103517\\\/580850647_18080607620276757_980919527253320253_n-e1762789027484.jpg\",\"contentUrl\":\"https:\\\/\\\/cdn1.mediawpaccore.net\\\/wp-content\\\/uploads\\\/2025\\\/11\\\/10103517\\\/580850647_18080607620276757_980919527253320253_n-e1762789027484.jpg\",\"width\":1196,\"height\":620,\"caption\":\"Danny Ramirez con Jessica Alba a su izquierda (derecha en la foto) Foto: V\u00eda Instagram \\\/ Danny Ram\u00edrez\"},{\"@type\":\"BreadcrumbList\",\"@id\":\"https:\\\/\\\/www.cuballama.com\\\/noticias\\\/jessica-alba-y-danny-ramirez-hacen-oficial-su-romance-en-gala-de-gala\\\/#breadcrumb\",\"itemListElement\":[{\"@type\":\"ListItem\",\"position\":1,\"name\":\"Home\",\"item\":\"https:\\\/\\\/www.cuballama.com\\\/noticias\\\/\"},{\"@type\":\"ListItem\",\"position\":2,\"name\":\"Jessica Alba y Danny Ram\u00edrez hacen oficial su romance en gala de gala\"}]},{\"@type\":\"WebSite\",\"@id\":\"https:\\\/\\\/www.cuballama.com\\\/noticias\\\/#website\",\"url\":\"https:\\\/\\\/www.cuballama.com\\\/noticias\\\/\",\"name\":\"Cuballama Noticias\",\"description\":\"Medio digital sobre Cuba y el mundo\",\"publisher\":{\"@id\":\"https:\\\/\\\/www.cuballama.com\\\/noticias\\\/#organization\"},\"potentialAction\":[{\"@type\":\"SearchAction\",\"target\":{\"@type\":\"EntryPoint\",\"urlTemplate\":\"https:\\\/\\\/www.cuballama.com\\\/noticias\\\/?s={search_term_string}\"},\"query-input\":{\"@type\":\"PropertyValueSpecification\",\"valueRequired\":true,\"valueName\":\"search_term_string\"}}],\"inLanguage\":\"es\"},{\"@type\":\"Organization\",\"@id\":\"https:\\\/\\\/www.cuballama.com\\\/noticias\\\/#organization\",\"name\":\"Cuballama\",\"url\":\"https:\\\/\\\/www.cuballama.com\\\/noticias\\\/\",\"logo\":{\"@type\":\"ImageObject\",\"inLanguage\":\"es\",\"@id\":\"https:\\\/\\\/www.cuballama.com\\\/noticias\\\/#\\\/schema\\\/logo\\\/image\\\/\",\"url\":\"https:\\\/\\\/cdn1.mediawpaccore.net\\\/wp-content\\\/uploads\\\/2021\\\/12\\\/28171206\\\/cbll-logo-color-sm.png\",\"contentUrl\":\"https:\\\/\\\/cdn1.mediawpaccore.net\\\/wp-content\\\/uploads\\\/2021\\\/12\\\/28171206\\\/cbll-logo-color-sm.png\",\"width\":600,\"height\":133,\"caption\":\"Cuballama\"},\"image\":{\"@id\":\"https:\\\/\\\/www.cuballama.com\\\/noticias\\\/#\\\/schema\\\/logo\\\/image\\\/\"},\"sameAs\":[\"https:\\\/\\\/www.facebook.com\\\/CubaLlama\",\"https:\\\/\\\/x.com\\\/cuballama\",\"https:\\\/\\\/www.instagram.com\\\/stories\\\/cuballama_oficial\\\/\",\"https:\\\/\\\/www.youtube.com\\\/channel\\\/UCKkFE-d_axENGZcrc4as0IA\"]},{\"@type\":\"Person\",\"@id\":\"https:\\\/\\\/www.cuballama.com\\\/noticias\\\/#\\\/schema\\\/person\\\/a58502ed4146c8e9f83872e897c76cd2\",\"name\":\"Roberto A.\",\"description\":\"Roberto A. Periodista por decisi\u00f3n propia. Interesado en cualquier tema que me apasione y cada vez m\u00e1s comprometido con la verdad y la objetividad period\u00edstica. Graduado en La Habana hace ya muchos a\u00f1os, luego de una accidentada y polvorienta b\u00fasqueda de informaci\u00f3n sobre un tema in\u00e9dito. La Tesis, por cierto, desapareci\u00f3 de la biblioteca y no se conservan copias de la misma.\",\"url\":\"https:\\\/\\\/www.cuballama.com\\\/noticias\\\/author\\\/roberto\\\/\"}]}<\/script>\n<!-- \/ Yoast SEO plugin. -->","yoast_head_json":{"title":"Jessica Alba y Danny Ram\u00edrez hacen oficial su romance en gala de gala - Cuballama Noticias","description":"Jessica Alba y Danny Ram\u00edrez se muestran juntos por 1ra vez. Hacen su relaci\u00f3n oficial con fotos de Instagram y un paseo en la alfombra roja.","robots":{"index":"index","follow":"follow","max-snippet":"max-snippet:-1","max-image-preview":"max-image-preview:large","max-video-preview":"max-video-preview:-1"},"canonical":"https:\/\/www.cuballama.com\/noticias\/jessica-alba-y-danny-ramirez-hacen-oficial-su-romance-en-gala-de-gala\/","og_locale":"es_ES","og_type":"article","og_title":"Jessica Alba y Danny Ram\u00edrez hacen oficial su romance en gala de gala - Cuballama Noticias","og_description":"Jessica Alba y Danny Ram\u00edrez se muestran juntos por 1ra vez. Hacen su relaci\u00f3n oficial con fotos de Instagram y un paseo en la alfombra roja.","og_url":"https:\/\/www.cuballama.com\/noticias\/jessica-alba-y-danny-ramirez-hacen-oficial-su-romance-en-gala-de-gala\/","og_site_name":"Cuballama Noticias","article_publisher":"https:\/\/www.facebook.com\/CubaLlama","article_published_time":"2025-12-02T15:23:16+00:00","article_modified_time":"2025-12-02T15:23:19+00:00","og_image":[{"width":1196,"height":620,"url":"https:\/\/cdn1.mediawpaccore.net\/wp-content\/uploads\/2025\/11\/10103517\/580850647_18080607620276757_980919527253320253_n-e1762789027484.jpg","type":"image\/jpeg"}],"author":"Roberto A.","twitter_card":"summary_large_image","twitter_creator":"@cuballama","twitter_site":"@cuballama","twitter_misc":{"Escrito por":"Roberto A.","Tiempo de lectura":"3 minutos"},"schema":{"@context":"https:\/\/schema.org","@graph":[{"@type":"Article","@id":"https:\/\/www.cuballama.com\/noticias\/jessica-alba-y-danny-ramirez-hacen-oficial-su-romance-en-gala-de-gala\/#article","isPartOf":{"@id":"https:\/\/www.cuballama.com\/noticias\/jessica-alba-y-danny-ramirez-hacen-oficial-su-romance-en-gala-de-gala\/"},"author":{"name":"Roberto A.","@id":"https:\/\/www.cuballama.com\/noticias\/#\/schema\/person\/a58502ed4146c8e9f83872e897c76cd2"},"headline":"Jessica Alba y Danny Ram\u00edrez hacen oficial su romance en gala de gala","datePublished":"2025-12-02T15:23:16+00:00","dateModified":"2025-12-02T15:23:19+00:00","mainEntityOfPage":{"@id":"https:\/\/www.cuballama.com\/noticias\/jessica-alba-y-danny-ramirez-hacen-oficial-su-romance-en-gala-de-gala\/"},"wordCount":371,"commentCount":0,"publisher":{"@id":"https:\/\/www.cuballama.com\/noticias\/#organization"},"image":{"@id":"https:\/\/www.cuballama.com\/noticias\/jessica-alba-y-danny-ramirez-hacen-oficial-su-romance-en-gala-de-gala\/#primaryimage"},"thumbnailUrl":"https:\/\/cdn1.mediawpaccore.net\/wp-content\/uploads\/2025\/11\/10103517\/580850647_18080607620276757_980919527253320253_n-e1762789027484.jpg","keywords":["alfombra roja","Baby2Baby","celebrities","Danny Ram\u00edrez","gala","Jessica Alba","romance"],"articleSection":["Far\u00e1ndula"],"inLanguage":"es","potentialAction":[{"@type":"CommentAction","name":"Comment","target":["https:\/\/www.cuballama.com\/noticias\/jessica-alba-y-danny-ramirez-hacen-oficial-su-romance-en-gala-de-gala\/#respond"]}]},{"@type":"WebPage","@id":"https:\/\/www.cuballama.com\/noticias\/jessica-alba-y-danny-ramirez-hacen-oficial-su-romance-en-gala-de-gala\/","url":"https:\/\/www.cuballama.com\/noticias\/jessica-alba-y-danny-ramirez-hacen-oficial-su-romance-en-gala-de-gala\/","name":"Jessica Alba y Danny Ram\u00edrez hacen oficial su romance en gala de gala - Cuballama Noticias","isPartOf":{"@id":"https:\/\/www.cuballama.com\/noticias\/#website"},"primaryImageOfPage":{"@id":"https:\/\/www.cuballama.com\/noticias\/jessica-alba-y-danny-ramirez-hacen-oficial-su-romance-en-gala-de-gala\/#primaryimage"},"image":{"@id":"https:\/\/www.cuballama.com\/noticias\/jessica-alba-y-danny-ramirez-hacen-oficial-su-romance-en-gala-de-gala\/#primaryimage"},"thumbnailUrl":"https:\/\/cdn1.mediawpaccore.net\/wp-content\/uploads\/2025\/11\/10103517\/580850647_18080607620276757_980919527253320253_n-e1762789027484.jpg","datePublished":"2025-12-02T15:23:16+00:00","dateModified":"2025-12-02T15:23:19+00:00","description":"Jessica Alba y Danny Ram\u00edrez se muestran juntos por 1ra vez. Hacen su relaci\u00f3n oficial con fotos de Instagram y un paseo en la alfombra roja.","breadcrumb":{"@id":"https:\/\/www.cuballama.com\/noticias\/jessica-alba-y-danny-ramirez-hacen-oficial-su-romance-en-gala-de-gala\/#breadcrumb"},"inLanguage":"es","potentialAction":[{"@type":"ReadAction","target":["https:\/\/www.cuballama.com\/noticias\/jessica-alba-y-danny-ramirez-hacen-oficial-su-romance-en-gala-de-gala\/"]}]},{"@type":"ImageObject","inLanguage":"es","@id":"https:\/\/www.cuballama.com\/noticias\/jessica-alba-y-danny-ramirez-hacen-oficial-su-romance-en-gala-de-gala\/#primaryimage","url":"https:\/\/cdn1.mediawpaccore.net\/wp-content\/uploads\/2025\/11\/10103517\/580850647_18080607620276757_980919527253320253_n-e1762789027484.jpg","contentUrl":"https:\/\/cdn1.mediawpaccore.net\/wp-content\/uploads\/2025\/11\/10103517\/580850647_18080607620276757_980919527253320253_n-e1762789027484.jpg","width":1196,"height":620,"caption":"Danny Ramirez con Jessica Alba a su izquierda (derecha en la foto) Foto: V\u00eda Instagram \/ Danny Ram\u00edrez"},{"@type":"BreadcrumbList","@id":"https:\/\/www.cuballama.com\/noticias\/jessica-alba-y-danny-ramirez-hacen-oficial-su-romance-en-gala-de-gala\/#breadcrumb","itemListElement":[{"@type":"ListItem","position":1,"name":"Home","item":"https:\/\/www.cuballama.com\/noticias\/"},{"@type":"ListItem","position":2,"name":"Jessica Alba y Danny Ram\u00edrez hacen oficial su romance en gala de gala"}]},{"@type":"WebSite","@id":"https:\/\/www.cuballama.com\/noticias\/#website","url":"https:\/\/www.cuballama.com\/noticias\/","name":"Cuballama Noticias","description":"Medio digital sobre Cuba y el mundo","publisher":{"@id":"https:\/\/www.cuballama.com\/noticias\/#organization"},"potentialAction":[{"@type":"SearchAction","target":{"@type":"EntryPoint","urlTemplate":"https:\/\/www.cuballama.com\/noticias\/?s={search_term_string}"},"query-input":{"@type":"PropertyValueSpecification","valueRequired":true,"valueName":"search_term_string"}}],"inLanguage":"es"},{"@type":"Organization","@id":"https:\/\/www.cuballama.com\/noticias\/#organization","name":"Cuballama","url":"https:\/\/www.cuballama.com\/noticias\/","logo":{"@type":"ImageObject","inLanguage":"es","@id":"https:\/\/www.cuballama.com\/noticias\/#\/schema\/logo\/image\/","url":"https:\/\/cdn1.mediawpaccore.net\/wp-content\/uploads\/2021\/12\/28171206\/cbll-logo-color-sm.png","contentUrl":"https:\/\/cdn1.mediawpaccore.net\/wp-content\/uploads\/2021\/12\/28171206\/cbll-logo-color-sm.png","width":600,"height":133,"caption":"Cuballama"},"image":{"@id":"https:\/\/www.cuballama.com\/noticias\/#\/schema\/logo\/image\/"},"sameAs":["https:\/\/www.facebook.com\/CubaLlama","https:\/\/x.com\/cuballama","https:\/\/www.instagram.com\/stories\/cuballama_oficial\/","https:\/\/www.youtube.com\/channel\/UCKkFE-d_axENGZcrc4as0IA"]},{"@type":"Person","@id":"https:\/\/www.cuballama.com\/noticias\/#\/schema\/person\/a58502ed4146c8e9f83872e897c76cd2","name":"Roberto A.","description":"Roberto A. Periodista por decisi\u00f3n propia. Interesado en cualquier tema que me apasione y cada vez m\u00e1s comprometido con la verdad y la objetividad period\u00edstica. Graduado en La Habana hace ya muchos a\u00f1os, luego de una accidentada y polvorienta b\u00fasqueda de informaci\u00f3n sobre un tema in\u00e9dito. La Tesis, por cierto, desapareci\u00f3 de la biblioteca y no se conservan copias de la misma.","url":"https:\/\/www.cuballama.com\/noticias\/author\/roberto\/"}]}},"_links":{"self":[{"href":"https:\/\/www.cuballama.com\/noticias\/wp-json\/wp\/v2\/posts\/225445","targetHints":{"allow":["GET"]}}],"collection":[{"href":"https:\/\/www.cuballama.com\/noticias\/wp-json\/wp\/v2\/posts"}],"about":[{"href":"https:\/\/www.cuballama.com\/noticias\/wp-json\/wp\/v2\/types\/post"}],"author":[{"embeddable":true,"href":"https:\/\/www.cuballama.com\/noticias\/wp-json\/wp\/v2\/users\/13"}],"replies":[{"embeddable":true,"href":"https:\/\/www.cuballama.com\/noticias\/wp-json\/wp\/v2\/comments?post=225445"}],"version-history":[{"count":4,"href":"https:\/\/www.cuballama.com\/noticias\/wp-json\/wp\/v2\/posts\/225445\/revisions"}],"predecessor-version":[{"id":225474,"href":"https:\/\/www.cuballama.com\/noticias\/wp-json\/wp\/v2\/posts\/225445\/revisions\/225474"}],"wp:featuredmedia":[{"embeddable":true,"href":"https:\/\/www.cuballama.com\/noticias\/wp-json\/wp\/v2\/media\/225471"}],"wp:attachment":[{"href":"https:\/\/www.cuballama.com\/noticias\/wp-json\/wp\/v2\/media?parent=225445"}],"wp:term":[{"taxonomy":"category","embeddable":true,"href":"https:\/\/www.cuballama.com\/noticias\/wp-json\/wp\/v2\/categories?post=225445"},{"taxonomy":"post_tag","embeddable":true,"href":"https:\/\/www.cuballama.com\/noticias\/wp-json\/wp\/v2\/tags?post=225445"}],"curies":[{"name":"wp","href":"https:\/\/api.w.org\/{rel}","templated":true}]}}