{"id":225408,"date":"2025-11-10T09:28:43","date_gmt":"2025-11-10T14:28:43","guid":{"rendered":"https:\/\/www.cuballama.com\/noticias\/?p=225408"},"modified":"2025-11-10T09:28:45","modified_gmt":"2025-11-10T14:28:45","slug":"amanda-no-permitira-que-sus-hijas-se-queden-con-ultrack-te-dije-que-no-se-iban-mas-contigo","status":"publish","type":"post","link":"https:\/\/www.cuballama.com\/noticias\/amanda-no-permitira-que-sus-hijas-se-queden-con-ultrack-te-dije-que-no-se-iban-mas-contigo\/","title":{"rendered":"Amanda no permitir\u00e1 que sus hijas se queden con Ultrack: \u201cTe dije que no se iban m\u00e1s contigo\u201d"},"content":{"rendered":"\n<p>La cantante e influencer cubana Amanda S\u00e1nchez, expareja del creador de contenido Jorge Batista \u2014conocido como Ultrack\u2014, declar\u00f3 p\u00fablicamente que no permitir\u00e1 que sus hijas, Libertad y Victoria, pasen m\u00e1s tiempo con su padre hasta que ambos se enfrenten en un proceso legal por la custodia.<\/p>\n\n\n\n<p>\u201cPara el que no lo sepa, las ni\u00f1as no se van m\u00e1s con Ultrack hasta que \u00e9l no me lleve a corte. Pero como \u00e9l dijo que no me va a llevar, entonces no van hasta que yo no lo lleve a \u00e9l a corte. Yo ya voy a empezar con todos los procesos\u201d, expres\u00f3 Amanda durante una transmisi\u00f3n en directo en TikTok, plataforma donde suele comunicarse abiertamente con sus seguidores.<\/p>\n\n\n\n<p>La artista asegur\u00f3 que su decisi\u00f3n surge tras meses de tensiones con su ex pareja y de recibir cr\u00edticas y mensajes negativos vinculados a \u00e9l. Seg\u00fan dijo, est\u00e1 \u201ccansada de aguantar\u201d y dispuesta a exponer p\u00fablicamente cualquier nueva provocaci\u00f3n de Ultrack. \u201cSi \u00e9l vuelve a mencionarme, lo voy a decir todo. Ya no me voy a quedar callada\u201d, advirti\u00f3.<\/p>\n\n\n\n<figure class=\"wp-block-embed is-type-video is-provider-tiktok wp-block-embed-tiktok\"><div class=\"wp-block-embed__wrapper\">\n<blockquote class=\"tiktok-embed\" cite=\"https:\/\/www.tiktok.com\/@lahoratiktoxica\/video\/7570551860885507359\" data-video-id=\"7570551860885507359\" data-embed-from=\"oembed\" style=\"max-width:605px; min-width:325px;\"> <section> <a target=\"_blank\" title=\"@lahoratiktoxica\" href=\"https:\/\/www.tiktok.com\/@lahoratiktoxica?refer=embed\">@lahoratiktoxica<\/a> <p><a title=\"fyp\u30b7\u309aviral\" target=\"_blank\" href=\"https:\/\/www.tiktok.com\/tag\/fyp%E3%82%B7%E3%82%9Aviral?refer=embed\">#fyp\u30b7\u309aviral<\/a> <a title=\"ultrack\" target=\"_blank\" href=\"https:\/\/www.tiktok.com\/tag\/ultrack?refer=embed\">#ultrack<\/a> <a title=\"amandasanzmusic\" target=\"_blank\" href=\"https:\/\/www.tiktok.com\/tag\/amandasanzmusic?refer=embed\">#amandasanzmusic<\/a> <a title=\"amandasanz\" target=\"_blank\" href=\"https:\/\/www.tiktok.com\/tag\/amandasanz?refer=embed\">#amandasanz<\/a> <a title=\"ultracktv\" target=\"_blank\" href=\"https:\/\/www.tiktok.com\/tag\/ultracktv?refer=embed\">#ultracktv<\/a> @parque\ud83d\udeddAmelia9 @Todoenvista @Todoenvista1 @ANDYPRODUCTIONS\ud83c\uddf5\ud83c\uddf7\ud83c\uddfa\ud83c\uddf8\ud83c\udde8\ud83c\uddfa\u2615\ufe0f @Mar \ud83c\udf0a @Laura91\ud83c\udde8\ud83c\uddfa\ud83c\uddfa\ud83c\uddf8\ud83d\ude1c @La Thaly y su antena \ud83d\udce1\ud83d\ude01 @\ud83d\udc99\ud83e\udebcOmidina\ud83e\udebc\ud83d\udc99\ud83d\udc20 @@Skybingo_Nueva @Yusimy de la Caridad \ud83c\udf3b\ud83e\ude74 <\/p> <a target=\"_blank\" title=\"\u266c Epic and brave battle orchestra long version(1506108) - Shinnosuke Shibata\" href=\"https:\/\/www.tiktok.com\/music\/Epic-and-brave-battle-orchestra-long-version-1506108-7314368800119474177?refer=embed\">\u266c Epic and brave battle orchestra long version(1506108) &#8211; Shinnosuke Shibata<\/a> <\/section> <\/blockquote> <script async src=\"https:\/\/www.tiktok.com\/embed.js\"><\/script>\n<\/div><\/figure>\n\n\n\n<p>Los conflictos entre ambos creadores han sido tema recurrente en las redes sociales cubanas. Hace apenas unos d\u00edas, Ultrack insinu\u00f3 en un live que Amanda le habr\u00eda sido infiel en el pasado, adem\u00e1s de mostrarse molesto por el hecho de que ella mencione a sus hijas en p\u00fablico. Esas declaraciones, seg\u00fan Amanda, fueron la gota que colm\u00f3 el vaso.<\/p>\n\n\n\n<p><strong>Lea m\u00e1s: <a href=\"https:\/\/www.cuballama.com\/noticias\/amanda-explota-contra-ultrack-por-insinuar-que-hubo-infidelidad-o-claudia-te-da-un-stop-o-te-lo-doy-yo\/\" target=\"_blank\" rel=\"noreferrer noopener\">Amanda explota contra Ultrack por insinuar que<\/a><\/strong><a href=\"https:\/\/www.cuballama.com\/noticias\/amanda-explota-contra-ultrack-por-insinuar-que-hubo-infidelidad-o-claudia-te-da-un-stop-o-te-lo-doy-yo\/\" target=\"_blank\" rel=\"noreferrer noopener\"> <strong>hubo infidelidad: \u201cO Claudia te da un stop o te lo doy yo\u201d<\/strong><\/a><\/p>\n\n\n\n<p>\u201cA m\u00ed no me salgas en las redes sociales con la \u2018gran haza\u00f1a\u2019 de que las ni\u00f1as se pasaron el cumplea\u00f1os contigo. No lo hagas. Si t\u00fa quieres pasar tiempo con tus hijas, ya sabes a d\u00f3nde tienes que ir. Yo te dije a ti que no se iban m\u00e1s contigo\u201d, dijo visiblemente alterada.<\/p>\n\n\n\n<p>Amanda tambi\u00e9n critic\u00f3 la actitud del youtuber, asegurando que su papel como padre no deber\u00eda medirse por apariciones espor\u00e1dicas en fechas especiales. \u201cNo voy a volver a quedarme callada con nada de lo que digas. La mueca que me hagas te la voy a responder, me pas\u00e9 meses calladita. Yo no te tengo que dar explicaciones a ti, no le tengo que dar explicaciones a Claudia. El hecho de que te hayas pasado el d\u00eda del cumplea\u00f1os de Libertad y el cumplea\u00f1os de Victoria no es una haza\u00f1a, no te hace mejor pap\u00e1. \u00bfHay que darte un premio?\u201d, a\u00f1adi\u00f3.<\/p>\n\n\n\n<p>Las declaraciones generaron un amplio debate entre los seguidores de ambos. Algunos apoyaron la decisi\u00f3n de Amanda de llevar el caso a los tribunales, mientras otros le reprocharon ventilar nuevamente su vida personal en p\u00fablico. Sin embargo, la cantante insisti\u00f3 en que su prioridad son sus hijas y que cualquier decisi\u00f3n que tome ser\u00e1 en funci\u00f3n de su bienestar emocional.<\/p>\n","protected":false},"excerpt":{"rendered":"<p>\u201cPara el que no lo sepa, las ni\u00f1as no se van m\u00e1s con Ultrack hasta que \u00e9l no me lleve a corte\u201d, dijo Amanda <\/p>\n","protected":false},"author":27,"featured_media":225435,"comment_status":"open","ping_status":"closed","sticky":false,"template":"","format":"standard","meta":{"_acf_changed":false,"footnotes":""},"categories":[443],"tags":[18510,8394,256,17763],"class_list":{"0":"post-225408","1":"post","2":"type-post","3":"status-publish","4":"format-standard","5":"has-post-thumbnail","7":"category-farandula","8":"tag-amanda-sanchez","9":"tag-influencers-cubanos","10":"tag-miami","11":"tag-ultrack"},"acf":[],"yoast_head":"<!-- This site is optimized with the Yoast SEO plugin v27.4 - https:\/\/yoast.com\/product\/yoast-seo-wordpress\/ -->\n<title>Amanda no permitir\u00e1 que sus hijas se queden con Ultrack: \u201cTe dije que no se iban m\u00e1s contigo\u201d - Cuballama Noticias<\/title>\n<meta name=\"description\" content=\"\u201cPara el que no lo sepa, las ni\u00f1as no se van m\u00e1s con Ultrack hasta que \u00e9l no me lleve a corte\u201d, dijo Amanda\" \/>\n<meta name=\"robots\" content=\"index, follow, max-snippet:-1, max-image-preview:large, max-video-preview:-1\" \/>\n<link rel=\"canonical\" href=\"https:\/\/www.cuballama.com\/noticias\/amanda-no-permitira-que-sus-hijas-se-queden-con-ultrack-te-dije-que-no-se-iban-mas-contigo\/\" \/>\n<meta property=\"og:locale\" content=\"es_ES\" \/>\n<meta property=\"og:type\" content=\"article\" \/>\n<meta property=\"og:title\" content=\"Amanda no permitir\u00e1 que sus hijas se queden con Ultrack: \u201cTe dije que no se iban m\u00e1s contigo\u201d - Cuballama Noticias\" \/>\n<meta property=\"og:description\" content=\"\u201cPara el que no lo sepa, las ni\u00f1as no se van m\u00e1s con Ultrack hasta que \u00e9l no me lleve a corte\u201d, dijo Amanda\" \/>\n<meta property=\"og:url\" content=\"https:\/\/www.cuballama.com\/noticias\/amanda-no-permitira-que-sus-hijas-se-queden-con-ultrack-te-dije-que-no-se-iban-mas-contigo\/\" \/>\n<meta property=\"og:site_name\" content=\"Cuballama Noticias\" \/>\n<meta property=\"article:publisher\" content=\"https:\/\/www.facebook.com\/CubaLlama\" \/>\n<meta property=\"article:published_time\" content=\"2025-11-10T14:28:43+00:00\" \/>\n<meta property=\"article:modified_time\" content=\"2025-11-10T14:28:45+00:00\" \/>\n<meta property=\"og:image\" content=\"https:\/\/cdn1.mediawpaccore.net\/wp-content\/uploads\/2025\/11\/10092258\/WhatsApp-Image-2025-11-10-at-15.22.28.jpeg\" \/>\n\t<meta property=\"og:image:width\" content=\"1891\" \/>\n\t<meta property=\"og:image:height\" content=\"1250\" \/>\n\t<meta property=\"og:image:type\" content=\"image\/jpeg\" \/>\n<meta name=\"author\" content=\"Rafa\" \/>\n<meta name=\"twitter:card\" content=\"summary_large_image\" \/>\n<meta name=\"twitter:creator\" content=\"@cuballama\" \/>\n<meta name=\"twitter:site\" content=\"@cuballama\" \/>\n<meta name=\"twitter:label1\" content=\"Escrito por\" \/>\n\t<meta name=\"twitter:data1\" content=\"Rafa\" \/>\n\t<meta name=\"twitter:label2\" content=\"Tiempo de lectura\" \/>\n\t<meta name=\"twitter:data2\" content=\"3 minutos\" \/>\n<script type=\"application\/ld+json\" class=\"yoast-schema-graph\">{\"@context\":\"https:\\\/\\\/schema.org\",\"@graph\":[{\"@type\":\"Article\",\"@id\":\"https:\\\/\\\/www.cuballama.com\\\/noticias\\\/amanda-no-permitira-que-sus-hijas-se-queden-con-ultrack-te-dije-que-no-se-iban-mas-contigo\\\/#article\",\"isPartOf\":{\"@id\":\"https:\\\/\\\/www.cuballama.com\\\/noticias\\\/amanda-no-permitira-que-sus-hijas-se-queden-con-ultrack-te-dije-que-no-se-iban-mas-contigo\\\/\"},\"author\":{\"name\":\"Rafa\",\"@id\":\"https:\\\/\\\/www.cuballama.com\\\/noticias\\\/#\\\/schema\\\/person\\\/0f97914526a658755f00e59ec2a832f2\"},\"headline\":\"Amanda no permitir\u00e1 que sus hijas se queden con Ultrack: \u201cTe dije que no se iban m\u00e1s contigo\u201d\",\"datePublished\":\"2025-11-10T14:28:43+00:00\",\"dateModified\":\"2025-11-10T14:28:45+00:00\",\"mainEntityOfPage\":{\"@id\":\"https:\\\/\\\/www.cuballama.com\\\/noticias\\\/amanda-no-permitira-que-sus-hijas-se-queden-con-ultrack-te-dije-que-no-se-iban-mas-contigo\\\/\"},\"wordCount\":529,\"commentCount\":0,\"publisher\":{\"@id\":\"https:\\\/\\\/www.cuballama.com\\\/noticias\\\/#organization\"},\"image\":{\"@id\":\"https:\\\/\\\/www.cuballama.com\\\/noticias\\\/amanda-no-permitira-que-sus-hijas-se-queden-con-ultrack-te-dije-que-no-se-iban-mas-contigo\\\/#primaryimage\"},\"thumbnailUrl\":\"https:\\\/\\\/cdn1.mediawpaccore.net\\\/wp-content\\\/uploads\\\/2025\\\/11\\\/10092258\\\/WhatsApp-Image-2025-11-10-at-15.22.28.jpeg\",\"keywords\":[\"Amanda S\u00e1nchez\",\"Influencers cubanos\",\"Miami\",\"Ultrack\"],\"articleSection\":[\"Far\u00e1ndula\"],\"inLanguage\":\"es\",\"potentialAction\":[{\"@type\":\"CommentAction\",\"name\":\"Comment\",\"target\":[\"https:\\\/\\\/www.cuballama.com\\\/noticias\\\/amanda-no-permitira-que-sus-hijas-se-queden-con-ultrack-te-dije-que-no-se-iban-mas-contigo\\\/#respond\"]}]},{\"@type\":\"WebPage\",\"@id\":\"https:\\\/\\\/www.cuballama.com\\\/noticias\\\/amanda-no-permitira-que-sus-hijas-se-queden-con-ultrack-te-dije-que-no-se-iban-mas-contigo\\\/\",\"url\":\"https:\\\/\\\/www.cuballama.com\\\/noticias\\\/amanda-no-permitira-que-sus-hijas-se-queden-con-ultrack-te-dije-que-no-se-iban-mas-contigo\\\/\",\"name\":\"Amanda no permitir\u00e1 que sus hijas se queden con Ultrack: \u201cTe dije que no se iban m\u00e1s contigo\u201d - Cuballama Noticias\",\"isPartOf\":{\"@id\":\"https:\\\/\\\/www.cuballama.com\\\/noticias\\\/#website\"},\"primaryImageOfPage\":{\"@id\":\"https:\\\/\\\/www.cuballama.com\\\/noticias\\\/amanda-no-permitira-que-sus-hijas-se-queden-con-ultrack-te-dije-que-no-se-iban-mas-contigo\\\/#primaryimage\"},\"image\":{\"@id\":\"https:\\\/\\\/www.cuballama.com\\\/noticias\\\/amanda-no-permitira-que-sus-hijas-se-queden-con-ultrack-te-dije-que-no-se-iban-mas-contigo\\\/#primaryimage\"},\"thumbnailUrl\":\"https:\\\/\\\/cdn1.mediawpaccore.net\\\/wp-content\\\/uploads\\\/2025\\\/11\\\/10092258\\\/WhatsApp-Image-2025-11-10-at-15.22.28.jpeg\",\"datePublished\":\"2025-11-10T14:28:43+00:00\",\"dateModified\":\"2025-11-10T14:28:45+00:00\",\"description\":\"\u201cPara el que no lo sepa, las ni\u00f1as no se van m\u00e1s con Ultrack hasta que \u00e9l no me lleve a corte\u201d, dijo Amanda\",\"breadcrumb\":{\"@id\":\"https:\\\/\\\/www.cuballama.com\\\/noticias\\\/amanda-no-permitira-que-sus-hijas-se-queden-con-ultrack-te-dije-que-no-se-iban-mas-contigo\\\/#breadcrumb\"},\"inLanguage\":\"es\",\"potentialAction\":[{\"@type\":\"ReadAction\",\"target\":[\"https:\\\/\\\/www.cuballama.com\\\/noticias\\\/amanda-no-permitira-que-sus-hijas-se-queden-con-ultrack-te-dije-que-no-se-iban-mas-contigo\\\/\"]}]},{\"@type\":\"ImageObject\",\"inLanguage\":\"es\",\"@id\":\"https:\\\/\\\/www.cuballama.com\\\/noticias\\\/amanda-no-permitira-que-sus-hijas-se-queden-con-ultrack-te-dije-que-no-se-iban-mas-contigo\\\/#primaryimage\",\"url\":\"https:\\\/\\\/cdn1.mediawpaccore.net\\\/wp-content\\\/uploads\\\/2025\\\/11\\\/10092258\\\/WhatsApp-Image-2025-11-10-at-15.22.28.jpeg\",\"contentUrl\":\"https:\\\/\\\/cdn1.mediawpaccore.net\\\/wp-content\\\/uploads\\\/2025\\\/11\\\/10092258\\\/WhatsApp-Image-2025-11-10-at-15.22.28.jpeg\",\"width\":1891,\"height\":1250,\"caption\":\"Foto: Instagram\"},{\"@type\":\"BreadcrumbList\",\"@id\":\"https:\\\/\\\/www.cuballama.com\\\/noticias\\\/amanda-no-permitira-que-sus-hijas-se-queden-con-ultrack-te-dije-que-no-se-iban-mas-contigo\\\/#breadcrumb\",\"itemListElement\":[{\"@type\":\"ListItem\",\"position\":1,\"name\":\"Home\",\"item\":\"https:\\\/\\\/www.cuballama.com\\\/noticias\\\/\"},{\"@type\":\"ListItem\",\"position\":2,\"name\":\"Amanda no permitir\u00e1 que sus hijas se queden con Ultrack: \u201cTe dije que no se iban m\u00e1s contigo\u201d\"}]},{\"@type\":\"WebSite\",\"@id\":\"https:\\\/\\\/www.cuballama.com\\\/noticias\\\/#website\",\"url\":\"https:\\\/\\\/www.cuballama.com\\\/noticias\\\/\",\"name\":\"Cuballama Noticias\",\"description\":\"Medio digital sobre Cuba y el mundo\",\"publisher\":{\"@id\":\"https:\\\/\\\/www.cuballama.com\\\/noticias\\\/#organization\"},\"potentialAction\":[{\"@type\":\"SearchAction\",\"target\":{\"@type\":\"EntryPoint\",\"urlTemplate\":\"https:\\\/\\\/www.cuballama.com\\\/noticias\\\/?s={search_term_string}\"},\"query-input\":{\"@type\":\"PropertyValueSpecification\",\"valueRequired\":true,\"valueName\":\"search_term_string\"}}],\"inLanguage\":\"es\"},{\"@type\":\"Organization\",\"@id\":\"https:\\\/\\\/www.cuballama.com\\\/noticias\\\/#organization\",\"name\":\"Cuballama\",\"url\":\"https:\\\/\\\/www.cuballama.com\\\/noticias\\\/\",\"logo\":{\"@type\":\"ImageObject\",\"inLanguage\":\"es\",\"@id\":\"https:\\\/\\\/www.cuballama.com\\\/noticias\\\/#\\\/schema\\\/logo\\\/image\\\/\",\"url\":\"https:\\\/\\\/cdn1.mediawpaccore.net\\\/wp-content\\\/uploads\\\/2021\\\/12\\\/28171206\\\/cbll-logo-color-sm.png\",\"contentUrl\":\"https:\\\/\\\/cdn1.mediawpaccore.net\\\/wp-content\\\/uploads\\\/2021\\\/12\\\/28171206\\\/cbll-logo-color-sm.png\",\"width\":600,\"height\":133,\"caption\":\"Cuballama\"},\"image\":{\"@id\":\"https:\\\/\\\/www.cuballama.com\\\/noticias\\\/#\\\/schema\\\/logo\\\/image\\\/\"},\"sameAs\":[\"https:\\\/\\\/www.facebook.com\\\/CubaLlama\",\"https:\\\/\\\/x.com\\\/cuballama\",\"https:\\\/\\\/www.instagram.com\\\/stories\\\/cuballama_oficial\\\/\",\"https:\\\/\\\/www.youtube.com\\\/channel\\\/UCKkFE-d_axENGZcrc4as0IA\"]},{\"@type\":\"Person\",\"@id\":\"https:\\\/\\\/www.cuballama.com\\\/noticias\\\/#\\\/schema\\\/person\\\/0f97914526a658755f00e59ec2a832f2\",\"name\":\"Rafa\",\"url\":\"https:\\\/\\\/www.cuballama.com\\\/noticias\\\/author\\\/rafa\\\/\"}]}<\/script>\n<!-- \/ Yoast SEO plugin. -->","yoast_head_json":{"title":"Amanda no permitir\u00e1 que sus hijas se queden con Ultrack: \u201cTe dije que no se iban m\u00e1s contigo\u201d - Cuballama Noticias","description":"\u201cPara el que no lo sepa, las ni\u00f1as no se van m\u00e1s con Ultrack hasta que \u00e9l no me lleve a corte\u201d, dijo Amanda","robots":{"index":"index","follow":"follow","max-snippet":"max-snippet:-1","max-image-preview":"max-image-preview:large","max-video-preview":"max-video-preview:-1"},"canonical":"https:\/\/www.cuballama.com\/noticias\/amanda-no-permitira-que-sus-hijas-se-queden-con-ultrack-te-dije-que-no-se-iban-mas-contigo\/","og_locale":"es_ES","og_type":"article","og_title":"Amanda no permitir\u00e1 que sus hijas se queden con Ultrack: \u201cTe dije que no se iban m\u00e1s contigo\u201d - Cuballama Noticias","og_description":"\u201cPara el que no lo sepa, las ni\u00f1as no se van m\u00e1s con Ultrack hasta que \u00e9l no me lleve a corte\u201d, dijo Amanda","og_url":"https:\/\/www.cuballama.com\/noticias\/amanda-no-permitira-que-sus-hijas-se-queden-con-ultrack-te-dije-que-no-se-iban-mas-contigo\/","og_site_name":"Cuballama Noticias","article_publisher":"https:\/\/www.facebook.com\/CubaLlama","article_published_time":"2025-11-10T14:28:43+00:00","article_modified_time":"2025-11-10T14:28:45+00:00","og_image":[{"width":1891,"height":1250,"url":"https:\/\/cdn1.mediawpaccore.net\/wp-content\/uploads\/2025\/11\/10092258\/WhatsApp-Image-2025-11-10-at-15.22.28.jpeg","type":"image\/jpeg"}],"author":"Rafa","twitter_card":"summary_large_image","twitter_creator":"@cuballama","twitter_site":"@cuballama","twitter_misc":{"Escrito por":"Rafa","Tiempo de lectura":"3 minutos"},"schema":{"@context":"https:\/\/schema.org","@graph":[{"@type":"Article","@id":"https:\/\/www.cuballama.com\/noticias\/amanda-no-permitira-que-sus-hijas-se-queden-con-ultrack-te-dije-que-no-se-iban-mas-contigo\/#article","isPartOf":{"@id":"https:\/\/www.cuballama.com\/noticias\/amanda-no-permitira-que-sus-hijas-se-queden-con-ultrack-te-dije-que-no-se-iban-mas-contigo\/"},"author":{"name":"Rafa","@id":"https:\/\/www.cuballama.com\/noticias\/#\/schema\/person\/0f97914526a658755f00e59ec2a832f2"},"headline":"Amanda no permitir\u00e1 que sus hijas se queden con Ultrack: \u201cTe dije que no se iban m\u00e1s contigo\u201d","datePublished":"2025-11-10T14:28:43+00:00","dateModified":"2025-11-10T14:28:45+00:00","mainEntityOfPage":{"@id":"https:\/\/www.cuballama.com\/noticias\/amanda-no-permitira-que-sus-hijas-se-queden-con-ultrack-te-dije-que-no-se-iban-mas-contigo\/"},"wordCount":529,"commentCount":0,"publisher":{"@id":"https:\/\/www.cuballama.com\/noticias\/#organization"},"image":{"@id":"https:\/\/www.cuballama.com\/noticias\/amanda-no-permitira-que-sus-hijas-se-queden-con-ultrack-te-dije-que-no-se-iban-mas-contigo\/#primaryimage"},"thumbnailUrl":"https:\/\/cdn1.mediawpaccore.net\/wp-content\/uploads\/2025\/11\/10092258\/WhatsApp-Image-2025-11-10-at-15.22.28.jpeg","keywords":["Amanda S\u00e1nchez","Influencers cubanos","Miami","Ultrack"],"articleSection":["Far\u00e1ndula"],"inLanguage":"es","potentialAction":[{"@type":"CommentAction","name":"Comment","target":["https:\/\/www.cuballama.com\/noticias\/amanda-no-permitira-que-sus-hijas-se-queden-con-ultrack-te-dije-que-no-se-iban-mas-contigo\/#respond"]}]},{"@type":"WebPage","@id":"https:\/\/www.cuballama.com\/noticias\/amanda-no-permitira-que-sus-hijas-se-queden-con-ultrack-te-dije-que-no-se-iban-mas-contigo\/","url":"https:\/\/www.cuballama.com\/noticias\/amanda-no-permitira-que-sus-hijas-se-queden-con-ultrack-te-dije-que-no-se-iban-mas-contigo\/","name":"Amanda no permitir\u00e1 que sus hijas se queden con Ultrack: \u201cTe dije que no se iban m\u00e1s contigo\u201d - Cuballama Noticias","isPartOf":{"@id":"https:\/\/www.cuballama.com\/noticias\/#website"},"primaryImageOfPage":{"@id":"https:\/\/www.cuballama.com\/noticias\/amanda-no-permitira-que-sus-hijas-se-queden-con-ultrack-te-dije-que-no-se-iban-mas-contigo\/#primaryimage"},"image":{"@id":"https:\/\/www.cuballama.com\/noticias\/amanda-no-permitira-que-sus-hijas-se-queden-con-ultrack-te-dije-que-no-se-iban-mas-contigo\/#primaryimage"},"thumbnailUrl":"https:\/\/cdn1.mediawpaccore.net\/wp-content\/uploads\/2025\/11\/10092258\/WhatsApp-Image-2025-11-10-at-15.22.28.jpeg","datePublished":"2025-11-10T14:28:43+00:00","dateModified":"2025-11-10T14:28:45+00:00","description":"\u201cPara el que no lo sepa, las ni\u00f1as no se van m\u00e1s con Ultrack hasta que \u00e9l no me lleve a corte\u201d, dijo Amanda","breadcrumb":{"@id":"https:\/\/www.cuballama.com\/noticias\/amanda-no-permitira-que-sus-hijas-se-queden-con-ultrack-te-dije-que-no-se-iban-mas-contigo\/#breadcrumb"},"inLanguage":"es","potentialAction":[{"@type":"ReadAction","target":["https:\/\/www.cuballama.com\/noticias\/amanda-no-permitira-que-sus-hijas-se-queden-con-ultrack-te-dije-que-no-se-iban-mas-contigo\/"]}]},{"@type":"ImageObject","inLanguage":"es","@id":"https:\/\/www.cuballama.com\/noticias\/amanda-no-permitira-que-sus-hijas-se-queden-con-ultrack-te-dije-que-no-se-iban-mas-contigo\/#primaryimage","url":"https:\/\/cdn1.mediawpaccore.net\/wp-content\/uploads\/2025\/11\/10092258\/WhatsApp-Image-2025-11-10-at-15.22.28.jpeg","contentUrl":"https:\/\/cdn1.mediawpaccore.net\/wp-content\/uploads\/2025\/11\/10092258\/WhatsApp-Image-2025-11-10-at-15.22.28.jpeg","width":1891,"height":1250,"caption":"Foto: Instagram"},{"@type":"BreadcrumbList","@id":"https:\/\/www.cuballama.com\/noticias\/amanda-no-permitira-que-sus-hijas-se-queden-con-ultrack-te-dije-que-no-se-iban-mas-contigo\/#breadcrumb","itemListElement":[{"@type":"ListItem","position":1,"name":"Home","item":"https:\/\/www.cuballama.com\/noticias\/"},{"@type":"ListItem","position":2,"name":"Amanda no permitir\u00e1 que sus hijas se queden con Ultrack: \u201cTe dije que no se iban m\u00e1s contigo\u201d"}]},{"@type":"WebSite","@id":"https:\/\/www.cuballama.com\/noticias\/#website","url":"https:\/\/www.cuballama.com\/noticias\/","name":"Cuballama Noticias","description":"Medio digital sobre Cuba y el mundo","publisher":{"@id":"https:\/\/www.cuballama.com\/noticias\/#organization"},"potentialAction":[{"@type":"SearchAction","target":{"@type":"EntryPoint","urlTemplate":"https:\/\/www.cuballama.com\/noticias\/?s={search_term_string}"},"query-input":{"@type":"PropertyValueSpecification","valueRequired":true,"valueName":"search_term_string"}}],"inLanguage":"es"},{"@type":"Organization","@id":"https:\/\/www.cuballama.com\/noticias\/#organization","name":"Cuballama","url":"https:\/\/www.cuballama.com\/noticias\/","logo":{"@type":"ImageObject","inLanguage":"es","@id":"https:\/\/www.cuballama.com\/noticias\/#\/schema\/logo\/image\/","url":"https:\/\/cdn1.mediawpaccore.net\/wp-content\/uploads\/2021\/12\/28171206\/cbll-logo-color-sm.png","contentUrl":"https:\/\/cdn1.mediawpaccore.net\/wp-content\/uploads\/2021\/12\/28171206\/cbll-logo-color-sm.png","width":600,"height":133,"caption":"Cuballama"},"image":{"@id":"https:\/\/www.cuballama.com\/noticias\/#\/schema\/logo\/image\/"},"sameAs":["https:\/\/www.facebook.com\/CubaLlama","https:\/\/x.com\/cuballama","https:\/\/www.instagram.com\/stories\/cuballama_oficial\/","https:\/\/www.youtube.com\/channel\/UCKkFE-d_axENGZcrc4as0IA"]},{"@type":"Person","@id":"https:\/\/www.cuballama.com\/noticias\/#\/schema\/person\/0f97914526a658755f00e59ec2a832f2","name":"Rafa","url":"https:\/\/www.cuballama.com\/noticias\/author\/rafa\/"}]}},"_links":{"self":[{"href":"https:\/\/www.cuballama.com\/noticias\/wp-json\/wp\/v2\/posts\/225408","targetHints":{"allow":["GET"]}}],"collection":[{"href":"https:\/\/www.cuballama.com\/noticias\/wp-json\/wp\/v2\/posts"}],"about":[{"href":"https:\/\/www.cuballama.com\/noticias\/wp-json\/wp\/v2\/types\/post"}],"author":[{"embeddable":true,"href":"https:\/\/www.cuballama.com\/noticias\/wp-json\/wp\/v2\/users\/27"}],"replies":[{"embeddable":true,"href":"https:\/\/www.cuballama.com\/noticias\/wp-json\/wp\/v2\/comments?post=225408"}],"version-history":[{"count":1,"href":"https:\/\/www.cuballama.com\/noticias\/wp-json\/wp\/v2\/posts\/225408\/revisions"}],"predecessor-version":[{"id":225437,"href":"https:\/\/www.cuballama.com\/noticias\/wp-json\/wp\/v2\/posts\/225408\/revisions\/225437"}],"wp:featuredmedia":[{"embeddable":true,"href":"https:\/\/www.cuballama.com\/noticias\/wp-json\/wp\/v2\/media\/225435"}],"wp:attachment":[{"href":"https:\/\/www.cuballama.com\/noticias\/wp-json\/wp\/v2\/media?parent=225408"}],"wp:term":[{"taxonomy":"category","embeddable":true,"href":"https:\/\/www.cuballama.com\/noticias\/wp-json\/wp\/v2\/categories?post=225408"},{"taxonomy":"post_tag","embeddable":true,"href":"https:\/\/www.cuballama.com\/noticias\/wp-json\/wp\/v2\/tags?post=225408"}],"curies":[{"name":"wp","href":"https:\/\/api.w.org\/{rel}","templated":true}]}}