{"id":225170,"date":"2025-11-06T21:07:54","date_gmt":"2025-11-07T02:07:54","guid":{"rendered":"https:\/\/www.cuballama.com\/noticias\/?p=225170"},"modified":"2025-11-07T13:01:22","modified_gmt":"2025-11-07T18:01:22","slug":"ee-uu-expulsa-a-232-migrantes-irregulares-cubanos-en-nuevo-vuelo-de-deportacion","status":"publish","type":"post","link":"https:\/\/www.cuballama.com\/noticias\/ee-uu-expulsa-a-232-migrantes-irregulares-cubanos-en-nuevo-vuelo-de-deportacion\/","title":{"rendered":"EE.UU. expulsa a 232 migrantes irregulares cubanos en nuevo vuelo de deportaci\u00f3n"},"content":{"rendered":"\n<p>Un total de 232 migrantes irregulares fueron deportados este 6 de noviembre de Estados Unidos a Cuba, en cumplimiento de los acuerdos migratorios bilaterales entre La Habana y Washington, seg\u00fan inform\u00f3 el Ministerio del Interior.<\/p>\n\n\n\n<p>Los repatriados, entre los que se encuentran 189 hombres, 42 mujeres y un menor de edad, arribaron al mediod\u00eda al Aeropuerto Internacional Jos\u00e9 Mart\u00ed de La Habana en la d\u00e9cima operaci\u00f3n a\u00e9rea de deportaci\u00f3n realizada este a\u00f1o desde territorio estadounidense.<\/p>\n\n\n\n<p>De acuerdo con la informaci\u00f3n oficial, tres de los deportados fueron trasladados a los \u00f3rganos de investigaci\u00f3n por aparecer como presuntos autores de hechos delictivos antes de abandonar el pa\u00eds.<\/p>\n\n\n\n<p>Con la de este jueves, hasta la fecha una de las mayores repatriaciones a\u00e9reas registradas entre Estados Unidos y Cuba, suman 38 devoluciones desde distintos pa\u00edses de la regi\u00f3n hacia la isla en lo que va de a\u00f1o, con un total de 1.376 personas retornadas.<\/p>\n\n\n\n<p>Las autoridades cubanas recalcaron, adem\u00e1s, su compromiso con una migraci\u00f3n regular, segura y ordenada, y advirtieron nuevamente sobre \u201clos peligros y las condiciones de riesgo para la vida que representan las salidas ilegales del pa\u00eds\u201d, en referencia a los intentos de traves\u00eda mar\u00edtima hacia Estados Unidos.<\/p>\n\n\n\n<iframe loading=\"lazy\" src=\"https:\/\/www.facebook.com\/plugins\/post.php?href=https%3A%2F%2Fwww.facebook.com%2Fpermalink.php%3Fstory_fbid%3Dpfbid02X89ZT2BqvQzTs7VJ2q4bFXu5N8e5EsWeg8fgJzZhSTzNbvw2jYqoXiWyRgNRCPCBl%26id%3D61558472836328&#038;show_text=true&#038;width=500\" width=\"500\" height=\"620\" style=\"border:none;overflow:hidden\" scrolling=\"no\" frameborder=\"0\" allowfullscreen=\"true\" allow=\"autoplay; clipboard-write; encrypted-media; picture-in-picture; web-share\"><\/iframe>\n\n\n\n<p>Desde que Donald Trump regres\u00f3 a la Casa Blanca en enero de este a\u00f1o, se han ejecutado diez vuelos de deportaci\u00f3n a Cuba, en los que han sido retornados hasta el momento 1.231 migrantes.&nbsp;<\/p>\n\n\n\n<p><a href=\"https:\/\/www.cuballama.com\/noticias\/llegan-a-cuba-118-migrantes-en-nuevo-vuelo-de-deportacion-desde-ee-uu\/?srsltid=AfmBOorcDP2QjkNy9vzUd9Kj842ShRRY10mBg4vY2zbsMcXuunF_uYjv\" target=\"_blank\" rel=\"noreferrer noopener\">En julio pasado<\/a>, Estados Unidos deport\u00f3 a un total de 118 cubanos a la isla. <a href=\"https:\/\/www.cuballama.com\/noticias\/cifra-historica-de-migrantes-cubanos-deportados-de-ee-uu-a-cuba\/?srsltid=AfmBOooiCC3v0LgM-njRVpXwNblVBV2ZVoiVAza-wUTNMiWlimA-nym2\" target=\"_blank\" rel=\"noreferrer noopener\">En agosto<\/a>, regres\u00f3 a 161 migrantes; y <a href=\"https:\/\/www.cuballama.com\/noticias\/trump-devuelve-a-136-migrantes-irregulares-a-cuba-en-nuevo-vuelo-de-deportacion\/?srsltid=AfmBOorye5Nc-b6NlqgmeSYHQVnENezI1j0CXAI3Kg4CyCW_InFegBrs\" target=\"_blank\" rel=\"noreferrer noopener\">en septiembre<\/a>, a 136.<\/p>\n\n\n\n<p>Seg\u00fan dijo <a href=\"https:\/\/cafefuerte.com\/sin-categoria\/vuelo-con-record-de-deportados-a-la-habana-232-cubanos-devueltos\/?fbclid=IwZXh0bgNhZW0CMTEAc3J0YwZhcHBfaWQKNjYyODU2ODM3OQABHj1evJr4gJLHHCkTvykjj-nKfK9BCKPTEc2s5m3kr7v1-Jo2UKVx9Jw8hkYP_aem_P2Pw7QS72JvFm7BcHE1Xsw#\">a <em>Caf\u00e9Fuerte<\/em><\/a><em> <\/em>un funcionario del Departamento de Seguridad Nacional (DHS por sus siglas en ingl\u00e9s), el vuelo debi\u00f3 haberse realizado el pasado 30 de octubre, el \u00faltimo jueves del mes, como ha venido ocurriendo con los vuelos de deportaci\u00f3n a lo largo del 2025, pero fue pospuesto debido al paso del devastador hurac\u00e1n Melissa por el oriente de la isla.<\/p>\n\n\n\n<p>Hasta el momento, se desconoce si se har\u00e1 otro vuelo a finales de noviembre para deportar m\u00e1s cubanos.<\/p>\n\n\n\n<p>Si se suman las cifras de su primer mandato (2017-2021) y la decena de vuelos que se ha llevado a cabo en lo que va de a\u00f1o, Donald Trump acumula la mayor cantidad de cubanos deportados en toda la historia de Estados Unidos, con 4.616, seg\u00fan el citado sitio.<\/p>\n\n\n\n<p>Seg\u00fan el DHS, el gobierno cubano habr\u00eda mostrado disposici\u00f3n a aceptar un segundo vuelo mensual, aunque las negociaciones no prosperaron.<\/p>\n\n\n\n<p>No obstante, pese a la congelaci\u00f3n diplom\u00e1tica y la suspensi\u00f3n indefinida de las conversaciones migratorias bilaterales en abril, el r\u00e9gimen cubano ha continuado recibiendo vuelos de deportaci\u00f3n, lo que evidencia un m\u00ednimo canal de cooperaci\u00f3n operativa entre ambas partes.<\/p>\n\n\n\n<p>Los vuelos de deportaci\u00f3n de migrantes cubanos desde Estados Unidos se reanudaron en abril de 2023, bajo la administraci\u00f3n de Joe Biden, tras varios a\u00f1os suspendidos. <\/p>\n\n\n\n<p><\/p>\n","protected":false},"excerpt":{"rendered":"<p>La d\u00e9cima operaci\u00f3n de este tipo que tiene lugar en lo que va de a\u00f1o lleg\u00f3 a La Habana al mediod\u00eda de este 6 de noviembre.<\/p>\n","protected":false},"author":30,"featured_media":225171,"comment_status":"open","ping_status":"closed","sticky":false,"template":"","format":"standard","meta":{"_acf_changed":false,"footnotes":""},"categories":[18,955],"tags":[5404,600,9911,11017,20532],"class_list":{"0":"post-225170","1":"post","2":"type-post","3":"status-publish","4":"format-standard","5":"has-post-thumbnail","7":"category-noticias","8":"category-noticias-de-cuba","9":"tag-administracion-trump","10":"tag-migrantes-cubanos","11":"tag-migrantes-irregulares","12":"tag-superdestacado","13":"tag-vuelo-de-deportacion"},"acf":[],"yoast_head":"<!-- This site is optimized with the Yoast SEO plugin v27.4 - https:\/\/yoast.com\/product\/yoast-seo-wordpress\/ -->\n<title>EE.UU. expulsa a 232 migrantes irregulares cubanos en nuevo vuelo de deportaci\u00f3n - Cuballama Noticias<\/title>\n<meta name=\"description\" content=\"Un total de 232 migrantes irregulares fueron deportados este jueves 6 de noviembre de Estados Unidos a Cuba.\" \/>\n<meta name=\"robots\" content=\"index, follow, max-snippet:-1, max-image-preview:large, max-video-preview:-1\" \/>\n<link rel=\"canonical\" href=\"https:\/\/www.cuballama.com\/noticias\/ee-uu-expulsa-a-232-migrantes-irregulares-cubanos-en-nuevo-vuelo-de-deportacion\/\" \/>\n<meta property=\"og:locale\" content=\"es_ES\" \/>\n<meta property=\"og:type\" content=\"article\" \/>\n<meta property=\"og:title\" content=\"EE.UU. expulsa a 232 migrantes irregulares cubanos en nuevo vuelo de deportaci\u00f3n - Cuballama Noticias\" \/>\n<meta property=\"og:description\" content=\"Un total de 232 migrantes irregulares fueron deportados este jueves 6 de noviembre de Estados Unidos a Cuba.\" \/>\n<meta property=\"og:url\" content=\"https:\/\/www.cuballama.com\/noticias\/ee-uu-expulsa-a-232-migrantes-irregulares-cubanos-en-nuevo-vuelo-de-deportacion\/\" \/>\n<meta property=\"og:site_name\" content=\"Cuballama Noticias\" \/>\n<meta property=\"article:publisher\" content=\"https:\/\/www.facebook.com\/CubaLlama\" \/>\n<meta property=\"article:published_time\" content=\"2025-11-07T02:07:54+00:00\" \/>\n<meta property=\"article:modified_time\" content=\"2025-11-07T18:01:22+00:00\" \/>\n<meta property=\"og:image\" content=\"https:\/\/cdn1.mediawpaccore.net\/wp-content\/uploads\/2025\/11\/06203825\/G5Gom3FXoAAkGIP1.jpg\" \/>\n\t<meta property=\"og:image:width\" content=\"1200\" \/>\n\t<meta property=\"og:image:height\" content=\"630\" \/>\n\t<meta property=\"og:image:type\" content=\"image\/jpeg\" \/>\n<meta name=\"author\" content=\"Kathy\" \/>\n<meta name=\"twitter:card\" content=\"summary_large_image\" \/>\n<meta name=\"twitter:creator\" content=\"@cuballama\" \/>\n<meta name=\"twitter:site\" content=\"@cuballama\" \/>\n<meta name=\"twitter:label1\" content=\"Escrito por\" \/>\n\t<meta name=\"twitter:data1\" content=\"Kathy\" \/>\n\t<meta name=\"twitter:label2\" content=\"Tiempo de lectura\" \/>\n\t<meta name=\"twitter:data2\" content=\"3 minutos\" \/>\n<script type=\"application\/ld+json\" class=\"yoast-schema-graph\">{\"@context\":\"https:\\\/\\\/schema.org\",\"@graph\":[{\"@type\":\"Article\",\"@id\":\"https:\\\/\\\/www.cuballama.com\\\/noticias\\\/ee-uu-expulsa-a-232-migrantes-irregulares-cubanos-en-nuevo-vuelo-de-deportacion\\\/#article\",\"isPartOf\":{\"@id\":\"https:\\\/\\\/www.cuballama.com\\\/noticias\\\/ee-uu-expulsa-a-232-migrantes-irregulares-cubanos-en-nuevo-vuelo-de-deportacion\\\/\"},\"author\":{\"name\":\"Kathy\",\"@id\":\"https:\\\/\\\/www.cuballama.com\\\/noticias\\\/#\\\/schema\\\/person\\\/86cd3e3f4974437f031211213bf892d5\"},\"headline\":\"EE.UU. expulsa a 232 migrantes irregulares cubanos en nuevo vuelo de deportaci\u00f3n\",\"datePublished\":\"2025-11-07T02:07:54+00:00\",\"dateModified\":\"2025-11-07T18:01:22+00:00\",\"mainEntityOfPage\":{\"@id\":\"https:\\\/\\\/www.cuballama.com\\\/noticias\\\/ee-uu-expulsa-a-232-migrantes-irregulares-cubanos-en-nuevo-vuelo-de-deportacion\\\/\"},\"wordCount\":512,\"commentCount\":0,\"publisher\":{\"@id\":\"https:\\\/\\\/www.cuballama.com\\\/noticias\\\/#organization\"},\"image\":{\"@id\":\"https:\\\/\\\/www.cuballama.com\\\/noticias\\\/ee-uu-expulsa-a-232-migrantes-irregulares-cubanos-en-nuevo-vuelo-de-deportacion\\\/#primaryimage\"},\"thumbnailUrl\":\"https:\\\/\\\/cdn1.mediawpaccore.net\\\/wp-content\\\/uploads\\\/2025\\\/11\\\/06203825\\\/G5Gom3FXoAAkGIP1.jpg\",\"keywords\":[\"administraci\u00f3n Trump\",\"Migrantes cubanos\",\"migrantes irregulares\",\"superdestacado\",\"vuelo de deportaci\u00f3n\"],\"articleSection\":[\"Noticias\",\"Noticias de Cuba\"],\"inLanguage\":\"es\",\"potentialAction\":[{\"@type\":\"CommentAction\",\"name\":\"Comment\",\"target\":[\"https:\\\/\\\/www.cuballama.com\\\/noticias\\\/ee-uu-expulsa-a-232-migrantes-irregulares-cubanos-en-nuevo-vuelo-de-deportacion\\\/#respond\"]}]},{\"@type\":\"WebPage\",\"@id\":\"https:\\\/\\\/www.cuballama.com\\\/noticias\\\/ee-uu-expulsa-a-232-migrantes-irregulares-cubanos-en-nuevo-vuelo-de-deportacion\\\/\",\"url\":\"https:\\\/\\\/www.cuballama.com\\\/noticias\\\/ee-uu-expulsa-a-232-migrantes-irregulares-cubanos-en-nuevo-vuelo-de-deportacion\\\/\",\"name\":\"EE.UU. expulsa a 232 migrantes irregulares cubanos en nuevo vuelo de deportaci\u00f3n - Cuballama Noticias\",\"isPartOf\":{\"@id\":\"https:\\\/\\\/www.cuballama.com\\\/noticias\\\/#website\"},\"primaryImageOfPage\":{\"@id\":\"https:\\\/\\\/www.cuballama.com\\\/noticias\\\/ee-uu-expulsa-a-232-migrantes-irregulares-cubanos-en-nuevo-vuelo-de-deportacion\\\/#primaryimage\"},\"image\":{\"@id\":\"https:\\\/\\\/www.cuballama.com\\\/noticias\\\/ee-uu-expulsa-a-232-migrantes-irregulares-cubanos-en-nuevo-vuelo-de-deportacion\\\/#primaryimage\"},\"thumbnailUrl\":\"https:\\\/\\\/cdn1.mediawpaccore.net\\\/wp-content\\\/uploads\\\/2025\\\/11\\\/06203825\\\/G5Gom3FXoAAkGIP1.jpg\",\"datePublished\":\"2025-11-07T02:07:54+00:00\",\"dateModified\":\"2025-11-07T18:01:22+00:00\",\"description\":\"Un total de 232 migrantes irregulares fueron deportados este jueves 6 de noviembre de Estados Unidos a Cuba.\",\"breadcrumb\":{\"@id\":\"https:\\\/\\\/www.cuballama.com\\\/noticias\\\/ee-uu-expulsa-a-232-migrantes-irregulares-cubanos-en-nuevo-vuelo-de-deportacion\\\/#breadcrumb\"},\"inLanguage\":\"es\",\"potentialAction\":[{\"@type\":\"ReadAction\",\"target\":[\"https:\\\/\\\/www.cuballama.com\\\/noticias\\\/ee-uu-expulsa-a-232-migrantes-irregulares-cubanos-en-nuevo-vuelo-de-deportacion\\\/\"]}]},{\"@type\":\"ImageObject\",\"inLanguage\":\"es\",\"@id\":\"https:\\\/\\\/www.cuballama.com\\\/noticias\\\/ee-uu-expulsa-a-232-migrantes-irregulares-cubanos-en-nuevo-vuelo-de-deportacion\\\/#primaryimage\",\"url\":\"https:\\\/\\\/cdn1.mediawpaccore.net\\\/wp-content\\\/uploads\\\/2025\\\/11\\\/06203825\\\/G5Gom3FXoAAkGIP1.jpg\",\"contentUrl\":\"https:\\\/\\\/cdn1.mediawpaccore.net\\\/wp-content\\\/uploads\\\/2025\\\/11\\\/06203825\\\/G5Gom3FXoAAkGIP1.jpg\",\"width\":1200,\"height\":630,\"caption\":\"Vuelo de deportaci\u00f3n a La Habana. Foto: X\\\/Minint Cuba.\"},{\"@type\":\"BreadcrumbList\",\"@id\":\"https:\\\/\\\/www.cuballama.com\\\/noticias\\\/ee-uu-expulsa-a-232-migrantes-irregulares-cubanos-en-nuevo-vuelo-de-deportacion\\\/#breadcrumb\",\"itemListElement\":[{\"@type\":\"ListItem\",\"position\":1,\"name\":\"Home\",\"item\":\"https:\\\/\\\/www.cuballama.com\\\/noticias\\\/\"},{\"@type\":\"ListItem\",\"position\":2,\"name\":\"EE.UU. expulsa a 232 migrantes irregulares cubanos en nuevo vuelo de deportaci\u00f3n\"}]},{\"@type\":\"WebSite\",\"@id\":\"https:\\\/\\\/www.cuballama.com\\\/noticias\\\/#website\",\"url\":\"https:\\\/\\\/www.cuballama.com\\\/noticias\\\/\",\"name\":\"Cuballama Noticias\",\"description\":\"Medio digital sobre Cuba y el mundo\",\"publisher\":{\"@id\":\"https:\\\/\\\/www.cuballama.com\\\/noticias\\\/#organization\"},\"potentialAction\":[{\"@type\":\"SearchAction\",\"target\":{\"@type\":\"EntryPoint\",\"urlTemplate\":\"https:\\\/\\\/www.cuballama.com\\\/noticias\\\/?s={search_term_string}\"},\"query-input\":{\"@type\":\"PropertyValueSpecification\",\"valueRequired\":true,\"valueName\":\"search_term_string\"}}],\"inLanguage\":\"es\"},{\"@type\":\"Organization\",\"@id\":\"https:\\\/\\\/www.cuballama.com\\\/noticias\\\/#organization\",\"name\":\"Cuballama\",\"url\":\"https:\\\/\\\/www.cuballama.com\\\/noticias\\\/\",\"logo\":{\"@type\":\"ImageObject\",\"inLanguage\":\"es\",\"@id\":\"https:\\\/\\\/www.cuballama.com\\\/noticias\\\/#\\\/schema\\\/logo\\\/image\\\/\",\"url\":\"https:\\\/\\\/cdn1.mediawpaccore.net\\\/wp-content\\\/uploads\\\/2021\\\/12\\\/28171206\\\/cbll-logo-color-sm.png\",\"contentUrl\":\"https:\\\/\\\/cdn1.mediawpaccore.net\\\/wp-content\\\/uploads\\\/2021\\\/12\\\/28171206\\\/cbll-logo-color-sm.png\",\"width\":600,\"height\":133,\"caption\":\"Cuballama\"},\"image\":{\"@id\":\"https:\\\/\\\/www.cuballama.com\\\/noticias\\\/#\\\/schema\\\/logo\\\/image\\\/\"},\"sameAs\":[\"https:\\\/\\\/www.facebook.com\\\/CubaLlama\",\"https:\\\/\\\/x.com\\\/cuballama\",\"https:\\\/\\\/www.instagram.com\\\/stories\\\/cuballama_oficial\\\/\",\"https:\\\/\\\/www.youtube.com\\\/channel\\\/UCKkFE-d_axENGZcrc4as0IA\"]},{\"@type\":\"Person\",\"@id\":\"https:\\\/\\\/www.cuballama.com\\\/noticias\\\/#\\\/schema\\\/person\\\/86cd3e3f4974437f031211213bf892d5\",\"name\":\"Kathy\",\"url\":\"https:\\\/\\\/www.cuballama.com\\\/noticias\\\/author\\\/kathy\\\/\"}]}<\/script>\n<!-- \/ Yoast SEO plugin. -->","yoast_head_json":{"title":"EE.UU. expulsa a 232 migrantes irregulares cubanos en nuevo vuelo de deportaci\u00f3n - Cuballama Noticias","description":"Un total de 232 migrantes irregulares fueron deportados este jueves 6 de noviembre de Estados Unidos a Cuba.","robots":{"index":"index","follow":"follow","max-snippet":"max-snippet:-1","max-image-preview":"max-image-preview:large","max-video-preview":"max-video-preview:-1"},"canonical":"https:\/\/www.cuballama.com\/noticias\/ee-uu-expulsa-a-232-migrantes-irregulares-cubanos-en-nuevo-vuelo-de-deportacion\/","og_locale":"es_ES","og_type":"article","og_title":"EE.UU. expulsa a 232 migrantes irregulares cubanos en nuevo vuelo de deportaci\u00f3n - Cuballama Noticias","og_description":"Un total de 232 migrantes irregulares fueron deportados este jueves 6 de noviembre de Estados Unidos a Cuba.","og_url":"https:\/\/www.cuballama.com\/noticias\/ee-uu-expulsa-a-232-migrantes-irregulares-cubanos-en-nuevo-vuelo-de-deportacion\/","og_site_name":"Cuballama Noticias","article_publisher":"https:\/\/www.facebook.com\/CubaLlama","article_published_time":"2025-11-07T02:07:54+00:00","article_modified_time":"2025-11-07T18:01:22+00:00","og_image":[{"width":1200,"height":630,"url":"https:\/\/cdn1.mediawpaccore.net\/wp-content\/uploads\/2025\/11\/06203825\/G5Gom3FXoAAkGIP1.jpg","type":"image\/jpeg"}],"author":"Kathy","twitter_card":"summary_large_image","twitter_creator":"@cuballama","twitter_site":"@cuballama","twitter_misc":{"Escrito por":"Kathy","Tiempo de lectura":"3 minutos"},"schema":{"@context":"https:\/\/schema.org","@graph":[{"@type":"Article","@id":"https:\/\/www.cuballama.com\/noticias\/ee-uu-expulsa-a-232-migrantes-irregulares-cubanos-en-nuevo-vuelo-de-deportacion\/#article","isPartOf":{"@id":"https:\/\/www.cuballama.com\/noticias\/ee-uu-expulsa-a-232-migrantes-irregulares-cubanos-en-nuevo-vuelo-de-deportacion\/"},"author":{"name":"Kathy","@id":"https:\/\/www.cuballama.com\/noticias\/#\/schema\/person\/86cd3e3f4974437f031211213bf892d5"},"headline":"EE.UU. expulsa a 232 migrantes irregulares cubanos en nuevo vuelo de deportaci\u00f3n","datePublished":"2025-11-07T02:07:54+00:00","dateModified":"2025-11-07T18:01:22+00:00","mainEntityOfPage":{"@id":"https:\/\/www.cuballama.com\/noticias\/ee-uu-expulsa-a-232-migrantes-irregulares-cubanos-en-nuevo-vuelo-de-deportacion\/"},"wordCount":512,"commentCount":0,"publisher":{"@id":"https:\/\/www.cuballama.com\/noticias\/#organization"},"image":{"@id":"https:\/\/www.cuballama.com\/noticias\/ee-uu-expulsa-a-232-migrantes-irregulares-cubanos-en-nuevo-vuelo-de-deportacion\/#primaryimage"},"thumbnailUrl":"https:\/\/cdn1.mediawpaccore.net\/wp-content\/uploads\/2025\/11\/06203825\/G5Gom3FXoAAkGIP1.jpg","keywords":["administraci\u00f3n Trump","Migrantes cubanos","migrantes irregulares","superdestacado","vuelo de deportaci\u00f3n"],"articleSection":["Noticias","Noticias de Cuba"],"inLanguage":"es","potentialAction":[{"@type":"CommentAction","name":"Comment","target":["https:\/\/www.cuballama.com\/noticias\/ee-uu-expulsa-a-232-migrantes-irregulares-cubanos-en-nuevo-vuelo-de-deportacion\/#respond"]}]},{"@type":"WebPage","@id":"https:\/\/www.cuballama.com\/noticias\/ee-uu-expulsa-a-232-migrantes-irregulares-cubanos-en-nuevo-vuelo-de-deportacion\/","url":"https:\/\/www.cuballama.com\/noticias\/ee-uu-expulsa-a-232-migrantes-irregulares-cubanos-en-nuevo-vuelo-de-deportacion\/","name":"EE.UU. expulsa a 232 migrantes irregulares cubanos en nuevo vuelo de deportaci\u00f3n - Cuballama Noticias","isPartOf":{"@id":"https:\/\/www.cuballama.com\/noticias\/#website"},"primaryImageOfPage":{"@id":"https:\/\/www.cuballama.com\/noticias\/ee-uu-expulsa-a-232-migrantes-irregulares-cubanos-en-nuevo-vuelo-de-deportacion\/#primaryimage"},"image":{"@id":"https:\/\/www.cuballama.com\/noticias\/ee-uu-expulsa-a-232-migrantes-irregulares-cubanos-en-nuevo-vuelo-de-deportacion\/#primaryimage"},"thumbnailUrl":"https:\/\/cdn1.mediawpaccore.net\/wp-content\/uploads\/2025\/11\/06203825\/G5Gom3FXoAAkGIP1.jpg","datePublished":"2025-11-07T02:07:54+00:00","dateModified":"2025-11-07T18:01:22+00:00","description":"Un total de 232 migrantes irregulares fueron deportados este jueves 6 de noviembre de Estados Unidos a Cuba.","breadcrumb":{"@id":"https:\/\/www.cuballama.com\/noticias\/ee-uu-expulsa-a-232-migrantes-irregulares-cubanos-en-nuevo-vuelo-de-deportacion\/#breadcrumb"},"inLanguage":"es","potentialAction":[{"@type":"ReadAction","target":["https:\/\/www.cuballama.com\/noticias\/ee-uu-expulsa-a-232-migrantes-irregulares-cubanos-en-nuevo-vuelo-de-deportacion\/"]}]},{"@type":"ImageObject","inLanguage":"es","@id":"https:\/\/www.cuballama.com\/noticias\/ee-uu-expulsa-a-232-migrantes-irregulares-cubanos-en-nuevo-vuelo-de-deportacion\/#primaryimage","url":"https:\/\/cdn1.mediawpaccore.net\/wp-content\/uploads\/2025\/11\/06203825\/G5Gom3FXoAAkGIP1.jpg","contentUrl":"https:\/\/cdn1.mediawpaccore.net\/wp-content\/uploads\/2025\/11\/06203825\/G5Gom3FXoAAkGIP1.jpg","width":1200,"height":630,"caption":"Vuelo de deportaci\u00f3n a La Habana. Foto: X\/Minint Cuba."},{"@type":"BreadcrumbList","@id":"https:\/\/www.cuballama.com\/noticias\/ee-uu-expulsa-a-232-migrantes-irregulares-cubanos-en-nuevo-vuelo-de-deportacion\/#breadcrumb","itemListElement":[{"@type":"ListItem","position":1,"name":"Home","item":"https:\/\/www.cuballama.com\/noticias\/"},{"@type":"ListItem","position":2,"name":"EE.UU. expulsa a 232 migrantes irregulares cubanos en nuevo vuelo de deportaci\u00f3n"}]},{"@type":"WebSite","@id":"https:\/\/www.cuballama.com\/noticias\/#website","url":"https:\/\/www.cuballama.com\/noticias\/","name":"Cuballama Noticias","description":"Medio digital sobre Cuba y el mundo","publisher":{"@id":"https:\/\/www.cuballama.com\/noticias\/#organization"},"potentialAction":[{"@type":"SearchAction","target":{"@type":"EntryPoint","urlTemplate":"https:\/\/www.cuballama.com\/noticias\/?s={search_term_string}"},"query-input":{"@type":"PropertyValueSpecification","valueRequired":true,"valueName":"search_term_string"}}],"inLanguage":"es"},{"@type":"Organization","@id":"https:\/\/www.cuballama.com\/noticias\/#organization","name":"Cuballama","url":"https:\/\/www.cuballama.com\/noticias\/","logo":{"@type":"ImageObject","inLanguage":"es","@id":"https:\/\/www.cuballama.com\/noticias\/#\/schema\/logo\/image\/","url":"https:\/\/cdn1.mediawpaccore.net\/wp-content\/uploads\/2021\/12\/28171206\/cbll-logo-color-sm.png","contentUrl":"https:\/\/cdn1.mediawpaccore.net\/wp-content\/uploads\/2021\/12\/28171206\/cbll-logo-color-sm.png","width":600,"height":133,"caption":"Cuballama"},"image":{"@id":"https:\/\/www.cuballama.com\/noticias\/#\/schema\/logo\/image\/"},"sameAs":["https:\/\/www.facebook.com\/CubaLlama","https:\/\/x.com\/cuballama","https:\/\/www.instagram.com\/stories\/cuballama_oficial\/","https:\/\/www.youtube.com\/channel\/UCKkFE-d_axENGZcrc4as0IA"]},{"@type":"Person","@id":"https:\/\/www.cuballama.com\/noticias\/#\/schema\/person\/86cd3e3f4974437f031211213bf892d5","name":"Kathy","url":"https:\/\/www.cuballama.com\/noticias\/author\/kathy\/"}]}},"_links":{"self":[{"href":"https:\/\/www.cuballama.com\/noticias\/wp-json\/wp\/v2\/posts\/225170","targetHints":{"allow":["GET"]}}],"collection":[{"href":"https:\/\/www.cuballama.com\/noticias\/wp-json\/wp\/v2\/posts"}],"about":[{"href":"https:\/\/www.cuballama.com\/noticias\/wp-json\/wp\/v2\/types\/post"}],"author":[{"embeddable":true,"href":"https:\/\/www.cuballama.com\/noticias\/wp-json\/wp\/v2\/users\/30"}],"replies":[{"embeddable":true,"href":"https:\/\/www.cuballama.com\/noticias\/wp-json\/wp\/v2\/comments?post=225170"}],"version-history":[{"count":10,"href":"https:\/\/www.cuballama.com\/noticias\/wp-json\/wp\/v2\/posts\/225170\/revisions"}],"predecessor-version":[{"id":225269,"href":"https:\/\/www.cuballama.com\/noticias\/wp-json\/wp\/v2\/posts\/225170\/revisions\/225269"}],"wp:featuredmedia":[{"embeddable":true,"href":"https:\/\/www.cuballama.com\/noticias\/wp-json\/wp\/v2\/media\/225171"}],"wp:attachment":[{"href":"https:\/\/www.cuballama.com\/noticias\/wp-json\/wp\/v2\/media?parent=225170"}],"wp:term":[{"taxonomy":"category","embeddable":true,"href":"https:\/\/www.cuballama.com\/noticias\/wp-json\/wp\/v2\/categories?post=225170"},{"taxonomy":"post_tag","embeddable":true,"href":"https:\/\/www.cuballama.com\/noticias\/wp-json\/wp\/v2\/tags?post=225170"}],"curies":[{"name":"wp","href":"https:\/\/api.w.org\/{rel}","templated":true}]}}