{"id":224948,"date":"2025-11-05T09:47:45","date_gmt":"2025-11-05T14:47:45","guid":{"rendered":"https:\/\/www.cuballama.com\/noticias\/?p=224948"},"modified":"2025-11-05T09:47:48","modified_gmt":"2025-11-05T14:47:48","slug":"dos-anos-preso-y-sin-delito-imputado-familiares-denuncian-injusticia-en-caso-de-cubano-detenido-en-la-isla","status":"publish","type":"post","link":"https:\/\/www.cuballama.com\/noticias\/dos-anos-preso-y-sin-delito-imputado-familiares-denuncian-injusticia-en-caso-de-cubano-detenido-en-la-isla\/","title":{"rendered":"Dos a\u00f1os preso y sin delito imputado: familiares denuncian injusticia en caso de cubano detenido en la isla"},"content":{"rendered":"\n<p>Familiares y amigos de Maikel Seara Padr\u00f3n, vecino de Nuevitas, Camag\u00fcey, denuncian que el joven lleva casi dos a\u00f1os privado de libertad por un presunto robo en el frigor\u00edfico municipal, pese a que las pruebas de olor, huellas y rastreo canino dieron negativo, y a que directivos y trabajadores afirmaron en juicio no conocerlo ni verlo en los videos de seguridad. <\/p>\n\n\n\n<p>La familia de Maikel relata un laberinto administrativo: su proceso ha sido pospuesto en varias ocasiones y existe adem\u00e1s una notable ausencia de elementos incriminatorios consistentes y la incertidumbre de no saber cu\u00e1ndo habr\u00e1 una decisi\u00f3n definitiva.  <\/p>\n\n\n\n<p>Seg\u00fan la familia, el veredicto prometido dado por las autoridades a ellos de que \u201cen dos meses\u201d se solucionar\u00eda su caso nunca lleg\u00f3, y Maykel a\u00fan est\u00e1 preso, siendo trasladado a cada rato de prisi\u00f3n al juzgado y viceversa.<\/p>\n\n\n\n<iframe loading=\"lazy\" src=\"https:\/\/www.facebook.com\/plugins\/video.php?height=476&#038;href=https%3A%2F%2Fwww.facebook.com%2Freel%2F1546627829805286%2F&#038;show_text=true&#038;width=267&#038;t=0\" width=\"267\" height=\"591\" style=\"border:none;overflow:hidden\" scrolling=\"no\" frameborder=\"0\" allowfullscreen=\"true\" allow=\"autoplay; clipboard-write; encrypted-media; picture-in-picture; web-share\" allowFullScreen=\"true\"><\/iframe>\n\n\n\n<p>La queja de los Seara no es aislada. Organizaciones internacionales y reportes diplom\u00e1ticos han documentado detenciones prolongadas y procesos opacos en Cuba, con figuras de prisi\u00f3n provisional que, en la pr\u00e1ctica, pueden alargarse sin una sentencia firme. <a href=\"https:\/\/www.state.gov\/reports\/2023-country-reports-on-human-rights-practices\/cuba\" target=\"_blank\" rel=\"noreferrer noopener nofollow\">El Departamento de Estado de Estados Unidos <\/a>se\u00f1ala casos de detenci\u00f3n arbitraria y dificultades reales para impugnar la privaci\u00f3n de libertad, mientras que opiniones recientes del Grupo de Trabajo sobre la Detenci\u00f3n Arbitraria de la ONU describen \u201cprolongadas detenciones preventivas\u201d con rasgos inquisitivos que vulneran garant\u00edas constitucionales. <\/p>\n\n\n\n<p>El marco legal cubano reconoce el derecho a la defensa desde la instrucci\u00f3n de cargos y contempla el nombramiento de abogado aun sin designaci\u00f3n del acusado; adem\u00e1s, regula la medida de prisi\u00f3n provisional y su control judicial. <\/p>\n\n\n\n<p>Sin embargo, juristas dentro de la isla han advertido sobre la necesidad de reforzar l\u00edmites y supervisi\u00f3n de esa cautelar para evitar prolongaciones injustificadas y el secreto de las actuaciones m\u00e1s all\u00e1 de plazos estrictos. <\/p>\n\n\n\n<p>El contexto en Nuevitas a\u00f1ade presi\u00f3n. Tras las protestas de 2022 por los apagones, tribunales de Camag\u00fcey dictaron condenas severas a manifestantes, un antecedente que activistas y observadores leen como se\u00f1al de mano dura y sistemas procesales congestionados. La propia dureza de esas sentencias fue criticada por gobiernos y organizaciones, lo que reaviv\u00f3 el debate sobre debido proceso, transparencia judicial y proporcionalidad de las medidas.<\/p>\n","protected":false},"excerpt":{"rendered":"<p>Familiares y amigos de Maikel Seara Padr\u00f3n, vecino de Nuevitas, Camag\u00fcey, denuncian que el joven lleva casi dos a\u00f1os privado de libertad por un presunto robo en el frigor\u00edfico municipal, pese a que las pruebas de olor, huellas y rastreo canino dieron negativo, y a que directivos y trabajadores afirmaron en juicio no conocerlo ni [&hellip;]<\/p>\n","protected":false},"author":13,"featured_media":224972,"comment_status":"open","ping_status":"closed","sticky":false,"template":"","format":"standard","meta":{"_acf_changed":false,"footnotes":""},"categories":[18,955],"tags":[2171,11,941,28326,28993,9807,17784],"class_list":{"0":"post-224948","1":"post","2":"type-post","3":"status-publish","4":"format-standard","5":"has-post-thumbnail","7":"category-noticias","8":"category-noticias-de-cuba","9":"tag-camaguey","10":"tag-cuba","11":"tag-destacado","12":"tag-detenidos-sin-proceso","13":"tag-maikel-seara-padron","14":"tag-nuevitas","15":"tag-presos-cubanos"},"acf":[],"yoast_head":"<!-- This site is optimized with the Yoast SEO plugin v27.5 - https:\/\/yoast.com\/product\/yoast-seo-wordpress\/ -->\n<title>Dos a\u00f1os preso y sin delito imputado: familiares denuncian injusticia en caso de cubano detenido en la isla - Cuballama Noticias<\/title>\n<meta name=\"description\" content=\"Familiares y amigos de Maikel Seara Padr\u00f3n, vecino de Nuevitas, Camag\u00fcey, denuncian que el joven lleva casi dos a\u00f1os preso injustamente.\" \/>\n<meta name=\"robots\" content=\"index, follow, max-snippet:-1, max-image-preview:large, max-video-preview:-1\" \/>\n<link rel=\"canonical\" href=\"https:\/\/www.cuballama.com\/noticias\/dos-anos-preso-y-sin-delito-imputado-familiares-denuncian-injusticia-en-caso-de-cubano-detenido-en-la-isla\/\" \/>\n<meta property=\"og:locale\" content=\"es_ES\" \/>\n<meta property=\"og:type\" content=\"article\" \/>\n<meta property=\"og:title\" content=\"Dos a\u00f1os preso y sin delito imputado: familiares denuncian injusticia en caso de cubano detenido en la isla - Cuballama Noticias\" \/>\n<meta property=\"og:description\" content=\"Familiares y amigos de Maikel Seara Padr\u00f3n, vecino de Nuevitas, Camag\u00fcey, denuncian que el joven lleva casi dos a\u00f1os preso injustamente.\" \/>\n<meta property=\"og:url\" content=\"https:\/\/www.cuballama.com\/noticias\/dos-anos-preso-y-sin-delito-imputado-familiares-denuncian-injusticia-en-caso-de-cubano-detenido-en-la-isla\/\" \/>\n<meta property=\"og:site_name\" content=\"Cuballama Noticias\" \/>\n<meta property=\"article:publisher\" content=\"https:\/\/www.facebook.com\/CubaLlama\" \/>\n<meta property=\"article:published_time\" content=\"2025-11-05T14:47:45+00:00\" \/>\n<meta property=\"article:modified_time\" content=\"2025-11-05T14:47:48+00:00\" \/>\n<meta property=\"og:image\" content=\"https:\/\/cdn1.mediawpaccore.net\/wp-content\/uploads\/2025\/11\/05065924\/image-18.png\" \/>\n\t<meta property=\"og:image:width\" content=\"1966\" \/>\n\t<meta property=\"og:image:height\" content=\"1036\" \/>\n\t<meta property=\"og:image:type\" content=\"image\/png\" \/>\n<meta name=\"author\" content=\"Roberto A.\" \/>\n<meta name=\"twitter:card\" content=\"summary_large_image\" \/>\n<meta name=\"twitter:creator\" content=\"@cuballama\" \/>\n<meta name=\"twitter:site\" content=\"@cuballama\" \/>\n<meta name=\"twitter:label1\" content=\"Escrito por\" \/>\n\t<meta name=\"twitter:data1\" content=\"Roberto A.\" \/>\n\t<meta name=\"twitter:label2\" content=\"Tiempo de lectura\" \/>\n\t<meta name=\"twitter:data2\" content=\"2 minutos\" \/>\n<script type=\"application\/ld+json\" class=\"yoast-schema-graph\">{\"@context\":\"https:\\\/\\\/schema.org\",\"@graph\":[{\"@type\":\"Article\",\"@id\":\"https:\\\/\\\/www.cuballama.com\\\/noticias\\\/dos-anos-preso-y-sin-delito-imputado-familiares-denuncian-injusticia-en-caso-de-cubano-detenido-en-la-isla\\\/#article\",\"isPartOf\":{\"@id\":\"https:\\\/\\\/www.cuballama.com\\\/noticias\\\/dos-anos-preso-y-sin-delito-imputado-familiares-denuncian-injusticia-en-caso-de-cubano-detenido-en-la-isla\\\/\"},\"author\":{\"name\":\"Roberto A.\",\"@id\":\"https:\\\/\\\/www.cuballama.com\\\/noticias\\\/#\\\/schema\\\/person\\\/a58502ed4146c8e9f83872e897c76cd2\"},\"headline\":\"Dos a\u00f1os preso y sin delito imputado: familiares denuncian injusticia en caso de cubano detenido en la isla\",\"datePublished\":\"2025-11-05T14:47:45+00:00\",\"dateModified\":\"2025-11-05T14:47:48+00:00\",\"mainEntityOfPage\":{\"@id\":\"https:\\\/\\\/www.cuballama.com\\\/noticias\\\/dos-anos-preso-y-sin-delito-imputado-familiares-denuncian-injusticia-en-caso-de-cubano-detenido-en-la-isla\\\/\"},\"wordCount\":406,\"commentCount\":0,\"publisher\":{\"@id\":\"https:\\\/\\\/www.cuballama.com\\\/noticias\\\/#organization\"},\"image\":{\"@id\":\"https:\\\/\\\/www.cuballama.com\\\/noticias\\\/dos-anos-preso-y-sin-delito-imputado-familiares-denuncian-injusticia-en-caso-de-cubano-detenido-en-la-isla\\\/#primaryimage\"},\"thumbnailUrl\":\"https:\\\/\\\/cdn1.mediawpaccore.net\\\/wp-content\\\/uploads\\\/2025\\\/11\\\/05065924\\\/image-18.png\",\"keywords\":[\"Camag\u00fcey\",\"Cuba\",\"destacado\",\"detenidos sin proceso\",\"Maikel Seara Padr\u00f3n\",\"Nuevitas\",\"presos cubanos\"],\"articleSection\":[\"Noticias\",\"Noticias de Cuba\"],\"inLanguage\":\"es\",\"potentialAction\":[{\"@type\":\"CommentAction\",\"name\":\"Comment\",\"target\":[\"https:\\\/\\\/www.cuballama.com\\\/noticias\\\/dos-anos-preso-y-sin-delito-imputado-familiares-denuncian-injusticia-en-caso-de-cubano-detenido-en-la-isla\\\/#respond\"]}]},{\"@type\":\"WebPage\",\"@id\":\"https:\\\/\\\/www.cuballama.com\\\/noticias\\\/dos-anos-preso-y-sin-delito-imputado-familiares-denuncian-injusticia-en-caso-de-cubano-detenido-en-la-isla\\\/\",\"url\":\"https:\\\/\\\/www.cuballama.com\\\/noticias\\\/dos-anos-preso-y-sin-delito-imputado-familiares-denuncian-injusticia-en-caso-de-cubano-detenido-en-la-isla\\\/\",\"name\":\"Dos a\u00f1os preso y sin delito imputado: familiares denuncian injusticia en caso de cubano detenido en la isla - Cuballama Noticias\",\"isPartOf\":{\"@id\":\"https:\\\/\\\/www.cuballama.com\\\/noticias\\\/#website\"},\"primaryImageOfPage\":{\"@id\":\"https:\\\/\\\/www.cuballama.com\\\/noticias\\\/dos-anos-preso-y-sin-delito-imputado-familiares-denuncian-injusticia-en-caso-de-cubano-detenido-en-la-isla\\\/#primaryimage\"},\"image\":{\"@id\":\"https:\\\/\\\/www.cuballama.com\\\/noticias\\\/dos-anos-preso-y-sin-delito-imputado-familiares-denuncian-injusticia-en-caso-de-cubano-detenido-en-la-isla\\\/#primaryimage\"},\"thumbnailUrl\":\"https:\\\/\\\/cdn1.mediawpaccore.net\\\/wp-content\\\/uploads\\\/2025\\\/11\\\/05065924\\\/image-18.png\",\"datePublished\":\"2025-11-05T14:47:45+00:00\",\"dateModified\":\"2025-11-05T14:47:48+00:00\",\"description\":\"Familiares y amigos de Maikel Seara Padr\u00f3n, vecino de Nuevitas, Camag\u00fcey, denuncian que el joven lleva casi dos a\u00f1os preso injustamente.\",\"breadcrumb\":{\"@id\":\"https:\\\/\\\/www.cuballama.com\\\/noticias\\\/dos-anos-preso-y-sin-delito-imputado-familiares-denuncian-injusticia-en-caso-de-cubano-detenido-en-la-isla\\\/#breadcrumb\"},\"inLanguage\":\"es\",\"potentialAction\":[{\"@type\":\"ReadAction\",\"target\":[\"https:\\\/\\\/www.cuballama.com\\\/noticias\\\/dos-anos-preso-y-sin-delito-imputado-familiares-denuncian-injusticia-en-caso-de-cubano-detenido-en-la-isla\\\/\"]}]},{\"@type\":\"ImageObject\",\"inLanguage\":\"es\",\"@id\":\"https:\\\/\\\/www.cuballama.com\\\/noticias\\\/dos-anos-preso-y-sin-delito-imputado-familiares-denuncian-injusticia-en-caso-de-cubano-detenido-en-la-isla\\\/#primaryimage\",\"url\":\"https:\\\/\\\/cdn1.mediawpaccore.net\\\/wp-content\\\/uploads\\\/2025\\\/11\\\/05065924\\\/image-18.png\",\"contentUrl\":\"https:\\\/\\\/cdn1.mediawpaccore.net\\\/wp-content\\\/uploads\\\/2025\\\/11\\\/05065924\\\/image-18.png\",\"width\":1966,\"height\":1036,\"caption\":\"A Maikel Seara Padr\u00f3n, vecino de Nuevitas, Camag\u00fcey, no le han podido demostrar su participaci\u00f3n en un robo ocurrido en el frigor\u00edfico municipal. Sin embargo, lleva dos a\u00f1os detenido.\"},{\"@type\":\"BreadcrumbList\",\"@id\":\"https:\\\/\\\/www.cuballama.com\\\/noticias\\\/dos-anos-preso-y-sin-delito-imputado-familiares-denuncian-injusticia-en-caso-de-cubano-detenido-en-la-isla\\\/#breadcrumb\",\"itemListElement\":[{\"@type\":\"ListItem\",\"position\":1,\"name\":\"Home\",\"item\":\"https:\\\/\\\/www.cuballama.com\\\/noticias\\\/\"},{\"@type\":\"ListItem\",\"position\":2,\"name\":\"Dos a\u00f1os preso y sin delito imputado: familiares denuncian injusticia en caso de cubano detenido en la isla\"}]},{\"@type\":\"WebSite\",\"@id\":\"https:\\\/\\\/www.cuballama.com\\\/noticias\\\/#website\",\"url\":\"https:\\\/\\\/www.cuballama.com\\\/noticias\\\/\",\"name\":\"Cuballama Noticias\",\"description\":\"Medio digital sobre Cuba y el mundo\",\"publisher\":{\"@id\":\"https:\\\/\\\/www.cuballama.com\\\/noticias\\\/#organization\"},\"potentialAction\":[{\"@type\":\"SearchAction\",\"target\":{\"@type\":\"EntryPoint\",\"urlTemplate\":\"https:\\\/\\\/www.cuballama.com\\\/noticias\\\/?s={search_term_string}\"},\"query-input\":{\"@type\":\"PropertyValueSpecification\",\"valueRequired\":true,\"valueName\":\"search_term_string\"}}],\"inLanguage\":\"es\"},{\"@type\":\"Organization\",\"@id\":\"https:\\\/\\\/www.cuballama.com\\\/noticias\\\/#organization\",\"name\":\"Cuballama\",\"url\":\"https:\\\/\\\/www.cuballama.com\\\/noticias\\\/\",\"logo\":{\"@type\":\"ImageObject\",\"inLanguage\":\"es\",\"@id\":\"https:\\\/\\\/www.cuballama.com\\\/noticias\\\/#\\\/schema\\\/logo\\\/image\\\/\",\"url\":\"https:\\\/\\\/cdn1.mediawpaccore.net\\\/wp-content\\\/uploads\\\/2021\\\/12\\\/28171206\\\/cbll-logo-color-sm.png\",\"contentUrl\":\"https:\\\/\\\/cdn1.mediawpaccore.net\\\/wp-content\\\/uploads\\\/2021\\\/12\\\/28171206\\\/cbll-logo-color-sm.png\",\"width\":600,\"height\":133,\"caption\":\"Cuballama\"},\"image\":{\"@id\":\"https:\\\/\\\/www.cuballama.com\\\/noticias\\\/#\\\/schema\\\/logo\\\/image\\\/\"},\"sameAs\":[\"https:\\\/\\\/www.facebook.com\\\/CubaLlama\",\"https:\\\/\\\/x.com\\\/cuballama\",\"https:\\\/\\\/www.instagram.com\\\/stories\\\/cuballama_oficial\\\/\",\"https:\\\/\\\/www.youtube.com\\\/channel\\\/UCKkFE-d_axENGZcrc4as0IA\"]},{\"@type\":\"Person\",\"@id\":\"https:\\\/\\\/www.cuballama.com\\\/noticias\\\/#\\\/schema\\\/person\\\/a58502ed4146c8e9f83872e897c76cd2\",\"name\":\"Roberto A.\",\"description\":\"Roberto A. Periodista por decisi\u00f3n propia. Interesado en cualquier tema que me apasione y cada vez m\u00e1s comprometido con la verdad y la objetividad period\u00edstica. Graduado en La Habana hace ya muchos a\u00f1os, luego de una accidentada y polvorienta b\u00fasqueda de informaci\u00f3n sobre un tema in\u00e9dito. La Tesis, por cierto, desapareci\u00f3 de la biblioteca y no se conservan copias de la misma.\",\"url\":\"https:\\\/\\\/www.cuballama.com\\\/noticias\\\/author\\\/roberto\\\/\"}]}<\/script>\n<!-- \/ Yoast SEO plugin. -->","yoast_head_json":{"title":"Dos a\u00f1os preso y sin delito imputado: familiares denuncian injusticia en caso de cubano detenido en la isla - Cuballama Noticias","description":"Familiares y amigos de Maikel Seara Padr\u00f3n, vecino de Nuevitas, Camag\u00fcey, denuncian que el joven lleva casi dos a\u00f1os preso injustamente.","robots":{"index":"index","follow":"follow","max-snippet":"max-snippet:-1","max-image-preview":"max-image-preview:large","max-video-preview":"max-video-preview:-1"},"canonical":"https:\/\/www.cuballama.com\/noticias\/dos-anos-preso-y-sin-delito-imputado-familiares-denuncian-injusticia-en-caso-de-cubano-detenido-en-la-isla\/","og_locale":"es_ES","og_type":"article","og_title":"Dos a\u00f1os preso y sin delito imputado: familiares denuncian injusticia en caso de cubano detenido en la isla - Cuballama Noticias","og_description":"Familiares y amigos de Maikel Seara Padr\u00f3n, vecino de Nuevitas, Camag\u00fcey, denuncian que el joven lleva casi dos a\u00f1os preso injustamente.","og_url":"https:\/\/www.cuballama.com\/noticias\/dos-anos-preso-y-sin-delito-imputado-familiares-denuncian-injusticia-en-caso-de-cubano-detenido-en-la-isla\/","og_site_name":"Cuballama Noticias","article_publisher":"https:\/\/www.facebook.com\/CubaLlama","article_published_time":"2025-11-05T14:47:45+00:00","article_modified_time":"2025-11-05T14:47:48+00:00","og_image":[{"width":1966,"height":1036,"url":"https:\/\/cdn1.mediawpaccore.net\/wp-content\/uploads\/2025\/11\/05065924\/image-18.png","type":"image\/png"}],"author":"Roberto A.","twitter_card":"summary_large_image","twitter_creator":"@cuballama","twitter_site":"@cuballama","twitter_misc":{"Escrito por":"Roberto A.","Tiempo de lectura":"2 minutos"},"schema":{"@context":"https:\/\/schema.org","@graph":[{"@type":"Article","@id":"https:\/\/www.cuballama.com\/noticias\/dos-anos-preso-y-sin-delito-imputado-familiares-denuncian-injusticia-en-caso-de-cubano-detenido-en-la-isla\/#article","isPartOf":{"@id":"https:\/\/www.cuballama.com\/noticias\/dos-anos-preso-y-sin-delito-imputado-familiares-denuncian-injusticia-en-caso-de-cubano-detenido-en-la-isla\/"},"author":{"name":"Roberto A.","@id":"https:\/\/www.cuballama.com\/noticias\/#\/schema\/person\/a58502ed4146c8e9f83872e897c76cd2"},"headline":"Dos a\u00f1os preso y sin delito imputado: familiares denuncian injusticia en caso de cubano detenido en la isla","datePublished":"2025-11-05T14:47:45+00:00","dateModified":"2025-11-05T14:47:48+00:00","mainEntityOfPage":{"@id":"https:\/\/www.cuballama.com\/noticias\/dos-anos-preso-y-sin-delito-imputado-familiares-denuncian-injusticia-en-caso-de-cubano-detenido-en-la-isla\/"},"wordCount":406,"commentCount":0,"publisher":{"@id":"https:\/\/www.cuballama.com\/noticias\/#organization"},"image":{"@id":"https:\/\/www.cuballama.com\/noticias\/dos-anos-preso-y-sin-delito-imputado-familiares-denuncian-injusticia-en-caso-de-cubano-detenido-en-la-isla\/#primaryimage"},"thumbnailUrl":"https:\/\/cdn1.mediawpaccore.net\/wp-content\/uploads\/2025\/11\/05065924\/image-18.png","keywords":["Camag\u00fcey","Cuba","destacado","detenidos sin proceso","Maikel Seara Padr\u00f3n","Nuevitas","presos cubanos"],"articleSection":["Noticias","Noticias de Cuba"],"inLanguage":"es","potentialAction":[{"@type":"CommentAction","name":"Comment","target":["https:\/\/www.cuballama.com\/noticias\/dos-anos-preso-y-sin-delito-imputado-familiares-denuncian-injusticia-en-caso-de-cubano-detenido-en-la-isla\/#respond"]}]},{"@type":"WebPage","@id":"https:\/\/www.cuballama.com\/noticias\/dos-anos-preso-y-sin-delito-imputado-familiares-denuncian-injusticia-en-caso-de-cubano-detenido-en-la-isla\/","url":"https:\/\/www.cuballama.com\/noticias\/dos-anos-preso-y-sin-delito-imputado-familiares-denuncian-injusticia-en-caso-de-cubano-detenido-en-la-isla\/","name":"Dos a\u00f1os preso y sin delito imputado: familiares denuncian injusticia en caso de cubano detenido en la isla - Cuballama Noticias","isPartOf":{"@id":"https:\/\/www.cuballama.com\/noticias\/#website"},"primaryImageOfPage":{"@id":"https:\/\/www.cuballama.com\/noticias\/dos-anos-preso-y-sin-delito-imputado-familiares-denuncian-injusticia-en-caso-de-cubano-detenido-en-la-isla\/#primaryimage"},"image":{"@id":"https:\/\/www.cuballama.com\/noticias\/dos-anos-preso-y-sin-delito-imputado-familiares-denuncian-injusticia-en-caso-de-cubano-detenido-en-la-isla\/#primaryimage"},"thumbnailUrl":"https:\/\/cdn1.mediawpaccore.net\/wp-content\/uploads\/2025\/11\/05065924\/image-18.png","datePublished":"2025-11-05T14:47:45+00:00","dateModified":"2025-11-05T14:47:48+00:00","description":"Familiares y amigos de Maikel Seara Padr\u00f3n, vecino de Nuevitas, Camag\u00fcey, denuncian que el joven lleva casi dos a\u00f1os preso injustamente.","breadcrumb":{"@id":"https:\/\/www.cuballama.com\/noticias\/dos-anos-preso-y-sin-delito-imputado-familiares-denuncian-injusticia-en-caso-de-cubano-detenido-en-la-isla\/#breadcrumb"},"inLanguage":"es","potentialAction":[{"@type":"ReadAction","target":["https:\/\/www.cuballama.com\/noticias\/dos-anos-preso-y-sin-delito-imputado-familiares-denuncian-injusticia-en-caso-de-cubano-detenido-en-la-isla\/"]}]},{"@type":"ImageObject","inLanguage":"es","@id":"https:\/\/www.cuballama.com\/noticias\/dos-anos-preso-y-sin-delito-imputado-familiares-denuncian-injusticia-en-caso-de-cubano-detenido-en-la-isla\/#primaryimage","url":"https:\/\/cdn1.mediawpaccore.net\/wp-content\/uploads\/2025\/11\/05065924\/image-18.png","contentUrl":"https:\/\/cdn1.mediawpaccore.net\/wp-content\/uploads\/2025\/11\/05065924\/image-18.png","width":1966,"height":1036,"caption":"A Maikel Seara Padr\u00f3n, vecino de Nuevitas, Camag\u00fcey, no le han podido demostrar su participaci\u00f3n en un robo ocurrido en el frigor\u00edfico municipal. Sin embargo, lleva dos a\u00f1os detenido."},{"@type":"BreadcrumbList","@id":"https:\/\/www.cuballama.com\/noticias\/dos-anos-preso-y-sin-delito-imputado-familiares-denuncian-injusticia-en-caso-de-cubano-detenido-en-la-isla\/#breadcrumb","itemListElement":[{"@type":"ListItem","position":1,"name":"Home","item":"https:\/\/www.cuballama.com\/noticias\/"},{"@type":"ListItem","position":2,"name":"Dos a\u00f1os preso y sin delito imputado: familiares denuncian injusticia en caso de cubano detenido en la isla"}]},{"@type":"WebSite","@id":"https:\/\/www.cuballama.com\/noticias\/#website","url":"https:\/\/www.cuballama.com\/noticias\/","name":"Cuballama Noticias","description":"Medio digital sobre Cuba y el mundo","publisher":{"@id":"https:\/\/www.cuballama.com\/noticias\/#organization"},"potentialAction":[{"@type":"SearchAction","target":{"@type":"EntryPoint","urlTemplate":"https:\/\/www.cuballama.com\/noticias\/?s={search_term_string}"},"query-input":{"@type":"PropertyValueSpecification","valueRequired":true,"valueName":"search_term_string"}}],"inLanguage":"es"},{"@type":"Organization","@id":"https:\/\/www.cuballama.com\/noticias\/#organization","name":"Cuballama","url":"https:\/\/www.cuballama.com\/noticias\/","logo":{"@type":"ImageObject","inLanguage":"es","@id":"https:\/\/www.cuballama.com\/noticias\/#\/schema\/logo\/image\/","url":"https:\/\/cdn1.mediawpaccore.net\/wp-content\/uploads\/2021\/12\/28171206\/cbll-logo-color-sm.png","contentUrl":"https:\/\/cdn1.mediawpaccore.net\/wp-content\/uploads\/2021\/12\/28171206\/cbll-logo-color-sm.png","width":600,"height":133,"caption":"Cuballama"},"image":{"@id":"https:\/\/www.cuballama.com\/noticias\/#\/schema\/logo\/image\/"},"sameAs":["https:\/\/www.facebook.com\/CubaLlama","https:\/\/x.com\/cuballama","https:\/\/www.instagram.com\/stories\/cuballama_oficial\/","https:\/\/www.youtube.com\/channel\/UCKkFE-d_axENGZcrc4as0IA"]},{"@type":"Person","@id":"https:\/\/www.cuballama.com\/noticias\/#\/schema\/person\/a58502ed4146c8e9f83872e897c76cd2","name":"Roberto A.","description":"Roberto A. Periodista por decisi\u00f3n propia. Interesado en cualquier tema que me apasione y cada vez m\u00e1s comprometido con la verdad y la objetividad period\u00edstica. Graduado en La Habana hace ya muchos a\u00f1os, luego de una accidentada y polvorienta b\u00fasqueda de informaci\u00f3n sobre un tema in\u00e9dito. La Tesis, por cierto, desapareci\u00f3 de la biblioteca y no se conservan copias de la misma.","url":"https:\/\/www.cuballama.com\/noticias\/author\/roberto\/"}]}},"_links":{"self":[{"href":"https:\/\/www.cuballama.com\/noticias\/wp-json\/wp\/v2\/posts\/224948","targetHints":{"allow":["GET"]}}],"collection":[{"href":"https:\/\/www.cuballama.com\/noticias\/wp-json\/wp\/v2\/posts"}],"about":[{"href":"https:\/\/www.cuballama.com\/noticias\/wp-json\/wp\/v2\/types\/post"}],"author":[{"embeddable":true,"href":"https:\/\/www.cuballama.com\/noticias\/wp-json\/wp\/v2\/users\/13"}],"replies":[{"embeddable":true,"href":"https:\/\/www.cuballama.com\/noticias\/wp-json\/wp\/v2\/comments?post=224948"}],"version-history":[{"count":4,"href":"https:\/\/www.cuballama.com\/noticias\/wp-json\/wp\/v2\/posts\/224948\/revisions"}],"predecessor-version":[{"id":224973,"href":"https:\/\/www.cuballama.com\/noticias\/wp-json\/wp\/v2\/posts\/224948\/revisions\/224973"}],"wp:featuredmedia":[{"embeddable":true,"href":"https:\/\/www.cuballama.com\/noticias\/wp-json\/wp\/v2\/media\/224972"}],"wp:attachment":[{"href":"https:\/\/www.cuballama.com\/noticias\/wp-json\/wp\/v2\/media?parent=224948"}],"wp:term":[{"taxonomy":"category","embeddable":true,"href":"https:\/\/www.cuballama.com\/noticias\/wp-json\/wp\/v2\/categories?post=224948"},{"taxonomy":"post_tag","embeddable":true,"href":"https:\/\/www.cuballama.com\/noticias\/wp-json\/wp\/v2\/tags?post=224948"}],"curies":[{"name":"wp","href":"https:\/\/api.w.org\/{rel}","templated":true}]}}