{"id":224876,"date":"2025-11-04T11:42:18","date_gmt":"2025-11-04T16:42:18","guid":{"rendered":"https:\/\/www.cuballama.com\/noticias\/?p=224876"},"modified":"2025-11-04T11:42:22","modified_gmt":"2025-11-04T16:42:22","slug":"inmigrantes-cubanos-frente-a-lo-mas-duro-del-sistema-hoy-la-muerte-que-pudo-evitarse-y-el-hombre-que-no-merece-estar-detenido","status":"publish","type":"post","link":"https:\/\/www.cuballama.com\/noticias\/inmigrantes-cubanos-frente-a-lo-mas-duro-del-sistema-hoy-la-muerte-que-pudo-evitarse-y-el-hombre-que-no-merece-estar-detenido\/","title":{"rendered":"Inmigrantes cubanos frente a lo m\u00e1s duro del sistema HOY: la muerte que pudo evitarse y el hombre que no merece estar detenido"},"content":{"rendered":"\n<h2 class=\"wp-block-heading\">Esta es la historia de varios inmigrantes cubanos. Tres. Uno pudiera ser deportado y no lo merece. Otro, que asesin\u00f3 a una mujer y solo estuvo preso 18 meses en la c\u00e1rcel, y que cuando sali\u00f3, estrangul\u00f3 a una cubana que lo contrat\u00f3 para que le reparara un desperfecto en su casa. <\/h2>\n\n\n\n<h3 class=\"wp-block-heading\">Este \u00faltimo, que no deber\u00eda ni estar vivo, debi\u00f3 ser deportado a la isla y nunca se hizo.<\/h3>\n\n\n\n<p>Dos historias que hoy son noticia en Miami, Florida, vuelven a colocar en primer plano a inmigrantes cubanos enfrentados a la zona m\u00e1s severa del sistema judicial y migratorio de Estados Unidos. En un extremo se discute si un hombre que ha vivido 36 a\u00f1os en el pa\u00eds merece ser tratado como un peligro o como un residente envejecido y enfermo que cay\u00f3 en un vac\u00edo burocr\u00e1tico. En el otro, una familia exige justicia por el asesinato de una mujer cuyo agresor ya hab\u00eda matado antes y fue liberado con una rapidez dif\u00edcil de explicar.<\/p>\n\n\n\n<p>El caso de Justo Betancourt rese\u00f1ado por<em><a href=\"https:\/\/www.local10.com\/news\/local\/2025\/11\/02\/miami-sisters-fear-for-diabetic-fathers-health-after-sudden-ice-detention\/\" target=\"_blank\" rel=\"noreferrer noopener nofollow\"> Local10 News<\/a><\/em> tom\u00f3 por sorpresa a sus hijas. El pasado mi\u00e9rcoles acudi\u00f3, como cada a\u00f1o, a un chequeo rutinario con autoridades migratorias. Nunca regres\u00f3 a casa. Las mujeres recibieron la noticia varias horas despu\u00e9s: su padre estaba detenido en el Alligator Alcatraz Detention Center, una instalaci\u00f3n de ICE en el sur de Florida.<\/p>\n\n\n\n<p>Betancourt, inmigrante cubano que lleva 36 a\u00f1os en Estados Unidos, vive con una condici\u00f3n que requiere insulina dos veces al d\u00eda. Sus hijas denuncian que la \u00fanica comunicaci\u00f3n que han tenido con \u00e9l fue para escuchar una advertencia desalentadora: si necesitaba insulina, pod\u00eda obtenerla \u201cen M\u00e9xico\u201d. El hombre fue acusado hace cinco a\u00f1os en un caso por conspiraci\u00f3n, pero los cargos fueron retirados. Aun as\u00ed, permaneci\u00f3 en probatoria.<\/p>\n\n\n\n<p>Para la familia, su historia deber\u00eda pesar m\u00e1s que un expediente judicial sin condena: un padre soltero que trabaj\u00f3 y cri\u00f3 a sus hijas en Miami, parte de una comunidad a la que aport\u00f3 durante d\u00e9cadas. \u201cSomos humanos. Todos cometemos errores. Pero tambi\u00e9n somos capaces de cambiar y ser mejores\u201d, dijo su hija Arianne, quien reclama que el sistema no lo exponga a un da\u00f1o mayor que cualquier falta del pasado.<\/p>\n\n\n\n<figure class=\"wp-block-embed is-type-video is-provider-youtube wp-block-embed-youtube wp-embed-aspect-16-9 wp-has-aspect-ratio\"><div class=\"wp-block-embed__wrapper\">\n<div class=\"youtube-embed\" data-video_id=\"6LkkX_0vFJA\"><iframe loading=\"lazy\" title=\"Miami sisters fear for diabetic father\u2019s health after sudden ICE detention\" width=\"696\" height=\"392\" src=\"https:\/\/www.youtube.com\/embed\/6LkkX_0vFJA?feature=oembed&#038;enablejsapi=1\" frameborder=\"0\" allow=\"accelerometer; autoplay; clipboard-write; encrypted-media; gyroscope; picture-in-picture; web-share\" referrerpolicy=\"strict-origin-when-cross-origin\" allowfullscreen><\/iframe><\/div>\n<\/div><\/figure>\n\n\n\n<p><\/p>\n\n\n\n<hr class=\"wp-block-separator has-alpha-channel-opacity\"\/>\n\n\n\n<p>En paralelo, en una sala del tribunal de Miami-Dade <a href=\"https:\/\/www.miamiherald.com\/news\/local\/crime\/article312727273.html\" target=\"_blank\" rel=\"noreferrer noopener nofollow\">se sigue rearmando la historia de un crimen brutal que marc\u00f3 a la comunidad cubana en 2005.<\/a><\/p>\n\n\n\n<p>Yvette Fari\u00f1as lleg\u00f3 desde Cuba en 1999 buscando una vida distinta. Trabajaba como mesera en La Carreta del Aeropuerto Internacional de Miami mientras intentaba convertirse en oficial de seguridad federal. El 24 de enero de 2005, fue sorprendida en su vivienda por un hombre al que ella misma hab\u00eda contratado para realizar reparaciones en su casa: el cubano Rafael Andres.<\/p>\n\n\n\n<p>Seg\u00fan los fiscales, Andres utiliz\u00f3 una llave de repuesto para entrar al peque\u00f1o apartamento. La golpe\u00f3, la tortur\u00f3 hasta obtener el pin de su tarjeta bancaria y finalmente la estrangul\u00f3 con el cable de una olla arrocera. Luego incendi\u00f3 la escena para eliminar pruebas. Con la tarjeta de Yvette, retir\u00f3 dinero, compr\u00f3 en tiendas y pag\u00f3 una estancia en el Miccosukee Resort. La suma total malgastada: m\u00e1s de 1,600 d\u00f3lares.<\/p>\n\n\n\n<p>Una d\u00e9cada despu\u00e9s, en 2014, un jurado lo declar\u00f3 culpable y recomend\u00f3 la pena de muerte por una mayor\u00eda de 9\u20133. Pero cambios constitucionales en el sistema de ejecuci\u00f3n de Florida le abrieron la puerta a un nuevo proceso de sentencia. Ese juicio se desarrolla ahora en Miami, donde la fiscal\u00eda sostiene que el crimen no admite otra respuesta que la m\u00e1xima sanci\u00f3n penal del estado.<\/p>\n\n\n\n<p>Lo m\u00e1s horrendo y doloroso relacionado con el nombre de Rafael Andres, es que este ya era conocido por la justicia antes del asesinato de Fari\u00f1as. En 1987 mat\u00f3 a pu\u00f1aladas a Linda Azcarreta, una amiga de su esposa. Fue sentenciado a nueve a\u00f1os y sali\u00f3 tras apenas 18 meses por \u201cbuen comportamiento\u201d. El propio hijo de aquella v\u00edctima asisti\u00f3 al juicio de 2015 para acompa\u00f1ar a la familia Fari\u00f1as y recordar que hubo una muerte previa que tampoco debi\u00f3 ocurrir.<\/p>\n\n\n\n<p>Los dos casos se sostienen sobre preguntas inc\u00f3modas que apuntan al mismo v\u00e9rtice del sistema: \u00bfQui\u00e9n merece una segunda oportunidad? \u00bfQui\u00e9n nunca debi\u00f3 tenerla? \u00bfY por qu\u00e9 esas decisiones a veces parecen caer en el peor sitio posible?<\/p>\n\n\n\n<p>Un hombre mayor, enfermo, con arraigo y familia, enfrenta ahora la posibilidad de ser sacado del pa\u00eds donde ha vivido toda su vida adulta. Otro, con un historial homicida previo, fue liberado d\u00e9cadas atr\u00e1s, luego de pasar apenas 18 meses en la c\u00e1rcel por un asesinato, y termin\u00f3 arrebatando posteriormente la vida de una mujer que le hab\u00eda dado empleo, y quien tambi\u00e9n hab\u00eda hecho de Estados Unidos su proyecto de futuro.<\/p>\n\n\n\n<p>La comunidad cubana ha construido su historia en Estados Unidos a base de trabajo, sacrificios y tambi\u00e9n controversias que cada cierto tiempo ocupan portadas policiales. Lo que estos dos expedientes revelan es que, para bien o para mal, la ley en Estados Unidos no distingue entre or\u00edgenes: la balanza puede inclinarse con firmeza, aunque no siempre en la direcci\u00f3n que muchos esperar\u00edan.<\/p>\n\n\n\n<p>Aqu\u00ed hay dos familias cubanas que hoy se aferran a la justicia: una pide clemencia para evitar que el sistema destruya a quien ayud\u00f3 a formar un hogar; la otra lleva veinte a\u00f1os esperando que se imponga el peso completo de la ley sobre un asesino reincidente.<\/p>\n\n\n\n<p>Las dos luchas se desarrollan en paralelo. Y ambas, de una forma u otra, ponen en evidencia que vivir en Estados Unidos no siempre garantiza la protecci\u00f3n o la certeza que un d\u00eda empuj\u00f3 a tantas personas a cruzar el estrecho.<\/p>\n","protected":false},"excerpt":{"rendered":"<p>Un hombre que debi\u00f3 ser removido de los Estados Unidos y otro que no lo merece<\/p>\n","protected":false},"author":13,"featured_media":191990,"comment_status":"open","ping_status":"closed","sticky":false,"template":"","format":"standard","meta":{"_acf_changed":false,"footnotes":""},"categories":[18,11024],"tags":[2289,13451,11895,11050,14372,736],"class_list":{"0":"post-224876","1":"post","2":"type-post","3":"status-publish","4":"format-standard","5":"has-post-thumbnail","7":"category-noticias","8":"category-noticias-de-miami","9":"tag-asesinos","10":"tag-cubanos-en-estados-unidos","11":"tag-cubanos-en-florida","12":"tag-cubanos-en-miami","13":"tag-delincuentes","14":"tag-inmigrantes-cubanos"},"acf":[],"yoast_head":"<!-- This site is optimized with the Yoast SEO plugin v27.5 - https:\/\/yoast.com\/product\/yoast-seo-wordpress\/ -->\n<title>Inmigrantes cubanos frente a lo m\u00e1s duro del sistema HOY: la muerte que pudo evitarse y el hombre que no merece estar detenido - Cuballama Noticias<\/title>\n<meta name=\"description\" content=\"La historia de varios inmigrantes cubanos. Uno preso injustamente, otro que debi\u00f3 ser deportado y no se hizo, y termin\u00f3 asesinando.\" \/>\n<meta name=\"robots\" content=\"index, follow, max-snippet:-1, max-image-preview:large, max-video-preview:-1\" \/>\n<link rel=\"canonical\" href=\"https:\/\/www.cuballama.com\/noticias\/inmigrantes-cubanos-frente-a-lo-mas-duro-del-sistema-hoy-la-muerte-que-pudo-evitarse-y-el-hombre-que-no-merece-estar-detenido\/\" \/>\n<meta property=\"og:locale\" content=\"es_ES\" \/>\n<meta property=\"og:type\" content=\"article\" \/>\n<meta property=\"og:title\" content=\"Inmigrantes cubanos frente a lo m\u00e1s duro del sistema HOY: la muerte que pudo evitarse y el hombre que no merece estar detenido - Cuballama Noticias\" \/>\n<meta property=\"og:description\" content=\"La historia de varios inmigrantes cubanos. Uno preso injustamente, otro que debi\u00f3 ser deportado y no se hizo, y termin\u00f3 asesinando.\" \/>\n<meta property=\"og:url\" content=\"https:\/\/www.cuballama.com\/noticias\/inmigrantes-cubanos-frente-a-lo-mas-duro-del-sistema-hoy-la-muerte-que-pudo-evitarse-y-el-hombre-que-no-merece-estar-detenido\/\" \/>\n<meta property=\"og:site_name\" content=\"Cuballama Noticias\" \/>\n<meta property=\"article:publisher\" content=\"https:\/\/www.facebook.com\/CubaLlama\" \/>\n<meta property=\"article:published_time\" content=\"2025-11-04T16:42:18+00:00\" \/>\n<meta property=\"article:modified_time\" content=\"2025-11-04T16:42:22+00:00\" \/>\n<meta property=\"og:image\" content=\"https:\/\/cdn1.mediawpaccore.net\/wp-content\/uploads\/2024\/12\/09070954\/image-20.png\" \/>\n\t<meta property=\"og:image:width\" content=\"1208\" \/>\n\t<meta property=\"og:image:height\" content=\"618\" \/>\n\t<meta property=\"og:image:type\" content=\"image\/png\" \/>\n<meta name=\"author\" content=\"Roberto A.\" \/>\n<meta name=\"twitter:card\" content=\"summary_large_image\" \/>\n<meta name=\"twitter:creator\" content=\"@cuballama\" \/>\n<meta name=\"twitter:site\" content=\"@cuballama\" \/>\n<meta name=\"twitter:label1\" content=\"Escrito por\" \/>\n\t<meta name=\"twitter:data1\" content=\"Roberto A.\" \/>\n\t<meta name=\"twitter:label2\" content=\"Tiempo de lectura\" \/>\n\t<meta name=\"twitter:data2\" content=\"5 minutos\" \/>\n<script type=\"application\/ld+json\" class=\"yoast-schema-graph\">{\"@context\":\"https:\\\/\\\/schema.org\",\"@graph\":[{\"@type\":\"Article\",\"@id\":\"https:\\\/\\\/www.cuballama.com\\\/noticias\\\/inmigrantes-cubanos-frente-a-lo-mas-duro-del-sistema-hoy-la-muerte-que-pudo-evitarse-y-el-hombre-que-no-merece-estar-detenido\\\/#article\",\"isPartOf\":{\"@id\":\"https:\\\/\\\/www.cuballama.com\\\/noticias\\\/inmigrantes-cubanos-frente-a-lo-mas-duro-del-sistema-hoy-la-muerte-que-pudo-evitarse-y-el-hombre-que-no-merece-estar-detenido\\\/\"},\"author\":{\"name\":\"Roberto A.\",\"@id\":\"https:\\\/\\\/www.cuballama.com\\\/noticias\\\/#\\\/schema\\\/person\\\/a58502ed4146c8e9f83872e897c76cd2\"},\"headline\":\"Inmigrantes cubanos frente a lo m\u00e1s duro del sistema HOY: la muerte que pudo evitarse y el hombre que no merece estar detenido\",\"datePublished\":\"2025-11-04T16:42:18+00:00\",\"dateModified\":\"2025-11-04T16:42:22+00:00\",\"mainEntityOfPage\":{\"@id\":\"https:\\\/\\\/www.cuballama.com\\\/noticias\\\/inmigrantes-cubanos-frente-a-lo-mas-duro-del-sistema-hoy-la-muerte-que-pudo-evitarse-y-el-hombre-que-no-merece-estar-detenido\\\/\"},\"wordCount\":1010,\"commentCount\":0,\"publisher\":{\"@id\":\"https:\\\/\\\/www.cuballama.com\\\/noticias\\\/#organization\"},\"image\":{\"@id\":\"https:\\\/\\\/www.cuballama.com\\\/noticias\\\/inmigrantes-cubanos-frente-a-lo-mas-duro-del-sistema-hoy-la-muerte-que-pudo-evitarse-y-el-hombre-que-no-merece-estar-detenido\\\/#primaryimage\"},\"thumbnailUrl\":\"https:\\\/\\\/cdn1.mediawpaccore.net\\\/wp-content\\\/uploads\\\/2024\\\/12\\\/09070954\\\/image-20.png\",\"keywords\":[\"Asesinos\",\"cubanos en Estados Unidos\",\"cubanos en Florida\",\"cubanos en Miami\",\"Delincuentes\",\"Inmigrantes cubanos\"],\"articleSection\":[\"Noticias\",\"Noticias de Miami\"],\"inLanguage\":\"es\",\"potentialAction\":[{\"@type\":\"CommentAction\",\"name\":\"Comment\",\"target\":[\"https:\\\/\\\/www.cuballama.com\\\/noticias\\\/inmigrantes-cubanos-frente-a-lo-mas-duro-del-sistema-hoy-la-muerte-que-pudo-evitarse-y-el-hombre-que-no-merece-estar-detenido\\\/#respond\"]}]},{\"@type\":\"WebPage\",\"@id\":\"https:\\\/\\\/www.cuballama.com\\\/noticias\\\/inmigrantes-cubanos-frente-a-lo-mas-duro-del-sistema-hoy-la-muerte-que-pudo-evitarse-y-el-hombre-que-no-merece-estar-detenido\\\/\",\"url\":\"https:\\\/\\\/www.cuballama.com\\\/noticias\\\/inmigrantes-cubanos-frente-a-lo-mas-duro-del-sistema-hoy-la-muerte-que-pudo-evitarse-y-el-hombre-que-no-merece-estar-detenido\\\/\",\"name\":\"Inmigrantes cubanos frente a lo m\u00e1s duro del sistema HOY: la muerte que pudo evitarse y el hombre que no merece estar detenido - Cuballama Noticias\",\"isPartOf\":{\"@id\":\"https:\\\/\\\/www.cuballama.com\\\/noticias\\\/#website\"},\"primaryImageOfPage\":{\"@id\":\"https:\\\/\\\/www.cuballama.com\\\/noticias\\\/inmigrantes-cubanos-frente-a-lo-mas-duro-del-sistema-hoy-la-muerte-que-pudo-evitarse-y-el-hombre-que-no-merece-estar-detenido\\\/#primaryimage\"},\"image\":{\"@id\":\"https:\\\/\\\/www.cuballama.com\\\/noticias\\\/inmigrantes-cubanos-frente-a-lo-mas-duro-del-sistema-hoy-la-muerte-que-pudo-evitarse-y-el-hombre-que-no-merece-estar-detenido\\\/#primaryimage\"},\"thumbnailUrl\":\"https:\\\/\\\/cdn1.mediawpaccore.net\\\/wp-content\\\/uploads\\\/2024\\\/12\\\/09070954\\\/image-20.png\",\"datePublished\":\"2025-11-04T16:42:18+00:00\",\"dateModified\":\"2025-11-04T16:42:22+00:00\",\"description\":\"La historia de varios inmigrantes cubanos. Uno preso injustamente, otro que debi\u00f3 ser deportado y no se hizo, y termin\u00f3 asesinando.\",\"breadcrumb\":{\"@id\":\"https:\\\/\\\/www.cuballama.com\\\/noticias\\\/inmigrantes-cubanos-frente-a-lo-mas-duro-del-sistema-hoy-la-muerte-que-pudo-evitarse-y-el-hombre-que-no-merece-estar-detenido\\\/#breadcrumb\"},\"inLanguage\":\"es\",\"potentialAction\":[{\"@type\":\"ReadAction\",\"target\":[\"https:\\\/\\\/www.cuballama.com\\\/noticias\\\/inmigrantes-cubanos-frente-a-lo-mas-duro-del-sistema-hoy-la-muerte-que-pudo-evitarse-y-el-hombre-que-no-merece-estar-detenido\\\/\"]}]},{\"@type\":\"ImageObject\",\"inLanguage\":\"es\",\"@id\":\"https:\\\/\\\/www.cuballama.com\\\/noticias\\\/inmigrantes-cubanos-frente-a-lo-mas-duro-del-sistema-hoy-la-muerte-que-pudo-evitarse-y-el-hombre-que-no-merece-estar-detenido\\\/#primaryimage\",\"url\":\"https:\\\/\\\/cdn1.mediawpaccore.net\\\/wp-content\\\/uploads\\\/2024\\\/12\\\/09070954\\\/image-20.png\",\"contentUrl\":\"https:\\\/\\\/cdn1.mediawpaccore.net\\\/wp-content\\\/uploads\\\/2024\\\/12\\\/09070954\\\/image-20.png\",\"width\":1208,\"height\":618,\"caption\":\"Carcel del condado Miami-Dade, conocida TGK de Miami. Foto: Cortes\u00eda del autor del art\u00edculo para Cuballama Noticias.\"},{\"@type\":\"BreadcrumbList\",\"@id\":\"https:\\\/\\\/www.cuballama.com\\\/noticias\\\/inmigrantes-cubanos-frente-a-lo-mas-duro-del-sistema-hoy-la-muerte-que-pudo-evitarse-y-el-hombre-que-no-merece-estar-detenido\\\/#breadcrumb\",\"itemListElement\":[{\"@type\":\"ListItem\",\"position\":1,\"name\":\"Home\",\"item\":\"https:\\\/\\\/www.cuballama.com\\\/noticias\\\/\"},{\"@type\":\"ListItem\",\"position\":2,\"name\":\"Inmigrantes cubanos frente a lo m\u00e1s duro del sistema HOY: la muerte que pudo evitarse y el hombre que no merece estar detenido\"}]},{\"@type\":\"WebSite\",\"@id\":\"https:\\\/\\\/www.cuballama.com\\\/noticias\\\/#website\",\"url\":\"https:\\\/\\\/www.cuballama.com\\\/noticias\\\/\",\"name\":\"Cuballama Noticias\",\"description\":\"Medio digital sobre Cuba y el mundo\",\"publisher\":{\"@id\":\"https:\\\/\\\/www.cuballama.com\\\/noticias\\\/#organization\"},\"potentialAction\":[{\"@type\":\"SearchAction\",\"target\":{\"@type\":\"EntryPoint\",\"urlTemplate\":\"https:\\\/\\\/www.cuballama.com\\\/noticias\\\/?s={search_term_string}\"},\"query-input\":{\"@type\":\"PropertyValueSpecification\",\"valueRequired\":true,\"valueName\":\"search_term_string\"}}],\"inLanguage\":\"es\"},{\"@type\":\"Organization\",\"@id\":\"https:\\\/\\\/www.cuballama.com\\\/noticias\\\/#organization\",\"name\":\"Cuballama\",\"url\":\"https:\\\/\\\/www.cuballama.com\\\/noticias\\\/\",\"logo\":{\"@type\":\"ImageObject\",\"inLanguage\":\"es\",\"@id\":\"https:\\\/\\\/www.cuballama.com\\\/noticias\\\/#\\\/schema\\\/logo\\\/image\\\/\",\"url\":\"https:\\\/\\\/cdn1.mediawpaccore.net\\\/wp-content\\\/uploads\\\/2021\\\/12\\\/28171206\\\/cbll-logo-color-sm.png\",\"contentUrl\":\"https:\\\/\\\/cdn1.mediawpaccore.net\\\/wp-content\\\/uploads\\\/2021\\\/12\\\/28171206\\\/cbll-logo-color-sm.png\",\"width\":600,\"height\":133,\"caption\":\"Cuballama\"},\"image\":{\"@id\":\"https:\\\/\\\/www.cuballama.com\\\/noticias\\\/#\\\/schema\\\/logo\\\/image\\\/\"},\"sameAs\":[\"https:\\\/\\\/www.facebook.com\\\/CubaLlama\",\"https:\\\/\\\/x.com\\\/cuballama\",\"https:\\\/\\\/www.instagram.com\\\/stories\\\/cuballama_oficial\\\/\",\"https:\\\/\\\/www.youtube.com\\\/channel\\\/UCKkFE-d_axENGZcrc4as0IA\"]},{\"@type\":\"Person\",\"@id\":\"https:\\\/\\\/www.cuballama.com\\\/noticias\\\/#\\\/schema\\\/person\\\/a58502ed4146c8e9f83872e897c76cd2\",\"name\":\"Roberto A.\",\"description\":\"Roberto A. Periodista por decisi\u00f3n propia. Interesado en cualquier tema que me apasione y cada vez m\u00e1s comprometido con la verdad y la objetividad period\u00edstica. Graduado en La Habana hace ya muchos a\u00f1os, luego de una accidentada y polvorienta b\u00fasqueda de informaci\u00f3n sobre un tema in\u00e9dito. La Tesis, por cierto, desapareci\u00f3 de la biblioteca y no se conservan copias de la misma.\",\"url\":\"https:\\\/\\\/www.cuballama.com\\\/noticias\\\/author\\\/roberto\\\/\"}]}<\/script>\n<!-- \/ Yoast SEO plugin. -->","yoast_head_json":{"title":"Inmigrantes cubanos frente a lo m\u00e1s duro del sistema HOY: la muerte que pudo evitarse y el hombre que no merece estar detenido - Cuballama Noticias","description":"La historia de varios inmigrantes cubanos. Uno preso injustamente, otro que debi\u00f3 ser deportado y no se hizo, y termin\u00f3 asesinando.","robots":{"index":"index","follow":"follow","max-snippet":"max-snippet:-1","max-image-preview":"max-image-preview:large","max-video-preview":"max-video-preview:-1"},"canonical":"https:\/\/www.cuballama.com\/noticias\/inmigrantes-cubanos-frente-a-lo-mas-duro-del-sistema-hoy-la-muerte-que-pudo-evitarse-y-el-hombre-que-no-merece-estar-detenido\/","og_locale":"es_ES","og_type":"article","og_title":"Inmigrantes cubanos frente a lo m\u00e1s duro del sistema HOY: la muerte que pudo evitarse y el hombre que no merece estar detenido - Cuballama Noticias","og_description":"La historia de varios inmigrantes cubanos. Uno preso injustamente, otro que debi\u00f3 ser deportado y no se hizo, y termin\u00f3 asesinando.","og_url":"https:\/\/www.cuballama.com\/noticias\/inmigrantes-cubanos-frente-a-lo-mas-duro-del-sistema-hoy-la-muerte-que-pudo-evitarse-y-el-hombre-que-no-merece-estar-detenido\/","og_site_name":"Cuballama Noticias","article_publisher":"https:\/\/www.facebook.com\/CubaLlama","article_published_time":"2025-11-04T16:42:18+00:00","article_modified_time":"2025-11-04T16:42:22+00:00","og_image":[{"width":1208,"height":618,"url":"https:\/\/cdn1.mediawpaccore.net\/wp-content\/uploads\/2024\/12\/09070954\/image-20.png","type":"image\/png"}],"author":"Roberto A.","twitter_card":"summary_large_image","twitter_creator":"@cuballama","twitter_site":"@cuballama","twitter_misc":{"Escrito por":"Roberto A.","Tiempo de lectura":"5 minutos"},"schema":{"@context":"https:\/\/schema.org","@graph":[{"@type":"Article","@id":"https:\/\/www.cuballama.com\/noticias\/inmigrantes-cubanos-frente-a-lo-mas-duro-del-sistema-hoy-la-muerte-que-pudo-evitarse-y-el-hombre-que-no-merece-estar-detenido\/#article","isPartOf":{"@id":"https:\/\/www.cuballama.com\/noticias\/inmigrantes-cubanos-frente-a-lo-mas-duro-del-sistema-hoy-la-muerte-que-pudo-evitarse-y-el-hombre-que-no-merece-estar-detenido\/"},"author":{"name":"Roberto A.","@id":"https:\/\/www.cuballama.com\/noticias\/#\/schema\/person\/a58502ed4146c8e9f83872e897c76cd2"},"headline":"Inmigrantes cubanos frente a lo m\u00e1s duro del sistema HOY: la muerte que pudo evitarse y el hombre que no merece estar detenido","datePublished":"2025-11-04T16:42:18+00:00","dateModified":"2025-11-04T16:42:22+00:00","mainEntityOfPage":{"@id":"https:\/\/www.cuballama.com\/noticias\/inmigrantes-cubanos-frente-a-lo-mas-duro-del-sistema-hoy-la-muerte-que-pudo-evitarse-y-el-hombre-que-no-merece-estar-detenido\/"},"wordCount":1010,"commentCount":0,"publisher":{"@id":"https:\/\/www.cuballama.com\/noticias\/#organization"},"image":{"@id":"https:\/\/www.cuballama.com\/noticias\/inmigrantes-cubanos-frente-a-lo-mas-duro-del-sistema-hoy-la-muerte-que-pudo-evitarse-y-el-hombre-que-no-merece-estar-detenido\/#primaryimage"},"thumbnailUrl":"https:\/\/cdn1.mediawpaccore.net\/wp-content\/uploads\/2024\/12\/09070954\/image-20.png","keywords":["Asesinos","cubanos en Estados Unidos","cubanos en Florida","cubanos en Miami","Delincuentes","Inmigrantes cubanos"],"articleSection":["Noticias","Noticias de Miami"],"inLanguage":"es","potentialAction":[{"@type":"CommentAction","name":"Comment","target":["https:\/\/www.cuballama.com\/noticias\/inmigrantes-cubanos-frente-a-lo-mas-duro-del-sistema-hoy-la-muerte-que-pudo-evitarse-y-el-hombre-que-no-merece-estar-detenido\/#respond"]}]},{"@type":"WebPage","@id":"https:\/\/www.cuballama.com\/noticias\/inmigrantes-cubanos-frente-a-lo-mas-duro-del-sistema-hoy-la-muerte-que-pudo-evitarse-y-el-hombre-que-no-merece-estar-detenido\/","url":"https:\/\/www.cuballama.com\/noticias\/inmigrantes-cubanos-frente-a-lo-mas-duro-del-sistema-hoy-la-muerte-que-pudo-evitarse-y-el-hombre-que-no-merece-estar-detenido\/","name":"Inmigrantes cubanos frente a lo m\u00e1s duro del sistema HOY: la muerte que pudo evitarse y el hombre que no merece estar detenido - Cuballama Noticias","isPartOf":{"@id":"https:\/\/www.cuballama.com\/noticias\/#website"},"primaryImageOfPage":{"@id":"https:\/\/www.cuballama.com\/noticias\/inmigrantes-cubanos-frente-a-lo-mas-duro-del-sistema-hoy-la-muerte-que-pudo-evitarse-y-el-hombre-que-no-merece-estar-detenido\/#primaryimage"},"image":{"@id":"https:\/\/www.cuballama.com\/noticias\/inmigrantes-cubanos-frente-a-lo-mas-duro-del-sistema-hoy-la-muerte-que-pudo-evitarse-y-el-hombre-que-no-merece-estar-detenido\/#primaryimage"},"thumbnailUrl":"https:\/\/cdn1.mediawpaccore.net\/wp-content\/uploads\/2024\/12\/09070954\/image-20.png","datePublished":"2025-11-04T16:42:18+00:00","dateModified":"2025-11-04T16:42:22+00:00","description":"La historia de varios inmigrantes cubanos. Uno preso injustamente, otro que debi\u00f3 ser deportado y no se hizo, y termin\u00f3 asesinando.","breadcrumb":{"@id":"https:\/\/www.cuballama.com\/noticias\/inmigrantes-cubanos-frente-a-lo-mas-duro-del-sistema-hoy-la-muerte-que-pudo-evitarse-y-el-hombre-que-no-merece-estar-detenido\/#breadcrumb"},"inLanguage":"es","potentialAction":[{"@type":"ReadAction","target":["https:\/\/www.cuballama.com\/noticias\/inmigrantes-cubanos-frente-a-lo-mas-duro-del-sistema-hoy-la-muerte-que-pudo-evitarse-y-el-hombre-que-no-merece-estar-detenido\/"]}]},{"@type":"ImageObject","inLanguage":"es","@id":"https:\/\/www.cuballama.com\/noticias\/inmigrantes-cubanos-frente-a-lo-mas-duro-del-sistema-hoy-la-muerte-que-pudo-evitarse-y-el-hombre-que-no-merece-estar-detenido\/#primaryimage","url":"https:\/\/cdn1.mediawpaccore.net\/wp-content\/uploads\/2024\/12\/09070954\/image-20.png","contentUrl":"https:\/\/cdn1.mediawpaccore.net\/wp-content\/uploads\/2024\/12\/09070954\/image-20.png","width":1208,"height":618,"caption":"Carcel del condado Miami-Dade, conocida TGK de Miami. Foto: Cortes\u00eda del autor del art\u00edculo para Cuballama Noticias."},{"@type":"BreadcrumbList","@id":"https:\/\/www.cuballama.com\/noticias\/inmigrantes-cubanos-frente-a-lo-mas-duro-del-sistema-hoy-la-muerte-que-pudo-evitarse-y-el-hombre-que-no-merece-estar-detenido\/#breadcrumb","itemListElement":[{"@type":"ListItem","position":1,"name":"Home","item":"https:\/\/www.cuballama.com\/noticias\/"},{"@type":"ListItem","position":2,"name":"Inmigrantes cubanos frente a lo m\u00e1s duro del sistema HOY: la muerte que pudo evitarse y el hombre que no merece estar detenido"}]},{"@type":"WebSite","@id":"https:\/\/www.cuballama.com\/noticias\/#website","url":"https:\/\/www.cuballama.com\/noticias\/","name":"Cuballama Noticias","description":"Medio digital sobre Cuba y el mundo","publisher":{"@id":"https:\/\/www.cuballama.com\/noticias\/#organization"},"potentialAction":[{"@type":"SearchAction","target":{"@type":"EntryPoint","urlTemplate":"https:\/\/www.cuballama.com\/noticias\/?s={search_term_string}"},"query-input":{"@type":"PropertyValueSpecification","valueRequired":true,"valueName":"search_term_string"}}],"inLanguage":"es"},{"@type":"Organization","@id":"https:\/\/www.cuballama.com\/noticias\/#organization","name":"Cuballama","url":"https:\/\/www.cuballama.com\/noticias\/","logo":{"@type":"ImageObject","inLanguage":"es","@id":"https:\/\/www.cuballama.com\/noticias\/#\/schema\/logo\/image\/","url":"https:\/\/cdn1.mediawpaccore.net\/wp-content\/uploads\/2021\/12\/28171206\/cbll-logo-color-sm.png","contentUrl":"https:\/\/cdn1.mediawpaccore.net\/wp-content\/uploads\/2021\/12\/28171206\/cbll-logo-color-sm.png","width":600,"height":133,"caption":"Cuballama"},"image":{"@id":"https:\/\/www.cuballama.com\/noticias\/#\/schema\/logo\/image\/"},"sameAs":["https:\/\/www.facebook.com\/CubaLlama","https:\/\/x.com\/cuballama","https:\/\/www.instagram.com\/stories\/cuballama_oficial\/","https:\/\/www.youtube.com\/channel\/UCKkFE-d_axENGZcrc4as0IA"]},{"@type":"Person","@id":"https:\/\/www.cuballama.com\/noticias\/#\/schema\/person\/a58502ed4146c8e9f83872e897c76cd2","name":"Roberto A.","description":"Roberto A. Periodista por decisi\u00f3n propia. Interesado en cualquier tema que me apasione y cada vez m\u00e1s comprometido con la verdad y la objetividad period\u00edstica. Graduado en La Habana hace ya muchos a\u00f1os, luego de una accidentada y polvorienta b\u00fasqueda de informaci\u00f3n sobre un tema in\u00e9dito. La Tesis, por cierto, desapareci\u00f3 de la biblioteca y no se conservan copias de la misma.","url":"https:\/\/www.cuballama.com\/noticias\/author\/roberto\/"}]}},"_links":{"self":[{"href":"https:\/\/www.cuballama.com\/noticias\/wp-json\/wp\/v2\/posts\/224876","targetHints":{"allow":["GET"]}}],"collection":[{"href":"https:\/\/www.cuballama.com\/noticias\/wp-json\/wp\/v2\/posts"}],"about":[{"href":"https:\/\/www.cuballama.com\/noticias\/wp-json\/wp\/v2\/types\/post"}],"author":[{"embeddable":true,"href":"https:\/\/www.cuballama.com\/noticias\/wp-json\/wp\/v2\/users\/13"}],"replies":[{"embeddable":true,"href":"https:\/\/www.cuballama.com\/noticias\/wp-json\/wp\/v2\/comments?post=224876"}],"version-history":[{"count":2,"href":"https:\/\/www.cuballama.com\/noticias\/wp-json\/wp\/v2\/posts\/224876\/revisions"}],"predecessor-version":[{"id":224878,"href":"https:\/\/www.cuballama.com\/noticias\/wp-json\/wp\/v2\/posts\/224876\/revisions\/224878"}],"wp:featuredmedia":[{"embeddable":true,"href":"https:\/\/www.cuballama.com\/noticias\/wp-json\/wp\/v2\/media\/191990"}],"wp:attachment":[{"href":"https:\/\/www.cuballama.com\/noticias\/wp-json\/wp\/v2\/media?parent=224876"}],"wp:term":[{"taxonomy":"category","embeddable":true,"href":"https:\/\/www.cuballama.com\/noticias\/wp-json\/wp\/v2\/categories?post=224876"},{"taxonomy":"post_tag","embeddable":true,"href":"https:\/\/www.cuballama.com\/noticias\/wp-json\/wp\/v2\/tags?post=224876"}],"curies":[{"name":"wp","href":"https:\/\/api.w.org\/{rel}","templated":true}]}}