{"id":224784,"date":"2025-11-03T10:22:41","date_gmt":"2025-11-03T15:22:41","guid":{"rendered":"https:\/\/www.cuballama.com\/noticias\/?p=224784"},"modified":"2025-11-03T10:22:45","modified_gmt":"2025-11-03T15:22:45","slug":"otro-cubano-con-conocimiento-de-defensa-personal-muere-por-un-arma-blanca-en-cardenas-matanzas","status":"publish","type":"post","link":"https:\/\/www.cuballama.com\/noticias\/otro-cubano-con-conocimiento-de-defensa-personal-muere-por-un-arma-blanca-en-cardenas-matanzas\/","title":{"rendered":"Otro cubano con conocimiento de defensa personal muere por un arma blanca en C\u00e1rdenas, Matanzas"},"content":{"rendered":"\n<p>Un agente de seguridad identificado como Iv\u00e1n \u201cNanito\u201d Pedroso muri\u00f3 en la madrugada del s\u00e1bado al domingo tras ser agredido con arma blanca mientras trabajaba en la discoteca \u201cLa Acca\u201d, en la ciudad de C\u00e1rdenas, provincia de Matanzas. <\/p>\n\n\n\n<p>Seg\u00fan testigos citados por publicaciones locales, Pedroso habr\u00eda retirado del local a un cliente que portaba un arma; minutos despu\u00e9s se sinti\u00f3 herido y fue trasladado al hospital, donde falleci\u00f3. Vecinos identifican al presunto agresor con el alias de \u201cYoni\u201d, residente en el reparto El Fructuoso, dijo en su p\u00e1gina el llamado \u00abcomunicador del crimen\u00bb, Niover Licea.<\/p>\n\n\n\n<p>Seg\u00fan Licea, la comunidad est\u00e1 pidiendo a gritos que el hecho se investigue y que se informe si hay detenidos. <\/p>\n\n\n\n<iframe loading=\"lazy\" src=\"https:\/\/www.facebook.com\/plugins\/post.php?href=https%3A%2F%2Fwww.facebook.com%2Fpermalink.php%3Fstory_fbid%3Dpfbid02juznHeskdVnxBmLt4vk6JCWBU6VvqL3bZKSV2nE2qoqHbxDHcaPZ2QC4C7u41GCl%26id%3D61559784217848&#038;show_text=true&#038;width=500\" width=\"500\" height=\"689\" style=\"border:none;overflow:hidden\" scrolling=\"no\" frameborder=\"0\" allowfullscreen=\"true\" allow=\"autoplay; clipboard-write; encrypted-media; picture-in-picture; web-share\"><\/iframe>\n\n\n\n<p>Seg\u00fan la denuncia ciudadana divulgada por el activista Niover Licea, que recoge lo dicho por un amigo de la v\u00edctima en Facebook, el presunto agresor mantiene v\u00ednculos con la Seguridad del Estado en Cuba y habr\u00eda estado involucrado en hechos violentos anteriores sin enfrentar consecuencias legales, pues cuenta con el respaldo de alg\u00fan peje gordo dentro de ese aparato represivo del r\u00e9gimen cubano. <\/p>\n\n\n\n<p>El caso llega menos de dos semanas despu\u00e9s de otro homicidio en C\u00e1rdenas que tambi\u00e9n involucr\u00f3 un arma blanca y a una v\u00edctima con conocimiento de defensa personal. <\/p>\n\n\n\n<p>El 20 de octubre fue asesinado Carlos Lafert\u00e9, de 61 a\u00f1os, propietario de un bar\/cafeter\u00eda del municipio. Diversas notas de prensa y publicaciones en redes lo identificaron y situaron el ataque en la madrugada; una de las versiones m\u00e1s difundidas apunt\u00f3 a que, pese a sus conocimientos de defensa personal, no logr\u00f3 repeler al agresor.<\/p>\n\n\n\n<p><strong>tal vez quieras leer: <a href=\"https:\/\/www.cuballama.com\/noticias\/identifican-a-dueno-de-una-cafeteria-asesinado-en-cardenas\/\">Identifican a due\u00f1o de una cafeter\u00eda asesinado en C\u00e1rdenas<\/a><\/strong><\/p>\n\n\n\n<p>En ese expediente, medios digitales reportaron la detenci\u00f3n de un sospechoso d\u00edas despu\u00e9s: Dayfred Rizo Noda Herrera fue arrestado como presunto autor del asesinato. Otras plataformas replicaron la captura y precisaron que la v\u00edctima recibi\u00f3 una pu\u00f1alada mortal en el t\u00f3rax. <\/p>\n\n\n\n<p>Los dos hechos comparten elementos clave: ocurren de madrugada, en entornos de ocio, con arma blanca y con v\u00edctimas que, seg\u00fan su entorno, ten\u00edan experiencia o entrenamiento para defenderse. En el caso m\u00e1s reciente \u2014el de Pedroso\u2014, vecinos tambi\u00e9n han se\u00f1alado antecedentes del presunto agresor; esas afirmaciones deben ser confirmadas por la investigaci\u00f3n oficial.<\/p>\n\n\n\n<p>Hasta el cierre de esta nota, no se han publicado partes institucionales que detallen el estado procesal del homicidio de Iv\u00e1n \u201cNanito\u201d Pedroso. Quienes tengan datos sobre el ataque a Pedroso son instados por los denunciantes a compartirlos con las autoridades para facilitar la identificaci\u00f3n y captura del responsable.<\/p>\n","protected":false},"excerpt":{"rendered":"<p>Los dos hechos comparten elementos clave: ocurren de madrugada, en entornos de ocio, con arma blanca y con v\u00edctimas que, seg\u00fan su entorno, ten\u00edan experiencia o entrenamiento para defenderse. En el caso m\u00e1s reciente \u2014el de Pedroso\u2014, vecinos tambi\u00e9n han se\u00f1alado antecedentes del presunto agresor; esas afirmaciones deben ser confirmadas por la investigaci\u00f3n oficial.<\/p>\n","protected":false},"author":13,"featured_media":224792,"comment_status":"open","ping_status":"closed","sticky":false,"template":"","format":"standard","meta":{"_acf_changed":false,"footnotes":""},"categories":[18,955],"tags":[8667,4220,28983,5097,28981,28982,15325,1195,28979,1816,28980],"class_list":{"0":"post-224784","1":"post","2":"type-post","3":"status-publish","4":"format-standard","5":"has-post-thumbnail","7":"category-noticias","8":"category-noticias-de-cuba","9":"tag-arma-blanca","10":"tag-arresto","11":"tag-bar-cafeteria","12":"tag-cardenas","13":"tag-carlos-laferte-2","14":"tag-defensa-personal","15":"tag-homicidio","16":"tag-investigacion","17":"tag-ivan-nanito-pedroso","18":"tag-matanzas","19":"tag-seguridad-privada"},"acf":[],"yoast_head":"<!-- This site is optimized with the Yoast SEO plugin v27.4 - https:\/\/yoast.com\/product\/yoast-seo-wordpress\/ -->\n<title>Otro cubano con conocimiento de defensa personal muere por un arma blanca en C\u00e1rdenas, Matanzas - Cuballama Noticias<\/title>\n<meta name=\"description\" content=\"Un cubano identificado como Iv\u00e1n \u201cNanito\u201d Pedroso y que era agente de seguridad en una discoteca en la ciudad de C\u00e1rdenas, muere asesinado\" \/>\n<meta name=\"robots\" content=\"index, follow, max-snippet:-1, max-image-preview:large, max-video-preview:-1\" \/>\n<link rel=\"canonical\" href=\"https:\/\/www.cuballama.com\/noticias\/otro-cubano-con-conocimiento-de-defensa-personal-muere-por-un-arma-blanca-en-cardenas-matanzas\/\" \/>\n<meta property=\"og:locale\" content=\"es_ES\" \/>\n<meta property=\"og:type\" content=\"article\" \/>\n<meta property=\"og:title\" content=\"Otro cubano con conocimiento de defensa personal muere por un arma blanca en C\u00e1rdenas, Matanzas - Cuballama Noticias\" \/>\n<meta property=\"og:description\" content=\"Un cubano identificado como Iv\u00e1n \u201cNanito\u201d Pedroso y que era agente de seguridad en una discoteca en la ciudad de C\u00e1rdenas, muere asesinado\" \/>\n<meta property=\"og:url\" content=\"https:\/\/www.cuballama.com\/noticias\/otro-cubano-con-conocimiento-de-defensa-personal-muere-por-un-arma-blanca-en-cardenas-matanzas\/\" \/>\n<meta property=\"og:site_name\" content=\"Cuballama Noticias\" \/>\n<meta property=\"article:publisher\" content=\"https:\/\/www.facebook.com\/CubaLlama\" \/>\n<meta property=\"article:published_time\" content=\"2025-11-03T15:22:41+00:00\" \/>\n<meta property=\"article:modified_time\" content=\"2025-11-03T15:22:45+00:00\" \/>\n<meta property=\"og:image\" content=\"https:\/\/cdn1.mediawpaccore.net\/wp-content\/uploads\/2025\/11\/03085819\/image-7.png\" \/>\n\t<meta property=\"og:image:width\" content=\"1968\" \/>\n\t<meta property=\"og:image:height\" content=\"1034\" \/>\n\t<meta property=\"og:image:type\" content=\"image\/png\" \/>\n<meta name=\"author\" content=\"Roberto A.\" \/>\n<meta name=\"twitter:card\" content=\"summary_large_image\" \/>\n<meta name=\"twitter:creator\" content=\"@cuballama\" \/>\n<meta name=\"twitter:site\" content=\"@cuballama\" \/>\n<meta name=\"twitter:label1\" content=\"Escrito por\" \/>\n\t<meta name=\"twitter:data1\" content=\"Roberto A.\" \/>\n\t<meta name=\"twitter:label2\" content=\"Tiempo de lectura\" \/>\n\t<meta name=\"twitter:data2\" content=\"3 minutos\" \/>\n<script type=\"application\/ld+json\" class=\"yoast-schema-graph\">{\"@context\":\"https:\\\/\\\/schema.org\",\"@graph\":[{\"@type\":\"Article\",\"@id\":\"https:\\\/\\\/www.cuballama.com\\\/noticias\\\/otro-cubano-con-conocimiento-de-defensa-personal-muere-por-un-arma-blanca-en-cardenas-matanzas\\\/#article\",\"isPartOf\":{\"@id\":\"https:\\\/\\\/www.cuballama.com\\\/noticias\\\/otro-cubano-con-conocimiento-de-defensa-personal-muere-por-un-arma-blanca-en-cardenas-matanzas\\\/\"},\"author\":{\"name\":\"Roberto A.\",\"@id\":\"https:\\\/\\\/www.cuballama.com\\\/noticias\\\/#\\\/schema\\\/person\\\/a58502ed4146c8e9f83872e897c76cd2\"},\"headline\":\"Otro cubano con conocimiento de defensa personal muere por un arma blanca en C\u00e1rdenas, Matanzas\",\"datePublished\":\"2025-11-03T15:22:41+00:00\",\"dateModified\":\"2025-11-03T15:22:45+00:00\",\"mainEntityOfPage\":{\"@id\":\"https:\\\/\\\/www.cuballama.com\\\/noticias\\\/otro-cubano-con-conocimiento-de-defensa-personal-muere-por-un-arma-blanca-en-cardenas-matanzas\\\/\"},\"wordCount\":472,\"commentCount\":0,\"publisher\":{\"@id\":\"https:\\\/\\\/www.cuballama.com\\\/noticias\\\/#organization\"},\"image\":{\"@id\":\"https:\\\/\\\/www.cuballama.com\\\/noticias\\\/otro-cubano-con-conocimiento-de-defensa-personal-muere-por-un-arma-blanca-en-cardenas-matanzas\\\/#primaryimage\"},\"thumbnailUrl\":\"https:\\\/\\\/cdn1.mediawpaccore.net\\\/wp-content\\\/uploads\\\/2025\\\/11\\\/03085819\\\/image-7.png\",\"keywords\":[\"arma blanca\",\"arresto\",\"bar\\\/cafeter\u00eda\",\"C\u00e1rdenas\",\"Carlos Lafert\u00e9\",\"defensa personal\",\"Homicidio\",\"investigaci\u00f3n\",\"Iv\u00e1n \u201cNanito\u201d Pedroso\",\"Matanzas\",\"seguridad privada\"],\"articleSection\":[\"Noticias\",\"Noticias de Cuba\"],\"inLanguage\":\"es\",\"potentialAction\":[{\"@type\":\"CommentAction\",\"name\":\"Comment\",\"target\":[\"https:\\\/\\\/www.cuballama.com\\\/noticias\\\/otro-cubano-con-conocimiento-de-defensa-personal-muere-por-un-arma-blanca-en-cardenas-matanzas\\\/#respond\"]}]},{\"@type\":\"WebPage\",\"@id\":\"https:\\\/\\\/www.cuballama.com\\\/noticias\\\/otro-cubano-con-conocimiento-de-defensa-personal-muere-por-un-arma-blanca-en-cardenas-matanzas\\\/\",\"url\":\"https:\\\/\\\/www.cuballama.com\\\/noticias\\\/otro-cubano-con-conocimiento-de-defensa-personal-muere-por-un-arma-blanca-en-cardenas-matanzas\\\/\",\"name\":\"Otro cubano con conocimiento de defensa personal muere por un arma blanca en C\u00e1rdenas, Matanzas - Cuballama Noticias\",\"isPartOf\":{\"@id\":\"https:\\\/\\\/www.cuballama.com\\\/noticias\\\/#website\"},\"primaryImageOfPage\":{\"@id\":\"https:\\\/\\\/www.cuballama.com\\\/noticias\\\/otro-cubano-con-conocimiento-de-defensa-personal-muere-por-un-arma-blanca-en-cardenas-matanzas\\\/#primaryimage\"},\"image\":{\"@id\":\"https:\\\/\\\/www.cuballama.com\\\/noticias\\\/otro-cubano-con-conocimiento-de-defensa-personal-muere-por-un-arma-blanca-en-cardenas-matanzas\\\/#primaryimage\"},\"thumbnailUrl\":\"https:\\\/\\\/cdn1.mediawpaccore.net\\\/wp-content\\\/uploads\\\/2025\\\/11\\\/03085819\\\/image-7.png\",\"datePublished\":\"2025-11-03T15:22:41+00:00\",\"dateModified\":\"2025-11-03T15:22:45+00:00\",\"description\":\"Un cubano identificado como Iv\u00e1n \u201cNanito\u201d Pedroso y que era agente de seguridad en una discoteca en la ciudad de C\u00e1rdenas, muere asesinado\",\"breadcrumb\":{\"@id\":\"https:\\\/\\\/www.cuballama.com\\\/noticias\\\/otro-cubano-con-conocimiento-de-defensa-personal-muere-por-un-arma-blanca-en-cardenas-matanzas\\\/#breadcrumb\"},\"inLanguage\":\"es\",\"potentialAction\":[{\"@type\":\"ReadAction\",\"target\":[\"https:\\\/\\\/www.cuballama.com\\\/noticias\\\/otro-cubano-con-conocimiento-de-defensa-personal-muere-por-un-arma-blanca-en-cardenas-matanzas\\\/\"]}]},{\"@type\":\"ImageObject\",\"inLanguage\":\"es\",\"@id\":\"https:\\\/\\\/www.cuballama.com\\\/noticias\\\/otro-cubano-con-conocimiento-de-defensa-personal-muere-por-un-arma-blanca-en-cardenas-matanzas\\\/#primaryimage\",\"url\":\"https:\\\/\\\/cdn1.mediawpaccore.net\\\/wp-content\\\/uploads\\\/2025\\\/11\\\/03085819\\\/image-7.png\",\"contentUrl\":\"https:\\\/\\\/cdn1.mediawpaccore.net\\\/wp-content\\\/uploads\\\/2025\\\/11\\\/03085819\\\/image-7.png\",\"width\":1968,\"height\":1034,\"caption\":\"Iv\u00e1n \u201cNanito\u201d Pedroso muri\u00f3 en la madrugada del s\u00e1bado al domingo tras ser agredido con arma blanca mientras trabajaba en la discoteca \u201cLa Acca\u201d, en la ciudad de C\u00e1rdenas, provincia de Matanzas. Foto: Cortes\u00eda de Niover Licea\"},{\"@type\":\"BreadcrumbList\",\"@id\":\"https:\\\/\\\/www.cuballama.com\\\/noticias\\\/otro-cubano-con-conocimiento-de-defensa-personal-muere-por-un-arma-blanca-en-cardenas-matanzas\\\/#breadcrumb\",\"itemListElement\":[{\"@type\":\"ListItem\",\"position\":1,\"name\":\"Home\",\"item\":\"https:\\\/\\\/www.cuballama.com\\\/noticias\\\/\"},{\"@type\":\"ListItem\",\"position\":2,\"name\":\"Otro cubano con conocimiento de defensa personal muere por un arma blanca en C\u00e1rdenas, Matanzas\"}]},{\"@type\":\"WebSite\",\"@id\":\"https:\\\/\\\/www.cuballama.com\\\/noticias\\\/#website\",\"url\":\"https:\\\/\\\/www.cuballama.com\\\/noticias\\\/\",\"name\":\"Cuballama Noticias\",\"description\":\"Medio digital sobre Cuba y el mundo\",\"publisher\":{\"@id\":\"https:\\\/\\\/www.cuballama.com\\\/noticias\\\/#organization\"},\"potentialAction\":[{\"@type\":\"SearchAction\",\"target\":{\"@type\":\"EntryPoint\",\"urlTemplate\":\"https:\\\/\\\/www.cuballama.com\\\/noticias\\\/?s={search_term_string}\"},\"query-input\":{\"@type\":\"PropertyValueSpecification\",\"valueRequired\":true,\"valueName\":\"search_term_string\"}}],\"inLanguage\":\"es\"},{\"@type\":\"Organization\",\"@id\":\"https:\\\/\\\/www.cuballama.com\\\/noticias\\\/#organization\",\"name\":\"Cuballama\",\"url\":\"https:\\\/\\\/www.cuballama.com\\\/noticias\\\/\",\"logo\":{\"@type\":\"ImageObject\",\"inLanguage\":\"es\",\"@id\":\"https:\\\/\\\/www.cuballama.com\\\/noticias\\\/#\\\/schema\\\/logo\\\/image\\\/\",\"url\":\"https:\\\/\\\/cdn1.mediawpaccore.net\\\/wp-content\\\/uploads\\\/2021\\\/12\\\/28171206\\\/cbll-logo-color-sm.png\",\"contentUrl\":\"https:\\\/\\\/cdn1.mediawpaccore.net\\\/wp-content\\\/uploads\\\/2021\\\/12\\\/28171206\\\/cbll-logo-color-sm.png\",\"width\":600,\"height\":133,\"caption\":\"Cuballama\"},\"image\":{\"@id\":\"https:\\\/\\\/www.cuballama.com\\\/noticias\\\/#\\\/schema\\\/logo\\\/image\\\/\"},\"sameAs\":[\"https:\\\/\\\/www.facebook.com\\\/CubaLlama\",\"https:\\\/\\\/x.com\\\/cuballama\",\"https:\\\/\\\/www.instagram.com\\\/stories\\\/cuballama_oficial\\\/\",\"https:\\\/\\\/www.youtube.com\\\/channel\\\/UCKkFE-d_axENGZcrc4as0IA\"]},{\"@type\":\"Person\",\"@id\":\"https:\\\/\\\/www.cuballama.com\\\/noticias\\\/#\\\/schema\\\/person\\\/a58502ed4146c8e9f83872e897c76cd2\",\"name\":\"Roberto A.\",\"description\":\"Roberto A. Periodista por decisi\u00f3n propia. Interesado en cualquier tema que me apasione y cada vez m\u00e1s comprometido con la verdad y la objetividad period\u00edstica. Graduado en La Habana hace ya muchos a\u00f1os, luego de una accidentada y polvorienta b\u00fasqueda de informaci\u00f3n sobre un tema in\u00e9dito. La Tesis, por cierto, desapareci\u00f3 de la biblioteca y no se conservan copias de la misma.\",\"url\":\"https:\\\/\\\/www.cuballama.com\\\/noticias\\\/author\\\/roberto\\\/\"}]}<\/script>\n<!-- \/ Yoast SEO plugin. -->","yoast_head_json":{"title":"Otro cubano con conocimiento de defensa personal muere por un arma blanca en C\u00e1rdenas, Matanzas - Cuballama Noticias","description":"Un cubano identificado como Iv\u00e1n \u201cNanito\u201d Pedroso y que era agente de seguridad en una discoteca en la ciudad de C\u00e1rdenas, muere asesinado","robots":{"index":"index","follow":"follow","max-snippet":"max-snippet:-1","max-image-preview":"max-image-preview:large","max-video-preview":"max-video-preview:-1"},"canonical":"https:\/\/www.cuballama.com\/noticias\/otro-cubano-con-conocimiento-de-defensa-personal-muere-por-un-arma-blanca-en-cardenas-matanzas\/","og_locale":"es_ES","og_type":"article","og_title":"Otro cubano con conocimiento de defensa personal muere por un arma blanca en C\u00e1rdenas, Matanzas - Cuballama Noticias","og_description":"Un cubano identificado como Iv\u00e1n \u201cNanito\u201d Pedroso y que era agente de seguridad en una discoteca en la ciudad de C\u00e1rdenas, muere asesinado","og_url":"https:\/\/www.cuballama.com\/noticias\/otro-cubano-con-conocimiento-de-defensa-personal-muere-por-un-arma-blanca-en-cardenas-matanzas\/","og_site_name":"Cuballama Noticias","article_publisher":"https:\/\/www.facebook.com\/CubaLlama","article_published_time":"2025-11-03T15:22:41+00:00","article_modified_time":"2025-11-03T15:22:45+00:00","og_image":[{"width":1968,"height":1034,"url":"https:\/\/cdn1.mediawpaccore.net\/wp-content\/uploads\/2025\/11\/03085819\/image-7.png","type":"image\/png"}],"author":"Roberto A.","twitter_card":"summary_large_image","twitter_creator":"@cuballama","twitter_site":"@cuballama","twitter_misc":{"Escrito por":"Roberto A.","Tiempo de lectura":"3 minutos"},"schema":{"@context":"https:\/\/schema.org","@graph":[{"@type":"Article","@id":"https:\/\/www.cuballama.com\/noticias\/otro-cubano-con-conocimiento-de-defensa-personal-muere-por-un-arma-blanca-en-cardenas-matanzas\/#article","isPartOf":{"@id":"https:\/\/www.cuballama.com\/noticias\/otro-cubano-con-conocimiento-de-defensa-personal-muere-por-un-arma-blanca-en-cardenas-matanzas\/"},"author":{"name":"Roberto A.","@id":"https:\/\/www.cuballama.com\/noticias\/#\/schema\/person\/a58502ed4146c8e9f83872e897c76cd2"},"headline":"Otro cubano con conocimiento de defensa personal muere por un arma blanca en C\u00e1rdenas, Matanzas","datePublished":"2025-11-03T15:22:41+00:00","dateModified":"2025-11-03T15:22:45+00:00","mainEntityOfPage":{"@id":"https:\/\/www.cuballama.com\/noticias\/otro-cubano-con-conocimiento-de-defensa-personal-muere-por-un-arma-blanca-en-cardenas-matanzas\/"},"wordCount":472,"commentCount":0,"publisher":{"@id":"https:\/\/www.cuballama.com\/noticias\/#organization"},"image":{"@id":"https:\/\/www.cuballama.com\/noticias\/otro-cubano-con-conocimiento-de-defensa-personal-muere-por-un-arma-blanca-en-cardenas-matanzas\/#primaryimage"},"thumbnailUrl":"https:\/\/cdn1.mediawpaccore.net\/wp-content\/uploads\/2025\/11\/03085819\/image-7.png","keywords":["arma blanca","arresto","bar\/cafeter\u00eda","C\u00e1rdenas","Carlos Lafert\u00e9","defensa personal","Homicidio","investigaci\u00f3n","Iv\u00e1n \u201cNanito\u201d Pedroso","Matanzas","seguridad privada"],"articleSection":["Noticias","Noticias de Cuba"],"inLanguage":"es","potentialAction":[{"@type":"CommentAction","name":"Comment","target":["https:\/\/www.cuballama.com\/noticias\/otro-cubano-con-conocimiento-de-defensa-personal-muere-por-un-arma-blanca-en-cardenas-matanzas\/#respond"]}]},{"@type":"WebPage","@id":"https:\/\/www.cuballama.com\/noticias\/otro-cubano-con-conocimiento-de-defensa-personal-muere-por-un-arma-blanca-en-cardenas-matanzas\/","url":"https:\/\/www.cuballama.com\/noticias\/otro-cubano-con-conocimiento-de-defensa-personal-muere-por-un-arma-blanca-en-cardenas-matanzas\/","name":"Otro cubano con conocimiento de defensa personal muere por un arma blanca en C\u00e1rdenas, Matanzas - Cuballama Noticias","isPartOf":{"@id":"https:\/\/www.cuballama.com\/noticias\/#website"},"primaryImageOfPage":{"@id":"https:\/\/www.cuballama.com\/noticias\/otro-cubano-con-conocimiento-de-defensa-personal-muere-por-un-arma-blanca-en-cardenas-matanzas\/#primaryimage"},"image":{"@id":"https:\/\/www.cuballama.com\/noticias\/otro-cubano-con-conocimiento-de-defensa-personal-muere-por-un-arma-blanca-en-cardenas-matanzas\/#primaryimage"},"thumbnailUrl":"https:\/\/cdn1.mediawpaccore.net\/wp-content\/uploads\/2025\/11\/03085819\/image-7.png","datePublished":"2025-11-03T15:22:41+00:00","dateModified":"2025-11-03T15:22:45+00:00","description":"Un cubano identificado como Iv\u00e1n \u201cNanito\u201d Pedroso y que era agente de seguridad en una discoteca en la ciudad de C\u00e1rdenas, muere asesinado","breadcrumb":{"@id":"https:\/\/www.cuballama.com\/noticias\/otro-cubano-con-conocimiento-de-defensa-personal-muere-por-un-arma-blanca-en-cardenas-matanzas\/#breadcrumb"},"inLanguage":"es","potentialAction":[{"@type":"ReadAction","target":["https:\/\/www.cuballama.com\/noticias\/otro-cubano-con-conocimiento-de-defensa-personal-muere-por-un-arma-blanca-en-cardenas-matanzas\/"]}]},{"@type":"ImageObject","inLanguage":"es","@id":"https:\/\/www.cuballama.com\/noticias\/otro-cubano-con-conocimiento-de-defensa-personal-muere-por-un-arma-blanca-en-cardenas-matanzas\/#primaryimage","url":"https:\/\/cdn1.mediawpaccore.net\/wp-content\/uploads\/2025\/11\/03085819\/image-7.png","contentUrl":"https:\/\/cdn1.mediawpaccore.net\/wp-content\/uploads\/2025\/11\/03085819\/image-7.png","width":1968,"height":1034,"caption":"Iv\u00e1n \u201cNanito\u201d Pedroso muri\u00f3 en la madrugada del s\u00e1bado al domingo tras ser agredido con arma blanca mientras trabajaba en la discoteca \u201cLa Acca\u201d, en la ciudad de C\u00e1rdenas, provincia de Matanzas. Foto: Cortes\u00eda de Niover Licea"},{"@type":"BreadcrumbList","@id":"https:\/\/www.cuballama.com\/noticias\/otro-cubano-con-conocimiento-de-defensa-personal-muere-por-un-arma-blanca-en-cardenas-matanzas\/#breadcrumb","itemListElement":[{"@type":"ListItem","position":1,"name":"Home","item":"https:\/\/www.cuballama.com\/noticias\/"},{"@type":"ListItem","position":2,"name":"Otro cubano con conocimiento de defensa personal muere por un arma blanca en C\u00e1rdenas, Matanzas"}]},{"@type":"WebSite","@id":"https:\/\/www.cuballama.com\/noticias\/#website","url":"https:\/\/www.cuballama.com\/noticias\/","name":"Cuballama Noticias","description":"Medio digital sobre Cuba y el mundo","publisher":{"@id":"https:\/\/www.cuballama.com\/noticias\/#organization"},"potentialAction":[{"@type":"SearchAction","target":{"@type":"EntryPoint","urlTemplate":"https:\/\/www.cuballama.com\/noticias\/?s={search_term_string}"},"query-input":{"@type":"PropertyValueSpecification","valueRequired":true,"valueName":"search_term_string"}}],"inLanguage":"es"},{"@type":"Organization","@id":"https:\/\/www.cuballama.com\/noticias\/#organization","name":"Cuballama","url":"https:\/\/www.cuballama.com\/noticias\/","logo":{"@type":"ImageObject","inLanguage":"es","@id":"https:\/\/www.cuballama.com\/noticias\/#\/schema\/logo\/image\/","url":"https:\/\/cdn1.mediawpaccore.net\/wp-content\/uploads\/2021\/12\/28171206\/cbll-logo-color-sm.png","contentUrl":"https:\/\/cdn1.mediawpaccore.net\/wp-content\/uploads\/2021\/12\/28171206\/cbll-logo-color-sm.png","width":600,"height":133,"caption":"Cuballama"},"image":{"@id":"https:\/\/www.cuballama.com\/noticias\/#\/schema\/logo\/image\/"},"sameAs":["https:\/\/www.facebook.com\/CubaLlama","https:\/\/x.com\/cuballama","https:\/\/www.instagram.com\/stories\/cuballama_oficial\/","https:\/\/www.youtube.com\/channel\/UCKkFE-d_axENGZcrc4as0IA"]},{"@type":"Person","@id":"https:\/\/www.cuballama.com\/noticias\/#\/schema\/person\/a58502ed4146c8e9f83872e897c76cd2","name":"Roberto A.","description":"Roberto A. Periodista por decisi\u00f3n propia. Interesado en cualquier tema que me apasione y cada vez m\u00e1s comprometido con la verdad y la objetividad period\u00edstica. Graduado en La Habana hace ya muchos a\u00f1os, luego de una accidentada y polvorienta b\u00fasqueda de informaci\u00f3n sobre un tema in\u00e9dito. La Tesis, por cierto, desapareci\u00f3 de la biblioteca y no se conservan copias de la misma.","url":"https:\/\/www.cuballama.com\/noticias\/author\/roberto\/"}]}},"_links":{"self":[{"href":"https:\/\/www.cuballama.com\/noticias\/wp-json\/wp\/v2\/posts\/224784","targetHints":{"allow":["GET"]}}],"collection":[{"href":"https:\/\/www.cuballama.com\/noticias\/wp-json\/wp\/v2\/posts"}],"about":[{"href":"https:\/\/www.cuballama.com\/noticias\/wp-json\/wp\/v2\/types\/post"}],"author":[{"embeddable":true,"href":"https:\/\/www.cuballama.com\/noticias\/wp-json\/wp\/v2\/users\/13"}],"replies":[{"embeddable":true,"href":"https:\/\/www.cuballama.com\/noticias\/wp-json\/wp\/v2\/comments?post=224784"}],"version-history":[{"count":3,"href":"https:\/\/www.cuballama.com\/noticias\/wp-json\/wp\/v2\/posts\/224784\/revisions"}],"predecessor-version":[{"id":224793,"href":"https:\/\/www.cuballama.com\/noticias\/wp-json\/wp\/v2\/posts\/224784\/revisions\/224793"}],"wp:featuredmedia":[{"embeddable":true,"href":"https:\/\/www.cuballama.com\/noticias\/wp-json\/wp\/v2\/media\/224792"}],"wp:attachment":[{"href":"https:\/\/www.cuballama.com\/noticias\/wp-json\/wp\/v2\/media?parent=224784"}],"wp:term":[{"taxonomy":"category","embeddable":true,"href":"https:\/\/www.cuballama.com\/noticias\/wp-json\/wp\/v2\/categories?post=224784"},{"taxonomy":"post_tag","embeddable":true,"href":"https:\/\/www.cuballama.com\/noticias\/wp-json\/wp\/v2\/tags?post=224784"}],"curies":[{"name":"wp","href":"https:\/\/api.w.org\/{rel}","templated":true}]}}