{"id":224757,"date":"2025-11-04T12:20:51","date_gmt":"2025-11-04T17:20:51","guid":{"rendered":"https:\/\/www.cuballama.com\/noticias\/?p=224757"},"modified":"2025-11-04T12:20:55","modified_gmt":"2025-11-04T17:20:55","slug":"entregado-a-ice-por-su-propia-madre-asi-este-cubano-con-varios-delitos-y-orden-de-deportacion-fue-arrestado-en-florida","status":"publish","type":"post","link":"https:\/\/www.cuballama.com\/noticias\/entregado-a-ice-por-su-propia-madre-asi-este-cubano-con-varios-delitos-y-orden-de-deportacion-fue-arrestado-en-florida\/","title":{"rendered":"Entregado a ICE por su propia madre: as\u00ed este cubano con varios delitos y orden de deportaci\u00f3n, fue arrestado en Florida"},"content":{"rendered":"\n<p>Un operativo migratorio con un giro inusual dej\u00f3 detenido en Florida a Joaqu\u00edn Viamonte Salas, ciudadano cubano con una orden final de deportaci\u00f3n dictada en 2024 y condenas previas por agresi\u00f3n sexual, asalto y hurto. <\/p>\n\n\n\n<p> La confirmaci\u00f3n del arresto provino de las cuentas oficiales de ICE en redes sociales, que publicaron su identidad, la base legal de la remoci\u00f3n y su historial penal, junto a una fotograf\u00eda del momento en que agentes lo ponen bajo custodia. <\/p>\n\n\n\n<figure class=\"wp-block-embed is-type-rich is-provider-twitter wp-block-embed-twitter\"><div class=\"wp-block-embed__wrapper\">\n<blockquote class=\"twitter-tweet\" data-width=\"550\" data-dnt=\"true\"><p lang=\"es\" dir=\"ltr\">Arrestamos a Joaqu\u00edn Viamonte Salas, un extranjero ilegal delincuente cubano con antecedentes penales y una orden final de remoci\u00f3n de 2024 que fue CONDENADO por AGRESI\u00d3N SEXUAL, AGRESI\u00d3N y HURTO.<br><br>\u00cdbamos a arrestarlo de una forma u otra, y su madre lo sab\u00eda. Ella lo acompa\u00f1\u00f3\u2026 <a href=\"https:\/\/t.co\/zDxZ28YcBK\">pic.twitter.com\/zDxZ28YcBK<\/a><\/p>&mdash; ICE en Espa\u00f1ol (@ICEespanol) <a href=\"https:\/\/twitter.com\/ICEespanol\/status\/1984652963894165596?ref_src=twsrc%5Etfw\">November 1, 2025<\/a><\/blockquote><script async src=\"https:\/\/platform.twitter.com\/widgets.js\" charset=\"utf-8\"><\/script>\n<\/div><\/figure>\n\n\n\n<p>El caso gan\u00f3 relevancia p\u00fablica cuando medios locales y plataformas de noticias cubanas en el exilio se\u00f1alaron que la entrega se produjo con la colaboraci\u00f3n de su propia madre, quien, seg\u00fan esa cobertura, lo acompa\u00f1\u00f3 a salir de la vivienda para facilitar una aprehensi\u00f3n segura. <\/p>\n\n\n\n<p>ICE resalt\u00f3 en sus publicaciones que la agencia iba a arrestarlo \u201cde una u otra forma\u201d y subray\u00f3 la importancia de la cooperaci\u00f3n comunitaria en estos procedimientos, aunque no detall\u00f3 la direcci\u00f3n exacta ni hora del operativo.<\/p>\n\n\n\n<iframe loading=\"lazy\" src=\"https:\/\/www.facebook.com\/plugins\/post.php?href=https%3A%2F%2Fwww.facebook.com%2FwwwICEgov%2Fposts%2Fpfbid0XWD2WEz5XSsp2qmnajqYsWJhrnfutcTqxaKh9SVHVi4batLPCq6FLmCKJfAFbm52l&#038;show_text=true&#038;width=500\" width=\"500\" height=\"698\" style=\"border:none;overflow:hidden\" scrolling=\"no\" frameborder=\"0\" allowfullscreen=\"true\" allow=\"autoplay; clipboard-write; encrypted-media; picture-in-picture; web-share\"><\/iframe>\n\n\n\n<p>El detenido por ICE es el mismo Joaqu\u00edn Viamonte Salas que figura en el registro de depredadores\/ofensores sexuales de Florida. <\/p>\n\n\n\n<p>Una <strong><a href=\"https:\/\/www.offenderradar.com\/offender-details\/joaquin-viamonte-salas-of-florida-1336717\" target=\"_blank\" rel=\"noreferrer noopener nofollow\">ficha consultada<\/a><\/strong> lo identifica con fecha de nacimiento 27 de enero de 1991, direcci\u00f3n en 12538 Choctaw Trl, Hudson (FL 34669), estatus \u201cSupervised \u2013 FL Dept. of Corrections\u201d y designaci\u00f3n de \u201cSexual Predator\u201d. Consta, adem\u00e1s, un patr\u00f3n de tatuajes m\u00faltiples \u2014espalda, brazo izquierdo, cuello, pecho medio, est\u00f3mago, pierna izquierda, mano y pie derechos, e incluso en la cara\u2014 que coincide con las marcas visibles en las im\u00e1genes difundidas tras el arresto. Otras im\u00e1genes suyas, de otros momentos en que fue arrestado, est\u00e1n disponibles en el enlace consultado, lo que sin dudas muestra a las claras que <strong>se trata de la misma persona<\/strong>.<\/p>\n\n\n\n<figure class=\"wp-block-gallery has-nested-images columns-default is-cropped wp-block-gallery-1 is-layout-flex wp-block-gallery-is-layout-flex\">\n<figure class=\"wp-block-image size-large\"><img loading=\"lazy\" decoding=\"async\" width=\"212\" height=\"300\" data-id=\"224764\" src=\"https:\/\/cdn1.mediawpaccore.net\/wp-content\/uploads\/2025\/11\/03072621\/124471-5.jpg\" alt=\"\" class=\"wp-image-224764\" srcset=\"https:\/\/cdn1.mediawpaccore.net\/wp-content\/uploads\/2025\/11\/03072621\/124471-5.jpg 212w, https:\/\/cdn1.mediawpaccore.net\/wp-content\/uploads\/2025\/11\/03072621\/124471-5-150x212.jpg 150w\" sizes=\"auto, (max-width: 212px) 100vw, 212px\" \/><\/figure>\n\n\n\n<figure class=\"wp-block-image size-large\"><img loading=\"lazy\" decoding=\"async\" width=\"303\" height=\"300\" data-id=\"224761\" src=\"https:\/\/cdn1.mediawpaccore.net\/wp-content\/uploads\/2025\/11\/03072620\/124471-4.jpg\" alt=\"\" class=\"wp-image-224761\" srcset=\"https:\/\/cdn1.mediawpaccore.net\/wp-content\/uploads\/2025\/11\/03072620\/124471-4.jpg 303w, https:\/\/cdn1.mediawpaccore.net\/wp-content\/uploads\/2025\/11\/03072620\/124471-4-300x297.jpg 300w, https:\/\/cdn1.mediawpaccore.net\/wp-content\/uploads\/2025\/11\/03072620\/124471-4-150x149.jpg 150w\" sizes=\"auto, (max-width: 303px) 100vw, 303px\" \/><\/figure>\n\n\n\n<figure class=\"wp-block-image size-large\"><img loading=\"lazy\" decoding=\"async\" width=\"243\" height=\"300\" data-id=\"224763\" src=\"https:\/\/cdn1.mediawpaccore.net\/wp-content\/uploads\/2025\/11\/03072620\/124471-3.jpg\" alt=\"\" class=\"wp-image-224763\" srcset=\"https:\/\/cdn1.mediawpaccore.net\/wp-content\/uploads\/2025\/11\/03072620\/124471-3.jpg 243w, https:\/\/cdn1.mediawpaccore.net\/wp-content\/uploads\/2025\/11\/03072620\/124471-3-150x185.jpg 150w\" sizes=\"auto, (max-width: 243px) 100vw, 243px\" \/><\/figure>\n\n\n\n<figure class=\"wp-block-image size-large\"><img loading=\"lazy\" decoding=\"async\" width=\"257\" height=\"300\" data-id=\"224765\" src=\"https:\/\/cdn1.mediawpaccore.net\/wp-content\/uploads\/2025\/11\/03072621\/124471-2.jpg\" alt=\"\" class=\"wp-image-224765\" srcset=\"https:\/\/cdn1.mediawpaccore.net\/wp-content\/uploads\/2025\/11\/03072621\/124471-2.jpg 257w, https:\/\/cdn1.mediawpaccore.net\/wp-content\/uploads\/2025\/11\/03072621\/124471-2-150x175.jpg 150w\" sizes=\"auto, (max-width: 257px) 100vw, 257px\" \/><\/figure>\n\n\n\n<figure class=\"wp-block-image size-large\"><img loading=\"lazy\" decoding=\"async\" width=\"264\" height=\"300\" data-id=\"224762\" src=\"https:\/\/cdn1.mediawpaccore.net\/wp-content\/uploads\/2025\/11\/03072620\/124471-1.jpg\" alt=\"\" class=\"wp-image-224762\" srcset=\"https:\/\/cdn1.mediawpaccore.net\/wp-content\/uploads\/2025\/11\/03072620\/124471-1.jpg 264w, https:\/\/cdn1.mediawpaccore.net\/wp-content\/uploads\/2025\/11\/03072620\/124471-1-150x170.jpg 150w\" sizes=\"auto, (max-width: 264px) 100vw, 264px\" \/><\/figure>\n\n\n\n<figure class=\"wp-block-image size-large\"><img loading=\"lazy\" decoding=\"async\" width=\"289\" height=\"300\" data-id=\"224766\" src=\"https:\/\/cdn1.mediawpaccore.net\/wp-content\/uploads\/2025\/11\/03072621\/124471.jpg\" alt=\"\" class=\"wp-image-224766\" srcset=\"https:\/\/cdn1.mediawpaccore.net\/wp-content\/uploads\/2025\/11\/03072621\/124471.jpg 289w, https:\/\/cdn1.mediawpaccore.net\/wp-content\/uploads\/2025\/11\/03072621\/124471-150x156.jpg 150w\" sizes=\"auto, (max-width: 289px) 100vw, 289px\" \/><\/figure>\n<\/figure>\n\n\n\n<p>El registro documenta una condena reciente por \u201cSexual Battery by Adult on Victim 12\u201317 Years of Age \/ Aggravating circumstances\u201d, al amparo del estatuto 794.011(4)(a) de Florida, con fecha de condena del 27 de abril de 2023 en el condado de Pasco y n\u00famero de expediente 2100235. <\/p>\n\n\n\n<p>La ficha incorpora una lista extensa de alias (entre ellos \u201cCuba El\u201d, \u201cJoaquin Viamonte-Salas\u201d y variantes) y consigna un veh\u00edculo Ford Explorer rojo, placa DN18AY, asociado al sujeto.<\/p>\n\n\n\n<p>M\u00e1s all\u00e1 del componente humano \u2014una madre que decide cooperar con la autoridad frente a los antecedentes de su hijo\u2014, el hecho ilustra la estrategia de \u201cprioridad de deportaci\u00f3n\u201d sobre extranjeros con condenas por delitos violentos o sexuales. <\/p>\n\n\n\n<p>La informaci\u00f3n difundida hasta ahora no precisa si, tras la detenci\u00f3n administrativa, el caso pas\u00f3 ya a custodia del U.S. Marshals Service por alguna causa penal pendiente, ni si existe un itinerario de remoci\u00f3n asignado. <\/p>\n\n\n\n<p>El desenlace tambi\u00e9n depender\u00e1 de si Cuba acepta el retorno; de no hacerlo, ICE puede gestionar la expulsi\u00f3n a un tercer pa\u00eds, como ha ocurrido con otros cubanos con sentencias por delitos graves. Mientras tanto, el expediente migratorio sigue abierto y la agencia mantiene su mensaje: cooperaci\u00f3n ciudadana, prioridad sobre quienes acumulan condenas y ejecuci\u00f3n de \u00f3rdenes finales.<\/p>\n\n\n\n<p><\/p>\n","protected":false},"excerpt":{"rendered":"<p> La confirmaci\u00f3n del arresto provino de las cuentas oficiales de ICE en redes sociales, que publicaron su identidad, la base legal de la remoci\u00f3n y su historial penal, junto a una fotograf\u00eda del momento en que agentes lo ponen bajo custodia. <\/p>\n","protected":false},"author":13,"featured_media":224759,"comment_status":"open","ping_status":"closed","sticky":false,"template":"","format":"standard","meta":{"_acf_changed":false,"footnotes":""},"categories":[18,11024],"tags":[15491,9296,1850,28960,4538,941,24067,314,2978,108,28961],"class_list":{"0":"post-224757","1":"post","2":"type-post","3":"status-publish","4":"format-standard","5":"has-post-thumbnail","7":"category-noticias","8":"category-noticias-de-miami","9":"tag-agresion-sexual","10":"tag-antecedentes-penales","11":"tag-comunidad-cubana","12":"tag-cooperacion-ciudadana","13":"tag-deportacion","14":"tag-destacado","15":"tag-detencion","16":"tag-florida","17":"tag-ice","18":"tag-inmigracion","19":"tag-orden-final-de-remocion"},"acf":[],"yoast_head":"<!-- This site is optimized with the Yoast SEO plugin v27.4 - https:\/\/yoast.com\/product\/yoast-seo-wordpress\/ -->\n<title>Entregado a ICE por su propia madre: as\u00ed este cubano con varios delitos y orden de deportaci\u00f3n, fue arrestado en Florida - Cuballama Noticias<\/title>\n<meta name=\"description\" content=\"Un cubano, Joaqu\u00edn Viamonte Salas, fue entregado a ICE por su propia madre, en un caso que se ha vuelto noticia en la Florida.\" \/>\n<meta name=\"robots\" content=\"index, follow, max-snippet:-1, max-image-preview:large, max-video-preview:-1\" \/>\n<link rel=\"canonical\" href=\"https:\/\/www.cuballama.com\/noticias\/entregado-a-ice-por-su-propia-madre-asi-este-cubano-con-varios-delitos-y-orden-de-deportacion-fue-arrestado-en-florida\/\" \/>\n<meta property=\"og:locale\" content=\"es_ES\" \/>\n<meta property=\"og:type\" content=\"article\" \/>\n<meta property=\"og:title\" content=\"Entregado a ICE por su propia madre: as\u00ed este cubano con varios delitos y orden de deportaci\u00f3n, fue arrestado en Florida - Cuballama Noticias\" \/>\n<meta property=\"og:description\" content=\"Un cubano, Joaqu\u00edn Viamonte Salas, fue entregado a ICE por su propia madre, en un caso que se ha vuelto noticia en la Florida.\" \/>\n<meta property=\"og:url\" content=\"https:\/\/www.cuballama.com\/noticias\/entregado-a-ice-por-su-propia-madre-asi-este-cubano-con-varios-delitos-y-orden-de-deportacion-fue-arrestado-en-florida\/\" \/>\n<meta property=\"og:site_name\" content=\"Cuballama Noticias\" \/>\n<meta property=\"article:publisher\" content=\"https:\/\/www.facebook.com\/CubaLlama\" \/>\n<meta property=\"article:published_time\" content=\"2025-11-04T17:20:51+00:00\" \/>\n<meta property=\"article:modified_time\" content=\"2025-11-04T17:20:55+00:00\" \/>\n<meta property=\"og:image\" content=\"https:\/\/cdn1.mediawpaccore.net\/wp-content\/uploads\/2025\/11\/03071327\/image-4-1024x540.png\" \/>\n\t<meta property=\"og:image:width\" content=\"1024\" \/>\n\t<meta property=\"og:image:height\" content=\"540\" \/>\n\t<meta property=\"og:image:type\" content=\"image\/png\" \/>\n<meta name=\"author\" content=\"Roberto A.\" \/>\n<meta name=\"twitter:card\" content=\"summary_large_image\" \/>\n<meta name=\"twitter:creator\" content=\"@cuballama\" \/>\n<meta name=\"twitter:site\" content=\"@cuballama\" \/>\n<meta name=\"twitter:label1\" content=\"Escrito por\" \/>\n\t<meta name=\"twitter:data1\" content=\"Roberto A.\" \/>\n\t<meta name=\"twitter:label2\" content=\"Tiempo de lectura\" \/>\n\t<meta name=\"twitter:data2\" content=\"4 minutos\" \/>\n<script type=\"application\/ld+json\" class=\"yoast-schema-graph\">{\"@context\":\"https:\\\/\\\/schema.org\",\"@graph\":[{\"@type\":\"Article\",\"@id\":\"https:\\\/\\\/www.cuballama.com\\\/noticias\\\/entregado-a-ice-por-su-propia-madre-asi-este-cubano-con-varios-delitos-y-orden-de-deportacion-fue-arrestado-en-florida\\\/#article\",\"isPartOf\":{\"@id\":\"https:\\\/\\\/www.cuballama.com\\\/noticias\\\/entregado-a-ice-por-su-propia-madre-asi-este-cubano-con-varios-delitos-y-orden-de-deportacion-fue-arrestado-en-florida\\\/\"},\"author\":{\"name\":\"Roberto A.\",\"@id\":\"https:\\\/\\\/www.cuballama.com\\\/noticias\\\/#\\\/schema\\\/person\\\/a58502ed4146c8e9f83872e897c76cd2\"},\"headline\":\"Entregado a ICE por su propia madre: as\u00ed este cubano con varios delitos y orden de deportaci\u00f3n, fue arrestado en Florida\",\"datePublished\":\"2025-11-04T17:20:51+00:00\",\"dateModified\":\"2025-11-04T17:20:55+00:00\",\"mainEntityOfPage\":{\"@id\":\"https:\\\/\\\/www.cuballama.com\\\/noticias\\\/entregado-a-ice-por-su-propia-madre-asi-este-cubano-con-varios-delitos-y-orden-de-deportacion-fue-arrestado-en-florida\\\/\"},\"wordCount\":541,\"commentCount\":0,\"publisher\":{\"@id\":\"https:\\\/\\\/www.cuballama.com\\\/noticias\\\/#organization\"},\"image\":{\"@id\":\"https:\\\/\\\/www.cuballama.com\\\/noticias\\\/entregado-a-ice-por-su-propia-madre-asi-este-cubano-con-varios-delitos-y-orden-de-deportacion-fue-arrestado-en-florida\\\/#primaryimage\"},\"thumbnailUrl\":\"https:\\\/\\\/cdn1.mediawpaccore.net\\\/wp-content\\\/uploads\\\/2025\\\/11\\\/03071327\\\/image-4.png\",\"keywords\":[\"Agresi\u00f3n sexual\",\"antecedentes penales\",\"comunidad cubana\",\"cooperaci\u00f3n ciudadana\",\"deportaci\u00f3n\",\"destacado\",\"detenci\u00f3n\",\"Florida\",\"ICE\",\"inmigraci\u00f3n\",\"orden final de remoci\u00f3n\"],\"articleSection\":[\"Noticias\",\"Noticias de Miami\"],\"inLanguage\":\"es\",\"potentialAction\":[{\"@type\":\"CommentAction\",\"name\":\"Comment\",\"target\":[\"https:\\\/\\\/www.cuballama.com\\\/noticias\\\/entregado-a-ice-por-su-propia-madre-asi-este-cubano-con-varios-delitos-y-orden-de-deportacion-fue-arrestado-en-florida\\\/#respond\"]}]},{\"@type\":\"WebPage\",\"@id\":\"https:\\\/\\\/www.cuballama.com\\\/noticias\\\/entregado-a-ice-por-su-propia-madre-asi-este-cubano-con-varios-delitos-y-orden-de-deportacion-fue-arrestado-en-florida\\\/\",\"url\":\"https:\\\/\\\/www.cuballama.com\\\/noticias\\\/entregado-a-ice-por-su-propia-madre-asi-este-cubano-con-varios-delitos-y-orden-de-deportacion-fue-arrestado-en-florida\\\/\",\"name\":\"Entregado a ICE por su propia madre: as\u00ed este cubano con varios delitos y orden de deportaci\u00f3n, fue arrestado en Florida - Cuballama Noticias\",\"isPartOf\":{\"@id\":\"https:\\\/\\\/www.cuballama.com\\\/noticias\\\/#website\"},\"primaryImageOfPage\":{\"@id\":\"https:\\\/\\\/www.cuballama.com\\\/noticias\\\/entregado-a-ice-por-su-propia-madre-asi-este-cubano-con-varios-delitos-y-orden-de-deportacion-fue-arrestado-en-florida\\\/#primaryimage\"},\"image\":{\"@id\":\"https:\\\/\\\/www.cuballama.com\\\/noticias\\\/entregado-a-ice-por-su-propia-madre-asi-este-cubano-con-varios-delitos-y-orden-de-deportacion-fue-arrestado-en-florida\\\/#primaryimage\"},\"thumbnailUrl\":\"https:\\\/\\\/cdn1.mediawpaccore.net\\\/wp-content\\\/uploads\\\/2025\\\/11\\\/03071327\\\/image-4.png\",\"datePublished\":\"2025-11-04T17:20:51+00:00\",\"dateModified\":\"2025-11-04T17:20:55+00:00\",\"description\":\"Un cubano, Joaqu\u00edn Viamonte Salas, fue entregado a ICE por su propia madre, en un caso que se ha vuelto noticia en la Florida.\",\"breadcrumb\":{\"@id\":\"https:\\\/\\\/www.cuballama.com\\\/noticias\\\/entregado-a-ice-por-su-propia-madre-asi-este-cubano-con-varios-delitos-y-orden-de-deportacion-fue-arrestado-en-florida\\\/#breadcrumb\"},\"inLanguage\":\"es\",\"potentialAction\":[{\"@type\":\"ReadAction\",\"target\":[\"https:\\\/\\\/www.cuballama.com\\\/noticias\\\/entregado-a-ice-por-su-propia-madre-asi-este-cubano-con-varios-delitos-y-orden-de-deportacion-fue-arrestado-en-florida\\\/\"]}]},{\"@type\":\"ImageObject\",\"inLanguage\":\"es\",\"@id\":\"https:\\\/\\\/www.cuballama.com\\\/noticias\\\/entregado-a-ice-por-su-propia-madre-asi-este-cubano-con-varios-delitos-y-orden-de-deportacion-fue-arrestado-en-florida\\\/#primaryimage\",\"url\":\"https:\\\/\\\/cdn1.mediawpaccore.net\\\/wp-content\\\/uploads\\\/2025\\\/11\\\/03071327\\\/image-4.png\",\"contentUrl\":\"https:\\\/\\\/cdn1.mediawpaccore.net\\\/wp-content\\\/uploads\\\/2025\\\/11\\\/03071327\\\/image-4.png\",\"width\":1970,\"height\":1038,\"caption\":\"Joaqu\u00edn Viamonte Salas tiene una largo record de detenciones en los Estados Unidos. Foto v\u00eda ICE \\\/ Twitter\"},{\"@type\":\"BreadcrumbList\",\"@id\":\"https:\\\/\\\/www.cuballama.com\\\/noticias\\\/entregado-a-ice-por-su-propia-madre-asi-este-cubano-con-varios-delitos-y-orden-de-deportacion-fue-arrestado-en-florida\\\/#breadcrumb\",\"itemListElement\":[{\"@type\":\"ListItem\",\"position\":1,\"name\":\"Home\",\"item\":\"https:\\\/\\\/www.cuballama.com\\\/noticias\\\/\"},{\"@type\":\"ListItem\",\"position\":2,\"name\":\"Entregado a ICE por su propia madre: as\u00ed este cubano con varios delitos y orden de deportaci\u00f3n, fue arrestado en Florida\"}]},{\"@type\":\"WebSite\",\"@id\":\"https:\\\/\\\/www.cuballama.com\\\/noticias\\\/#website\",\"url\":\"https:\\\/\\\/www.cuballama.com\\\/noticias\\\/\",\"name\":\"Cuballama Noticias\",\"description\":\"Medio digital sobre Cuba y el mundo\",\"publisher\":{\"@id\":\"https:\\\/\\\/www.cuballama.com\\\/noticias\\\/#organization\"},\"potentialAction\":[{\"@type\":\"SearchAction\",\"target\":{\"@type\":\"EntryPoint\",\"urlTemplate\":\"https:\\\/\\\/www.cuballama.com\\\/noticias\\\/?s={search_term_string}\"},\"query-input\":{\"@type\":\"PropertyValueSpecification\",\"valueRequired\":true,\"valueName\":\"search_term_string\"}}],\"inLanguage\":\"es\"},{\"@type\":\"Organization\",\"@id\":\"https:\\\/\\\/www.cuballama.com\\\/noticias\\\/#organization\",\"name\":\"Cuballama\",\"url\":\"https:\\\/\\\/www.cuballama.com\\\/noticias\\\/\",\"logo\":{\"@type\":\"ImageObject\",\"inLanguage\":\"es\",\"@id\":\"https:\\\/\\\/www.cuballama.com\\\/noticias\\\/#\\\/schema\\\/logo\\\/image\\\/\",\"url\":\"https:\\\/\\\/cdn1.mediawpaccore.net\\\/wp-content\\\/uploads\\\/2021\\\/12\\\/28171206\\\/cbll-logo-color-sm.png\",\"contentUrl\":\"https:\\\/\\\/cdn1.mediawpaccore.net\\\/wp-content\\\/uploads\\\/2021\\\/12\\\/28171206\\\/cbll-logo-color-sm.png\",\"width\":600,\"height\":133,\"caption\":\"Cuballama\"},\"image\":{\"@id\":\"https:\\\/\\\/www.cuballama.com\\\/noticias\\\/#\\\/schema\\\/logo\\\/image\\\/\"},\"sameAs\":[\"https:\\\/\\\/www.facebook.com\\\/CubaLlama\",\"https:\\\/\\\/x.com\\\/cuballama\",\"https:\\\/\\\/www.instagram.com\\\/stories\\\/cuballama_oficial\\\/\",\"https:\\\/\\\/www.youtube.com\\\/channel\\\/UCKkFE-d_axENGZcrc4as0IA\"]},{\"@type\":\"Person\",\"@id\":\"https:\\\/\\\/www.cuballama.com\\\/noticias\\\/#\\\/schema\\\/person\\\/a58502ed4146c8e9f83872e897c76cd2\",\"name\":\"Roberto A.\",\"description\":\"Roberto A. Periodista por decisi\u00f3n propia. Interesado en cualquier tema que me apasione y cada vez m\u00e1s comprometido con la verdad y la objetividad period\u00edstica. Graduado en La Habana hace ya muchos a\u00f1os, luego de una accidentada y polvorienta b\u00fasqueda de informaci\u00f3n sobre un tema in\u00e9dito. La Tesis, por cierto, desapareci\u00f3 de la biblioteca y no se conservan copias de la misma.\",\"url\":\"https:\\\/\\\/www.cuballama.com\\\/noticias\\\/author\\\/roberto\\\/\"}]}<\/script>\n<!-- \/ Yoast SEO plugin. -->","yoast_head_json":{"title":"Entregado a ICE por su propia madre: as\u00ed este cubano con varios delitos y orden de deportaci\u00f3n, fue arrestado en Florida - Cuballama Noticias","description":"Un cubano, Joaqu\u00edn Viamonte Salas, fue entregado a ICE por su propia madre, en un caso que se ha vuelto noticia en la Florida.","robots":{"index":"index","follow":"follow","max-snippet":"max-snippet:-1","max-image-preview":"max-image-preview:large","max-video-preview":"max-video-preview:-1"},"canonical":"https:\/\/www.cuballama.com\/noticias\/entregado-a-ice-por-su-propia-madre-asi-este-cubano-con-varios-delitos-y-orden-de-deportacion-fue-arrestado-en-florida\/","og_locale":"es_ES","og_type":"article","og_title":"Entregado a ICE por su propia madre: as\u00ed este cubano con varios delitos y orden de deportaci\u00f3n, fue arrestado en Florida - Cuballama Noticias","og_description":"Un cubano, Joaqu\u00edn Viamonte Salas, fue entregado a ICE por su propia madre, en un caso que se ha vuelto noticia en la Florida.","og_url":"https:\/\/www.cuballama.com\/noticias\/entregado-a-ice-por-su-propia-madre-asi-este-cubano-con-varios-delitos-y-orden-de-deportacion-fue-arrestado-en-florida\/","og_site_name":"Cuballama Noticias","article_publisher":"https:\/\/www.facebook.com\/CubaLlama","article_published_time":"2025-11-04T17:20:51+00:00","article_modified_time":"2025-11-04T17:20:55+00:00","og_image":[{"width":1024,"height":540,"url":"https:\/\/cdn1.mediawpaccore.net\/wp-content\/uploads\/2025\/11\/03071327\/image-4-1024x540.png","type":"image\/png"}],"author":"Roberto A.","twitter_card":"summary_large_image","twitter_creator":"@cuballama","twitter_site":"@cuballama","twitter_misc":{"Escrito por":"Roberto A.","Tiempo de lectura":"4 minutos"},"schema":{"@context":"https:\/\/schema.org","@graph":[{"@type":"Article","@id":"https:\/\/www.cuballama.com\/noticias\/entregado-a-ice-por-su-propia-madre-asi-este-cubano-con-varios-delitos-y-orden-de-deportacion-fue-arrestado-en-florida\/#article","isPartOf":{"@id":"https:\/\/www.cuballama.com\/noticias\/entregado-a-ice-por-su-propia-madre-asi-este-cubano-con-varios-delitos-y-orden-de-deportacion-fue-arrestado-en-florida\/"},"author":{"name":"Roberto A.","@id":"https:\/\/www.cuballama.com\/noticias\/#\/schema\/person\/a58502ed4146c8e9f83872e897c76cd2"},"headline":"Entregado a ICE por su propia madre: as\u00ed este cubano con varios delitos y orden de deportaci\u00f3n, fue arrestado en Florida","datePublished":"2025-11-04T17:20:51+00:00","dateModified":"2025-11-04T17:20:55+00:00","mainEntityOfPage":{"@id":"https:\/\/www.cuballama.com\/noticias\/entregado-a-ice-por-su-propia-madre-asi-este-cubano-con-varios-delitos-y-orden-de-deportacion-fue-arrestado-en-florida\/"},"wordCount":541,"commentCount":0,"publisher":{"@id":"https:\/\/www.cuballama.com\/noticias\/#organization"},"image":{"@id":"https:\/\/www.cuballama.com\/noticias\/entregado-a-ice-por-su-propia-madre-asi-este-cubano-con-varios-delitos-y-orden-de-deportacion-fue-arrestado-en-florida\/#primaryimage"},"thumbnailUrl":"https:\/\/cdn1.mediawpaccore.net\/wp-content\/uploads\/2025\/11\/03071327\/image-4.png","keywords":["Agresi\u00f3n sexual","antecedentes penales","comunidad cubana","cooperaci\u00f3n ciudadana","deportaci\u00f3n","destacado","detenci\u00f3n","Florida","ICE","inmigraci\u00f3n","orden final de remoci\u00f3n"],"articleSection":["Noticias","Noticias de Miami"],"inLanguage":"es","potentialAction":[{"@type":"CommentAction","name":"Comment","target":["https:\/\/www.cuballama.com\/noticias\/entregado-a-ice-por-su-propia-madre-asi-este-cubano-con-varios-delitos-y-orden-de-deportacion-fue-arrestado-en-florida\/#respond"]}]},{"@type":"WebPage","@id":"https:\/\/www.cuballama.com\/noticias\/entregado-a-ice-por-su-propia-madre-asi-este-cubano-con-varios-delitos-y-orden-de-deportacion-fue-arrestado-en-florida\/","url":"https:\/\/www.cuballama.com\/noticias\/entregado-a-ice-por-su-propia-madre-asi-este-cubano-con-varios-delitos-y-orden-de-deportacion-fue-arrestado-en-florida\/","name":"Entregado a ICE por su propia madre: as\u00ed este cubano con varios delitos y orden de deportaci\u00f3n, fue arrestado en Florida - Cuballama Noticias","isPartOf":{"@id":"https:\/\/www.cuballama.com\/noticias\/#website"},"primaryImageOfPage":{"@id":"https:\/\/www.cuballama.com\/noticias\/entregado-a-ice-por-su-propia-madre-asi-este-cubano-con-varios-delitos-y-orden-de-deportacion-fue-arrestado-en-florida\/#primaryimage"},"image":{"@id":"https:\/\/www.cuballama.com\/noticias\/entregado-a-ice-por-su-propia-madre-asi-este-cubano-con-varios-delitos-y-orden-de-deportacion-fue-arrestado-en-florida\/#primaryimage"},"thumbnailUrl":"https:\/\/cdn1.mediawpaccore.net\/wp-content\/uploads\/2025\/11\/03071327\/image-4.png","datePublished":"2025-11-04T17:20:51+00:00","dateModified":"2025-11-04T17:20:55+00:00","description":"Un cubano, Joaqu\u00edn Viamonte Salas, fue entregado a ICE por su propia madre, en un caso que se ha vuelto noticia en la Florida.","breadcrumb":{"@id":"https:\/\/www.cuballama.com\/noticias\/entregado-a-ice-por-su-propia-madre-asi-este-cubano-con-varios-delitos-y-orden-de-deportacion-fue-arrestado-en-florida\/#breadcrumb"},"inLanguage":"es","potentialAction":[{"@type":"ReadAction","target":["https:\/\/www.cuballama.com\/noticias\/entregado-a-ice-por-su-propia-madre-asi-este-cubano-con-varios-delitos-y-orden-de-deportacion-fue-arrestado-en-florida\/"]}]},{"@type":"ImageObject","inLanguage":"es","@id":"https:\/\/www.cuballama.com\/noticias\/entregado-a-ice-por-su-propia-madre-asi-este-cubano-con-varios-delitos-y-orden-de-deportacion-fue-arrestado-en-florida\/#primaryimage","url":"https:\/\/cdn1.mediawpaccore.net\/wp-content\/uploads\/2025\/11\/03071327\/image-4.png","contentUrl":"https:\/\/cdn1.mediawpaccore.net\/wp-content\/uploads\/2025\/11\/03071327\/image-4.png","width":1970,"height":1038,"caption":"Joaqu\u00edn Viamonte Salas tiene una largo record de detenciones en los Estados Unidos. Foto v\u00eda ICE \/ Twitter"},{"@type":"BreadcrumbList","@id":"https:\/\/www.cuballama.com\/noticias\/entregado-a-ice-por-su-propia-madre-asi-este-cubano-con-varios-delitos-y-orden-de-deportacion-fue-arrestado-en-florida\/#breadcrumb","itemListElement":[{"@type":"ListItem","position":1,"name":"Home","item":"https:\/\/www.cuballama.com\/noticias\/"},{"@type":"ListItem","position":2,"name":"Entregado a ICE por su propia madre: as\u00ed este cubano con varios delitos y orden de deportaci\u00f3n, fue arrestado en Florida"}]},{"@type":"WebSite","@id":"https:\/\/www.cuballama.com\/noticias\/#website","url":"https:\/\/www.cuballama.com\/noticias\/","name":"Cuballama Noticias","description":"Medio digital sobre Cuba y el mundo","publisher":{"@id":"https:\/\/www.cuballama.com\/noticias\/#organization"},"potentialAction":[{"@type":"SearchAction","target":{"@type":"EntryPoint","urlTemplate":"https:\/\/www.cuballama.com\/noticias\/?s={search_term_string}"},"query-input":{"@type":"PropertyValueSpecification","valueRequired":true,"valueName":"search_term_string"}}],"inLanguage":"es"},{"@type":"Organization","@id":"https:\/\/www.cuballama.com\/noticias\/#organization","name":"Cuballama","url":"https:\/\/www.cuballama.com\/noticias\/","logo":{"@type":"ImageObject","inLanguage":"es","@id":"https:\/\/www.cuballama.com\/noticias\/#\/schema\/logo\/image\/","url":"https:\/\/cdn1.mediawpaccore.net\/wp-content\/uploads\/2021\/12\/28171206\/cbll-logo-color-sm.png","contentUrl":"https:\/\/cdn1.mediawpaccore.net\/wp-content\/uploads\/2021\/12\/28171206\/cbll-logo-color-sm.png","width":600,"height":133,"caption":"Cuballama"},"image":{"@id":"https:\/\/www.cuballama.com\/noticias\/#\/schema\/logo\/image\/"},"sameAs":["https:\/\/www.facebook.com\/CubaLlama","https:\/\/x.com\/cuballama","https:\/\/www.instagram.com\/stories\/cuballama_oficial\/","https:\/\/www.youtube.com\/channel\/UCKkFE-d_axENGZcrc4as0IA"]},{"@type":"Person","@id":"https:\/\/www.cuballama.com\/noticias\/#\/schema\/person\/a58502ed4146c8e9f83872e897c76cd2","name":"Roberto A.","description":"Roberto A. Periodista por decisi\u00f3n propia. Interesado en cualquier tema que me apasione y cada vez m\u00e1s comprometido con la verdad y la objetividad period\u00edstica. Graduado en La Habana hace ya muchos a\u00f1os, luego de una accidentada y polvorienta b\u00fasqueda de informaci\u00f3n sobre un tema in\u00e9dito. La Tesis, por cierto, desapareci\u00f3 de la biblioteca y no se conservan copias de la misma.","url":"https:\/\/www.cuballama.com\/noticias\/author\/roberto\/"}]}},"_links":{"self":[{"href":"https:\/\/www.cuballama.com\/noticias\/wp-json\/wp\/v2\/posts\/224757","targetHints":{"allow":["GET"]}}],"collection":[{"href":"https:\/\/www.cuballama.com\/noticias\/wp-json\/wp\/v2\/posts"}],"about":[{"href":"https:\/\/www.cuballama.com\/noticias\/wp-json\/wp\/v2\/types\/post"}],"author":[{"embeddable":true,"href":"https:\/\/www.cuballama.com\/noticias\/wp-json\/wp\/v2\/users\/13"}],"replies":[{"embeddable":true,"href":"https:\/\/www.cuballama.com\/noticias\/wp-json\/wp\/v2\/comments?post=224757"}],"version-history":[{"count":5,"href":"https:\/\/www.cuballama.com\/noticias\/wp-json\/wp\/v2\/posts\/224757\/revisions"}],"predecessor-version":[{"id":224769,"href":"https:\/\/www.cuballama.com\/noticias\/wp-json\/wp\/v2\/posts\/224757\/revisions\/224769"}],"wp:featuredmedia":[{"embeddable":true,"href":"https:\/\/www.cuballama.com\/noticias\/wp-json\/wp\/v2\/media\/224759"}],"wp:attachment":[{"href":"https:\/\/www.cuballama.com\/noticias\/wp-json\/wp\/v2\/media?parent=224757"}],"wp:term":[{"taxonomy":"category","embeddable":true,"href":"https:\/\/www.cuballama.com\/noticias\/wp-json\/wp\/v2\/categories?post=224757"},{"taxonomy":"post_tag","embeddable":true,"href":"https:\/\/www.cuballama.com\/noticias\/wp-json\/wp\/v2\/tags?post=224757"}],"curies":[{"name":"wp","href":"https:\/\/api.w.org\/{rel}","templated":true}]}}