{"id":224455,"date":"2025-10-30T16:33:56","date_gmt":"2025-10-30T20:33:56","guid":{"rendered":"https:\/\/www.cuballama.com\/noticias\/?p=224455"},"modified":"2025-10-30T16:33:58","modified_gmt":"2025-10-30T20:33:58","slug":"emily-estefan-defiende-a-su-pareja-ante-jueza-en-miami","status":"publish","type":"post","link":"https:\/\/www.cuballama.com\/noticias\/emily-estefan-defiende-a-su-pareja-ante-jueza-en-miami\/","title":{"rendered":"Emily Estefan defiende a su pareja ante jueza en Miami"},"content":{"rendered":"\n<p>La artista <strong>Emily Estefan<\/strong>, hija menor de <strong>Gloria<\/strong> y <strong>Emilio Estefan<\/strong>, compareci\u00f3 por <strong>videollamada<\/strong> ante un tribunal de <strong>Miami<\/strong> tras el arresto de su pareja, <strong>Gemeny Hern\u00e1ndez<\/strong>, se\u00f1alada por <strong>robo con violencia<\/strong> y <strong>agresi\u00f3n menor<\/strong>. Lejos de mostrarse tensa, la artista adopt\u00f3 un estilo conciliador y pidi\u00f3 que el conflicto no escalara.<\/p>\n\n\n\n<p>Ante la jueza <strong>Mindy S. Glazer<\/strong>, Emily explic\u00f3 su postura con calma: \u201c<strong>No quer\u00eda que fuera a la c\u00e1rcel. Le rogu\u00e9 a los detectives y a los oficiales que no se la llevaran<\/strong>\u201d. La magistrada le record\u00f3 que, en casos de <strong>violencia dom\u00e9stica<\/strong>, el arresto procede de forma obligatoria. Estefan respondi\u00f3 sin alterarse: \u201c<strong>Lo entiendo perfectamente y s\u00e9 que estaban haciendo su trabajo, pero no tengo miedo y no quiero ninguna orden en su contra<\/strong>\u201d.<\/p>\n\n\n\n<blockquote class=\"tiktok-embed\" cite=\"https:\/\/www.tiktok.com\/@telemundo51miami\/video\/7566830323565219103\" data-video-id=\"7566830323565219103\" style=\"max-width: 605px;min-width: 325px;\" > <section> <a target=\"_blank\" title=\"@telemundo51miami\" href=\"https:\/\/www.tiktok.com\/@telemundo51miami?refer=embed\">@telemundo51miami<\/a> La pareja de la hija de Gloria Estefan fue arrestada tras un presunto incidente de violencia dom\u00e9stica. Durante la audiencia de fianza, Emily Estefan pidi\u00f3 a la jueza que liberara a Gemeny Hern\u00e1ndez, asegurando que no ten\u00eda miedo y que no quer\u00eda ninguna orden en su contra. Seg\u00fan el informe de arresto, la pareja tuvo una pelea f\u00edsica cuando Hern\u00e1ndez le arrebat\u00f3 por la fuerza el tel\u00e9fono celular a Estefan y la golpe\u00f3 con \u00e9l. La jueza redujo la fianza y permiti\u00f3 que Hern\u00e1ndez regresara a casa una vez liberada. <a title=\"emilyestefan\" target=\"_blank\" href=\"https:\/\/www.tiktok.com\/tag\/emilyestefan?refer=embed\">#EmilyEstefan<\/a> <a title=\"gloriaestefan\" target=\"_blank\" href=\"https:\/\/www.tiktok.com\/tag\/gloriaestefan?refer=embed\">#GloriaEstefan<\/a> <a title=\"miami\" target=\"_blank\" href=\"https:\/\/www.tiktok.com\/tag\/miami?refer=embed\">#Miami<\/a> <a title=\"gemenyhernandez\" target=\"_blank\" href=\"https:\/\/www.tiktok.com\/tag\/gemenyhernandez?refer=embed\">#gemenyhernandez<\/a> <a target=\"_blank\" title=\"\u266c original sound  - Telemundo51Miami\" href=\"https:\/\/www.tiktok.com\/music\/original-sound-Telemundo51Miami-7566855593219836703?refer=embed\">\u266c original sound  &#8211; Telemundo51Miami<\/a> <\/section> <\/blockquote> <script async src=\"https:\/\/www.tiktok.com\/embed.js\"><\/script>\n\n\n\n<p>El intercambio, difundido por <strong>Telemundo 51 Miami<\/strong>, se volvi\u00f3 viral y abri\u00f3 debate en redes. Mientras un sector elogi\u00f3 la serenidad y empat\u00eda de la int\u00e9rprete, otro cuestion\u00f3 su decisi\u00f3n de abogar por su pareja tras el incidente.<\/p>\n\n\n\n<p>Seg\u00fan el <strong><a href=\"https:\/\/www.cuballama.com\/noticias\/revelan-detalles-de-la-agresion-a-emily-estefan-a-manos-de-su-pareja-gememy-hernandez\/\" target=\"_blank\" rel=\"noreferrer noopener\">reporte policial<\/a><\/strong> del condado de <strong>Miami-Dade<\/strong>, Hern\u00e1ndez fue detenida el <strong>28 de octubre<\/strong> en el domicilio que compart\u00eda con Emily, a ra\u00edz de una disputa vinculada a un <strong>tel\u00e9fono m\u00f3vil<\/strong>. El documento describe que la acusada habr\u00eda arrebatado el celular de las manos de su pareja y la habr\u00eda golpeado con \u00e9l, provocando una <strong>contusi\u00f3n en el ojo izquierdo<\/strong> y <strong>ara\u00f1azos en el cuello<\/strong>. La v\u00edctima recuper\u00f3 el dispositivo y llam\u00f3 al <strong>911<\/strong>.<\/p>\n\n\n\n<p>Los <strong>registros judiciales<\/strong> se\u00f1alan tres cargos contra Hern\u00e1ndez: <strong>dos por robo con fuerza<\/strong> (delitos graves) y <strong>uno por agresi\u00f3n menor<\/strong>. La jueza dict\u00f3 una <strong>orden de alejamiento temporal<\/strong> y fij\u00f3 una <strong>fianza de US$3.000<\/strong>, a la espera de la evoluci\u00f3n del caso.<\/p>\n\n\n\n<p>Emily y Gemeny sostienen una relaci\u00f3n desde hace <strong>casi nueve a\u00f1os<\/strong> y colaboran profesionalmente en el p\u00f3dcast <strong>In Our Own World<\/strong>. Hasta el momento, <strong>Gloria<\/strong> y <strong>Emilio Estefan<\/strong> no han emitido comentarios p\u00fablicos; fuentes cercanas apuntan a que la familia atraviesa la situaci\u00f3n con <strong>discreci\u00f3n<\/strong> y <strong>apoyo<\/strong>.<\/p>\n\n\n\n<p>Con su intervenci\u00f3n ante la corte, Emily Estefan proyect\u00f3 la intenci\u00f3n de gestionar el momento con <strong>temple<\/strong> y <strong>empat\u00eda<\/strong>, priorizando la contenci\u00f3n por encima del enfrentamiento, incluso en un contexto legal complejo.<\/p>\n","protected":false},"excerpt":{"rendered":"<p>Emily Estefan declar\u00f3 por videollamada en Miami y pidi\u00f3 \u201cno quer\u00eda que fuera a la c\u00e1rcel\u201d y \u201cno quiero ninguna orden en su contra\u201d para su pareja, Gemeny Hern\u00e1ndez.<\/p>\n","protected":false},"author":29,"featured_media":224463,"comment_status":"open","ping_status":"closed","sticky":false,"template":"","format":"standard","meta":{"_acf_changed":false,"footnotes":""},"categories":[443],"tags":[252,92,11050,10720,2803,28906,4723],"class_list":{"0":"post-224455","1":"post","2":"type-post","3":"status-publish","4":"format-standard","5":"has-post-thumbnail","7":"category-farandula","8":"tag-artistas-cubanos","9":"tag-cubanos","10":"tag-cubanos-en-miami","11":"tag-emilio-estefan","12":"tag-emily-estefan","13":"tag-gemeny-hernandez","14":"tag-gloria-estefan"},"acf":[],"yoast_head":"<!-- This site is optimized with the Yoast SEO plugin v27.5 - https:\/\/yoast.com\/product\/yoast-seo-wordpress\/ -->\n<title>Emily Estefan defiende a su pareja ante jueza en Miami - Cuballama Noticias<\/title>\n<meta name=\"description\" content=\"Emily Estefan declar\u00f3 por videollamada en Miami y pidi\u00f3 \u201cno quer\u00eda que fuera a la c\u00e1rcel\u201d y \u201cno quiero ninguna orden en su contra\u201d.\" \/>\n<meta name=\"robots\" content=\"index, follow, max-snippet:-1, max-image-preview:large, max-video-preview:-1\" \/>\n<link rel=\"canonical\" href=\"https:\/\/www.cuballama.com\/noticias\/emily-estefan-defiende-a-su-pareja-ante-jueza-en-miami\/\" \/>\n<meta property=\"og:locale\" content=\"es_ES\" \/>\n<meta property=\"og:type\" content=\"article\" \/>\n<meta property=\"og:title\" content=\"Emily Estefan defiende a su pareja ante jueza en Miami - Cuballama Noticias\" \/>\n<meta property=\"og:description\" content=\"Emily Estefan declar\u00f3 por videollamada en Miami y pidi\u00f3 \u201cno quer\u00eda que fuera a la c\u00e1rcel\u201d y \u201cno quiero ninguna orden en su contra\u201d.\" \/>\n<meta property=\"og:url\" content=\"https:\/\/www.cuballama.com\/noticias\/emily-estefan-defiende-a-su-pareja-ante-jueza-en-miami\/\" \/>\n<meta property=\"og:site_name\" content=\"Cuballama Noticias\" \/>\n<meta property=\"article:publisher\" content=\"https:\/\/www.facebook.com\/CubaLlama\" \/>\n<meta property=\"article:published_time\" content=\"2025-10-30T20:33:56+00:00\" \/>\n<meta property=\"article:modified_time\" content=\"2025-10-30T20:33:58+00:00\" \/>\n<meta property=\"og:image\" content=\"https:\/\/cdn1.mediawpaccore.net\/wp-content\/uploads\/2025\/10\/30163014\/xxxxxccccccccddd-64-1024x576.png\" \/>\n\t<meta property=\"og:image:width\" content=\"1024\" \/>\n\t<meta property=\"og:image:height\" content=\"576\" \/>\n\t<meta property=\"og:image:type\" content=\"image\/png\" \/>\n<meta name=\"author\" content=\"Sof\u00eda Reyes\" \/>\n<meta name=\"twitter:card\" content=\"summary_large_image\" \/>\n<meta name=\"twitter:creator\" content=\"@cuballama\" \/>\n<meta name=\"twitter:site\" content=\"@cuballama\" \/>\n<meta name=\"twitter:label1\" content=\"Escrito por\" \/>\n\t<meta name=\"twitter:data1\" content=\"Sof\u00eda Reyes\" \/>\n\t<meta name=\"twitter:label2\" content=\"Tiempo de lectura\" \/>\n\t<meta name=\"twitter:data2\" content=\"2 minutos\" \/>\n<script type=\"application\/ld+json\" class=\"yoast-schema-graph\">{\"@context\":\"https:\\\/\\\/schema.org\",\"@graph\":[{\"@type\":\"Article\",\"@id\":\"https:\\\/\\\/www.cuballama.com\\\/noticias\\\/emily-estefan-defiende-a-su-pareja-ante-jueza-en-miami\\\/#article\",\"isPartOf\":{\"@id\":\"https:\\\/\\\/www.cuballama.com\\\/noticias\\\/emily-estefan-defiende-a-su-pareja-ante-jueza-en-miami\\\/\"},\"author\":{\"name\":\"Sof\u00eda Reyes\",\"@id\":\"https:\\\/\\\/www.cuballama.com\\\/noticias\\\/#\\\/schema\\\/person\\\/5cba2b8cc25a3159e49fe730a94d512e\"},\"headline\":\"Emily Estefan defiende a su pareja ante jueza en Miami\",\"datePublished\":\"2025-10-30T20:33:56+00:00\",\"dateModified\":\"2025-10-30T20:33:58+00:00\",\"mainEntityOfPage\":{\"@id\":\"https:\\\/\\\/www.cuballama.com\\\/noticias\\\/emily-estefan-defiende-a-su-pareja-ante-jueza-en-miami\\\/\"},\"wordCount\":512,\"commentCount\":0,\"publisher\":{\"@id\":\"https:\\\/\\\/www.cuballama.com\\\/noticias\\\/#organization\"},\"image\":{\"@id\":\"https:\\\/\\\/www.cuballama.com\\\/noticias\\\/emily-estefan-defiende-a-su-pareja-ante-jueza-en-miami\\\/#primaryimage\"},\"thumbnailUrl\":\"https:\\\/\\\/cdn1.mediawpaccore.net\\\/wp-content\\\/uploads\\\/2025\\\/10\\\/30163014\\\/xxxxxccccccccddd-64.png\",\"keywords\":[\"Artistas cubanos\",\"cubanos\",\"cubanos en Miami\",\"Emilio Estefan\",\"Emily Estefan\",\"Gemeny Hern\u00e1ndez\",\"Gloria Estefan\"],\"articleSection\":[\"Far\u00e1ndula\"],\"inLanguage\":\"es\",\"potentialAction\":[{\"@type\":\"CommentAction\",\"name\":\"Comment\",\"target\":[\"https:\\\/\\\/www.cuballama.com\\\/noticias\\\/emily-estefan-defiende-a-su-pareja-ante-jueza-en-miami\\\/#respond\"]}]},{\"@type\":\"WebPage\",\"@id\":\"https:\\\/\\\/www.cuballama.com\\\/noticias\\\/emily-estefan-defiende-a-su-pareja-ante-jueza-en-miami\\\/\",\"url\":\"https:\\\/\\\/www.cuballama.com\\\/noticias\\\/emily-estefan-defiende-a-su-pareja-ante-jueza-en-miami\\\/\",\"name\":\"Emily Estefan defiende a su pareja ante jueza en Miami - Cuballama Noticias\",\"isPartOf\":{\"@id\":\"https:\\\/\\\/www.cuballama.com\\\/noticias\\\/#website\"},\"primaryImageOfPage\":{\"@id\":\"https:\\\/\\\/www.cuballama.com\\\/noticias\\\/emily-estefan-defiende-a-su-pareja-ante-jueza-en-miami\\\/#primaryimage\"},\"image\":{\"@id\":\"https:\\\/\\\/www.cuballama.com\\\/noticias\\\/emily-estefan-defiende-a-su-pareja-ante-jueza-en-miami\\\/#primaryimage\"},\"thumbnailUrl\":\"https:\\\/\\\/cdn1.mediawpaccore.net\\\/wp-content\\\/uploads\\\/2025\\\/10\\\/30163014\\\/xxxxxccccccccddd-64.png\",\"datePublished\":\"2025-10-30T20:33:56+00:00\",\"dateModified\":\"2025-10-30T20:33:58+00:00\",\"description\":\"Emily Estefan declar\u00f3 por videollamada en Miami y pidi\u00f3 \u201cno quer\u00eda que fuera a la c\u00e1rcel\u201d y \u201cno quiero ninguna orden en su contra\u201d.\",\"breadcrumb\":{\"@id\":\"https:\\\/\\\/www.cuballama.com\\\/noticias\\\/emily-estefan-defiende-a-su-pareja-ante-jueza-en-miami\\\/#breadcrumb\"},\"inLanguage\":\"es\",\"potentialAction\":[{\"@type\":\"ReadAction\",\"target\":[\"https:\\\/\\\/www.cuballama.com\\\/noticias\\\/emily-estefan-defiende-a-su-pareja-ante-jueza-en-miami\\\/\"]}]},{\"@type\":\"ImageObject\",\"inLanguage\":\"es\",\"@id\":\"https:\\\/\\\/www.cuballama.com\\\/noticias\\\/emily-estefan-defiende-a-su-pareja-ante-jueza-en-miami\\\/#primaryimage\",\"url\":\"https:\\\/\\\/cdn1.mediawpaccore.net\\\/wp-content\\\/uploads\\\/2025\\\/10\\\/30163014\\\/xxxxxccccccccddd-64.png\",\"contentUrl\":\"https:\\\/\\\/cdn1.mediawpaccore.net\\\/wp-content\\\/uploads\\\/2025\\\/10\\\/30163014\\\/xxxxxccccccccddd-64.png\",\"width\":1920,\"height\":1080,\"caption\":\"Fotos tomadas del perfil de TikTok de Telemundo 51\"},{\"@type\":\"BreadcrumbList\",\"@id\":\"https:\\\/\\\/www.cuballama.com\\\/noticias\\\/emily-estefan-defiende-a-su-pareja-ante-jueza-en-miami\\\/#breadcrumb\",\"itemListElement\":[{\"@type\":\"ListItem\",\"position\":1,\"name\":\"Home\",\"item\":\"https:\\\/\\\/www.cuballama.com\\\/noticias\\\/\"},{\"@type\":\"ListItem\",\"position\":2,\"name\":\"Emily Estefan defiende a su pareja ante jueza en Miami\"}]},{\"@type\":\"WebSite\",\"@id\":\"https:\\\/\\\/www.cuballama.com\\\/noticias\\\/#website\",\"url\":\"https:\\\/\\\/www.cuballama.com\\\/noticias\\\/\",\"name\":\"Cuballama Noticias\",\"description\":\"Medio digital sobre Cuba y el mundo\",\"publisher\":{\"@id\":\"https:\\\/\\\/www.cuballama.com\\\/noticias\\\/#organization\"},\"potentialAction\":[{\"@type\":\"SearchAction\",\"target\":{\"@type\":\"EntryPoint\",\"urlTemplate\":\"https:\\\/\\\/www.cuballama.com\\\/noticias\\\/?s={search_term_string}\"},\"query-input\":{\"@type\":\"PropertyValueSpecification\",\"valueRequired\":true,\"valueName\":\"search_term_string\"}}],\"inLanguage\":\"es\"},{\"@type\":\"Organization\",\"@id\":\"https:\\\/\\\/www.cuballama.com\\\/noticias\\\/#organization\",\"name\":\"Cuballama\",\"url\":\"https:\\\/\\\/www.cuballama.com\\\/noticias\\\/\",\"logo\":{\"@type\":\"ImageObject\",\"inLanguage\":\"es\",\"@id\":\"https:\\\/\\\/www.cuballama.com\\\/noticias\\\/#\\\/schema\\\/logo\\\/image\\\/\",\"url\":\"https:\\\/\\\/cdn1.mediawpaccore.net\\\/wp-content\\\/uploads\\\/2021\\\/12\\\/28171206\\\/cbll-logo-color-sm.png\",\"contentUrl\":\"https:\\\/\\\/cdn1.mediawpaccore.net\\\/wp-content\\\/uploads\\\/2021\\\/12\\\/28171206\\\/cbll-logo-color-sm.png\",\"width\":600,\"height\":133,\"caption\":\"Cuballama\"},\"image\":{\"@id\":\"https:\\\/\\\/www.cuballama.com\\\/noticias\\\/#\\\/schema\\\/logo\\\/image\\\/\"},\"sameAs\":[\"https:\\\/\\\/www.facebook.com\\\/CubaLlama\",\"https:\\\/\\\/x.com\\\/cuballama\",\"https:\\\/\\\/www.instagram.com\\\/stories\\\/cuballama_oficial\\\/\",\"https:\\\/\\\/www.youtube.com\\\/channel\\\/UCKkFE-d_axENGZcrc4as0IA\"]},{\"@type\":\"Person\",\"@id\":\"https:\\\/\\\/www.cuballama.com\\\/noticias\\\/#\\\/schema\\\/person\\\/5cba2b8cc25a3159e49fe730a94d512e\",\"name\":\"Sof\u00eda Reyes\",\"url\":\"https:\\\/\\\/www.cuballama.com\\\/noticias\\\/author\\\/laura\\\/\"}]}<\/script>\n<!-- \/ Yoast SEO plugin. -->","yoast_head_json":{"title":"Emily Estefan defiende a su pareja ante jueza en Miami - Cuballama Noticias","description":"Emily Estefan declar\u00f3 por videollamada en Miami y pidi\u00f3 \u201cno quer\u00eda que fuera a la c\u00e1rcel\u201d y \u201cno quiero ninguna orden en su contra\u201d.","robots":{"index":"index","follow":"follow","max-snippet":"max-snippet:-1","max-image-preview":"max-image-preview:large","max-video-preview":"max-video-preview:-1"},"canonical":"https:\/\/www.cuballama.com\/noticias\/emily-estefan-defiende-a-su-pareja-ante-jueza-en-miami\/","og_locale":"es_ES","og_type":"article","og_title":"Emily Estefan defiende a su pareja ante jueza en Miami - Cuballama Noticias","og_description":"Emily Estefan declar\u00f3 por videollamada en Miami y pidi\u00f3 \u201cno quer\u00eda que fuera a la c\u00e1rcel\u201d y \u201cno quiero ninguna orden en su contra\u201d.","og_url":"https:\/\/www.cuballama.com\/noticias\/emily-estefan-defiende-a-su-pareja-ante-jueza-en-miami\/","og_site_name":"Cuballama Noticias","article_publisher":"https:\/\/www.facebook.com\/CubaLlama","article_published_time":"2025-10-30T20:33:56+00:00","article_modified_time":"2025-10-30T20:33:58+00:00","og_image":[{"width":1024,"height":576,"url":"https:\/\/cdn1.mediawpaccore.net\/wp-content\/uploads\/2025\/10\/30163014\/xxxxxccccccccddd-64-1024x576.png","type":"image\/png"}],"author":"Sof\u00eda Reyes","twitter_card":"summary_large_image","twitter_creator":"@cuballama","twitter_site":"@cuballama","twitter_misc":{"Escrito por":"Sof\u00eda Reyes","Tiempo de lectura":"2 minutos"},"schema":{"@context":"https:\/\/schema.org","@graph":[{"@type":"Article","@id":"https:\/\/www.cuballama.com\/noticias\/emily-estefan-defiende-a-su-pareja-ante-jueza-en-miami\/#article","isPartOf":{"@id":"https:\/\/www.cuballama.com\/noticias\/emily-estefan-defiende-a-su-pareja-ante-jueza-en-miami\/"},"author":{"name":"Sof\u00eda Reyes","@id":"https:\/\/www.cuballama.com\/noticias\/#\/schema\/person\/5cba2b8cc25a3159e49fe730a94d512e"},"headline":"Emily Estefan defiende a su pareja ante jueza en Miami","datePublished":"2025-10-30T20:33:56+00:00","dateModified":"2025-10-30T20:33:58+00:00","mainEntityOfPage":{"@id":"https:\/\/www.cuballama.com\/noticias\/emily-estefan-defiende-a-su-pareja-ante-jueza-en-miami\/"},"wordCount":512,"commentCount":0,"publisher":{"@id":"https:\/\/www.cuballama.com\/noticias\/#organization"},"image":{"@id":"https:\/\/www.cuballama.com\/noticias\/emily-estefan-defiende-a-su-pareja-ante-jueza-en-miami\/#primaryimage"},"thumbnailUrl":"https:\/\/cdn1.mediawpaccore.net\/wp-content\/uploads\/2025\/10\/30163014\/xxxxxccccccccddd-64.png","keywords":["Artistas cubanos","cubanos","cubanos en Miami","Emilio Estefan","Emily Estefan","Gemeny Hern\u00e1ndez","Gloria Estefan"],"articleSection":["Far\u00e1ndula"],"inLanguage":"es","potentialAction":[{"@type":"CommentAction","name":"Comment","target":["https:\/\/www.cuballama.com\/noticias\/emily-estefan-defiende-a-su-pareja-ante-jueza-en-miami\/#respond"]}]},{"@type":"WebPage","@id":"https:\/\/www.cuballama.com\/noticias\/emily-estefan-defiende-a-su-pareja-ante-jueza-en-miami\/","url":"https:\/\/www.cuballama.com\/noticias\/emily-estefan-defiende-a-su-pareja-ante-jueza-en-miami\/","name":"Emily Estefan defiende a su pareja ante jueza en Miami - Cuballama Noticias","isPartOf":{"@id":"https:\/\/www.cuballama.com\/noticias\/#website"},"primaryImageOfPage":{"@id":"https:\/\/www.cuballama.com\/noticias\/emily-estefan-defiende-a-su-pareja-ante-jueza-en-miami\/#primaryimage"},"image":{"@id":"https:\/\/www.cuballama.com\/noticias\/emily-estefan-defiende-a-su-pareja-ante-jueza-en-miami\/#primaryimage"},"thumbnailUrl":"https:\/\/cdn1.mediawpaccore.net\/wp-content\/uploads\/2025\/10\/30163014\/xxxxxccccccccddd-64.png","datePublished":"2025-10-30T20:33:56+00:00","dateModified":"2025-10-30T20:33:58+00:00","description":"Emily Estefan declar\u00f3 por videollamada en Miami y pidi\u00f3 \u201cno quer\u00eda que fuera a la c\u00e1rcel\u201d y \u201cno quiero ninguna orden en su contra\u201d.","breadcrumb":{"@id":"https:\/\/www.cuballama.com\/noticias\/emily-estefan-defiende-a-su-pareja-ante-jueza-en-miami\/#breadcrumb"},"inLanguage":"es","potentialAction":[{"@type":"ReadAction","target":["https:\/\/www.cuballama.com\/noticias\/emily-estefan-defiende-a-su-pareja-ante-jueza-en-miami\/"]}]},{"@type":"ImageObject","inLanguage":"es","@id":"https:\/\/www.cuballama.com\/noticias\/emily-estefan-defiende-a-su-pareja-ante-jueza-en-miami\/#primaryimage","url":"https:\/\/cdn1.mediawpaccore.net\/wp-content\/uploads\/2025\/10\/30163014\/xxxxxccccccccddd-64.png","contentUrl":"https:\/\/cdn1.mediawpaccore.net\/wp-content\/uploads\/2025\/10\/30163014\/xxxxxccccccccddd-64.png","width":1920,"height":1080,"caption":"Fotos tomadas del perfil de TikTok de Telemundo 51"},{"@type":"BreadcrumbList","@id":"https:\/\/www.cuballama.com\/noticias\/emily-estefan-defiende-a-su-pareja-ante-jueza-en-miami\/#breadcrumb","itemListElement":[{"@type":"ListItem","position":1,"name":"Home","item":"https:\/\/www.cuballama.com\/noticias\/"},{"@type":"ListItem","position":2,"name":"Emily Estefan defiende a su pareja ante jueza en Miami"}]},{"@type":"WebSite","@id":"https:\/\/www.cuballama.com\/noticias\/#website","url":"https:\/\/www.cuballama.com\/noticias\/","name":"Cuballama Noticias","description":"Medio digital sobre Cuba y el mundo","publisher":{"@id":"https:\/\/www.cuballama.com\/noticias\/#organization"},"potentialAction":[{"@type":"SearchAction","target":{"@type":"EntryPoint","urlTemplate":"https:\/\/www.cuballama.com\/noticias\/?s={search_term_string}"},"query-input":{"@type":"PropertyValueSpecification","valueRequired":true,"valueName":"search_term_string"}}],"inLanguage":"es"},{"@type":"Organization","@id":"https:\/\/www.cuballama.com\/noticias\/#organization","name":"Cuballama","url":"https:\/\/www.cuballama.com\/noticias\/","logo":{"@type":"ImageObject","inLanguage":"es","@id":"https:\/\/www.cuballama.com\/noticias\/#\/schema\/logo\/image\/","url":"https:\/\/cdn1.mediawpaccore.net\/wp-content\/uploads\/2021\/12\/28171206\/cbll-logo-color-sm.png","contentUrl":"https:\/\/cdn1.mediawpaccore.net\/wp-content\/uploads\/2021\/12\/28171206\/cbll-logo-color-sm.png","width":600,"height":133,"caption":"Cuballama"},"image":{"@id":"https:\/\/www.cuballama.com\/noticias\/#\/schema\/logo\/image\/"},"sameAs":["https:\/\/www.facebook.com\/CubaLlama","https:\/\/x.com\/cuballama","https:\/\/www.instagram.com\/stories\/cuballama_oficial\/","https:\/\/www.youtube.com\/channel\/UCKkFE-d_axENGZcrc4as0IA"]},{"@type":"Person","@id":"https:\/\/www.cuballama.com\/noticias\/#\/schema\/person\/5cba2b8cc25a3159e49fe730a94d512e","name":"Sof\u00eda Reyes","url":"https:\/\/www.cuballama.com\/noticias\/author\/laura\/"}]}},"_links":{"self":[{"href":"https:\/\/www.cuballama.com\/noticias\/wp-json\/wp\/v2\/posts\/224455","targetHints":{"allow":["GET"]}}],"collection":[{"href":"https:\/\/www.cuballama.com\/noticias\/wp-json\/wp\/v2\/posts"}],"about":[{"href":"https:\/\/www.cuballama.com\/noticias\/wp-json\/wp\/v2\/types\/post"}],"author":[{"embeddable":true,"href":"https:\/\/www.cuballama.com\/noticias\/wp-json\/wp\/v2\/users\/29"}],"replies":[{"embeddable":true,"href":"https:\/\/www.cuballama.com\/noticias\/wp-json\/wp\/v2\/comments?post=224455"}],"version-history":[{"count":2,"href":"https:\/\/www.cuballama.com\/noticias\/wp-json\/wp\/v2\/posts\/224455\/revisions"}],"predecessor-version":[{"id":224464,"href":"https:\/\/www.cuballama.com\/noticias\/wp-json\/wp\/v2\/posts\/224455\/revisions\/224464"}],"wp:featuredmedia":[{"embeddable":true,"href":"https:\/\/www.cuballama.com\/noticias\/wp-json\/wp\/v2\/media\/224463"}],"wp:attachment":[{"href":"https:\/\/www.cuballama.com\/noticias\/wp-json\/wp\/v2\/media?parent=224455"}],"wp:term":[{"taxonomy":"category","embeddable":true,"href":"https:\/\/www.cuballama.com\/noticias\/wp-json\/wp\/v2\/categories?post=224455"},{"taxonomy":"post_tag","embeddable":true,"href":"https:\/\/www.cuballama.com\/noticias\/wp-json\/wp\/v2\/tags?post=224455"}],"curies":[{"name":"wp","href":"https:\/\/api.w.org\/{rel}","templated":true}]}}