{"id":224347,"date":"2025-10-30T08:48:33","date_gmt":"2025-10-30T12:48:33","guid":{"rendered":"https:\/\/www.cuballama.com\/noticias\/?p=224347"},"modified":"2025-10-30T09:28:32","modified_gmt":"2025-10-30T13:28:32","slug":"revelan-detalles-de-la-agresion-a-emily-estefan-a-manos-de-su-pareja-gememy-hernandez","status":"publish","type":"post","link":"https:\/\/www.cuballama.com\/noticias\/revelan-detalles-de-la-agresion-a-emily-estefan-a-manos-de-su-pareja-gememy-hernandez\/","title":{"rendered":"Revelan detalles de la agresi\u00f3n a Emily Estefan a manos de su pareja Gemeny Hern\u00e1ndez"},"content":{"rendered":"\n<p>Un episodio de violencia dom\u00e9stica sacudi\u00f3 esta semana a la familia Estefan. Gemeny Hern\u00e1ndez, pareja de la cantante y compositora cubanoamericana Emily Estefan \u2014hija menor de Gloria y Emilio Estefan\u2014 fue arrestada el martes en su residencia de Miami tras protagonizar un altercado que termin\u00f3 con cargos formales y una orden de alejamiento.<\/p>\n\n\n\n<p>Seg\u00fan el informe policial, divulgado este jueves por People En Espa\u00f1ol, los agentes respondieron a una llamada de emergencia y detuvieron a Hern\u00e1ndez bajo acusaciones de robo con violencia y agresi\u00f3n menor, en un incidente que, aunque no identifica a la v\u00edctima por nombre, describe como ocurrido entre <strong>\u201cpareja dom\u00e9stica que convive desde hace ocho a\u00f1os\u201d<\/strong>. Esa descripci\u00f3n coincide con la relaci\u00f3n que mantienen Emily y Gemeny desde 2017.<\/p>\n\n\n\n<figure class=\"wp-block-image size-large\"><img loading=\"lazy\" decoding=\"async\" width=\"918\" height=\"1024\" src=\"https:\/\/cdn1.mediawpaccore.net\/wp-content\/uploads\/2025\/10\/30084533\/Captura-de-pantalla-2025-10-30-a-las-13.36.14-918x1024.png\" alt=\"\" class=\"wp-image-224375\" srcset=\"https:\/\/cdn1.mediawpaccore.net\/wp-content\/uploads\/2025\/10\/30084533\/Captura-de-pantalla-2025-10-30-a-las-13.36.14-918x1024.png 918w, https:\/\/cdn1.mediawpaccore.net\/wp-content\/uploads\/2025\/10\/30084533\/Captura-de-pantalla-2025-10-30-a-las-13.36.14-269x300.png 269w, https:\/\/cdn1.mediawpaccore.net\/wp-content\/uploads\/2025\/10\/30084533\/Captura-de-pantalla-2025-10-30-a-las-13.36.14-768x857.png 768w, https:\/\/cdn1.mediawpaccore.net\/wp-content\/uploads\/2025\/10\/30084533\/Captura-de-pantalla-2025-10-30-a-las-13.36.14-377x420.png 377w, https:\/\/cdn1.mediawpaccore.net\/wp-content\/uploads\/2025\/10\/30084533\/Captura-de-pantalla-2025-10-30-a-las-13.36.14-150x167.png 150w, https:\/\/cdn1.mediawpaccore.net\/wp-content\/uploads\/2025\/10\/30084533\/Captura-de-pantalla-2025-10-30-a-las-13.36.14-300x335.png 300w, https:\/\/cdn1.mediawpaccore.net\/wp-content\/uploads\/2025\/10\/30084533\/Captura-de-pantalla-2025-10-30-a-las-13.36.14-696x776.png 696w, https:\/\/cdn1.mediawpaccore.net\/wp-content\/uploads\/2025\/10\/30084533\/Captura-de-pantalla-2025-10-30-a-las-13.36.14-1068x1191.png 1068w, https:\/\/cdn1.mediawpaccore.net\/wp-content\/uploads\/2025\/10\/30084533\/Captura-de-pantalla-2025-10-30-a-las-13.36.14.png 1160w\" sizes=\"auto, (max-width: 918px) 100vw, 918px\" \/><\/figure>\n\n\n\n<p>El documento, firmado por los oficiales de la polic\u00eda de Miami, relata con detalle el forcejeo que habr\u00eda desatado el conflicto. \u201cLa v\u00edctima dio una declaraci\u00f3n jurada en la que afirma que la acusada le tom\u00f3 por la fuerza su celular de la mano y le dio con el celular. Se produjo un forcejeo por el celular y la v\u00edctima logr\u00f3 recuperarlo y ponerlo en el bolsillo de sus shorts\u201d, se lee en el reporte.<\/p>\n\n\n\n<p>El forcejeo continu\u00f3. \u201cMientras las dos segu\u00edan forcejeando, la acusada agarr\u00f3 el bolsillo de los shorts y pudo volver a tomar por la fuerza el celular de la v\u00edctima\u201d, prosigue el texto. Seg\u00fan el mismo informe, ambas \u201ccayeron al suelo mientras la lucha por el tel\u00e9fono segu\u00eda\u201d. La v\u00edctima habr\u00eda logrado recuperar finalmente el dispositivo y esconderlo bajo su cuerpo para detener la pelea.<\/p>\n\n\n\n<figure class=\"wp-block-image size-large\"><img loading=\"lazy\" decoding=\"async\" width=\"903\" height=\"1024\" src=\"https:\/\/cdn1.mediawpaccore.net\/wp-content\/uploads\/2025\/10\/30084548\/Captura-de-pantalla-2025-10-30-a-las-13.36.54-903x1024.png\" alt=\"\" class=\"wp-image-224376\" srcset=\"https:\/\/cdn1.mediawpaccore.net\/wp-content\/uploads\/2025\/10\/30084548\/Captura-de-pantalla-2025-10-30-a-las-13.36.54-903x1024.png 903w, https:\/\/cdn1.mediawpaccore.net\/wp-content\/uploads\/2025\/10\/30084548\/Captura-de-pantalla-2025-10-30-a-las-13.36.54-265x300.png 265w, https:\/\/cdn1.mediawpaccore.net\/wp-content\/uploads\/2025\/10\/30084548\/Captura-de-pantalla-2025-10-30-a-las-13.36.54-768x871.png 768w, https:\/\/cdn1.mediawpaccore.net\/wp-content\/uploads\/2025\/10\/30084548\/Captura-de-pantalla-2025-10-30-a-las-13.36.54-370x420.png 370w, https:\/\/cdn1.mediawpaccore.net\/wp-content\/uploads\/2025\/10\/30084548\/Captura-de-pantalla-2025-10-30-a-las-13.36.54-150x170.png 150w, https:\/\/cdn1.mediawpaccore.net\/wp-content\/uploads\/2025\/10\/30084548\/Captura-de-pantalla-2025-10-30-a-las-13.36.54-300x340.png 300w, https:\/\/cdn1.mediawpaccore.net\/wp-content\/uploads\/2025\/10\/30084548\/Captura-de-pantalla-2025-10-30-a-las-13.36.54-696x789.png 696w, https:\/\/cdn1.mediawpaccore.net\/wp-content\/uploads\/2025\/10\/30084548\/Captura-de-pantalla-2025-10-30-a-las-13.36.54-1068x1211.png 1068w, https:\/\/cdn1.mediawpaccore.net\/wp-content\/uploads\/2025\/10\/30084548\/Captura-de-pantalla-2025-10-30-a-las-13.36.54.png 1092w\" sizes=\"auto, (max-width: 903px) 100vw, 903px\" \/><\/figure>\n\n\n\n<p>Una vez separadas, la v\u00edctima llam\u00f3 al 911. Como resultado del enfrentamiento, sufri\u00f3 <strong>\u201cheridas menores en forma de una contusi\u00f3n en el ojo izquierdo y ara\u00f1azos en el lado derecho del cuello\u201d<\/strong>, especifica el reporte policial.<\/p>\n\n\n\n<p>Por su parte, Gemeny Hern\u00e1ndez, tras ser informada de sus derechos, neg\u00f3 haber arrebatado el tel\u00e9fono a su pareja con la intenci\u00f3n de robarlo, aunque reconoci\u00f3 su participaci\u00f3n en \u201cun altercado f\u00edsico\u201d. Esa admisi\u00f3n qued\u00f3 reflejada en el documento oficial.<\/p>\n\n\n\n<blockquote class=\"instagram-media\" data-instgrm-captioned data-instgrm-permalink=\"https:\/\/www.instagram.com\/reel\/DQaoU7fiM-d\/?utm_source=ig_embed&amp;utm_campaign=loading\" data-instgrm-version=\"14\" style=\" background:#FFF; border:0; border-radius:3px; box-shadow:0 0 1px 0 rgba(0,0,0,0.5),0 1px 10px 0 rgba(0,0,0,0.15); margin: 1px; max-width:540px; min-width:326px; padding:0; width:99.375%; width:-webkit-calc(100% - 2px); width:calc(100% - 2px);\"><div style=\"padding:16px;\"> <a href=\"https:\/\/www.instagram.com\/reel\/DQaoU7fiM-d\/?utm_source=ig_embed&amp;utm_campaign=loading\" style=\" background:#FFFFFF; line-height:0; padding:0 0; text-align:center; text-decoration:none; width:100%;\" target=\"_blank\"> <div style=\" display: flex; flex-direction: row; align-items: center;\"> <div style=\"background-color: #F4F4F4; border-radius: 50%; flex-grow: 0; height: 40px; margin-right: 14px; width: 40px;\"><\/div> <div style=\"display: flex; flex-direction: column; flex-grow: 1; justify-content: center;\"> <div style=\" background-color: #F4F4F4; border-radius: 4px; flex-grow: 0; height: 14px; margin-bottom: 6px; width: 100px;\"><\/div> <div style=\" background-color: #F4F4F4; border-radius: 4px; flex-grow: 0; height: 14px; width: 60px;\"><\/div><\/div><\/div><div style=\"padding: 19% 0;\"><\/div> <div style=\"display:block; height:50px; margin:0 auto 12px; width:50px;\"><svg width=\"50px\" height=\"50px\" viewBox=\"0 0 60 60\" version=\"1.1\" xmlns=\"https:\/\/www.w3.org\/2000\/svg\" xmlns:xlink=\"https:\/\/www.w3.org\/1999\/xlink\"><g stroke=\"none\" stroke-width=\"1\" fill=\"none\" fill-rule=\"evenodd\"><g transform=\"translate(-511.000000, -20.000000)\" fill=\"#000000\"><g><path d=\"M556.869,30.41 C554.814,30.41 553.148,32.076 553.148,34.131 C553.148,36.186 554.814,37.852 556.869,37.852 C558.924,37.852 560.59,36.186 560.59,34.131 C560.59,32.076 558.924,30.41 556.869,30.41 M541,60.657 C535.114,60.657 530.342,55.887 530.342,50 C530.342,44.114 535.114,39.342 541,39.342 C546.887,39.342 551.658,44.114 551.658,50 C551.658,55.887 546.887,60.657 541,60.657 M541,33.886 C532.1,33.886 524.886,41.1 524.886,50 C524.886,58.899 532.1,66.113 541,66.113 C549.9,66.113 557.115,58.899 557.115,50 C557.115,41.1 549.9,33.886 541,33.886 M565.378,62.101 C565.244,65.022 564.756,66.606 564.346,67.663 C563.803,69.06 563.154,70.057 562.106,71.106 C561.058,72.155 560.06,72.803 558.662,73.347 C557.607,73.757 556.021,74.244 553.102,74.378 C549.944,74.521 548.997,74.552 541,74.552 C533.003,74.552 532.056,74.521 528.898,74.378 C525.979,74.244 524.393,73.757 523.338,73.347 C521.94,72.803 520.942,72.155 519.894,71.106 C518.846,70.057 518.197,69.06 517.654,67.663 C517.244,66.606 516.755,65.022 516.623,62.101 C516.479,58.943 516.448,57.996 516.448,50 C516.448,42.003 516.479,41.056 516.623,37.899 C516.755,34.978 517.244,33.391 517.654,32.338 C518.197,30.938 518.846,29.942 519.894,28.894 C520.942,27.846 521.94,27.196 523.338,26.654 C524.393,26.244 525.979,25.756 528.898,25.623 C532.057,25.479 533.004,25.448 541,25.448 C548.997,25.448 549.943,25.479 553.102,25.623 C556.021,25.756 557.607,26.244 558.662,26.654 C560.06,27.196 561.058,27.846 562.106,28.894 C563.154,29.942 563.803,30.938 564.346,32.338 C564.756,33.391 565.244,34.978 565.378,37.899 C565.522,41.056 565.552,42.003 565.552,50 C565.552,57.996 565.522,58.943 565.378,62.101 M570.82,37.631 C570.674,34.438 570.167,32.258 569.425,30.349 C568.659,28.377 567.633,26.702 565.965,25.035 C564.297,23.368 562.623,22.342 560.652,21.575 C558.743,20.834 556.562,20.326 553.369,20.18 C550.169,20.033 549.148,20 541,20 C532.853,20 531.831,20.033 528.631,20.18 C525.438,20.326 523.257,20.834 521.349,21.575 C519.376,22.342 517.703,23.368 516.035,25.035 C514.368,26.702 513.342,28.377 512.574,30.349 C511.834,32.258 511.326,34.438 511.181,37.631 C511.035,40.831 511,41.851 511,50 C511,58.147 511.035,59.17 511.181,62.369 C511.326,65.562 511.834,67.743 512.574,69.651 C513.342,71.625 514.368,73.296 516.035,74.965 C517.703,76.634 519.376,77.658 521.349,78.425 C523.257,79.167 525.438,79.673 528.631,79.82 C531.831,79.965 532.853,80.001 541,80.001 C549.148,80.001 550.169,79.965 553.369,79.82 C556.562,79.673 558.743,79.167 560.652,78.425 C562.623,77.658 564.297,76.634 565.965,74.965 C567.633,73.296 568.659,71.625 569.425,69.651 C570.167,67.743 570.674,65.562 570.82,62.369 C570.966,59.17 571,58.147 571,50 C571,41.851 570.966,40.831 570.82,37.631\"><\/path><\/g><\/g><\/g><\/svg><\/div><div style=\"padding-top: 8px;\"> <div style=\" color:#3897f0; font-family:Arial,sans-serif; font-size:14px; font-style:normal; font-weight:550; line-height:18px;\">Ver esta publicaci\u00f3n en Instagram<\/div><\/div><div style=\"padding: 12.5% 0;\"><\/div> <div style=\"display: flex; flex-direction: row; margin-bottom: 14px; align-items: center;\"><div> <div style=\"background-color: #F4F4F4; border-radius: 50%; height: 12.5px; width: 12.5px; transform: translateX(0px) translateY(7px);\"><\/div> <div style=\"background-color: #F4F4F4; height: 12.5px; transform: rotate(-45deg) translateX(3px) translateY(1px); width: 12.5px; flex-grow: 0; margin-right: 14px; margin-left: 2px;\"><\/div> <div style=\"background-color: #F4F4F4; border-radius: 50%; height: 12.5px; width: 12.5px; transform: translateX(9px) translateY(-18px);\"><\/div><\/div><div style=\"margin-left: 8px;\"> <div style=\" background-color: #F4F4F4; border-radius: 50%; flex-grow: 0; height: 20px; width: 20px;\"><\/div> <div style=\" width: 0; height: 0; border-top: 2px solid transparent; border-left: 6px solid #f4f4f4; border-bottom: 2px solid transparent; transform: translateX(16px) translateY(-4px) rotate(30deg)\"><\/div><\/div><div style=\"margin-left: auto;\"> <div style=\" width: 0px; border-top: 8px solid #F4F4F4; border-right: 8px solid transparent; transform: translateY(16px);\"><\/div> <div style=\" background-color: #F4F4F4; flex-grow: 0; height: 12px; width: 16px; transform: translateY(-4px);\"><\/div> <div style=\" width: 0; height: 0; border-top: 8px solid #F4F4F4; border-left: 8px solid transparent; transform: translateY(-4px) translateX(8px);\"><\/div><\/div><\/div> <div style=\"display: flex; flex-direction: column; flex-grow: 1; justify-content: center; margin-bottom: 24px;\"> <div style=\" background-color: #F4F4F4; border-radius: 4px; flex-grow: 0; height: 14px; margin-bottom: 6px; width: 224px;\"><\/div> <div style=\" background-color: #F4F4F4; border-radius: 4px; flex-grow: 0; height: 14px; width: 144px;\"><\/div><\/div><\/a><p style=\" color:#c9c8cd; font-family:Arial,sans-serif; font-size:14px; line-height:17px; margin-bottom:0; margin-top:8px; overflow:hidden; padding:8px 0 7px; text-align:center; text-overflow:ellipsis; white-space:nowrap;\"><a href=\"https:\/\/www.instagram.com\/reel\/DQaoU7fiM-d\/?utm_source=ig_embed&amp;utm_campaign=loading\" style=\" color:#c9c8cd; font-family:Arial,sans-serif; font-size:14px; font-style:normal; font-weight:normal; line-height:17px; text-decoration:none;\" target=\"_blank\">Una publicaci\u00f3n compartida de Telemundo51 (@telemundo51)<\/a><\/p><\/div><\/blockquote>\n<script async src=\"\/\/www.instagram.com\/embed.js\"><\/script>\n\n\n\n<p>Los registros judiciales del condado de Miami-Dade confirman que Hern\u00e1ndez enfrenta tres cargos en total: dos por <strong><em>robbery\/strongarm <\/em><\/strong>(robo con fuerza), ambos clasificados como felon\u00edas o delitos graves, y un tercero por <strong><em>battery<\/em><\/strong> (agresi\u00f3n f\u00edsica), tipificado como delito menor o misdemeanor.<\/p>\n\n\n\n<p><strong>Lea m\u00e1s: <a href=\"https:\/\/www.cuballama.com\/noticias\/gloria-estefan-celebra-la-relacion-de-su-hija-emily-con-otra-mujer-quien-soy-yo-para-decirle-a-quien-amar\/\" target=\"_blank\" rel=\"noreferrer noopener\">Gloria Estefan celebra la relaci\u00f3n de su hija Emily con otra mujer: \u201c\u00bfQui\u00e9n soy yo para decirle a qui\u00e9n amar?\u201d<\/a><\/strong><\/p>\n\n\n\n<p>El caso fue inscrito bajo la categor\u00eda \u201cFelony Domestic Crimes\u201d (delitos dom\u00e9sticos graves), y los movimientos judiciales m\u00e1s recientes, todos fechados el 29 de octubre de 2025, incluyen una orden de alejamiento previa al juicio, la asignaci\u00f3n de un defensor p\u00fablico y la fijaci\u00f3n de <strong>una fianza de 2.500 d\u00f3lares para el primer cargo y 500 para el tercero.<\/strong><\/p>\n\n\n\n<figure class=\"wp-block-image size-large\"><img loading=\"lazy\" decoding=\"async\" width=\"903\" height=\"1024\" src=\"https:\/\/cdn1.mediawpaccore.net\/wp-content\/uploads\/2025\/10\/30084554\/Captura-de-pantalla-2025-10-30-a-las-13.38.19-903x1024.png\" alt=\"\" class=\"wp-image-224377\" srcset=\"https:\/\/cdn1.mediawpaccore.net\/wp-content\/uploads\/2025\/10\/30084554\/Captura-de-pantalla-2025-10-30-a-las-13.38.19-903x1024.png 903w, https:\/\/cdn1.mediawpaccore.net\/wp-content\/uploads\/2025\/10\/30084554\/Captura-de-pantalla-2025-10-30-a-las-13.38.19-265x300.png 265w, https:\/\/cdn1.mediawpaccore.net\/wp-content\/uploads\/2025\/10\/30084554\/Captura-de-pantalla-2025-10-30-a-las-13.38.19-768x871.png 768w, https:\/\/cdn1.mediawpaccore.net\/wp-content\/uploads\/2025\/10\/30084554\/Captura-de-pantalla-2025-10-30-a-las-13.38.19-370x420.png 370w, https:\/\/cdn1.mediawpaccore.net\/wp-content\/uploads\/2025\/10\/30084554\/Captura-de-pantalla-2025-10-30-a-las-13.38.19-150x170.png 150w, https:\/\/cdn1.mediawpaccore.net\/wp-content\/uploads\/2025\/10\/30084554\/Captura-de-pantalla-2025-10-30-a-las-13.38.19-300x340.png 300w, https:\/\/cdn1.mediawpaccore.net\/wp-content\/uploads\/2025\/10\/30084554\/Captura-de-pantalla-2025-10-30-a-las-13.38.19-696x789.png 696w, https:\/\/cdn1.mediawpaccore.net\/wp-content\/uploads\/2025\/10\/30084554\/Captura-de-pantalla-2025-10-30-a-las-13.38.19-1068x1211.png 1068w, https:\/\/cdn1.mediawpaccore.net\/wp-content\/uploads\/2025\/10\/30084554\/Captura-de-pantalla-2025-10-30-a-las-13.38.19.png 1092w\" sizes=\"auto, (max-width: 903px) 100vw, 903px\" \/><\/figure>\n\n\n\n<p>Aunque el documento judicial no ofrece m\u00e1s detalles sobre el contexto de la pelea ni sobre el estado actual de la relaci\u00f3n entre ambas, el caso ha generado un notable revuelo medi\u00e1tico en Miami y entre los seguidores de la familia Estefan, uno de los clanes m\u00e1s reconocidos del \u00e1mbito art\u00edstico latino.<\/p>\n\n\n\n<p>Emily Estefan, de 30 a\u00f1os, ha cultivado una carrera musical discreta pero respetada, con influencias de jazz, soul y ritmos afrocubanos, mientras que Gemeny Hern\u00e1ndez ha sido durante a\u00f1os su compa\u00f1era de vida y colaboradora creativa. Su relaci\u00f3n, visible y abierta en redes sociales, hab\u00eda sido hasta ahora s\u00edmbolo de una pareja s\u00f3lida y comprometida.<\/p>\n","protected":false},"excerpt":{"rendered":"<p>Los registros judiciales del condado de Miami-Dade confirman que Hern\u00e1ndez enfrenta tres cargos en total<\/p>\n","protected":false},"author":27,"featured_media":224370,"comment_status":"open","ping_status":"closed","sticky":false,"template":"","format":"standard","meta":{"_acf_changed":false,"footnotes":""},"categories":[443],"tags":[252,2803,28906,256,5834],"class_list":{"0":"post-224347","1":"post","2":"type-post","3":"status-publish","4":"format-standard","5":"has-post-thumbnail","7":"category-farandula","8":"tag-artistas-cubanos","9":"tag-emily-estefan","10":"tag-gemeny-hernandez","11":"tag-miami","12":"tag-violencia-domestica"},"acf":[],"yoast_head":"<!-- This site is optimized with the Yoast SEO plugin v27.5 - https:\/\/yoast.com\/product\/yoast-seo-wordpress\/ -->\n<title>Revelan detalles de la agresi\u00f3n a Emily Estefan a manos de su pareja Gemeny Hern\u00e1ndez - Cuballama Noticias<\/title>\n<meta name=\"description\" content=\"Emily sufri\u00f3 \u201cheridas menores en forma de una contusi\u00f3n en el ojo izquierdo y ara\u00f1azos en el lado derecho del cuello\u201d\" \/>\n<meta name=\"robots\" content=\"index, follow, max-snippet:-1, max-image-preview:large, max-video-preview:-1\" \/>\n<link rel=\"canonical\" href=\"https:\/\/www.cuballama.com\/noticias\/revelan-detalles-de-la-agresion-a-emily-estefan-a-manos-de-su-pareja-gememy-hernandez\/\" \/>\n<meta property=\"og:locale\" content=\"es_ES\" \/>\n<meta property=\"og:type\" content=\"article\" \/>\n<meta property=\"og:title\" content=\"Revelan detalles de la agresi\u00f3n a Emily Estefan a manos de su pareja Gemeny Hern\u00e1ndez - Cuballama Noticias\" \/>\n<meta property=\"og:description\" content=\"Emily sufri\u00f3 \u201cheridas menores en forma de una contusi\u00f3n en el ojo izquierdo y ara\u00f1azos en el lado derecho del cuello\u201d\" \/>\n<meta property=\"og:url\" content=\"https:\/\/www.cuballama.com\/noticias\/revelan-detalles-de-la-agresion-a-emily-estefan-a-manos-de-su-pareja-gememy-hernandez\/\" \/>\n<meta property=\"og:site_name\" content=\"Cuballama Noticias\" \/>\n<meta property=\"article:publisher\" content=\"https:\/\/www.facebook.com\/CubaLlama\" \/>\n<meta property=\"article:published_time\" content=\"2025-10-30T12:48:33+00:00\" \/>\n<meta property=\"article:modified_time\" content=\"2025-10-30T13:28:32+00:00\" \/>\n<meta property=\"og:image\" content=\"https:\/\/cdn1.mediawpaccore.net\/wp-content\/uploads\/2025\/10\/30084009\/Captura-de-pantalla-2025-10-30-a-las-13.35.19.png\" \/>\n\t<meta property=\"og:image:width\" content=\"1348\" \/>\n\t<meta property=\"og:image:height\" content=\"860\" \/>\n\t<meta property=\"og:image:type\" content=\"image\/png\" \/>\n<meta name=\"author\" content=\"Rafa\" \/>\n<meta name=\"twitter:card\" content=\"summary_large_image\" \/>\n<meta name=\"twitter:creator\" content=\"@cuballama\" \/>\n<meta name=\"twitter:site\" content=\"@cuballama\" \/>\n<meta name=\"twitter:label1\" content=\"Escrito por\" \/>\n\t<meta name=\"twitter:data1\" content=\"Rafa\" \/>\n\t<meta name=\"twitter:label2\" content=\"Tiempo de lectura\" \/>\n\t<meta name=\"twitter:data2\" content=\"4 minutos\" \/>\n<script type=\"application\/ld+json\" class=\"yoast-schema-graph\">{\"@context\":\"https:\\\/\\\/schema.org\",\"@graph\":[{\"@type\":\"Article\",\"@id\":\"https:\\\/\\\/www.cuballama.com\\\/noticias\\\/revelan-detalles-de-la-agresion-a-emily-estefan-a-manos-de-su-pareja-gememy-hernandez\\\/#article\",\"isPartOf\":{\"@id\":\"https:\\\/\\\/www.cuballama.com\\\/noticias\\\/revelan-detalles-de-la-agresion-a-emily-estefan-a-manos-de-su-pareja-gememy-hernandez\\\/\"},\"author\":{\"name\":\"Rafa\",\"@id\":\"https:\\\/\\\/www.cuballama.com\\\/noticias\\\/#\\\/schema\\\/person\\\/0f97914526a658755f00e59ec2a832f2\"},\"headline\":\"Revelan detalles de la agresi\u00f3n a Emily Estefan a manos de su pareja Gemeny Hern\u00e1ndez\",\"datePublished\":\"2025-10-30T12:48:33+00:00\",\"dateModified\":\"2025-10-30T13:28:32+00:00\",\"mainEntityOfPage\":{\"@id\":\"https:\\\/\\\/www.cuballama.com\\\/noticias\\\/revelan-detalles-de-la-agresion-a-emily-estefan-a-manos-de-su-pareja-gememy-hernandez\\\/\"},\"wordCount\":650,\"commentCount\":0,\"publisher\":{\"@id\":\"https:\\\/\\\/www.cuballama.com\\\/noticias\\\/#organization\"},\"image\":{\"@id\":\"https:\\\/\\\/www.cuballama.com\\\/noticias\\\/revelan-detalles-de-la-agresion-a-emily-estefan-a-manos-de-su-pareja-gememy-hernandez\\\/#primaryimage\"},\"thumbnailUrl\":\"https:\\\/\\\/cdn1.mediawpaccore.net\\\/wp-content\\\/uploads\\\/2025\\\/10\\\/30084009\\\/Captura-de-pantalla-2025-10-30-a-las-13.35.19.png\",\"keywords\":[\"Artistas cubanos\",\"Emily Estefan\",\"Gemeny Hern\u00e1ndez\",\"Miami\",\"violencia dom\u00e9stica\"],\"articleSection\":[\"Far\u00e1ndula\"],\"inLanguage\":\"es\",\"potentialAction\":[{\"@type\":\"CommentAction\",\"name\":\"Comment\",\"target\":[\"https:\\\/\\\/www.cuballama.com\\\/noticias\\\/revelan-detalles-de-la-agresion-a-emily-estefan-a-manos-de-su-pareja-gememy-hernandez\\\/#respond\"]}]},{\"@type\":\"WebPage\",\"@id\":\"https:\\\/\\\/www.cuballama.com\\\/noticias\\\/revelan-detalles-de-la-agresion-a-emily-estefan-a-manos-de-su-pareja-gememy-hernandez\\\/\",\"url\":\"https:\\\/\\\/www.cuballama.com\\\/noticias\\\/revelan-detalles-de-la-agresion-a-emily-estefan-a-manos-de-su-pareja-gememy-hernandez\\\/\",\"name\":\"Revelan detalles de la agresi\u00f3n a Emily Estefan a manos de su pareja Gemeny Hern\u00e1ndez - Cuballama Noticias\",\"isPartOf\":{\"@id\":\"https:\\\/\\\/www.cuballama.com\\\/noticias\\\/#website\"},\"primaryImageOfPage\":{\"@id\":\"https:\\\/\\\/www.cuballama.com\\\/noticias\\\/revelan-detalles-de-la-agresion-a-emily-estefan-a-manos-de-su-pareja-gememy-hernandez\\\/#primaryimage\"},\"image\":{\"@id\":\"https:\\\/\\\/www.cuballama.com\\\/noticias\\\/revelan-detalles-de-la-agresion-a-emily-estefan-a-manos-de-su-pareja-gememy-hernandez\\\/#primaryimage\"},\"thumbnailUrl\":\"https:\\\/\\\/cdn1.mediawpaccore.net\\\/wp-content\\\/uploads\\\/2025\\\/10\\\/30084009\\\/Captura-de-pantalla-2025-10-30-a-las-13.35.19.png\",\"datePublished\":\"2025-10-30T12:48:33+00:00\",\"dateModified\":\"2025-10-30T13:28:32+00:00\",\"description\":\"Emily sufri\u00f3 \u201cheridas menores en forma de una contusi\u00f3n en el ojo izquierdo y ara\u00f1azos en el lado derecho del cuello\u201d\",\"breadcrumb\":{\"@id\":\"https:\\\/\\\/www.cuballama.com\\\/noticias\\\/revelan-detalles-de-la-agresion-a-emily-estefan-a-manos-de-su-pareja-gememy-hernandez\\\/#breadcrumb\"},\"inLanguage\":\"es\",\"potentialAction\":[{\"@type\":\"ReadAction\",\"target\":[\"https:\\\/\\\/www.cuballama.com\\\/noticias\\\/revelan-detalles-de-la-agresion-a-emily-estefan-a-manos-de-su-pareja-gememy-hernandez\\\/\"]}]},{\"@type\":\"ImageObject\",\"inLanguage\":\"es\",\"@id\":\"https:\\\/\\\/www.cuballama.com\\\/noticias\\\/revelan-detalles-de-la-agresion-a-emily-estefan-a-manos-de-su-pareja-gememy-hernandez\\\/#primaryimage\",\"url\":\"https:\\\/\\\/cdn1.mediawpaccore.net\\\/wp-content\\\/uploads\\\/2025\\\/10\\\/30084009\\\/Captura-de-pantalla-2025-10-30-a-las-13.35.19.png\",\"contentUrl\":\"https:\\\/\\\/cdn1.mediawpaccore.net\\\/wp-content\\\/uploads\\\/2025\\\/10\\\/30084009\\\/Captura-de-pantalla-2025-10-30-a-las-13.35.19.png\",\"width\":1348,\"height\":860,\"caption\":\"Foto: Emily Estefan\\\/Instagram\"},{\"@type\":\"BreadcrumbList\",\"@id\":\"https:\\\/\\\/www.cuballama.com\\\/noticias\\\/revelan-detalles-de-la-agresion-a-emily-estefan-a-manos-de-su-pareja-gememy-hernandez\\\/#breadcrumb\",\"itemListElement\":[{\"@type\":\"ListItem\",\"position\":1,\"name\":\"Home\",\"item\":\"https:\\\/\\\/www.cuballama.com\\\/noticias\\\/\"},{\"@type\":\"ListItem\",\"position\":2,\"name\":\"Revelan detalles de la agresi\u00f3n a Emily Estefan a manos de su pareja Gemeny Hern\u00e1ndez\"}]},{\"@type\":\"WebSite\",\"@id\":\"https:\\\/\\\/www.cuballama.com\\\/noticias\\\/#website\",\"url\":\"https:\\\/\\\/www.cuballama.com\\\/noticias\\\/\",\"name\":\"Cuballama Noticias\",\"description\":\"Medio digital sobre Cuba y el mundo\",\"publisher\":{\"@id\":\"https:\\\/\\\/www.cuballama.com\\\/noticias\\\/#organization\"},\"potentialAction\":[{\"@type\":\"SearchAction\",\"target\":{\"@type\":\"EntryPoint\",\"urlTemplate\":\"https:\\\/\\\/www.cuballama.com\\\/noticias\\\/?s={search_term_string}\"},\"query-input\":{\"@type\":\"PropertyValueSpecification\",\"valueRequired\":true,\"valueName\":\"search_term_string\"}}],\"inLanguage\":\"es\"},{\"@type\":\"Organization\",\"@id\":\"https:\\\/\\\/www.cuballama.com\\\/noticias\\\/#organization\",\"name\":\"Cuballama\",\"url\":\"https:\\\/\\\/www.cuballama.com\\\/noticias\\\/\",\"logo\":{\"@type\":\"ImageObject\",\"inLanguage\":\"es\",\"@id\":\"https:\\\/\\\/www.cuballama.com\\\/noticias\\\/#\\\/schema\\\/logo\\\/image\\\/\",\"url\":\"https:\\\/\\\/cdn1.mediawpaccore.net\\\/wp-content\\\/uploads\\\/2021\\\/12\\\/28171206\\\/cbll-logo-color-sm.png\",\"contentUrl\":\"https:\\\/\\\/cdn1.mediawpaccore.net\\\/wp-content\\\/uploads\\\/2021\\\/12\\\/28171206\\\/cbll-logo-color-sm.png\",\"width\":600,\"height\":133,\"caption\":\"Cuballama\"},\"image\":{\"@id\":\"https:\\\/\\\/www.cuballama.com\\\/noticias\\\/#\\\/schema\\\/logo\\\/image\\\/\"},\"sameAs\":[\"https:\\\/\\\/www.facebook.com\\\/CubaLlama\",\"https:\\\/\\\/x.com\\\/cuballama\",\"https:\\\/\\\/www.instagram.com\\\/stories\\\/cuballama_oficial\\\/\",\"https:\\\/\\\/www.youtube.com\\\/channel\\\/UCKkFE-d_axENGZcrc4as0IA\"]},{\"@type\":\"Person\",\"@id\":\"https:\\\/\\\/www.cuballama.com\\\/noticias\\\/#\\\/schema\\\/person\\\/0f97914526a658755f00e59ec2a832f2\",\"name\":\"Rafa\",\"url\":\"https:\\\/\\\/www.cuballama.com\\\/noticias\\\/author\\\/rafa\\\/\"}]}<\/script>\n<!-- \/ Yoast SEO plugin. -->","yoast_head_json":{"title":"Revelan detalles de la agresi\u00f3n a Emily Estefan a manos de su pareja Gemeny Hern\u00e1ndez - Cuballama Noticias","description":"Emily sufri\u00f3 \u201cheridas menores en forma de una contusi\u00f3n en el ojo izquierdo y ara\u00f1azos en el lado derecho del cuello\u201d","robots":{"index":"index","follow":"follow","max-snippet":"max-snippet:-1","max-image-preview":"max-image-preview:large","max-video-preview":"max-video-preview:-1"},"canonical":"https:\/\/www.cuballama.com\/noticias\/revelan-detalles-de-la-agresion-a-emily-estefan-a-manos-de-su-pareja-gememy-hernandez\/","og_locale":"es_ES","og_type":"article","og_title":"Revelan detalles de la agresi\u00f3n a Emily Estefan a manos de su pareja Gemeny Hern\u00e1ndez - Cuballama Noticias","og_description":"Emily sufri\u00f3 \u201cheridas menores en forma de una contusi\u00f3n en el ojo izquierdo y ara\u00f1azos en el lado derecho del cuello\u201d","og_url":"https:\/\/www.cuballama.com\/noticias\/revelan-detalles-de-la-agresion-a-emily-estefan-a-manos-de-su-pareja-gememy-hernandez\/","og_site_name":"Cuballama Noticias","article_publisher":"https:\/\/www.facebook.com\/CubaLlama","article_published_time":"2025-10-30T12:48:33+00:00","article_modified_time":"2025-10-30T13:28:32+00:00","og_image":[{"width":1348,"height":860,"url":"https:\/\/cdn1.mediawpaccore.net\/wp-content\/uploads\/2025\/10\/30084009\/Captura-de-pantalla-2025-10-30-a-las-13.35.19.png","type":"image\/png"}],"author":"Rafa","twitter_card":"summary_large_image","twitter_creator":"@cuballama","twitter_site":"@cuballama","twitter_misc":{"Escrito por":"Rafa","Tiempo de lectura":"4 minutos"},"schema":{"@context":"https:\/\/schema.org","@graph":[{"@type":"Article","@id":"https:\/\/www.cuballama.com\/noticias\/revelan-detalles-de-la-agresion-a-emily-estefan-a-manos-de-su-pareja-gememy-hernandez\/#article","isPartOf":{"@id":"https:\/\/www.cuballama.com\/noticias\/revelan-detalles-de-la-agresion-a-emily-estefan-a-manos-de-su-pareja-gememy-hernandez\/"},"author":{"name":"Rafa","@id":"https:\/\/www.cuballama.com\/noticias\/#\/schema\/person\/0f97914526a658755f00e59ec2a832f2"},"headline":"Revelan detalles de la agresi\u00f3n a Emily Estefan a manos de su pareja Gemeny Hern\u00e1ndez","datePublished":"2025-10-30T12:48:33+00:00","dateModified":"2025-10-30T13:28:32+00:00","mainEntityOfPage":{"@id":"https:\/\/www.cuballama.com\/noticias\/revelan-detalles-de-la-agresion-a-emily-estefan-a-manos-de-su-pareja-gememy-hernandez\/"},"wordCount":650,"commentCount":0,"publisher":{"@id":"https:\/\/www.cuballama.com\/noticias\/#organization"},"image":{"@id":"https:\/\/www.cuballama.com\/noticias\/revelan-detalles-de-la-agresion-a-emily-estefan-a-manos-de-su-pareja-gememy-hernandez\/#primaryimage"},"thumbnailUrl":"https:\/\/cdn1.mediawpaccore.net\/wp-content\/uploads\/2025\/10\/30084009\/Captura-de-pantalla-2025-10-30-a-las-13.35.19.png","keywords":["Artistas cubanos","Emily Estefan","Gemeny Hern\u00e1ndez","Miami","violencia dom\u00e9stica"],"articleSection":["Far\u00e1ndula"],"inLanguage":"es","potentialAction":[{"@type":"CommentAction","name":"Comment","target":["https:\/\/www.cuballama.com\/noticias\/revelan-detalles-de-la-agresion-a-emily-estefan-a-manos-de-su-pareja-gememy-hernandez\/#respond"]}]},{"@type":"WebPage","@id":"https:\/\/www.cuballama.com\/noticias\/revelan-detalles-de-la-agresion-a-emily-estefan-a-manos-de-su-pareja-gememy-hernandez\/","url":"https:\/\/www.cuballama.com\/noticias\/revelan-detalles-de-la-agresion-a-emily-estefan-a-manos-de-su-pareja-gememy-hernandez\/","name":"Revelan detalles de la agresi\u00f3n a Emily Estefan a manos de su pareja Gemeny Hern\u00e1ndez - Cuballama Noticias","isPartOf":{"@id":"https:\/\/www.cuballama.com\/noticias\/#website"},"primaryImageOfPage":{"@id":"https:\/\/www.cuballama.com\/noticias\/revelan-detalles-de-la-agresion-a-emily-estefan-a-manos-de-su-pareja-gememy-hernandez\/#primaryimage"},"image":{"@id":"https:\/\/www.cuballama.com\/noticias\/revelan-detalles-de-la-agresion-a-emily-estefan-a-manos-de-su-pareja-gememy-hernandez\/#primaryimage"},"thumbnailUrl":"https:\/\/cdn1.mediawpaccore.net\/wp-content\/uploads\/2025\/10\/30084009\/Captura-de-pantalla-2025-10-30-a-las-13.35.19.png","datePublished":"2025-10-30T12:48:33+00:00","dateModified":"2025-10-30T13:28:32+00:00","description":"Emily sufri\u00f3 \u201cheridas menores en forma de una contusi\u00f3n en el ojo izquierdo y ara\u00f1azos en el lado derecho del cuello\u201d","breadcrumb":{"@id":"https:\/\/www.cuballama.com\/noticias\/revelan-detalles-de-la-agresion-a-emily-estefan-a-manos-de-su-pareja-gememy-hernandez\/#breadcrumb"},"inLanguage":"es","potentialAction":[{"@type":"ReadAction","target":["https:\/\/www.cuballama.com\/noticias\/revelan-detalles-de-la-agresion-a-emily-estefan-a-manos-de-su-pareja-gememy-hernandez\/"]}]},{"@type":"ImageObject","inLanguage":"es","@id":"https:\/\/www.cuballama.com\/noticias\/revelan-detalles-de-la-agresion-a-emily-estefan-a-manos-de-su-pareja-gememy-hernandez\/#primaryimage","url":"https:\/\/cdn1.mediawpaccore.net\/wp-content\/uploads\/2025\/10\/30084009\/Captura-de-pantalla-2025-10-30-a-las-13.35.19.png","contentUrl":"https:\/\/cdn1.mediawpaccore.net\/wp-content\/uploads\/2025\/10\/30084009\/Captura-de-pantalla-2025-10-30-a-las-13.35.19.png","width":1348,"height":860,"caption":"Foto: Emily Estefan\/Instagram"},{"@type":"BreadcrumbList","@id":"https:\/\/www.cuballama.com\/noticias\/revelan-detalles-de-la-agresion-a-emily-estefan-a-manos-de-su-pareja-gememy-hernandez\/#breadcrumb","itemListElement":[{"@type":"ListItem","position":1,"name":"Home","item":"https:\/\/www.cuballama.com\/noticias\/"},{"@type":"ListItem","position":2,"name":"Revelan detalles de la agresi\u00f3n a Emily Estefan a manos de su pareja Gemeny Hern\u00e1ndez"}]},{"@type":"WebSite","@id":"https:\/\/www.cuballama.com\/noticias\/#website","url":"https:\/\/www.cuballama.com\/noticias\/","name":"Cuballama Noticias","description":"Medio digital sobre Cuba y el mundo","publisher":{"@id":"https:\/\/www.cuballama.com\/noticias\/#organization"},"potentialAction":[{"@type":"SearchAction","target":{"@type":"EntryPoint","urlTemplate":"https:\/\/www.cuballama.com\/noticias\/?s={search_term_string}"},"query-input":{"@type":"PropertyValueSpecification","valueRequired":true,"valueName":"search_term_string"}}],"inLanguage":"es"},{"@type":"Organization","@id":"https:\/\/www.cuballama.com\/noticias\/#organization","name":"Cuballama","url":"https:\/\/www.cuballama.com\/noticias\/","logo":{"@type":"ImageObject","inLanguage":"es","@id":"https:\/\/www.cuballama.com\/noticias\/#\/schema\/logo\/image\/","url":"https:\/\/cdn1.mediawpaccore.net\/wp-content\/uploads\/2021\/12\/28171206\/cbll-logo-color-sm.png","contentUrl":"https:\/\/cdn1.mediawpaccore.net\/wp-content\/uploads\/2021\/12\/28171206\/cbll-logo-color-sm.png","width":600,"height":133,"caption":"Cuballama"},"image":{"@id":"https:\/\/www.cuballama.com\/noticias\/#\/schema\/logo\/image\/"},"sameAs":["https:\/\/www.facebook.com\/CubaLlama","https:\/\/x.com\/cuballama","https:\/\/www.instagram.com\/stories\/cuballama_oficial\/","https:\/\/www.youtube.com\/channel\/UCKkFE-d_axENGZcrc4as0IA"]},{"@type":"Person","@id":"https:\/\/www.cuballama.com\/noticias\/#\/schema\/person\/0f97914526a658755f00e59ec2a832f2","name":"Rafa","url":"https:\/\/www.cuballama.com\/noticias\/author\/rafa\/"}]}},"_links":{"self":[{"href":"https:\/\/www.cuballama.com\/noticias\/wp-json\/wp\/v2\/posts\/224347","targetHints":{"allow":["GET"]}}],"collection":[{"href":"https:\/\/www.cuballama.com\/noticias\/wp-json\/wp\/v2\/posts"}],"about":[{"href":"https:\/\/www.cuballama.com\/noticias\/wp-json\/wp\/v2\/types\/post"}],"author":[{"embeddable":true,"href":"https:\/\/www.cuballama.com\/noticias\/wp-json\/wp\/v2\/users\/27"}],"replies":[{"embeddable":true,"href":"https:\/\/www.cuballama.com\/noticias\/wp-json\/wp\/v2\/comments?post=224347"}],"version-history":[{"count":3,"href":"https:\/\/www.cuballama.com\/noticias\/wp-json\/wp\/v2\/posts\/224347\/revisions"}],"predecessor-version":[{"id":224407,"href":"https:\/\/www.cuballama.com\/noticias\/wp-json\/wp\/v2\/posts\/224347\/revisions\/224407"}],"wp:featuredmedia":[{"embeddable":true,"href":"https:\/\/www.cuballama.com\/noticias\/wp-json\/wp\/v2\/media\/224370"}],"wp:attachment":[{"href":"https:\/\/www.cuballama.com\/noticias\/wp-json\/wp\/v2\/media?parent=224347"}],"wp:term":[{"taxonomy":"category","embeddable":true,"href":"https:\/\/www.cuballama.com\/noticias\/wp-json\/wp\/v2\/categories?post=224347"},{"taxonomy":"post_tag","embeddable":true,"href":"https:\/\/www.cuballama.com\/noticias\/wp-json\/wp\/v2\/tags?post=224347"}],"curies":[{"name":"wp","href":"https:\/\/api.w.org\/{rel}","templated":true}]}}