{"id":224341,"date":"2025-10-30T10:10:13","date_gmt":"2025-10-30T14:10:13","guid":{"rendered":"https:\/\/www.cuballama.com\/noticias\/?p=224341"},"modified":"2025-10-30T10:10:16","modified_gmt":"2025-10-30T14:10:16","slug":"cuba-gano-en-la-onu-pero-su-fallida-lectura-geopolitica-la-aisla-cada-vez-mas","status":"publish","type":"post","link":"https:\/\/www.cuballama.com\/noticias\/cuba-gano-en-la-onu-pero-su-fallida-lectura-geopolitica-la-aisla-cada-vez-mas\/","title":{"rendered":"Cuba \u00abgan\u00f3\u00bb en la ONU, pero su fallida lectura geopol\u00edtica la aisla cada vez m\u00e1s"},"content":{"rendered":"\n<h2 class=\"wp-block-heading\">Cuba \u201cgana\u201d en la ONU, pero pierde aliados: c\u00f3mo cambi\u00f3 el voto del embargo en 2025<\/h2>\n\n\n\n<p>Cada octubre, La Habana exhibe su \u201cvictoria\u201d en la Asamblea General: una abrumadora mayor\u00eda de pa\u00edses condena el embargo estadounidense. Este a\u00f1o no fue la excepci\u00f3n. La resoluci\u00f3n se aprob\u00f3 con 165 votos a favor, 7 en contra y 12 abstenciones, muy lejos del marcador r\u00e9cord de 187-2 del a\u00f1o pasado, pero aun as\u00ed contundente en t\u00e9rminos formales.<\/p>\n\n\n\n<p>La diferencia, sin embargo, est\u00e1 en la pol\u00edtica: la foto de 2025 no muestra a Cuba m\u00e1s acompa\u00f1ada, sino m\u00e1s sola. <em><a href=\"https:\/\/www.reuters.com\/world\/americas\/us-fails-make-big-dent-un-vote-calling-end-cuba-embargo-2025-10-29\/\" target=\"_blank\" rel=\"noreferrer noopener nofollow\">Reuters<\/a><\/em> resumi\u00f3 el giro: adem\u00e1s de Estados Unidos e Israel, se sumaron a los votos en contra Argentina, Hungr\u00eda, Macedonia del Norte, Paraguay y Ucrania, mientras una docena de pa\u00edses se movieron a la abstenci\u00f3n. <\/p>\n\n\n\n<p><a href=\"https:\/\/press.un.org\/en\/2025\/ga12723.doc.htm\" target=\"_blank\" rel=\"noreferrer noopener nofollow\">Es el peor resultado para La Habana en m\u00e1s de tres d\u00e9cadas <\/a>de esta liturgia anual y revela una erosi\u00f3n real del consenso que antes parec\u00eda inamovible.<\/p>\n\n\n\n<p>El dato argentino pesa por su simbolismo regional: Buenos Aires rompi\u00f3 con d\u00e9cadas de voto contra el embargo y acompa\u00f1\u00f3 a Washington, en l\u00ednea con la doctrina Milei. <\/p>\n\n\n\n<p>Ese giro no es coyuntural: expresa una lectura ideol\u00f3gica de la pol\u00edtica exterior y un reposicionamiento hacia Estados Unidos que <em><a href=\"https:\/\/www.batimes.com.ar\/news\/amp\/latin-america\/argentina-backs-us-embargo-on-cuba-breaking-with-decades-of-policy.phtml\" target=\"_blank\" rel=\"noreferrer noopener nofollow\">Buenos Aires Times<\/a><\/em> describi\u00f3 como un \u201cquiebre hist\u00f3rico\u201d. Paraguay hizo lo propio, otro indicador de que parte de Am\u00e9rica Latina est\u00e1 menos dispuesta a regalarle triunfos diplom\u00e1ticos a La Habana, se\u00f1ala por su parte la agencia <a href=\"https:\/\/efe.com\/en\/latest-news\/2025-10-29\/majority-of-un-general-assembly-backs-end-us-blockade-cuba\/\">EFE<\/a>.<\/p>\n\n\n\n<p>El bloque de las abstenciones tambi\u00e9n habla: <a href=\"https:\/\/www.miamiherald.com\/news\/nation-world\/world\/americas\/cuba\/article312692765.html\" target=\"_blank\" rel=\"noreferrer noopener nofollow\">seg\u00fan recab\u00f3 la prensa de Miami<\/a>, pa\u00edses como Costa Rica, Ecuador, Albania, Bosnia-Herzegovina, Marruecos, Moldavia y Ruman\u00eda optaron por no acompa\u00f1ar a Cuba. No es un respaldo a Washington, pero s\u00ed una se\u00f1al de distancia frente a una Habana alineada con Mosc\u00fa en plena guerra. <\/p>\n\n\n\n<p>Ese contexto se endureci\u00f3 el mismo d\u00eda de la votaci\u00f3n, con Ucrania cerrando su embajada en La Habana y denunciando la <a href=\"https:\/\/kyivindependent.com\/ukraine-closes-embassy-in-cuba-over-russian-military-recruitment\/\" target=\"_blank\" rel=\"noreferrer noopener nofollow\">captaci\u00f3n de combatientes cubanos para el frente ruso<\/a>, un asunto que Cuba niega oficialmente pero que ha tensado las capitales europeas y americanas. <\/p>\n\n\n\n<p><strong>noticia relacionada: <a href=\"https:\/\/www.cuballama.com\/noticias\/ucrania-anuncia-cierre-de-su-embajada-en-la-habana-recordamos-el-deseo-del-presidente-cubano-de-exito-a-putin-en-su-guerra\/\">Ucrania anuncia cierre de su embajada en La Habana: \u201cRecordamos el deseo del presidente cubano de \u2018\u00e9xito\u2019 a Putin en su guerra\u00bb<\/a><\/strong><\/p>\n\n\n\n<p>La Habana, por su parte, insiste en que el embargo es una violaci\u00f3n a los derechos humanos y que explica buena parte del colapso econ\u00f3mico interno de la isla. <\/p>\n\n\n\n<p>Ese alegato sigue encontrando eco en la Asamblea, pero rinde menos fuera del edificio de cristal. La misma nota de <a href=\"https:\/\/www.reuters.com\/world\/americas\/us-fails-make-big-dent-un-vote-calling-end-cuba-embargo-2025-10-29\/\" target=\"_blank\" rel=\"noreferrer noopener nofollow\">Reuters <\/a>que trae el conteo subraya el nuevo campo de batalla: Washington ha colocado la relaci\u00f3n Cuba\u2013Rusia en el centro del debate y, con ello, ha achicado el margen de maniobra diplom\u00e1tica de la isla. <\/p>\n\n\n\n<p>La resoluci\u00f3n de la ONU es no vinculante; para levantar el embargo hace falta el Congreso de EE. UU., y hoy no hay voluntad pol\u00edtica. Cuba puede celebrar el ritual, pero no traduce esa \u201cvictoria\u201d en cambios concretos. <\/p>\n\n\n\n<p>La lectura geopol\u00edtica fallida de La Habana \u2014apoyo pol\u00edtico a Rusia, discurso refractario a reformas de mercado, represi\u00f3n dom\u00e9stica y un \u00e9xodo que vac\u00eda legitimidades\u2014 se cobra un precio. Cuando pa\u00edses que antes la acompa\u00f1aban ahora se abstienen o votan en contra, el mensaje es claro: la empat\u00eda hist\u00f3rica con el embargo no alcanza para cubrir silencios en derechos humanos ni alineamientos peligrosos. <\/p>\n\n\n\n<p>La \u201cvictoria\u201d anual sigue en el marcador, pero la cancha se inclin\u00f3. La ONU le recuerda al mundo que el embargo existe; los votos que pierde Cuba recuerdan que su soledad tambi\u00e9n.<\/p>\n","protected":false},"excerpt":{"rendered":"<p>La \u201cvictoria\u201d anual sigue en el marcador, pero la cancha se inclin\u00f3. La ONU le recuerda al mundo que el embargo existe; los votos que pierde Cuba recuerdan que su soledad tambi\u00e9n.<\/p>\n","protected":false},"author":13,"featured_media":138393,"comment_status":"open","ping_status":"closed","sticky":false,"template":"","format":"standard","meta":{"_acf_changed":false,"footnotes":""},"categories":[18,955],"tags":[1398,305,11,2864,941,7174,1491,602,1340,2157,5068],"class_list":{"0":"post-224341","1":"post","2":"type-post","3":"status-publish","4":"format-standard","5":"has-post-thumbnail","7":"category-noticias","8":"category-noticias-de-cuba","9":"tag-america-latina","10":"tag-argentina","11":"tag-cuba","12":"tag-derechos-humanos","13":"tag-destacado","14":"tag-diplomacia","15":"tag-embargo","16":"tag-estados-unidos","17":"tag-onu","18":"tag-rusia","19":"tag-ucrania"},"acf":[],"yoast_head":"<!-- This site is optimized with the Yoast SEO plugin v27.5 - https:\/\/yoast.com\/product\/yoast-seo-wordpress\/ -->\n<title>Cuba &quot;gan\u00f3&quot; en la ONU, pero su fallida lectura geopol\u00edtica la aisla cada vez m\u00e1s - Cuballama Noticias<\/title>\n<meta name=\"description\" content=\"La resoluci\u00f3n anual contra el embargo en la ONU volvi\u00f3 a aprobarse por amplia mayor\u00eda, pero con m\u00e1s votos en contra de Cuba.\" \/>\n<meta name=\"robots\" content=\"index, follow, max-snippet:-1, max-image-preview:large, max-video-preview:-1\" \/>\n<link rel=\"canonical\" href=\"https:\/\/www.cuballama.com\/noticias\/cuba-gano-en-la-onu-pero-su-fallida-lectura-geopolitica-la-aisla-cada-vez-mas\/\" \/>\n<meta property=\"og:locale\" content=\"es_ES\" \/>\n<meta property=\"og:type\" content=\"article\" \/>\n<meta property=\"og:title\" content=\"Cuba &quot;gan\u00f3&quot; en la ONU, pero su fallida lectura geopol\u00edtica la aisla cada vez m\u00e1s - Cuballama Noticias\" \/>\n<meta property=\"og:description\" content=\"La resoluci\u00f3n anual contra el embargo en la ONU volvi\u00f3 a aprobarse por amplia mayor\u00eda, pero con m\u00e1s votos en contra de Cuba.\" \/>\n<meta property=\"og:url\" content=\"https:\/\/www.cuballama.com\/noticias\/cuba-gano-en-la-onu-pero-su-fallida-lectura-geopolitica-la-aisla-cada-vez-mas\/\" \/>\n<meta property=\"og:site_name\" content=\"Cuballama Noticias\" \/>\n<meta property=\"article:publisher\" content=\"https:\/\/www.facebook.com\/CubaLlama\" \/>\n<meta property=\"article:published_time\" content=\"2025-10-30T14:10:13+00:00\" \/>\n<meta property=\"article:modified_time\" content=\"2025-10-30T14:10:16+00:00\" \/>\n<meta property=\"og:image\" content=\"https:\/\/cdn1.mediawpaccore.net\/wp-content\/uploads\/2023\/09\/20074647\/F6bmYCTWcAASkJP.jpeg\" \/>\n\t<meta property=\"og:image:width\" content=\"1195\" \/>\n\t<meta property=\"og:image:height\" content=\"624\" \/>\n\t<meta property=\"og:image:type\" content=\"image\/jpeg\" \/>\n<meta name=\"author\" content=\"Roberto A.\" \/>\n<meta name=\"twitter:card\" content=\"summary_large_image\" \/>\n<meta name=\"twitter:creator\" content=\"@cuballama\" \/>\n<meta name=\"twitter:site\" content=\"@cuballama\" \/>\n<meta name=\"twitter:label1\" content=\"Escrito por\" \/>\n\t<meta name=\"twitter:data1\" content=\"Roberto A.\" \/>\n\t<meta name=\"twitter:label2\" content=\"Tiempo de lectura\" \/>\n\t<meta name=\"twitter:data2\" content=\"3 minutos\" \/>\n<script type=\"application\/ld+json\" class=\"yoast-schema-graph\">{\"@context\":\"https:\\\/\\\/schema.org\",\"@graph\":[{\"@type\":\"Article\",\"@id\":\"https:\\\/\\\/www.cuballama.com\\\/noticias\\\/cuba-gano-en-la-onu-pero-su-fallida-lectura-geopolitica-la-aisla-cada-vez-mas\\\/#article\",\"isPartOf\":{\"@id\":\"https:\\\/\\\/www.cuballama.com\\\/noticias\\\/cuba-gano-en-la-onu-pero-su-fallida-lectura-geopolitica-la-aisla-cada-vez-mas\\\/\"},\"author\":{\"name\":\"Roberto A.\",\"@id\":\"https:\\\/\\\/www.cuballama.com\\\/noticias\\\/#\\\/schema\\\/person\\\/a58502ed4146c8e9f83872e897c76cd2\"},\"headline\":\"Cuba \u00abgan\u00f3\u00bb en la ONU, pero su fallida lectura geopol\u00edtica la aisla cada vez m\u00e1s\",\"datePublished\":\"2025-10-30T14:10:13+00:00\",\"dateModified\":\"2025-10-30T14:10:16+00:00\",\"mainEntityOfPage\":{\"@id\":\"https:\\\/\\\/www.cuballama.com\\\/noticias\\\/cuba-gano-en-la-onu-pero-su-fallida-lectura-geopolitica-la-aisla-cada-vez-mas\\\/\"},\"wordCount\":646,\"commentCount\":0,\"publisher\":{\"@id\":\"https:\\\/\\\/www.cuballama.com\\\/noticias\\\/#organization\"},\"image\":{\"@id\":\"https:\\\/\\\/www.cuballama.com\\\/noticias\\\/cuba-gano-en-la-onu-pero-su-fallida-lectura-geopolitica-la-aisla-cada-vez-mas\\\/#primaryimage\"},\"thumbnailUrl\":\"https:\\\/\\\/cdn1.mediawpaccore.net\\\/wp-content\\\/uploads\\\/2023\\\/09\\\/20074647\\\/F6bmYCTWcAASkJP.jpeg\",\"keywords\":[\"Am\u00e9rica Latina\",\"Argentina\",\"Cuba\",\"derechos humanos\",\"destacado\",\"Diplomacia\",\"Embargo\",\"Estados Unidos\",\"ONU\",\"Rusia\",\"Ucrania\"],\"articleSection\":[\"Noticias\",\"Noticias de Cuba\"],\"inLanguage\":\"es\",\"potentialAction\":[{\"@type\":\"CommentAction\",\"name\":\"Comment\",\"target\":[\"https:\\\/\\\/www.cuballama.com\\\/noticias\\\/cuba-gano-en-la-onu-pero-su-fallida-lectura-geopolitica-la-aisla-cada-vez-mas\\\/#respond\"]}]},{\"@type\":\"WebPage\",\"@id\":\"https:\\\/\\\/www.cuballama.com\\\/noticias\\\/cuba-gano-en-la-onu-pero-su-fallida-lectura-geopolitica-la-aisla-cada-vez-mas\\\/\",\"url\":\"https:\\\/\\\/www.cuballama.com\\\/noticias\\\/cuba-gano-en-la-onu-pero-su-fallida-lectura-geopolitica-la-aisla-cada-vez-mas\\\/\",\"name\":\"Cuba \\\"gan\u00f3\\\" en la ONU, pero su fallida lectura geopol\u00edtica la aisla cada vez m\u00e1s - Cuballama Noticias\",\"isPartOf\":{\"@id\":\"https:\\\/\\\/www.cuballama.com\\\/noticias\\\/#website\"},\"primaryImageOfPage\":{\"@id\":\"https:\\\/\\\/www.cuballama.com\\\/noticias\\\/cuba-gano-en-la-onu-pero-su-fallida-lectura-geopolitica-la-aisla-cada-vez-mas\\\/#primaryimage\"},\"image\":{\"@id\":\"https:\\\/\\\/www.cuballama.com\\\/noticias\\\/cuba-gano-en-la-onu-pero-su-fallida-lectura-geopolitica-la-aisla-cada-vez-mas\\\/#primaryimage\"},\"thumbnailUrl\":\"https:\\\/\\\/cdn1.mediawpaccore.net\\\/wp-content\\\/uploads\\\/2023\\\/09\\\/20074647\\\/F6bmYCTWcAASkJP.jpeg\",\"datePublished\":\"2025-10-30T14:10:13+00:00\",\"dateModified\":\"2025-10-30T14:10:16+00:00\",\"description\":\"La resoluci\u00f3n anual contra el embargo en la ONU volvi\u00f3 a aprobarse por amplia mayor\u00eda, pero con m\u00e1s votos en contra de Cuba.\",\"breadcrumb\":{\"@id\":\"https:\\\/\\\/www.cuballama.com\\\/noticias\\\/cuba-gano-en-la-onu-pero-su-fallida-lectura-geopolitica-la-aisla-cada-vez-mas\\\/#breadcrumb\"},\"inLanguage\":\"es\",\"potentialAction\":[{\"@type\":\"ReadAction\",\"target\":[\"https:\\\/\\\/www.cuballama.com\\\/noticias\\\/cuba-gano-en-la-onu-pero-su-fallida-lectura-geopolitica-la-aisla-cada-vez-mas\\\/\"]}]},{\"@type\":\"ImageObject\",\"inLanguage\":\"es\",\"@id\":\"https:\\\/\\\/www.cuballama.com\\\/noticias\\\/cuba-gano-en-la-onu-pero-su-fallida-lectura-geopolitica-la-aisla-cada-vez-mas\\\/#primaryimage\",\"url\":\"https:\\\/\\\/cdn1.mediawpaccore.net\\\/wp-content\\\/uploads\\\/2023\\\/09\\\/20074647\\\/F6bmYCTWcAASkJP.jpeg\",\"contentUrl\":\"https:\\\/\\\/cdn1.mediawpaccore.net\\\/wp-content\\\/uploads\\\/2023\\\/09\\\/20074647\\\/F6bmYCTWcAASkJP.jpeg\",\"width\":1195,\"height\":624,\"caption\":\"Foto: REFERENCIAL. D\u00edaz-Canel habla en la ONU el 19 de septiembre de 2023. Foto: V\u00eda https:\\\/\\\/twitter.com\\\/DiazCanelB\"},{\"@type\":\"BreadcrumbList\",\"@id\":\"https:\\\/\\\/www.cuballama.com\\\/noticias\\\/cuba-gano-en-la-onu-pero-su-fallida-lectura-geopolitica-la-aisla-cada-vez-mas\\\/#breadcrumb\",\"itemListElement\":[{\"@type\":\"ListItem\",\"position\":1,\"name\":\"Home\",\"item\":\"https:\\\/\\\/www.cuballama.com\\\/noticias\\\/\"},{\"@type\":\"ListItem\",\"position\":2,\"name\":\"Cuba \u00abgan\u00f3\u00bb en la ONU, pero su fallida lectura geopol\u00edtica la aisla cada vez m\u00e1s\"}]},{\"@type\":\"WebSite\",\"@id\":\"https:\\\/\\\/www.cuballama.com\\\/noticias\\\/#website\",\"url\":\"https:\\\/\\\/www.cuballama.com\\\/noticias\\\/\",\"name\":\"Cuballama Noticias\",\"description\":\"Medio digital sobre Cuba y el mundo\",\"publisher\":{\"@id\":\"https:\\\/\\\/www.cuballama.com\\\/noticias\\\/#organization\"},\"potentialAction\":[{\"@type\":\"SearchAction\",\"target\":{\"@type\":\"EntryPoint\",\"urlTemplate\":\"https:\\\/\\\/www.cuballama.com\\\/noticias\\\/?s={search_term_string}\"},\"query-input\":{\"@type\":\"PropertyValueSpecification\",\"valueRequired\":true,\"valueName\":\"search_term_string\"}}],\"inLanguage\":\"es\"},{\"@type\":\"Organization\",\"@id\":\"https:\\\/\\\/www.cuballama.com\\\/noticias\\\/#organization\",\"name\":\"Cuballama\",\"url\":\"https:\\\/\\\/www.cuballama.com\\\/noticias\\\/\",\"logo\":{\"@type\":\"ImageObject\",\"inLanguage\":\"es\",\"@id\":\"https:\\\/\\\/www.cuballama.com\\\/noticias\\\/#\\\/schema\\\/logo\\\/image\\\/\",\"url\":\"https:\\\/\\\/cdn1.mediawpaccore.net\\\/wp-content\\\/uploads\\\/2021\\\/12\\\/28171206\\\/cbll-logo-color-sm.png\",\"contentUrl\":\"https:\\\/\\\/cdn1.mediawpaccore.net\\\/wp-content\\\/uploads\\\/2021\\\/12\\\/28171206\\\/cbll-logo-color-sm.png\",\"width\":600,\"height\":133,\"caption\":\"Cuballama\"},\"image\":{\"@id\":\"https:\\\/\\\/www.cuballama.com\\\/noticias\\\/#\\\/schema\\\/logo\\\/image\\\/\"},\"sameAs\":[\"https:\\\/\\\/www.facebook.com\\\/CubaLlama\",\"https:\\\/\\\/x.com\\\/cuballama\",\"https:\\\/\\\/www.instagram.com\\\/stories\\\/cuballama_oficial\\\/\",\"https:\\\/\\\/www.youtube.com\\\/channel\\\/UCKkFE-d_axENGZcrc4as0IA\"]},{\"@type\":\"Person\",\"@id\":\"https:\\\/\\\/www.cuballama.com\\\/noticias\\\/#\\\/schema\\\/person\\\/a58502ed4146c8e9f83872e897c76cd2\",\"name\":\"Roberto A.\",\"description\":\"Roberto A. Periodista por decisi\u00f3n propia. Interesado en cualquier tema que me apasione y cada vez m\u00e1s comprometido con la verdad y la objetividad period\u00edstica. Graduado en La Habana hace ya muchos a\u00f1os, luego de una accidentada y polvorienta b\u00fasqueda de informaci\u00f3n sobre un tema in\u00e9dito. La Tesis, por cierto, desapareci\u00f3 de la biblioteca y no se conservan copias de la misma.\",\"url\":\"https:\\\/\\\/www.cuballama.com\\\/noticias\\\/author\\\/roberto\\\/\"}]}<\/script>\n<!-- \/ Yoast SEO plugin. -->","yoast_head_json":{"title":"Cuba \"gan\u00f3\" en la ONU, pero su fallida lectura geopol\u00edtica la aisla cada vez m\u00e1s - Cuballama Noticias","description":"La resoluci\u00f3n anual contra el embargo en la ONU volvi\u00f3 a aprobarse por amplia mayor\u00eda, pero con m\u00e1s votos en contra de Cuba.","robots":{"index":"index","follow":"follow","max-snippet":"max-snippet:-1","max-image-preview":"max-image-preview:large","max-video-preview":"max-video-preview:-1"},"canonical":"https:\/\/www.cuballama.com\/noticias\/cuba-gano-en-la-onu-pero-su-fallida-lectura-geopolitica-la-aisla-cada-vez-mas\/","og_locale":"es_ES","og_type":"article","og_title":"Cuba \"gan\u00f3\" en la ONU, pero su fallida lectura geopol\u00edtica la aisla cada vez m\u00e1s - Cuballama Noticias","og_description":"La resoluci\u00f3n anual contra el embargo en la ONU volvi\u00f3 a aprobarse por amplia mayor\u00eda, pero con m\u00e1s votos en contra de Cuba.","og_url":"https:\/\/www.cuballama.com\/noticias\/cuba-gano-en-la-onu-pero-su-fallida-lectura-geopolitica-la-aisla-cada-vez-mas\/","og_site_name":"Cuballama Noticias","article_publisher":"https:\/\/www.facebook.com\/CubaLlama","article_published_time":"2025-10-30T14:10:13+00:00","article_modified_time":"2025-10-30T14:10:16+00:00","og_image":[{"width":1195,"height":624,"url":"https:\/\/cdn1.mediawpaccore.net\/wp-content\/uploads\/2023\/09\/20074647\/F6bmYCTWcAASkJP.jpeg","type":"image\/jpeg"}],"author":"Roberto A.","twitter_card":"summary_large_image","twitter_creator":"@cuballama","twitter_site":"@cuballama","twitter_misc":{"Escrito por":"Roberto A.","Tiempo de lectura":"3 minutos"},"schema":{"@context":"https:\/\/schema.org","@graph":[{"@type":"Article","@id":"https:\/\/www.cuballama.com\/noticias\/cuba-gano-en-la-onu-pero-su-fallida-lectura-geopolitica-la-aisla-cada-vez-mas\/#article","isPartOf":{"@id":"https:\/\/www.cuballama.com\/noticias\/cuba-gano-en-la-onu-pero-su-fallida-lectura-geopolitica-la-aisla-cada-vez-mas\/"},"author":{"name":"Roberto A.","@id":"https:\/\/www.cuballama.com\/noticias\/#\/schema\/person\/a58502ed4146c8e9f83872e897c76cd2"},"headline":"Cuba \u00abgan\u00f3\u00bb en la ONU, pero su fallida lectura geopol\u00edtica la aisla cada vez m\u00e1s","datePublished":"2025-10-30T14:10:13+00:00","dateModified":"2025-10-30T14:10:16+00:00","mainEntityOfPage":{"@id":"https:\/\/www.cuballama.com\/noticias\/cuba-gano-en-la-onu-pero-su-fallida-lectura-geopolitica-la-aisla-cada-vez-mas\/"},"wordCount":646,"commentCount":0,"publisher":{"@id":"https:\/\/www.cuballama.com\/noticias\/#organization"},"image":{"@id":"https:\/\/www.cuballama.com\/noticias\/cuba-gano-en-la-onu-pero-su-fallida-lectura-geopolitica-la-aisla-cada-vez-mas\/#primaryimage"},"thumbnailUrl":"https:\/\/cdn1.mediawpaccore.net\/wp-content\/uploads\/2023\/09\/20074647\/F6bmYCTWcAASkJP.jpeg","keywords":["Am\u00e9rica Latina","Argentina","Cuba","derechos humanos","destacado","Diplomacia","Embargo","Estados Unidos","ONU","Rusia","Ucrania"],"articleSection":["Noticias","Noticias de Cuba"],"inLanguage":"es","potentialAction":[{"@type":"CommentAction","name":"Comment","target":["https:\/\/www.cuballama.com\/noticias\/cuba-gano-en-la-onu-pero-su-fallida-lectura-geopolitica-la-aisla-cada-vez-mas\/#respond"]}]},{"@type":"WebPage","@id":"https:\/\/www.cuballama.com\/noticias\/cuba-gano-en-la-onu-pero-su-fallida-lectura-geopolitica-la-aisla-cada-vez-mas\/","url":"https:\/\/www.cuballama.com\/noticias\/cuba-gano-en-la-onu-pero-su-fallida-lectura-geopolitica-la-aisla-cada-vez-mas\/","name":"Cuba \"gan\u00f3\" en la ONU, pero su fallida lectura geopol\u00edtica la aisla cada vez m\u00e1s - Cuballama Noticias","isPartOf":{"@id":"https:\/\/www.cuballama.com\/noticias\/#website"},"primaryImageOfPage":{"@id":"https:\/\/www.cuballama.com\/noticias\/cuba-gano-en-la-onu-pero-su-fallida-lectura-geopolitica-la-aisla-cada-vez-mas\/#primaryimage"},"image":{"@id":"https:\/\/www.cuballama.com\/noticias\/cuba-gano-en-la-onu-pero-su-fallida-lectura-geopolitica-la-aisla-cada-vez-mas\/#primaryimage"},"thumbnailUrl":"https:\/\/cdn1.mediawpaccore.net\/wp-content\/uploads\/2023\/09\/20074647\/F6bmYCTWcAASkJP.jpeg","datePublished":"2025-10-30T14:10:13+00:00","dateModified":"2025-10-30T14:10:16+00:00","description":"La resoluci\u00f3n anual contra el embargo en la ONU volvi\u00f3 a aprobarse por amplia mayor\u00eda, pero con m\u00e1s votos en contra de Cuba.","breadcrumb":{"@id":"https:\/\/www.cuballama.com\/noticias\/cuba-gano-en-la-onu-pero-su-fallida-lectura-geopolitica-la-aisla-cada-vez-mas\/#breadcrumb"},"inLanguage":"es","potentialAction":[{"@type":"ReadAction","target":["https:\/\/www.cuballama.com\/noticias\/cuba-gano-en-la-onu-pero-su-fallida-lectura-geopolitica-la-aisla-cada-vez-mas\/"]}]},{"@type":"ImageObject","inLanguage":"es","@id":"https:\/\/www.cuballama.com\/noticias\/cuba-gano-en-la-onu-pero-su-fallida-lectura-geopolitica-la-aisla-cada-vez-mas\/#primaryimage","url":"https:\/\/cdn1.mediawpaccore.net\/wp-content\/uploads\/2023\/09\/20074647\/F6bmYCTWcAASkJP.jpeg","contentUrl":"https:\/\/cdn1.mediawpaccore.net\/wp-content\/uploads\/2023\/09\/20074647\/F6bmYCTWcAASkJP.jpeg","width":1195,"height":624,"caption":"Foto: REFERENCIAL. D\u00edaz-Canel habla en la ONU el 19 de septiembre de 2023. Foto: V\u00eda https:\/\/twitter.com\/DiazCanelB"},{"@type":"BreadcrumbList","@id":"https:\/\/www.cuballama.com\/noticias\/cuba-gano-en-la-onu-pero-su-fallida-lectura-geopolitica-la-aisla-cada-vez-mas\/#breadcrumb","itemListElement":[{"@type":"ListItem","position":1,"name":"Home","item":"https:\/\/www.cuballama.com\/noticias\/"},{"@type":"ListItem","position":2,"name":"Cuba \u00abgan\u00f3\u00bb en la ONU, pero su fallida lectura geopol\u00edtica la aisla cada vez m\u00e1s"}]},{"@type":"WebSite","@id":"https:\/\/www.cuballama.com\/noticias\/#website","url":"https:\/\/www.cuballama.com\/noticias\/","name":"Cuballama Noticias","description":"Medio digital sobre Cuba y el mundo","publisher":{"@id":"https:\/\/www.cuballama.com\/noticias\/#organization"},"potentialAction":[{"@type":"SearchAction","target":{"@type":"EntryPoint","urlTemplate":"https:\/\/www.cuballama.com\/noticias\/?s={search_term_string}"},"query-input":{"@type":"PropertyValueSpecification","valueRequired":true,"valueName":"search_term_string"}}],"inLanguage":"es"},{"@type":"Organization","@id":"https:\/\/www.cuballama.com\/noticias\/#organization","name":"Cuballama","url":"https:\/\/www.cuballama.com\/noticias\/","logo":{"@type":"ImageObject","inLanguage":"es","@id":"https:\/\/www.cuballama.com\/noticias\/#\/schema\/logo\/image\/","url":"https:\/\/cdn1.mediawpaccore.net\/wp-content\/uploads\/2021\/12\/28171206\/cbll-logo-color-sm.png","contentUrl":"https:\/\/cdn1.mediawpaccore.net\/wp-content\/uploads\/2021\/12\/28171206\/cbll-logo-color-sm.png","width":600,"height":133,"caption":"Cuballama"},"image":{"@id":"https:\/\/www.cuballama.com\/noticias\/#\/schema\/logo\/image\/"},"sameAs":["https:\/\/www.facebook.com\/CubaLlama","https:\/\/x.com\/cuballama","https:\/\/www.instagram.com\/stories\/cuballama_oficial\/","https:\/\/www.youtube.com\/channel\/UCKkFE-d_axENGZcrc4as0IA"]},{"@type":"Person","@id":"https:\/\/www.cuballama.com\/noticias\/#\/schema\/person\/a58502ed4146c8e9f83872e897c76cd2","name":"Roberto A.","description":"Roberto A. Periodista por decisi\u00f3n propia. Interesado en cualquier tema que me apasione y cada vez m\u00e1s comprometido con la verdad y la objetividad period\u00edstica. Graduado en La Habana hace ya muchos a\u00f1os, luego de una accidentada y polvorienta b\u00fasqueda de informaci\u00f3n sobre un tema in\u00e9dito. La Tesis, por cierto, desapareci\u00f3 de la biblioteca y no se conservan copias de la misma.","url":"https:\/\/www.cuballama.com\/noticias\/author\/roberto\/"}]}},"_links":{"self":[{"href":"https:\/\/www.cuballama.com\/noticias\/wp-json\/wp\/v2\/posts\/224341","targetHints":{"allow":["GET"]}}],"collection":[{"href":"https:\/\/www.cuballama.com\/noticias\/wp-json\/wp\/v2\/posts"}],"about":[{"href":"https:\/\/www.cuballama.com\/noticias\/wp-json\/wp\/v2\/types\/post"}],"author":[{"embeddable":true,"href":"https:\/\/www.cuballama.com\/noticias\/wp-json\/wp\/v2\/users\/13"}],"replies":[{"embeddable":true,"href":"https:\/\/www.cuballama.com\/noticias\/wp-json\/wp\/v2\/comments?post=224341"}],"version-history":[{"count":4,"href":"https:\/\/www.cuballama.com\/noticias\/wp-json\/wp\/v2\/posts\/224341\/revisions"}],"predecessor-version":[{"id":224365,"href":"https:\/\/www.cuballama.com\/noticias\/wp-json\/wp\/v2\/posts\/224341\/revisions\/224365"}],"wp:featuredmedia":[{"embeddable":true,"href":"https:\/\/www.cuballama.com\/noticias\/wp-json\/wp\/v2\/media\/138393"}],"wp:attachment":[{"href":"https:\/\/www.cuballama.com\/noticias\/wp-json\/wp\/v2\/media?parent=224341"}],"wp:term":[{"taxonomy":"category","embeddable":true,"href":"https:\/\/www.cuballama.com\/noticias\/wp-json\/wp\/v2\/categories?post=224341"},{"taxonomy":"post_tag","embeddable":true,"href":"https:\/\/www.cuballama.com\/noticias\/wp-json\/wp\/v2\/tags?post=224341"}],"curies":[{"name":"wp","href":"https:\/\/api.w.org\/{rel}","templated":true}]}}