{"id":224338,"date":"2025-11-02T09:09:40","date_gmt":"2025-11-02T14:09:40","guid":{"rendered":"https:\/\/www.cuballama.com\/noticias\/?p=224338"},"modified":"2025-11-02T09:09:45","modified_gmt":"2025-11-02T14:09:45","slug":"melissa-el-huracan-que-no-nacio-como-un-monstruo-videos","status":"publish","type":"post","link":"https:\/\/www.cuballama.com\/noticias\/melissa-el-huracan-que-no-nacio-como-un-monstruo-videos\/","title":{"rendered":"Melissa: el hurac\u00e1n que no naci\u00f3 como un monstruo (+ videos)"},"content":{"rendered":"\n<h2 class=\"wp-block-heading\">Cronolog\u00eda de Melissa: de la categor\u00eda 5 en Jamaica al azote en Cuba y la amenaza a Bermuda <\/h2>\n\n\n\n<p>El hurac\u00e1n Melissa no naci\u00f3 como un monstruo. A inicios de la tercera semana de octubre, el <a href=\"https:\/\/www.nhc.noaa.gov\/archive\/2025\/MELISSA.shtml\" target=\"_blank\" rel=\"noreferrer noopener nofollow\">Centro Nacional de Huracanes (NHC)<\/a> empez\u00f3 a emitir avisos formales mientras el sistema se organizaba en el Atl\u00e1ntico tropical. Para el martes 21 de octubre ya figuraba en los archivos oficiales con partes p\u00fablicos, discusiones y probabilidades de viento, la rutina t\u00e9cnica que antecede a los grandes titulares y que sit\u00faa hora a hora el pulso del cicl\u00f3n en mapas, radiosondeos y sat\u00e9lites. En sus mensajes clave, <a href=\"https:\/\/www.hurricanes.gov\/graphics_at3.shtml?rainqpf%3Cbr+%2F%3E+%3Cbr+%2F%3ESURF%3A++Swells+generated+by+Melissa\" target=\"_blank\" rel=\"noreferrer noopener nofollow\">el NHC advert\u00eda<\/a> del aumento del oleaje y del riesgo de corrientes de resaca en las Antillas Mayores, una se\u00f1al temprana de que el campo de vientos crecer\u00eda m\u00e1s all\u00e1 del cono de trayectoria.<\/p>\n\n\n\n<p>El giro dram\u00e1tico lleg\u00f3 al filo de la semana del 27. El martes 28 de octubre por la ma\u00f1ana, <em><a href=\"https:\/\/www.reuters.com\/business\/environment\/hurricane-melissa-begins-lashing-jamaica-catastrophic-category-5-storm-2025-10-27\/\" target=\"_blank\" rel=\"noreferrer noopener nofollow\">Reuters<\/a><\/em> describ\u00eda a Melissa como un hurac\u00e1n \u201ccatastr\u00f3fico\u201d de categor\u00eda 5 que comenzaba a azotar Jamaica, con r\u00e1fagas que trepaban a la zona extrema de la escala Saffir-Simpson. Veinticuatro horas m\u00e1s tarde, el propio servicio informativo resum\u00eda el veredicto con una frase contundente: \u201c<a href=\"https:\/\/www.reuters.com\/sustainability\/climate-energy\/wmo-says-hurricane-melissa-will-be-jamaicas-worst-storm-this-century-2025-10-28\/\" target=\"_blank\" rel=\"noreferrer noopener nofollow\">la tormenta m\u00e1s fuerte que jam\u00e1s haya golpeado Jamaica<\/a>\u201d, abriendo paso a la noche m\u00e1s dif\u00edcil que muchos jamaiquinos recuerdan.<\/p>\n\n\n\n<p>En Kingston y en la costa norte, postes arrancados de cuajo, techos volando, \u00e1rboles como f\u00f3sforos. La isla qued\u00f3 mayoritariamente a oscuras y con decenas de miles de personas en refugios. <\/p>\n\n\n\n<iframe loading=\"lazy\" width=\"1179\" height=\"663\" src=\"https:\/\/www.youtube.com\/embed\/rCK1Ez1zycY\" title=\"Fallen Trees, Debris from Hurricane Melissa block roads in Montego Bay as damage surveys continue\" frameborder=\"0\" allow=\"accelerometer; autoplay; clipboard-write; encrypted-media; gyroscope; picture-in-picture; web-share\" referrerpolicy=\"strict-origin-when-cross-origin\" allowfullscreen><\/iframe>\n\n\n\n<p>Al ritmo que avanzaban los recuentos oficiales, agencias como <em><a href=\"https:\/\/apnews.com\/article\/2c4547a7c37002b25c11a1074eaaf7b5\" target=\"_blank\" rel=\"noreferrer noopener nofollow\">AP<\/a><\/em> y <a href=\"https:\/\/www.usatoday.com\/story\/news\/weather\/2025\/10\/30\/hurricane-melissa-live-updates\/76215755007\/\" target=\"_blank\" rel=\"noreferrer noopener nofollow\">USA Today<\/a> lanzaban tableros de actualizaci\u00f3n continua, estableciendo rangos preliminares de fallecidos y da\u00f1os, y alertando que los balances se mover\u00edan con cada hora que cediera el agua en calles y valles.<\/p>\n\n\n\n<iframe loading=\"lazy\" width=\"1179\" height=\"663\" src=\"https:\/\/www.youtube.com\/embed\/lxLwxPzgGXA\" title=\"Jamaican official: At least 4 dead after Hurricane Melissa\" frameborder=\"0\" allow=\"accelerometer; autoplay; clipboard-write; encrypted-media; gyroscope; picture-in-picture; web-share\" referrerpolicy=\"strict-origin-when-cross-origin\" allowfullscreen><\/iframe>\n\n\n\n<p>Mientras en Jamaica se hablaba de \u201cdesastre nacional\u201d, la mirada regional salt\u00f3 a Hait\u00ed. El ojo de Melissa no toc\u00f3 tierra all\u00ed, pero sus bandas de lluvia castigaron con sa\u00f1a cuencas y laderas saturadas. <\/p>\n\n\n\n<p>En Petit-Go\u00e2ve se desbord\u00f3 el r\u00edo y los reportes de muertos comenzaron a escalar con rapidez. <em><a href=\"https:\/\/www.reuters.com\/sustainability\/climate-energy\/hurricane-melissa-hits-cuba-hours-after-devastating-jamaica-2025-10-29\/\" target=\"_blank\" rel=\"noreferrer noopener nofollow\">Reuters<\/a><\/em> contabiliz\u00f3 25 fallecidos en Hait\u00ed, casi todo el total regional de ese corte horario, con miles de desplazados y viviendas arrasadas. <\/p>\n\n\n\n<p>Esa cifra\u2014y otras posteriores\u2014ilustran un punto clave de toda cronolog\u00eda de desastres: los conteos se mueven. A lo largo del 29 y 30 de octubre, distintas cabeceras fijaron cortes entre 29 y 49 decesos en el Caribe, seg\u00fan el momento y el pa\u00eds al que se daba prioridad en el consolidado (<a href=\"https:\/\/www.theguardian.com\/world\/live\/2025\/oct\/30\/hurricane-melissa-jamaica-cuba-haiti-bermuda-caribbean-latest-updates-live\" target=\"_blank\" rel=\"noreferrer noopener nofollow\">The Guardian<\/a> y su directo hablaban de 29; <em><a href=\"https:\/\/apnews.com\/article\/2c4547a7c37002b25c11a1074eaaf7b5\" target=\"_blank\" rel=\"noreferrer noopener nofollow\">AP<\/a><\/em> elev\u00f3 a \u201cal menos 40\u201d; <a href=\"https:\/\/english.elpais.com\/climate\/2025-10-30\/hurricane-melissa-hits-cuba-the-night-lasted-too-long.html\" target=\"_blank\" rel=\"noreferrer noopener nofollow\">EL PA\u00cdS<\/a> en ingl\u00e9s subi\u00f3 el list\u00f3n a 49 tras nuevas confirmaciones).<\/p>\n\n\n\n<p>El 29 por la noche, el tim\u00f3n apunt\u00f3 a Cuba. Melissa entr\u00f3 por la Sierra Maestra como categor\u00eda 3, cruz\u00f3 zonas pobladas del oriente y sali\u00f3 por la costa norte con p\u00e9rdidas severas: tejados levantados como tapas, inundaciones en Santiago de Cuba y Bayamo, postes de alta tensi\u00f3n ca\u00eddos, hospitales da\u00f1ados y localidades incomunicadas. EL PA\u00cdS, con cr\u00f3nica desde La Habana, recogi\u00f3 testimonios que sintetizan el impacto: \u201cla noche dur\u00f3 demasiado\u201d, una frase repetida por familias que no pegaron un ojo con los vientos sostenidos pegando contra puertas y ventanas. <\/p>\n\n\n\n<iframe loading=\"lazy\" width=\"1179\" height=\"663\" src=\"https:\/\/www.youtube.com\/embed\/trDqTsc9AvU\" title=\"Hurricane Melissa hits Cuba, stirs concern in Miami\u2019s Little Havana\" frameborder=\"0\" allow=\"accelerometer; autoplay; clipboard-write; encrypted-media; gyroscope; picture-in-picture; web-share\" referrerpolicy=\"strict-origin-when-cross-origin\" allowfullscreen><\/iframe>\n\n\n\n<p>A la par, <em><a href=\"https:\/\/www.washingtonpost.com\/world\/2025\/10\/29\/hurricane-melissa-cuba-jamaica-flooding-winds\/bdd29e74-b488-11f0-88c1-4e2f98984a34_story.html\" target=\"_blank\" rel=\"noreferrer noopener nofollow\">The Washington Post <\/a><\/em>y <em><a href=\"https:\/\/www.cnn.com\/2025\/10\/29\/americas\/hurricane-melissa-caribbean-storm-damage\/index.html\" target=\"_blank\" rel=\"noreferrer noopener nofollow\">CNN<\/a><\/em> difund\u00edan galer\u00edas y videos que mostraban calles convertidas en r\u00edos y estructuras vencidas en Guant\u00e1namo, Holgu\u00edn y Granma. Las autoridades movilizaron evacuaciones masivas\u2014m\u00e1s de 730.000 personas, seg\u00fan recuentos citados por <a href=\"https:\/\/www.reuters.com\/sustainability\/climate-energy\/hurricane-melissa-hits-cuba-hours-after-devastating-jamaica-2025-10-29\/\" target=\"_blank\" rel=\"noreferrer noopener nofollow\">Reuters<\/a> y <em><a href=\"https:\/\/apnews.com\/article\/2c4547a7c37002b25c11a1074eaaf7b5\" target=\"_blank\" rel=\"noreferrer noopener nofollow\">AP<\/a><\/em>\u2014y admitieron \u201cda\u00f1os cuantiosos\u201d en redes el\u00e9ctricas e infraestructura.<\/p>\n\n\n\n<p>Desde el punto de vista meteorol\u00f3gico, el tr\u00e1nsito por monta\u00f1as le arranc\u00f3 potencia al v\u00f3rtice, pero no desactiv\u00f3 su peligro. El <a href=\"https:\/\/www.nhc.noaa.gov\/text\/refresh\/MIATCPAT3%2Bshtml\/290255.shtml\" target=\"_blank\" rel=\"noreferrer noopener nofollow\">bolet\u00edn #36 del NHC, emitido a las 5:00 a. m. EDT del jueves 30 de octubre<\/a>, situ\u00f3 a Melissa sobre aguas al noreste de Bahamas, con vientos m\u00e1ximos de 105 mph, ya categor\u00eda 2, y una trayectoria que la acercaba a Bermuda en la noche, con la consigna de \u201capresurar\u201d preparativos. En la franja bahame\u00f1a, medios locales y corresponsal\u00edas de NBC detallaron marejadas peligrosas, inundaciones costeras y rachas intensas en islas del sudeste.<\/p>\n\n\n\n<p>La recomendaci\u00f3n fue inequ\u00edvoca: alejarse de zonas bajas, asegurar bienes, mantener radios y m\u00f3viles cargados, y atender a los avisos locales.<\/p>\n\n\n\n<p>En paralelo a los mapas, la cronolog\u00eda social dej\u00f3 sus propios hitos. En Estados Unidos, la di\u00e1spora cubana mir\u00f3 hacia el oriente de la isla con ansiedad: estaciones de televisi\u00f3n regionales en <a href=\"https:\/\/www.nbcconnecticut.com\/news\/local\/cuban-community-in-ct-worries-about-loved-ones-in-aftermath-of-hurricane-melissa\/3462258\" target=\"_blank\" rel=\"noreferrer noopener nofollow\">Connecticut<\/a>, Vermont y Georgia mostraron familias intentando contactar a los suyos entre apagones y antenas ca\u00eddas. <\/p>\n\n\n\n<script type=\"text\/javascript\" charset=\"UTF-8\" \n    src=\"https:\/\/nbcconnecticut.com\/portableplayer\/?CID=1:7:3658167&#038;videoID=2461380163649&#038;origin=nbcconnecticut.com&#038;fullWidth=y&#038;autoplay=true\"><\/script>\n\n\n\n<p>Cronol\u00f3gicamente, el relato puede compactarse as\u00ed: fase de organizaci\u00f3n y avisos (21\u201326 de octubre); intensificaci\u00f3n r\u00e1pida y entrada en Jamaica como categor\u00eda 5 con devastaci\u00f3n hist\u00f3rica (28 de octubre); tr\u00e1nsito al norte de Hait\u00ed con lluvias letales y desplazamientos masivos (28\u201329 de octubre); impacto en el oriente cubano como categor\u00eda 3 con da\u00f1os severos y apagones extensos (noche del 29 al 30); salida al Atl\u00e1ntico occidental, paso por Bahamas con degradaci\u00f3n a categor\u00eda 2 y amenaza a Bermuda (30 de octubre). Cada tramo dej\u00f3 huellas propias: en Jamaica, el r\u00e9cord meteorol\u00f3gico; en Hait\u00ed, la vulnerabilidad cr\u00f3nica exacerbada por lluvias; en Cuba, el choque de un sistema de por s\u00ed agotado con un evento extremo; en Bahamas, la reiteraci\u00f3n de un patr\u00f3n: aunque el ojo se vaya, el mar se queda; y este a la postre hace m\u00e1s da\u00f1o que los vientes. Remember Katrina. <\/p>\n","protected":false},"excerpt":{"rendered":"<p>Cronol\u00f3gicamente, el relato puede compactarse as\u00ed: fase de organizaci\u00f3n y avisos (21\u201326 de octubre); intensificaci\u00f3n r\u00e1pida y entrada en Jamaica como categor\u00eda 5 con devastaci\u00f3n hist\u00f3rica (28 de octubre); tr\u00e1nsito al norte de Hait\u00ed con lluvias letales y desplazamientos masivos (28\u201329 de octubre); impacto en el oriente cubano como categor\u00eda 3 con da\u00f1os severos y apagones extensos (noche del 29 al 30); salida al Atl\u00e1ntico occidental, paso por Bahamas con degradaci\u00f3n a categor\u00eda 2 y amenaza a Bermuda (30 de octubre). Cada tramo dej\u00f3 huellas propias: en Jamaica, el r\u00e9cord meteorol\u00f3gico; en Hait\u00ed, la vulnerabilidad cr\u00f3nica exacerbada por lluvias; en Cuba, el choque de un sistema de por s\u00ed agotado con un evento extremo; en Bahamas, la reiteraci\u00f3n de un patr\u00f3n: aunque el ojo se vaya, el mar se queda; y este a la postre hace m\u00e1s da\u00f1o que los vientes. Remember Katrina.<\/p>\n","protected":false},"author":13,"featured_media":224358,"comment_status":"open","ping_status":"closed","sticky":false,"template":"","format":"standard","meta":{"_acf_changed":false,"footnotes":""},"categories":[18,955,957],"tags":[472,28907,772,383,11,937,1681,28812,1835,10883],"class_list":{"0":"post-224338","1":"post","2":"type-post","3":"status-publish","4":"format-standard","5":"has-post-thumbnail","7":"category-noticias","8":"category-noticias-de-cuba","9":"category-noticias-internacionales","10":"tag-bahamas","11":"tag-bermuda","12":"tag-caribe","13":"tag-clima","14":"tag-cuba","15":"tag-desastres-naturales","16":"tag-haiti","17":"tag-huracan-melissa","18":"tag-jamaica","19":"tag-nhc"},"acf":[],"yoast_head":"<!-- This site is optimized with the Yoast SEO plugin v27.5 - https:\/\/yoast.com\/product\/yoast-seo-wordpress\/ -->\n<title>Melissa: el hurac\u00e1n que no naci\u00f3 como un monstruo (+ videos) - Cuballama Noticias<\/title>\n<meta name=\"description\" content=\"Paso a paso, as\u00ed se intensific\u00f3 y desplaz\u00f3 el hurac\u00e1n Melissa: r\u00e9cord en Jamaica, lluvias mortales en Hait\u00ed, da\u00f1os severos en Cuba.\" \/>\n<meta name=\"robots\" content=\"index, follow, max-snippet:-1, max-image-preview:large, max-video-preview:-1\" \/>\n<link rel=\"canonical\" href=\"https:\/\/www.cuballama.com\/noticias\/melissa-el-huracan-que-no-nacio-como-un-monstruo-videos\/\" \/>\n<meta property=\"og:locale\" content=\"es_ES\" \/>\n<meta property=\"og:type\" content=\"article\" \/>\n<meta property=\"og:title\" content=\"Melissa: el hurac\u00e1n que no naci\u00f3 como un monstruo (+ videos) - Cuballama Noticias\" \/>\n<meta property=\"og:description\" content=\"Paso a paso, as\u00ed se intensific\u00f3 y desplaz\u00f3 el hurac\u00e1n Melissa: r\u00e9cord en Jamaica, lluvias mortales en Hait\u00ed, da\u00f1os severos en Cuba.\" \/>\n<meta property=\"og:url\" content=\"https:\/\/www.cuballama.com\/noticias\/melissa-el-huracan-que-no-nacio-como-un-monstruo-videos\/\" \/>\n<meta property=\"og:site_name\" content=\"Cuballama Noticias\" \/>\n<meta property=\"article:publisher\" content=\"https:\/\/www.facebook.com\/CubaLlama\" \/>\n<meta property=\"article:published_time\" content=\"2025-11-02T14:09:40+00:00\" \/>\n<meta property=\"article:modified_time\" content=\"2025-11-02T14:09:45+00:00\" \/>\n<meta property=\"og:image\" content=\"https:\/\/cdn1.mediawpaccore.net\/wp-content\/uploads\/2025\/10\/30081507\/image-116-1024x523.png\" \/>\n\t<meta property=\"og:image:width\" content=\"1024\" \/>\n\t<meta property=\"og:image:height\" content=\"523\" \/>\n\t<meta property=\"og:image:type\" content=\"image\/png\" \/>\n<meta name=\"author\" content=\"Roberto A.\" \/>\n<meta name=\"twitter:card\" content=\"summary_large_image\" \/>\n<meta name=\"twitter:creator\" content=\"@cuballama\" \/>\n<meta name=\"twitter:site\" content=\"@cuballama\" \/>\n<meta name=\"twitter:label1\" content=\"Escrito por\" \/>\n\t<meta name=\"twitter:data1\" content=\"Roberto A.\" \/>\n\t<meta name=\"twitter:label2\" content=\"Tiempo de lectura\" \/>\n\t<meta name=\"twitter:data2\" content=\"5 minutos\" \/>\n<script type=\"application\/ld+json\" class=\"yoast-schema-graph\">{\"@context\":\"https:\\\/\\\/schema.org\",\"@graph\":[{\"@type\":\"Article\",\"@id\":\"https:\\\/\\\/www.cuballama.com\\\/noticias\\\/melissa-el-huracan-que-no-nacio-como-un-monstruo-videos\\\/#article\",\"isPartOf\":{\"@id\":\"https:\\\/\\\/www.cuballama.com\\\/noticias\\\/melissa-el-huracan-que-no-nacio-como-un-monstruo-videos\\\/\"},\"author\":{\"name\":\"Roberto A.\",\"@id\":\"https:\\\/\\\/www.cuballama.com\\\/noticias\\\/#\\\/schema\\\/person\\\/a58502ed4146c8e9f83872e897c76cd2\"},\"headline\":\"Melissa: el hurac\u00e1n que no naci\u00f3 como un monstruo (+ videos)\",\"datePublished\":\"2025-11-02T14:09:40+00:00\",\"dateModified\":\"2025-11-02T14:09:45+00:00\",\"mainEntityOfPage\":{\"@id\":\"https:\\\/\\\/www.cuballama.com\\\/noticias\\\/melissa-el-huracan-que-no-nacio-como-un-monstruo-videos\\\/\"},\"wordCount\":963,\"commentCount\":0,\"publisher\":{\"@id\":\"https:\\\/\\\/www.cuballama.com\\\/noticias\\\/#organization\"},\"image\":{\"@id\":\"https:\\\/\\\/www.cuballama.com\\\/noticias\\\/melissa-el-huracan-que-no-nacio-como-un-monstruo-videos\\\/#primaryimage\"},\"thumbnailUrl\":\"https:\\\/\\\/cdn1.mediawpaccore.net\\\/wp-content\\\/uploads\\\/2025\\\/10\\\/30081507\\\/image-116.png\",\"keywords\":[\"Bahamas\",\"Bermuda\",\"Caribe\",\"Clima\",\"Cuba\",\"Desastres Naturales\",\"Hait\u00ed\",\"Hurac\u00e1n Melissa\",\"Jamaica\",\"NHC\"],\"articleSection\":[\"Noticias\",\"Noticias de Cuba\",\"Noticias Internacionales\"],\"inLanguage\":\"es\",\"potentialAction\":[{\"@type\":\"CommentAction\",\"name\":\"Comment\",\"target\":[\"https:\\\/\\\/www.cuballama.com\\\/noticias\\\/melissa-el-huracan-que-no-nacio-como-un-monstruo-videos\\\/#respond\"]}]},{\"@type\":\"WebPage\",\"@id\":\"https:\\\/\\\/www.cuballama.com\\\/noticias\\\/melissa-el-huracan-que-no-nacio-como-un-monstruo-videos\\\/\",\"url\":\"https:\\\/\\\/www.cuballama.com\\\/noticias\\\/melissa-el-huracan-que-no-nacio-como-un-monstruo-videos\\\/\",\"name\":\"Melissa: el hurac\u00e1n que no naci\u00f3 como un monstruo (+ videos) - Cuballama Noticias\",\"isPartOf\":{\"@id\":\"https:\\\/\\\/www.cuballama.com\\\/noticias\\\/#website\"},\"primaryImageOfPage\":{\"@id\":\"https:\\\/\\\/www.cuballama.com\\\/noticias\\\/melissa-el-huracan-que-no-nacio-como-un-monstruo-videos\\\/#primaryimage\"},\"image\":{\"@id\":\"https:\\\/\\\/www.cuballama.com\\\/noticias\\\/melissa-el-huracan-que-no-nacio-como-un-monstruo-videos\\\/#primaryimage\"},\"thumbnailUrl\":\"https:\\\/\\\/cdn1.mediawpaccore.net\\\/wp-content\\\/uploads\\\/2025\\\/10\\\/30081507\\\/image-116.png\",\"datePublished\":\"2025-11-02T14:09:40+00:00\",\"dateModified\":\"2025-11-02T14:09:45+00:00\",\"description\":\"Paso a paso, as\u00ed se intensific\u00f3 y desplaz\u00f3 el hurac\u00e1n Melissa: r\u00e9cord en Jamaica, lluvias mortales en Hait\u00ed, da\u00f1os severos en Cuba.\",\"breadcrumb\":{\"@id\":\"https:\\\/\\\/www.cuballama.com\\\/noticias\\\/melissa-el-huracan-que-no-nacio-como-un-monstruo-videos\\\/#breadcrumb\"},\"inLanguage\":\"es\",\"potentialAction\":[{\"@type\":\"ReadAction\",\"target\":[\"https:\\\/\\\/www.cuballama.com\\\/noticias\\\/melissa-el-huracan-que-no-nacio-como-un-monstruo-videos\\\/\"]}]},{\"@type\":\"ImageObject\",\"inLanguage\":\"es\",\"@id\":\"https:\\\/\\\/www.cuballama.com\\\/noticias\\\/melissa-el-huracan-que-no-nacio-como-un-monstruo-videos\\\/#primaryimage\",\"url\":\"https:\\\/\\\/cdn1.mediawpaccore.net\\\/wp-content\\\/uploads\\\/2025\\\/10\\\/30081507\\\/image-116.png\",\"contentUrl\":\"https:\\\/\\\/cdn1.mediawpaccore.net\\\/wp-content\\\/uploads\\\/2025\\\/10\\\/30081507\\\/image-116.png\",\"width\":1834,\"height\":936,\"caption\":\"Foto: Video Screenshot v\u00eda https:\\\/\\\/www.youtube.com\\\/@WPLGLocal10\"},{\"@type\":\"BreadcrumbList\",\"@id\":\"https:\\\/\\\/www.cuballama.com\\\/noticias\\\/melissa-el-huracan-que-no-nacio-como-un-monstruo-videos\\\/#breadcrumb\",\"itemListElement\":[{\"@type\":\"ListItem\",\"position\":1,\"name\":\"Home\",\"item\":\"https:\\\/\\\/www.cuballama.com\\\/noticias\\\/\"},{\"@type\":\"ListItem\",\"position\":2,\"name\":\"Melissa: el hurac\u00e1n que no naci\u00f3 como un monstruo (+ videos)\"}]},{\"@type\":\"WebSite\",\"@id\":\"https:\\\/\\\/www.cuballama.com\\\/noticias\\\/#website\",\"url\":\"https:\\\/\\\/www.cuballama.com\\\/noticias\\\/\",\"name\":\"Cuballama Noticias\",\"description\":\"Medio digital sobre Cuba y el mundo\",\"publisher\":{\"@id\":\"https:\\\/\\\/www.cuballama.com\\\/noticias\\\/#organization\"},\"potentialAction\":[{\"@type\":\"SearchAction\",\"target\":{\"@type\":\"EntryPoint\",\"urlTemplate\":\"https:\\\/\\\/www.cuballama.com\\\/noticias\\\/?s={search_term_string}\"},\"query-input\":{\"@type\":\"PropertyValueSpecification\",\"valueRequired\":true,\"valueName\":\"search_term_string\"}}],\"inLanguage\":\"es\"},{\"@type\":\"Organization\",\"@id\":\"https:\\\/\\\/www.cuballama.com\\\/noticias\\\/#organization\",\"name\":\"Cuballama\",\"url\":\"https:\\\/\\\/www.cuballama.com\\\/noticias\\\/\",\"logo\":{\"@type\":\"ImageObject\",\"inLanguage\":\"es\",\"@id\":\"https:\\\/\\\/www.cuballama.com\\\/noticias\\\/#\\\/schema\\\/logo\\\/image\\\/\",\"url\":\"https:\\\/\\\/cdn1.mediawpaccore.net\\\/wp-content\\\/uploads\\\/2021\\\/12\\\/28171206\\\/cbll-logo-color-sm.png\",\"contentUrl\":\"https:\\\/\\\/cdn1.mediawpaccore.net\\\/wp-content\\\/uploads\\\/2021\\\/12\\\/28171206\\\/cbll-logo-color-sm.png\",\"width\":600,\"height\":133,\"caption\":\"Cuballama\"},\"image\":{\"@id\":\"https:\\\/\\\/www.cuballama.com\\\/noticias\\\/#\\\/schema\\\/logo\\\/image\\\/\"},\"sameAs\":[\"https:\\\/\\\/www.facebook.com\\\/CubaLlama\",\"https:\\\/\\\/x.com\\\/cuballama\",\"https:\\\/\\\/www.instagram.com\\\/stories\\\/cuballama_oficial\\\/\",\"https:\\\/\\\/www.youtube.com\\\/channel\\\/UCKkFE-d_axENGZcrc4as0IA\"]},{\"@type\":\"Person\",\"@id\":\"https:\\\/\\\/www.cuballama.com\\\/noticias\\\/#\\\/schema\\\/person\\\/a58502ed4146c8e9f83872e897c76cd2\",\"name\":\"Roberto A.\",\"description\":\"Roberto A. Periodista por decisi\u00f3n propia. Interesado en cualquier tema que me apasione y cada vez m\u00e1s comprometido con la verdad y la objetividad period\u00edstica. Graduado en La Habana hace ya muchos a\u00f1os, luego de una accidentada y polvorienta b\u00fasqueda de informaci\u00f3n sobre un tema in\u00e9dito. La Tesis, por cierto, desapareci\u00f3 de la biblioteca y no se conservan copias de la misma.\",\"url\":\"https:\\\/\\\/www.cuballama.com\\\/noticias\\\/author\\\/roberto\\\/\"}]}<\/script>\n<!-- \/ Yoast SEO plugin. -->","yoast_head_json":{"title":"Melissa: el hurac\u00e1n que no naci\u00f3 como un monstruo (+ videos) - Cuballama Noticias","description":"Paso a paso, as\u00ed se intensific\u00f3 y desplaz\u00f3 el hurac\u00e1n Melissa: r\u00e9cord en Jamaica, lluvias mortales en Hait\u00ed, da\u00f1os severos en Cuba.","robots":{"index":"index","follow":"follow","max-snippet":"max-snippet:-1","max-image-preview":"max-image-preview:large","max-video-preview":"max-video-preview:-1"},"canonical":"https:\/\/www.cuballama.com\/noticias\/melissa-el-huracan-que-no-nacio-como-un-monstruo-videos\/","og_locale":"es_ES","og_type":"article","og_title":"Melissa: el hurac\u00e1n que no naci\u00f3 como un monstruo (+ videos) - Cuballama Noticias","og_description":"Paso a paso, as\u00ed se intensific\u00f3 y desplaz\u00f3 el hurac\u00e1n Melissa: r\u00e9cord en Jamaica, lluvias mortales en Hait\u00ed, da\u00f1os severos en Cuba.","og_url":"https:\/\/www.cuballama.com\/noticias\/melissa-el-huracan-que-no-nacio-como-un-monstruo-videos\/","og_site_name":"Cuballama Noticias","article_publisher":"https:\/\/www.facebook.com\/CubaLlama","article_published_time":"2025-11-02T14:09:40+00:00","article_modified_time":"2025-11-02T14:09:45+00:00","og_image":[{"width":1024,"height":523,"url":"https:\/\/cdn1.mediawpaccore.net\/wp-content\/uploads\/2025\/10\/30081507\/image-116-1024x523.png","type":"image\/png"}],"author":"Roberto A.","twitter_card":"summary_large_image","twitter_creator":"@cuballama","twitter_site":"@cuballama","twitter_misc":{"Escrito por":"Roberto A.","Tiempo de lectura":"5 minutos"},"schema":{"@context":"https:\/\/schema.org","@graph":[{"@type":"Article","@id":"https:\/\/www.cuballama.com\/noticias\/melissa-el-huracan-que-no-nacio-como-un-monstruo-videos\/#article","isPartOf":{"@id":"https:\/\/www.cuballama.com\/noticias\/melissa-el-huracan-que-no-nacio-como-un-monstruo-videos\/"},"author":{"name":"Roberto A.","@id":"https:\/\/www.cuballama.com\/noticias\/#\/schema\/person\/a58502ed4146c8e9f83872e897c76cd2"},"headline":"Melissa: el hurac\u00e1n que no naci\u00f3 como un monstruo (+ videos)","datePublished":"2025-11-02T14:09:40+00:00","dateModified":"2025-11-02T14:09:45+00:00","mainEntityOfPage":{"@id":"https:\/\/www.cuballama.com\/noticias\/melissa-el-huracan-que-no-nacio-como-un-monstruo-videos\/"},"wordCount":963,"commentCount":0,"publisher":{"@id":"https:\/\/www.cuballama.com\/noticias\/#organization"},"image":{"@id":"https:\/\/www.cuballama.com\/noticias\/melissa-el-huracan-que-no-nacio-como-un-monstruo-videos\/#primaryimage"},"thumbnailUrl":"https:\/\/cdn1.mediawpaccore.net\/wp-content\/uploads\/2025\/10\/30081507\/image-116.png","keywords":["Bahamas","Bermuda","Caribe","Clima","Cuba","Desastres Naturales","Hait\u00ed","Hurac\u00e1n Melissa","Jamaica","NHC"],"articleSection":["Noticias","Noticias de Cuba","Noticias Internacionales"],"inLanguage":"es","potentialAction":[{"@type":"CommentAction","name":"Comment","target":["https:\/\/www.cuballama.com\/noticias\/melissa-el-huracan-que-no-nacio-como-un-monstruo-videos\/#respond"]}]},{"@type":"WebPage","@id":"https:\/\/www.cuballama.com\/noticias\/melissa-el-huracan-que-no-nacio-como-un-monstruo-videos\/","url":"https:\/\/www.cuballama.com\/noticias\/melissa-el-huracan-que-no-nacio-como-un-monstruo-videos\/","name":"Melissa: el hurac\u00e1n que no naci\u00f3 como un monstruo (+ videos) - Cuballama Noticias","isPartOf":{"@id":"https:\/\/www.cuballama.com\/noticias\/#website"},"primaryImageOfPage":{"@id":"https:\/\/www.cuballama.com\/noticias\/melissa-el-huracan-que-no-nacio-como-un-monstruo-videos\/#primaryimage"},"image":{"@id":"https:\/\/www.cuballama.com\/noticias\/melissa-el-huracan-que-no-nacio-como-un-monstruo-videos\/#primaryimage"},"thumbnailUrl":"https:\/\/cdn1.mediawpaccore.net\/wp-content\/uploads\/2025\/10\/30081507\/image-116.png","datePublished":"2025-11-02T14:09:40+00:00","dateModified":"2025-11-02T14:09:45+00:00","description":"Paso a paso, as\u00ed se intensific\u00f3 y desplaz\u00f3 el hurac\u00e1n Melissa: r\u00e9cord en Jamaica, lluvias mortales en Hait\u00ed, da\u00f1os severos en Cuba.","breadcrumb":{"@id":"https:\/\/www.cuballama.com\/noticias\/melissa-el-huracan-que-no-nacio-como-un-monstruo-videos\/#breadcrumb"},"inLanguage":"es","potentialAction":[{"@type":"ReadAction","target":["https:\/\/www.cuballama.com\/noticias\/melissa-el-huracan-que-no-nacio-como-un-monstruo-videos\/"]}]},{"@type":"ImageObject","inLanguage":"es","@id":"https:\/\/www.cuballama.com\/noticias\/melissa-el-huracan-que-no-nacio-como-un-monstruo-videos\/#primaryimage","url":"https:\/\/cdn1.mediawpaccore.net\/wp-content\/uploads\/2025\/10\/30081507\/image-116.png","contentUrl":"https:\/\/cdn1.mediawpaccore.net\/wp-content\/uploads\/2025\/10\/30081507\/image-116.png","width":1834,"height":936,"caption":"Foto: Video Screenshot v\u00eda https:\/\/www.youtube.com\/@WPLGLocal10"},{"@type":"BreadcrumbList","@id":"https:\/\/www.cuballama.com\/noticias\/melissa-el-huracan-que-no-nacio-como-un-monstruo-videos\/#breadcrumb","itemListElement":[{"@type":"ListItem","position":1,"name":"Home","item":"https:\/\/www.cuballama.com\/noticias\/"},{"@type":"ListItem","position":2,"name":"Melissa: el hurac\u00e1n que no naci\u00f3 como un monstruo (+ videos)"}]},{"@type":"WebSite","@id":"https:\/\/www.cuballama.com\/noticias\/#website","url":"https:\/\/www.cuballama.com\/noticias\/","name":"Cuballama Noticias","description":"Medio digital sobre Cuba y el mundo","publisher":{"@id":"https:\/\/www.cuballama.com\/noticias\/#organization"},"potentialAction":[{"@type":"SearchAction","target":{"@type":"EntryPoint","urlTemplate":"https:\/\/www.cuballama.com\/noticias\/?s={search_term_string}"},"query-input":{"@type":"PropertyValueSpecification","valueRequired":true,"valueName":"search_term_string"}}],"inLanguage":"es"},{"@type":"Organization","@id":"https:\/\/www.cuballama.com\/noticias\/#organization","name":"Cuballama","url":"https:\/\/www.cuballama.com\/noticias\/","logo":{"@type":"ImageObject","inLanguage":"es","@id":"https:\/\/www.cuballama.com\/noticias\/#\/schema\/logo\/image\/","url":"https:\/\/cdn1.mediawpaccore.net\/wp-content\/uploads\/2021\/12\/28171206\/cbll-logo-color-sm.png","contentUrl":"https:\/\/cdn1.mediawpaccore.net\/wp-content\/uploads\/2021\/12\/28171206\/cbll-logo-color-sm.png","width":600,"height":133,"caption":"Cuballama"},"image":{"@id":"https:\/\/www.cuballama.com\/noticias\/#\/schema\/logo\/image\/"},"sameAs":["https:\/\/www.facebook.com\/CubaLlama","https:\/\/x.com\/cuballama","https:\/\/www.instagram.com\/stories\/cuballama_oficial\/","https:\/\/www.youtube.com\/channel\/UCKkFE-d_axENGZcrc4as0IA"]},{"@type":"Person","@id":"https:\/\/www.cuballama.com\/noticias\/#\/schema\/person\/a58502ed4146c8e9f83872e897c76cd2","name":"Roberto A.","description":"Roberto A. Periodista por decisi\u00f3n propia. Interesado en cualquier tema que me apasione y cada vez m\u00e1s comprometido con la verdad y la objetividad period\u00edstica. Graduado en La Habana hace ya muchos a\u00f1os, luego de una accidentada y polvorienta b\u00fasqueda de informaci\u00f3n sobre un tema in\u00e9dito. La Tesis, por cierto, desapareci\u00f3 de la biblioteca y no se conservan copias de la misma.","url":"https:\/\/www.cuballama.com\/noticias\/author\/roberto\/"}]}},"_links":{"self":[{"href":"https:\/\/www.cuballama.com\/noticias\/wp-json\/wp\/v2\/posts\/224338","targetHints":{"allow":["GET"]}}],"collection":[{"href":"https:\/\/www.cuballama.com\/noticias\/wp-json\/wp\/v2\/posts"}],"about":[{"href":"https:\/\/www.cuballama.com\/noticias\/wp-json\/wp\/v2\/types\/post"}],"author":[{"embeddable":true,"href":"https:\/\/www.cuballama.com\/noticias\/wp-json\/wp\/v2\/users\/13"}],"replies":[{"embeddable":true,"href":"https:\/\/www.cuballama.com\/noticias\/wp-json\/wp\/v2\/comments?post=224338"}],"version-history":[{"count":6,"href":"https:\/\/www.cuballama.com\/noticias\/wp-json\/wp\/v2\/posts\/224338\/revisions"}],"predecessor-version":[{"id":224360,"href":"https:\/\/www.cuballama.com\/noticias\/wp-json\/wp\/v2\/posts\/224338\/revisions\/224360"}],"wp:featuredmedia":[{"embeddable":true,"href":"https:\/\/www.cuballama.com\/noticias\/wp-json\/wp\/v2\/media\/224358"}],"wp:attachment":[{"href":"https:\/\/www.cuballama.com\/noticias\/wp-json\/wp\/v2\/media?parent=224338"}],"wp:term":[{"taxonomy":"category","embeddable":true,"href":"https:\/\/www.cuballama.com\/noticias\/wp-json\/wp\/v2\/categories?post=224338"},{"taxonomy":"post_tag","embeddable":true,"href":"https:\/\/www.cuballama.com\/noticias\/wp-json\/wp\/v2\/tags?post=224338"}],"curies":[{"name":"wp","href":"https:\/\/api.w.org\/{rel}","templated":true}]}}