{"id":224336,"date":"2025-10-30T10:09:11","date_gmt":"2025-10-30T14:09:11","guid":{"rendered":"https:\/\/www.cuballama.com\/noticias\/?p=224336"},"modified":"2025-10-30T10:09:15","modified_gmt":"2025-10-30T14:09:15","slug":"gloria-stefan-habla-sobre-ice-estados-unidos-y-hace-comparaciones-con-la-cuba-de-la-era-fidel-castro","status":"publish","type":"post","link":"https:\/\/www.cuballama.com\/noticias\/gloria-stefan-habla-sobre-ice-estados-unidos-y-hace-comparaciones-con-la-cuba-de-la-era-fidel-castro\/","title":{"rendered":"Gloria Stefan habla sobre ICE, Estados Unidos y hace comparaciones con la Cuba de la era Fidel Castro"},"content":{"rendered":"\n<p>Gloria Estefan: De el \u201cllevo el pasaporte por si acaso\u201d en El Hormiguero, a comparar el \u201ccrackdown\u201d del ICE con Cuba, en The Daily Beast.<\/p>\n\n\n\n<p>Gloria Estefan vuelve a estar en el platillo informativo y su mensaje se amplifica.<\/p>\n\n\n\n<p>A mediados de mes fue noticia por su presentaci\u00f3n en Espa\u00f1a. Momento ese en el que habl\u00f3 de \u00abmiedo por hablar el espa\u00f1ol\u00bb en Estados Unidos. Hace apenas unas horas, <a href=\"https:\/\/www.cuballama.com\/noticias\/arrestan-a-novia-de-la-hija-de-gloria-estefan-por-robo-y-agresion\/\">la pareja de su hija fue arrestada por violencia dom\u00e9stica<\/a>, justo en el momento en el que ella daba unas declaraciones que no caer\u00e1n bien, para nada, en la comunidad cubana del exilio.<\/p>\n\n\n\n<p>Seg\u00fan recoge el Daily Beast, Stefan compar\u00f3 el actual endurecimiento migratorio en Estados Unidos con pr\u00e1cticas que conoci\u00f3 de ni\u00f1a bajo el castrismo y asegur\u00f3 que hoy lleva siempre su pasaporte estadounidense encima \u201cpor si acaso\u201d. <\/p>\n\n\n\n<p>La artista reforzaba as\u00ed, ahora, el miedo ya expresado cuando estuvo de gira por Madrid. En la entrevista citada por The Daily Beast, donde afirma que conoce casos de personas \u201ccon estatus legal\u201d que fueron detenidas en redadas recientes. El matiz no es menor: la cr\u00edtica no se centra en la existencia de una pol\u00edtica migratoria, sino en la forma y los excesos de su aplicaci\u00f3n, un terreno donde Estefan se coloca desde la experiencia de una di\u00e1spora que ha hecho del miedo una memoria y, tambi\u00e9n, una br\u00fajula; y donde otros migrantes como ella prefieren mirar hacia el lado de Donald Trump y gui\u00f1arle un ojo.<\/p>\n\n\n\n<p><a href=\"https:\/\/elpais.com\/television\/2025-10-03\/gloria-estefan-confiesa-en-el-hormiguero-su-miedo-por-hablar-espanol-en-ee-uu-cargo-con-mi-pasaporte-por-si-acaso.html\" target=\"_blank\" rel=\"noreferrer noopener nofollow\">El Pa\u00eds <\/a>recogi\u00f3 primero el aviso: en su paso por El Hormiguero, Estefan confes\u00f3 que \u201ccarga con el pasaporte por si acaso\u201d, por si hablando espa\u00f1ol \u201calguien escucha y pasa algo\u201d. Unos d\u00edas despu\u00e9s, en la Plaza de Col\u00f3n, la cantante celebr\u00f3 la Hispanidad con un concierto gratuito que deriv\u00f3 en mensaje c\u00edvico: elogio del aporte migrante y una alusi\u00f3n inc\u00f3moda para el marco pol\u00edtico del evento. Fue coherente con lo que ven\u00eda diciendo a medios latinos: apoya la emigraci\u00f3n legal y organizada, pero denuncia tratos degradantes en operativos; escenas de mujeres \u201ctiradas al suelo\u201d frente a sus hijos que, dice, no hab\u00eda visto en seis d\u00e9cadas viviendo en EE. UU.<\/p>\n\n\n\n<p>El nuevo \u00e1ngulo lo aporta ahora <a href=\"https:\/\/www.thedailybeast.com\/gloria-estefan-says-trumps-ice-crackdown-like-castros-cuba\" target=\"_blank\" rel=\"noreferrer noopener nofollow\">The Daily Beast <\/a>al subrayar la comparaci\u00f3n directa: \u201calgunas cosas\u201d de la Am\u00e9rica de hoy le recuerdan a la Cuba de Fidel Castro. <\/p>\n\n\n\n<p>No es un paralelo hist\u00f3rico, es una alarma \u00e9tica. En tiempos de ret\u00f3rica maximalista, su relato aterriza en lo concreto: portar un documento, medir el volumen al hablar espa\u00f1ol, advertir a su familia. Para una figura que ayud\u00f3 a construir la idea de Miami como capital emocional del exilio, la se\u00f1al importa. Marca distancia de la pol\u00edtica del miedo sin dejar de reconocer que hay leyes que cumplir; pone el foco en la administraci\u00f3n de esas leyes y en los derechos que las limitan. <\/p>\n\n\n\n<p>Que una voz pop de consenso cruce esa l\u00ednea y hable de \u201clibertades erosionadas\u201d deber\u00eda obligar a revisar m\u00e9todos, protocolos y rendici\u00f3n de cuentas. Entre el s\u00edmbolo y la an\u00e9cdota, Estefan deja un parte meteorol\u00f3gico de \u00e9poca: la tormenta no es la migraci\u00f3n, es c\u00f3mo se la enfrenta.<\/p>\n","protected":false},"excerpt":{"rendered":"<p>Seg\u00fan recoge el Daily Beast, Stefan compar\u00f3 el actual endurecimiento migratorio en Estados Unidos con pr\u00e1cticas que conoci\u00f3 de ni\u00f1a bajo el castrismo y asegur\u00f3 que hoy lleva siempre su pasaporte estadounidense encima \u201cpor si acaso\u201d. <\/p>\n","protected":false},"author":13,"featured_media":136136,"comment_status":"open","ping_status":"closed","sticky":false,"template":"","format":"standard","meta":{"_acf_changed":false,"footnotes":""},"categories":[443,953],"tags":[1459,941,26566,28908,602,4723,2978,108,340,28909],"class_list":{"0":"post-224336","1":"post","2":"type-post","3":"status-publish","4":"format-standard","5":"has-post-thumbnail","7":"category-farandula","8":"category-usa","9":"tag-derechos-civiles","10":"tag-destacado","11":"tag-diaspora-cubana","12":"tag-el-hormiguero","13":"tag-estados-unidos","14":"tag-gloria-estefan","15":"tag-ice","16":"tag-inmigracion","17":"tag-madrid","18":"tag-the-daily-beast"},"acf":[],"yoast_head":"<!-- This site is optimized with the Yoast SEO plugin v27.5 - https:\/\/yoast.com\/product\/yoast-seo-wordpress\/ -->\n<title>Gloria Stefan habla sobre ICE, Estados Unidos y hace comparaciones con la Cuba de la era Fidel Castro - Cuballama Noticias<\/title>\n<meta name=\"description\" content=\"Gloria Stefan denuncia excesos en operativos migratorios y advierte de \u201clibertades erosionadas\u201d en Estados Unidos.\" \/>\n<meta name=\"robots\" content=\"index, follow, max-snippet:-1, max-image-preview:large, max-video-preview:-1\" \/>\n<link rel=\"canonical\" href=\"https:\/\/www.cuballama.com\/noticias\/gloria-stefan-habla-sobre-ice-estados-unidos-y-hace-comparaciones-con-la-cuba-de-la-era-fidel-castro\/\" \/>\n<meta property=\"og:locale\" content=\"es_ES\" \/>\n<meta property=\"og:type\" content=\"article\" \/>\n<meta property=\"og:title\" content=\"Gloria Stefan habla sobre ICE, Estados Unidos y hace comparaciones con la Cuba de la era Fidel Castro - Cuballama Noticias\" \/>\n<meta property=\"og:description\" content=\"Gloria Stefan denuncia excesos en operativos migratorios y advierte de \u201clibertades erosionadas\u201d en Estados Unidos.\" \/>\n<meta property=\"og:url\" content=\"https:\/\/www.cuballama.com\/noticias\/gloria-stefan-habla-sobre-ice-estados-unidos-y-hace-comparaciones-con-la-cuba-de-la-era-fidel-castro\/\" \/>\n<meta property=\"og:site_name\" content=\"Cuballama Noticias\" \/>\n<meta property=\"article:publisher\" content=\"https:\/\/www.facebook.com\/CubaLlama\" \/>\n<meta property=\"article:published_time\" content=\"2025-10-30T14:09:11+00:00\" \/>\n<meta property=\"article:modified_time\" content=\"2025-10-30T14:09:15+00:00\" \/>\n<meta property=\"og:image\" content=\"https:\/\/cdn1.mediawpaccore.net\/wp-content\/uploads\/2023\/09\/01150949\/shutterstock_6310114-1.jpg\" \/>\n\t<meta property=\"og:image:width\" content=\"1000\" \/>\n\t<meta property=\"og:image:height\" content=\"656\" \/>\n\t<meta property=\"og:image:type\" content=\"image\/jpeg\" \/>\n<meta name=\"author\" content=\"Roberto A.\" \/>\n<meta name=\"twitter:card\" content=\"summary_large_image\" \/>\n<meta name=\"twitter:creator\" content=\"@cuballama\" \/>\n<meta name=\"twitter:site\" content=\"@cuballama\" \/>\n<meta name=\"twitter:label1\" content=\"Escrito por\" \/>\n\t<meta name=\"twitter:data1\" content=\"Roberto A.\" \/>\n\t<meta name=\"twitter:label2\" content=\"Tiempo de lectura\" \/>\n\t<meta name=\"twitter:data2\" content=\"3 minutos\" \/>\n<script type=\"application\/ld+json\" class=\"yoast-schema-graph\">{\"@context\":\"https:\\\/\\\/schema.org\",\"@graph\":[{\"@type\":\"Article\",\"@id\":\"https:\\\/\\\/www.cuballama.com\\\/noticias\\\/gloria-stefan-habla-sobre-ice-estados-unidos-y-hace-comparaciones-con-la-cuba-de-la-era-fidel-castro\\\/#article\",\"isPartOf\":{\"@id\":\"https:\\\/\\\/www.cuballama.com\\\/noticias\\\/gloria-stefan-habla-sobre-ice-estados-unidos-y-hace-comparaciones-con-la-cuba-de-la-era-fidel-castro\\\/\"},\"author\":{\"name\":\"Roberto A.\",\"@id\":\"https:\\\/\\\/www.cuballama.com\\\/noticias\\\/#\\\/schema\\\/person\\\/a58502ed4146c8e9f83872e897c76cd2\"},\"headline\":\"Gloria Stefan habla sobre ICE, Estados Unidos y hace comparaciones con la Cuba de la era Fidel Castro\",\"datePublished\":\"2025-10-30T14:09:11+00:00\",\"dateModified\":\"2025-10-30T14:09:15+00:00\",\"mainEntityOfPage\":{\"@id\":\"https:\\\/\\\/www.cuballama.com\\\/noticias\\\/gloria-stefan-habla-sobre-ice-estados-unidos-y-hace-comparaciones-con-la-cuba-de-la-era-fidel-castro\\\/\"},\"wordCount\":580,\"commentCount\":0,\"publisher\":{\"@id\":\"https:\\\/\\\/www.cuballama.com\\\/noticias\\\/#organization\"},\"image\":{\"@id\":\"https:\\\/\\\/www.cuballama.com\\\/noticias\\\/gloria-stefan-habla-sobre-ice-estados-unidos-y-hace-comparaciones-con-la-cuba-de-la-era-fidel-castro\\\/#primaryimage\"},\"thumbnailUrl\":\"https:\\\/\\\/cdn1.mediawpaccore.net\\\/wp-content\\\/uploads\\\/2023\\\/09\\\/01150949\\\/shutterstock_6310114-1.jpg\",\"keywords\":[\"Derechos Civiles\",\"destacado\",\"di\u00e1spora cubana\",\"El Hormiguero\",\"Estados Unidos\",\"Gloria Estefan\",\"ICE\",\"inmigraci\u00f3n\",\"Madrid\",\"The Daily Beast\"],\"articleSection\":[\"Far\u00e1ndula\",\"USA\"],\"inLanguage\":\"es\",\"potentialAction\":[{\"@type\":\"CommentAction\",\"name\":\"Comment\",\"target\":[\"https:\\\/\\\/www.cuballama.com\\\/noticias\\\/gloria-stefan-habla-sobre-ice-estados-unidos-y-hace-comparaciones-con-la-cuba-de-la-era-fidel-castro\\\/#respond\"]}]},{\"@type\":\"WebPage\",\"@id\":\"https:\\\/\\\/www.cuballama.com\\\/noticias\\\/gloria-stefan-habla-sobre-ice-estados-unidos-y-hace-comparaciones-con-la-cuba-de-la-era-fidel-castro\\\/\",\"url\":\"https:\\\/\\\/www.cuballama.com\\\/noticias\\\/gloria-stefan-habla-sobre-ice-estados-unidos-y-hace-comparaciones-con-la-cuba-de-la-era-fidel-castro\\\/\",\"name\":\"Gloria Stefan habla sobre ICE, Estados Unidos y hace comparaciones con la Cuba de la era Fidel Castro - Cuballama Noticias\",\"isPartOf\":{\"@id\":\"https:\\\/\\\/www.cuballama.com\\\/noticias\\\/#website\"},\"primaryImageOfPage\":{\"@id\":\"https:\\\/\\\/www.cuballama.com\\\/noticias\\\/gloria-stefan-habla-sobre-ice-estados-unidos-y-hace-comparaciones-con-la-cuba-de-la-era-fidel-castro\\\/#primaryimage\"},\"image\":{\"@id\":\"https:\\\/\\\/www.cuballama.com\\\/noticias\\\/gloria-stefan-habla-sobre-ice-estados-unidos-y-hace-comparaciones-con-la-cuba-de-la-era-fidel-castro\\\/#primaryimage\"},\"thumbnailUrl\":\"https:\\\/\\\/cdn1.mediawpaccore.net\\\/wp-content\\\/uploads\\\/2023\\\/09\\\/01150949\\\/shutterstock_6310114-1.jpg\",\"datePublished\":\"2025-10-30T14:09:11+00:00\",\"dateModified\":\"2025-10-30T14:09:15+00:00\",\"description\":\"Gloria Stefan denuncia excesos en operativos migratorios y advierte de \u201clibertades erosionadas\u201d en Estados Unidos.\",\"breadcrumb\":{\"@id\":\"https:\\\/\\\/www.cuballama.com\\\/noticias\\\/gloria-stefan-habla-sobre-ice-estados-unidos-y-hace-comparaciones-con-la-cuba-de-la-era-fidel-castro\\\/#breadcrumb\"},\"inLanguage\":\"es\",\"potentialAction\":[{\"@type\":\"ReadAction\",\"target\":[\"https:\\\/\\\/www.cuballama.com\\\/noticias\\\/gloria-stefan-habla-sobre-ice-estados-unidos-y-hace-comparaciones-con-la-cuba-de-la-era-fidel-castro\\\/\"]}]},{\"@type\":\"ImageObject\",\"inLanguage\":\"es\",\"@id\":\"https:\\\/\\\/www.cuballama.com\\\/noticias\\\/gloria-stefan-habla-sobre-ice-estados-unidos-y-hace-comparaciones-con-la-cuba-de-la-era-fidel-castro\\\/#primaryimage\",\"url\":\"https:\\\/\\\/cdn1.mediawpaccore.net\\\/wp-content\\\/uploads\\\/2023\\\/09\\\/01150949\\\/shutterstock_6310114-1.jpg\",\"contentUrl\":\"https:\\\/\\\/cdn1.mediawpaccore.net\\\/wp-content\\\/uploads\\\/2023\\\/09\\\/01150949\\\/shutterstock_6310114-1.jpg\",\"width\":1000,\"height\":656,\"caption\":\"Foto: Stocklight | Shutterstock\"},{\"@type\":\"BreadcrumbList\",\"@id\":\"https:\\\/\\\/www.cuballama.com\\\/noticias\\\/gloria-stefan-habla-sobre-ice-estados-unidos-y-hace-comparaciones-con-la-cuba-de-la-era-fidel-castro\\\/#breadcrumb\",\"itemListElement\":[{\"@type\":\"ListItem\",\"position\":1,\"name\":\"Home\",\"item\":\"https:\\\/\\\/www.cuballama.com\\\/noticias\\\/\"},{\"@type\":\"ListItem\",\"position\":2,\"name\":\"Gloria Stefan habla sobre ICE, Estados Unidos y hace comparaciones con la Cuba de la era Fidel Castro\"}]},{\"@type\":\"WebSite\",\"@id\":\"https:\\\/\\\/www.cuballama.com\\\/noticias\\\/#website\",\"url\":\"https:\\\/\\\/www.cuballama.com\\\/noticias\\\/\",\"name\":\"Cuballama Noticias\",\"description\":\"Medio digital sobre Cuba y el mundo\",\"publisher\":{\"@id\":\"https:\\\/\\\/www.cuballama.com\\\/noticias\\\/#organization\"},\"potentialAction\":[{\"@type\":\"SearchAction\",\"target\":{\"@type\":\"EntryPoint\",\"urlTemplate\":\"https:\\\/\\\/www.cuballama.com\\\/noticias\\\/?s={search_term_string}\"},\"query-input\":{\"@type\":\"PropertyValueSpecification\",\"valueRequired\":true,\"valueName\":\"search_term_string\"}}],\"inLanguage\":\"es\"},{\"@type\":\"Organization\",\"@id\":\"https:\\\/\\\/www.cuballama.com\\\/noticias\\\/#organization\",\"name\":\"Cuballama\",\"url\":\"https:\\\/\\\/www.cuballama.com\\\/noticias\\\/\",\"logo\":{\"@type\":\"ImageObject\",\"inLanguage\":\"es\",\"@id\":\"https:\\\/\\\/www.cuballama.com\\\/noticias\\\/#\\\/schema\\\/logo\\\/image\\\/\",\"url\":\"https:\\\/\\\/cdn1.mediawpaccore.net\\\/wp-content\\\/uploads\\\/2021\\\/12\\\/28171206\\\/cbll-logo-color-sm.png\",\"contentUrl\":\"https:\\\/\\\/cdn1.mediawpaccore.net\\\/wp-content\\\/uploads\\\/2021\\\/12\\\/28171206\\\/cbll-logo-color-sm.png\",\"width\":600,\"height\":133,\"caption\":\"Cuballama\"},\"image\":{\"@id\":\"https:\\\/\\\/www.cuballama.com\\\/noticias\\\/#\\\/schema\\\/logo\\\/image\\\/\"},\"sameAs\":[\"https:\\\/\\\/www.facebook.com\\\/CubaLlama\",\"https:\\\/\\\/x.com\\\/cuballama\",\"https:\\\/\\\/www.instagram.com\\\/stories\\\/cuballama_oficial\\\/\",\"https:\\\/\\\/www.youtube.com\\\/channel\\\/UCKkFE-d_axENGZcrc4as0IA\"]},{\"@type\":\"Person\",\"@id\":\"https:\\\/\\\/www.cuballama.com\\\/noticias\\\/#\\\/schema\\\/person\\\/a58502ed4146c8e9f83872e897c76cd2\",\"name\":\"Roberto A.\",\"description\":\"Roberto A. Periodista por decisi\u00f3n propia. Interesado en cualquier tema que me apasione y cada vez m\u00e1s comprometido con la verdad y la objetividad period\u00edstica. Graduado en La Habana hace ya muchos a\u00f1os, luego de una accidentada y polvorienta b\u00fasqueda de informaci\u00f3n sobre un tema in\u00e9dito. La Tesis, por cierto, desapareci\u00f3 de la biblioteca y no se conservan copias de la misma.\",\"url\":\"https:\\\/\\\/www.cuballama.com\\\/noticias\\\/author\\\/roberto\\\/\"}]}<\/script>\n<!-- \/ Yoast SEO plugin. -->","yoast_head_json":{"title":"Gloria Stefan habla sobre ICE, Estados Unidos y hace comparaciones con la Cuba de la era Fidel Castro - Cuballama Noticias","description":"Gloria Stefan denuncia excesos en operativos migratorios y advierte de \u201clibertades erosionadas\u201d en Estados Unidos.","robots":{"index":"index","follow":"follow","max-snippet":"max-snippet:-1","max-image-preview":"max-image-preview:large","max-video-preview":"max-video-preview:-1"},"canonical":"https:\/\/www.cuballama.com\/noticias\/gloria-stefan-habla-sobre-ice-estados-unidos-y-hace-comparaciones-con-la-cuba-de-la-era-fidel-castro\/","og_locale":"es_ES","og_type":"article","og_title":"Gloria Stefan habla sobre ICE, Estados Unidos y hace comparaciones con la Cuba de la era Fidel Castro - Cuballama Noticias","og_description":"Gloria Stefan denuncia excesos en operativos migratorios y advierte de \u201clibertades erosionadas\u201d en Estados Unidos.","og_url":"https:\/\/www.cuballama.com\/noticias\/gloria-stefan-habla-sobre-ice-estados-unidos-y-hace-comparaciones-con-la-cuba-de-la-era-fidel-castro\/","og_site_name":"Cuballama Noticias","article_publisher":"https:\/\/www.facebook.com\/CubaLlama","article_published_time":"2025-10-30T14:09:11+00:00","article_modified_time":"2025-10-30T14:09:15+00:00","og_image":[{"width":1000,"height":656,"url":"https:\/\/cdn1.mediawpaccore.net\/wp-content\/uploads\/2023\/09\/01150949\/shutterstock_6310114-1.jpg","type":"image\/jpeg"}],"author":"Roberto A.","twitter_card":"summary_large_image","twitter_creator":"@cuballama","twitter_site":"@cuballama","twitter_misc":{"Escrito por":"Roberto A.","Tiempo de lectura":"3 minutos"},"schema":{"@context":"https:\/\/schema.org","@graph":[{"@type":"Article","@id":"https:\/\/www.cuballama.com\/noticias\/gloria-stefan-habla-sobre-ice-estados-unidos-y-hace-comparaciones-con-la-cuba-de-la-era-fidel-castro\/#article","isPartOf":{"@id":"https:\/\/www.cuballama.com\/noticias\/gloria-stefan-habla-sobre-ice-estados-unidos-y-hace-comparaciones-con-la-cuba-de-la-era-fidel-castro\/"},"author":{"name":"Roberto A.","@id":"https:\/\/www.cuballama.com\/noticias\/#\/schema\/person\/a58502ed4146c8e9f83872e897c76cd2"},"headline":"Gloria Stefan habla sobre ICE, Estados Unidos y hace comparaciones con la Cuba de la era Fidel Castro","datePublished":"2025-10-30T14:09:11+00:00","dateModified":"2025-10-30T14:09:15+00:00","mainEntityOfPage":{"@id":"https:\/\/www.cuballama.com\/noticias\/gloria-stefan-habla-sobre-ice-estados-unidos-y-hace-comparaciones-con-la-cuba-de-la-era-fidel-castro\/"},"wordCount":580,"commentCount":0,"publisher":{"@id":"https:\/\/www.cuballama.com\/noticias\/#organization"},"image":{"@id":"https:\/\/www.cuballama.com\/noticias\/gloria-stefan-habla-sobre-ice-estados-unidos-y-hace-comparaciones-con-la-cuba-de-la-era-fidel-castro\/#primaryimage"},"thumbnailUrl":"https:\/\/cdn1.mediawpaccore.net\/wp-content\/uploads\/2023\/09\/01150949\/shutterstock_6310114-1.jpg","keywords":["Derechos Civiles","destacado","di\u00e1spora cubana","El Hormiguero","Estados Unidos","Gloria Estefan","ICE","inmigraci\u00f3n","Madrid","The Daily Beast"],"articleSection":["Far\u00e1ndula","USA"],"inLanguage":"es","potentialAction":[{"@type":"CommentAction","name":"Comment","target":["https:\/\/www.cuballama.com\/noticias\/gloria-stefan-habla-sobre-ice-estados-unidos-y-hace-comparaciones-con-la-cuba-de-la-era-fidel-castro\/#respond"]}]},{"@type":"WebPage","@id":"https:\/\/www.cuballama.com\/noticias\/gloria-stefan-habla-sobre-ice-estados-unidos-y-hace-comparaciones-con-la-cuba-de-la-era-fidel-castro\/","url":"https:\/\/www.cuballama.com\/noticias\/gloria-stefan-habla-sobre-ice-estados-unidos-y-hace-comparaciones-con-la-cuba-de-la-era-fidel-castro\/","name":"Gloria Stefan habla sobre ICE, Estados Unidos y hace comparaciones con la Cuba de la era Fidel Castro - Cuballama Noticias","isPartOf":{"@id":"https:\/\/www.cuballama.com\/noticias\/#website"},"primaryImageOfPage":{"@id":"https:\/\/www.cuballama.com\/noticias\/gloria-stefan-habla-sobre-ice-estados-unidos-y-hace-comparaciones-con-la-cuba-de-la-era-fidel-castro\/#primaryimage"},"image":{"@id":"https:\/\/www.cuballama.com\/noticias\/gloria-stefan-habla-sobre-ice-estados-unidos-y-hace-comparaciones-con-la-cuba-de-la-era-fidel-castro\/#primaryimage"},"thumbnailUrl":"https:\/\/cdn1.mediawpaccore.net\/wp-content\/uploads\/2023\/09\/01150949\/shutterstock_6310114-1.jpg","datePublished":"2025-10-30T14:09:11+00:00","dateModified":"2025-10-30T14:09:15+00:00","description":"Gloria Stefan denuncia excesos en operativos migratorios y advierte de \u201clibertades erosionadas\u201d en Estados Unidos.","breadcrumb":{"@id":"https:\/\/www.cuballama.com\/noticias\/gloria-stefan-habla-sobre-ice-estados-unidos-y-hace-comparaciones-con-la-cuba-de-la-era-fidel-castro\/#breadcrumb"},"inLanguage":"es","potentialAction":[{"@type":"ReadAction","target":["https:\/\/www.cuballama.com\/noticias\/gloria-stefan-habla-sobre-ice-estados-unidos-y-hace-comparaciones-con-la-cuba-de-la-era-fidel-castro\/"]}]},{"@type":"ImageObject","inLanguage":"es","@id":"https:\/\/www.cuballama.com\/noticias\/gloria-stefan-habla-sobre-ice-estados-unidos-y-hace-comparaciones-con-la-cuba-de-la-era-fidel-castro\/#primaryimage","url":"https:\/\/cdn1.mediawpaccore.net\/wp-content\/uploads\/2023\/09\/01150949\/shutterstock_6310114-1.jpg","contentUrl":"https:\/\/cdn1.mediawpaccore.net\/wp-content\/uploads\/2023\/09\/01150949\/shutterstock_6310114-1.jpg","width":1000,"height":656,"caption":"Foto: Stocklight | Shutterstock"},{"@type":"BreadcrumbList","@id":"https:\/\/www.cuballama.com\/noticias\/gloria-stefan-habla-sobre-ice-estados-unidos-y-hace-comparaciones-con-la-cuba-de-la-era-fidel-castro\/#breadcrumb","itemListElement":[{"@type":"ListItem","position":1,"name":"Home","item":"https:\/\/www.cuballama.com\/noticias\/"},{"@type":"ListItem","position":2,"name":"Gloria Stefan habla sobre ICE, Estados Unidos y hace comparaciones con la Cuba de la era Fidel Castro"}]},{"@type":"WebSite","@id":"https:\/\/www.cuballama.com\/noticias\/#website","url":"https:\/\/www.cuballama.com\/noticias\/","name":"Cuballama Noticias","description":"Medio digital sobre Cuba y el mundo","publisher":{"@id":"https:\/\/www.cuballama.com\/noticias\/#organization"},"potentialAction":[{"@type":"SearchAction","target":{"@type":"EntryPoint","urlTemplate":"https:\/\/www.cuballama.com\/noticias\/?s={search_term_string}"},"query-input":{"@type":"PropertyValueSpecification","valueRequired":true,"valueName":"search_term_string"}}],"inLanguage":"es"},{"@type":"Organization","@id":"https:\/\/www.cuballama.com\/noticias\/#organization","name":"Cuballama","url":"https:\/\/www.cuballama.com\/noticias\/","logo":{"@type":"ImageObject","inLanguage":"es","@id":"https:\/\/www.cuballama.com\/noticias\/#\/schema\/logo\/image\/","url":"https:\/\/cdn1.mediawpaccore.net\/wp-content\/uploads\/2021\/12\/28171206\/cbll-logo-color-sm.png","contentUrl":"https:\/\/cdn1.mediawpaccore.net\/wp-content\/uploads\/2021\/12\/28171206\/cbll-logo-color-sm.png","width":600,"height":133,"caption":"Cuballama"},"image":{"@id":"https:\/\/www.cuballama.com\/noticias\/#\/schema\/logo\/image\/"},"sameAs":["https:\/\/www.facebook.com\/CubaLlama","https:\/\/x.com\/cuballama","https:\/\/www.instagram.com\/stories\/cuballama_oficial\/","https:\/\/www.youtube.com\/channel\/UCKkFE-d_axENGZcrc4as0IA"]},{"@type":"Person","@id":"https:\/\/www.cuballama.com\/noticias\/#\/schema\/person\/a58502ed4146c8e9f83872e897c76cd2","name":"Roberto A.","description":"Roberto A. Periodista por decisi\u00f3n propia. Interesado en cualquier tema que me apasione y cada vez m\u00e1s comprometido con la verdad y la objetividad period\u00edstica. Graduado en La Habana hace ya muchos a\u00f1os, luego de una accidentada y polvorienta b\u00fasqueda de informaci\u00f3n sobre un tema in\u00e9dito. La Tesis, por cierto, desapareci\u00f3 de la biblioteca y no se conservan copias de la misma.","url":"https:\/\/www.cuballama.com\/noticias\/author\/roberto\/"}]}},"_links":{"self":[{"href":"https:\/\/www.cuballama.com\/noticias\/wp-json\/wp\/v2\/posts\/224336","targetHints":{"allow":["GET"]}}],"collection":[{"href":"https:\/\/www.cuballama.com\/noticias\/wp-json\/wp\/v2\/posts"}],"about":[{"href":"https:\/\/www.cuballama.com\/noticias\/wp-json\/wp\/v2\/types\/post"}],"author":[{"embeddable":true,"href":"https:\/\/www.cuballama.com\/noticias\/wp-json\/wp\/v2\/users\/13"}],"replies":[{"embeddable":true,"href":"https:\/\/www.cuballama.com\/noticias\/wp-json\/wp\/v2\/comments?post=224336"}],"version-history":[{"count":6,"href":"https:\/\/www.cuballama.com\/noticias\/wp-json\/wp\/v2\/posts\/224336\/revisions"}],"predecessor-version":[{"id":224366,"href":"https:\/\/www.cuballama.com\/noticias\/wp-json\/wp\/v2\/posts\/224336\/revisions\/224366"}],"wp:featuredmedia":[{"embeddable":true,"href":"https:\/\/www.cuballama.com\/noticias\/wp-json\/wp\/v2\/media\/136136"}],"wp:attachment":[{"href":"https:\/\/www.cuballama.com\/noticias\/wp-json\/wp\/v2\/media?parent=224336"}],"wp:term":[{"taxonomy":"category","embeddable":true,"href":"https:\/\/www.cuballama.com\/noticias\/wp-json\/wp\/v2\/categories?post=224336"},{"taxonomy":"post_tag","embeddable":true,"href":"https:\/\/www.cuballama.com\/noticias\/wp-json\/wp\/v2\/tags?post=224336"}],"curies":[{"name":"wp","href":"https:\/\/api.w.org\/{rel}","templated":true}]}}