{"id":224334,"date":"2025-10-29T21:18:29","date_gmt":"2025-10-30T01:18:29","guid":{"rendered":"https:\/\/www.cuballama.com\/noticias\/?p=224334"},"modified":"2025-10-29T21:19:36","modified_gmt":"2025-10-30T01:19:36","slug":"arrestan-a-novia-de-la-hija-de-gloria-estefan-por-robo-y-agresion","status":"publish","type":"post","link":"https:\/\/www.cuballama.com\/noticias\/arrestan-a-novia-de-la-hija-de-gloria-estefan-por-robo-y-agresion\/","title":{"rendered":"Arrestan a\u00a0novia de la hija de Gloria Estefan por robo y agresi\u00f3n"},"content":{"rendered":"\n<p>Gemeny Hern\u00e1ndez, la pareja\u00a0 de\u00a0 la hija menor de Gloria Estefan, ha sido arrestada este martes por presunto robo con violencia y agresi\u00f3n menor.<\/p>\n\n\n\n<p>Los reportes policiales, citados por el conocido portal estadounidense sobre celebridades TMZ, indican a Emily Estefan, su relaci\u00f3n sentimental de hace a\u00f1os, como la presunta v\u00edctima.<\/p>\n\n\n\n<p>Aunque la polic\u00eda no ha revelado oficialmente el nombre de la v\u00edctima, se\u00f1ala que se trata de la pareja con la que Hern\u00e1ndez mantiene una relaci\u00f3n desde hace ocho a\u00f1os.<\/p>\n\n\n\n<p>De acuerdo con la declaraci\u00f3n jurada incluida en el informe policial obtenida por TMZ, el altercado habr\u00eda ocurrido durante una discusi\u00f3n en la que Hern\u00e1ndez supuestamente golpe\u00f3 a su pareja en la cabeza con un tel\u00e9fono. El forcejeo continu\u00f3 mientras ambas intentaban recuperar el dispositivo, lo que termin\u00f3 provocando una confrontaci\u00f3n f\u00edsica, menciona People en Espa\u00f1ol al hacerse eco del suceso.<\/p>\n\n\n\n<p>Finalmente, la presunta v\u00edctima, que seg\u00fan los polic\u00edas sufri\u00f3 un hematoma en el ojo y rasgu\u00f1os en el cuello, recuper\u00f3 la posesi\u00f3n del tel\u00e9fono y llam\u00f3 al 911 mientras estaba separada de Hern\u00e1ndez. Los oficiales llegaron y arrestaron a Hern\u00e1ndez.<\/p>\n\n\n\n<p>Emily y Gemeny celebraron en noviembre pasado su octavo aniversario juntas y as\u00ed lo recordaron en las redes sociales con marcada alegr\u00eda. Desde 2022 ambas inauguraron un podcast , \u00abIn Our Own World\u00bb, donde presentan a diferentes invitados,\u00a0aunque no han lanzado un cap\u00edtulo desde abril.<\/p>\n\n\n\n<p>Emily Estefan, de 29 a\u00f1os, ha seguido los pasos de sus famosos padres en la m\u00fasica, en la que ha desarrollado una carrera como cantautora, productora y activista. En 2017, hizo p\u00fablica su relaci\u00f3n con Gemeny en redes sociales.<\/p>\n\n\n\n<p>TMZ detalla que Hern\u00e1ndez fue acusada formalmente por los cargos mencionados, y que la polic\u00eda de Miami contin\u00faa investigando el caso. Hasta el momento, ni Emily ni la familia Estefan han emitido declaraciones p\u00fablicas.<\/p>\n\n\n\n<p><\/p>\n","protected":false},"excerpt":{"rendered":"<p>Gemeny Hern\u00e1ndez, la pareja\u00a0 de\u00a0 la hija menor de Gloria Estefan, ha sido arrestada este martes por presunto robo con violencia y agresi\u00f3n menor. Los reportes policiales, citados por el conocido portal estadounidense sobre celebridades TMZ, indican a Emily Estefan, su relaci\u00f3n sentimental de hace a\u00f1os, como la presunta v\u00edctima. Aunque la polic\u00eda no ha [&hellip;]<\/p>\n","protected":false},"author":24,"featured_media":209598,"comment_status":"open","ping_status":"closed","sticky":false,"template":"","format":"standard","meta":{"_acf_changed":false,"footnotes":""},"categories":[18,11024,953],"tags":[252,11050,941,2803,28906],"class_list":{"0":"post-224334","1":"post","2":"type-post","3":"status-publish","4":"format-standard","5":"has-post-thumbnail","7":"category-noticias","8":"category-noticias-de-miami","9":"category-usa","10":"tag-artistas-cubanos","11":"tag-cubanos-en-miami","12":"tag-destacado","13":"tag-emily-estefan","14":"tag-gemeny-hernandez"},"acf":[],"yoast_head":"<!-- This site is optimized with the Yoast SEO plugin v27.5 - https:\/\/yoast.com\/product\/yoast-seo-wordpress\/ -->\n<title>Arrestan a\u00a0novia de la hija de Gloria Estefan por robo y agresi\u00f3n - Cuballama Noticias<\/title>\n<meta name=\"description\" content=\"Gemeny Hern\u00e1ndez, la pareja\u00a0 de\u00a0 la hija menor de Gloria Estefan, ha sido arrestada este martes por presunto robo.\" \/>\n<meta name=\"robots\" content=\"index, follow, max-snippet:-1, max-image-preview:large, max-video-preview:-1\" \/>\n<link rel=\"canonical\" href=\"https:\/\/www.cuballama.com\/noticias\/arrestan-a-novia-de-la-hija-de-gloria-estefan-por-robo-y-agresion\/\" \/>\n<meta property=\"og:locale\" content=\"es_ES\" \/>\n<meta property=\"og:type\" content=\"article\" \/>\n<meta property=\"og:title\" content=\"Arrestan a\u00a0novia de la hija de Gloria Estefan por robo y agresi\u00f3n - Cuballama Noticias\" \/>\n<meta property=\"og:description\" content=\"Gemeny Hern\u00e1ndez, la pareja\u00a0 de\u00a0 la hija menor de Gloria Estefan, ha sido arrestada este martes por presunto robo.\" \/>\n<meta property=\"og:url\" content=\"https:\/\/www.cuballama.com\/noticias\/arrestan-a-novia-de-la-hija-de-gloria-estefan-por-robo-y-agresion\/\" \/>\n<meta property=\"og:site_name\" content=\"Cuballama Noticias\" \/>\n<meta property=\"article:publisher\" content=\"https:\/\/www.facebook.com\/CubaLlama\" \/>\n<meta property=\"article:published_time\" content=\"2025-10-30T01:18:29+00:00\" \/>\n<meta property=\"article:modified_time\" content=\"2025-10-30T01:19:36+00:00\" \/>\n<meta property=\"og:image\" content=\"https:\/\/cdn1.mediawpaccore.net\/wp-content\/uploads\/2025\/06\/05112725\/WhatsApp-Image-2025-06-05-at-17.17.37.jpeg\" \/>\n\t<meta property=\"og:image:width\" content=\"1876\" \/>\n\t<meta property=\"og:image:height\" content=\"1215\" \/>\n\t<meta property=\"og:image:type\" content=\"image\/jpeg\" \/>\n<meta name=\"author\" content=\"Manu\" \/>\n<meta name=\"twitter:card\" content=\"summary_large_image\" \/>\n<meta name=\"twitter:creator\" content=\"@cuballama\" \/>\n<meta name=\"twitter:site\" content=\"@cuballama\" \/>\n<meta name=\"twitter:label1\" content=\"Escrito por\" \/>\n\t<meta name=\"twitter:data1\" content=\"Manu\" \/>\n\t<meta name=\"twitter:label2\" content=\"Tiempo de lectura\" \/>\n\t<meta name=\"twitter:data2\" content=\"2 minutos\" \/>\n<script type=\"application\/ld+json\" class=\"yoast-schema-graph\">{\"@context\":\"https:\\\/\\\/schema.org\",\"@graph\":[{\"@type\":\"Article\",\"@id\":\"https:\\\/\\\/www.cuballama.com\\\/noticias\\\/arrestan-a-novia-de-la-hija-de-gloria-estefan-por-robo-y-agresion\\\/#article\",\"isPartOf\":{\"@id\":\"https:\\\/\\\/www.cuballama.com\\\/noticias\\\/arrestan-a-novia-de-la-hija-de-gloria-estefan-por-robo-y-agresion\\\/\"},\"author\":{\"name\":\"Manu\",\"@id\":\"https:\\\/\\\/www.cuballama.com\\\/noticias\\\/#\\\/schema\\\/person\\\/5889f7d070564f8386e7944d14d436cd\"},\"headline\":\"Arrestan a\u00a0novia de la hija de Gloria Estefan por robo y agresi\u00f3n\",\"datePublished\":\"2025-10-30T01:18:29+00:00\",\"dateModified\":\"2025-10-30T01:19:36+00:00\",\"mainEntityOfPage\":{\"@id\":\"https:\\\/\\\/www.cuballama.com\\\/noticias\\\/arrestan-a-novia-de-la-hija-de-gloria-estefan-por-robo-y-agresion\\\/\"},\"wordCount\":346,\"commentCount\":0,\"publisher\":{\"@id\":\"https:\\\/\\\/www.cuballama.com\\\/noticias\\\/#organization\"},\"image\":{\"@id\":\"https:\\\/\\\/www.cuballama.com\\\/noticias\\\/arrestan-a-novia-de-la-hija-de-gloria-estefan-por-robo-y-agresion\\\/#primaryimage\"},\"thumbnailUrl\":\"https:\\\/\\\/cdn1.mediawpaccore.net\\\/wp-content\\\/uploads\\\/2025\\\/06\\\/05112725\\\/WhatsApp-Image-2025-06-05-at-17.17.37.jpeg\",\"keywords\":[\"Artistas cubanos\",\"cubanos en Miami\",\"destacado\",\"Emily Estefan\",\"Gemeny Hern\u00e1ndez\"],\"articleSection\":[\"Noticias\",\"Noticias de Miami\",\"USA\"],\"inLanguage\":\"es\",\"potentialAction\":[{\"@type\":\"CommentAction\",\"name\":\"Comment\",\"target\":[\"https:\\\/\\\/www.cuballama.com\\\/noticias\\\/arrestan-a-novia-de-la-hija-de-gloria-estefan-por-robo-y-agresion\\\/#respond\"]}]},{\"@type\":\"WebPage\",\"@id\":\"https:\\\/\\\/www.cuballama.com\\\/noticias\\\/arrestan-a-novia-de-la-hija-de-gloria-estefan-por-robo-y-agresion\\\/\",\"url\":\"https:\\\/\\\/www.cuballama.com\\\/noticias\\\/arrestan-a-novia-de-la-hija-de-gloria-estefan-por-robo-y-agresion\\\/\",\"name\":\"Arrestan a\u00a0novia de la hija de Gloria Estefan por robo y agresi\u00f3n - Cuballama Noticias\",\"isPartOf\":{\"@id\":\"https:\\\/\\\/www.cuballama.com\\\/noticias\\\/#website\"},\"primaryImageOfPage\":{\"@id\":\"https:\\\/\\\/www.cuballama.com\\\/noticias\\\/arrestan-a-novia-de-la-hija-de-gloria-estefan-por-robo-y-agresion\\\/#primaryimage\"},\"image\":{\"@id\":\"https:\\\/\\\/www.cuballama.com\\\/noticias\\\/arrestan-a-novia-de-la-hija-de-gloria-estefan-por-robo-y-agresion\\\/#primaryimage\"},\"thumbnailUrl\":\"https:\\\/\\\/cdn1.mediawpaccore.net\\\/wp-content\\\/uploads\\\/2025\\\/06\\\/05112725\\\/WhatsApp-Image-2025-06-05-at-17.17.37.jpeg\",\"datePublished\":\"2025-10-30T01:18:29+00:00\",\"dateModified\":\"2025-10-30T01:19:36+00:00\",\"description\":\"Gemeny Hern\u00e1ndez, la pareja\u00a0 de\u00a0 la hija menor de Gloria Estefan, ha sido arrestada este martes por presunto robo.\",\"breadcrumb\":{\"@id\":\"https:\\\/\\\/www.cuballama.com\\\/noticias\\\/arrestan-a-novia-de-la-hija-de-gloria-estefan-por-robo-y-agresion\\\/#breadcrumb\"},\"inLanguage\":\"es\",\"potentialAction\":[{\"@type\":\"ReadAction\",\"target\":[\"https:\\\/\\\/www.cuballama.com\\\/noticias\\\/arrestan-a-novia-de-la-hija-de-gloria-estefan-por-robo-y-agresion\\\/\"]}]},{\"@type\":\"ImageObject\",\"inLanguage\":\"es\",\"@id\":\"https:\\\/\\\/www.cuballama.com\\\/noticias\\\/arrestan-a-novia-de-la-hija-de-gloria-estefan-por-robo-y-agresion\\\/#primaryimage\",\"url\":\"https:\\\/\\\/cdn1.mediawpaccore.net\\\/wp-content\\\/uploads\\\/2025\\\/06\\\/05112725\\\/WhatsApp-Image-2025-06-05-at-17.17.37.jpeg\",\"contentUrl\":\"https:\\\/\\\/cdn1.mediawpaccore.net\\\/wp-content\\\/uploads\\\/2025\\\/06\\\/05112725\\\/WhatsApp-Image-2025-06-05-at-17.17.37.jpeg\",\"width\":1876,\"height\":1215,\"caption\":\"Foto: Gloria Estefan\\\/Emily Estefan\\\/Instagram\"},{\"@type\":\"BreadcrumbList\",\"@id\":\"https:\\\/\\\/www.cuballama.com\\\/noticias\\\/arrestan-a-novia-de-la-hija-de-gloria-estefan-por-robo-y-agresion\\\/#breadcrumb\",\"itemListElement\":[{\"@type\":\"ListItem\",\"position\":1,\"name\":\"Home\",\"item\":\"https:\\\/\\\/www.cuballama.com\\\/noticias\\\/\"},{\"@type\":\"ListItem\",\"position\":2,\"name\":\"Arrestan a\u00a0novia de la hija de Gloria Estefan por robo y agresi\u00f3n\"}]},{\"@type\":\"WebSite\",\"@id\":\"https:\\\/\\\/www.cuballama.com\\\/noticias\\\/#website\",\"url\":\"https:\\\/\\\/www.cuballama.com\\\/noticias\\\/\",\"name\":\"Cuballama Noticias\",\"description\":\"Medio digital sobre Cuba y el mundo\",\"publisher\":{\"@id\":\"https:\\\/\\\/www.cuballama.com\\\/noticias\\\/#organization\"},\"potentialAction\":[{\"@type\":\"SearchAction\",\"target\":{\"@type\":\"EntryPoint\",\"urlTemplate\":\"https:\\\/\\\/www.cuballama.com\\\/noticias\\\/?s={search_term_string}\"},\"query-input\":{\"@type\":\"PropertyValueSpecification\",\"valueRequired\":true,\"valueName\":\"search_term_string\"}}],\"inLanguage\":\"es\"},{\"@type\":\"Organization\",\"@id\":\"https:\\\/\\\/www.cuballama.com\\\/noticias\\\/#organization\",\"name\":\"Cuballama\",\"url\":\"https:\\\/\\\/www.cuballama.com\\\/noticias\\\/\",\"logo\":{\"@type\":\"ImageObject\",\"inLanguage\":\"es\",\"@id\":\"https:\\\/\\\/www.cuballama.com\\\/noticias\\\/#\\\/schema\\\/logo\\\/image\\\/\",\"url\":\"https:\\\/\\\/cdn1.mediawpaccore.net\\\/wp-content\\\/uploads\\\/2021\\\/12\\\/28171206\\\/cbll-logo-color-sm.png\",\"contentUrl\":\"https:\\\/\\\/cdn1.mediawpaccore.net\\\/wp-content\\\/uploads\\\/2021\\\/12\\\/28171206\\\/cbll-logo-color-sm.png\",\"width\":600,\"height\":133,\"caption\":\"Cuballama\"},\"image\":{\"@id\":\"https:\\\/\\\/www.cuballama.com\\\/noticias\\\/#\\\/schema\\\/logo\\\/image\\\/\"},\"sameAs\":[\"https:\\\/\\\/www.facebook.com\\\/CubaLlama\",\"https:\\\/\\\/x.com\\\/cuballama\",\"https:\\\/\\\/www.instagram.com\\\/stories\\\/cuballama_oficial\\\/\",\"https:\\\/\\\/www.youtube.com\\\/channel\\\/UCKkFE-d_axENGZcrc4as0IA\"]},{\"@type\":\"Person\",\"@id\":\"https:\\\/\\\/www.cuballama.com\\\/noticias\\\/#\\\/schema\\\/person\\\/5889f7d070564f8386e7944d14d436cd\",\"name\":\"Manu\",\"url\":\"https:\\\/\\\/www.cuballama.com\\\/noticias\\\/author\\\/manu\\\/\"}]}<\/script>\n<!-- \/ Yoast SEO plugin. -->","yoast_head_json":{"title":"Arrestan a\u00a0novia de la hija de Gloria Estefan por robo y agresi\u00f3n - Cuballama Noticias","description":"Gemeny Hern\u00e1ndez, la pareja\u00a0 de\u00a0 la hija menor de Gloria Estefan, ha sido arrestada este martes por presunto robo.","robots":{"index":"index","follow":"follow","max-snippet":"max-snippet:-1","max-image-preview":"max-image-preview:large","max-video-preview":"max-video-preview:-1"},"canonical":"https:\/\/www.cuballama.com\/noticias\/arrestan-a-novia-de-la-hija-de-gloria-estefan-por-robo-y-agresion\/","og_locale":"es_ES","og_type":"article","og_title":"Arrestan a\u00a0novia de la hija de Gloria Estefan por robo y agresi\u00f3n - Cuballama Noticias","og_description":"Gemeny Hern\u00e1ndez, la pareja\u00a0 de\u00a0 la hija menor de Gloria Estefan, ha sido arrestada este martes por presunto robo.","og_url":"https:\/\/www.cuballama.com\/noticias\/arrestan-a-novia-de-la-hija-de-gloria-estefan-por-robo-y-agresion\/","og_site_name":"Cuballama Noticias","article_publisher":"https:\/\/www.facebook.com\/CubaLlama","article_published_time":"2025-10-30T01:18:29+00:00","article_modified_time":"2025-10-30T01:19:36+00:00","og_image":[{"width":1876,"height":1215,"url":"https:\/\/cdn1.mediawpaccore.net\/wp-content\/uploads\/2025\/06\/05112725\/WhatsApp-Image-2025-06-05-at-17.17.37.jpeg","type":"image\/jpeg"}],"author":"Manu","twitter_card":"summary_large_image","twitter_creator":"@cuballama","twitter_site":"@cuballama","twitter_misc":{"Escrito por":"Manu","Tiempo de lectura":"2 minutos"},"schema":{"@context":"https:\/\/schema.org","@graph":[{"@type":"Article","@id":"https:\/\/www.cuballama.com\/noticias\/arrestan-a-novia-de-la-hija-de-gloria-estefan-por-robo-y-agresion\/#article","isPartOf":{"@id":"https:\/\/www.cuballama.com\/noticias\/arrestan-a-novia-de-la-hija-de-gloria-estefan-por-robo-y-agresion\/"},"author":{"name":"Manu","@id":"https:\/\/www.cuballama.com\/noticias\/#\/schema\/person\/5889f7d070564f8386e7944d14d436cd"},"headline":"Arrestan a\u00a0novia de la hija de Gloria Estefan por robo y agresi\u00f3n","datePublished":"2025-10-30T01:18:29+00:00","dateModified":"2025-10-30T01:19:36+00:00","mainEntityOfPage":{"@id":"https:\/\/www.cuballama.com\/noticias\/arrestan-a-novia-de-la-hija-de-gloria-estefan-por-robo-y-agresion\/"},"wordCount":346,"commentCount":0,"publisher":{"@id":"https:\/\/www.cuballama.com\/noticias\/#organization"},"image":{"@id":"https:\/\/www.cuballama.com\/noticias\/arrestan-a-novia-de-la-hija-de-gloria-estefan-por-robo-y-agresion\/#primaryimage"},"thumbnailUrl":"https:\/\/cdn1.mediawpaccore.net\/wp-content\/uploads\/2025\/06\/05112725\/WhatsApp-Image-2025-06-05-at-17.17.37.jpeg","keywords":["Artistas cubanos","cubanos en Miami","destacado","Emily Estefan","Gemeny Hern\u00e1ndez"],"articleSection":["Noticias","Noticias de Miami","USA"],"inLanguage":"es","potentialAction":[{"@type":"CommentAction","name":"Comment","target":["https:\/\/www.cuballama.com\/noticias\/arrestan-a-novia-de-la-hija-de-gloria-estefan-por-robo-y-agresion\/#respond"]}]},{"@type":"WebPage","@id":"https:\/\/www.cuballama.com\/noticias\/arrestan-a-novia-de-la-hija-de-gloria-estefan-por-robo-y-agresion\/","url":"https:\/\/www.cuballama.com\/noticias\/arrestan-a-novia-de-la-hija-de-gloria-estefan-por-robo-y-agresion\/","name":"Arrestan a\u00a0novia de la hija de Gloria Estefan por robo y agresi\u00f3n - Cuballama Noticias","isPartOf":{"@id":"https:\/\/www.cuballama.com\/noticias\/#website"},"primaryImageOfPage":{"@id":"https:\/\/www.cuballama.com\/noticias\/arrestan-a-novia-de-la-hija-de-gloria-estefan-por-robo-y-agresion\/#primaryimage"},"image":{"@id":"https:\/\/www.cuballama.com\/noticias\/arrestan-a-novia-de-la-hija-de-gloria-estefan-por-robo-y-agresion\/#primaryimage"},"thumbnailUrl":"https:\/\/cdn1.mediawpaccore.net\/wp-content\/uploads\/2025\/06\/05112725\/WhatsApp-Image-2025-06-05-at-17.17.37.jpeg","datePublished":"2025-10-30T01:18:29+00:00","dateModified":"2025-10-30T01:19:36+00:00","description":"Gemeny Hern\u00e1ndez, la pareja\u00a0 de\u00a0 la hija menor de Gloria Estefan, ha sido arrestada este martes por presunto robo.","breadcrumb":{"@id":"https:\/\/www.cuballama.com\/noticias\/arrestan-a-novia-de-la-hija-de-gloria-estefan-por-robo-y-agresion\/#breadcrumb"},"inLanguage":"es","potentialAction":[{"@type":"ReadAction","target":["https:\/\/www.cuballama.com\/noticias\/arrestan-a-novia-de-la-hija-de-gloria-estefan-por-robo-y-agresion\/"]}]},{"@type":"ImageObject","inLanguage":"es","@id":"https:\/\/www.cuballama.com\/noticias\/arrestan-a-novia-de-la-hija-de-gloria-estefan-por-robo-y-agresion\/#primaryimage","url":"https:\/\/cdn1.mediawpaccore.net\/wp-content\/uploads\/2025\/06\/05112725\/WhatsApp-Image-2025-06-05-at-17.17.37.jpeg","contentUrl":"https:\/\/cdn1.mediawpaccore.net\/wp-content\/uploads\/2025\/06\/05112725\/WhatsApp-Image-2025-06-05-at-17.17.37.jpeg","width":1876,"height":1215,"caption":"Foto: Gloria Estefan\/Emily Estefan\/Instagram"},{"@type":"BreadcrumbList","@id":"https:\/\/www.cuballama.com\/noticias\/arrestan-a-novia-de-la-hija-de-gloria-estefan-por-robo-y-agresion\/#breadcrumb","itemListElement":[{"@type":"ListItem","position":1,"name":"Home","item":"https:\/\/www.cuballama.com\/noticias\/"},{"@type":"ListItem","position":2,"name":"Arrestan a\u00a0novia de la hija de Gloria Estefan por robo y agresi\u00f3n"}]},{"@type":"WebSite","@id":"https:\/\/www.cuballama.com\/noticias\/#website","url":"https:\/\/www.cuballama.com\/noticias\/","name":"Cuballama Noticias","description":"Medio digital sobre Cuba y el mundo","publisher":{"@id":"https:\/\/www.cuballama.com\/noticias\/#organization"},"potentialAction":[{"@type":"SearchAction","target":{"@type":"EntryPoint","urlTemplate":"https:\/\/www.cuballama.com\/noticias\/?s={search_term_string}"},"query-input":{"@type":"PropertyValueSpecification","valueRequired":true,"valueName":"search_term_string"}}],"inLanguage":"es"},{"@type":"Organization","@id":"https:\/\/www.cuballama.com\/noticias\/#organization","name":"Cuballama","url":"https:\/\/www.cuballama.com\/noticias\/","logo":{"@type":"ImageObject","inLanguage":"es","@id":"https:\/\/www.cuballama.com\/noticias\/#\/schema\/logo\/image\/","url":"https:\/\/cdn1.mediawpaccore.net\/wp-content\/uploads\/2021\/12\/28171206\/cbll-logo-color-sm.png","contentUrl":"https:\/\/cdn1.mediawpaccore.net\/wp-content\/uploads\/2021\/12\/28171206\/cbll-logo-color-sm.png","width":600,"height":133,"caption":"Cuballama"},"image":{"@id":"https:\/\/www.cuballama.com\/noticias\/#\/schema\/logo\/image\/"},"sameAs":["https:\/\/www.facebook.com\/CubaLlama","https:\/\/x.com\/cuballama","https:\/\/www.instagram.com\/stories\/cuballama_oficial\/","https:\/\/www.youtube.com\/channel\/UCKkFE-d_axENGZcrc4as0IA"]},{"@type":"Person","@id":"https:\/\/www.cuballama.com\/noticias\/#\/schema\/person\/5889f7d070564f8386e7944d14d436cd","name":"Manu","url":"https:\/\/www.cuballama.com\/noticias\/author\/manu\/"}]}},"_links":{"self":[{"href":"https:\/\/www.cuballama.com\/noticias\/wp-json\/wp\/v2\/posts\/224334","targetHints":{"allow":["GET"]}}],"collection":[{"href":"https:\/\/www.cuballama.com\/noticias\/wp-json\/wp\/v2\/posts"}],"about":[{"href":"https:\/\/www.cuballama.com\/noticias\/wp-json\/wp\/v2\/types\/post"}],"author":[{"embeddable":true,"href":"https:\/\/www.cuballama.com\/noticias\/wp-json\/wp\/v2\/users\/24"}],"replies":[{"embeddable":true,"href":"https:\/\/www.cuballama.com\/noticias\/wp-json\/wp\/v2\/comments?post=224334"}],"version-history":[{"count":1,"href":"https:\/\/www.cuballama.com\/noticias\/wp-json\/wp\/v2\/posts\/224334\/revisions"}],"predecessor-version":[{"id":224335,"href":"https:\/\/www.cuballama.com\/noticias\/wp-json\/wp\/v2\/posts\/224334\/revisions\/224335"}],"wp:featuredmedia":[{"embeddable":true,"href":"https:\/\/www.cuballama.com\/noticias\/wp-json\/wp\/v2\/media\/209598"}],"wp:attachment":[{"href":"https:\/\/www.cuballama.com\/noticias\/wp-json\/wp\/v2\/media?parent=224334"}],"wp:term":[{"taxonomy":"category","embeddable":true,"href":"https:\/\/www.cuballama.com\/noticias\/wp-json\/wp\/v2\/categories?post=224334"},{"taxonomy":"post_tag","embeddable":true,"href":"https:\/\/www.cuballama.com\/noticias\/wp-json\/wp\/v2\/tags?post=224334"}],"curies":[{"name":"wp","href":"https:\/\/api.w.org\/{rel}","templated":true}]}}