{"id":224322,"date":"2025-10-29T16:37:13","date_gmt":"2025-10-29T20:37:13","guid":{"rendered":"https:\/\/www.cuballama.com\/noticias\/?p=224322"},"modified":"2025-10-29T16:37:15","modified_gmt":"2025-10-29T20:37:15","slug":"ucrania-anuncia-cierre-de-su-embajada-en-la-habana-recordamos-el-deseo-del-presidente-cubano-de-exito-a-putin-en-su-guerra","status":"publish","type":"post","link":"https:\/\/www.cuballama.com\/noticias\/ucrania-anuncia-cierre-de-su-embajada-en-la-habana-recordamos-el-deseo-del-presidente-cubano-de-exito-a-putin-en-su-guerra\/","title":{"rendered":"Ucrania anuncia cierre de su embajada en La Habana: \u201cRecordamos el deseo del presidente cubano de &#8216;\u00e9xito&#8217; a Putin en su guerra\u00bb"},"content":{"rendered":"\n<p>Ucrania decidi\u00f3 cerrar su sede diplom\u00e1tica en La Habana y degradar el v\u00ednculo bilateral, un movimiento que llega tras votar en la Asamblea General de la ONU <strong>en contra<\/strong> del r\u00e9gimen cubano en la resoluci\u00f3n anual que pide el fin del embargo de Estados Unidos. La medida fue comunicada por el ministro de Asuntos Exteriores, Andriy Sybiha.<\/p>\n\n\n\n<p>En un mensaje publicado en X, el canciller explic\u00f3 el fundamento pol\u00edtico de la decisi\u00f3n \u201c<strong>Recordamos el deseo del presidente cubano de &#8216;\u00e9xito&#8217; a Putin en su guerra de agresi\u00f3n contra Ucrania. Lo o\u00edmos perfectamente. Este a\u00f1o decidimos cerrar nuestra embajada en La Habana y reducir el nivel de nuestras relaciones diplom\u00e1ticas<\/strong>\u201d.&nbsp;<\/p>\n\n\n\n<blockquote class=\"twitter-tweet\"><p lang=\"en\" dir=\"ltr\">Today, Ukraine voted against the UNGA resolution on the \u201cNecessity of ending U.S. embargo against Cuba\u201d.<br><br>This move is not sudden. And it has serious reasons.<br><br>We remember Cuban President\u2019s wish of \u201csuccess\u201d to Putin in his war of aggression against Ukraine. We heard it well.\u2026 <a href=\"https:\/\/t.co\/4PeM6lBpz9\">pic.twitter.com\/4PeM6lBpz9<\/a><\/p>&mdash; Andrii Sybiha \ud83c\uddfa\ud83c\udde6 (@andrii_sybiha) <a href=\"https:\/\/twitter.com\/andrii_sybiha\/status\/1983579554057757165?ref_src=twsrc%5Etfw\">October 29, 2025<\/a><\/blockquote> <script async src=\"https:\/\/platform.twitter.com\/widgets.js\" charset=\"utf-8\"><\/script>\n\n\n\n<p>El funcionario enmarc\u00f3 el voto de Kiev en la ONU como respuesta al alineamiento de La Habana con Mosc\u00fa.<\/p>\n\n\n\n<p>Sybiha a\u00f1adi\u00f3 que la postura ucraniana se apoya en antecedentes recientes, entre ellos el reclutamiento de nacionales cubanos para el frente ruso. \u201c<strong>Nuestro voto no es en contra del pueblo cubano; respetamos su derecho a vivir en prosperidad. Se opone a la inacci\u00f3n de las autoridades cubanas ante el reclutamiento masivo de ciudadanos cubanos por parte del ej\u00e9rcito de ocupaci\u00f3n ruso<\/strong>\u201d,afirm\u00f3.<strong>&nbsp;<\/strong><\/p>\n\n\n\n<p>Adem\u00e1s, a\u00f1adi\u00f3: \u201c<strong>La negativa de La Habana a detener el despliegue masivo de sus nacionales en la guerra rusa contra Ucrania constituye complicidad en la agresi\u00f3n y debe ser condenada en los t\u00e9rminos m\u00e1s en\u00e9rgicos. Ucrania siempre se opondr\u00e1 a esa pr\u00e1ctica y defender\u00e1 los prop\u00f3sitos y principios de la Carta de las Naciones Unidas<\/strong>\u201d.<\/p>\n\n\n\n<p>La decisi\u00f3n coincide con la reconfiguraci\u00f3n de la red diplom\u00e1tica ucraniana anunciada en julio por el presidente Volodymyr Zelenskyy y la Canciller\u00eda, que ya contemplaba reducir presencia en la Isla. Medios especializados citan estimaciones estadounidenses de <strong><a href=\"https:\/\/www.cuballama.com\/noticias\/ucrania-identifica-a-mas-de-mil-cubanos-con-ejercito-ruso-ante-congresistas-de-ee-uu-segun-medios\/\" target=\"_blank\" rel=\"noreferrer noopener\">1.000 a 5.000<\/a><\/strong> cubanos incorporados a fuerzas rusas.<\/p>\n\n\n\n<p>En la votaci\u00f3n del martes, la Asamblea General aprob\u00f3 la resoluci\u00f3n contra el embargo con <strong>165 votos a favor, 7 en contra y 12 abstenciones<\/strong>. Ucrania se ubic\u00f3 entre los siete pa\u00edses del \u201cno\u201d.&nbsp;<\/p>\n\n\n\n<p>Aunque el canciller Bruno Rodr\u00edguez Parrilla celebr\u00f3 el resultado como una <strong>\u201cvictoria de los pueblos\u201d<\/strong>, fuentes diplom\u00e1ticas consultadas por medios internacionales se\u00f1alan un descenso del apoyo a La Habana, con giros de pa\u00edses como Argentina y Paraguay, y una postura m\u00e1s dura en parte de Europa del Este frente a gobiernos cercanos a Mosc\u00fa.<\/p>\n","protected":false},"excerpt":{"rendered":"<p>Ucrania cierra su embajada en La Habana y rebaja relaciones tras votar contra Cuba en la ONU. Kiev cuestiona la inacci\u00f3n ante el reclutamiento de cubanos por Rusia.<\/p>\n","protected":false},"author":29,"featured_media":224329,"comment_status":"open","ping_status":"closed","sticky":false,"template":"","format":"standard","meta":{"_acf_changed":false,"footnotes":""},"categories":[14202,955],"tags":[10867,92,20450,28532,5068],"class_list":{"0":"post-224322","1":"post","2":"type-post","3":"status-publish","4":"format-standard","5":"has-post-thumbnail","7":"category-destacado-cuba","8":"category-noticias-de-cuba","9":"tag-crisis-en-cuba","10":"tag-cubanos","11":"tag-cubanos-en-ucrania","12":"tag-guerra-de-ucrania","13":"tag-ucrania"},"acf":[],"yoast_head":"<!-- This site is optimized with the Yoast SEO plugin v27.5 - https:\/\/yoast.com\/product\/yoast-seo-wordpress\/ -->\n<title>Ucrania anuncia cierre de su embajada en La Habana: \u201cRecordamos el deseo del presidente cubano de &#039;\u00e9xito&#039; a Putin en su guerra&quot; - Cuballama Noticias<\/title>\n<meta name=\"description\" content=\"Ucrania cierra su embajada en La Habana y rebaja relaciones tras votar contra Cuba en la ONU. Kiev cuestiona la inacci\u00f3n.\" \/>\n<meta name=\"robots\" content=\"index, follow, max-snippet:-1, max-image-preview:large, max-video-preview:-1\" \/>\n<link rel=\"canonical\" href=\"https:\/\/www.cuballama.com\/noticias\/ucrania-anuncia-cierre-de-su-embajada-en-la-habana-recordamos-el-deseo-del-presidente-cubano-de-exito-a-putin-en-su-guerra\/\" \/>\n<meta property=\"og:locale\" content=\"es_ES\" \/>\n<meta property=\"og:type\" content=\"article\" \/>\n<meta property=\"og:title\" content=\"Ucrania anuncia cierre de su embajada en La Habana: \u201cRecordamos el deseo del presidente cubano de &#039;\u00e9xito&#039; a Putin en su guerra&quot; - Cuballama Noticias\" \/>\n<meta property=\"og:description\" content=\"Ucrania cierra su embajada en La Habana y rebaja relaciones tras votar contra Cuba en la ONU. Kiev cuestiona la inacci\u00f3n.\" \/>\n<meta property=\"og:url\" content=\"https:\/\/www.cuballama.com\/noticias\/ucrania-anuncia-cierre-de-su-embajada-en-la-habana-recordamos-el-deseo-del-presidente-cubano-de-exito-a-putin-en-su-guerra\/\" \/>\n<meta property=\"og:site_name\" content=\"Cuballama Noticias\" \/>\n<meta property=\"article:publisher\" content=\"https:\/\/www.facebook.com\/CubaLlama\" \/>\n<meta property=\"article:published_time\" content=\"2025-10-29T20:37:13+00:00\" \/>\n<meta property=\"article:modified_time\" content=\"2025-10-29T20:37:15+00:00\" \/>\n<meta property=\"og:image\" content=\"https:\/\/cdn1.mediawpaccore.net\/wp-content\/uploads\/2025\/10\/29163202\/Captura-de-pantalla-2025-10-29-a-las-21.27.11-1024x494.png\" \/>\n\t<meta property=\"og:image:width\" content=\"1024\" \/>\n\t<meta property=\"og:image:height\" content=\"494\" \/>\n\t<meta property=\"og:image:type\" content=\"image\/png\" \/>\n<meta name=\"author\" content=\"Sof\u00eda Reyes\" \/>\n<meta name=\"twitter:card\" content=\"summary_large_image\" \/>\n<meta name=\"twitter:creator\" content=\"@cuballama\" \/>\n<meta name=\"twitter:site\" content=\"@cuballama\" \/>\n<meta name=\"twitter:label1\" content=\"Escrito por\" \/>\n\t<meta name=\"twitter:data1\" content=\"Sof\u00eda Reyes\" \/>\n\t<meta name=\"twitter:label2\" content=\"Tiempo de lectura\" \/>\n\t<meta name=\"twitter:data2\" content=\"2 minutos\" \/>\n<script type=\"application\/ld+json\" class=\"yoast-schema-graph\">{\"@context\":\"https:\\\/\\\/schema.org\",\"@graph\":[{\"@type\":\"Article\",\"@id\":\"https:\\\/\\\/www.cuballama.com\\\/noticias\\\/ucrania-anuncia-cierre-de-su-embajada-en-la-habana-recordamos-el-deseo-del-presidente-cubano-de-exito-a-putin-en-su-guerra\\\/#article\",\"isPartOf\":{\"@id\":\"https:\\\/\\\/www.cuballama.com\\\/noticias\\\/ucrania-anuncia-cierre-de-su-embajada-en-la-habana-recordamos-el-deseo-del-presidente-cubano-de-exito-a-putin-en-su-guerra\\\/\"},\"author\":{\"name\":\"Sof\u00eda Reyes\",\"@id\":\"https:\\\/\\\/www.cuballama.com\\\/noticias\\\/#\\\/schema\\\/person\\\/5cba2b8cc25a3159e49fe730a94d512e\"},\"headline\":\"Ucrania anuncia cierre de su embajada en La Habana: \u201cRecordamos el deseo del presidente cubano de &#8216;\u00e9xito&#8217; a Putin en su guerra\u00bb\",\"datePublished\":\"2025-10-29T20:37:13+00:00\",\"dateModified\":\"2025-10-29T20:37:15+00:00\",\"mainEntityOfPage\":{\"@id\":\"https:\\\/\\\/www.cuballama.com\\\/noticias\\\/ucrania-anuncia-cierre-de-su-embajada-en-la-habana-recordamos-el-deseo-del-presidente-cubano-de-exito-a-putin-en-su-guerra\\\/\"},\"wordCount\":492,\"commentCount\":0,\"publisher\":{\"@id\":\"https:\\\/\\\/www.cuballama.com\\\/noticias\\\/#organization\"},\"image\":{\"@id\":\"https:\\\/\\\/www.cuballama.com\\\/noticias\\\/ucrania-anuncia-cierre-de-su-embajada-en-la-habana-recordamos-el-deseo-del-presidente-cubano-de-exito-a-putin-en-su-guerra\\\/#primaryimage\"},\"thumbnailUrl\":\"https:\\\/\\\/cdn1.mediawpaccore.net\\\/wp-content\\\/uploads\\\/2025\\\/10\\\/29163202\\\/Captura-de-pantalla-2025-10-29-a-las-21.27.11.png\",\"keywords\":[\"Crisis en Cuba\",\"cubanos\",\"cubanos en ucrania\",\"guerra de Ucrania\",\"Ucrania\"],\"articleSection\":[\"Destacado Cuba\",\"Noticias de Cuba\"],\"inLanguage\":\"es\",\"potentialAction\":[{\"@type\":\"CommentAction\",\"name\":\"Comment\",\"target\":[\"https:\\\/\\\/www.cuballama.com\\\/noticias\\\/ucrania-anuncia-cierre-de-su-embajada-en-la-habana-recordamos-el-deseo-del-presidente-cubano-de-exito-a-putin-en-su-guerra\\\/#respond\"]}]},{\"@type\":\"WebPage\",\"@id\":\"https:\\\/\\\/www.cuballama.com\\\/noticias\\\/ucrania-anuncia-cierre-de-su-embajada-en-la-habana-recordamos-el-deseo-del-presidente-cubano-de-exito-a-putin-en-su-guerra\\\/\",\"url\":\"https:\\\/\\\/www.cuballama.com\\\/noticias\\\/ucrania-anuncia-cierre-de-su-embajada-en-la-habana-recordamos-el-deseo-del-presidente-cubano-de-exito-a-putin-en-su-guerra\\\/\",\"name\":\"Ucrania anuncia cierre de su embajada en La Habana: \u201cRecordamos el deseo del presidente cubano de '\u00e9xito' a Putin en su guerra\\\" - Cuballama Noticias\",\"isPartOf\":{\"@id\":\"https:\\\/\\\/www.cuballama.com\\\/noticias\\\/#website\"},\"primaryImageOfPage\":{\"@id\":\"https:\\\/\\\/www.cuballama.com\\\/noticias\\\/ucrania-anuncia-cierre-de-su-embajada-en-la-habana-recordamos-el-deseo-del-presidente-cubano-de-exito-a-putin-en-su-guerra\\\/#primaryimage\"},\"image\":{\"@id\":\"https:\\\/\\\/www.cuballama.com\\\/noticias\\\/ucrania-anuncia-cierre-de-su-embajada-en-la-habana-recordamos-el-deseo-del-presidente-cubano-de-exito-a-putin-en-su-guerra\\\/#primaryimage\"},\"thumbnailUrl\":\"https:\\\/\\\/cdn1.mediawpaccore.net\\\/wp-content\\\/uploads\\\/2025\\\/10\\\/29163202\\\/Captura-de-pantalla-2025-10-29-a-las-21.27.11.png\",\"datePublished\":\"2025-10-29T20:37:13+00:00\",\"dateModified\":\"2025-10-29T20:37:15+00:00\",\"description\":\"Ucrania cierra su embajada en La Habana y rebaja relaciones tras votar contra Cuba en la ONU. Kiev cuestiona la inacci\u00f3n.\",\"breadcrumb\":{\"@id\":\"https:\\\/\\\/www.cuballama.com\\\/noticias\\\/ucrania-anuncia-cierre-de-su-embajada-en-la-habana-recordamos-el-deseo-del-presidente-cubano-de-exito-a-putin-en-su-guerra\\\/#breadcrumb\"},\"inLanguage\":\"es\",\"potentialAction\":[{\"@type\":\"ReadAction\",\"target\":[\"https:\\\/\\\/www.cuballama.com\\\/noticias\\\/ucrania-anuncia-cierre-de-su-embajada-en-la-habana-recordamos-el-deseo-del-presidente-cubano-de-exito-a-putin-en-su-guerra\\\/\"]}]},{\"@type\":\"ImageObject\",\"inLanguage\":\"es\",\"@id\":\"https:\\\/\\\/www.cuballama.com\\\/noticias\\\/ucrania-anuncia-cierre-de-su-embajada-en-la-habana-recordamos-el-deseo-del-presidente-cubano-de-exito-a-putin-en-su-guerra\\\/#primaryimage\",\"url\":\"https:\\\/\\\/cdn1.mediawpaccore.net\\\/wp-content\\\/uploads\\\/2025\\\/10\\\/29163202\\\/Captura-de-pantalla-2025-10-29-a-las-21.27.11.png\",\"contentUrl\":\"https:\\\/\\\/cdn1.mediawpaccore.net\\\/wp-content\\\/uploads\\\/2025\\\/10\\\/29163202\\\/Captura-de-pantalla-2025-10-29-a-las-21.27.11.png\",\"width\":1762,\"height\":850,\"caption\":\"Foto tomada del perfil de Facebook de la Embajada de Ucrania en Cuba\"},{\"@type\":\"BreadcrumbList\",\"@id\":\"https:\\\/\\\/www.cuballama.com\\\/noticias\\\/ucrania-anuncia-cierre-de-su-embajada-en-la-habana-recordamos-el-deseo-del-presidente-cubano-de-exito-a-putin-en-su-guerra\\\/#breadcrumb\",\"itemListElement\":[{\"@type\":\"ListItem\",\"position\":1,\"name\":\"Home\",\"item\":\"https:\\\/\\\/www.cuballama.com\\\/noticias\\\/\"},{\"@type\":\"ListItem\",\"position\":2,\"name\":\"Ucrania anuncia cierre de su embajada en La Habana: \u201cRecordamos el deseo del presidente cubano de &#8216;\u00e9xito&#8217; a Putin en su guerra\u00bb\"}]},{\"@type\":\"WebSite\",\"@id\":\"https:\\\/\\\/www.cuballama.com\\\/noticias\\\/#website\",\"url\":\"https:\\\/\\\/www.cuballama.com\\\/noticias\\\/\",\"name\":\"Cuballama Noticias\",\"description\":\"Medio digital sobre Cuba y el mundo\",\"publisher\":{\"@id\":\"https:\\\/\\\/www.cuballama.com\\\/noticias\\\/#organization\"},\"potentialAction\":[{\"@type\":\"SearchAction\",\"target\":{\"@type\":\"EntryPoint\",\"urlTemplate\":\"https:\\\/\\\/www.cuballama.com\\\/noticias\\\/?s={search_term_string}\"},\"query-input\":{\"@type\":\"PropertyValueSpecification\",\"valueRequired\":true,\"valueName\":\"search_term_string\"}}],\"inLanguage\":\"es\"},{\"@type\":\"Organization\",\"@id\":\"https:\\\/\\\/www.cuballama.com\\\/noticias\\\/#organization\",\"name\":\"Cuballama\",\"url\":\"https:\\\/\\\/www.cuballama.com\\\/noticias\\\/\",\"logo\":{\"@type\":\"ImageObject\",\"inLanguage\":\"es\",\"@id\":\"https:\\\/\\\/www.cuballama.com\\\/noticias\\\/#\\\/schema\\\/logo\\\/image\\\/\",\"url\":\"https:\\\/\\\/cdn1.mediawpaccore.net\\\/wp-content\\\/uploads\\\/2021\\\/12\\\/28171206\\\/cbll-logo-color-sm.png\",\"contentUrl\":\"https:\\\/\\\/cdn1.mediawpaccore.net\\\/wp-content\\\/uploads\\\/2021\\\/12\\\/28171206\\\/cbll-logo-color-sm.png\",\"width\":600,\"height\":133,\"caption\":\"Cuballama\"},\"image\":{\"@id\":\"https:\\\/\\\/www.cuballama.com\\\/noticias\\\/#\\\/schema\\\/logo\\\/image\\\/\"},\"sameAs\":[\"https:\\\/\\\/www.facebook.com\\\/CubaLlama\",\"https:\\\/\\\/x.com\\\/cuballama\",\"https:\\\/\\\/www.instagram.com\\\/stories\\\/cuballama_oficial\\\/\",\"https:\\\/\\\/www.youtube.com\\\/channel\\\/UCKkFE-d_axENGZcrc4as0IA\"]},{\"@type\":\"Person\",\"@id\":\"https:\\\/\\\/www.cuballama.com\\\/noticias\\\/#\\\/schema\\\/person\\\/5cba2b8cc25a3159e49fe730a94d512e\",\"name\":\"Sof\u00eda Reyes\",\"url\":\"https:\\\/\\\/www.cuballama.com\\\/noticias\\\/author\\\/laura\\\/\"}]}<\/script>\n<!-- \/ Yoast SEO plugin. -->","yoast_head_json":{"title":"Ucrania anuncia cierre de su embajada en La Habana: \u201cRecordamos el deseo del presidente cubano de '\u00e9xito' a Putin en su guerra\" - Cuballama Noticias","description":"Ucrania cierra su embajada en La Habana y rebaja relaciones tras votar contra Cuba en la ONU. Kiev cuestiona la inacci\u00f3n.","robots":{"index":"index","follow":"follow","max-snippet":"max-snippet:-1","max-image-preview":"max-image-preview:large","max-video-preview":"max-video-preview:-1"},"canonical":"https:\/\/www.cuballama.com\/noticias\/ucrania-anuncia-cierre-de-su-embajada-en-la-habana-recordamos-el-deseo-del-presidente-cubano-de-exito-a-putin-en-su-guerra\/","og_locale":"es_ES","og_type":"article","og_title":"Ucrania anuncia cierre de su embajada en La Habana: \u201cRecordamos el deseo del presidente cubano de '\u00e9xito' a Putin en su guerra\" - Cuballama Noticias","og_description":"Ucrania cierra su embajada en La Habana y rebaja relaciones tras votar contra Cuba en la ONU. Kiev cuestiona la inacci\u00f3n.","og_url":"https:\/\/www.cuballama.com\/noticias\/ucrania-anuncia-cierre-de-su-embajada-en-la-habana-recordamos-el-deseo-del-presidente-cubano-de-exito-a-putin-en-su-guerra\/","og_site_name":"Cuballama Noticias","article_publisher":"https:\/\/www.facebook.com\/CubaLlama","article_published_time":"2025-10-29T20:37:13+00:00","article_modified_time":"2025-10-29T20:37:15+00:00","og_image":[{"width":1024,"height":494,"url":"https:\/\/cdn1.mediawpaccore.net\/wp-content\/uploads\/2025\/10\/29163202\/Captura-de-pantalla-2025-10-29-a-las-21.27.11-1024x494.png","type":"image\/png"}],"author":"Sof\u00eda Reyes","twitter_card":"summary_large_image","twitter_creator":"@cuballama","twitter_site":"@cuballama","twitter_misc":{"Escrito por":"Sof\u00eda Reyes","Tiempo de lectura":"2 minutos"},"schema":{"@context":"https:\/\/schema.org","@graph":[{"@type":"Article","@id":"https:\/\/www.cuballama.com\/noticias\/ucrania-anuncia-cierre-de-su-embajada-en-la-habana-recordamos-el-deseo-del-presidente-cubano-de-exito-a-putin-en-su-guerra\/#article","isPartOf":{"@id":"https:\/\/www.cuballama.com\/noticias\/ucrania-anuncia-cierre-de-su-embajada-en-la-habana-recordamos-el-deseo-del-presidente-cubano-de-exito-a-putin-en-su-guerra\/"},"author":{"name":"Sof\u00eda Reyes","@id":"https:\/\/www.cuballama.com\/noticias\/#\/schema\/person\/5cba2b8cc25a3159e49fe730a94d512e"},"headline":"Ucrania anuncia cierre de su embajada en La Habana: \u201cRecordamos el deseo del presidente cubano de &#8216;\u00e9xito&#8217; a Putin en su guerra\u00bb","datePublished":"2025-10-29T20:37:13+00:00","dateModified":"2025-10-29T20:37:15+00:00","mainEntityOfPage":{"@id":"https:\/\/www.cuballama.com\/noticias\/ucrania-anuncia-cierre-de-su-embajada-en-la-habana-recordamos-el-deseo-del-presidente-cubano-de-exito-a-putin-en-su-guerra\/"},"wordCount":492,"commentCount":0,"publisher":{"@id":"https:\/\/www.cuballama.com\/noticias\/#organization"},"image":{"@id":"https:\/\/www.cuballama.com\/noticias\/ucrania-anuncia-cierre-de-su-embajada-en-la-habana-recordamos-el-deseo-del-presidente-cubano-de-exito-a-putin-en-su-guerra\/#primaryimage"},"thumbnailUrl":"https:\/\/cdn1.mediawpaccore.net\/wp-content\/uploads\/2025\/10\/29163202\/Captura-de-pantalla-2025-10-29-a-las-21.27.11.png","keywords":["Crisis en Cuba","cubanos","cubanos en ucrania","guerra de Ucrania","Ucrania"],"articleSection":["Destacado Cuba","Noticias de Cuba"],"inLanguage":"es","potentialAction":[{"@type":"CommentAction","name":"Comment","target":["https:\/\/www.cuballama.com\/noticias\/ucrania-anuncia-cierre-de-su-embajada-en-la-habana-recordamos-el-deseo-del-presidente-cubano-de-exito-a-putin-en-su-guerra\/#respond"]}]},{"@type":"WebPage","@id":"https:\/\/www.cuballama.com\/noticias\/ucrania-anuncia-cierre-de-su-embajada-en-la-habana-recordamos-el-deseo-del-presidente-cubano-de-exito-a-putin-en-su-guerra\/","url":"https:\/\/www.cuballama.com\/noticias\/ucrania-anuncia-cierre-de-su-embajada-en-la-habana-recordamos-el-deseo-del-presidente-cubano-de-exito-a-putin-en-su-guerra\/","name":"Ucrania anuncia cierre de su embajada en La Habana: \u201cRecordamos el deseo del presidente cubano de '\u00e9xito' a Putin en su guerra\" - Cuballama Noticias","isPartOf":{"@id":"https:\/\/www.cuballama.com\/noticias\/#website"},"primaryImageOfPage":{"@id":"https:\/\/www.cuballama.com\/noticias\/ucrania-anuncia-cierre-de-su-embajada-en-la-habana-recordamos-el-deseo-del-presidente-cubano-de-exito-a-putin-en-su-guerra\/#primaryimage"},"image":{"@id":"https:\/\/www.cuballama.com\/noticias\/ucrania-anuncia-cierre-de-su-embajada-en-la-habana-recordamos-el-deseo-del-presidente-cubano-de-exito-a-putin-en-su-guerra\/#primaryimage"},"thumbnailUrl":"https:\/\/cdn1.mediawpaccore.net\/wp-content\/uploads\/2025\/10\/29163202\/Captura-de-pantalla-2025-10-29-a-las-21.27.11.png","datePublished":"2025-10-29T20:37:13+00:00","dateModified":"2025-10-29T20:37:15+00:00","description":"Ucrania cierra su embajada en La Habana y rebaja relaciones tras votar contra Cuba en la ONU. Kiev cuestiona la inacci\u00f3n.","breadcrumb":{"@id":"https:\/\/www.cuballama.com\/noticias\/ucrania-anuncia-cierre-de-su-embajada-en-la-habana-recordamos-el-deseo-del-presidente-cubano-de-exito-a-putin-en-su-guerra\/#breadcrumb"},"inLanguage":"es","potentialAction":[{"@type":"ReadAction","target":["https:\/\/www.cuballama.com\/noticias\/ucrania-anuncia-cierre-de-su-embajada-en-la-habana-recordamos-el-deseo-del-presidente-cubano-de-exito-a-putin-en-su-guerra\/"]}]},{"@type":"ImageObject","inLanguage":"es","@id":"https:\/\/www.cuballama.com\/noticias\/ucrania-anuncia-cierre-de-su-embajada-en-la-habana-recordamos-el-deseo-del-presidente-cubano-de-exito-a-putin-en-su-guerra\/#primaryimage","url":"https:\/\/cdn1.mediawpaccore.net\/wp-content\/uploads\/2025\/10\/29163202\/Captura-de-pantalla-2025-10-29-a-las-21.27.11.png","contentUrl":"https:\/\/cdn1.mediawpaccore.net\/wp-content\/uploads\/2025\/10\/29163202\/Captura-de-pantalla-2025-10-29-a-las-21.27.11.png","width":1762,"height":850,"caption":"Foto tomada del perfil de Facebook de la Embajada de Ucrania en Cuba"},{"@type":"BreadcrumbList","@id":"https:\/\/www.cuballama.com\/noticias\/ucrania-anuncia-cierre-de-su-embajada-en-la-habana-recordamos-el-deseo-del-presidente-cubano-de-exito-a-putin-en-su-guerra\/#breadcrumb","itemListElement":[{"@type":"ListItem","position":1,"name":"Home","item":"https:\/\/www.cuballama.com\/noticias\/"},{"@type":"ListItem","position":2,"name":"Ucrania anuncia cierre de su embajada en La Habana: \u201cRecordamos el deseo del presidente cubano de &#8216;\u00e9xito&#8217; a Putin en su guerra\u00bb"}]},{"@type":"WebSite","@id":"https:\/\/www.cuballama.com\/noticias\/#website","url":"https:\/\/www.cuballama.com\/noticias\/","name":"Cuballama Noticias","description":"Medio digital sobre Cuba y el mundo","publisher":{"@id":"https:\/\/www.cuballama.com\/noticias\/#organization"},"potentialAction":[{"@type":"SearchAction","target":{"@type":"EntryPoint","urlTemplate":"https:\/\/www.cuballama.com\/noticias\/?s={search_term_string}"},"query-input":{"@type":"PropertyValueSpecification","valueRequired":true,"valueName":"search_term_string"}}],"inLanguage":"es"},{"@type":"Organization","@id":"https:\/\/www.cuballama.com\/noticias\/#organization","name":"Cuballama","url":"https:\/\/www.cuballama.com\/noticias\/","logo":{"@type":"ImageObject","inLanguage":"es","@id":"https:\/\/www.cuballama.com\/noticias\/#\/schema\/logo\/image\/","url":"https:\/\/cdn1.mediawpaccore.net\/wp-content\/uploads\/2021\/12\/28171206\/cbll-logo-color-sm.png","contentUrl":"https:\/\/cdn1.mediawpaccore.net\/wp-content\/uploads\/2021\/12\/28171206\/cbll-logo-color-sm.png","width":600,"height":133,"caption":"Cuballama"},"image":{"@id":"https:\/\/www.cuballama.com\/noticias\/#\/schema\/logo\/image\/"},"sameAs":["https:\/\/www.facebook.com\/CubaLlama","https:\/\/x.com\/cuballama","https:\/\/www.instagram.com\/stories\/cuballama_oficial\/","https:\/\/www.youtube.com\/channel\/UCKkFE-d_axENGZcrc4as0IA"]},{"@type":"Person","@id":"https:\/\/www.cuballama.com\/noticias\/#\/schema\/person\/5cba2b8cc25a3159e49fe730a94d512e","name":"Sof\u00eda Reyes","url":"https:\/\/www.cuballama.com\/noticias\/author\/laura\/"}]}},"_links":{"self":[{"href":"https:\/\/www.cuballama.com\/noticias\/wp-json\/wp\/v2\/posts\/224322","targetHints":{"allow":["GET"]}}],"collection":[{"href":"https:\/\/www.cuballama.com\/noticias\/wp-json\/wp\/v2\/posts"}],"about":[{"href":"https:\/\/www.cuballama.com\/noticias\/wp-json\/wp\/v2\/types\/post"}],"author":[{"embeddable":true,"href":"https:\/\/www.cuballama.com\/noticias\/wp-json\/wp\/v2\/users\/29"}],"replies":[{"embeddable":true,"href":"https:\/\/www.cuballama.com\/noticias\/wp-json\/wp\/v2\/comments?post=224322"}],"version-history":[{"count":3,"href":"https:\/\/www.cuballama.com\/noticias\/wp-json\/wp\/v2\/posts\/224322\/revisions"}],"predecessor-version":[{"id":224331,"href":"https:\/\/www.cuballama.com\/noticias\/wp-json\/wp\/v2\/posts\/224322\/revisions\/224331"}],"wp:featuredmedia":[{"embeddable":true,"href":"https:\/\/www.cuballama.com\/noticias\/wp-json\/wp\/v2\/media\/224329"}],"wp:attachment":[{"href":"https:\/\/www.cuballama.com\/noticias\/wp-json\/wp\/v2\/media?parent=224322"}],"wp:term":[{"taxonomy":"category","embeddable":true,"href":"https:\/\/www.cuballama.com\/noticias\/wp-json\/wp\/v2\/categories?post=224322"},{"taxonomy":"post_tag","embeddable":true,"href":"https:\/\/www.cuballama.com\/noticias\/wp-json\/wp\/v2\/tags?post=224322"}],"curies":[{"name":"wp","href":"https:\/\/api.w.org\/{rel}","templated":true}]}}